{"id":13615,"date":"2026-04-28T23:17:22","date_gmt":"2026-04-28T21:17:22","guid":{"rendered":"https:\/\/vieassociative.be\/actualites\/un-match-de-football-de-superlatifs-le-paris-saint-germain-remporte-la-demi-finale-aller-contre-le-fc-bayern-54\/"},"modified":"2026-04-28T23:17:22","modified_gmt":"2026-04-28T21:17:22","slug":"un-match-de-football-de-superlatifs-le-paris-saint-germain-remporte-la-demi-finale-aller-contre-le-fc-bayern-54","status":"publish","type":"post","link":"https:\/\/vieassociative.be\/actualites\/un-match-de-football-de-superlatifs-le-paris-saint-germain-remporte-la-demi-finale-aller-contre-le-fc-bayern-54\/","title":{"rendered":"Un match de football de superlatifs : le Paris Saint-Germain remporte la demi-finale aller contre le FC Bayern 5:4"},"content":{"rendered":"<p><strong>Quel match! Un match qui restera probablement dans l\u2019histoire de la Ligue des Champions. Lors de la demi-finale aller, le Paris Saint-Germain a battu le FC Bayern 5-4 au terme d&rsquo;un festival de buts. Pendant ce temps, les Fran\u00e7ais menaient 5:2. Le match retour aura lieu mercredi la semaine prochaine \u00e0 l&rsquo;Allianz Arena de Munich.<\/strong><\/p>\n<p><span id=\"more-438673\"><\/span>Dans un spectacle footballistique \u00e0 couper le souffle, le FC Bayern Munich a perdu le premier tour du duel g\u00e9ant avec le Paris Saint-Germain &#8211; mais a fait un grand retour. L&rsquo;entra\u00eeneur Vincent Kompany, suspendu, a vu les champions d&rsquo;Allemagne s&rsquo;incliner 4:5 (2:3) face aux champions en titre de la Ligue des champions, dans les tribunes du Prinzenpark bouillonnant, lors de la demi-finale aller. L&rsquo;\u00e9quipe de Munich \u00e9tait men\u00e9e 2:5 apr\u00e8s 58 minutes.<\/p>\n<div id=\"attachment_438676\" class=\"wp-caption alignleft\" style=\"max-width: 300px\"><img fetchpriority=\"high\" decoding=\"async\" class=\"wp-image-438676 size-medium\" src=\"https:\/\/vieassociative.be\/actualites\/wp-content\/uploads\/2026\/04\/Un-match-de-football-de-superlatifs-le-Paris-Saint-Germain.jpg\" alt=\"\" width=\"300\" height=\"200\"><\/div>\n<p>Lors de la demi-finale retour mercredi prochain, le Bayern devra encore jouer gros \u00e0 domicile \u00e0 l&rsquo;Allianz Arena pour d\u00e9tr\u00f4ner les champions en titre. Kompany pourra alors \u00e9galement se tenir \u00e0 nouveau sur la touche. La finale du 30 mai \u00e0 Budapest est encore \u00e0 la port\u00e9e des triples chasseurs munichois, qui pr\u00e9sentent un moral au top.<\/p>\n<p>\u2013 Upamecano et D\u00edaz contre-attaquent : C&rsquo;\u00e9tait un match de football monumental expos\u00e9 sur le terrain. Cela montait et descendait \u2013 sans aucun moment de repos. Plaquages, dribbles, p\u00e9nalit\u00e9s \u2013 et buts, buts, buts. Harry Kane a converti un penalty pour porter le score \u00e0 1-0 (17e minute). Michael Olise a \u00e9galis\u00e9 pour porter le score \u00e0 2-2 (41e). Et puis Dayot Upamecano (65e) et D\u00edaz \u00e0 nouveau (68e) ont frapp\u00e9 alors que le Bayern semblait d\u00e9j\u00e0 \u00e9limin\u00e9.<\/p>\n<p>Pr\u00e8s de six mois apr\u00e8s le 1:2 contre Munich en phase de championnat, l&rsquo;ensemble du PSG a cette fois montr\u00e9 toute sa classe offensive et a c\u00e9l\u00e9br\u00e9 cinq fois gr\u00e2ce \u00e0 l&rsquo;excellent G\u00e9orgien Chwitscha Kwarazchelia (24e\/56e), une t\u00eate du milieu de terrain Jo\u00e3o Neves (33e), qui ne mesure que 1,74 m\u00e8tres, et un penalty de la main d&rsquo;Ousmane donn\u00e9 apr\u00e8s un contr\u00f4le du VAR Demb\u00e9l\u00e9 (45e + 5).<\/p>\n<p>Le footballeur mondial et ancien joueur de Dortmund a encore marqu\u00e9 \u00e0 la 58e minute pour porter le score \u00e0 5-2. Les deux \u00e9quipes auraient pu marquer encore plus de buts dans cet \u00e9change de coups rapide et rapide. Les lignes offensives ont domin\u00e9 les lignes d\u00e9fensives dont les deux gardiens.<\/p>\n<div id=\"attachment_438675\" class=\"wp-caption alignleft\" style=\"max-width: 300px\"><img decoding=\"async\" class=\"wp-image-438675 size-medium\" src=\"https:\/\/vieassociative.be\/actualites\/wp-content\/uploads\/2026\/04\/1777411041_897_Un-match-de-football-de-superlatifs-le-Paris-Saint-Germain.jpg\" alt=\"\" width=\"300\" height=\"200\"><\/div>\n<p><strong>\u2013 Montagnes russes \u00e9motionnelles pour Kompany dans les tribunes :<\/strong> Jusqu&rsquo;\u00e0 son arriv\u00e9e au stade, l&rsquo;entourage du Bayern \u00e9tait comme d&rsquo;habitude. Kompany a \u00e9galement tenu la r\u00e9union finale \u00e0 l&rsquo;h\u00f4tel de l&rsquo;\u00e9quipe avant d&rsquo;\u00eatre s\u00e9par\u00e9 de son \u00e9quipe au Prinzenpark. Sa place de spectateur lors du 50e match de comp\u00e9tition de la saison des champions d&rsquo;Allemagne \u00e9tait \u00e0 une table situ\u00e9e en haut des tribunes. Le Belge a v\u00e9cu des montagnes russes d&rsquo;\u00e9motions.<\/p>\n<p>\u00ab\u00a0Le c\u0153ur de Vincent est l\u00e0 \u2013 et bien s\u00fbr, nous jouons pour lui aussi\u00a0\u00bb, a d\u00e9clar\u00e9 le capitaine Manuel Neuer sur Prime Video apr\u00e8s son arriv\u00e9e au Parc des Princes. Pendant ce temps, le premier adjoint de Kompany, Aaron Danks, a pris le commandement en marge.<\/p>\n<p>\u00ab\u00a0Danksy a d\u00e9j\u00e0 de l&rsquo;exp\u00e9rience. J&rsquo;ai une confiance \u00e0 100 pour cent en notre personnel\u00a0\u00bb, a d\u00e9clar\u00e9 Kompany. L&rsquo;Anglais de 42 ans ne s&rsquo;est pas d\u00e9guis\u00e9 ; il ne portait pas de beau costume, mais se tenait dans la zone d&rsquo;entra\u00eenement en surv\u00eatement.<\/p>\n<p><strong>\u2013 Davies dans le onze de d\u00e9part \u00e0 la place de Laimer :<\/strong> La formation, la tactique et l\u2019itin\u00e9raire \u00e9taient de toute fa\u00e7on largement \u00e9vidents. Le onze de d\u00e9part munichois contenait une surprise : Alphonso Davies, extr\u00eamement rapide, d\u00e9fendait sur la gauche \u00e0 la place de Konrad Laimer. Le Canadien a r\u00e9alis\u00e9 le malheureux handball qui a conduit au penalty.<\/p>\n<p>L&rsquo;objectif de Munich \u00e9tait une victoire 2-1 en phase de championnat d\u00e9but novembre apr\u00e8s un carton rouge pour le double buteur Luis D\u00edaz alors qu&rsquo;ils \u00e9taient en inf\u00e9riorit\u00e9 num\u00e9rique. \u00catre courageux, \u00eatre actif, \u00eatre r\u00e9silient, voil\u00e0 ce qu\u2019\u00e9tait \u00e0 nouveau Paris.<\/p>\n<div id=\"attachment_438678\" class=\"wp-caption alignleft\" style=\"max-width: 300px\"><img decoding=\"async\" class=\"wp-image-438678 size-medium\" src=\"https:\/\/vieassociative.be\/actualites\/wp-content\/uploads\/2026\/04\/1777411042_408_Un-match-de-football-de-superlatifs-le-Paris-Saint-Germain.jpg\" alt=\"\" width=\"300\" height=\"200\"><\/div>\n<p>\u00ab\u00a0Nous nous battons pour le titre que le PSG a remport\u00e9 l&rsquo;ann\u00e9e derni\u00e8re\u00a0\u00bb, a d\u00e9clar\u00e9 Kompany lors de la conf\u00e9rence de presse la veille au soir \u00e0 propos de l&rsquo;objectif. Et comme on le sait, Paris a remport\u00e9 son triomphe en premi\u00e8re classe en 2025 \u00e0 Munich \u2013 avec une victoire 5-0 contre l\u2019Inter Milan, qui a \u00e0 son tour battu le Bayern en quarts de finale.<\/p>\n<p>\u00ab\u00a0Au PSG, c&rsquo;est comme une temp\u00eate qui s&rsquo;abat sur vous\u00a0\u00bb, pr\u00e9venait Kompany au vu des atouts offensifs parisiens autour de Demb\u00e9l\u00e9, du jeune D\u00e9sir\u00e9 Dou\u00e9 et de Kwarazchelia. Il devrait avoir raison. Les stars du PSG ont \u00e9t\u00e9 difficiles \u00e0 arr\u00eater. Senny Mayulu (87e) a failli porter le score \u00e0 6:4 en frappant le ballon contre la barre transversale.<\/p>\n<p>Mais l\u2019offensive du Bayern a \u00e9galement \u00e9t\u00e9 efficace. Le fort D\u00edaz a encore marqu\u00e9 deux fois, Olise a fait preuve d&rsquo;un excellent dribble et a marqu\u00e9 \u00e0 merveille. Une fois le ballon atterrit sur le poteau apr\u00e8s un superbe solo du Fran\u00e7ais. Et Kane a \u00e9galement marqu\u00e9 \u2013 glacial depuis le point. Tous les fans de football peuvent s\u2019attendre \u00e0 un grand match retour. (dpa\/cr\u00e9)<\/p>\n","protected":false},"excerpt":{"rendered":"<p>Quel match! Un match qui restera probablement dans l\u2019histoire de la Ligue des Champions. Lors de la demi-finale aller, le Paris Saint-Germain a battu le<\/p>\n","protected":false},"author":1,"featured_media":13616,"comment_status":"","ping_status":"","sticky":false,"template":"","format":"standard","meta":{"footnotes":""},"categories":[298],"tags":[5436,2298,796,10490,1104,2685,2447,2809,7124,10584],"class_list":["post-13615","post","type-post","status-publish","format-standard","has-post-thumbnail","hentry","category-belgique","tag-aller","tag-bayern","tag-contre","tag-demifinale","tag-football","tag-match","tag-paris","tag-remporte","tag-saintgermain","tag-superlatifs","generate-columns","tablet-grid-50","mobile-grid-100","grid-parent","grid-33"],"yoast_head":"<!-- This site is optimized with the Yoast SEO plugin v24.0 - https:\/\/yoast.com\/wordpress\/plugins\/seo\/ -->\n<title>Un match de football de superlatifs : le Paris Saint-Germain remporte la demi-finale aller contre le FC Bayern 5:4 | Vie Associative<\/title>\n<meta name=\"robots\" content=\"index, follow, max-snippet:-1, max-image-preview:large, max-video-preview:-1\" \/>\n<link rel=\"canonical\" href=\"https:\/\/vieassociative.be\/actualites\/un-match-de-football-de-superlatifs-le-paris-saint-germain-remporte-la-demi-finale-aller-contre-le-fc-bayern-54\/\" \/>\n<meta property=\"og:locale\" content=\"fr_FR\" \/>\n<meta property=\"og:type\" content=\"article\" \/>\n<meta property=\"og:title\" content=\"Un match de football de superlatifs : le Paris Saint-Germain remporte la demi-finale aller contre le FC Bayern 5:4 | Vie Associative\" \/>\n<meta property=\"og:description\" content=\"Quel match! Un match qui restera probablement dans l\u2019histoire de la Ligue des Champions. Lors de la demi-finale aller, le Paris Saint-Germain a battu le\" \/>\n<meta property=\"og:url\" content=\"https:\/\/vieassociative.be\/actualites\/un-match-de-football-de-superlatifs-le-paris-saint-germain-remporte-la-demi-finale-aller-contre-le-fc-bayern-54\/\" \/>\n<meta property=\"og:site_name\" content=\"Vie Associative\" \/>\n<meta property=\"article:published_time\" content=\"2026-04-28T21:17:22+00:00\" \/>\n<meta property=\"og:image\" content=\"https:\/\/vieassociative.be\/actualites\/wp-content\/uploads\/2024\/09\/header_backgroundk-01-e1726694325946.png\" \/>\n\t<meta property=\"og:image:width\" content=\"279\" \/>\n\t<meta property=\"og:image:height\" content=\"92\" \/>\n\t<meta property=\"og:image:type\" content=\"image\/png\" \/>\n<meta name=\"author\" content=\"Julien\" \/>\n<meta name=\"twitter:card\" content=\"summary_large_image\" \/>\n<meta name=\"twitter:label1\" content=\"\u00c9crit par\" \/>\n\t<meta name=\"twitter:data1\" content=\"Julien\" \/>\n\t<meta name=\"twitter:label2\" content=\"Dur\u00e9e de lecture est.\" \/>\n\t<meta name=\"twitter:data2\" content=\"4 minutes\" \/>\n<script type=\"application\/ld+json\" class=\"yoast-schema-graph\">{\"@context\":\"https:\/\/schema.org\",\"@graph\":[{\"@type\":\"Article\",\"@id\":\"https:\/\/vieassociative.be\/actualites\/un-match-de-football-de-superlatifs-le-paris-saint-germain-remporte-la-demi-finale-aller-contre-le-fc-bayern-54\/#article\",\"isPartOf\":{\"@id\":\"https:\/\/vieassociative.be\/actualites\/un-match-de-football-de-superlatifs-le-paris-saint-germain-remporte-la-demi-finale-aller-contre-le-fc-bayern-54\/\"},\"author\":{\"name\":\"Julien\",\"@id\":\"https:\/\/vieassociative.be\/actualites\/#\/schema\/person\/b87ac4f82f9d4e7b7cec7395b679edc4\"},\"headline\":\"Un match de football de superlatifs : le Paris Saint-Germain remporte la demi-finale aller contre le FC Bayern 5:4\",\"datePublished\":\"2026-04-28T21:17:22+00:00\",\"dateModified\":\"2026-04-28T21:17:22+00:00\",\"mainEntityOfPage\":{\"@id\":\"https:\/\/vieassociative.be\/actualites\/un-match-de-football-de-superlatifs-le-paris-saint-germain-remporte-la-demi-finale-aller-contre-le-fc-bayern-54\/\"},\"wordCount\":910,\"publisher\":{\"@id\":\"https:\/\/vieassociative.be\/actualites\/#organization\"},\"image\":{\"@id\":\"https:\/\/vieassociative.be\/actualites\/un-match-de-football-de-superlatifs-le-paris-saint-germain-remporte-la-demi-finale-aller-contre-le-fc-bayern-54\/#primaryimage\"},\"thumbnailUrl\":\"https:\/\/vieassociative.be\/actualites\/wp-content\/uploads\/2026\/04\/1777411043_Un-match-de-football-de-superlatifs-le-Paris-Saint-Germain.jpg\",\"keywords\":[\"aller\",\"Bayern\",\"contre\",\"demifinale\",\"football\",\"match\",\"Paris\",\"remport\u00e9\",\"SaintGermain\",\"superlatifs\"],\"articleSection\":[\"Belgique\"],\"inLanguage\":\"fr-BE\"},{\"@type\":\"WebPage\",\"@id\":\"https:\/\/vieassociative.be\/actualites\/un-match-de-football-de-superlatifs-le-paris-saint-germain-remporte-la-demi-finale-aller-contre-le-fc-bayern-54\/\",\"url\":\"https:\/\/vieassociative.be\/actualites\/un-match-de-football-de-superlatifs-le-paris-saint-germain-remporte-la-demi-finale-aller-contre-le-fc-bayern-54\/\",\"name\":\"Un match de football de superlatifs : le Paris Saint-Germain remporte la demi-finale aller contre le FC Bayern 5:4 | Vie Associative\",\"isPartOf\":{\"@id\":\"https:\/\/vieassociative.be\/actualites\/#website\"},\"primaryImageOfPage\":{\"@id\":\"https:\/\/vieassociative.be\/actualites\/un-match-de-football-de-superlatifs-le-paris-saint-germain-remporte-la-demi-finale-aller-contre-le-fc-bayern-54\/#primaryimage\"},\"image\":{\"@id\":\"https:\/\/vieassociative.be\/actualites\/un-match-de-football-de-superlatifs-le-paris-saint-germain-remporte-la-demi-finale-aller-contre-le-fc-bayern-54\/#primaryimage\"},\"thumbnailUrl\":\"https:\/\/vieassociative.be\/actualites\/wp-content\/uploads\/2026\/04\/1777411043_Un-match-de-football-de-superlatifs-le-Paris-Saint-Germain.jpg\",\"datePublished\":\"2026-04-28T21:17:22+00:00\",\"dateModified\":\"2026-04-28T21:17:22+00:00\",\"breadcrumb\":{\"@id\":\"https:\/\/vieassociative.be\/actualites\/un-match-de-football-de-superlatifs-le-paris-saint-germain-remporte-la-demi-finale-aller-contre-le-fc-bayern-54\/#breadcrumb\"},\"inLanguage\":\"fr-BE\",\"potentialAction\":[{\"@type\":\"ReadAction\",\"target\":[\"https:\/\/vieassociative.be\/actualites\/un-match-de-football-de-superlatifs-le-paris-saint-germain-remporte-la-demi-finale-aller-contre-le-fc-bayern-54\/\"]}]},{\"@type\":\"ImageObject\",\"inLanguage\":\"fr-BE\",\"@id\":\"https:\/\/vieassociative.be\/actualites\/un-match-de-football-de-superlatifs-le-paris-saint-germain-remporte-la-demi-finale-aller-contre-le-fc-bayern-54\/#primaryimage\",\"url\":\"https:\/\/vieassociative.be\/actualites\/wp-content\/uploads\/2026\/04\/1777411043_Un-match-de-football-de-superlatifs-le-Paris-Saint-Germain.jpg\",\"contentUrl\":\"https:\/\/vieassociative.be\/actualites\/wp-content\/uploads\/2026\/04\/1777411043_Un-match-de-football-de-superlatifs-le-Paris-Saint-Germain.jpg\",\"width\":1200,\"height\":752,\"caption\":\"Un match de football de superlatifs : le Paris Saint-Germain remporte la demi-finale aller contre le FC Bayern 5:4\"},{\"@type\":\"BreadcrumbList\",\"@id\":\"https:\/\/vieassociative.be\/actualites\/un-match-de-football-de-superlatifs-le-paris-saint-germain-remporte-la-demi-finale-aller-contre-le-fc-bayern-54\/#breadcrumb\",\"itemListElement\":[{\"@type\":\"ListItem\",\"position\":1,\"name\":\"Accueil\",\"item\":\"https:\/\/vieassociative.be\/actualites\/\"},{\"@type\":\"ListItem\",\"position\":2,\"name\":\"Un match de football de superlatifs : le Paris Saint-Germain remporte la demi-finale aller contre le FC Bayern 5:4\"}]},{\"@type\":\"WebSite\",\"@id\":\"https:\/\/vieassociative.be\/actualites\/#website\",\"url\":\"https:\/\/vieassociative.be\/actualites\/\",\"name\":\"Vie Associative\",\"description\":\"\",\"publisher\":{\"@id\":\"https:\/\/vieassociative.be\/actualites\/#organization\"},\"potentialAction\":[{\"@type\":\"SearchAction\",\"target\":{\"@type\":\"EntryPoint\",\"urlTemplate\":\"https:\/\/vieassociative.be\/actualites\/?s={search_term_string}\"},\"query-input\":{\"@type\":\"PropertyValueSpecification\",\"valueRequired\":true,\"valueName\":\"search_term_string\"}}],\"inLanguage\":\"fr-BE\"},{\"@type\":\"Organization\",\"@id\":\"https:\/\/vieassociative.be\/actualites\/#organization\",\"name\":\"Vie Associative\",\"url\":\"https:\/\/vieassociative.be\/actualites\/\",\"logo\":{\"@type\":\"ImageObject\",\"inLanguage\":\"fr-BE\",\"@id\":\"https:\/\/vieassociative.be\/actualites\/#\/schema\/logo\/image\/\",\"url\":\"https:\/\/vieassociative.be\/actualites\/wp-content\/uploads\/2024\/09\/cropped-vieassociative_favicon.ico.png\",\"contentUrl\":\"https:\/\/vieassociative.be\/actualites\/wp-content\/uploads\/2024\/09\/cropped-vieassociative_favicon.ico.png\",\"width\":512,\"height\":512,\"caption\":\"Vie Associative\"},\"image\":{\"@id\":\"https:\/\/vieassociative.be\/actualites\/#\/schema\/logo\/image\/\"}},{\"@type\":\"Person\",\"@id\":\"https:\/\/vieassociative.be\/actualites\/#\/schema\/person\/b87ac4f82f9d4e7b7cec7395b679edc4\",\"name\":\"Julien\",\"image\":{\"@type\":\"ImageObject\",\"inLanguage\":\"fr-BE\",\"@id\":\"https:\/\/vieassociative.be\/actualites\/#\/schema\/person\/image\/\",\"url\":\"https:\/\/vieassociative.be\/actualites\/wp-content\/uploads\/2024\/09\/vie-associative-1-150x150.jpg\",\"contentUrl\":\"https:\/\/vieassociative.be\/actualites\/wp-content\/uploads\/2024\/09\/vie-associative-1-150x150.jpg\",\"caption\":\"Julien\"},\"description\":\"Je suis Julien, r\u00e9dacteur pour Vie Associative. Passionn\u00e9 par le monde associatif depuis plus de 10 ans, j'ai \u00e0 c\u0153ur de partager des histoires inspirantes et de mettre en lumi\u00e8re les initiatives locales. Mon objectif est de sensibiliser et d'encourager l'engagement communautaire \u00e0 travers mes articles.\",\"sameAs\":[\"https:\/\/vieassociative.be\/\"]}]}<\/script>\n<!-- \/ Yoast SEO plugin. -->","yoast_head_json":{"title":"Un match de football de superlatifs : le Paris Saint-Germain remporte la demi-finale aller contre le FC Bayern 5:4 | Vie Associative","robots":{"index":"index","follow":"follow","max-snippet":"max-snippet:-1","max-image-preview":"max-image-preview:large","max-video-preview":"max-video-preview:-1"},"canonical":"https:\/\/vieassociative.be\/actualites\/un-match-de-football-de-superlatifs-le-paris-saint-germain-remporte-la-demi-finale-aller-contre-le-fc-bayern-54\/","og_locale":"fr_FR","og_type":"article","og_title":"Un match de football de superlatifs : le Paris Saint-Germain remporte la demi-finale aller contre le FC Bayern 5:4 | Vie Associative","og_description":"Quel match! Un match qui restera probablement dans l\u2019histoire de la Ligue des Champions. Lors de la demi-finale aller, le Paris Saint-Germain a battu le","og_url":"https:\/\/vieassociative.be\/actualites\/un-match-de-football-de-superlatifs-le-paris-saint-germain-remporte-la-demi-finale-aller-contre-le-fc-bayern-54\/","og_site_name":"Vie Associative","article_published_time":"2026-04-28T21:17:22+00:00","og_image":[{"width":279,"height":92,"url":"https:\/\/vieassociative.be\/actualites\/wp-content\/uploads\/2024\/09\/header_backgroundk-01-e1726694325946.png","type":"image\/png"}],"author":"Julien","twitter_card":"summary_large_image","twitter_misc":{"\u00c9crit par":"Julien","Dur\u00e9e de lecture est.":"4 minutes"},"schema":{"@context":"https:\/\/schema.org","@graph":[{"@type":"Article","@id":"https:\/\/vieassociative.be\/actualites\/un-match-de-football-de-superlatifs-le-paris-saint-germain-remporte-la-demi-finale-aller-contre-le-fc-bayern-54\/#article","isPartOf":{"@id":"https:\/\/vieassociative.be\/actualites\/un-match-de-football-de-superlatifs-le-paris-saint-germain-remporte-la-demi-finale-aller-contre-le-fc-bayern-54\/"},"author":{"name":"Julien","@id":"https:\/\/vieassociative.be\/actualites\/#\/schema\/person\/b87ac4f82f9d4e7b7cec7395b679edc4"},"headline":"Un match de football de superlatifs : le Paris Saint-Germain remporte la demi-finale aller contre le FC Bayern 5:4","datePublished":"2026-04-28T21:17:22+00:00","dateModified":"2026-04-28T21:17:22+00:00","mainEntityOfPage":{"@id":"https:\/\/vieassociative.be\/actualites\/un-match-de-football-de-superlatifs-le-paris-saint-germain-remporte-la-demi-finale-aller-contre-le-fc-bayern-54\/"},"wordCount":910,"publisher":{"@id":"https:\/\/vieassociative.be\/actualites\/#organization"},"image":{"@id":"https:\/\/vieassociative.be\/actualites\/un-match-de-football-de-superlatifs-le-paris-saint-germain-remporte-la-demi-finale-aller-contre-le-fc-bayern-54\/#primaryimage"},"thumbnailUrl":"https:\/\/vieassociative.be\/actualites\/wp-content\/uploads\/2026\/04\/1777411043_Un-match-de-football-de-superlatifs-le-Paris-Saint-Germain.jpg","keywords":["aller","Bayern","contre","demifinale","football","match","Paris","remport\u00e9","SaintGermain","superlatifs"],"articleSection":["Belgique"],"inLanguage":"fr-BE"},{"@type":"WebPage","@id":"https:\/\/vieassociative.be\/actualites\/un-match-de-football-de-superlatifs-le-paris-saint-germain-remporte-la-demi-finale-aller-contre-le-fc-bayern-54\/","url":"https:\/\/vieassociative.be\/actualites\/un-match-de-football-de-superlatifs-le-paris-saint-germain-remporte-la-demi-finale-aller-contre-le-fc-bayern-54\/","name":"Un match de football de superlatifs : le Paris Saint-Germain remporte la demi-finale aller contre le FC Bayern 5:4 | Vie Associative","isPartOf":{"@id":"https:\/\/vieassociative.be\/actualites\/#website"},"primaryImageOfPage":{"@id":"https:\/\/vieassociative.be\/actualites\/un-match-de-football-de-superlatifs-le-paris-saint-germain-remporte-la-demi-finale-aller-contre-le-fc-bayern-54\/#primaryimage"},"image":{"@id":"https:\/\/vieassociative.be\/actualites\/un-match-de-football-de-superlatifs-le-paris-saint-germain-remporte-la-demi-finale-aller-contre-le-fc-bayern-54\/#primaryimage"},"thumbnailUrl":"https:\/\/vieassociative.be\/actualites\/wp-content\/uploads\/2026\/04\/1777411043_Un-match-de-football-de-superlatifs-le-Paris-Saint-Germain.jpg","datePublished":"2026-04-28T21:17:22+00:00","dateModified":"2026-04-28T21:17:22+00:00","breadcrumb":{"@id":"https:\/\/vieassociative.be\/actualites\/un-match-de-football-de-superlatifs-le-paris-saint-germain-remporte-la-demi-finale-aller-contre-le-fc-bayern-54\/#breadcrumb"},"inLanguage":"fr-BE","potentialAction":[{"@type":"ReadAction","target":["https:\/\/vieassociative.be\/actualites\/un-match-de-football-de-superlatifs-le-paris-saint-germain-remporte-la-demi-finale-aller-contre-le-fc-bayern-54\/"]}]},{"@type":"ImageObject","inLanguage":"fr-BE","@id":"https:\/\/vieassociative.be\/actualites\/un-match-de-football-de-superlatifs-le-paris-saint-germain-remporte-la-demi-finale-aller-contre-le-fc-bayern-54\/#primaryimage","url":"https:\/\/vieassociative.be\/actualites\/wp-content\/uploads\/2026\/04\/1777411043_Un-match-de-football-de-superlatifs-le-Paris-Saint-Germain.jpg","contentUrl":"https:\/\/vieassociative.be\/actualites\/wp-content\/uploads\/2026\/04\/1777411043_Un-match-de-football-de-superlatifs-le-Paris-Saint-Germain.jpg","width":1200,"height":752,"caption":"Un match de football de superlatifs : le Paris Saint-Germain remporte la demi-finale aller contre le FC Bayern 5:4"},{"@type":"BreadcrumbList","@id":"https:\/\/vieassociative.be\/actualites\/un-match-de-football-de-superlatifs-le-paris-saint-germain-remporte-la-demi-finale-aller-contre-le-fc-bayern-54\/#breadcrumb","itemListElement":[{"@type":"ListItem","position":1,"name":"Accueil","item":"https:\/\/vieassociative.be\/actualites\/"},{"@type":"ListItem","position":2,"name":"Un match de football de superlatifs : le Paris Saint-Germain remporte la demi-finale aller contre le FC Bayern 5:4"}]},{"@type":"WebSite","@id":"https:\/\/vieassociative.be\/actualites\/#website","url":"https:\/\/vieassociative.be\/actualites\/","name":"Vie Associative","description":"","publisher":{"@id":"https:\/\/vieassociative.be\/actualites\/#organization"},"potentialAction":[{"@type":"SearchAction","target":{"@type":"EntryPoint","urlTemplate":"https:\/\/vieassociative.be\/actualites\/?s={search_term_string}"},"query-input":{"@type":"PropertyValueSpecification","valueRequired":true,"valueName":"search_term_string"}}],"inLanguage":"fr-BE"},{"@type":"Organization","@id":"https:\/\/vieassociative.be\/actualites\/#organization","name":"Vie Associative","url":"https:\/\/vieassociative.be\/actualites\/","logo":{"@type":"ImageObject","inLanguage":"fr-BE","@id":"https:\/\/vieassociative.be\/actualites\/#\/schema\/logo\/image\/","url":"https:\/\/vieassociative.be\/actualites\/wp-content\/uploads\/2024\/09\/cropped-vieassociative_favicon.ico.png","contentUrl":"https:\/\/vieassociative.be\/actualites\/wp-content\/uploads\/2024\/09\/cropped-vieassociative_favicon.ico.png","width":512,"height":512,"caption":"Vie Associative"},"image":{"@id":"https:\/\/vieassociative.be\/actualites\/#\/schema\/logo\/image\/"}},{"@type":"Person","@id":"https:\/\/vieassociative.be\/actualites\/#\/schema\/person\/b87ac4f82f9d4e7b7cec7395b679edc4","name":"Julien","image":{"@type":"ImageObject","inLanguage":"fr-BE","@id":"https:\/\/vieassociative.be\/actualites\/#\/schema\/person\/image\/","url":"https:\/\/vieassociative.be\/actualites\/wp-content\/uploads\/2024\/09\/vie-associative-1-150x150.jpg","contentUrl":"https:\/\/vieassociative.be\/actualites\/wp-content\/uploads\/2024\/09\/vie-associative-1-150x150.jpg","caption":"Julien"},"description":"Je suis Julien, r\u00e9dacteur pour Vie Associative. Passionn\u00e9 par le monde associatif depuis plus de 10 ans, j'ai \u00e0 c\u0153ur de partager des histoires inspirantes et de mettre en lumi\u00e8re les initiatives locales. Mon objectif est de sensibiliser et d'encourager l'engagement communautaire \u00e0 travers mes articles.","sameAs":["https:\/\/vieassociative.be\/"]}]}},"_links":{"self":[{"href":"https:\/\/vieassociative.be\/actualites\/wp-json\/wp\/v2\/posts\/13615"}],"collection":[{"href":"https:\/\/vieassociative.be\/actualites\/wp-json\/wp\/v2\/posts"}],"about":[{"href":"https:\/\/vieassociative.be\/actualites\/wp-json\/wp\/v2\/types\/post"}],"author":[{"embeddable":true,"href":"https:\/\/vieassociative.be\/actualites\/wp-json\/wp\/v2\/users\/1"}],"replies":[{"embeddable":true,"href":"https:\/\/vieassociative.be\/actualites\/wp-json\/wp\/v2\/comments?post=13615"}],"version-history":[{"count":0,"href":"https:\/\/vieassociative.be\/actualites\/wp-json\/wp\/v2\/posts\/13615\/revisions"}],"wp:featuredmedia":[{"embeddable":true,"href":"https:\/\/vieassociative.be\/actualites\/wp-json\/wp\/v2\/media\/13616"}],"wp:attachment":[{"href":"https:\/\/vieassociative.be\/actualites\/wp-json\/wp\/v2\/media?parent=13615"}],"wp:term":[{"taxonomy":"category","embeddable":true,"href":"https:\/\/vieassociative.be\/actualites\/wp-json\/wp\/v2\/categories?post=13615"},{"taxonomy":"post_tag","embeddable":true,"href":"https:\/\/vieassociative.be\/actualites\/wp-json\/wp\/v2\/tags?post=13615"}],"curies":[{"name":"wp","href":"https:\/\/api.w.org\/{rel}","templated":true}]}}