{"id":13612,"date":"2026-04-28T17:17:22","date_gmt":"2026-04-28T15:17:22","guid":{"rendered":"https:\/\/vieassociative.be\/actualites\/lettre-a-la-redaction-quand-la-mobilite-nest-soudain-plus-une-evidence\/"},"modified":"2026-04-28T17:17:22","modified_gmt":"2026-04-28T15:17:22","slug":"lettre-a-la-redaction-quand-la-mobilite-nest-soudain-plus-une-evidence","status":"publish","type":"post","link":"https:\/\/vieassociative.be\/actualites\/lettre-a-la-redaction-quand-la-mobilite-nest-soudain-plus-une-evidence\/","title":{"rendered":"LETTRE \u00c0 LA R\u00c9DACTION \u2013 Quand la mobilit\u00e9 n\u2019est soudain plus une \u00e9vidence"},"content":{"rendered":"<p><strong>Dans la communaut\u00e9 germanophone, on grandit avec une pens\u00e9e bien pr\u00e9cise : l&rsquo;essentiel est d&rsquo;obtenir son permis de conduire le plus rapidement possible. \u00catre enfin ind\u00e9pendant, enfin pouvoir se conduire quelque part, enfin ne plus \u00eatre d\u00e9pendant des autres. Cela n&rsquo;en est qu&rsquo;une partie ici.<\/strong><\/p>\n<p><span id=\"more-438661\"><\/span>Dans de nombreuses familles, chaque membre poss\u00e8de d\u00e9sormais sa propre voiture car il en a besoin au quotidien.<\/p>\n<p>Je n\u2019ai jamais remis cela en question. Pourquoi? Tant que vous pouvez conduire vous-m\u00eame, tout fonctionne. Jusqu&rsquo;\u00e0 ce que d&rsquo;un coup, \u00e7a ne marche plus.<\/p>\n<p>J&rsquo;ai perdu mon permis de conduire il y a un mois pour des raisons de sant\u00e9. Depuis, mon quotidien a compl\u00e8tement chang\u00e9. Non pas parce que ma voiture me manque, mais parce que j&rsquo;ai r\u00e9alis\u00e9 \u00e0 quel point je ne peux pas tenir pour acquis sans voiture.<\/p>\n<p>Un rendez-vous rapide, faire du shopping, rendre visite \u00e0 quelqu&rsquo;un ou simplement sortir. Soudain, plus rien de tout cela n\u2019est facile. Pour chaque itin\u00e9raire, je dois r\u00e9fl\u00e9chir \u00e0 qui je peux demander, qui a le temps et si quelqu&rsquo;un me conduirait. Et \u00e0 chaque fois, tu as l&rsquo;impression d&rsquo;\u00eatre un fardeau, m\u00eame si c&rsquo;\u00e9tait autrefois la chose la plus normale au monde.<\/p>\n<p>Vous devenez accro \u00e0 des choses dont vous n\u2019auriez jamais voulu devenir accro.<\/p>\n<p>Et pour \u00eatre honn\u00eate, quelque chose d\u2019autre m\u2019a frapp\u00e9 : je n\u2019y avais jamais pens\u00e9 auparavant. Tant que j&rsquo;\u00e9tais mobile, comme beaucoup d&rsquo;autres, je me promenais dans la vie quotidienne sans me rendre compte \u00e0 quel point les personnes sans voiture \u00e9taient ici exclues.<\/p>\n<p>Des jeunes qui veulent faire quelque chose en \u00e9t\u00e9.<\/p>\n<p>Des personnes \u00e2g\u00e9es qui ne se sentent plus en s\u00e9curit\u00e9 au volant.<\/p>\n<p>Les personnes qui doivent renoncer \u00e0 leur permis de conduire pour des raisons de sant\u00e9.<\/p>\n<p>Pour eux, le manque de mobilit\u00e9 n\u2019est pas une mince affaire. Cela signifie qu&rsquo;il faut constamment s&rsquo;organiser, demander constamment de l&rsquo;aide et, bien souvent, simplement rester \u00e0 la maison.<\/p>\n<p>Nous vivons en 2026 et pourtant, au sein de la communaut\u00e9 germanophone, il n&rsquo;est pas encore \u00e9vident de se d\u00e9placer de mani\u00e8re fiable avec les transports publics. Malgr\u00e9 la hausse des tarifs, de nombreuses connexions peuvent encore \u00eatre \u00e9tendues. Il est parfois difficile de se d\u00e9placer d&rsquo;un endroit \u00e0 un autre et les d\u00e9placements spontan\u00e9s sont presque impossibles sans voiture.<\/p>\n<p>La mobilit\u00e9 ne devrait pas \u00eatre un privil\u00e8ge.<\/p>\n<p>Il n&rsquo;est pas possible que dans une r\u00e9gion moderne, vous soyez automatiquement perdu d\u00e8s que vous n&rsquo;avez plus de cl\u00e9 de voiture dans votre poche.<\/p>\n<p>Un plus grand nombre de liaisons par bus n&rsquo;aiderait pas seulement les personnes qui en d\u00e9pendent aujourd&rsquo;hui. Ils cr\u00e9eraient \u00e9galement enfin la confiance n\u00e9cessaire pour utiliser r\u00e9ellement les transports publics au quotidien.<\/p>\n<p>Peut-\u00eatre faut-il d\u2019abord se retrouver soi-m\u00eame dans cette situation pour comprendre que la mobilit\u00e9 est bien plus que simplement se rendre d\u2019un point A \u00e0 un point B.<\/p>\n<p>Il s&rsquo;agit de libert\u00e9.<\/p>\n<p>\u00c0 propos de l&rsquo;ind\u00e9pendance.<\/p>\n<p>Et de ne pas avoir le sentiment que l\u2019on ne peut participer \u00e0 la vie normale qu\u2019avec l\u2019aide des autres.<\/p>\n<p><strong>28\/04\/2026 Lara Warnke, 4782 Sch\u00f6nberg <\/strong><\/p>\n","protected":false},"excerpt":{"rendered":"<p>Dans la communaut\u00e9 germanophone, on grandit avec une pens\u00e9e bien pr\u00e9cise : l&rsquo;essentiel est d&rsquo;obtenir son permis de conduire le plus rapidement possible. \u00catre enfin<\/p>\n","protected":false},"author":1,"featured_media":2567,"comment_status":"","ping_status":"","sticky":false,"template":"","format":"standard","meta":{"footnotes":""},"categories":[298],"tags":[10582,2628,10580,1082,123,3296,10581,110],"class_list":["post-13612","post","type-post","status-publish","format-standard","has-post-thumbnail","hentry","category-belgique","tag-evidence","tag-lettre","tag-mobilite","tag-nest","tag-quand","tag-redaction","tag-soudain","tag-une","generate-columns","tablet-grid-50","mobile-grid-100","grid-parent","grid-33"],"yoast_head":"<!-- This site is optimized with the Yoast SEO plugin v24.0 - https:\/\/yoast.com\/wordpress\/plugins\/seo\/ -->\n<title>LETTRE \u00c0 LA R\u00c9DACTION \u2013 Quand la mobilit\u00e9 n\u2019est soudain plus une \u00e9vidence | Vie Associative<\/title>\n<meta name=\"robots\" content=\"index, follow, max-snippet:-1, max-image-preview:large, max-video-preview:-1\" \/>\n<link rel=\"canonical\" href=\"https:\/\/vieassociative.be\/actualites\/lettre-a-la-redaction-quand-la-mobilite-nest-soudain-plus-une-evidence\/\" \/>\n<meta property=\"og:locale\" content=\"fr_FR\" \/>\n<meta property=\"og:type\" content=\"article\" \/>\n<meta property=\"og:title\" content=\"LETTRE \u00c0 LA R\u00c9DACTION \u2013 Quand la mobilit\u00e9 n\u2019est soudain plus une \u00e9vidence | Vie Associative\" \/>\n<meta property=\"og:description\" content=\"Dans la communaut\u00e9 germanophone, on grandit avec une pens\u00e9e bien pr\u00e9cise : l&rsquo;essentiel est d&rsquo;obtenir son permis de conduire le plus rapidement possible. \u00catre enfin\" \/>\n<meta property=\"og:url\" content=\"https:\/\/vieassociative.be\/actualites\/lettre-a-la-redaction-quand-la-mobilite-nest-soudain-plus-une-evidence\/\" \/>\n<meta property=\"og:site_name\" content=\"Vie Associative\" \/>\n<meta property=\"article:published_time\" content=\"2026-04-28T15:17:22+00:00\" \/>\n<meta property=\"og:image\" content=\"https:\/\/vieassociative.be\/actualites\/wp-content\/uploads\/2024\/09\/header_backgroundk-01-e1726694325946.png\" \/>\n\t<meta property=\"og:image:width\" content=\"279\" \/>\n\t<meta property=\"og:image:height\" content=\"92\" \/>\n\t<meta property=\"og:image:type\" content=\"image\/png\" \/>\n<meta name=\"author\" content=\"Julien\" \/>\n<meta name=\"twitter:card\" content=\"summary_large_image\" \/>\n<meta name=\"twitter:label1\" content=\"\u00c9crit par\" \/>\n\t<meta name=\"twitter:data1\" content=\"Julien\" \/>\n\t<meta name=\"twitter:label2\" content=\"Dur\u00e9e de lecture est.\" \/>\n\t<meta name=\"twitter:data2\" content=\"3 minutes\" \/>\n<script type=\"application\/ld+json\" class=\"yoast-schema-graph\">{\"@context\":\"https:\/\/schema.org\",\"@graph\":[{\"@type\":\"Article\",\"@id\":\"https:\/\/vieassociative.be\/actualites\/lettre-a-la-redaction-quand-la-mobilite-nest-soudain-plus-une-evidence\/#article\",\"isPartOf\":{\"@id\":\"https:\/\/vieassociative.be\/actualites\/lettre-a-la-redaction-quand-la-mobilite-nest-soudain-plus-une-evidence\/\"},\"author\":{\"name\":\"Julien\",\"@id\":\"https:\/\/vieassociative.be\/actualites\/#\/schema\/person\/b87ac4f82f9d4e7b7cec7395b679edc4\"},\"headline\":\"LETTRE \u00c0 LA R\u00c9DACTION \u2013 Quand la mobilit\u00e9 n\u2019est soudain plus une \u00e9vidence\",\"datePublished\":\"2026-04-28T15:17:22+00:00\",\"dateModified\":\"2026-04-28T15:17:22+00:00\",\"mainEntityOfPage\":{\"@id\":\"https:\/\/vieassociative.be\/actualites\/lettre-a-la-redaction-quand-la-mobilite-nest-soudain-plus-une-evidence\/\"},\"wordCount\":570,\"publisher\":{\"@id\":\"https:\/\/vieassociative.be\/actualites\/#organization\"},\"image\":{\"@id\":\"https:\/\/vieassociative.be\/actualites\/lettre-a-la-redaction-quand-la-mobilite-nest-soudain-plus-une-evidence\/#primaryimage\"},\"thumbnailUrl\":\"https:\/\/vieassociative.be\/actualites\/wp-content\/uploads\/2024\/11\/LETTRE-A-LA-REDACTION-\u2013-Audi-Bruxelles-dernier-avertissement-du.jpeg\",\"keywords\":[\"\u00e9vidence\",\"lettre\",\"mobilit\u00e9\",\"nest\",\"Quand\",\"R\u00c9DACTION\",\"soudain\",\"une\"],\"articleSection\":[\"Belgique\"],\"inLanguage\":\"fr-BE\"},{\"@type\":\"WebPage\",\"@id\":\"https:\/\/vieassociative.be\/actualites\/lettre-a-la-redaction-quand-la-mobilite-nest-soudain-plus-une-evidence\/\",\"url\":\"https:\/\/vieassociative.be\/actualites\/lettre-a-la-redaction-quand-la-mobilite-nest-soudain-plus-une-evidence\/\",\"name\":\"LETTRE \u00c0 LA R\u00c9DACTION \u2013 Quand la mobilit\u00e9 n\u2019est soudain plus une \u00e9vidence | Vie Associative\",\"isPartOf\":{\"@id\":\"https:\/\/vieassociative.be\/actualites\/#website\"},\"primaryImageOfPage\":{\"@id\":\"https:\/\/vieassociative.be\/actualites\/lettre-a-la-redaction-quand-la-mobilite-nest-soudain-plus-une-evidence\/#primaryimage\"},\"image\":{\"@id\":\"https:\/\/vieassociative.be\/actualites\/lettre-a-la-redaction-quand-la-mobilite-nest-soudain-plus-une-evidence\/#primaryimage\"},\"thumbnailUrl\":\"https:\/\/vieassociative.be\/actualites\/wp-content\/uploads\/2024\/11\/LETTRE-A-LA-REDACTION-\u2013-Audi-Bruxelles-dernier-avertissement-du.jpeg\",\"datePublished\":\"2026-04-28T15:17:22+00:00\",\"dateModified\":\"2026-04-28T15:17:22+00:00\",\"breadcrumb\":{\"@id\":\"https:\/\/vieassociative.be\/actualites\/lettre-a-la-redaction-quand-la-mobilite-nest-soudain-plus-une-evidence\/#breadcrumb\"},\"inLanguage\":\"fr-BE\",\"potentialAction\":[{\"@type\":\"ReadAction\",\"target\":[\"https:\/\/vieassociative.be\/actualites\/lettre-a-la-redaction-quand-la-mobilite-nest-soudain-plus-une-evidence\/\"]}]},{\"@type\":\"ImageObject\",\"inLanguage\":\"fr-BE\",\"@id\":\"https:\/\/vieassociative.be\/actualites\/lettre-a-la-redaction-quand-la-mobilite-nest-soudain-plus-une-evidence\/#primaryimage\",\"url\":\"https:\/\/vieassociative.be\/actualites\/wp-content\/uploads\/2024\/11\/LETTRE-A-LA-REDACTION-\u2013-Audi-Bruxelles-dernier-avertissement-du.jpeg\",\"contentUrl\":\"https:\/\/vieassociative.be\/actualites\/wp-content\/uploads\/2024\/11\/LETTRE-A-LA-REDACTION-\u2013-Audi-Bruxelles-dernier-avertissement-du.jpeg\",\"width\":1024,\"height\":747,\"caption\":\"LETTRE \u00c0 LA R\u00c9DACTION \u2013 Audi Bruxelles, dernier avertissement du gouffre\"},{\"@type\":\"BreadcrumbList\",\"@id\":\"https:\/\/vieassociative.be\/actualites\/lettre-a-la-redaction-quand-la-mobilite-nest-soudain-plus-une-evidence\/#breadcrumb\",\"itemListElement\":[{\"@type\":\"ListItem\",\"position\":1,\"name\":\"Accueil\",\"item\":\"https:\/\/vieassociative.be\/actualites\/\"},{\"@type\":\"ListItem\",\"position\":2,\"name\":\"LETTRE \u00c0 LA R\u00c9DACTION \u2013 Quand la mobilit\u00e9 n\u2019est soudain plus une \u00e9vidence\"}]},{\"@type\":\"WebSite\",\"@id\":\"https:\/\/vieassociative.be\/actualites\/#website\",\"url\":\"https:\/\/vieassociative.be\/actualites\/\",\"name\":\"Vie Associative\",\"description\":\"\",\"publisher\":{\"@id\":\"https:\/\/vieassociative.be\/actualites\/#organization\"},\"potentialAction\":[{\"@type\":\"SearchAction\",\"target\":{\"@type\":\"EntryPoint\",\"urlTemplate\":\"https:\/\/vieassociative.be\/actualites\/?s={search_term_string}\"},\"query-input\":{\"@type\":\"PropertyValueSpecification\",\"valueRequired\":true,\"valueName\":\"search_term_string\"}}],\"inLanguage\":\"fr-BE\"},{\"@type\":\"Organization\",\"@id\":\"https:\/\/vieassociative.be\/actualites\/#organization\",\"name\":\"Vie Associative\",\"url\":\"https:\/\/vieassociative.be\/actualites\/\",\"logo\":{\"@type\":\"ImageObject\",\"inLanguage\":\"fr-BE\",\"@id\":\"https:\/\/vieassociative.be\/actualites\/#\/schema\/logo\/image\/\",\"url\":\"https:\/\/vieassociative.be\/actualites\/wp-content\/uploads\/2024\/09\/cropped-vieassociative_favicon.ico.png\",\"contentUrl\":\"https:\/\/vieassociative.be\/actualites\/wp-content\/uploads\/2024\/09\/cropped-vieassociative_favicon.ico.png\",\"width\":512,\"height\":512,\"caption\":\"Vie Associative\"},\"image\":{\"@id\":\"https:\/\/vieassociative.be\/actualites\/#\/schema\/logo\/image\/\"}},{\"@type\":\"Person\",\"@id\":\"https:\/\/vieassociative.be\/actualites\/#\/schema\/person\/b87ac4f82f9d4e7b7cec7395b679edc4\",\"name\":\"Julien\",\"image\":{\"@type\":\"ImageObject\",\"inLanguage\":\"fr-BE\",\"@id\":\"https:\/\/vieassociative.be\/actualites\/#\/schema\/person\/image\/\",\"url\":\"https:\/\/vieassociative.be\/actualites\/wp-content\/uploads\/2024\/09\/vie-associative-1-150x150.jpg\",\"contentUrl\":\"https:\/\/vieassociative.be\/actualites\/wp-content\/uploads\/2024\/09\/vie-associative-1-150x150.jpg\",\"caption\":\"Julien\"},\"description\":\"Je suis Julien, r\u00e9dacteur pour Vie Associative. Passionn\u00e9 par le monde associatif depuis plus de 10 ans, j'ai \u00e0 c\u0153ur de partager des histoires inspirantes et de mettre en lumi\u00e8re les initiatives locales. Mon objectif est de sensibiliser et d'encourager l'engagement communautaire \u00e0 travers mes articles.\",\"sameAs\":[\"https:\/\/vieassociative.be\/\"]}]}<\/script>\n<!-- \/ Yoast SEO plugin. -->","yoast_head_json":{"title":"LETTRE \u00c0 LA R\u00c9DACTION \u2013 Quand la mobilit\u00e9 n\u2019est soudain plus une \u00e9vidence | Vie Associative","robots":{"index":"index","follow":"follow","max-snippet":"max-snippet:-1","max-image-preview":"max-image-preview:large","max-video-preview":"max-video-preview:-1"},"canonical":"https:\/\/vieassociative.be\/actualites\/lettre-a-la-redaction-quand-la-mobilite-nest-soudain-plus-une-evidence\/","og_locale":"fr_FR","og_type":"article","og_title":"LETTRE \u00c0 LA R\u00c9DACTION \u2013 Quand la mobilit\u00e9 n\u2019est soudain plus une \u00e9vidence | Vie Associative","og_description":"Dans la communaut\u00e9 germanophone, on grandit avec une pens\u00e9e bien pr\u00e9cise : l&rsquo;essentiel est d&rsquo;obtenir son permis de conduire le plus rapidement possible. \u00catre enfin","og_url":"https:\/\/vieassociative.be\/actualites\/lettre-a-la-redaction-quand-la-mobilite-nest-soudain-plus-une-evidence\/","og_site_name":"Vie Associative","article_published_time":"2026-04-28T15:17:22+00:00","og_image":[{"width":279,"height":92,"url":"https:\/\/vieassociative.be\/actualites\/wp-content\/uploads\/2024\/09\/header_backgroundk-01-e1726694325946.png","type":"image\/png"}],"author":"Julien","twitter_card":"summary_large_image","twitter_misc":{"\u00c9crit par":"Julien","Dur\u00e9e de lecture est.":"3 minutes"},"schema":{"@context":"https:\/\/schema.org","@graph":[{"@type":"Article","@id":"https:\/\/vieassociative.be\/actualites\/lettre-a-la-redaction-quand-la-mobilite-nest-soudain-plus-une-evidence\/#article","isPartOf":{"@id":"https:\/\/vieassociative.be\/actualites\/lettre-a-la-redaction-quand-la-mobilite-nest-soudain-plus-une-evidence\/"},"author":{"name":"Julien","@id":"https:\/\/vieassociative.be\/actualites\/#\/schema\/person\/b87ac4f82f9d4e7b7cec7395b679edc4"},"headline":"LETTRE \u00c0 LA R\u00c9DACTION \u2013 Quand la mobilit\u00e9 n\u2019est soudain plus une \u00e9vidence","datePublished":"2026-04-28T15:17:22+00:00","dateModified":"2026-04-28T15:17:22+00:00","mainEntityOfPage":{"@id":"https:\/\/vieassociative.be\/actualites\/lettre-a-la-redaction-quand-la-mobilite-nest-soudain-plus-une-evidence\/"},"wordCount":570,"publisher":{"@id":"https:\/\/vieassociative.be\/actualites\/#organization"},"image":{"@id":"https:\/\/vieassociative.be\/actualites\/lettre-a-la-redaction-quand-la-mobilite-nest-soudain-plus-une-evidence\/#primaryimage"},"thumbnailUrl":"https:\/\/vieassociative.be\/actualites\/wp-content\/uploads\/2024\/11\/LETTRE-A-LA-REDACTION-\u2013-Audi-Bruxelles-dernier-avertissement-du.jpeg","keywords":["\u00e9vidence","lettre","mobilit\u00e9","nest","Quand","R\u00c9DACTION","soudain","une"],"articleSection":["Belgique"],"inLanguage":"fr-BE"},{"@type":"WebPage","@id":"https:\/\/vieassociative.be\/actualites\/lettre-a-la-redaction-quand-la-mobilite-nest-soudain-plus-une-evidence\/","url":"https:\/\/vieassociative.be\/actualites\/lettre-a-la-redaction-quand-la-mobilite-nest-soudain-plus-une-evidence\/","name":"LETTRE \u00c0 LA R\u00c9DACTION \u2013 Quand la mobilit\u00e9 n\u2019est soudain plus une \u00e9vidence | Vie Associative","isPartOf":{"@id":"https:\/\/vieassociative.be\/actualites\/#website"},"primaryImageOfPage":{"@id":"https:\/\/vieassociative.be\/actualites\/lettre-a-la-redaction-quand-la-mobilite-nest-soudain-plus-une-evidence\/#primaryimage"},"image":{"@id":"https:\/\/vieassociative.be\/actualites\/lettre-a-la-redaction-quand-la-mobilite-nest-soudain-plus-une-evidence\/#primaryimage"},"thumbnailUrl":"https:\/\/vieassociative.be\/actualites\/wp-content\/uploads\/2024\/11\/LETTRE-A-LA-REDACTION-\u2013-Audi-Bruxelles-dernier-avertissement-du.jpeg","datePublished":"2026-04-28T15:17:22+00:00","dateModified":"2026-04-28T15:17:22+00:00","breadcrumb":{"@id":"https:\/\/vieassociative.be\/actualites\/lettre-a-la-redaction-quand-la-mobilite-nest-soudain-plus-une-evidence\/#breadcrumb"},"inLanguage":"fr-BE","potentialAction":[{"@type":"ReadAction","target":["https:\/\/vieassociative.be\/actualites\/lettre-a-la-redaction-quand-la-mobilite-nest-soudain-plus-une-evidence\/"]}]},{"@type":"ImageObject","inLanguage":"fr-BE","@id":"https:\/\/vieassociative.be\/actualites\/lettre-a-la-redaction-quand-la-mobilite-nest-soudain-plus-une-evidence\/#primaryimage","url":"https:\/\/vieassociative.be\/actualites\/wp-content\/uploads\/2024\/11\/LETTRE-A-LA-REDACTION-\u2013-Audi-Bruxelles-dernier-avertissement-du.jpeg","contentUrl":"https:\/\/vieassociative.be\/actualites\/wp-content\/uploads\/2024\/11\/LETTRE-A-LA-REDACTION-\u2013-Audi-Bruxelles-dernier-avertissement-du.jpeg","width":1024,"height":747,"caption":"LETTRE \u00c0 LA R\u00c9DACTION \u2013 Audi Bruxelles, dernier avertissement du gouffre"},{"@type":"BreadcrumbList","@id":"https:\/\/vieassociative.be\/actualites\/lettre-a-la-redaction-quand-la-mobilite-nest-soudain-plus-une-evidence\/#breadcrumb","itemListElement":[{"@type":"ListItem","position":1,"name":"Accueil","item":"https:\/\/vieassociative.be\/actualites\/"},{"@type":"ListItem","position":2,"name":"LETTRE \u00c0 LA R\u00c9DACTION \u2013 Quand la mobilit\u00e9 n\u2019est soudain plus une \u00e9vidence"}]},{"@type":"WebSite","@id":"https:\/\/vieassociative.be\/actualites\/#website","url":"https:\/\/vieassociative.be\/actualites\/","name":"Vie Associative","description":"","publisher":{"@id":"https:\/\/vieassociative.be\/actualites\/#organization"},"potentialAction":[{"@type":"SearchAction","target":{"@type":"EntryPoint","urlTemplate":"https:\/\/vieassociative.be\/actualites\/?s={search_term_string}"},"query-input":{"@type":"PropertyValueSpecification","valueRequired":true,"valueName":"search_term_string"}}],"inLanguage":"fr-BE"},{"@type":"Organization","@id":"https:\/\/vieassociative.be\/actualites\/#organization","name":"Vie Associative","url":"https:\/\/vieassociative.be\/actualites\/","logo":{"@type":"ImageObject","inLanguage":"fr-BE","@id":"https:\/\/vieassociative.be\/actualites\/#\/schema\/logo\/image\/","url":"https:\/\/vieassociative.be\/actualites\/wp-content\/uploads\/2024\/09\/cropped-vieassociative_favicon.ico.png","contentUrl":"https:\/\/vieassociative.be\/actualites\/wp-content\/uploads\/2024\/09\/cropped-vieassociative_favicon.ico.png","width":512,"height":512,"caption":"Vie Associative"},"image":{"@id":"https:\/\/vieassociative.be\/actualites\/#\/schema\/logo\/image\/"}},{"@type":"Person","@id":"https:\/\/vieassociative.be\/actualites\/#\/schema\/person\/b87ac4f82f9d4e7b7cec7395b679edc4","name":"Julien","image":{"@type":"ImageObject","inLanguage":"fr-BE","@id":"https:\/\/vieassociative.be\/actualites\/#\/schema\/person\/image\/","url":"https:\/\/vieassociative.be\/actualites\/wp-content\/uploads\/2024\/09\/vie-associative-1-150x150.jpg","contentUrl":"https:\/\/vieassociative.be\/actualites\/wp-content\/uploads\/2024\/09\/vie-associative-1-150x150.jpg","caption":"Julien"},"description":"Je suis Julien, r\u00e9dacteur pour Vie Associative. Passionn\u00e9 par le monde associatif depuis plus de 10 ans, j'ai \u00e0 c\u0153ur de partager des histoires inspirantes et de mettre en lumi\u00e8re les initiatives locales. Mon objectif est de sensibiliser et d'encourager l'engagement communautaire \u00e0 travers mes articles.","sameAs":["https:\/\/vieassociative.be\/"]}]}},"_links":{"self":[{"href":"https:\/\/vieassociative.be\/actualites\/wp-json\/wp\/v2\/posts\/13612"}],"collection":[{"href":"https:\/\/vieassociative.be\/actualites\/wp-json\/wp\/v2\/posts"}],"about":[{"href":"https:\/\/vieassociative.be\/actualites\/wp-json\/wp\/v2\/types\/post"}],"author":[{"embeddable":true,"href":"https:\/\/vieassociative.be\/actualites\/wp-json\/wp\/v2\/users\/1"}],"replies":[{"embeddable":true,"href":"https:\/\/vieassociative.be\/actualites\/wp-json\/wp\/v2\/comments?post=13612"}],"version-history":[{"count":0,"href":"https:\/\/vieassociative.be\/actualites\/wp-json\/wp\/v2\/posts\/13612\/revisions"}],"wp:featuredmedia":[{"embeddable":true,"href":"https:\/\/vieassociative.be\/actualites\/wp-json\/wp\/v2\/media\/2567"}],"wp:attachment":[{"href":"https:\/\/vieassociative.be\/actualites\/wp-json\/wp\/v2\/media?parent=13612"}],"wp:term":[{"taxonomy":"category","embeddable":true,"href":"https:\/\/vieassociative.be\/actualites\/wp-json\/wp\/v2\/categories?post=13612"},{"taxonomy":"post_tag","embeddable":true,"href":"https:\/\/vieassociative.be\/actualites\/wp-json\/wp\/v2\/tags?post=13612"}],"curies":[{"name":"wp","href":"https:\/\/api.w.org\/{rel}","templated":true}]}}