{"id":13606,"date":"2026-04-28T04:17:25","date_gmt":"2026-04-28T02:17:25","guid":{"rendered":"https:\/\/vieassociative.be\/actualites\/directv-vient-de-publier-une-application-pour-les-casques-meta-quest\/"},"modified":"2026-04-28T04:17:25","modified_gmt":"2026-04-28T02:17:25","slug":"directv-vient-de-publier-une-application-pour-les-casques-meta-quest","status":"publish","type":"post","link":"https:\/\/vieassociative.be\/actualites\/directv-vient-de-publier-une-application-pour-les-casques-meta-quest\/","title":{"rendered":"DirecTV vient de publier une application pour les casques Meta Quest"},"content":{"rendered":"<p>Nous pouvons gagner une commission sur les liens sur cette page.<\/p>\n<p>DirecTV a \u00e9t\u00e9 lanc\u00e9 pour les casques Meta Quest. Bien qu&rsquo;il existe d\u00e9j\u00e0 des applications de streaming monocanal comme Peacock disponibles sur le casque, il s&rsquo;agit du premier distributeur TV complet \u00e0 \u00eatre disponible pour les utilisateurs de Quest. Il permet aux abonn\u00e9s de DirecTV d&rsquo;acc\u00e9der \u00e0 plus de 150 cha\u00eenes en direct (CNN, HGTV et NFL Network, etc.) et \u00e0 une immense biblioth\u00e8que de films et d&rsquo;\u00e9missions \u00e0 la demande. <\/p>\n<div class=\"pogoClear mb-12 mt-10 rounded-md border-2 border-gray-100 py-7 shadow-xl md:py-6\">\n<div class=\"flex flex-wrap justify-between px-7 text-black no-underline md:flex-nowrap md:px-8\">\n<div class=\"order-1 mx-auto flex flex-col justify-center md:order-2 md:ml-4 md:w-full md:grow\">\n<div class=\"block cursor-pointer text-center font-akshar text-2xl font-medium leading-7 text-brand-green duration-200 ease-in-out hover:text-brand-green-700 md:text-left md:text-xl md:leading-6\">Casque VR de r\u00e9alit\u00e9 mixte Meta Quest 3 512 Go avec contr\u00f4leurs\n                <\/div>\n<div class=\"mt-4 hidden md:flex md:justify-between\">\n<div class=\"self-end\">\n<div class=\"mb-0 h-11 md:flex md:flex-col md:justify-center\">\n<div class=\" font-sans leading-4 text-black\">\n<div class=\"flex flex-wrap items-center justify-center gap-1 md:justify-start\">\n        <span class=\"font-bold\"><\/p>\n<p>            599,00\u00a0$<br \/>\n                            <span class=\"font-medium\">chez Amazon<\/span><br \/>\n                    <\/span>\n            <\/div>\n<\/p><\/div>\n<\/p><\/div>\n<\/p><\/div>\n<div class=\"w-44 self-end\">\n                            <button class=\"flex justify-center items-center w-full bg-brand-green text-white text-base font-sans font-medium rounded-md hover:bg-brand-green-700 hover:cursor-pointer md:text-sm h-11\"><\/p>\n<p>    Obtenez une offre<br \/>\n<\/button>\n                        <\/div>\n<\/p><\/div>\n<\/p><\/div>\n<div class=\"order-2 mt-5 h-auto w-full md:order-1 md:mt-0 md:hidden\">\n<div class=\"flex aspect-video items-center justify-center\">\n                                            <img decoding=\"async\" class=\"m-0 max-h-full max-w-full rounded-md\" src=\"https:\/\/vieassociative.be\/actualites\/wp-content\/uploads\/2026\/04\/DirecTV-vient-de-publier-une-application-pour-les-casques-Meta.jpg\" alt=\"Casque VR de r\u00e9alit\u00e9 mixte Meta Quest 3 512 Go avec contr\u00f4leurs\" width=\"auto\" height=\"auto\" loading=\"lazy\">\n                                    <\/div>\n<\/p><\/div>\n<div class=\"order-2 ml-2 hidden w-32 shrink-0 items-center md:order-1 md:ml-0 md:flex\">\n<div class=\"flex aspect-video items-center justify-center\">\n                                            <img decoding=\"async\" class=\"m-0 max-h-full max-w-full rounded-md\" src=\"https:\/\/vieassociative.be\/actualites\/wp-content\/uploads\/2026\/04\/DirecTV-vient-de-publier-une-application-pour-les-casques-Meta.jpg\" alt=\"Casque VR de r\u00e9alit\u00e9 mixte Meta Quest 3 512 Go avec contr\u00f4leurs\" width=\"auto\" height=\"auto\" loading=\"lazy\">\n                                    <\/div>\n<\/p><\/div>\n<div class=\"order-3 flex grow flex-wrap md:hidden md:grow-0\">\n<div class=\"mt-4 w-full\">\n                        <button class=\"flex justify-center items-center w-full bg-brand-green text-white text-base font-sans font-medium rounded-md hover:bg-brand-green-700 hover:cursor-pointer md:text-sm h-11\"><\/p>\n<p>    Obtenez une offre<br \/>\n<\/button>\n                    <\/div>\n<div class=\"mx-2 mt-4 w-full\">\n<div class=\" font-sans leading-4 text-black\">\n<div class=\"flex flex-wrap items-center justify-center gap-1 md:justify-start\">\n        <span class=\"font-bold\"><\/p>\n<p>            599,00\u00a0$<br \/>\n                            <span class=\"font-medium\">chez Amazon<\/span><br \/>\n                    <\/span>\n            <\/div>\n<\/p><\/div>\n<\/p><\/div>\n<\/p><\/div>\n<\/p><\/div>\n<\/div>\n<p>Si vous disposez d\u00e9j\u00e0 d&rsquo;un abonnement DirecTV, vous pouvez t\u00e9l\u00e9charger l&rsquo;application DirecTV depuis la boutique Quest, saisir vos informations de connexion et commencer \u00e0 diffuser toutes les cha\u00eenes que vous pouvez regarder sur votre t\u00e9l\u00e9viseur habituel. <\/p>\n<p>DirecTV propose quatre niveaux de programmation allant de 89,99 $ par mois \u00e0 169,99 $ par mois, ainsi que des \u00ab packs de genre \u00bb plus petits. Prix \u200b\u200bentre 19,99 $ et 59,99 $, ces options sans contrat offrent moins de cha\u00eenes, mais elles se concentrent sur des int\u00e9r\u00eats sp\u00e9cifiques comme le sport ou le divertissement. Il existe \u00e9galement un essai gratuit de cinq jours. L&rsquo;application fonctionnera sur les casques Meta Quest 2, 3, 3S et Meta Quest Pro. <\/p>\n<p>DirecTV n&rsquo;offre aucun contenu adapt\u00e9 \u00e0 la r\u00e9alit\u00e9 virtuelle\u00a0: il n&rsquo;y a pas de biblioth\u00e8que de films 3D ou de contenu immersif, vous ne le regardez pas dans une salle de r\u00e9alit\u00e9 virtuelle et il n&rsquo;y a aucun moyen de regarder avec d&rsquo;autres personnes en ligne\u00a0&#8211; vous obtenez essentiellement un nouvel endroit pour regarder et enregistrer les cha\u00eenes de DirecTV en r\u00e9alit\u00e9 augment\u00e9e. <\/p>\n<p>L&rsquo;application elle-m\u00eame fonctionne bien. Il s&rsquo;agit d&rsquo;un guide de programmation et d&rsquo;un \u00e9cran que vous pouvez redimensionner et ancrer o\u00f9 vous le souhaitez en r\u00e9alit\u00e9 augment\u00e9e, vous offrant ainsi un t\u00e9l\u00e9viseur portable grand \u00e9cran dans votre casque Quest. Cela n\u2019a rien de r\u00e9volutionnaire, mais il n\u2019y a vraiment aucune raison de r\u00e9inventer la roue ici. <\/p>\n<h2 id=\"dont-sleep-on-directvs-free-channels-and-movies\">Ne dormez pas sur les cha\u00eenes et films gratuits de DirecTV<\/h2>\n<p>Si vous n&rsquo;avez pas d&rsquo;abonnement \u00e0 DirecTV, l&rsquo;application vaut toujours la peine d&rsquo;\u00eatre t\u00e9l\u00e9charg\u00e9e. Il existe des centaines de cha\u00eenes originales et obscures (comme The Bob Ross Channel) disponibles gratuitement, ainsi que des cha\u00eenes de cin\u00e9ma d\u00e9di\u00e9es et des choix plus grand public comme ABC News Live et FOX Weather. Vous pouvez \u00e9galement visionner de nombreux films \u00e0 la demande\u00a0; ce ne sont pas les films fra\u00eechement sortis des salles que vous obtiendriez avec un abonnement, mais si vous voulez revoir <em>Attaques sur Mars<\/em>autant le faire avec un casque de r\u00e9alit\u00e9 virtuelle.<\/p>\n","protected":false},"excerpt":{"rendered":"<p>Nous pouvons gagner une commission sur les liens sur cette page. DirecTV a \u00e9t\u00e9 lanc\u00e9 pour les casques Meta Quest. Bien qu&rsquo;il existe d\u00e9j\u00e0 des<\/p>\n","protected":false},"author":1,"featured_media":13607,"comment_status":"","ping_status":"","sticky":false,"template":"","format":"standard","meta":{"footnotes":""},"categories":[13],"tags":[1277,3186,10578,14,487,81,4997,955,110,1213],"class_list":["post-13606","post","type-post","status-publish","format-standard","has-post-thumbnail","hentry","category-technologie","tag-application","tag-casques","tag-directv","tag-les","tag-meta","tag-pour","tag-publier","tag-quest","tag-une","tag-vient","generate-columns","tablet-grid-50","mobile-grid-100","grid-parent","grid-33"],"yoast_head":"<!-- This site is optimized with the Yoast SEO plugin v24.0 - https:\/\/yoast.com\/wordpress\/plugins\/seo\/ -->\n<title>DirecTV vient de publier une application pour les casques Meta Quest | Vie Associative<\/title>\n<meta name=\"robots\" content=\"index, follow, max-snippet:-1, max-image-preview:large, max-video-preview:-1\" \/>\n<link rel=\"canonical\" href=\"https:\/\/vieassociative.be\/actualites\/directv-vient-de-publier-une-application-pour-les-casques-meta-quest\/\" \/>\n<meta property=\"og:locale\" content=\"fr_FR\" \/>\n<meta property=\"og:type\" content=\"article\" \/>\n<meta property=\"og:title\" content=\"DirecTV vient de publier une application pour les casques Meta Quest | Vie Associative\" \/>\n<meta property=\"og:description\" content=\"Nous pouvons gagner une commission sur les liens sur cette page. DirecTV a \u00e9t\u00e9 lanc\u00e9 pour les casques Meta Quest. Bien qu&rsquo;il existe d\u00e9j\u00e0 des\" \/>\n<meta property=\"og:url\" content=\"https:\/\/vieassociative.be\/actualites\/directv-vient-de-publier-une-application-pour-les-casques-meta-quest\/\" \/>\n<meta property=\"og:site_name\" content=\"Vie Associative\" \/>\n<meta property=\"article:published_time\" content=\"2026-04-28T02:17:25+00:00\" \/>\n<meta property=\"og:image\" content=\"https:\/\/vieassociative.be\/actualites\/wp-content\/uploads\/2026\/04\/DirecTV-vient-de-publier-une-application-pour-les-casques-Meta.jpg\" \/>\n<meta name=\"author\" content=\"Julien\" \/>\n<meta name=\"twitter:card\" content=\"summary_large_image\" \/>\n<meta name=\"twitter:label1\" content=\"\u00c9crit par\" \/>\n\t<meta name=\"twitter:data1\" content=\"Julien\" \/>\n\t<meta name=\"twitter:label2\" content=\"Dur\u00e9e de lecture est.\" \/>\n\t<meta name=\"twitter:data2\" content=\"2 minutes\" \/>\n<script type=\"application\/ld+json\" class=\"yoast-schema-graph\">{\"@context\":\"https:\/\/schema.org\",\"@graph\":[{\"@type\":\"Article\",\"@id\":\"https:\/\/vieassociative.be\/actualites\/directv-vient-de-publier-une-application-pour-les-casques-meta-quest\/#article\",\"isPartOf\":{\"@id\":\"https:\/\/vieassociative.be\/actualites\/directv-vient-de-publier-une-application-pour-les-casques-meta-quest\/\"},\"author\":{\"name\":\"Julien\",\"@id\":\"https:\/\/vieassociative.be\/actualites\/#\/schema\/person\/b87ac4f82f9d4e7b7cec7395b679edc4\"},\"headline\":\"DirecTV vient de publier une application pour les casques Meta Quest\",\"datePublished\":\"2026-04-28T02:17:25+00:00\",\"dateModified\":\"2026-04-28T02:17:25+00:00\",\"mainEntityOfPage\":{\"@id\":\"https:\/\/vieassociative.be\/actualites\/directv-vient-de-publier-une-application-pour-les-casques-meta-quest\/\"},\"wordCount\":490,\"publisher\":{\"@id\":\"https:\/\/vieassociative.be\/actualites\/#organization\"},\"image\":{\"@id\":\"https:\/\/vieassociative.be\/actualites\/directv-vient-de-publier-une-application-pour-les-casques-meta-quest\/#primaryimage\"},\"thumbnailUrl\":\"https:\/\/vieassociative.be\/actualites\/wp-content\/uploads\/2026\/04\/DirecTV-vient-de-publier-une-application-pour-les-casques-Meta.png\",\"keywords\":[\"application\",\"casques\",\"DirecTV\",\"Les\",\"Meta\",\"pour\",\"publier\",\"Quest\",\"une\",\"vient\"],\"articleSection\":[\"Technologie\"],\"inLanguage\":\"fr-BE\"},{\"@type\":\"WebPage\",\"@id\":\"https:\/\/vieassociative.be\/actualites\/directv-vient-de-publier-une-application-pour-les-casques-meta-quest\/\",\"url\":\"https:\/\/vieassociative.be\/actualites\/directv-vient-de-publier-une-application-pour-les-casques-meta-quest\/\",\"name\":\"DirecTV vient de publier une application pour les casques Meta Quest | Vie Associative\",\"isPartOf\":{\"@id\":\"https:\/\/vieassociative.be\/actualites\/#website\"},\"primaryImageOfPage\":{\"@id\":\"https:\/\/vieassociative.be\/actualites\/directv-vient-de-publier-une-application-pour-les-casques-meta-quest\/#primaryimage\"},\"image\":{\"@id\":\"https:\/\/vieassociative.be\/actualites\/directv-vient-de-publier-une-application-pour-les-casques-meta-quest\/#primaryimage\"},\"thumbnailUrl\":\"https:\/\/vieassociative.be\/actualites\/wp-content\/uploads\/2026\/04\/DirecTV-vient-de-publier-une-application-pour-les-casques-Meta.png\",\"datePublished\":\"2026-04-28T02:17:25+00:00\",\"dateModified\":\"2026-04-28T02:17:25+00:00\",\"breadcrumb\":{\"@id\":\"https:\/\/vieassociative.be\/actualites\/directv-vient-de-publier-une-application-pour-les-casques-meta-quest\/#breadcrumb\"},\"inLanguage\":\"fr-BE\",\"potentialAction\":[{\"@type\":\"ReadAction\",\"target\":[\"https:\/\/vieassociative.be\/actualites\/directv-vient-de-publier-une-application-pour-les-casques-meta-quest\/\"]}]},{\"@type\":\"ImageObject\",\"inLanguage\":\"fr-BE\",\"@id\":\"https:\/\/vieassociative.be\/actualites\/directv-vient-de-publier-une-application-pour-les-casques-meta-quest\/#primaryimage\",\"url\":\"https:\/\/vieassociative.be\/actualites\/wp-content\/uploads\/2026\/04\/DirecTV-vient-de-publier-une-application-pour-les-casques-Meta.png\",\"contentUrl\":\"https:\/\/vieassociative.be\/actualites\/wp-content\/uploads\/2026\/04\/DirecTV-vient-de-publier-une-application-pour-les-casques-Meta.png\",\"width\":1200,\"height\":675,\"caption\":\"DirecTV vient de publier une application pour les casques Meta Quest\"},{\"@type\":\"BreadcrumbList\",\"@id\":\"https:\/\/vieassociative.be\/actualites\/directv-vient-de-publier-une-application-pour-les-casques-meta-quest\/#breadcrumb\",\"itemListElement\":[{\"@type\":\"ListItem\",\"position\":1,\"name\":\"Accueil\",\"item\":\"https:\/\/vieassociative.be\/actualites\/\"},{\"@type\":\"ListItem\",\"position\":2,\"name\":\"DirecTV vient de publier une application pour les casques Meta Quest\"}]},{\"@type\":\"WebSite\",\"@id\":\"https:\/\/vieassociative.be\/actualites\/#website\",\"url\":\"https:\/\/vieassociative.be\/actualites\/\",\"name\":\"Vie Associative\",\"description\":\"\",\"publisher\":{\"@id\":\"https:\/\/vieassociative.be\/actualites\/#organization\"},\"potentialAction\":[{\"@type\":\"SearchAction\",\"target\":{\"@type\":\"EntryPoint\",\"urlTemplate\":\"https:\/\/vieassociative.be\/actualites\/?s={search_term_string}\"},\"query-input\":{\"@type\":\"PropertyValueSpecification\",\"valueRequired\":true,\"valueName\":\"search_term_string\"}}],\"inLanguage\":\"fr-BE\"},{\"@type\":\"Organization\",\"@id\":\"https:\/\/vieassociative.be\/actualites\/#organization\",\"name\":\"Vie Associative\",\"url\":\"https:\/\/vieassociative.be\/actualites\/\",\"logo\":{\"@type\":\"ImageObject\",\"inLanguage\":\"fr-BE\",\"@id\":\"https:\/\/vieassociative.be\/actualites\/#\/schema\/logo\/image\/\",\"url\":\"https:\/\/vieassociative.be\/actualites\/wp-content\/uploads\/2024\/09\/cropped-vieassociative_favicon.ico.png\",\"contentUrl\":\"https:\/\/vieassociative.be\/actualites\/wp-content\/uploads\/2024\/09\/cropped-vieassociative_favicon.ico.png\",\"width\":512,\"height\":512,\"caption\":\"Vie Associative\"},\"image\":{\"@id\":\"https:\/\/vieassociative.be\/actualites\/#\/schema\/logo\/image\/\"}},{\"@type\":\"Person\",\"@id\":\"https:\/\/vieassociative.be\/actualites\/#\/schema\/person\/b87ac4f82f9d4e7b7cec7395b679edc4\",\"name\":\"Julien\",\"image\":{\"@type\":\"ImageObject\",\"inLanguage\":\"fr-BE\",\"@id\":\"https:\/\/vieassociative.be\/actualites\/#\/schema\/person\/image\/\",\"url\":\"https:\/\/vieassociative.be\/actualites\/wp-content\/uploads\/2024\/09\/vie-associative-1-150x150.jpg\",\"contentUrl\":\"https:\/\/vieassociative.be\/actualites\/wp-content\/uploads\/2024\/09\/vie-associative-1-150x150.jpg\",\"caption\":\"Julien\"},\"description\":\"Je suis Julien, r\u00e9dacteur pour Vie Associative. Passionn\u00e9 par le monde associatif depuis plus de 10 ans, j'ai \u00e0 c\u0153ur de partager des histoires inspirantes et de mettre en lumi\u00e8re les initiatives locales. Mon objectif est de sensibiliser et d'encourager l'engagement communautaire \u00e0 travers mes articles.\",\"sameAs\":[\"https:\/\/vieassociative.be\/\"]}]}<\/script>\n<!-- \/ Yoast SEO plugin. -->","yoast_head_json":{"title":"DirecTV vient de publier une application pour les casques Meta Quest | Vie Associative","robots":{"index":"index","follow":"follow","max-snippet":"max-snippet:-1","max-image-preview":"max-image-preview:large","max-video-preview":"max-video-preview:-1"},"canonical":"https:\/\/vieassociative.be\/actualites\/directv-vient-de-publier-une-application-pour-les-casques-meta-quest\/","og_locale":"fr_FR","og_type":"article","og_title":"DirecTV vient de publier une application pour les casques Meta Quest | Vie Associative","og_description":"Nous pouvons gagner une commission sur les liens sur cette page. DirecTV a \u00e9t\u00e9 lanc\u00e9 pour les casques Meta Quest. Bien qu&rsquo;il existe d\u00e9j\u00e0 des","og_url":"https:\/\/vieassociative.be\/actualites\/directv-vient-de-publier-une-application-pour-les-casques-meta-quest\/","og_site_name":"Vie Associative","article_published_time":"2026-04-28T02:17:25+00:00","og_image":[{"url":"https:\/\/vieassociative.be\/actualites\/wp-content\/uploads\/2026\/04\/DirecTV-vient-de-publier-une-application-pour-les-casques-Meta.jpg","type":"","width":"","height":""}],"author":"Julien","twitter_card":"summary_large_image","twitter_misc":{"\u00c9crit par":"Julien","Dur\u00e9e de lecture est.":"2 minutes"},"schema":{"@context":"https:\/\/schema.org","@graph":[{"@type":"Article","@id":"https:\/\/vieassociative.be\/actualites\/directv-vient-de-publier-une-application-pour-les-casques-meta-quest\/#article","isPartOf":{"@id":"https:\/\/vieassociative.be\/actualites\/directv-vient-de-publier-une-application-pour-les-casques-meta-quest\/"},"author":{"name":"Julien","@id":"https:\/\/vieassociative.be\/actualites\/#\/schema\/person\/b87ac4f82f9d4e7b7cec7395b679edc4"},"headline":"DirecTV vient de publier une application pour les casques Meta Quest","datePublished":"2026-04-28T02:17:25+00:00","dateModified":"2026-04-28T02:17:25+00:00","mainEntityOfPage":{"@id":"https:\/\/vieassociative.be\/actualites\/directv-vient-de-publier-une-application-pour-les-casques-meta-quest\/"},"wordCount":490,"publisher":{"@id":"https:\/\/vieassociative.be\/actualites\/#organization"},"image":{"@id":"https:\/\/vieassociative.be\/actualites\/directv-vient-de-publier-une-application-pour-les-casques-meta-quest\/#primaryimage"},"thumbnailUrl":"https:\/\/vieassociative.be\/actualites\/wp-content\/uploads\/2026\/04\/DirecTV-vient-de-publier-une-application-pour-les-casques-Meta.png","keywords":["application","casques","DirecTV","Les","Meta","pour","publier","Quest","une","vient"],"articleSection":["Technologie"],"inLanguage":"fr-BE"},{"@type":"WebPage","@id":"https:\/\/vieassociative.be\/actualites\/directv-vient-de-publier-une-application-pour-les-casques-meta-quest\/","url":"https:\/\/vieassociative.be\/actualites\/directv-vient-de-publier-une-application-pour-les-casques-meta-quest\/","name":"DirecTV vient de publier une application pour les casques Meta Quest | Vie Associative","isPartOf":{"@id":"https:\/\/vieassociative.be\/actualites\/#website"},"primaryImageOfPage":{"@id":"https:\/\/vieassociative.be\/actualites\/directv-vient-de-publier-une-application-pour-les-casques-meta-quest\/#primaryimage"},"image":{"@id":"https:\/\/vieassociative.be\/actualites\/directv-vient-de-publier-une-application-pour-les-casques-meta-quest\/#primaryimage"},"thumbnailUrl":"https:\/\/vieassociative.be\/actualites\/wp-content\/uploads\/2026\/04\/DirecTV-vient-de-publier-une-application-pour-les-casques-Meta.png","datePublished":"2026-04-28T02:17:25+00:00","dateModified":"2026-04-28T02:17:25+00:00","breadcrumb":{"@id":"https:\/\/vieassociative.be\/actualites\/directv-vient-de-publier-une-application-pour-les-casques-meta-quest\/#breadcrumb"},"inLanguage":"fr-BE","potentialAction":[{"@type":"ReadAction","target":["https:\/\/vieassociative.be\/actualites\/directv-vient-de-publier-une-application-pour-les-casques-meta-quest\/"]}]},{"@type":"ImageObject","inLanguage":"fr-BE","@id":"https:\/\/vieassociative.be\/actualites\/directv-vient-de-publier-une-application-pour-les-casques-meta-quest\/#primaryimage","url":"https:\/\/vieassociative.be\/actualites\/wp-content\/uploads\/2026\/04\/DirecTV-vient-de-publier-une-application-pour-les-casques-Meta.png","contentUrl":"https:\/\/vieassociative.be\/actualites\/wp-content\/uploads\/2026\/04\/DirecTV-vient-de-publier-une-application-pour-les-casques-Meta.png","width":1200,"height":675,"caption":"DirecTV vient de publier une application pour les casques Meta Quest"},{"@type":"BreadcrumbList","@id":"https:\/\/vieassociative.be\/actualites\/directv-vient-de-publier-une-application-pour-les-casques-meta-quest\/#breadcrumb","itemListElement":[{"@type":"ListItem","position":1,"name":"Accueil","item":"https:\/\/vieassociative.be\/actualites\/"},{"@type":"ListItem","position":2,"name":"DirecTV vient de publier une application pour les casques Meta Quest"}]},{"@type":"WebSite","@id":"https:\/\/vieassociative.be\/actualites\/#website","url":"https:\/\/vieassociative.be\/actualites\/","name":"Vie Associative","description":"","publisher":{"@id":"https:\/\/vieassociative.be\/actualites\/#organization"},"potentialAction":[{"@type":"SearchAction","target":{"@type":"EntryPoint","urlTemplate":"https:\/\/vieassociative.be\/actualites\/?s={search_term_string}"},"query-input":{"@type":"PropertyValueSpecification","valueRequired":true,"valueName":"search_term_string"}}],"inLanguage":"fr-BE"},{"@type":"Organization","@id":"https:\/\/vieassociative.be\/actualites\/#organization","name":"Vie Associative","url":"https:\/\/vieassociative.be\/actualites\/","logo":{"@type":"ImageObject","inLanguage":"fr-BE","@id":"https:\/\/vieassociative.be\/actualites\/#\/schema\/logo\/image\/","url":"https:\/\/vieassociative.be\/actualites\/wp-content\/uploads\/2024\/09\/cropped-vieassociative_favicon.ico.png","contentUrl":"https:\/\/vieassociative.be\/actualites\/wp-content\/uploads\/2024\/09\/cropped-vieassociative_favicon.ico.png","width":512,"height":512,"caption":"Vie Associative"},"image":{"@id":"https:\/\/vieassociative.be\/actualites\/#\/schema\/logo\/image\/"}},{"@type":"Person","@id":"https:\/\/vieassociative.be\/actualites\/#\/schema\/person\/b87ac4f82f9d4e7b7cec7395b679edc4","name":"Julien","image":{"@type":"ImageObject","inLanguage":"fr-BE","@id":"https:\/\/vieassociative.be\/actualites\/#\/schema\/person\/image\/","url":"https:\/\/vieassociative.be\/actualites\/wp-content\/uploads\/2024\/09\/vie-associative-1-150x150.jpg","contentUrl":"https:\/\/vieassociative.be\/actualites\/wp-content\/uploads\/2024\/09\/vie-associative-1-150x150.jpg","caption":"Julien"},"description":"Je suis Julien, r\u00e9dacteur pour Vie Associative. Passionn\u00e9 par le monde associatif depuis plus de 10 ans, j'ai \u00e0 c\u0153ur de partager des histoires inspirantes et de mettre en lumi\u00e8re les initiatives locales. Mon objectif est de sensibiliser et d'encourager l'engagement communautaire \u00e0 travers mes articles.","sameAs":["https:\/\/vieassociative.be\/"]}]}},"_links":{"self":[{"href":"https:\/\/vieassociative.be\/actualites\/wp-json\/wp\/v2\/posts\/13606"}],"collection":[{"href":"https:\/\/vieassociative.be\/actualites\/wp-json\/wp\/v2\/posts"}],"about":[{"href":"https:\/\/vieassociative.be\/actualites\/wp-json\/wp\/v2\/types\/post"}],"author":[{"embeddable":true,"href":"https:\/\/vieassociative.be\/actualites\/wp-json\/wp\/v2\/users\/1"}],"replies":[{"embeddable":true,"href":"https:\/\/vieassociative.be\/actualites\/wp-json\/wp\/v2\/comments?post=13606"}],"version-history":[{"count":0,"href":"https:\/\/vieassociative.be\/actualites\/wp-json\/wp\/v2\/posts\/13606\/revisions"}],"wp:featuredmedia":[{"embeddable":true,"href":"https:\/\/vieassociative.be\/actualites\/wp-json\/wp\/v2\/media\/13607"}],"wp:attachment":[{"href":"https:\/\/vieassociative.be\/actualites\/wp-json\/wp\/v2\/media?parent=13606"}],"wp:term":[{"taxonomy":"category","embeddable":true,"href":"https:\/\/vieassociative.be\/actualites\/wp-json\/wp\/v2\/categories?post=13606"},{"taxonomy":"post_tag","embeddable":true,"href":"https:\/\/vieassociative.be\/actualites\/wp-json\/wp\/v2\/tags?post=13606"}],"curies":[{"name":"wp","href":"https:\/\/api.w.org\/{rel}","templated":true}]}}