{"id":13604,"date":"2026-04-27T23:17:48","date_gmt":"2026-04-27T21:17:48","guid":{"rendered":"https:\/\/vieassociative.be\/actualites\/la-belgique-a-de-plus-en-plus-besoin-delectricite-de-letranger-principalement-de-france-et-des-pays-bas\/"},"modified":"2026-04-27T23:17:48","modified_gmt":"2026-04-27T21:17:48","slug":"la-belgique-a-de-plus-en-plus-besoin-delectricite-de-letranger-principalement-de-france-et-des-pays-bas","status":"publish","type":"post","link":"https:\/\/vieassociative.be\/actualites\/la-belgique-a-de-plus-en-plus-besoin-delectricite-de-letranger-principalement-de-france-et-des-pays-bas\/","title":{"rendered":"La Belgique a de plus en plus besoin d&rsquo;\u00e9lectricit\u00e9 de l&rsquo;\u00e9tranger, principalement de France et des Pays-Bas."},"content":{"rendered":"<p><strong>La Belgique a franchi un seuil historique en avril 2026 \u2013 et cela soul\u00e8ve des questions inconfortables. Le pays n\u2019a jamais \u00e9t\u00e9 aussi d\u00e9pendant de l\u2019\u00e9lectricit\u00e9 \u00e9trang\u00e8re.<\/strong><\/p>\n<p><span id=\"more-438645\"><\/span>Les donn\u00e9es de la plateforme Energy Charts, bas\u00e9es sur les informations du gestionnaire de r\u00e9seau du groupe Elia, montrent une \u00e9volution que les experts pr\u00e9voyaient depuis des ann\u00e9es &#8211; mais qui devient aujourd&rsquo;hui une r\u00e9alit\u00e9 de plein fouet.<\/p>\n<p>Ce qui a longtemps \u00e9t\u00e9 consid\u00e9r\u00e9 comme une phase de transition \u00e9volue de plus en plus vers une situation structurelle : la Belgique est d\u00e9pendante du r\u00e9seau \u00e9lectrique de ses voisins.<\/p>\n<p>Comme le rapporte le quotidien flamand \u00ab De Standaard \u00bb, le pays a couvert en avril plus que jamais auparavant ses besoins en \u00e9lectricit\u00e9 gr\u00e2ce aux importations. Les livraisons en provenance de France et des Pays-Bas notamment ont maintenu l&rsquo;\u00e9clairage. Sans eux, la situation de l\u2019offre aurait \u00e9t\u00e9 nettement plus tendue.<\/p>\n<p><strong>\u2013 Un pays perd sa base \u00e9nerg\u00e9tique :<\/strong> Les raisons de cette \u00e9volution sont profondes \u2013 et en grande partie d\u2019origine locale. La Belgique r\u00e9duit sa capacit\u00e9 nucl\u00e9aire depuis des ann\u00e9es. Sur les sept r\u00e9acteurs qui existaient autrefois, seuls deux sont encore en activit\u00e9 aujourd&rsquo;hui : Doel 4 pr\u00e8s d&rsquo;Anvers et Tihange 3 pr\u00e8s de Li\u00e8ge. Ils sont consid\u00e9r\u00e9s comme les derniers piliers stables de la production nationale d\u2019\u00e9lectricit\u00e9 et devraient actuellement se poursuivre jusqu\u2019en 2035.<\/p>\n<div id=\"attachment_415636\" class=\"wp-caption alignleft\" style=\"max-width: 300px\"><img fetchpriority=\"high\" decoding=\"async\" class=\"wp-image-415636 size-medium\" src=\"https:\/\/vieassociative.be\/actualites\/wp-content\/uploads\/2025\/05\/La-Belgique-se-deshabille-de-lenergie-nucleaire-Luc-Frank.jpg\" alt=\"\" width=\"300\" height=\"175\"  ><\/div>\n<p>Le reste appartient d\u00e9j\u00e0 \u00e0 l\u2019histoire : plusieurs r\u00e9acteurs ont \u00e9t\u00e9 arr\u00eat\u00e9s ces derni\u00e8res ann\u00e9es. Cela signifie qu\u2019une grande partie de la charge de base fiable a disparu. Ce qui reste, c\u2019est un syst\u00e8me \u00e9nerg\u00e9tique en transition \u2013 mais toujours sans fondation stable.<\/p>\n<p>Dans le m\u00eame temps, la part des \u00e9nergies renouvelables augmente. Les \u00e9oliennes et les syst\u00e8mes solaires fournissent de plus en plus d&rsquo;\u00e9lectricit\u00e9, mais pas toujours lorsque cela est n\u00e9cessaire. S\u2019il n\u2019y a pas de vent ou si le soleil est cach\u00e9, un espace se cr\u00e9e. Une lacune que la Belgique doit de plus en plus combler \u00e0 l\u2019\u00e9tranger.<\/p>\n<p><strong>\u2013 D\u00e9pendance \u00e0 risque :<\/strong> Cette \u00e9volution est plus qu\u2019une simple note statistique. Cela change fondamentalement le r\u00f4le de la Belgique dans le syst\u00e8me \u00e9nerg\u00e9tique europ\u00e9en. Parce que quiconque d\u00e9pend des importations se rend vuln\u00e9rable. Si les prix augmentent \u00e0 l\u2019\u00e9tranger ou si les pays voisins eux-m\u00eames sont sous pression, la situation peut rapidement se d\u00e9t\u00e9riorer. Le contr\u00f4le de votre propre approvisionnement en \u00e9nergie dispara\u00eet \u2013 petit \u00e0 petit.<\/p>\n<p>Dans le m\u00eame temps, la concurrence pour l\u2019\u00e9lectricit\u00e9 s\u2019intensifie en Europe. De plus en plus de pays s&rsquo;appuient sur les \u00e9nergies renouvelables et des march\u00e9s flexibles. En p\u00e9riode de forte demande, cela peut signifier que si vous arrivez en retard, vous payez plus \u2013 ou obtenez moins.<\/p>\n<p><strong>\u2013 Signal d\u2019avertissement pour l\u2019avenir :<\/strong> Le mois record d\u2019avril n\u2019est donc pas une exception. C&rsquo;est un signal d&rsquo;alarme. La Belgique se trouve \u00e0 un tournant : le pays doit-il continuer \u00e0 d\u00e9pendre fortement des importations \u2013 ou doit-il \u00e0 nouveau renforcer ses propres capacit\u00e9s ? La r\u00e9ponse \u00e0 cette question influencera non seulement les prix de l\u2019\u00e9lectricit\u00e9, mais aussi la s\u00e9curit\u00e9 de l\u2019approvisionnement dans les ann\u00e9es \u00e0 venir. Le mois d\u2019avril montre d\u00e9j\u00e0 clairement une chose : l\u2019\u00e9poque de la complaisance en mati\u00e8re de politique \u00e9nerg\u00e9tique est r\u00e9volue. (cr\u00e9er)<\/p>\n","protected":false},"excerpt":{"rendered":"<p>La Belgique a franchi un seuil historique en avril 2026 \u2013 et cela soul\u00e8ve des questions inconfortables. Le pays n\u2019a jamais \u00e9t\u00e9 aussi d\u00e9pendant de<\/p>\n","protected":false},"author":1,"featured_media":13605,"comment_status":"","ping_status":"","sticky":false,"template":"","format":"standard","meta":{"footnotes":""},"categories":[298],"tags":[383,259,7644,29,2444,2451,3172,2824],"class_list":["post-13604","post","type-post","status-publish","format-standard","has-post-thumbnail","hentry","category-belgique","tag-belgique","tag-besoin","tag-delectricite","tag-des","tag-france","tag-letranger","tag-paysbas","tag-principalement","generate-columns","tablet-grid-50","mobile-grid-100","grid-parent","grid-33"],"yoast_head":"<!-- This site is optimized with the Yoast SEO plugin v24.0 - https:\/\/yoast.com\/wordpress\/plugins\/seo\/ -->\n<title>La Belgique a de plus en plus besoin d&#039;\u00e9lectricit\u00e9 de l&#039;\u00e9tranger, principalement de France et des Pays-Bas. | Vie Associative<\/title>\n<meta name=\"robots\" content=\"index, follow, max-snippet:-1, max-image-preview:large, max-video-preview:-1\" \/>\n<link rel=\"canonical\" href=\"https:\/\/vieassociative.be\/actualites\/la-belgique-a-de-plus-en-plus-besoin-delectricite-de-letranger-principalement-de-france-et-des-pays-bas\/\" \/>\n<meta property=\"og:locale\" content=\"fr_FR\" \/>\n<meta property=\"og:type\" content=\"article\" \/>\n<meta property=\"og:title\" content=\"La Belgique a de plus en plus besoin d&#039;\u00e9lectricit\u00e9 de l&#039;\u00e9tranger, principalement de France et des Pays-Bas. | Vie Associative\" \/>\n<meta property=\"og:description\" content=\"La Belgique a franchi un seuil historique en avril 2026 \u2013 et cela soul\u00e8ve des questions inconfortables. Le pays n\u2019a jamais \u00e9t\u00e9 aussi d\u00e9pendant de\" \/>\n<meta property=\"og:url\" content=\"https:\/\/vieassociative.be\/actualites\/la-belgique-a-de-plus-en-plus-besoin-delectricite-de-letranger-principalement-de-france-et-des-pays-bas\/\" \/>\n<meta property=\"og:site_name\" content=\"Vie Associative\" \/>\n<meta property=\"article:published_time\" content=\"2026-04-27T21:17:48+00:00\" \/>\n<meta property=\"og:image\" content=\"https:\/\/vieassociative.be\/actualites\/wp-content\/uploads\/2024\/09\/header_backgroundk-01-e1726694325946.png\" \/>\n\t<meta property=\"og:image:width\" content=\"279\" \/>\n\t<meta property=\"og:image:height\" content=\"92\" \/>\n\t<meta property=\"og:image:type\" content=\"image\/png\" \/>\n<meta name=\"author\" content=\"Julien\" \/>\n<meta name=\"twitter:card\" content=\"summary_large_image\" \/>\n<meta name=\"twitter:label1\" content=\"\u00c9crit par\" \/>\n\t<meta name=\"twitter:data1\" content=\"Julien\" \/>\n\t<meta name=\"twitter:label2\" content=\"Dur\u00e9e de lecture est.\" \/>\n\t<meta name=\"twitter:data2\" content=\"3 minutes\" \/>\n<script type=\"application\/ld+json\" class=\"yoast-schema-graph\">{\"@context\":\"https:\/\/schema.org\",\"@graph\":[{\"@type\":\"Article\",\"@id\":\"https:\/\/vieassociative.be\/actualites\/la-belgique-a-de-plus-en-plus-besoin-delectricite-de-letranger-principalement-de-france-et-des-pays-bas\/#article\",\"isPartOf\":{\"@id\":\"https:\/\/vieassociative.be\/actualites\/la-belgique-a-de-plus-en-plus-besoin-delectricite-de-letranger-principalement-de-france-et-des-pays-bas\/\"},\"author\":{\"name\":\"Julien\",\"@id\":\"https:\/\/vieassociative.be\/actualites\/#\/schema\/person\/b87ac4f82f9d4e7b7cec7395b679edc4\"},\"headline\":\"La Belgique a de plus en plus besoin d&rsquo;\u00e9lectricit\u00e9 de l&rsquo;\u00e9tranger, principalement de France et des Pays-Bas.\",\"datePublished\":\"2026-04-27T21:17:48+00:00\",\"dateModified\":\"2026-04-27T21:17:48+00:00\",\"mainEntityOfPage\":{\"@id\":\"https:\/\/vieassociative.be\/actualites\/la-belgique-a-de-plus-en-plus-besoin-delectricite-de-letranger-principalement-de-france-et-des-pays-bas\/\"},\"wordCount\":607,\"publisher\":{\"@id\":\"https:\/\/vieassociative.be\/actualites\/#organization\"},\"image\":{\"@id\":\"https:\/\/vieassociative.be\/actualites\/la-belgique-a-de-plus-en-plus-besoin-delectricite-de-letranger-principalement-de-france-et-des-pays-bas\/#primaryimage\"},\"thumbnailUrl\":\"https:\/\/vieassociative.be\/actualites\/wp-content\/uploads\/2026\/04\/La-Belgique-a-de-plus-en-plus-besoin-delectricite-de.jpg\",\"keywords\":[\"Belgique\",\"besoin\",\"d\u00e9lectricit\u00e9\",\"Des\",\"France\",\"l\u00e9tranger\",\"PaysBas\",\"principalement\"],\"articleSection\":[\"Belgique\"],\"inLanguage\":\"fr-BE\"},{\"@type\":\"WebPage\",\"@id\":\"https:\/\/vieassociative.be\/actualites\/la-belgique-a-de-plus-en-plus-besoin-delectricite-de-letranger-principalement-de-france-et-des-pays-bas\/\",\"url\":\"https:\/\/vieassociative.be\/actualites\/la-belgique-a-de-plus-en-plus-besoin-delectricite-de-letranger-principalement-de-france-et-des-pays-bas\/\",\"name\":\"La Belgique a de plus en plus besoin d'\u00e9lectricit\u00e9 de l'\u00e9tranger, principalement de France et des Pays-Bas. | Vie Associative\",\"isPartOf\":{\"@id\":\"https:\/\/vieassociative.be\/actualites\/#website\"},\"primaryImageOfPage\":{\"@id\":\"https:\/\/vieassociative.be\/actualites\/la-belgique-a-de-plus-en-plus-besoin-delectricite-de-letranger-principalement-de-france-et-des-pays-bas\/#primaryimage\"},\"image\":{\"@id\":\"https:\/\/vieassociative.be\/actualites\/la-belgique-a-de-plus-en-plus-besoin-delectricite-de-letranger-principalement-de-france-et-des-pays-bas\/#primaryimage\"},\"thumbnailUrl\":\"https:\/\/vieassociative.be\/actualites\/wp-content\/uploads\/2026\/04\/La-Belgique-a-de-plus-en-plus-besoin-delectricite-de.jpg\",\"datePublished\":\"2026-04-27T21:17:48+00:00\",\"dateModified\":\"2026-04-27T21:17:48+00:00\",\"breadcrumb\":{\"@id\":\"https:\/\/vieassociative.be\/actualites\/la-belgique-a-de-plus-en-plus-besoin-delectricite-de-letranger-principalement-de-france-et-des-pays-bas\/#breadcrumb\"},\"inLanguage\":\"fr-BE\",\"potentialAction\":[{\"@type\":\"ReadAction\",\"target\":[\"https:\/\/vieassociative.be\/actualites\/la-belgique-a-de-plus-en-plus-besoin-delectricite-de-letranger-principalement-de-france-et-des-pays-bas\/\"]}]},{\"@type\":\"ImageObject\",\"inLanguage\":\"fr-BE\",\"@id\":\"https:\/\/vieassociative.be\/actualites\/la-belgique-a-de-plus-en-plus-besoin-delectricite-de-letranger-principalement-de-france-et-des-pays-bas\/#primaryimage\",\"url\":\"https:\/\/vieassociative.be\/actualites\/wp-content\/uploads\/2026\/04\/La-Belgique-a-de-plus-en-plus-besoin-delectricite-de.jpg\",\"contentUrl\":\"https:\/\/vieassociative.be\/actualites\/wp-content\/uploads\/2026\/04\/La-Belgique-a-de-plus-en-plus-besoin-delectricite-de.jpg\",\"width\":1000,\"height\":665,\"caption\":\"La Belgique a de plus en plus besoin d'\u00e9lectricit\u00e9 de l'\u00e9tranger, principalement de France et des Pays-Bas.\"},{\"@type\":\"BreadcrumbList\",\"@id\":\"https:\/\/vieassociative.be\/actualites\/la-belgique-a-de-plus-en-plus-besoin-delectricite-de-letranger-principalement-de-france-et-des-pays-bas\/#breadcrumb\",\"itemListElement\":[{\"@type\":\"ListItem\",\"position\":1,\"name\":\"Accueil\",\"item\":\"https:\/\/vieassociative.be\/actualites\/\"},{\"@type\":\"ListItem\",\"position\":2,\"name\":\"La Belgique a de plus en plus besoin d&rsquo;\u00e9lectricit\u00e9 de l&rsquo;\u00e9tranger, principalement de France et des Pays-Bas.\"}]},{\"@type\":\"WebSite\",\"@id\":\"https:\/\/vieassociative.be\/actualites\/#website\",\"url\":\"https:\/\/vieassociative.be\/actualites\/\",\"name\":\"Vie Associative\",\"description\":\"\",\"publisher\":{\"@id\":\"https:\/\/vieassociative.be\/actualites\/#organization\"},\"potentialAction\":[{\"@type\":\"SearchAction\",\"target\":{\"@type\":\"EntryPoint\",\"urlTemplate\":\"https:\/\/vieassociative.be\/actualites\/?s={search_term_string}\"},\"query-input\":{\"@type\":\"PropertyValueSpecification\",\"valueRequired\":true,\"valueName\":\"search_term_string\"}}],\"inLanguage\":\"fr-BE\"},{\"@type\":\"Organization\",\"@id\":\"https:\/\/vieassociative.be\/actualites\/#organization\",\"name\":\"Vie Associative\",\"url\":\"https:\/\/vieassociative.be\/actualites\/\",\"logo\":{\"@type\":\"ImageObject\",\"inLanguage\":\"fr-BE\",\"@id\":\"https:\/\/vieassociative.be\/actualites\/#\/schema\/logo\/image\/\",\"url\":\"https:\/\/vieassociative.be\/actualites\/wp-content\/uploads\/2024\/09\/cropped-vieassociative_favicon.ico.png\",\"contentUrl\":\"https:\/\/vieassociative.be\/actualites\/wp-content\/uploads\/2024\/09\/cropped-vieassociative_favicon.ico.png\",\"width\":512,\"height\":512,\"caption\":\"Vie Associative\"},\"image\":{\"@id\":\"https:\/\/vieassociative.be\/actualites\/#\/schema\/logo\/image\/\"}},{\"@type\":\"Person\",\"@id\":\"https:\/\/vieassociative.be\/actualites\/#\/schema\/person\/b87ac4f82f9d4e7b7cec7395b679edc4\",\"name\":\"Julien\",\"image\":{\"@type\":\"ImageObject\",\"inLanguage\":\"fr-BE\",\"@id\":\"https:\/\/vieassociative.be\/actualites\/#\/schema\/person\/image\/\",\"url\":\"https:\/\/vieassociative.be\/actualites\/wp-content\/uploads\/2024\/09\/vie-associative-1-150x150.jpg\",\"contentUrl\":\"https:\/\/vieassociative.be\/actualites\/wp-content\/uploads\/2024\/09\/vie-associative-1-150x150.jpg\",\"caption\":\"Julien\"},\"description\":\"Je suis Julien, r\u00e9dacteur pour Vie Associative. Passionn\u00e9 par le monde associatif depuis plus de 10 ans, j'ai \u00e0 c\u0153ur de partager des histoires inspirantes et de mettre en lumi\u00e8re les initiatives locales. Mon objectif est de sensibiliser et d'encourager l'engagement communautaire \u00e0 travers mes articles.\",\"sameAs\":[\"https:\/\/vieassociative.be\/\"]}]}<\/script>\n<!-- \/ Yoast SEO plugin. -->","yoast_head_json":{"title":"La Belgique a de plus en plus besoin d'\u00e9lectricit\u00e9 de l'\u00e9tranger, principalement de France et des Pays-Bas. | Vie Associative","robots":{"index":"index","follow":"follow","max-snippet":"max-snippet:-1","max-image-preview":"max-image-preview:large","max-video-preview":"max-video-preview:-1"},"canonical":"https:\/\/vieassociative.be\/actualites\/la-belgique-a-de-plus-en-plus-besoin-delectricite-de-letranger-principalement-de-france-et-des-pays-bas\/","og_locale":"fr_FR","og_type":"article","og_title":"La Belgique a de plus en plus besoin d'\u00e9lectricit\u00e9 de l'\u00e9tranger, principalement de France et des Pays-Bas. | Vie Associative","og_description":"La Belgique a franchi un seuil historique en avril 2026 \u2013 et cela soul\u00e8ve des questions inconfortables. Le pays n\u2019a jamais \u00e9t\u00e9 aussi d\u00e9pendant de","og_url":"https:\/\/vieassociative.be\/actualites\/la-belgique-a-de-plus-en-plus-besoin-delectricite-de-letranger-principalement-de-france-et-des-pays-bas\/","og_site_name":"Vie Associative","article_published_time":"2026-04-27T21:17:48+00:00","og_image":[{"width":279,"height":92,"url":"https:\/\/vieassociative.be\/actualites\/wp-content\/uploads\/2024\/09\/header_backgroundk-01-e1726694325946.png","type":"image\/png"}],"author":"Julien","twitter_card":"summary_large_image","twitter_misc":{"\u00c9crit par":"Julien","Dur\u00e9e de lecture est.":"3 minutes"},"schema":{"@context":"https:\/\/schema.org","@graph":[{"@type":"Article","@id":"https:\/\/vieassociative.be\/actualites\/la-belgique-a-de-plus-en-plus-besoin-delectricite-de-letranger-principalement-de-france-et-des-pays-bas\/#article","isPartOf":{"@id":"https:\/\/vieassociative.be\/actualites\/la-belgique-a-de-plus-en-plus-besoin-delectricite-de-letranger-principalement-de-france-et-des-pays-bas\/"},"author":{"name":"Julien","@id":"https:\/\/vieassociative.be\/actualites\/#\/schema\/person\/b87ac4f82f9d4e7b7cec7395b679edc4"},"headline":"La Belgique a de plus en plus besoin d&rsquo;\u00e9lectricit\u00e9 de l&rsquo;\u00e9tranger, principalement de France et des Pays-Bas.","datePublished":"2026-04-27T21:17:48+00:00","dateModified":"2026-04-27T21:17:48+00:00","mainEntityOfPage":{"@id":"https:\/\/vieassociative.be\/actualites\/la-belgique-a-de-plus-en-plus-besoin-delectricite-de-letranger-principalement-de-france-et-des-pays-bas\/"},"wordCount":607,"publisher":{"@id":"https:\/\/vieassociative.be\/actualites\/#organization"},"image":{"@id":"https:\/\/vieassociative.be\/actualites\/la-belgique-a-de-plus-en-plus-besoin-delectricite-de-letranger-principalement-de-france-et-des-pays-bas\/#primaryimage"},"thumbnailUrl":"https:\/\/vieassociative.be\/actualites\/wp-content\/uploads\/2026\/04\/La-Belgique-a-de-plus-en-plus-besoin-delectricite-de.jpg","keywords":["Belgique","besoin","d\u00e9lectricit\u00e9","Des","France","l\u00e9tranger","PaysBas","principalement"],"articleSection":["Belgique"],"inLanguage":"fr-BE"},{"@type":"WebPage","@id":"https:\/\/vieassociative.be\/actualites\/la-belgique-a-de-plus-en-plus-besoin-delectricite-de-letranger-principalement-de-france-et-des-pays-bas\/","url":"https:\/\/vieassociative.be\/actualites\/la-belgique-a-de-plus-en-plus-besoin-delectricite-de-letranger-principalement-de-france-et-des-pays-bas\/","name":"La Belgique a de plus en plus besoin d'\u00e9lectricit\u00e9 de l'\u00e9tranger, principalement de France et des Pays-Bas. | Vie Associative","isPartOf":{"@id":"https:\/\/vieassociative.be\/actualites\/#website"},"primaryImageOfPage":{"@id":"https:\/\/vieassociative.be\/actualites\/la-belgique-a-de-plus-en-plus-besoin-delectricite-de-letranger-principalement-de-france-et-des-pays-bas\/#primaryimage"},"image":{"@id":"https:\/\/vieassociative.be\/actualites\/la-belgique-a-de-plus-en-plus-besoin-delectricite-de-letranger-principalement-de-france-et-des-pays-bas\/#primaryimage"},"thumbnailUrl":"https:\/\/vieassociative.be\/actualites\/wp-content\/uploads\/2026\/04\/La-Belgique-a-de-plus-en-plus-besoin-delectricite-de.jpg","datePublished":"2026-04-27T21:17:48+00:00","dateModified":"2026-04-27T21:17:48+00:00","breadcrumb":{"@id":"https:\/\/vieassociative.be\/actualites\/la-belgique-a-de-plus-en-plus-besoin-delectricite-de-letranger-principalement-de-france-et-des-pays-bas\/#breadcrumb"},"inLanguage":"fr-BE","potentialAction":[{"@type":"ReadAction","target":["https:\/\/vieassociative.be\/actualites\/la-belgique-a-de-plus-en-plus-besoin-delectricite-de-letranger-principalement-de-france-et-des-pays-bas\/"]}]},{"@type":"ImageObject","inLanguage":"fr-BE","@id":"https:\/\/vieassociative.be\/actualites\/la-belgique-a-de-plus-en-plus-besoin-delectricite-de-letranger-principalement-de-france-et-des-pays-bas\/#primaryimage","url":"https:\/\/vieassociative.be\/actualites\/wp-content\/uploads\/2026\/04\/La-Belgique-a-de-plus-en-plus-besoin-delectricite-de.jpg","contentUrl":"https:\/\/vieassociative.be\/actualites\/wp-content\/uploads\/2026\/04\/La-Belgique-a-de-plus-en-plus-besoin-delectricite-de.jpg","width":1000,"height":665,"caption":"La Belgique a de plus en plus besoin d'\u00e9lectricit\u00e9 de l'\u00e9tranger, principalement de France et des Pays-Bas."},{"@type":"BreadcrumbList","@id":"https:\/\/vieassociative.be\/actualites\/la-belgique-a-de-plus-en-plus-besoin-delectricite-de-letranger-principalement-de-france-et-des-pays-bas\/#breadcrumb","itemListElement":[{"@type":"ListItem","position":1,"name":"Accueil","item":"https:\/\/vieassociative.be\/actualites\/"},{"@type":"ListItem","position":2,"name":"La Belgique a de plus en plus besoin d&rsquo;\u00e9lectricit\u00e9 de l&rsquo;\u00e9tranger, principalement de France et des Pays-Bas."}]},{"@type":"WebSite","@id":"https:\/\/vieassociative.be\/actualites\/#website","url":"https:\/\/vieassociative.be\/actualites\/","name":"Vie Associative","description":"","publisher":{"@id":"https:\/\/vieassociative.be\/actualites\/#organization"},"potentialAction":[{"@type":"SearchAction","target":{"@type":"EntryPoint","urlTemplate":"https:\/\/vieassociative.be\/actualites\/?s={search_term_string}"},"query-input":{"@type":"PropertyValueSpecification","valueRequired":true,"valueName":"search_term_string"}}],"inLanguage":"fr-BE"},{"@type":"Organization","@id":"https:\/\/vieassociative.be\/actualites\/#organization","name":"Vie Associative","url":"https:\/\/vieassociative.be\/actualites\/","logo":{"@type":"ImageObject","inLanguage":"fr-BE","@id":"https:\/\/vieassociative.be\/actualites\/#\/schema\/logo\/image\/","url":"https:\/\/vieassociative.be\/actualites\/wp-content\/uploads\/2024\/09\/cropped-vieassociative_favicon.ico.png","contentUrl":"https:\/\/vieassociative.be\/actualites\/wp-content\/uploads\/2024\/09\/cropped-vieassociative_favicon.ico.png","width":512,"height":512,"caption":"Vie Associative"},"image":{"@id":"https:\/\/vieassociative.be\/actualites\/#\/schema\/logo\/image\/"}},{"@type":"Person","@id":"https:\/\/vieassociative.be\/actualites\/#\/schema\/person\/b87ac4f82f9d4e7b7cec7395b679edc4","name":"Julien","image":{"@type":"ImageObject","inLanguage":"fr-BE","@id":"https:\/\/vieassociative.be\/actualites\/#\/schema\/person\/image\/","url":"https:\/\/vieassociative.be\/actualites\/wp-content\/uploads\/2024\/09\/vie-associative-1-150x150.jpg","contentUrl":"https:\/\/vieassociative.be\/actualites\/wp-content\/uploads\/2024\/09\/vie-associative-1-150x150.jpg","caption":"Julien"},"description":"Je suis Julien, r\u00e9dacteur pour Vie Associative. Passionn\u00e9 par le monde associatif depuis plus de 10 ans, j'ai \u00e0 c\u0153ur de partager des histoires inspirantes et de mettre en lumi\u00e8re les initiatives locales. Mon objectif est de sensibiliser et d'encourager l'engagement communautaire \u00e0 travers mes articles.","sameAs":["https:\/\/vieassociative.be\/"]}]}},"_links":{"self":[{"href":"https:\/\/vieassociative.be\/actualites\/wp-json\/wp\/v2\/posts\/13604"}],"collection":[{"href":"https:\/\/vieassociative.be\/actualites\/wp-json\/wp\/v2\/posts"}],"about":[{"href":"https:\/\/vieassociative.be\/actualites\/wp-json\/wp\/v2\/types\/post"}],"author":[{"embeddable":true,"href":"https:\/\/vieassociative.be\/actualites\/wp-json\/wp\/v2\/users\/1"}],"replies":[{"embeddable":true,"href":"https:\/\/vieassociative.be\/actualites\/wp-json\/wp\/v2\/comments?post=13604"}],"version-history":[{"count":0,"href":"https:\/\/vieassociative.be\/actualites\/wp-json\/wp\/v2\/posts\/13604\/revisions"}],"wp:featuredmedia":[{"embeddable":true,"href":"https:\/\/vieassociative.be\/actualites\/wp-json\/wp\/v2\/media\/13605"}],"wp:attachment":[{"href":"https:\/\/vieassociative.be\/actualites\/wp-json\/wp\/v2\/media?parent=13604"}],"wp:term":[{"taxonomy":"category","embeddable":true,"href":"https:\/\/vieassociative.be\/actualites\/wp-json\/wp\/v2\/categories?post=13604"},{"taxonomy":"post_tag","embeddable":true,"href":"https:\/\/vieassociative.be\/actualites\/wp-json\/wp\/v2\/tags?post=13604"}],"curies":[{"name":"wp","href":"https:\/\/api.w.org\/{rel}","templated":true}]}}