{"id":13602,"date":"2026-04-27T22:18:04","date_gmt":"2026-04-27T20:18:04","guid":{"rendered":"https:\/\/vieassociative.be\/actualites\/certains-appareils-iphone-17-ne-sallument-pas-une-fois-leurs-batteries-epuisees\/"},"modified":"2026-04-27T22:18:04","modified_gmt":"2026-04-27T20:18:04","slug":"certains-appareils-iphone-17-ne-sallument-pas-une-fois-leurs-batteries-epuisees","status":"publish","type":"post","link":"https:\/\/vieassociative.be\/actualites\/certains-appareils-iphone-17-ne-sallument-pas-une-fois-leurs-batteries-epuisees\/","title":{"rendered":"Certains appareils iPhone 17 ne s\u2019allument pas une fois leurs batteries \u00e9puis\u00e9es"},"content":{"rendered":"<p>Nous pouvons gagner une commission sur les liens sur cette page.<\/p>\n<p>Je soup\u00e7onne fortement que l\u2019attribut le plus recherch\u00e9 d\u2019un smartphone est une dur\u00e9e de vie plus longue de la batterie. Apr\u00e8s tout, ce sont <em>mobile<\/em> appareils, ce qui signifie qu\u2019ils sont destin\u00e9s \u00e0 \u00eatre utilis\u00e9s en d\u00e9placement. Plus vous pouvez attendre entre deux recharges, plus votre t\u00e9l\u00e9phone peut \u00eatre mobile. Mais quelle que soit la taille de votre batterie, \u00e0 un moment donn\u00e9, elle va s&rsquo;\u00e9puiser. Le probl\u00e8me est le suivant : que se passe-t-il s&rsquo;il ne se rallume pas, m\u00eame apr\u00e8s l&rsquo;avoir laiss\u00e9 sur le chargeur ?<\/p>\n<h2 id=\"some-iphone-17s-arent-powering-back-on\">Certains iPhone 17 ne se rallument pas  <\/h2>\n<p>Je n&rsquo;\u00e9tais pas au courant de ces affirmations jusqu&rsquo;\u00e0 ce que je tombe sur le message de Benjamin Mayo sur 9to5Mac. Dans un rapport publi\u00e9 lundi, Mayo a expliqu\u00e9 que la batterie de son iPhone Air \u00e9tait \u00e9puis\u00e9e et qu&rsquo;il avait donc branch\u00e9 l&rsquo;appareil sur secteur, s&rsquo;attendant \u00e0 ce que le logo Apple apparaisse comme il le fait habituellement. Cependant, selon Mayo, rien ne s&rsquo;est produit, m\u00eame apr\u00e8s que son iPhone soit rest\u00e9 connect\u00e9 au secteur pendant quelques minutes. C&rsquo;\u00e9tait comme si le t\u00e9l\u00e9phone n&rsquo;\u00e9tait pas branch\u00e9 du tout. Mayo a m\u00eame essay\u00e9 une r\u00e9initialisation mat\u00e9rielle, qui consiste \u00e0 appuyer rapidement sur le bouton d&rsquo;augmentation du volume, puis \u00e0 appuyer rapidement sur le bouton de r\u00e9duction du volume, puis \u00e0 maintenir le bouton lat\u00e9ral enfonc\u00e9. Cela remet g\u00e9n\u00e9ralement en place un iPhone buggy, mais toujours pas de d\u00e9s.   <\/p>\n<p>Mayo a d\u00e9couvert que son histoire n&rsquo;\u00e9tait pas unique. Dans son article, il a mis en \u00e9vidence plusieurs fils de discussion d&rsquo;utilisateurs se plaignant des mod\u00e8les d&rsquo;iPhone 17 qui ne se rallumeraient pas une fois leurs batteries compl\u00e8tement \u00e9puis\u00e9es. Ce qui est particuli\u00e8rement pr\u00e9occupant, c&rsquo;est le nombre d&rsquo;utilisateurs qui commentent ces publications partageant des exp\u00e9riences similaires. Ce fil de discussion contient 144 commentaires au moment de la r\u00e9daction, et la plupart semblent \u00eatre des utilisateurs confirmant que le probl\u00e8me leur est arriv\u00e9 ou \u00e0 quelqu&rsquo;un qu&rsquo;ils connaissaient. Ce n&rsquo;est pas n\u00e9cessairement <em>preuve<\/em> d&rsquo;un probl\u00e8me r\u00e9pandu, mais cela sugg\u00e8re que quelque chose se passe avec la batterie de l&rsquo;iPhone 17. <\/p>\n<p>Pour une transparence totale, j&rsquo;utilise un iPhone 17 Pro Max depuis la fin de l&rsquo;ann\u00e9e derni\u00e8re et c&rsquo;est la premi\u00e8re fois que j&rsquo;en entends parler. Au cours des mois o\u00f9 j&rsquo;ai poss\u00e9d\u00e9 cet iPhone, je n&rsquo;ai jamais rencontr\u00e9 aucun des probl\u00e8mes soulign\u00e9s ici. (J&rsquo;ai \u00e9t\u00e9 frustr\u00e9 par la lenteur de l&rsquo;exp\u00e9rience Face ID, mais c&rsquo;est un probl\u00e8me pour un autre jour.) Cela \u00e9tant dit, je ne suis pas s\u00fbr d&rsquo;avoir jamais laiss\u00e9 mon iPhone compl\u00e8tement mourir depuis que je l&rsquo;ai &#8211; et je ne saute pas n\u00e9cessairement sur l&rsquo;occasion de le vider maintenant.<\/p>\n<h2 id=\"how-to-turn-your-iphone-17-back-on-after-the-battery-dies\">Comment rallumer votre iPhone 17 une fois la batterie \u00e9puis\u00e9e<\/h2>\n<p>Heureusement, ce n&rsquo;est pas un probl\u00e8me sans une solution de contournement, et quelques-unes en plus. Celui de Mayo \u00e9tait particuli\u00e8rement int\u00e9ressant : il a d\u00e9clar\u00e9 qu&rsquo;il n&rsquo;avait pas r\u00e9ussi \u00e0 rallumer son iPhone avant de passer du chargement filaire au chargement sans fil. En jetant son Air sur un chargeur MagSafe, il a pu remettre son t\u00e9l\u00e9phone op\u00e9rationnel comme s\u2019il n\u2019y avait jamais eu de probl\u00e8me en premier lieu.  <\/p>\n<p>Certains utilisateurs des forums li\u00e9s ci-dessus ont r\u00e9ussi \u00e0 laisser leur iPhone branch\u00e9 pendant de longues p\u00e9riodes. L&rsquo;un d&rsquo;eux a d\u00e9clar\u00e9 que 30 minutes suffisaient, tandis qu&rsquo;un autre a affirm\u00e9 qu&rsquo;il fallait deux \u00e0 trois heures de connectivit\u00e9 ininterrompue avant que l&rsquo;iPhone ne se rallume. Cet utilisateur d&rsquo;iFixit a pu forcer l&rsquo;iPhone en mode DFU, ce qui implique la m\u00eame combinaison de boutons qu&rsquo;une r\u00e9initialisation mat\u00e9rielle, mais vous oblige \u00e0 brancher votre iPhone sur un Mac ou un PC. Peut-\u00eatre que quelque chose dans le mode DFU am\u00e8ne l&rsquo;iPhone \u00e0 r\u00e9agir d&rsquo;une mani\u00e8re qu&rsquo;une simple r\u00e9initialisation mat\u00e9rielle ne peut pas faire. <\/p>\n<p>Nous ne savons pas grand-chose pour le moment, mais j&rsquo;esp\u00e8re qu&rsquo;il s&rsquo;agit d&rsquo;un bug logiciel et non d&rsquo;un probl\u00e8me mat\u00e9riel. Ces messages sur le forum s&rsquo;\u00e9tendent sur plusieurs mois, ce qui sugg\u00e8re que cela n&rsquo;est pas li\u00e9 \u00e0 une version sp\u00e9cifique d&rsquo;iOS. Mais si un bug iOS persistant dans chaque mise \u00e0 jour iOS 26 est en cause, Apple pourrait r\u00e9soudre le probl\u00e8me dans sa prochaine mise \u00e0 jour. Si c&rsquo;est quelque chose qui affecte directement le mat\u00e9riel de l&rsquo;iPhone 17, ou la puce A19 int\u00e9gr\u00e9e dans chacun, il s&rsquo;agit \u00e9videmment d&rsquo;un probl\u00e8me plus important. Cependant, sur la base des nombreuses solutions de contournement que les utilisateurs ont trouv\u00e9es, je suppose qu&rsquo;il s&rsquo;agit toujours plus de logiciels que de mat\u00e9riel. <\/p>\n<div class=\"pogoClear mb-12 mt-10 rounded-md border-2 border-gray-100 py-7 shadow-xl md:py-6\">\n<div class=\"flex flex-wrap justify-between px-7 text-black no-underline md:flex-nowrap md:px-8\">\n<div class=\"order-1 mx-auto flex flex-col justify-center md:order-2 md:ml-4 md:w-full md:grow\">\n<div class=\"block cursor-pointer text-center font-akshar text-2xl font-medium leading-7 text-brand-green duration-200 ease-in-out hover:text-brand-green-700 md:text-left md:text-xl md:leading-6\">iPhone17 (256 Go)\n                <\/div>\n<div class=\"mt-4 hidden md:flex md:justify-between\">\n<div class=\"self-end\">\n<div class=\"mb-0 h-11 md:flex md:flex-col md:justify-center\">\n<div class=\" font-sans leading-4 text-black\">\n<div class=\"flex flex-wrap items-center justify-center gap-1 md:justify-start\">\n        <span class=\"font-bold\"><\/p>\n<p>            807,89\u00a0$<br \/>\n                            <span class=\"font-medium\">chez Amazon<\/span><br \/>\n                    <\/span>\n            <\/div>\n<\/p><\/div>\n<\/p><\/div>\n<\/p><\/div>\n<div class=\"w-44 self-end\">\n                            <button class=\"flex justify-center items-center w-full bg-brand-green text-white text-base font-sans font-medium rounded-md hover:bg-brand-green-700 hover:cursor-pointer md:text-sm h-11\"><\/p>\n<p>    Achetez maintenant<br \/>\n<\/button>\n                        <\/div>\n<\/p><\/div>\n<\/p><\/div>\n<div class=\"order-2 mt-5 h-auto w-full md:order-1 md:mt-0 md:hidden\">\n<div class=\"flex aspect-video items-center justify-center\">\n                                            <img decoding=\"async\" class=\"m-0 max-h-full max-w-full rounded-md\" src=\"https:\/\/vieassociative.be\/actualites\/wp-content\/uploads\/2026\/04\/Certains-appareils-iPhone-17-ne-sallument-pas-une-fois-leurs.jpg\" alt=\"Apple iPhone 17, version am\u00e9ricaine, 256 Go, eSIM, noir - D\u00e9bloqu\u00e9 (Premium renouvel\u00e9)\" width=\"auto\" height=\"auto\" loading=\"lazy\">\n                                    <\/div>\n<\/p><\/div>\n<div class=\"order-2 ml-2 hidden w-32 shrink-0 items-center md:order-1 md:ml-0 md:flex\">\n<div class=\"flex aspect-video items-center justify-center\">\n                                            <img decoding=\"async\" class=\"m-0 max-h-full max-w-full rounded-md\" src=\"https:\/\/vieassociative.be\/actualites\/wp-content\/uploads\/2026\/04\/Certains-appareils-iPhone-17-ne-sallument-pas-une-fois-leurs.jpg\" alt=\"Apple iPhone 17, version am\u00e9ricaine, 256 Go, eSIM, noir - D\u00e9bloqu\u00e9 (Premium renouvel\u00e9)\" width=\"auto\" height=\"auto\" loading=\"lazy\">\n                                    <\/div>\n<\/p><\/div>\n<div class=\"order-3 flex grow flex-wrap md:hidden md:grow-0\">\n<div class=\"mt-4 w-full\">\n                        <button class=\"flex justify-center items-center w-full bg-brand-green text-white text-base font-sans font-medium rounded-md hover:bg-brand-green-700 hover:cursor-pointer md:text-sm h-11\"><\/p>\n<p>    Achetez maintenant<br \/>\n<\/button>\n                    <\/div>\n<div class=\"mx-2 mt-4 w-full\">\n<div class=\" font-sans leading-4 text-black\">\n<div class=\"flex flex-wrap items-center justify-center gap-1 md:justify-start\">\n        <span class=\"font-bold\"><\/p>\n<p>            807,89\u00a0$<br \/>\n                            <span class=\"font-medium\">chez Amazon<\/span><br \/>\n                    <\/span>\n            <\/div>\n<\/p><\/div>\n<\/p><\/div>\n<\/p><\/div>\n<\/p><\/div>\n<\/div>\n","protected":false},"excerpt":{"rendered":"<p>Nous pouvons gagner une commission sur les liens sur cette page. Je soup\u00e7onne fortement que l\u2019attribut le plus recherch\u00e9 d\u2019un smartphone est une dur\u00e9e de<\/p>\n","protected":false},"author":1,"featured_media":13603,"comment_status":"","ping_status":"","sticky":false,"template":"","format":"standard","meta":{"footnotes":""},"categories":[10230],"tags":[451,426,820,10577,774,652,845,126,10576,110],"class_list":["post-13602","post","type-post","status-publish","format-standard","has-post-thumbnail","hentry","category-apple","tag-appareils","tag-batteries","tag-certains","tag-epuisees","tag-fois","tag-iphone","tag-leurs","tag-pas","tag-sallument","tag-une","generate-columns","tablet-grid-50","mobile-grid-100","grid-parent","grid-33"],"yoast_head":"<!-- This site is optimized with the Yoast SEO plugin v24.0 - https:\/\/yoast.com\/wordpress\/plugins\/seo\/ -->\n<title>Certains appareils iPhone 17 ne s\u2019allument pas une fois leurs batteries \u00e9puis\u00e9es | Vie Associative<\/title>\n<meta name=\"robots\" content=\"index, follow, max-snippet:-1, max-image-preview:large, max-video-preview:-1\" \/>\n<link rel=\"canonical\" href=\"https:\/\/vieassociative.be\/actualites\/certains-appareils-iphone-17-ne-sallument-pas-une-fois-leurs-batteries-epuisees\/\" \/>\n<meta property=\"og:locale\" content=\"fr_FR\" \/>\n<meta property=\"og:type\" content=\"article\" \/>\n<meta property=\"og:title\" content=\"Certains appareils iPhone 17 ne s\u2019allument pas une fois leurs batteries \u00e9puis\u00e9es | Vie Associative\" \/>\n<meta property=\"og:description\" content=\"Nous pouvons gagner une commission sur les liens sur cette page. Je soup\u00e7onne fortement que l\u2019attribut le plus recherch\u00e9 d\u2019un smartphone est une dur\u00e9e de\" \/>\n<meta property=\"og:url\" content=\"https:\/\/vieassociative.be\/actualites\/certains-appareils-iphone-17-ne-sallument-pas-une-fois-leurs-batteries-epuisees\/\" \/>\n<meta property=\"og:site_name\" content=\"Vie Associative\" \/>\n<meta property=\"article:published_time\" content=\"2026-04-27T20:18:04+00:00\" \/>\n<meta property=\"og:image\" content=\"https:\/\/vieassociative.be\/actualites\/wp-content\/uploads\/2026\/04\/Certains-appareils-iPhone-17-ne-sallument-pas-une-fois-leurs.jpg\" \/>\n<meta name=\"author\" content=\"Julien\" \/>\n<meta name=\"twitter:card\" content=\"summary_large_image\" \/>\n<meta name=\"twitter:label1\" content=\"\u00c9crit par\" \/>\n\t<meta name=\"twitter:data1\" content=\"Julien\" \/>\n\t<meta name=\"twitter:label2\" content=\"Dur\u00e9e de lecture est.\" \/>\n\t<meta name=\"twitter:data2\" content=\"4 minutes\" \/>\n<script type=\"application\/ld+json\" class=\"yoast-schema-graph\">{\"@context\":\"https:\/\/schema.org\",\"@graph\":[{\"@type\":\"Article\",\"@id\":\"https:\/\/vieassociative.be\/actualites\/certains-appareils-iphone-17-ne-sallument-pas-une-fois-leurs-batteries-epuisees\/#article\",\"isPartOf\":{\"@id\":\"https:\/\/vieassociative.be\/actualites\/certains-appareils-iphone-17-ne-sallument-pas-une-fois-leurs-batteries-epuisees\/\"},\"author\":{\"name\":\"Julien\",\"@id\":\"https:\/\/vieassociative.be\/actualites\/#\/schema\/person\/b87ac4f82f9d4e7b7cec7395b679edc4\"},\"headline\":\"Certains appareils iPhone 17 ne s\u2019allument pas une fois leurs batteries \u00e9puis\u00e9es\",\"datePublished\":\"2026-04-27T20:18:04+00:00\",\"dateModified\":\"2026-04-27T20:18:04+00:00\",\"mainEntityOfPage\":{\"@id\":\"https:\/\/vieassociative.be\/actualites\/certains-appareils-iphone-17-ne-sallument-pas-une-fois-leurs-batteries-epuisees\/\"},\"wordCount\":893,\"publisher\":{\"@id\":\"https:\/\/vieassociative.be\/actualites\/#organization\"},\"image\":{\"@id\":\"https:\/\/vieassociative.be\/actualites\/certains-appareils-iphone-17-ne-sallument-pas-une-fois-leurs-batteries-epuisees\/#primaryimage\"},\"thumbnailUrl\":\"https:\/\/vieassociative.be\/actualites\/wp-content\/uploads\/2026\/04\/1777321085_Certains-appareils-iPhone-17-ne-sallument-pas-une-fois-leurs.jpg\",\"keywords\":[\"appareils\",\"batteries\",\"certains\",\"\u00e9puis\u00e9es\",\"fois\",\"iPhone\",\"leurs\",\"pas\",\"sallument\",\"une\"],\"articleSection\":[\"Apple\"],\"inLanguage\":\"fr-BE\"},{\"@type\":\"WebPage\",\"@id\":\"https:\/\/vieassociative.be\/actualites\/certains-appareils-iphone-17-ne-sallument-pas-une-fois-leurs-batteries-epuisees\/\",\"url\":\"https:\/\/vieassociative.be\/actualites\/certains-appareils-iphone-17-ne-sallument-pas-une-fois-leurs-batteries-epuisees\/\",\"name\":\"Certains appareils iPhone 17 ne s\u2019allument pas une fois leurs batteries \u00e9puis\u00e9es | Vie Associative\",\"isPartOf\":{\"@id\":\"https:\/\/vieassociative.be\/actualites\/#website\"},\"primaryImageOfPage\":{\"@id\":\"https:\/\/vieassociative.be\/actualites\/certains-appareils-iphone-17-ne-sallument-pas-une-fois-leurs-batteries-epuisees\/#primaryimage\"},\"image\":{\"@id\":\"https:\/\/vieassociative.be\/actualites\/certains-appareils-iphone-17-ne-sallument-pas-une-fois-leurs-batteries-epuisees\/#primaryimage\"},\"thumbnailUrl\":\"https:\/\/vieassociative.be\/actualites\/wp-content\/uploads\/2026\/04\/1777321085_Certains-appareils-iPhone-17-ne-sallument-pas-une-fois-leurs.jpg\",\"datePublished\":\"2026-04-27T20:18:04+00:00\",\"dateModified\":\"2026-04-27T20:18:04+00:00\",\"breadcrumb\":{\"@id\":\"https:\/\/vieassociative.be\/actualites\/certains-appareils-iphone-17-ne-sallument-pas-une-fois-leurs-batteries-epuisees\/#breadcrumb\"},\"inLanguage\":\"fr-BE\",\"potentialAction\":[{\"@type\":\"ReadAction\",\"target\":[\"https:\/\/vieassociative.be\/actualites\/certains-appareils-iphone-17-ne-sallument-pas-une-fois-leurs-batteries-epuisees\/\"]}]},{\"@type\":\"ImageObject\",\"inLanguage\":\"fr-BE\",\"@id\":\"https:\/\/vieassociative.be\/actualites\/certains-appareils-iphone-17-ne-sallument-pas-une-fois-leurs-batteries-epuisees\/#primaryimage\",\"url\":\"https:\/\/vieassociative.be\/actualites\/wp-content\/uploads\/2026\/04\/1777321085_Certains-appareils-iPhone-17-ne-sallument-pas-une-fois-leurs.jpg\",\"contentUrl\":\"https:\/\/vieassociative.be\/actualites\/wp-content\/uploads\/2026\/04\/1777321085_Certains-appareils-iPhone-17-ne-sallument-pas-une-fois-leurs.jpg\",\"width\":1200,\"height\":675,\"caption\":\"Certains appareils iPhone 17 ne s\u2019allument pas une fois leurs batteries \u00e9puis\u00e9es\"},{\"@type\":\"BreadcrumbList\",\"@id\":\"https:\/\/vieassociative.be\/actualites\/certains-appareils-iphone-17-ne-sallument-pas-une-fois-leurs-batteries-epuisees\/#breadcrumb\",\"itemListElement\":[{\"@type\":\"ListItem\",\"position\":1,\"name\":\"Accueil\",\"item\":\"https:\/\/vieassociative.be\/actualites\/\"},{\"@type\":\"ListItem\",\"position\":2,\"name\":\"Certains appareils iPhone 17 ne s\u2019allument pas une fois leurs batteries \u00e9puis\u00e9es\"}]},{\"@type\":\"WebSite\",\"@id\":\"https:\/\/vieassociative.be\/actualites\/#website\",\"url\":\"https:\/\/vieassociative.be\/actualites\/\",\"name\":\"Vie Associative\",\"description\":\"\",\"publisher\":{\"@id\":\"https:\/\/vieassociative.be\/actualites\/#organization\"},\"potentialAction\":[{\"@type\":\"SearchAction\",\"target\":{\"@type\":\"EntryPoint\",\"urlTemplate\":\"https:\/\/vieassociative.be\/actualites\/?s={search_term_string}\"},\"query-input\":{\"@type\":\"PropertyValueSpecification\",\"valueRequired\":true,\"valueName\":\"search_term_string\"}}],\"inLanguage\":\"fr-BE\"},{\"@type\":\"Organization\",\"@id\":\"https:\/\/vieassociative.be\/actualites\/#organization\",\"name\":\"Vie Associative\",\"url\":\"https:\/\/vieassociative.be\/actualites\/\",\"logo\":{\"@type\":\"ImageObject\",\"inLanguage\":\"fr-BE\",\"@id\":\"https:\/\/vieassociative.be\/actualites\/#\/schema\/logo\/image\/\",\"url\":\"https:\/\/vieassociative.be\/actualites\/wp-content\/uploads\/2024\/09\/cropped-vieassociative_favicon.ico.png\",\"contentUrl\":\"https:\/\/vieassociative.be\/actualites\/wp-content\/uploads\/2024\/09\/cropped-vieassociative_favicon.ico.png\",\"width\":512,\"height\":512,\"caption\":\"Vie Associative\"},\"image\":{\"@id\":\"https:\/\/vieassociative.be\/actualites\/#\/schema\/logo\/image\/\"}},{\"@type\":\"Person\",\"@id\":\"https:\/\/vieassociative.be\/actualites\/#\/schema\/person\/b87ac4f82f9d4e7b7cec7395b679edc4\",\"name\":\"Julien\",\"image\":{\"@type\":\"ImageObject\",\"inLanguage\":\"fr-BE\",\"@id\":\"https:\/\/vieassociative.be\/actualites\/#\/schema\/person\/image\/\",\"url\":\"https:\/\/vieassociative.be\/actualites\/wp-content\/uploads\/2024\/09\/vie-associative-1-150x150.jpg\",\"contentUrl\":\"https:\/\/vieassociative.be\/actualites\/wp-content\/uploads\/2024\/09\/vie-associative-1-150x150.jpg\",\"caption\":\"Julien\"},\"description\":\"Je suis Julien, r\u00e9dacteur pour Vie Associative. Passionn\u00e9 par le monde associatif depuis plus de 10 ans, j'ai \u00e0 c\u0153ur de partager des histoires inspirantes et de mettre en lumi\u00e8re les initiatives locales. Mon objectif est de sensibiliser et d'encourager l'engagement communautaire \u00e0 travers mes articles.\",\"sameAs\":[\"https:\/\/vieassociative.be\/\"]}]}<\/script>\n<!-- \/ Yoast SEO plugin. -->","yoast_head_json":{"title":"Certains appareils iPhone 17 ne s\u2019allument pas une fois leurs batteries \u00e9puis\u00e9es | Vie Associative","robots":{"index":"index","follow":"follow","max-snippet":"max-snippet:-1","max-image-preview":"max-image-preview:large","max-video-preview":"max-video-preview:-1"},"canonical":"https:\/\/vieassociative.be\/actualites\/certains-appareils-iphone-17-ne-sallument-pas-une-fois-leurs-batteries-epuisees\/","og_locale":"fr_FR","og_type":"article","og_title":"Certains appareils iPhone 17 ne s\u2019allument pas une fois leurs batteries \u00e9puis\u00e9es | Vie Associative","og_description":"Nous pouvons gagner une commission sur les liens sur cette page. Je soup\u00e7onne fortement que l\u2019attribut le plus recherch\u00e9 d\u2019un smartphone est une dur\u00e9e de","og_url":"https:\/\/vieassociative.be\/actualites\/certains-appareils-iphone-17-ne-sallument-pas-une-fois-leurs-batteries-epuisees\/","og_site_name":"Vie Associative","article_published_time":"2026-04-27T20:18:04+00:00","og_image":[{"url":"https:\/\/vieassociative.be\/actualites\/wp-content\/uploads\/2026\/04\/Certains-appareils-iPhone-17-ne-sallument-pas-une-fois-leurs.jpg","type":"","width":"","height":""}],"author":"Julien","twitter_card":"summary_large_image","twitter_misc":{"\u00c9crit par":"Julien","Dur\u00e9e de lecture est.":"4 minutes"},"schema":{"@context":"https:\/\/schema.org","@graph":[{"@type":"Article","@id":"https:\/\/vieassociative.be\/actualites\/certains-appareils-iphone-17-ne-sallument-pas-une-fois-leurs-batteries-epuisees\/#article","isPartOf":{"@id":"https:\/\/vieassociative.be\/actualites\/certains-appareils-iphone-17-ne-sallument-pas-une-fois-leurs-batteries-epuisees\/"},"author":{"name":"Julien","@id":"https:\/\/vieassociative.be\/actualites\/#\/schema\/person\/b87ac4f82f9d4e7b7cec7395b679edc4"},"headline":"Certains appareils iPhone 17 ne s\u2019allument pas une fois leurs batteries \u00e9puis\u00e9es","datePublished":"2026-04-27T20:18:04+00:00","dateModified":"2026-04-27T20:18:04+00:00","mainEntityOfPage":{"@id":"https:\/\/vieassociative.be\/actualites\/certains-appareils-iphone-17-ne-sallument-pas-une-fois-leurs-batteries-epuisees\/"},"wordCount":893,"publisher":{"@id":"https:\/\/vieassociative.be\/actualites\/#organization"},"image":{"@id":"https:\/\/vieassociative.be\/actualites\/certains-appareils-iphone-17-ne-sallument-pas-une-fois-leurs-batteries-epuisees\/#primaryimage"},"thumbnailUrl":"https:\/\/vieassociative.be\/actualites\/wp-content\/uploads\/2026\/04\/1777321085_Certains-appareils-iPhone-17-ne-sallument-pas-une-fois-leurs.jpg","keywords":["appareils","batteries","certains","\u00e9puis\u00e9es","fois","iPhone","leurs","pas","sallument","une"],"articleSection":["Apple"],"inLanguage":"fr-BE"},{"@type":"WebPage","@id":"https:\/\/vieassociative.be\/actualites\/certains-appareils-iphone-17-ne-sallument-pas-une-fois-leurs-batteries-epuisees\/","url":"https:\/\/vieassociative.be\/actualites\/certains-appareils-iphone-17-ne-sallument-pas-une-fois-leurs-batteries-epuisees\/","name":"Certains appareils iPhone 17 ne s\u2019allument pas une fois leurs batteries \u00e9puis\u00e9es | Vie Associative","isPartOf":{"@id":"https:\/\/vieassociative.be\/actualites\/#website"},"primaryImageOfPage":{"@id":"https:\/\/vieassociative.be\/actualites\/certains-appareils-iphone-17-ne-sallument-pas-une-fois-leurs-batteries-epuisees\/#primaryimage"},"image":{"@id":"https:\/\/vieassociative.be\/actualites\/certains-appareils-iphone-17-ne-sallument-pas-une-fois-leurs-batteries-epuisees\/#primaryimage"},"thumbnailUrl":"https:\/\/vieassociative.be\/actualites\/wp-content\/uploads\/2026\/04\/1777321085_Certains-appareils-iPhone-17-ne-sallument-pas-une-fois-leurs.jpg","datePublished":"2026-04-27T20:18:04+00:00","dateModified":"2026-04-27T20:18:04+00:00","breadcrumb":{"@id":"https:\/\/vieassociative.be\/actualites\/certains-appareils-iphone-17-ne-sallument-pas-une-fois-leurs-batteries-epuisees\/#breadcrumb"},"inLanguage":"fr-BE","potentialAction":[{"@type":"ReadAction","target":["https:\/\/vieassociative.be\/actualites\/certains-appareils-iphone-17-ne-sallument-pas-une-fois-leurs-batteries-epuisees\/"]}]},{"@type":"ImageObject","inLanguage":"fr-BE","@id":"https:\/\/vieassociative.be\/actualites\/certains-appareils-iphone-17-ne-sallument-pas-une-fois-leurs-batteries-epuisees\/#primaryimage","url":"https:\/\/vieassociative.be\/actualites\/wp-content\/uploads\/2026\/04\/1777321085_Certains-appareils-iPhone-17-ne-sallument-pas-une-fois-leurs.jpg","contentUrl":"https:\/\/vieassociative.be\/actualites\/wp-content\/uploads\/2026\/04\/1777321085_Certains-appareils-iPhone-17-ne-sallument-pas-une-fois-leurs.jpg","width":1200,"height":675,"caption":"Certains appareils iPhone 17 ne s\u2019allument pas une fois leurs batteries \u00e9puis\u00e9es"},{"@type":"BreadcrumbList","@id":"https:\/\/vieassociative.be\/actualites\/certains-appareils-iphone-17-ne-sallument-pas-une-fois-leurs-batteries-epuisees\/#breadcrumb","itemListElement":[{"@type":"ListItem","position":1,"name":"Accueil","item":"https:\/\/vieassociative.be\/actualites\/"},{"@type":"ListItem","position":2,"name":"Certains appareils iPhone 17 ne s\u2019allument pas une fois leurs batteries \u00e9puis\u00e9es"}]},{"@type":"WebSite","@id":"https:\/\/vieassociative.be\/actualites\/#website","url":"https:\/\/vieassociative.be\/actualites\/","name":"Vie Associative","description":"","publisher":{"@id":"https:\/\/vieassociative.be\/actualites\/#organization"},"potentialAction":[{"@type":"SearchAction","target":{"@type":"EntryPoint","urlTemplate":"https:\/\/vieassociative.be\/actualites\/?s={search_term_string}"},"query-input":{"@type":"PropertyValueSpecification","valueRequired":true,"valueName":"search_term_string"}}],"inLanguage":"fr-BE"},{"@type":"Organization","@id":"https:\/\/vieassociative.be\/actualites\/#organization","name":"Vie Associative","url":"https:\/\/vieassociative.be\/actualites\/","logo":{"@type":"ImageObject","inLanguage":"fr-BE","@id":"https:\/\/vieassociative.be\/actualites\/#\/schema\/logo\/image\/","url":"https:\/\/vieassociative.be\/actualites\/wp-content\/uploads\/2024\/09\/cropped-vieassociative_favicon.ico.png","contentUrl":"https:\/\/vieassociative.be\/actualites\/wp-content\/uploads\/2024\/09\/cropped-vieassociative_favicon.ico.png","width":512,"height":512,"caption":"Vie Associative"},"image":{"@id":"https:\/\/vieassociative.be\/actualites\/#\/schema\/logo\/image\/"}},{"@type":"Person","@id":"https:\/\/vieassociative.be\/actualites\/#\/schema\/person\/b87ac4f82f9d4e7b7cec7395b679edc4","name":"Julien","image":{"@type":"ImageObject","inLanguage":"fr-BE","@id":"https:\/\/vieassociative.be\/actualites\/#\/schema\/person\/image\/","url":"https:\/\/vieassociative.be\/actualites\/wp-content\/uploads\/2024\/09\/vie-associative-1-150x150.jpg","contentUrl":"https:\/\/vieassociative.be\/actualites\/wp-content\/uploads\/2024\/09\/vie-associative-1-150x150.jpg","caption":"Julien"},"description":"Je suis Julien, r\u00e9dacteur pour Vie Associative. Passionn\u00e9 par le monde associatif depuis plus de 10 ans, j'ai \u00e0 c\u0153ur de partager des histoires inspirantes et de mettre en lumi\u00e8re les initiatives locales. Mon objectif est de sensibiliser et d'encourager l'engagement communautaire \u00e0 travers mes articles.","sameAs":["https:\/\/vieassociative.be\/"]}]}},"_links":{"self":[{"href":"https:\/\/vieassociative.be\/actualites\/wp-json\/wp\/v2\/posts\/13602"}],"collection":[{"href":"https:\/\/vieassociative.be\/actualites\/wp-json\/wp\/v2\/posts"}],"about":[{"href":"https:\/\/vieassociative.be\/actualites\/wp-json\/wp\/v2\/types\/post"}],"author":[{"embeddable":true,"href":"https:\/\/vieassociative.be\/actualites\/wp-json\/wp\/v2\/users\/1"}],"replies":[{"embeddable":true,"href":"https:\/\/vieassociative.be\/actualites\/wp-json\/wp\/v2\/comments?post=13602"}],"version-history":[{"count":0,"href":"https:\/\/vieassociative.be\/actualites\/wp-json\/wp\/v2\/posts\/13602\/revisions"}],"wp:featuredmedia":[{"embeddable":true,"href":"https:\/\/vieassociative.be\/actualites\/wp-json\/wp\/v2\/media\/13603"}],"wp:attachment":[{"href":"https:\/\/vieassociative.be\/actualites\/wp-json\/wp\/v2\/media?parent=13602"}],"wp:term":[{"taxonomy":"category","embeddable":true,"href":"https:\/\/vieassociative.be\/actualites\/wp-json\/wp\/v2\/categories?post=13602"},{"taxonomy":"post_tag","embeddable":true,"href":"https:\/\/vieassociative.be\/actualites\/wp-json\/wp\/v2\/tags?post=13602"}],"curies":[{"name":"wp","href":"https:\/\/api.w.org\/{rel}","templated":true}]}}