{"id":13595,"date":"2026-04-26T23:17:39","date_gmt":"2026-04-26T21:17:39","guid":{"rendered":"https:\/\/vieassociative.be\/actualites\/tadej-pogacar-remco-evenepoel-et-paul-seixas-grands-favoris-de-la-classique-liege-bastogne-liege\/"},"modified":"2026-04-26T23:17:39","modified_gmt":"2026-04-26T21:17:39","slug":"tadej-pogacar-remco-evenepoel-et-paul-seixas-grands-favoris-de-la-classique-liege-bastogne-liege","status":"publish","type":"post","link":"https:\/\/vieassociative.be\/actualites\/tadej-pogacar-remco-evenepoel-et-paul-seixas-grands-favoris-de-la-classique-liege-bastogne-liege\/","title":{"rendered":"Tadej Pogacar, Remco Evenepoel et Paul Seixas grands favoris de la classique Li\u00e8ge-Bastogne-Li\u00e8ge"},"content":{"rendered":"<p><strong>La classique cycliste Li\u00e8ge\u2013Bastogne\u2013Li\u00e8ge, le plus ancien des cinq \u00ab monuments \u00bb du cyclisme, marque traditionnellement la fin de la Semaine ardennaise et est consid\u00e9r\u00e9e comme l&rsquo;une des courses d&rsquo;une journ\u00e9e les plus difficiles de tous les temps. <\/strong><\/p>\n<p><span id=\"more-438613\"><\/span>L&rsquo;\u00e9dition de dimanche de cette ann\u00e9e (en direct \u00e0 la TV d\u00e8s 13h30 sur RTBF1, VRT1 et Eurosport 2) s&rsquo;annonce particuli\u00e8rement passionnante, puisque les trois grands favoris sont au d\u00e9part : le Slov\u00e8ne Tadej Pogacar, le Belge Remco Evenepoel et l&rsquo;\u00e9toile filante fran\u00e7aise Paul Seixas.<\/p>\n<p>Le parcours s&rsquo;\u00e9tend sur environ 260 kilom\u00e8tres et plus de 4 000 m\u00e8tres de d\u00e9nivel\u00e9 \u00e0 travers le paysage vallonn\u00e9 des Ardennes, les moments d\u00e9cisifs n&rsquo;ayant g\u00e9n\u00e9ralement lieu que dans le dernier tiers de la course. Dans l&rsquo;ensemble, les sp\u00e9cialistes de l&rsquo;escalade classique moderne dominent clairement.<\/p>\n<div id=\"attachment_414311\" class=\"wp-caption alignleft\" style=\"max-width: 300px\"><img fetchpriority=\"high\" decoding=\"async\" class=\"wp-image-414311 size-medium\" src=\"https:\/\/vieassociative.be\/actualites\/wp-content\/uploads\/2026\/04\/Tadej-Pogacar-Remco-Evenepoel-et-Paul-Seixas-grands-favoris-de.jpg\" alt=\"\" width=\"300\" height=\"200\"><\/div>\n<p>La finale d\u00e9bute au plus tard sur la c\u00e9l\u00e8bre C\u00f4te de la Redoute et culmine souvent jusqu&rsquo;\u00e0 la derni\u00e8re grande difficult\u00e9, la Roche-aux-Faucons. C&rsquo;est l\u00e0 que le bon grain est enfin s\u00e9par\u00e9 de l&rsquo;ivraie &#8211; et souvent la d\u00e9cision pr\u00e9liminaire est prise par une attaque explosive d&rsquo;un grand favori.<\/p>\n<p>Le th\u00e8me central de l&rsquo;\u00e9dition de cette ann\u00e9e est une bataille \u00e0 trois de premier ordre entre Tadej Pogacar, Remco Evenepoel et le jeune Paul Seixas. Pogacar arrive en tenant du titre et probablement le coureur le plus complet du peloton. Sa capacit\u00e9 \u00e0 d\u00e9cider de la course sur de longues mont\u00e9es avec une seule attaque, puis \u00e0 rouler seul sur de nombreux kilom\u00e8tres fait de lui une r\u00e9f\u00e9rence incontestable. Cependant, l\u2019intense saison printani\u00e8re pourrait constituer un petit facteur d\u2019incertitude, car les forces ne sont pas illimit\u00e9es.<\/p>\n<p>Evenepoel, en revanche, semble actuellement extr\u00eamement fort. Le double vainqueur de la course (les deux fois en l&rsquo;absence de Pogacar) apporte non seulement de la confiance en lui mais aussi de la robustesse, ayant d\u00e9j\u00e0 impressionn\u00e9 au plus haut niveau les semaines pr\u00e9c\u00e9dentes. Sa force r\u00e9side dans le fait qu\u2019il attaque t\u00f4t et sans compromis, souvent avant que les autres ne s\u2019y attendent. S\u2019il parvient \u00e0 ouvrir la course avant la Redoute ou \u00e0 mettre Pogacar sous pression, il pourrait avoir une influence d\u00e9cisive sur les \u00e9v\u00e9nements.<\/p>\n<div id=\"attachment_211316\" class=\"wp-caption alignleft\" style=\"max-width: 300px\"><img decoding=\"async\" class=\"wp-image-211316 size-medium\" src=\"https:\/\/vieassociative.be\/actualites\/wp-content\/uploads\/2026\/04\/Tadej-Pogacar-Remco-Evenepoel-et-Paul-Seixas-grands-favoris-de.jpeg\" alt=\"\" width=\"300\" height=\"200\"  ><\/div>\n<p>Pourtant, le r\u00f4le de Paul Seixas est particuli\u00e8rement passionnant. A seulement 19 ans, il a d\u00e9j\u00e0 gravi les \u00e9chelons du sommet du monde et s&rsquo;est r\u00e9cemment fait remarquer avec une large victoire \u00e0 la Fl\u00e8che Wallonne. Contrairement \u00e0 de nombreux talents avant lui, il semble non seulement comp\u00e9titif physiquement, mais aussi \u00e9tonnamment calme sur le plan tactique. Si la course ne se termine pas par un long solo mais se d\u00e9cide en petit groupe, cela pourrait \u00eatre exactement sa chance.<\/p>\n<p>Le d\u00e9roulement typique de la course est d&rsquo;abord caract\u00e9ris\u00e9 par un groupe d&rsquo;\u00e9chapp\u00e9e s\u00e9curitaire avant que le rythme ne s&rsquo;acc\u00e9l\u00e8re sensiblement au retour de Bastogne \u00e0 Li\u00e8ge. L&rsquo;encha\u00eenement de mont\u00e9es courtes et raides assure ensuite une s\u00e9lection continue jusqu&rsquo;\u00e0 ce que seuls les coureurs les plus forts restent en finale.<\/p>\n<p>Ces derni\u00e8res ann\u00e9es, il a \u00e9t\u00e9 d\u00e9montr\u00e9 \u00e0 maintes reprises qu&rsquo;une attaque d\u00e9termin\u00e9e sur des points cl\u00e9s m\u00e8ne souvent \u00e0 la victoire &#8211; surtout lorsqu&rsquo;un pilote comme Pogacar ou Evenepoel prend le contr\u00f4le de la course.<\/p>\n<p>Tout laisse pr\u00e9sager une course intense et exigeante tactiquement, dans laquelle les petites choses peuvent faire la diff\u00e9rence. Pogacar d\u00e9marre la course en tant que favori, Evenepoel en tant que challenger le plus dangereux et Seixas en tant que possible vainqueur surprise. Qu&rsquo;elle se termine par un \u00e9change de coups direct entre les deux superstars ou qu&rsquo;un jeune outsider saisisse l&rsquo;occasion, c&rsquo;est ce qui rend cette \u00e9dition de Li\u00e8ge\u2013Bastogne\u2013Li\u00e8ge si particuli\u00e8re.<\/p>\n<p>Li\u00e8ge-Bastogne-Li\u00e8ge est l&rsquo;un des cinq \u00ab monuments \u00bb du cyclisme professionnel, avec Milan-Sanremo, le Tour des Flandres, Paris-Roubaix et le Tour de Lombardie. Seuls trois coureurs ont r\u00e9ussi \u00e0 remporter les cinq \u00ab Monuments \u00bb &#8211; tous trois \u00e9taient belges : Rik Van Looy, Roger De Vlaeminck et Eddy Merckx. Pogacar veut aussi remporter tous les \u00ab Monuments \u00bb cette saison, mais a d\u00fb s&rsquo;avouer vaincu \u00e0 Paris-Roubaix face au Belge Wout van Aert, qui ne sera pas au d\u00e9part \u00e0 Li\u00e8ge dimanche. (cr\u00e9er)<\/p>\n<h3>Vainqueur des dix derni\u00e8res \u00e9ditions de LBL<\/h3>\n<p>2025 \u2013 Tadej Pogacar (Slov\u00e9nie)<br \/>\n2024 \u2013 Tadej Pogacar (Slov\u00e9nie)<br \/>\n2023 \u2013 Remco Evenepoel (Belgique)<br \/>\n2022 \u2013 Remco Evenepoel (Belgique)<br \/>\n2021 \u2013 Tadej Pogacar (Slov\u00e9nie)<br \/>\n2020 \u2013 Primo\u017e Roglic (Slov\u00e9nie)<br \/>\n2019 \u2013 Jakob Fuglsang (Danemark)<br \/>\n2018 \u2013 Bob Jungels (Luxembourg)<br \/>\n2017 \u2013 Alejandro Valverde (Espagne)<br \/>\n2016 \u2013 Wout Poels (Pays-Bas)<\/p>\n","protected":false},"excerpt":{"rendered":"<p>La classique cycliste Li\u00e8ge\u2013Bastogne\u2013Li\u00e8ge, le plus ancien des cinq \u00ab monuments \u00bb du cyclisme, marque traditionnellement la fin de la Semaine ardennaise et est consid\u00e9r\u00e9e<\/p>\n","protected":false},"author":1,"featured_media":10471,"comment_status":"","ping_status":"","sticky":false,"template":"","format":"standard","meta":{"footnotes":""},"categories":[298],"tags":[3642,3737,3389,1098,6665,9752,5976,6493,10571,6345],"class_list":["post-13595","post","type-post","status-publish","format-standard","has-post-thumbnail","hentry","category-belgique","tag-classique","tag-evenepoel","tag-favoris","tag-grands","tag-liegebastogneliege","tag-paul","tag-pogacar","tag-remco","tag-seixas","tag-tadej","generate-columns","tablet-grid-50","mobile-grid-100","grid-parent","grid-33"],"yoast_head":"<!-- This site is optimized with the Yoast SEO plugin v24.0 - https:\/\/yoast.com\/wordpress\/plugins\/seo\/ -->\n<title>Tadej Pogacar, Remco Evenepoel et Paul Seixas grands favoris de la classique Li\u00e8ge-Bastogne-Li\u00e8ge | Vie Associative<\/title>\n<meta name=\"robots\" content=\"index, follow, max-snippet:-1, max-image-preview:large, max-video-preview:-1\" \/>\n<link rel=\"canonical\" href=\"https:\/\/vieassociative.be\/actualites\/tadej-pogacar-remco-evenepoel-et-paul-seixas-grands-favoris-de-la-classique-liege-bastogne-liege\/\" \/>\n<meta property=\"og:locale\" content=\"fr_FR\" \/>\n<meta property=\"og:type\" content=\"article\" \/>\n<meta property=\"og:title\" content=\"Tadej Pogacar, Remco Evenepoel et Paul Seixas grands favoris de la classique Li\u00e8ge-Bastogne-Li\u00e8ge | Vie Associative\" \/>\n<meta property=\"og:description\" content=\"La classique cycliste Li\u00e8ge\u2013Bastogne\u2013Li\u00e8ge, le plus ancien des cinq \u00ab monuments \u00bb du cyclisme, marque traditionnellement la fin de la Semaine ardennaise et est consid\u00e9r\u00e9e\" \/>\n<meta property=\"og:url\" content=\"https:\/\/vieassociative.be\/actualites\/tadej-pogacar-remco-evenepoel-et-paul-seixas-grands-favoris-de-la-classique-liege-bastogne-liege\/\" \/>\n<meta property=\"og:site_name\" content=\"Vie Associative\" \/>\n<meta property=\"article:published_time\" content=\"2026-04-26T21:17:39+00:00\" \/>\n<meta property=\"og:image\" content=\"https:\/\/vieassociative.be\/actualites\/wp-content\/uploads\/2024\/09\/header_backgroundk-01-e1726694325946.png\" \/>\n\t<meta property=\"og:image:width\" content=\"279\" \/>\n\t<meta property=\"og:image:height\" content=\"92\" \/>\n\t<meta property=\"og:image:type\" content=\"image\/png\" \/>\n<meta name=\"author\" content=\"Julien\" \/>\n<meta name=\"twitter:card\" content=\"summary_large_image\" \/>\n<meta name=\"twitter:label1\" content=\"\u00c9crit par\" \/>\n\t<meta name=\"twitter:data1\" content=\"Julien\" \/>\n\t<meta name=\"twitter:label2\" content=\"Dur\u00e9e de lecture est.\" \/>\n\t<meta name=\"twitter:data2\" content=\"4 minutes\" \/>\n<script type=\"application\/ld+json\" class=\"yoast-schema-graph\">{\"@context\":\"https:\/\/schema.org\",\"@graph\":[{\"@type\":\"Article\",\"@id\":\"https:\/\/vieassociative.be\/actualites\/tadej-pogacar-remco-evenepoel-et-paul-seixas-grands-favoris-de-la-classique-liege-bastogne-liege\/#article\",\"isPartOf\":{\"@id\":\"https:\/\/vieassociative.be\/actualites\/tadej-pogacar-remco-evenepoel-et-paul-seixas-grands-favoris-de-la-classique-liege-bastogne-liege\/\"},\"author\":{\"name\":\"Julien\",\"@id\":\"https:\/\/vieassociative.be\/actualites\/#\/schema\/person\/b87ac4f82f9d4e7b7cec7395b679edc4\"},\"headline\":\"Tadej Pogacar, Remco Evenepoel et Paul Seixas grands favoris de la classique Li\u00e8ge-Bastogne-Li\u00e8ge\",\"datePublished\":\"2026-04-26T21:17:39+00:00\",\"dateModified\":\"2026-04-26T21:17:39+00:00\",\"mainEntityOfPage\":{\"@id\":\"https:\/\/vieassociative.be\/actualites\/tadej-pogacar-remco-evenepoel-et-paul-seixas-grands-favoris-de-la-classique-liege-bastogne-liege\/\"},\"wordCount\":816,\"publisher\":{\"@id\":\"https:\/\/vieassociative.be\/actualites\/#organization\"},\"image\":{\"@id\":\"https:\/\/vieassociative.be\/actualites\/tadej-pogacar-remco-evenepoel-et-paul-seixas-grands-favoris-de-la-classique-liege-bastogne-liege\/#primaryimage\"},\"thumbnailUrl\":\"https:\/\/vieassociative.be\/actualites\/wp-content\/uploads\/2025\/10\/1759695503_Au-Championnat-dEurope-dans-lArdeche-comme-lors-de-la-Coupe.jpg\",\"keywords\":[\"classique\",\"Evenepoel\",\"favoris\",\"grands\",\"li\u00e8gebastogneli\u00e8ge\",\"Paul\",\"Pogacar\",\"Remco\",\"Seixas\",\"Tadej\"],\"articleSection\":[\"Belgique\"],\"inLanguage\":\"fr-BE\"},{\"@type\":\"WebPage\",\"@id\":\"https:\/\/vieassociative.be\/actualites\/tadej-pogacar-remco-evenepoel-et-paul-seixas-grands-favoris-de-la-classique-liege-bastogne-liege\/\",\"url\":\"https:\/\/vieassociative.be\/actualites\/tadej-pogacar-remco-evenepoel-et-paul-seixas-grands-favoris-de-la-classique-liege-bastogne-liege\/\",\"name\":\"Tadej Pogacar, Remco Evenepoel et Paul Seixas grands favoris de la classique Li\u00e8ge-Bastogne-Li\u00e8ge | Vie Associative\",\"isPartOf\":{\"@id\":\"https:\/\/vieassociative.be\/actualites\/#website\"},\"primaryImageOfPage\":{\"@id\":\"https:\/\/vieassociative.be\/actualites\/tadej-pogacar-remco-evenepoel-et-paul-seixas-grands-favoris-de-la-classique-liege-bastogne-liege\/#primaryimage\"},\"image\":{\"@id\":\"https:\/\/vieassociative.be\/actualites\/tadej-pogacar-remco-evenepoel-et-paul-seixas-grands-favoris-de-la-classique-liege-bastogne-liege\/#primaryimage\"},\"thumbnailUrl\":\"https:\/\/vieassociative.be\/actualites\/wp-content\/uploads\/2025\/10\/1759695503_Au-Championnat-dEurope-dans-lArdeche-comme-lors-de-la-Coupe.jpg\",\"datePublished\":\"2026-04-26T21:17:39+00:00\",\"dateModified\":\"2026-04-26T21:17:39+00:00\",\"breadcrumb\":{\"@id\":\"https:\/\/vieassociative.be\/actualites\/tadej-pogacar-remco-evenepoel-et-paul-seixas-grands-favoris-de-la-classique-liege-bastogne-liege\/#breadcrumb\"},\"inLanguage\":\"fr-BE\",\"potentialAction\":[{\"@type\":\"ReadAction\",\"target\":[\"https:\/\/vieassociative.be\/actualites\/tadej-pogacar-remco-evenepoel-et-paul-seixas-grands-favoris-de-la-classique-liege-bastogne-liege\/\"]}]},{\"@type\":\"ImageObject\",\"inLanguage\":\"fr-BE\",\"@id\":\"https:\/\/vieassociative.be\/actualites\/tadej-pogacar-remco-evenepoel-et-paul-seixas-grands-favoris-de-la-classique-liege-bastogne-liege\/#primaryimage\",\"url\":\"https:\/\/vieassociative.be\/actualites\/wp-content\/uploads\/2025\/10\/1759695503_Au-Championnat-dEurope-dans-lArdeche-comme-lors-de-la-Coupe.jpg\",\"contentUrl\":\"https:\/\/vieassociative.be\/actualites\/wp-content\/uploads\/2025\/10\/1759695503_Au-Championnat-dEurope-dans-lArdeche-comme-lors-de-la-Coupe.jpg\",\"width\":1200,\"height\":800,\"caption\":\"Au Championnat d'Europe dans l'Ard\u00e8che comme lors de la Coupe du monde au Rwanda: Tadej Pogacar gagne l'or devant Remco Millepoel\"},{\"@type\":\"BreadcrumbList\",\"@id\":\"https:\/\/vieassociative.be\/actualites\/tadej-pogacar-remco-evenepoel-et-paul-seixas-grands-favoris-de-la-classique-liege-bastogne-liege\/#breadcrumb\",\"itemListElement\":[{\"@type\":\"ListItem\",\"position\":1,\"name\":\"Accueil\",\"item\":\"https:\/\/vieassociative.be\/actualites\/\"},{\"@type\":\"ListItem\",\"position\":2,\"name\":\"Tadej Pogacar, Remco Evenepoel et Paul Seixas grands favoris de la classique Li\u00e8ge-Bastogne-Li\u00e8ge\"}]},{\"@type\":\"WebSite\",\"@id\":\"https:\/\/vieassociative.be\/actualites\/#website\",\"url\":\"https:\/\/vieassociative.be\/actualites\/\",\"name\":\"Vie Associative\",\"description\":\"\",\"publisher\":{\"@id\":\"https:\/\/vieassociative.be\/actualites\/#organization\"},\"potentialAction\":[{\"@type\":\"SearchAction\",\"target\":{\"@type\":\"EntryPoint\",\"urlTemplate\":\"https:\/\/vieassociative.be\/actualites\/?s={search_term_string}\"},\"query-input\":{\"@type\":\"PropertyValueSpecification\",\"valueRequired\":true,\"valueName\":\"search_term_string\"}}],\"inLanguage\":\"fr-BE\"},{\"@type\":\"Organization\",\"@id\":\"https:\/\/vieassociative.be\/actualites\/#organization\",\"name\":\"Vie Associative\",\"url\":\"https:\/\/vieassociative.be\/actualites\/\",\"logo\":{\"@type\":\"ImageObject\",\"inLanguage\":\"fr-BE\",\"@id\":\"https:\/\/vieassociative.be\/actualites\/#\/schema\/logo\/image\/\",\"url\":\"https:\/\/vieassociative.be\/actualites\/wp-content\/uploads\/2024\/09\/cropped-vieassociative_favicon.ico.png\",\"contentUrl\":\"https:\/\/vieassociative.be\/actualites\/wp-content\/uploads\/2024\/09\/cropped-vieassociative_favicon.ico.png\",\"width\":512,\"height\":512,\"caption\":\"Vie Associative\"},\"image\":{\"@id\":\"https:\/\/vieassociative.be\/actualites\/#\/schema\/logo\/image\/\"}},{\"@type\":\"Person\",\"@id\":\"https:\/\/vieassociative.be\/actualites\/#\/schema\/person\/b87ac4f82f9d4e7b7cec7395b679edc4\",\"name\":\"Julien\",\"image\":{\"@type\":\"ImageObject\",\"inLanguage\":\"fr-BE\",\"@id\":\"https:\/\/vieassociative.be\/actualites\/#\/schema\/person\/image\/\",\"url\":\"https:\/\/vieassociative.be\/actualites\/wp-content\/uploads\/2024\/09\/vie-associative-1-150x150.jpg\",\"contentUrl\":\"https:\/\/vieassociative.be\/actualites\/wp-content\/uploads\/2024\/09\/vie-associative-1-150x150.jpg\",\"caption\":\"Julien\"},\"description\":\"Je suis Julien, r\u00e9dacteur pour Vie Associative. Passionn\u00e9 par le monde associatif depuis plus de 10 ans, j'ai \u00e0 c\u0153ur de partager des histoires inspirantes et de mettre en lumi\u00e8re les initiatives locales. Mon objectif est de sensibiliser et d'encourager l'engagement communautaire \u00e0 travers mes articles.\",\"sameAs\":[\"https:\/\/vieassociative.be\/\"]}]}<\/script>\n<!-- \/ Yoast SEO plugin. -->","yoast_head_json":{"title":"Tadej Pogacar, Remco Evenepoel et Paul Seixas grands favoris de la classique Li\u00e8ge-Bastogne-Li\u00e8ge | Vie Associative","robots":{"index":"index","follow":"follow","max-snippet":"max-snippet:-1","max-image-preview":"max-image-preview:large","max-video-preview":"max-video-preview:-1"},"canonical":"https:\/\/vieassociative.be\/actualites\/tadej-pogacar-remco-evenepoel-et-paul-seixas-grands-favoris-de-la-classique-liege-bastogne-liege\/","og_locale":"fr_FR","og_type":"article","og_title":"Tadej Pogacar, Remco Evenepoel et Paul Seixas grands favoris de la classique Li\u00e8ge-Bastogne-Li\u00e8ge | Vie Associative","og_description":"La classique cycliste Li\u00e8ge\u2013Bastogne\u2013Li\u00e8ge, le plus ancien des cinq \u00ab monuments \u00bb du cyclisme, marque traditionnellement la fin de la Semaine ardennaise et est consid\u00e9r\u00e9e","og_url":"https:\/\/vieassociative.be\/actualites\/tadej-pogacar-remco-evenepoel-et-paul-seixas-grands-favoris-de-la-classique-liege-bastogne-liege\/","og_site_name":"Vie Associative","article_published_time":"2026-04-26T21:17:39+00:00","og_image":[{"width":279,"height":92,"url":"https:\/\/vieassociative.be\/actualites\/wp-content\/uploads\/2024\/09\/header_backgroundk-01-e1726694325946.png","type":"image\/png"}],"author":"Julien","twitter_card":"summary_large_image","twitter_misc":{"\u00c9crit par":"Julien","Dur\u00e9e de lecture est.":"4 minutes"},"schema":{"@context":"https:\/\/schema.org","@graph":[{"@type":"Article","@id":"https:\/\/vieassociative.be\/actualites\/tadej-pogacar-remco-evenepoel-et-paul-seixas-grands-favoris-de-la-classique-liege-bastogne-liege\/#article","isPartOf":{"@id":"https:\/\/vieassociative.be\/actualites\/tadej-pogacar-remco-evenepoel-et-paul-seixas-grands-favoris-de-la-classique-liege-bastogne-liege\/"},"author":{"name":"Julien","@id":"https:\/\/vieassociative.be\/actualites\/#\/schema\/person\/b87ac4f82f9d4e7b7cec7395b679edc4"},"headline":"Tadej Pogacar, Remco Evenepoel et Paul Seixas grands favoris de la classique Li\u00e8ge-Bastogne-Li\u00e8ge","datePublished":"2026-04-26T21:17:39+00:00","dateModified":"2026-04-26T21:17:39+00:00","mainEntityOfPage":{"@id":"https:\/\/vieassociative.be\/actualites\/tadej-pogacar-remco-evenepoel-et-paul-seixas-grands-favoris-de-la-classique-liege-bastogne-liege\/"},"wordCount":816,"publisher":{"@id":"https:\/\/vieassociative.be\/actualites\/#organization"},"image":{"@id":"https:\/\/vieassociative.be\/actualites\/tadej-pogacar-remco-evenepoel-et-paul-seixas-grands-favoris-de-la-classique-liege-bastogne-liege\/#primaryimage"},"thumbnailUrl":"https:\/\/vieassociative.be\/actualites\/wp-content\/uploads\/2025\/10\/1759695503_Au-Championnat-dEurope-dans-lArdeche-comme-lors-de-la-Coupe.jpg","keywords":["classique","Evenepoel","favoris","grands","li\u00e8gebastogneli\u00e8ge","Paul","Pogacar","Remco","Seixas","Tadej"],"articleSection":["Belgique"],"inLanguage":"fr-BE"},{"@type":"WebPage","@id":"https:\/\/vieassociative.be\/actualites\/tadej-pogacar-remco-evenepoel-et-paul-seixas-grands-favoris-de-la-classique-liege-bastogne-liege\/","url":"https:\/\/vieassociative.be\/actualites\/tadej-pogacar-remco-evenepoel-et-paul-seixas-grands-favoris-de-la-classique-liege-bastogne-liege\/","name":"Tadej Pogacar, Remco Evenepoel et Paul Seixas grands favoris de la classique Li\u00e8ge-Bastogne-Li\u00e8ge | Vie Associative","isPartOf":{"@id":"https:\/\/vieassociative.be\/actualites\/#website"},"primaryImageOfPage":{"@id":"https:\/\/vieassociative.be\/actualites\/tadej-pogacar-remco-evenepoel-et-paul-seixas-grands-favoris-de-la-classique-liege-bastogne-liege\/#primaryimage"},"image":{"@id":"https:\/\/vieassociative.be\/actualites\/tadej-pogacar-remco-evenepoel-et-paul-seixas-grands-favoris-de-la-classique-liege-bastogne-liege\/#primaryimage"},"thumbnailUrl":"https:\/\/vieassociative.be\/actualites\/wp-content\/uploads\/2025\/10\/1759695503_Au-Championnat-dEurope-dans-lArdeche-comme-lors-de-la-Coupe.jpg","datePublished":"2026-04-26T21:17:39+00:00","dateModified":"2026-04-26T21:17:39+00:00","breadcrumb":{"@id":"https:\/\/vieassociative.be\/actualites\/tadej-pogacar-remco-evenepoel-et-paul-seixas-grands-favoris-de-la-classique-liege-bastogne-liege\/#breadcrumb"},"inLanguage":"fr-BE","potentialAction":[{"@type":"ReadAction","target":["https:\/\/vieassociative.be\/actualites\/tadej-pogacar-remco-evenepoel-et-paul-seixas-grands-favoris-de-la-classique-liege-bastogne-liege\/"]}]},{"@type":"ImageObject","inLanguage":"fr-BE","@id":"https:\/\/vieassociative.be\/actualites\/tadej-pogacar-remco-evenepoel-et-paul-seixas-grands-favoris-de-la-classique-liege-bastogne-liege\/#primaryimage","url":"https:\/\/vieassociative.be\/actualites\/wp-content\/uploads\/2025\/10\/1759695503_Au-Championnat-dEurope-dans-lArdeche-comme-lors-de-la-Coupe.jpg","contentUrl":"https:\/\/vieassociative.be\/actualites\/wp-content\/uploads\/2025\/10\/1759695503_Au-Championnat-dEurope-dans-lArdeche-comme-lors-de-la-Coupe.jpg","width":1200,"height":800,"caption":"Au Championnat d'Europe dans l'Ard\u00e8che comme lors de la Coupe du monde au Rwanda: Tadej Pogacar gagne l'or devant Remco Millepoel"},{"@type":"BreadcrumbList","@id":"https:\/\/vieassociative.be\/actualites\/tadej-pogacar-remco-evenepoel-et-paul-seixas-grands-favoris-de-la-classique-liege-bastogne-liege\/#breadcrumb","itemListElement":[{"@type":"ListItem","position":1,"name":"Accueil","item":"https:\/\/vieassociative.be\/actualites\/"},{"@type":"ListItem","position":2,"name":"Tadej Pogacar, Remco Evenepoel et Paul Seixas grands favoris de la classique Li\u00e8ge-Bastogne-Li\u00e8ge"}]},{"@type":"WebSite","@id":"https:\/\/vieassociative.be\/actualites\/#website","url":"https:\/\/vieassociative.be\/actualites\/","name":"Vie Associative","description":"","publisher":{"@id":"https:\/\/vieassociative.be\/actualites\/#organization"},"potentialAction":[{"@type":"SearchAction","target":{"@type":"EntryPoint","urlTemplate":"https:\/\/vieassociative.be\/actualites\/?s={search_term_string}"},"query-input":{"@type":"PropertyValueSpecification","valueRequired":true,"valueName":"search_term_string"}}],"inLanguage":"fr-BE"},{"@type":"Organization","@id":"https:\/\/vieassociative.be\/actualites\/#organization","name":"Vie Associative","url":"https:\/\/vieassociative.be\/actualites\/","logo":{"@type":"ImageObject","inLanguage":"fr-BE","@id":"https:\/\/vieassociative.be\/actualites\/#\/schema\/logo\/image\/","url":"https:\/\/vieassociative.be\/actualites\/wp-content\/uploads\/2024\/09\/cropped-vieassociative_favicon.ico.png","contentUrl":"https:\/\/vieassociative.be\/actualites\/wp-content\/uploads\/2024\/09\/cropped-vieassociative_favicon.ico.png","width":512,"height":512,"caption":"Vie Associative"},"image":{"@id":"https:\/\/vieassociative.be\/actualites\/#\/schema\/logo\/image\/"}},{"@type":"Person","@id":"https:\/\/vieassociative.be\/actualites\/#\/schema\/person\/b87ac4f82f9d4e7b7cec7395b679edc4","name":"Julien","image":{"@type":"ImageObject","inLanguage":"fr-BE","@id":"https:\/\/vieassociative.be\/actualites\/#\/schema\/person\/image\/","url":"https:\/\/vieassociative.be\/actualites\/wp-content\/uploads\/2024\/09\/vie-associative-1-150x150.jpg","contentUrl":"https:\/\/vieassociative.be\/actualites\/wp-content\/uploads\/2024\/09\/vie-associative-1-150x150.jpg","caption":"Julien"},"description":"Je suis Julien, r\u00e9dacteur pour Vie Associative. Passionn\u00e9 par le monde associatif depuis plus de 10 ans, j'ai \u00e0 c\u0153ur de partager des histoires inspirantes et de mettre en lumi\u00e8re les initiatives locales. Mon objectif est de sensibiliser et d'encourager l'engagement communautaire \u00e0 travers mes articles.","sameAs":["https:\/\/vieassociative.be\/"]}]}},"_links":{"self":[{"href":"https:\/\/vieassociative.be\/actualites\/wp-json\/wp\/v2\/posts\/13595"}],"collection":[{"href":"https:\/\/vieassociative.be\/actualites\/wp-json\/wp\/v2\/posts"}],"about":[{"href":"https:\/\/vieassociative.be\/actualites\/wp-json\/wp\/v2\/types\/post"}],"author":[{"embeddable":true,"href":"https:\/\/vieassociative.be\/actualites\/wp-json\/wp\/v2\/users\/1"}],"replies":[{"embeddable":true,"href":"https:\/\/vieassociative.be\/actualites\/wp-json\/wp\/v2\/comments?post=13595"}],"version-history":[{"count":0,"href":"https:\/\/vieassociative.be\/actualites\/wp-json\/wp\/v2\/posts\/13595\/revisions"}],"wp:featuredmedia":[{"embeddable":true,"href":"https:\/\/vieassociative.be\/actualites\/wp-json\/wp\/v2\/media\/10471"}],"wp:attachment":[{"href":"https:\/\/vieassociative.be\/actualites\/wp-json\/wp\/v2\/media?parent=13595"}],"wp:term":[{"taxonomy":"category","embeddable":true,"href":"https:\/\/vieassociative.be\/actualites\/wp-json\/wp\/v2\/categories?post=13595"},{"taxonomy":"post_tag","embeddable":true,"href":"https:\/\/vieassociative.be\/actualites\/wp-json\/wp\/v2\/tags?post=13595"}],"curies":[{"name":"wp","href":"https:\/\/api.w.org\/{rel}","templated":true}]}}