{"id":13593,"date":"2026-04-26T22:17:28","date_gmt":"2026-04-26T20:17:28","guid":{"rendered":"https:\/\/vieassociative.be\/actualites\/tiktok-teste-une-fonctionnalite-ia-remix-mais-vous-pouvez-vous-desinscrire\/"},"modified":"2026-04-26T22:17:28","modified_gmt":"2026-04-26T20:17:28","slug":"tiktok-teste-une-fonctionnalite-ia-remix-mais-vous-pouvez-vous-desinscrire","status":"publish","type":"post","link":"https:\/\/vieassociative.be\/actualites\/tiktok-teste-une-fonctionnalite-ia-remix-mais-vous-pouvez-vous-desinscrire\/","title":{"rendered":"TikTok teste une fonctionnalit\u00e9 IA \u00ab\u00a0Remix\u00a0\u00bb, mais vous pouvez vous d\u00e9sinscrire"},"content":{"rendered":"<p>Lorsque vous publiez quelque chose sur Internet, vous c\u00e9dez une certaine mesure de contr\u00f4le \u00e0 quiconque pourrait en \u00eatre victime. Photos, vid\u00e9os, textes, enregistrements audio\u00a0: tout ce contenu peut \u00eatre t\u00e9l\u00e9charg\u00e9 ou captur\u00e9, et r\u00e9utilis\u00e9 comme le souhaite un autre utilisateur. C&rsquo;est le risque de publier en ligne. <\/p>\n<p>Le fait est que vous ne supposez peut-\u00eatre pas que la plate-forme sur laquelle vous publiez fera tout son possible pour aider les autres utilisateurs \u00e0 r\u00e9utiliser votre contenu, mais c&rsquo;est exactement ce que fait actuellement TikTok avec sa nouvelle fonctionnalit\u00e9 de \u00ab remixes \u00bb d&rsquo;IA. <\/p>\n<h2 id=\"what-are-tiktoks-ai-remixes\">Que sont les \u00ab remixes \u00bb d\u2019IA de TikTok ?<\/h2>\n<p>Les remix d&rsquo;IA sont cens\u00e9s \u00eatre une sorte d&rsquo;outil de cr\u00e9ation de m\u00e8mes. Selon CNET, les remix permettent aux utilisateurs de TikTok de cr\u00e9er une image personnalis\u00e9e g\u00e9n\u00e9r\u00e9e \u00e0 partir de votre contenu, avec l&rsquo;aide de l&rsquo;IA, bien s\u00fbr. Si vous publiez une vid\u00e9o de votre routine de caf\u00e9 du matin, par exemple, un t\u00e9l\u00e9spectateur pourrait utiliser des remix pour g\u00e9n\u00e9rer une image de vous tenant votre caf\u00e9, avec un texte indiquant \u00ab\u00a0Cette premi\u00e8re gorg\u00e9e du matin est comme\u00a0\u00bb, ou tout ce qu&rsquo;il pourrait vouloir faire tourner. L&rsquo;id\u00e9e est apparemment de partager cette nouvelle image d&rsquo;IA dans les commentaires de votre vid\u00e9o, comme un autre moyen de stimuler l&rsquo;engagement sur la plateforme.<\/p>\n<h2 id=\"tiktok-remixes-are-currently-only-in-testing\">Les remix de TikTok ne sont actuellement qu&rsquo;en test<\/h2>\n<p>Il est important de noter que les remix ne sont pas une fonctionnalit\u00e9 officielle de TikTok pour le moment : TikTok a confirm\u00e9 \u00e0 CNET que les remix d&rsquo;IA sont actuellement une fonctionnalit\u00e9 exp\u00e9rimentale et que la soci\u00e9t\u00e9 les teste sur une base limit\u00e9e. Il n\u2019y a pas de projet d\u00e9finitif pour le d\u00e9ployer davantage, et TikTok affirme que la fa\u00e7on dont fonctionnent les remix pourrait changer d\u2019ici son lancement complet, si jamais cela se produit.    <\/p>\n<p>Je suis s\u00fbr que certains utilisateurs seraient suffisamment cr\u00e9atifs pour g\u00e9n\u00e9rer des m\u00e8mes d&rsquo;IA amusants \u00e0 l&rsquo;aide de remix, mais j&rsquo;ai de gros probl\u00e8mes de confidentialit\u00e9. Les cr\u00e9ateurs ne voudront peut-\u00eatre pas soumettre leur image \u00e0 l&rsquo;usine d&rsquo;IA de TikTok, car autoriser l&rsquo;utilisation de votre contenu dans des remix signifie essentiellement autoriser l&rsquo;utilisation de votre visage et de vos vid\u00e9os pour entra\u00eener les mod\u00e8les d&rsquo;IA de l&rsquo;entreprise. La bonne nouvelle est que TikTok vous permet de d\u00e9sactiver les remix ; la mauvaise nouvelle est que vous ne pouvez pas vous d\u00e9sinscrire en masse. Au lieu de cela, l&rsquo;application vous oblige \u00e0 d\u00e9sactiver les remix pour chaque vid\u00e9o que vous publiez. Il semble que la soci\u00e9t\u00e9 pense que vous souhaiterez peut-\u00eatre autoriser Remix pour certaines vid\u00e9os et pas pour d&rsquo;autres, alors qu&rsquo;en r\u00e9alit\u00e9, de nombreux cr\u00e9ateurs pr\u00e9f\u00e9reraient probablement les bloquer compl\u00e8tement.<\/p>\n<h2 id=\"how-to-opt-out-of-tiktoks-ai-remixes\">Comment se d\u00e9sinscrire des remixes AI de TikTok<\/h2>\n<p>Tout le monde n\u2019a pas encore \u00e0 s\u2019en soucier, puisque TikTok ne teste que des remix d\u2019IA avec des utilisateurs s\u00e9lectionn\u00e9s. N\u00e9anmoins, si vous publiez des vid\u00e9os sur TikTok, cela vaut la peine de v\u00e9rifier vos param\u00e8tres pour vous assurer que la fonctionnalit\u00e9 n&rsquo;est pas activ\u00e9e, en supposant que vous souhaitiez vous d\u00e9sinscrire, bien s\u00fbr. <\/p>\n<p>Pour ce faire, appuyez sur l&rsquo;une de vos vid\u00e9os TikTok, puis appuyez sur les trois points dans le coin inf\u00e9rieur droit. Faites d\u00e9filer vers le bas et choisissez \u00ab Param\u00e8tres de confidentialit\u00e9 \u00bb. Si vous faites partie de la version d&rsquo;essai, l&rsquo;option \u00ab Autoriser l&rsquo;IA \u00e0 remixer le contenu \u00bb s&rsquo;affichera activ\u00e9e. Appuyez pour d\u00e9sactiver l&rsquo;option.<\/p>\n","protected":false},"excerpt":{"rendered":"<p>Lorsque vous publiez quelque chose sur Internet, vous c\u00e9dez une certaine mesure de contr\u00f4le \u00e0 quiconque pourrait en \u00eatre victime. Photos, vid\u00e9os, textes, enregistrements audio\u00a0:<\/p>\n","protected":false},"author":1,"featured_media":13594,"comment_status":"","ping_status":"","sticky":false,"template":"","format":"standard","meta":{"footnotes":""},"categories":[10299],"tags":[10573,1300,156,5,10572,824,75,110,4],"class_list":["post-13593","post","type-post","status-publish","format-standard","has-post-thumbnail","hentry","category-ai","tag-desinscrire","tag-fonctionnalite","tag-mais","tag-pouvez","tag-remix","tag-teste","tag-tiktok","tag-une","tag-vous","generate-columns","tablet-grid-50","mobile-grid-100","grid-parent","grid-33"],"yoast_head":"<!-- This site is optimized with the Yoast SEO plugin v24.0 - https:\/\/yoast.com\/wordpress\/plugins\/seo\/ -->\n<title>TikTok teste une fonctionnalit\u00e9 IA \u00ab\u00a0Remix\u00a0\u00bb, mais vous pouvez vous d\u00e9sinscrire | Vie Associative<\/title>\n<meta name=\"robots\" content=\"index, follow, max-snippet:-1, max-image-preview:large, max-video-preview:-1\" \/>\n<link rel=\"canonical\" href=\"https:\/\/vieassociative.be\/actualites\/tiktok-teste-une-fonctionnalite-ia-remix-mais-vous-pouvez-vous-desinscrire\/\" \/>\n<meta property=\"og:locale\" content=\"fr_FR\" \/>\n<meta property=\"og:type\" content=\"article\" \/>\n<meta property=\"og:title\" content=\"TikTok teste une fonctionnalit\u00e9 IA \u00ab\u00a0Remix\u00a0\u00bb, mais vous pouvez vous d\u00e9sinscrire | Vie Associative\" \/>\n<meta property=\"og:description\" content=\"Lorsque vous publiez quelque chose sur Internet, vous c\u00e9dez une certaine mesure de contr\u00f4le \u00e0 quiconque pourrait en \u00eatre victime. Photos, vid\u00e9os, textes, enregistrements audio\u00a0:\" \/>\n<meta property=\"og:url\" content=\"https:\/\/vieassociative.be\/actualites\/tiktok-teste-une-fonctionnalite-ia-remix-mais-vous-pouvez-vous-desinscrire\/\" \/>\n<meta property=\"og:site_name\" content=\"Vie Associative\" \/>\n<meta property=\"article:published_time\" content=\"2026-04-26T20:17:28+00:00\" \/>\n<meta property=\"og:image\" content=\"https:\/\/vieassociative.be\/actualites\/wp-content\/uploads\/2024\/09\/header_backgroundk-01-e1726694325946.png\" \/>\n\t<meta property=\"og:image:width\" content=\"279\" \/>\n\t<meta property=\"og:image:height\" content=\"92\" \/>\n\t<meta property=\"og:image:type\" content=\"image\/png\" \/>\n<meta name=\"author\" content=\"Julien\" \/>\n<meta name=\"twitter:card\" content=\"summary_large_image\" \/>\n<meta name=\"twitter:label1\" content=\"\u00c9crit par\" \/>\n\t<meta name=\"twitter:data1\" content=\"Julien\" \/>\n\t<meta name=\"twitter:label2\" content=\"Dur\u00e9e de lecture est.\" \/>\n\t<meta name=\"twitter:data2\" content=\"3 minutes\" \/>\n<script type=\"application\/ld+json\" class=\"yoast-schema-graph\">{\"@context\":\"https:\/\/schema.org\",\"@graph\":[{\"@type\":\"Article\",\"@id\":\"https:\/\/vieassociative.be\/actualites\/tiktok-teste-une-fonctionnalite-ia-remix-mais-vous-pouvez-vous-desinscrire\/#article\",\"isPartOf\":{\"@id\":\"https:\/\/vieassociative.be\/actualites\/tiktok-teste-une-fonctionnalite-ia-remix-mais-vous-pouvez-vous-desinscrire\/\"},\"author\":{\"name\":\"Julien\",\"@id\":\"https:\/\/vieassociative.be\/actualites\/#\/schema\/person\/b87ac4f82f9d4e7b7cec7395b679edc4\"},\"headline\":\"TikTok teste une fonctionnalit\u00e9 IA \u00ab\u00a0Remix\u00a0\u00bb, mais vous pouvez vous d\u00e9sinscrire\",\"datePublished\":\"2026-04-26T20:17:28+00:00\",\"dateModified\":\"2026-04-26T20:17:28+00:00\",\"mainEntityOfPage\":{\"@id\":\"https:\/\/vieassociative.be\/actualites\/tiktok-teste-une-fonctionnalite-ia-remix-mais-vous-pouvez-vous-desinscrire\/\"},\"wordCount\":661,\"publisher\":{\"@id\":\"https:\/\/vieassociative.be\/actualites\/#organization\"},\"image\":{\"@id\":\"https:\/\/vieassociative.be\/actualites\/tiktok-teste-une-fonctionnalite-ia-remix-mais-vous-pouvez-vous-desinscrire\/#primaryimage\"},\"thumbnailUrl\":\"https:\/\/vieassociative.be\/actualites\/wp-content\/uploads\/2026\/04\/TikTok-teste-une-fonctionnalite-IA-Remix-mais-vous-pouvez-vous.jpg\",\"keywords\":[\"d\u00e9sinscrire\",\"fonctionnalit\u00e9\",\"mais\",\"pouvez\",\"Remix\",\"test\u00e9\",\"TikTok\",\"une\",\"Vous\"],\"articleSection\":[\"AI\"],\"inLanguage\":\"fr-BE\"},{\"@type\":\"WebPage\",\"@id\":\"https:\/\/vieassociative.be\/actualites\/tiktok-teste-une-fonctionnalite-ia-remix-mais-vous-pouvez-vous-desinscrire\/\",\"url\":\"https:\/\/vieassociative.be\/actualites\/tiktok-teste-une-fonctionnalite-ia-remix-mais-vous-pouvez-vous-desinscrire\/\",\"name\":\"TikTok teste une fonctionnalit\u00e9 IA \u00ab\u00a0Remix\u00a0\u00bb, mais vous pouvez vous d\u00e9sinscrire | Vie Associative\",\"isPartOf\":{\"@id\":\"https:\/\/vieassociative.be\/actualites\/#website\"},\"primaryImageOfPage\":{\"@id\":\"https:\/\/vieassociative.be\/actualites\/tiktok-teste-une-fonctionnalite-ia-remix-mais-vous-pouvez-vous-desinscrire\/#primaryimage\"},\"image\":{\"@id\":\"https:\/\/vieassociative.be\/actualites\/tiktok-teste-une-fonctionnalite-ia-remix-mais-vous-pouvez-vous-desinscrire\/#primaryimage\"},\"thumbnailUrl\":\"https:\/\/vieassociative.be\/actualites\/wp-content\/uploads\/2026\/04\/TikTok-teste-une-fonctionnalite-IA-Remix-mais-vous-pouvez-vous.jpg\",\"datePublished\":\"2026-04-26T20:17:28+00:00\",\"dateModified\":\"2026-04-26T20:17:28+00:00\",\"breadcrumb\":{\"@id\":\"https:\/\/vieassociative.be\/actualites\/tiktok-teste-une-fonctionnalite-ia-remix-mais-vous-pouvez-vous-desinscrire\/#breadcrumb\"},\"inLanguage\":\"fr-BE\",\"potentialAction\":[{\"@type\":\"ReadAction\",\"target\":[\"https:\/\/vieassociative.be\/actualites\/tiktok-teste-une-fonctionnalite-ia-remix-mais-vous-pouvez-vous-desinscrire\/\"]}]},{\"@type\":\"ImageObject\",\"inLanguage\":\"fr-BE\",\"@id\":\"https:\/\/vieassociative.be\/actualites\/tiktok-teste-une-fonctionnalite-ia-remix-mais-vous-pouvez-vous-desinscrire\/#primaryimage\",\"url\":\"https:\/\/vieassociative.be\/actualites\/wp-content\/uploads\/2026\/04\/TikTok-teste-une-fonctionnalite-IA-Remix-mais-vous-pouvez-vous.jpg\",\"contentUrl\":\"https:\/\/vieassociative.be\/actualites\/wp-content\/uploads\/2026\/04\/TikTok-teste-une-fonctionnalite-IA-Remix-mais-vous-pouvez-vous.jpg\",\"width\":1200,\"height\":675,\"caption\":\"TikTok teste une fonctionnalit\u00e9 IA \u00ab\u00a0Remix\u00a0\u00bb, mais vous pouvez vous d\u00e9sinscrire\"},{\"@type\":\"BreadcrumbList\",\"@id\":\"https:\/\/vieassociative.be\/actualites\/tiktok-teste-une-fonctionnalite-ia-remix-mais-vous-pouvez-vous-desinscrire\/#breadcrumb\",\"itemListElement\":[{\"@type\":\"ListItem\",\"position\":1,\"name\":\"Accueil\",\"item\":\"https:\/\/vieassociative.be\/actualites\/\"},{\"@type\":\"ListItem\",\"position\":2,\"name\":\"TikTok teste une fonctionnalit\u00e9 IA \u00ab\u00a0Remix\u00a0\u00bb, mais vous pouvez vous d\u00e9sinscrire\"}]},{\"@type\":\"WebSite\",\"@id\":\"https:\/\/vieassociative.be\/actualites\/#website\",\"url\":\"https:\/\/vieassociative.be\/actualites\/\",\"name\":\"Vie Associative\",\"description\":\"\",\"publisher\":{\"@id\":\"https:\/\/vieassociative.be\/actualites\/#organization\"},\"potentialAction\":[{\"@type\":\"SearchAction\",\"target\":{\"@type\":\"EntryPoint\",\"urlTemplate\":\"https:\/\/vieassociative.be\/actualites\/?s={search_term_string}\"},\"query-input\":{\"@type\":\"PropertyValueSpecification\",\"valueRequired\":true,\"valueName\":\"search_term_string\"}}],\"inLanguage\":\"fr-BE\"},{\"@type\":\"Organization\",\"@id\":\"https:\/\/vieassociative.be\/actualites\/#organization\",\"name\":\"Vie Associative\",\"url\":\"https:\/\/vieassociative.be\/actualites\/\",\"logo\":{\"@type\":\"ImageObject\",\"inLanguage\":\"fr-BE\",\"@id\":\"https:\/\/vieassociative.be\/actualites\/#\/schema\/logo\/image\/\",\"url\":\"https:\/\/vieassociative.be\/actualites\/wp-content\/uploads\/2024\/09\/cropped-vieassociative_favicon.ico.png\",\"contentUrl\":\"https:\/\/vieassociative.be\/actualites\/wp-content\/uploads\/2024\/09\/cropped-vieassociative_favicon.ico.png\",\"width\":512,\"height\":512,\"caption\":\"Vie Associative\"},\"image\":{\"@id\":\"https:\/\/vieassociative.be\/actualites\/#\/schema\/logo\/image\/\"}},{\"@type\":\"Person\",\"@id\":\"https:\/\/vieassociative.be\/actualites\/#\/schema\/person\/b87ac4f82f9d4e7b7cec7395b679edc4\",\"name\":\"Julien\",\"image\":{\"@type\":\"ImageObject\",\"inLanguage\":\"fr-BE\",\"@id\":\"https:\/\/vieassociative.be\/actualites\/#\/schema\/person\/image\/\",\"url\":\"https:\/\/vieassociative.be\/actualites\/wp-content\/uploads\/2024\/09\/vie-associative-1-150x150.jpg\",\"contentUrl\":\"https:\/\/vieassociative.be\/actualites\/wp-content\/uploads\/2024\/09\/vie-associative-1-150x150.jpg\",\"caption\":\"Julien\"},\"description\":\"Je suis Julien, r\u00e9dacteur pour Vie Associative. Passionn\u00e9 par le monde associatif depuis plus de 10 ans, j'ai \u00e0 c\u0153ur de partager des histoires inspirantes et de mettre en lumi\u00e8re les initiatives locales. Mon objectif est de sensibiliser et d'encourager l'engagement communautaire \u00e0 travers mes articles.\",\"sameAs\":[\"https:\/\/vieassociative.be\/\"]}]}<\/script>\n<!-- \/ Yoast SEO plugin. -->","yoast_head_json":{"title":"TikTok teste une fonctionnalit\u00e9 IA \u00ab\u00a0Remix\u00a0\u00bb, mais vous pouvez vous d\u00e9sinscrire | Vie Associative","robots":{"index":"index","follow":"follow","max-snippet":"max-snippet:-1","max-image-preview":"max-image-preview:large","max-video-preview":"max-video-preview:-1"},"canonical":"https:\/\/vieassociative.be\/actualites\/tiktok-teste-une-fonctionnalite-ia-remix-mais-vous-pouvez-vous-desinscrire\/","og_locale":"fr_FR","og_type":"article","og_title":"TikTok teste une fonctionnalit\u00e9 IA \u00ab\u00a0Remix\u00a0\u00bb, mais vous pouvez vous d\u00e9sinscrire | Vie Associative","og_description":"Lorsque vous publiez quelque chose sur Internet, vous c\u00e9dez une certaine mesure de contr\u00f4le \u00e0 quiconque pourrait en \u00eatre victime. Photos, vid\u00e9os, textes, enregistrements audio\u00a0:","og_url":"https:\/\/vieassociative.be\/actualites\/tiktok-teste-une-fonctionnalite-ia-remix-mais-vous-pouvez-vous-desinscrire\/","og_site_name":"Vie Associative","article_published_time":"2026-04-26T20:17:28+00:00","og_image":[{"width":279,"height":92,"url":"https:\/\/vieassociative.be\/actualites\/wp-content\/uploads\/2024\/09\/header_backgroundk-01-e1726694325946.png","type":"image\/png"}],"author":"Julien","twitter_card":"summary_large_image","twitter_misc":{"\u00c9crit par":"Julien","Dur\u00e9e de lecture est.":"3 minutes"},"schema":{"@context":"https:\/\/schema.org","@graph":[{"@type":"Article","@id":"https:\/\/vieassociative.be\/actualites\/tiktok-teste-une-fonctionnalite-ia-remix-mais-vous-pouvez-vous-desinscrire\/#article","isPartOf":{"@id":"https:\/\/vieassociative.be\/actualites\/tiktok-teste-une-fonctionnalite-ia-remix-mais-vous-pouvez-vous-desinscrire\/"},"author":{"name":"Julien","@id":"https:\/\/vieassociative.be\/actualites\/#\/schema\/person\/b87ac4f82f9d4e7b7cec7395b679edc4"},"headline":"TikTok teste une fonctionnalit\u00e9 IA \u00ab\u00a0Remix\u00a0\u00bb, mais vous pouvez vous d\u00e9sinscrire","datePublished":"2026-04-26T20:17:28+00:00","dateModified":"2026-04-26T20:17:28+00:00","mainEntityOfPage":{"@id":"https:\/\/vieassociative.be\/actualites\/tiktok-teste-une-fonctionnalite-ia-remix-mais-vous-pouvez-vous-desinscrire\/"},"wordCount":661,"publisher":{"@id":"https:\/\/vieassociative.be\/actualites\/#organization"},"image":{"@id":"https:\/\/vieassociative.be\/actualites\/tiktok-teste-une-fonctionnalite-ia-remix-mais-vous-pouvez-vous-desinscrire\/#primaryimage"},"thumbnailUrl":"https:\/\/vieassociative.be\/actualites\/wp-content\/uploads\/2026\/04\/TikTok-teste-une-fonctionnalite-IA-Remix-mais-vous-pouvez-vous.jpg","keywords":["d\u00e9sinscrire","fonctionnalit\u00e9","mais","pouvez","Remix","test\u00e9","TikTok","une","Vous"],"articleSection":["AI"],"inLanguage":"fr-BE"},{"@type":"WebPage","@id":"https:\/\/vieassociative.be\/actualites\/tiktok-teste-une-fonctionnalite-ia-remix-mais-vous-pouvez-vous-desinscrire\/","url":"https:\/\/vieassociative.be\/actualites\/tiktok-teste-une-fonctionnalite-ia-remix-mais-vous-pouvez-vous-desinscrire\/","name":"TikTok teste une fonctionnalit\u00e9 IA \u00ab\u00a0Remix\u00a0\u00bb, mais vous pouvez vous d\u00e9sinscrire | Vie Associative","isPartOf":{"@id":"https:\/\/vieassociative.be\/actualites\/#website"},"primaryImageOfPage":{"@id":"https:\/\/vieassociative.be\/actualites\/tiktok-teste-une-fonctionnalite-ia-remix-mais-vous-pouvez-vous-desinscrire\/#primaryimage"},"image":{"@id":"https:\/\/vieassociative.be\/actualites\/tiktok-teste-une-fonctionnalite-ia-remix-mais-vous-pouvez-vous-desinscrire\/#primaryimage"},"thumbnailUrl":"https:\/\/vieassociative.be\/actualites\/wp-content\/uploads\/2026\/04\/TikTok-teste-une-fonctionnalite-IA-Remix-mais-vous-pouvez-vous.jpg","datePublished":"2026-04-26T20:17:28+00:00","dateModified":"2026-04-26T20:17:28+00:00","breadcrumb":{"@id":"https:\/\/vieassociative.be\/actualites\/tiktok-teste-une-fonctionnalite-ia-remix-mais-vous-pouvez-vous-desinscrire\/#breadcrumb"},"inLanguage":"fr-BE","potentialAction":[{"@type":"ReadAction","target":["https:\/\/vieassociative.be\/actualites\/tiktok-teste-une-fonctionnalite-ia-remix-mais-vous-pouvez-vous-desinscrire\/"]}]},{"@type":"ImageObject","inLanguage":"fr-BE","@id":"https:\/\/vieassociative.be\/actualites\/tiktok-teste-une-fonctionnalite-ia-remix-mais-vous-pouvez-vous-desinscrire\/#primaryimage","url":"https:\/\/vieassociative.be\/actualites\/wp-content\/uploads\/2026\/04\/TikTok-teste-une-fonctionnalite-IA-Remix-mais-vous-pouvez-vous.jpg","contentUrl":"https:\/\/vieassociative.be\/actualites\/wp-content\/uploads\/2026\/04\/TikTok-teste-une-fonctionnalite-IA-Remix-mais-vous-pouvez-vous.jpg","width":1200,"height":675,"caption":"TikTok teste une fonctionnalit\u00e9 IA \u00ab\u00a0Remix\u00a0\u00bb, mais vous pouvez vous d\u00e9sinscrire"},{"@type":"BreadcrumbList","@id":"https:\/\/vieassociative.be\/actualites\/tiktok-teste-une-fonctionnalite-ia-remix-mais-vous-pouvez-vous-desinscrire\/#breadcrumb","itemListElement":[{"@type":"ListItem","position":1,"name":"Accueil","item":"https:\/\/vieassociative.be\/actualites\/"},{"@type":"ListItem","position":2,"name":"TikTok teste une fonctionnalit\u00e9 IA \u00ab\u00a0Remix\u00a0\u00bb, mais vous pouvez vous d\u00e9sinscrire"}]},{"@type":"WebSite","@id":"https:\/\/vieassociative.be\/actualites\/#website","url":"https:\/\/vieassociative.be\/actualites\/","name":"Vie Associative","description":"","publisher":{"@id":"https:\/\/vieassociative.be\/actualites\/#organization"},"potentialAction":[{"@type":"SearchAction","target":{"@type":"EntryPoint","urlTemplate":"https:\/\/vieassociative.be\/actualites\/?s={search_term_string}"},"query-input":{"@type":"PropertyValueSpecification","valueRequired":true,"valueName":"search_term_string"}}],"inLanguage":"fr-BE"},{"@type":"Organization","@id":"https:\/\/vieassociative.be\/actualites\/#organization","name":"Vie Associative","url":"https:\/\/vieassociative.be\/actualites\/","logo":{"@type":"ImageObject","inLanguage":"fr-BE","@id":"https:\/\/vieassociative.be\/actualites\/#\/schema\/logo\/image\/","url":"https:\/\/vieassociative.be\/actualites\/wp-content\/uploads\/2024\/09\/cropped-vieassociative_favicon.ico.png","contentUrl":"https:\/\/vieassociative.be\/actualites\/wp-content\/uploads\/2024\/09\/cropped-vieassociative_favicon.ico.png","width":512,"height":512,"caption":"Vie Associative"},"image":{"@id":"https:\/\/vieassociative.be\/actualites\/#\/schema\/logo\/image\/"}},{"@type":"Person","@id":"https:\/\/vieassociative.be\/actualites\/#\/schema\/person\/b87ac4f82f9d4e7b7cec7395b679edc4","name":"Julien","image":{"@type":"ImageObject","inLanguage":"fr-BE","@id":"https:\/\/vieassociative.be\/actualites\/#\/schema\/person\/image\/","url":"https:\/\/vieassociative.be\/actualites\/wp-content\/uploads\/2024\/09\/vie-associative-1-150x150.jpg","contentUrl":"https:\/\/vieassociative.be\/actualites\/wp-content\/uploads\/2024\/09\/vie-associative-1-150x150.jpg","caption":"Julien"},"description":"Je suis Julien, r\u00e9dacteur pour Vie Associative. Passionn\u00e9 par le monde associatif depuis plus de 10 ans, j'ai \u00e0 c\u0153ur de partager des histoires inspirantes et de mettre en lumi\u00e8re les initiatives locales. Mon objectif est de sensibiliser et d'encourager l'engagement communautaire \u00e0 travers mes articles.","sameAs":["https:\/\/vieassociative.be\/"]}]}},"_links":{"self":[{"href":"https:\/\/vieassociative.be\/actualites\/wp-json\/wp\/v2\/posts\/13593"}],"collection":[{"href":"https:\/\/vieassociative.be\/actualites\/wp-json\/wp\/v2\/posts"}],"about":[{"href":"https:\/\/vieassociative.be\/actualites\/wp-json\/wp\/v2\/types\/post"}],"author":[{"embeddable":true,"href":"https:\/\/vieassociative.be\/actualites\/wp-json\/wp\/v2\/users\/1"}],"replies":[{"embeddable":true,"href":"https:\/\/vieassociative.be\/actualites\/wp-json\/wp\/v2\/comments?post=13593"}],"version-history":[{"count":0,"href":"https:\/\/vieassociative.be\/actualites\/wp-json\/wp\/v2\/posts\/13593\/revisions"}],"wp:featuredmedia":[{"embeddable":true,"href":"https:\/\/vieassociative.be\/actualites\/wp-json\/wp\/v2\/media\/13594"}],"wp:attachment":[{"href":"https:\/\/vieassociative.be\/actualites\/wp-json\/wp\/v2\/media?parent=13593"}],"wp:term":[{"taxonomy":"category","embeddable":true,"href":"https:\/\/vieassociative.be\/actualites\/wp-json\/wp\/v2\/categories?post=13593"},{"taxonomy":"post_tag","embeddable":true,"href":"https:\/\/vieassociative.be\/actualites\/wp-json\/wp\/v2\/tags?post=13593"}],"curies":[{"name":"wp","href":"https:\/\/api.w.org\/{rel}","templated":true}]}}