{"id":13591,"date":"2026-04-26T17:17:25","date_gmt":"2026-04-26T15:17:25","guid":{"rendered":"https:\/\/vieassociative.be\/actualites\/triple-ardennais-tadej-pogacar-simpose-a-liege-devant-letoile-filante-paul-seixas-remco-evenepoel-troisieme\/"},"modified":"2026-04-26T17:17:25","modified_gmt":"2026-04-26T15:17:25","slug":"triple-ardennais-tadej-pogacar-simpose-a-liege-devant-letoile-filante-paul-seixas-remco-evenepoel-troisieme","status":"publish","type":"post","link":"https:\/\/vieassociative.be\/actualites\/triple-ardennais-tadej-pogacar-simpose-a-liege-devant-letoile-filante-paul-seixas-remco-evenepoel-troisieme\/","title":{"rendered":"Tripl\u00e9 ardennais : Tadej Pogacar s&rsquo;impose \u00e0 Li\u00e8ge devant l&rsquo;\u00e9toile filante Paul Seixas \u2013 Remco Evenepoel troisi\u00e8me"},"content":{"rendered":"<p><strong>Tadej Pogacar remporte \u00e0 nouveau la classique Li\u00e8ge-Bastogne-Li\u00e8ge. Mais la star du cyclisme a un adversaire quasiment \u00e9gal en la personne du Fran\u00e7ais Paul Seixas, 19 ans. Remco Evenepoel arrive troisi\u00e8me au sprint.<\/strong><\/p>\n<p><span id=\"more-438635\"><\/span>Au sortir de la ru\u00e9e ardennaise haletant, Tadej Pogacar a recherch\u00e9 une minute de silence et a point\u00e9 \u00e0 plusieurs reprises vers le ciel. La superstar du cyclisme a d\u00e9di\u00e9 sa quatri\u00e8me victoire dans la classique Li\u00e8ge-Bastogne-Li\u00e8ge \u00e0 son ex-co\u00e9quipier Cristian Camilo Munoz, d\u00e9c\u00e9d\u00e9 subitement il y a quelques jours.<\/p>\n<p>\u00ab\u00a0Gagner \u00e0 nouveau l&rsquo;une des plus grandes courses du cyclisme signifie beaucoup pour moi. Je ne fais pas beaucoup de courses, donc je n&rsquo;ai pas beaucoup d&rsquo;occasions de gagner. La pression est donc toujours forte\u00a0\u00bb, a d\u00e9clar\u00e9 Pogacar.<\/p>\n<div id=\"attachment_438639\" class=\"wp-caption alignleft\" style=\"max-width: 200px\"><img fetchpriority=\"high\" decoding=\"async\" class=\"wp-image-438639 size-medium\" src=\"https:\/\/vieassociative.be\/actualites\/wp-content\/uploads\/2026\/04\/Triple-ardennais-Tadej-Pogacar-simpose-a-Liege-devant-letoile.jpg\" alt=\"\" width=\"200\" height=\"300\"><\/div>\n<p>Sur les 259,9 kilom\u00e8tres difficiles, Pogacar avait d\u00e9j\u00e0 fait face \u00e0 beaucoup de r\u00e9sistance de la part du super talent fran\u00e7ais Paul Seixas. Le joueur de 19 ans, vainqueur mercredi de la Fl\u00e8che Wallonne, n&rsquo;a d\u00fb abandonner qu&rsquo;\u00e0 environ douze kilom\u00e8tres de l&rsquo;arriv\u00e9e, ce qui a ouvert la voie au champion du monde vers sa troisi\u00e8me victoire cons\u00e9cutive.<\/p>\n<p>\u00ab\u00a0Dans ma t\u00eate, je me pr\u00e9parais d\u00e9j\u00e0 pour un sprint parce qu&rsquo;il \u00e9tait si fort. Heureusement, ce n&rsquo;\u00e9tait pas n\u00e9cessaire\u00a0\u00bb, a d\u00e9clar\u00e9 Pogacar. Il manque d\u00e9sormais au joueur de 27 ans un succ\u00e8s \u00e0 ajouter \u00e0 son palmar\u00e8s ; L&rsquo;ic\u00f4ne belge Eddy Merckx compte cinq victoires.<\/p>\n<p><strong>\u2013 D\u00e9cision sur la derni\u00e8re mont\u00e9e :<\/strong> Comme lors des deux succ\u00e8s pr\u00e9c\u00e9dents \u00e0 Li\u00e8ge, Pogacar a cherch\u00e9 la d\u00e9cision sur la C\u00f4te de la Redoute. Lorsqu&rsquo;il a entam\u00e9 la partie la plus raide de la mont\u00e9e longue de 1,6 kilom\u00e8tre, le quadruple vainqueur du Tour a secou\u00e9 tout le peloton, \u00e0 l&rsquo;exception de Seixas. L&rsquo;adolescent a clairement d\u00fb repousser ses limites, mais est rest\u00e9 sur la roue arri\u00e8re de son adversaire, de huit ans son a\u00een\u00e9.<\/p>\n<p>Sur la C\u00f4te de la Roche-aux-Faucons, derni\u00e8re mont\u00e9e avant l&rsquo;arriv\u00e9e, Pogacar a de nouveau attaqu\u00e9 brutalement &#8211; et apr\u00e8s la mi-course, Seixas a d\u00e9pass\u00e9 ses limites. Le jeune Fran\u00e7ais a d\u00fb abandonner et accusait d\u00e9j\u00e0 20 secondes de retard \u00e0 la fin de la mont\u00e9e. Seixas doit reporter au moins jusqu&rsquo;\u00e0 l&rsquo;ann\u00e9e prochaine son projet de devenir le premier vainqueur fran\u00e7ais \u00e0 Li\u00e8ge depuis Bernard Hinault en 1980.<\/p>\n<p><strong>\u2013 Le deuil de Pogacar :<\/strong> Pogacar, qui a remport\u00e9 les deux derni\u00e8res \u00e9ditions \u00e0 Li\u00e8ge en soliste, a disput\u00e9 la course avec un ruban de deuil. C&rsquo;\u00e9tait \u00e0 la m\u00e9moire du Colombien Mu\u00f1oz, d\u00e9c\u00e9d\u00e9 il y a quelques jours. Munoz \u00e9tait le co\u00e9quipier de Pogacar au sein de l&rsquo;\u00e9quipe UAE de 2019 \u00e0 2021. Le joueur de 30 ans est tomb\u00e9 lors du Tour du Jura et a \u00e9t\u00e9 soign\u00e9 \u00e0 l&rsquo;h\u00f4pital pour une blessure au genou.<\/p>\n<p>Selon l&rsquo;\u00e9quipe, une infection difficile \u00e0 contr\u00f4ler a \u00e9t\u00e9 d\u00e9couverte plus tard : malgr\u00e9 les soins m\u00e9dicaux, son \u00e9tat s&rsquo;est aggrav\u00e9 et des complications sont survenues, dont il est finalement d\u00e9c\u00e9d\u00e9.<\/p>\n<div id=\"attachment_438640\" class=\"wp-caption alignleft\" style=\"max-width: 300px\"><img decoding=\"async\" class=\"wp-image-438640 size-medium\" src=\"https:\/\/vieassociative.be\/actualites\/wp-content\/uploads\/2026\/04\/1777216645_329_Triple-ardennais-Tadej-Pogacar-simpose-a-Liege-devant-letoile.jpg\" alt=\"\" width=\"300\" height=\"200\"><\/div>\n<p>C&rsquo;est la deuxi\u00e8me fois que Pogacar associe un coup du sort au classique appel\u00e9 La Doyenne. En 2022, il a quitt\u00e9 au pied lev\u00e9 le titre de champion en titre car la m\u00e8re de sa fianc\u00e9e Urska Zigart est d\u00e9c\u00e9d\u00e9e subitement.<\/p>\n<p><strong>\u2013 Evenepoel d\u2019abord devant, puis un troisi\u00e8me lointain :<\/strong> Sur la plus difficile des classiques printani\u00e8res avec 4.400 m\u00e8tres de d\u00e9nivel\u00e9 et onze mont\u00e9es difficiles, Remco Evenepoel, \u00e9galement favori, a d\u00fb abandonner pr\u00e9matur\u00e9ment. Le Belge n&rsquo;a pas pu suivre l&rsquo;attaque de Pogacar sur la C\u00f4te de la Redoute, moyennement raide \u00e0 dix pour cent, \u00e0 environ 35 kilom\u00e8tres de l&rsquo;arriv\u00e9e, et il a termin\u00e9 \u00e0 la troisi\u00e8me place.<\/p>\n<p>Auparavant, Evenepoel faisait partie d&rsquo;un groupe de t\u00eate form\u00e9 peu apr\u00e8s le d\u00e9part. Les 52 coureurs avaient quatre minutes d&rsquo;avance sur Pogacar and Co., mais se sont fait reprendre \u00e0 94 kilom\u00e8tres de l&rsquo;arriv\u00e9e. On ne sait pas exactement comment est n\u00e9 le groupe de t\u00eate.<\/p>\n<p>Apparemment, la fissure dans le ton du polo a \u00e9t\u00e9 caus\u00e9e par la chute de deux coureurs. Cependant, une r\u00e8gle non \u00e9crite du cyclisme dit qu\u2019il ne faut pas attaquer dans de telles situations. L&rsquo;action pourrait donner lieu \u00e0 des discussions par la suite. (dpa)<\/p>\n","protected":false},"excerpt":{"rendered":"<p>Tadej Pogacar remporte \u00e0 nouveau la classique Li\u00e8ge-Bastogne-Li\u00e8ge. Mais la star du cyclisme a un adversaire quasiment \u00e9gal en la personne du Fran\u00e7ais Paul Seixas,<\/p>\n","protected":false},"author":1,"featured_media":13592,"comment_status":"","ping_status":"","sticky":false,"template":"","format":"standard","meta":{"footnotes":""},"categories":[298],"tags":[10568,2381,3737,10570,10569,6554,9752,5976,6493,10571,8936,6345,6366,3868],"class_list":["post-13591","post","type-post","status-publish","format-standard","has-post-thumbnail","hentry","category-belgique","tag-ardennais","tag-devant","tag-evenepoel","tag-filante","tag-letoile","tag-liege","tag-paul","tag-pogacar","tag-remco","tag-seixas","tag-simpose","tag-tadej","tag-triple","tag-troisieme","generate-columns","tablet-grid-50","mobile-grid-100","grid-parent","grid-33"],"yoast_head":"<!-- This site is optimized with the Yoast SEO plugin v24.0 - https:\/\/yoast.com\/wordpress\/plugins\/seo\/ -->\n<title>Tripl\u00e9 ardennais : Tadej Pogacar s&#039;impose \u00e0 Li\u00e8ge devant l&#039;\u00e9toile filante Paul Seixas \u2013 Remco Evenepoel troisi\u00e8me | Vie Associative<\/title>\n<meta name=\"robots\" content=\"index, follow, max-snippet:-1, max-image-preview:large, max-video-preview:-1\" \/>\n<link rel=\"canonical\" href=\"https:\/\/vieassociative.be\/actualites\/triple-ardennais-tadej-pogacar-simpose-a-liege-devant-letoile-filante-paul-seixas-remco-evenepoel-troisieme\/\" \/>\n<meta property=\"og:locale\" content=\"fr_FR\" \/>\n<meta property=\"og:type\" content=\"article\" \/>\n<meta property=\"og:title\" content=\"Tripl\u00e9 ardennais : Tadej Pogacar s&#039;impose \u00e0 Li\u00e8ge devant l&#039;\u00e9toile filante Paul Seixas \u2013 Remco Evenepoel troisi\u00e8me | Vie Associative\" \/>\n<meta property=\"og:description\" content=\"Tadej Pogacar remporte \u00e0 nouveau la classique Li\u00e8ge-Bastogne-Li\u00e8ge. Mais la star du cyclisme a un adversaire quasiment \u00e9gal en la personne du Fran\u00e7ais Paul Seixas,\" \/>\n<meta property=\"og:url\" content=\"https:\/\/vieassociative.be\/actualites\/triple-ardennais-tadej-pogacar-simpose-a-liege-devant-letoile-filante-paul-seixas-remco-evenepoel-troisieme\/\" \/>\n<meta property=\"og:site_name\" content=\"Vie Associative\" \/>\n<meta property=\"article:published_time\" content=\"2026-04-26T15:17:25+00:00\" \/>\n<meta property=\"og:image\" content=\"https:\/\/vieassociative.be\/actualites\/wp-content\/uploads\/2024\/09\/header_backgroundk-01-e1726694325946.png\" \/>\n\t<meta property=\"og:image:width\" content=\"279\" \/>\n\t<meta property=\"og:image:height\" content=\"92\" \/>\n\t<meta property=\"og:image:type\" content=\"image\/png\" \/>\n<meta name=\"author\" content=\"Julien\" \/>\n<meta name=\"twitter:card\" content=\"summary_large_image\" \/>\n<meta name=\"twitter:label1\" content=\"\u00c9crit par\" \/>\n\t<meta name=\"twitter:data1\" content=\"Julien\" \/>\n\t<meta name=\"twitter:label2\" content=\"Dur\u00e9e de lecture est.\" \/>\n\t<meta name=\"twitter:data2\" content=\"4 minutes\" \/>\n<script type=\"application\/ld+json\" class=\"yoast-schema-graph\">{\"@context\":\"https:\/\/schema.org\",\"@graph\":[{\"@type\":\"Article\",\"@id\":\"https:\/\/vieassociative.be\/actualites\/triple-ardennais-tadej-pogacar-simpose-a-liege-devant-letoile-filante-paul-seixas-remco-evenepoel-troisieme\/#article\",\"isPartOf\":{\"@id\":\"https:\/\/vieassociative.be\/actualites\/triple-ardennais-tadej-pogacar-simpose-a-liege-devant-letoile-filante-paul-seixas-remco-evenepoel-troisieme\/\"},\"author\":{\"name\":\"Julien\",\"@id\":\"https:\/\/vieassociative.be\/actualites\/#\/schema\/person\/b87ac4f82f9d4e7b7cec7395b679edc4\"},\"headline\":\"Tripl\u00e9 ardennais : Tadej Pogacar s&rsquo;impose \u00e0 Li\u00e8ge devant l&rsquo;\u00e9toile filante Paul Seixas \u2013 Remco Evenepoel troisi\u00e8me\",\"datePublished\":\"2026-04-26T15:17:25+00:00\",\"dateModified\":\"2026-04-26T15:17:25+00:00\",\"mainEntityOfPage\":{\"@id\":\"https:\/\/vieassociative.be\/actualites\/triple-ardennais-tadej-pogacar-simpose-a-liege-devant-letoile-filante-paul-seixas-remco-evenepoel-troisieme\/\"},\"wordCount\":775,\"publisher\":{\"@id\":\"https:\/\/vieassociative.be\/actualites\/#organization\"},\"image\":{\"@id\":\"https:\/\/vieassociative.be\/actualites\/triple-ardennais-tadej-pogacar-simpose-a-liege-devant-letoile-filante-paul-seixas-remco-evenepoel-troisieme\/#primaryimage\"},\"thumbnailUrl\":\"https:\/\/vieassociative.be\/actualites\/wp-content\/uploads\/2026\/04\/1777216646_Triple-ardennais-Tadej-Pogacar-simpose-a-Liege-devant-letoile.jpg\",\"keywords\":[\"ardennais\",\"devant\",\"Evenepoel\",\"filante\",\"l\u00e9toile\",\"Li\u00e8ge\",\"Paul\",\"Pogacar\",\"Remco\",\"Seixas\",\"simpose\",\"Tadej\",\"Triple\",\"troisi\u00e8me\"],\"articleSection\":[\"Belgique\"],\"inLanguage\":\"fr-BE\"},{\"@type\":\"WebPage\",\"@id\":\"https:\/\/vieassociative.be\/actualites\/triple-ardennais-tadej-pogacar-simpose-a-liege-devant-letoile-filante-paul-seixas-remco-evenepoel-troisieme\/\",\"url\":\"https:\/\/vieassociative.be\/actualites\/triple-ardennais-tadej-pogacar-simpose-a-liege-devant-letoile-filante-paul-seixas-remco-evenepoel-troisieme\/\",\"name\":\"Tripl\u00e9 ardennais : Tadej Pogacar s'impose \u00e0 Li\u00e8ge devant l'\u00e9toile filante Paul Seixas \u2013 Remco Evenepoel troisi\u00e8me | Vie Associative\",\"isPartOf\":{\"@id\":\"https:\/\/vieassociative.be\/actualites\/#website\"},\"primaryImageOfPage\":{\"@id\":\"https:\/\/vieassociative.be\/actualites\/triple-ardennais-tadej-pogacar-simpose-a-liege-devant-letoile-filante-paul-seixas-remco-evenepoel-troisieme\/#primaryimage\"},\"image\":{\"@id\":\"https:\/\/vieassociative.be\/actualites\/triple-ardennais-tadej-pogacar-simpose-a-liege-devant-letoile-filante-paul-seixas-remco-evenepoel-troisieme\/#primaryimage\"},\"thumbnailUrl\":\"https:\/\/vieassociative.be\/actualites\/wp-content\/uploads\/2026\/04\/1777216646_Triple-ardennais-Tadej-Pogacar-simpose-a-Liege-devant-letoile.jpg\",\"datePublished\":\"2026-04-26T15:17:25+00:00\",\"dateModified\":\"2026-04-26T15:17:25+00:00\",\"breadcrumb\":{\"@id\":\"https:\/\/vieassociative.be\/actualites\/triple-ardennais-tadej-pogacar-simpose-a-liege-devant-letoile-filante-paul-seixas-remco-evenepoel-troisieme\/#breadcrumb\"},\"inLanguage\":\"fr-BE\",\"potentialAction\":[{\"@type\":\"ReadAction\",\"target\":[\"https:\/\/vieassociative.be\/actualites\/triple-ardennais-tadej-pogacar-simpose-a-liege-devant-letoile-filante-paul-seixas-remco-evenepoel-troisieme\/\"]}]},{\"@type\":\"ImageObject\",\"inLanguage\":\"fr-BE\",\"@id\":\"https:\/\/vieassociative.be\/actualites\/triple-ardennais-tadej-pogacar-simpose-a-liege-devant-letoile-filante-paul-seixas-remco-evenepoel-troisieme\/#primaryimage\",\"url\":\"https:\/\/vieassociative.be\/actualites\/wp-content\/uploads\/2026\/04\/1777216646_Triple-ardennais-Tadej-Pogacar-simpose-a-Liege-devant-letoile.jpg\",\"contentUrl\":\"https:\/\/vieassociative.be\/actualites\/wp-content\/uploads\/2026\/04\/1777216646_Triple-ardennais-Tadej-Pogacar-simpose-a-Liege-devant-letoile.jpg\",\"width\":1200,\"height\":800,\"caption\":\"Tripl\u00e9 ardennais : Tadej Pogacar s'impose \u00e0 Li\u00e8ge devant l'\u00e9toile filante Paul Seixas \u2013 Remco Evenepoel troisi\u00e8me\"},{\"@type\":\"BreadcrumbList\",\"@id\":\"https:\/\/vieassociative.be\/actualites\/triple-ardennais-tadej-pogacar-simpose-a-liege-devant-letoile-filante-paul-seixas-remco-evenepoel-troisieme\/#breadcrumb\",\"itemListElement\":[{\"@type\":\"ListItem\",\"position\":1,\"name\":\"Accueil\",\"item\":\"https:\/\/vieassociative.be\/actualites\/\"},{\"@type\":\"ListItem\",\"position\":2,\"name\":\"Tripl\u00e9 ardennais : Tadej Pogacar s&rsquo;impose \u00e0 Li\u00e8ge devant l&rsquo;\u00e9toile filante Paul Seixas \u2013 Remco Evenepoel troisi\u00e8me\"}]},{\"@type\":\"WebSite\",\"@id\":\"https:\/\/vieassociative.be\/actualites\/#website\",\"url\":\"https:\/\/vieassociative.be\/actualites\/\",\"name\":\"Vie Associative\",\"description\":\"\",\"publisher\":{\"@id\":\"https:\/\/vieassociative.be\/actualites\/#organization\"},\"potentialAction\":[{\"@type\":\"SearchAction\",\"target\":{\"@type\":\"EntryPoint\",\"urlTemplate\":\"https:\/\/vieassociative.be\/actualites\/?s={search_term_string}\"},\"query-input\":{\"@type\":\"PropertyValueSpecification\",\"valueRequired\":true,\"valueName\":\"search_term_string\"}}],\"inLanguage\":\"fr-BE\"},{\"@type\":\"Organization\",\"@id\":\"https:\/\/vieassociative.be\/actualites\/#organization\",\"name\":\"Vie Associative\",\"url\":\"https:\/\/vieassociative.be\/actualites\/\",\"logo\":{\"@type\":\"ImageObject\",\"inLanguage\":\"fr-BE\",\"@id\":\"https:\/\/vieassociative.be\/actualites\/#\/schema\/logo\/image\/\",\"url\":\"https:\/\/vieassociative.be\/actualites\/wp-content\/uploads\/2024\/09\/cropped-vieassociative_favicon.ico.png\",\"contentUrl\":\"https:\/\/vieassociative.be\/actualites\/wp-content\/uploads\/2024\/09\/cropped-vieassociative_favicon.ico.png\",\"width\":512,\"height\":512,\"caption\":\"Vie Associative\"},\"image\":{\"@id\":\"https:\/\/vieassociative.be\/actualites\/#\/schema\/logo\/image\/\"}},{\"@type\":\"Person\",\"@id\":\"https:\/\/vieassociative.be\/actualites\/#\/schema\/person\/b87ac4f82f9d4e7b7cec7395b679edc4\",\"name\":\"Julien\",\"image\":{\"@type\":\"ImageObject\",\"inLanguage\":\"fr-BE\",\"@id\":\"https:\/\/vieassociative.be\/actualites\/#\/schema\/person\/image\/\",\"url\":\"https:\/\/vieassociative.be\/actualites\/wp-content\/uploads\/2024\/09\/vie-associative-1-150x150.jpg\",\"contentUrl\":\"https:\/\/vieassociative.be\/actualites\/wp-content\/uploads\/2024\/09\/vie-associative-1-150x150.jpg\",\"caption\":\"Julien\"},\"description\":\"Je suis Julien, r\u00e9dacteur pour Vie Associative. Passionn\u00e9 par le monde associatif depuis plus de 10 ans, j'ai \u00e0 c\u0153ur de partager des histoires inspirantes et de mettre en lumi\u00e8re les initiatives locales. Mon objectif est de sensibiliser et d'encourager l'engagement communautaire \u00e0 travers mes articles.\",\"sameAs\":[\"https:\/\/vieassociative.be\/\"]}]}<\/script>\n<!-- \/ Yoast SEO plugin. -->","yoast_head_json":{"title":"Tripl\u00e9 ardennais : Tadej Pogacar s'impose \u00e0 Li\u00e8ge devant l'\u00e9toile filante Paul Seixas \u2013 Remco Evenepoel troisi\u00e8me | Vie Associative","robots":{"index":"index","follow":"follow","max-snippet":"max-snippet:-1","max-image-preview":"max-image-preview:large","max-video-preview":"max-video-preview:-1"},"canonical":"https:\/\/vieassociative.be\/actualites\/triple-ardennais-tadej-pogacar-simpose-a-liege-devant-letoile-filante-paul-seixas-remco-evenepoel-troisieme\/","og_locale":"fr_FR","og_type":"article","og_title":"Tripl\u00e9 ardennais : Tadej Pogacar s'impose \u00e0 Li\u00e8ge devant l'\u00e9toile filante Paul Seixas \u2013 Remco Evenepoel troisi\u00e8me | Vie Associative","og_description":"Tadej Pogacar remporte \u00e0 nouveau la classique Li\u00e8ge-Bastogne-Li\u00e8ge. Mais la star du cyclisme a un adversaire quasiment \u00e9gal en la personne du Fran\u00e7ais Paul Seixas,","og_url":"https:\/\/vieassociative.be\/actualites\/triple-ardennais-tadej-pogacar-simpose-a-liege-devant-letoile-filante-paul-seixas-remco-evenepoel-troisieme\/","og_site_name":"Vie Associative","article_published_time":"2026-04-26T15:17:25+00:00","og_image":[{"width":279,"height":92,"url":"https:\/\/vieassociative.be\/actualites\/wp-content\/uploads\/2024\/09\/header_backgroundk-01-e1726694325946.png","type":"image\/png"}],"author":"Julien","twitter_card":"summary_large_image","twitter_misc":{"\u00c9crit par":"Julien","Dur\u00e9e de lecture est.":"4 minutes"},"schema":{"@context":"https:\/\/schema.org","@graph":[{"@type":"Article","@id":"https:\/\/vieassociative.be\/actualites\/triple-ardennais-tadej-pogacar-simpose-a-liege-devant-letoile-filante-paul-seixas-remco-evenepoel-troisieme\/#article","isPartOf":{"@id":"https:\/\/vieassociative.be\/actualites\/triple-ardennais-tadej-pogacar-simpose-a-liege-devant-letoile-filante-paul-seixas-remco-evenepoel-troisieme\/"},"author":{"name":"Julien","@id":"https:\/\/vieassociative.be\/actualites\/#\/schema\/person\/b87ac4f82f9d4e7b7cec7395b679edc4"},"headline":"Tripl\u00e9 ardennais : Tadej Pogacar s&rsquo;impose \u00e0 Li\u00e8ge devant l&rsquo;\u00e9toile filante Paul Seixas \u2013 Remco Evenepoel troisi\u00e8me","datePublished":"2026-04-26T15:17:25+00:00","dateModified":"2026-04-26T15:17:25+00:00","mainEntityOfPage":{"@id":"https:\/\/vieassociative.be\/actualites\/triple-ardennais-tadej-pogacar-simpose-a-liege-devant-letoile-filante-paul-seixas-remco-evenepoel-troisieme\/"},"wordCount":775,"publisher":{"@id":"https:\/\/vieassociative.be\/actualites\/#organization"},"image":{"@id":"https:\/\/vieassociative.be\/actualites\/triple-ardennais-tadej-pogacar-simpose-a-liege-devant-letoile-filante-paul-seixas-remco-evenepoel-troisieme\/#primaryimage"},"thumbnailUrl":"https:\/\/vieassociative.be\/actualites\/wp-content\/uploads\/2026\/04\/1777216646_Triple-ardennais-Tadej-Pogacar-simpose-a-Liege-devant-letoile.jpg","keywords":["ardennais","devant","Evenepoel","filante","l\u00e9toile","Li\u00e8ge","Paul","Pogacar","Remco","Seixas","simpose","Tadej","Triple","troisi\u00e8me"],"articleSection":["Belgique"],"inLanguage":"fr-BE"},{"@type":"WebPage","@id":"https:\/\/vieassociative.be\/actualites\/triple-ardennais-tadej-pogacar-simpose-a-liege-devant-letoile-filante-paul-seixas-remco-evenepoel-troisieme\/","url":"https:\/\/vieassociative.be\/actualites\/triple-ardennais-tadej-pogacar-simpose-a-liege-devant-letoile-filante-paul-seixas-remco-evenepoel-troisieme\/","name":"Tripl\u00e9 ardennais : Tadej Pogacar s'impose \u00e0 Li\u00e8ge devant l'\u00e9toile filante Paul Seixas \u2013 Remco Evenepoel troisi\u00e8me | Vie Associative","isPartOf":{"@id":"https:\/\/vieassociative.be\/actualites\/#website"},"primaryImageOfPage":{"@id":"https:\/\/vieassociative.be\/actualites\/triple-ardennais-tadej-pogacar-simpose-a-liege-devant-letoile-filante-paul-seixas-remco-evenepoel-troisieme\/#primaryimage"},"image":{"@id":"https:\/\/vieassociative.be\/actualites\/triple-ardennais-tadej-pogacar-simpose-a-liege-devant-letoile-filante-paul-seixas-remco-evenepoel-troisieme\/#primaryimage"},"thumbnailUrl":"https:\/\/vieassociative.be\/actualites\/wp-content\/uploads\/2026\/04\/1777216646_Triple-ardennais-Tadej-Pogacar-simpose-a-Liege-devant-letoile.jpg","datePublished":"2026-04-26T15:17:25+00:00","dateModified":"2026-04-26T15:17:25+00:00","breadcrumb":{"@id":"https:\/\/vieassociative.be\/actualites\/triple-ardennais-tadej-pogacar-simpose-a-liege-devant-letoile-filante-paul-seixas-remco-evenepoel-troisieme\/#breadcrumb"},"inLanguage":"fr-BE","potentialAction":[{"@type":"ReadAction","target":["https:\/\/vieassociative.be\/actualites\/triple-ardennais-tadej-pogacar-simpose-a-liege-devant-letoile-filante-paul-seixas-remco-evenepoel-troisieme\/"]}]},{"@type":"ImageObject","inLanguage":"fr-BE","@id":"https:\/\/vieassociative.be\/actualites\/triple-ardennais-tadej-pogacar-simpose-a-liege-devant-letoile-filante-paul-seixas-remco-evenepoel-troisieme\/#primaryimage","url":"https:\/\/vieassociative.be\/actualites\/wp-content\/uploads\/2026\/04\/1777216646_Triple-ardennais-Tadej-Pogacar-simpose-a-Liege-devant-letoile.jpg","contentUrl":"https:\/\/vieassociative.be\/actualites\/wp-content\/uploads\/2026\/04\/1777216646_Triple-ardennais-Tadej-Pogacar-simpose-a-Liege-devant-letoile.jpg","width":1200,"height":800,"caption":"Tripl\u00e9 ardennais : Tadej Pogacar s'impose \u00e0 Li\u00e8ge devant l'\u00e9toile filante Paul Seixas \u2013 Remco Evenepoel troisi\u00e8me"},{"@type":"BreadcrumbList","@id":"https:\/\/vieassociative.be\/actualites\/triple-ardennais-tadej-pogacar-simpose-a-liege-devant-letoile-filante-paul-seixas-remco-evenepoel-troisieme\/#breadcrumb","itemListElement":[{"@type":"ListItem","position":1,"name":"Accueil","item":"https:\/\/vieassociative.be\/actualites\/"},{"@type":"ListItem","position":2,"name":"Tripl\u00e9 ardennais : Tadej Pogacar s&rsquo;impose \u00e0 Li\u00e8ge devant l&rsquo;\u00e9toile filante Paul Seixas \u2013 Remco Evenepoel troisi\u00e8me"}]},{"@type":"WebSite","@id":"https:\/\/vieassociative.be\/actualites\/#website","url":"https:\/\/vieassociative.be\/actualites\/","name":"Vie Associative","description":"","publisher":{"@id":"https:\/\/vieassociative.be\/actualites\/#organization"},"potentialAction":[{"@type":"SearchAction","target":{"@type":"EntryPoint","urlTemplate":"https:\/\/vieassociative.be\/actualites\/?s={search_term_string}"},"query-input":{"@type":"PropertyValueSpecification","valueRequired":true,"valueName":"search_term_string"}}],"inLanguage":"fr-BE"},{"@type":"Organization","@id":"https:\/\/vieassociative.be\/actualites\/#organization","name":"Vie Associative","url":"https:\/\/vieassociative.be\/actualites\/","logo":{"@type":"ImageObject","inLanguage":"fr-BE","@id":"https:\/\/vieassociative.be\/actualites\/#\/schema\/logo\/image\/","url":"https:\/\/vieassociative.be\/actualites\/wp-content\/uploads\/2024\/09\/cropped-vieassociative_favicon.ico.png","contentUrl":"https:\/\/vieassociative.be\/actualites\/wp-content\/uploads\/2024\/09\/cropped-vieassociative_favicon.ico.png","width":512,"height":512,"caption":"Vie Associative"},"image":{"@id":"https:\/\/vieassociative.be\/actualites\/#\/schema\/logo\/image\/"}},{"@type":"Person","@id":"https:\/\/vieassociative.be\/actualites\/#\/schema\/person\/b87ac4f82f9d4e7b7cec7395b679edc4","name":"Julien","image":{"@type":"ImageObject","inLanguage":"fr-BE","@id":"https:\/\/vieassociative.be\/actualites\/#\/schema\/person\/image\/","url":"https:\/\/vieassociative.be\/actualites\/wp-content\/uploads\/2024\/09\/vie-associative-1-150x150.jpg","contentUrl":"https:\/\/vieassociative.be\/actualites\/wp-content\/uploads\/2024\/09\/vie-associative-1-150x150.jpg","caption":"Julien"},"description":"Je suis Julien, r\u00e9dacteur pour Vie Associative. Passionn\u00e9 par le monde associatif depuis plus de 10 ans, j'ai \u00e0 c\u0153ur de partager des histoires inspirantes et de mettre en lumi\u00e8re les initiatives locales. Mon objectif est de sensibiliser et d'encourager l'engagement communautaire \u00e0 travers mes articles.","sameAs":["https:\/\/vieassociative.be\/"]}]}},"_links":{"self":[{"href":"https:\/\/vieassociative.be\/actualites\/wp-json\/wp\/v2\/posts\/13591"}],"collection":[{"href":"https:\/\/vieassociative.be\/actualites\/wp-json\/wp\/v2\/posts"}],"about":[{"href":"https:\/\/vieassociative.be\/actualites\/wp-json\/wp\/v2\/types\/post"}],"author":[{"embeddable":true,"href":"https:\/\/vieassociative.be\/actualites\/wp-json\/wp\/v2\/users\/1"}],"replies":[{"embeddable":true,"href":"https:\/\/vieassociative.be\/actualites\/wp-json\/wp\/v2\/comments?post=13591"}],"version-history":[{"count":0,"href":"https:\/\/vieassociative.be\/actualites\/wp-json\/wp\/v2\/posts\/13591\/revisions"}],"wp:featuredmedia":[{"embeddable":true,"href":"https:\/\/vieassociative.be\/actualites\/wp-json\/wp\/v2\/media\/13592"}],"wp:attachment":[{"href":"https:\/\/vieassociative.be\/actualites\/wp-json\/wp\/v2\/media?parent=13591"}],"wp:term":[{"taxonomy":"category","embeddable":true,"href":"https:\/\/vieassociative.be\/actualites\/wp-json\/wp\/v2\/categories?post=13591"},{"taxonomy":"post_tag","embeddable":true,"href":"https:\/\/vieassociative.be\/actualites\/wp-json\/wp\/v2\/tags?post=13591"}],"curies":[{"name":"wp","href":"https:\/\/api.w.org\/{rel}","templated":true}]}}