{"id":13587,"date":"2026-04-26T11:17:49","date_gmt":"2026-04-26T09:17:49","guid":{"rendered":"https:\/\/vieassociative.be\/actualites\/coups-de-feu-lors-dune-soiree-de-gala-a-washington-lagresseur-voulait-prendre-dassaut-un-diner-mediatique-avec-le-president-trump\/"},"modified":"2026-04-26T11:17:49","modified_gmt":"2026-04-26T09:17:49","slug":"coups-de-feu-lors-dune-soiree-de-gala-a-washington-lagresseur-voulait-prendre-dassaut-un-diner-mediatique-avec-le-president-trump","status":"publish","type":"post","link":"https:\/\/vieassociative.be\/actualites\/coups-de-feu-lors-dune-soiree-de-gala-a-washington-lagresseur-voulait-prendre-dassaut-un-diner-mediatique-avec-le-president-trump\/","title":{"rendered":"Coups de feu lors d&rsquo;une soir\u00e9e de gala \u00e0 Washington : l&rsquo;agresseur voulait prendre d&rsquo;assaut un d\u00eener m\u00e9diatique avec le pr\u00e9sident Trump"},"content":{"rendered":"<p><strong>Des coups de feu retentissent \u00e0 nouveau lors d&rsquo;un \u00e9v\u00e9nement avec Donald Trump : arm\u00e9 d&rsquo;un fusil de chasse, un agresseur veut prendre d&rsquo;assaut une soir\u00e9e de gala \u00e0 Washington &#8211; et est arr\u00eat\u00e9 peu de temps avant.<\/strong><\/p>\n<p><span id=\"more-438620\"><\/span>Cela aurait d\u00fb \u00eatre une soir\u00e9e festive dans la capitale am\u00e9ricaine, Washington \u2013 et cela s&rsquo;est termin\u00e9 par une fusillade. Un homme lourdement arm\u00e9 tente d&rsquo;acc\u00e9der au d\u00eener des correspondants de la Maison Blanche \u00e0 Washington, franchit le portique de s\u00e9curit\u00e9 et est arr\u00eat\u00e9 de justesse par les services d&rsquo;urgence. <\/p>\n<p>Outre le pr\u00e9sident am\u00e9ricain Donald Trump, la Premi\u00e8re dame Melania et plusieurs membres du cabinet \u00e9taient \u00e9galement pr\u00e9sents. Aucun des invit\u00e9s n&rsquo;est bless\u00e9, mais un agent de s\u00e9curit\u00e9 est abattu.<\/p>\n<p>Selon les informations actuelles, l&rsquo;agresseur a fait irruption dans une porte d&rsquo;acc\u00e8s des services secrets vers huit heures et demie du soir et a \u00e9chang\u00e9 des tirs avec des agents de s\u00e9curit\u00e9. Trump a publi\u00e9 une vid\u00e9o sur les r\u00e9seaux sociaux montrant l&rsquo;auteur pr\u00e9sum\u00e9 courant devant les policiers avant qu&rsquo;ils n&rsquo;ouvrent le feu.<\/p>\n<div id=\"attachment_438626\" class=\"wp-caption alignleft\" style=\"max-width: 300px\"><img fetchpriority=\"high\" decoding=\"async\" class=\"wp-image-438626 size-medium\" src=\"https:\/\/vieassociative.be\/actualites\/wp-content\/uploads\/2026\/04\/Coups-de-feu-lors-dune-soiree-de-gala-a-Washington.jpg\" alt=\"\" width=\"300\" height=\"200\"><\/div>\n<p>L&rsquo;homme \u00e9tait arm\u00e9 d&rsquo;un fusil de chasse, d&rsquo;une arme de poing et de plusieurs couteaux. Selon Trump, un officier des services secrets a \u00e9t\u00e9 touch\u00e9 par au moins une balle et sauv\u00e9 par son gilet de protection. \u00ab\u00a0Je viens de parler \u00e0 l&rsquo;officier et il va bien\u00a0\u00bb, a d\u00e9clar\u00e9 Trump lors d&rsquo;une conf\u00e9rence de presse \u00e0 la Maison Blanche.<\/p>\n<p>L&rsquo;agresseur a \u00e9t\u00e9 arr\u00eat\u00e9 sans avoir \u00e9t\u00e9 touch\u00e9 par les balles. Une photo montrait des services d\u2019urgence arm\u00e9s encerclant une personne allong\u00e9e au sol. Selon Trump, l\u2019homme vient de Californie. \u00ab\u00a0Et c&rsquo;est un malade, un tr\u00e8s malade.\u00a0\u00bb Selon plusieurs m\u00e9dias, l&rsquo;auteur pr\u00e9sum\u00e9 est \u00e2g\u00e9 de 31 ans. Il n&rsquo;y avait initialement aucune information officielle sur l&rsquo;identit\u00e9 de l&rsquo;auteur.<\/p>\n<p>Selon les premi\u00e8res conclusions, Trump et les autorit\u00e9s de s\u00e9curit\u00e9 supposent qu\u2019il s\u2019agit d\u2019un auteur isol\u00e9. Le mobile du crime reste totalement flou. Lorsqu&rsquo;on lui a demand\u00e9 s&rsquo;il voyait un lien avec la guerre en Iran, Trump a r\u00e9pondu : \u00ab\u00a0Je ne pense pas. Mais on ne sait jamais\u00a0\u00bb.<\/p>\n<p>L&rsquo;agresseur, qui a \u00e9t\u00e9 transport\u00e9 \u00e0 l&rsquo;h\u00f4pital pour examen, a depuis \u00e9t\u00e9 interrog\u00e9. Il doit compara\u00eetre devant un juge lundi.<\/p>\n<div id=\"attachment_438627\" class=\"wp-caption alignleft\" style=\"max-width: 300px\"><img decoding=\"async\" class=\"wp-image-438627 size-medium\" src=\"https:\/\/vieassociative.be\/actualites\/wp-content\/uploads\/2026\/04\/1777195069_74_Coups-de-feu-lors-dune-soiree-de-gala-a-Washington.jpg\" alt=\"\" width=\"300\" height=\"200\"><\/div>\n<p>Impressionn\u00e9 par ce qui s\u2019\u00e9tait pass\u00e9, Trump s\u2019est pr\u00e9sent\u00e9 devant la presse visiblement secou\u00e9. \u00ab \u00c0 la lumi\u00e8re des \u00e9v\u00e9nements de ce soir, j&rsquo;appelle tous les Am\u00e9ricains \u00e0 s&rsquo;engager de tout c\u0153ur \u00e0 r\u00e9soudre nos diff\u00e9rends de mani\u00e8re pacifique \u00bb, a-t-il d\u00e9clar\u00e9. \u00ab\u00a0Nous devons\u2026 nous devons r\u00e9soudre nos diff\u00e9rends.\u00a0\u00bb<\/p>\n<p><strong>\u2013 Les convives \u00e9taient en train de manger l\u2019ap\u00e9ritif lorsque les coups de feu ont \u00e9t\u00e9 tir\u00e9s :<\/strong> Le traditionnel d\u00eener des correspondants de la Maison Blanche venait de commencer et les invit\u00e9s prenaient leurs entr\u00e9es quand soudain une agitation \u00e9clata dans la salle. \u00ab\u00a0En bas, en bas\u00a0\u00bb, r\u00e9sonnait-il \u00e0 travers la pi\u00e8ce. Pendant quelques minutes, les invit\u00e9s sont rest\u00e9s par terre, se cachant sous les tables \u2013 certains visiblement sous le choc.<\/p>\n<p>Lorsqu&rsquo;ils se relev\u00e8rent, la table d&rsquo;honneur, o\u00f9 s&rsquo;\u00e9taient r\u00e9cemment assis Donald et Melania Trump, le vice-pr\u00e9sident JD Vance et la porte-parole du gouvernement Karoline Leavitt, \u00e9tait d\u00e9j\u00e0 vide. Des forces de s\u00e9curit\u00e9 lourdement arm\u00e9es se trouvaient dans la pi\u00e8ce o\u00f9 il a \u00e9t\u00e9 initialement question d&rsquo;un incident impliquant des armes \u00e0 feu, sans pr\u00e9cision. Les journalistes post\u00e9s pr\u00e8s des portes du hall ont signal\u00e9 plusieurs bruits forts.<\/p>\n<div id=\"attachment_438624\" class=\"wp-caption alignleft\" style=\"max-width: 300px\"><img decoding=\"async\" class=\"wp-image-438624 size-medium\" src=\"https:\/\/vieassociative.be\/actualites\/wp-content\/uploads\/2026\/04\/1777195069_291_Coups-de-feu-lors-dune-soiree-de-gala-a-Washington.jpg\" alt=\"\" width=\"300\" height=\"200\"><\/div>\n<p><strong>\u2013 Trump et les organisateurs r\u00e9clament une nouvelle \u00e9dition du gala :<\/strong> Il a \u00e9t\u00e9 annonc\u00e9 \u00e0 plusieurs reprises que le programme de gala devait se poursuivre imm\u00e9diatement, et Trump l&rsquo;a \u00e9galement demand\u00e9 dans un message publi\u00e9 juste apr\u00e8s l&rsquo;attaque. Mais cela n&rsquo;arrive pas. Au lieu de cela, le chef de l\u2019Association des journalistes, Weijia Jiang, a annonc\u00e9 que Trump donnerait une conf\u00e9rence de presse \u00e0 la Maison Blanche dans 30 minutes. \u00ab\u00a0Ce n&rsquo;est pas une blague\u00a0\u00bb, dit-elle en \u00e9clatant de rire. Un peu plus tard, Trump et plusieurs membres du cabinet rencontrent de nombreux journalistes pr\u00e9sents dans la salle de briefing de la Maison Blanche, tous encore en tenue de soir\u00e9e.<\/p>\n<p>Selon les autorit\u00e9s de s\u00e9curit\u00e9, l&rsquo;agresseur \u00e9tait un invit\u00e9 de l&rsquo;h\u00f4tel Hilton o\u00f9 a eu lieu le d\u00eener. Les clients n\u2019avaient pas besoin de franchir une barri\u00e8re de s\u00e9curit\u00e9 pour entrer dans l\u2019h\u00f4tel. Ce n&rsquo;est que lorsqu&rsquo;ils voulaient se rendre \u00e0 la salle de bal o\u00f9 avait lieu le d\u00eener que leurs bagages \u00e9taient enregistr\u00e9s et que tout le monde passait par une serrure.<\/p>\n<p><strong>\u2013 Ce n\u2019est pas le premier incident \u00e0 l\u2019h\u00f4tel Hilton :<\/strong> L&rsquo;incident de l&rsquo;h\u00f4tel Hilton rappelle de sombres souvenirs d&rsquo;un incident sanglant survenu il y a 45 ans. A cette \u00e9poque, une tentative d&rsquo;assassinat a \u00e9t\u00e9 men\u00e9e contre le pr\u00e9sident Ronald Reagan, dont il a \u00e9t\u00e9 gri\u00e8vement bless\u00e9. (dpa)<\/p>\n","protected":false},"excerpt":{"rendered":"<p>Des coups de feu retentissent \u00e0 nouveau lors d&rsquo;un \u00e9v\u00e9nement avec Donald Trump : arm\u00e9 d&rsquo;un fusil de chasse, un agresseur veut prendre d&rsquo;assaut une<\/p>\n","protected":false},"author":1,"featured_media":13588,"comment_status":"","ping_status":"","sticky":false,"template":"","format":"standard","meta":{"footnotes":""},"categories":[298],"tags":[61,5179,10564,4236,698,2114,4075,10562,353,1187,886,3075,4840,2425,10563,5056],"class_list":["post-13587","post","type-post","status-publish","format-standard","has-post-thumbnail","hentry","category-belgique","tag-avec","tag-coups","tag-dassaut","tag-diner","tag-dune","tag-feu","tag-gala","tag-lagresseur","tag-lors","tag-mediatique","tag-prendre","tag-president","tag-soiree","tag-trump","tag-voulait","tag-washington","generate-columns","tablet-grid-50","mobile-grid-100","grid-parent","grid-33"],"yoast_head":"<!-- This site is optimized with the Yoast SEO plugin v24.0 - https:\/\/yoast.com\/wordpress\/plugins\/seo\/ -->\n<title>Coups de feu lors d&#039;une soir\u00e9e de gala \u00e0 Washington : l&#039;agresseur voulait prendre d&#039;assaut un d\u00eener m\u00e9diatique avec le pr\u00e9sident Trump | Vie Associative<\/title>\n<meta name=\"robots\" content=\"index, follow, max-snippet:-1, max-image-preview:large, max-video-preview:-1\" \/>\n<link rel=\"canonical\" href=\"https:\/\/vieassociative.be\/actualites\/coups-de-feu-lors-dune-soiree-de-gala-a-washington-lagresseur-voulait-prendre-dassaut-un-diner-mediatique-avec-le-president-trump\/\" \/>\n<meta property=\"og:locale\" content=\"fr_FR\" \/>\n<meta property=\"og:type\" content=\"article\" \/>\n<meta property=\"og:title\" content=\"Coups de feu lors d&#039;une soir\u00e9e de gala \u00e0 Washington : l&#039;agresseur voulait prendre d&#039;assaut un d\u00eener m\u00e9diatique avec le pr\u00e9sident Trump | Vie Associative\" \/>\n<meta property=\"og:description\" content=\"Des coups de feu retentissent \u00e0 nouveau lors d&rsquo;un \u00e9v\u00e9nement avec Donald Trump : arm\u00e9 d&rsquo;un fusil de chasse, un agresseur veut prendre d&rsquo;assaut une\" \/>\n<meta property=\"og:url\" content=\"https:\/\/vieassociative.be\/actualites\/coups-de-feu-lors-dune-soiree-de-gala-a-washington-lagresseur-voulait-prendre-dassaut-un-diner-mediatique-avec-le-president-trump\/\" \/>\n<meta property=\"og:site_name\" content=\"Vie Associative\" \/>\n<meta property=\"article:published_time\" content=\"2026-04-26T09:17:49+00:00\" \/>\n<meta property=\"og:image\" content=\"https:\/\/vieassociative.be\/actualites\/wp-content\/uploads\/2024\/09\/header_backgroundk-01-e1726694325946.png\" \/>\n\t<meta property=\"og:image:width\" content=\"279\" \/>\n\t<meta property=\"og:image:height\" content=\"92\" \/>\n\t<meta property=\"og:image:type\" content=\"image\/png\" \/>\n<meta name=\"author\" content=\"Julien\" \/>\n<meta name=\"twitter:card\" content=\"summary_large_image\" \/>\n<meta name=\"twitter:label1\" content=\"\u00c9crit par\" \/>\n\t<meta name=\"twitter:data1\" content=\"Julien\" \/>\n\t<meta name=\"twitter:label2\" content=\"Dur\u00e9e de lecture est.\" \/>\n\t<meta name=\"twitter:data2\" content=\"4 minutes\" \/>\n<script type=\"application\/ld+json\" class=\"yoast-schema-graph\">{\"@context\":\"https:\/\/schema.org\",\"@graph\":[{\"@type\":\"Article\",\"@id\":\"https:\/\/vieassociative.be\/actualites\/coups-de-feu-lors-dune-soiree-de-gala-a-washington-lagresseur-voulait-prendre-dassaut-un-diner-mediatique-avec-le-president-trump\/#article\",\"isPartOf\":{\"@id\":\"https:\/\/vieassociative.be\/actualites\/coups-de-feu-lors-dune-soiree-de-gala-a-washington-lagresseur-voulait-prendre-dassaut-un-diner-mediatique-avec-le-president-trump\/\"},\"author\":{\"name\":\"Julien\",\"@id\":\"https:\/\/vieassociative.be\/actualites\/#\/schema\/person\/b87ac4f82f9d4e7b7cec7395b679edc4\"},\"headline\":\"Coups de feu lors d&rsquo;une soir\u00e9e de gala \u00e0 Washington : l&rsquo;agresseur voulait prendre d&rsquo;assaut un d\u00eener m\u00e9diatique avec le pr\u00e9sident Trump\",\"datePublished\":\"2026-04-26T09:17:49+00:00\",\"dateModified\":\"2026-04-26T09:17:49+00:00\",\"mainEntityOfPage\":{\"@id\":\"https:\/\/vieassociative.be\/actualites\/coups-de-feu-lors-dune-soiree-de-gala-a-washington-lagresseur-voulait-prendre-dassaut-un-diner-mediatique-avec-le-president-trump\/\"},\"wordCount\":910,\"publisher\":{\"@id\":\"https:\/\/vieassociative.be\/actualites\/#organization\"},\"image\":{\"@id\":\"https:\/\/vieassociative.be\/actualites\/coups-de-feu-lors-dune-soiree-de-gala-a-washington-lagresseur-voulait-prendre-dassaut-un-diner-mediatique-avec-le-president-trump\/#primaryimage\"},\"thumbnailUrl\":\"https:\/\/vieassociative.be\/actualites\/wp-content\/uploads\/2026\/04\/1777195070_Coups-de-feu-lors-dune-soiree-de-gala-a-Washington.jpg\",\"keywords\":[\"avec\",\"coups\",\"dassaut\",\"d\u00eener\",\"dune\",\"feu\",\"Gala\",\"lagresseur\",\"lors\",\"m\u00e9diatique\",\"prendre\",\"pr\u00e9sident\",\"soir\u00e9e\",\"Trump\",\"voulait\",\"Washington\"],\"articleSection\":[\"Belgique\"],\"inLanguage\":\"fr-BE\"},{\"@type\":\"WebPage\",\"@id\":\"https:\/\/vieassociative.be\/actualites\/coups-de-feu-lors-dune-soiree-de-gala-a-washington-lagresseur-voulait-prendre-dassaut-un-diner-mediatique-avec-le-president-trump\/\",\"url\":\"https:\/\/vieassociative.be\/actualites\/coups-de-feu-lors-dune-soiree-de-gala-a-washington-lagresseur-voulait-prendre-dassaut-un-diner-mediatique-avec-le-president-trump\/\",\"name\":\"Coups de feu lors d'une soir\u00e9e de gala \u00e0 Washington : l'agresseur voulait prendre d'assaut un d\u00eener m\u00e9diatique avec le pr\u00e9sident Trump | Vie Associative\",\"isPartOf\":{\"@id\":\"https:\/\/vieassociative.be\/actualites\/#website\"},\"primaryImageOfPage\":{\"@id\":\"https:\/\/vieassociative.be\/actualites\/coups-de-feu-lors-dune-soiree-de-gala-a-washington-lagresseur-voulait-prendre-dassaut-un-diner-mediatique-avec-le-president-trump\/#primaryimage\"},\"image\":{\"@id\":\"https:\/\/vieassociative.be\/actualites\/coups-de-feu-lors-dune-soiree-de-gala-a-washington-lagresseur-voulait-prendre-dassaut-un-diner-mediatique-avec-le-president-trump\/#primaryimage\"},\"thumbnailUrl\":\"https:\/\/vieassociative.be\/actualites\/wp-content\/uploads\/2026\/04\/1777195070_Coups-de-feu-lors-dune-soiree-de-gala-a-Washington.jpg\",\"datePublished\":\"2026-04-26T09:17:49+00:00\",\"dateModified\":\"2026-04-26T09:17:49+00:00\",\"breadcrumb\":{\"@id\":\"https:\/\/vieassociative.be\/actualites\/coups-de-feu-lors-dune-soiree-de-gala-a-washington-lagresseur-voulait-prendre-dassaut-un-diner-mediatique-avec-le-president-trump\/#breadcrumb\"},\"inLanguage\":\"fr-BE\",\"potentialAction\":[{\"@type\":\"ReadAction\",\"target\":[\"https:\/\/vieassociative.be\/actualites\/coups-de-feu-lors-dune-soiree-de-gala-a-washington-lagresseur-voulait-prendre-dassaut-un-diner-mediatique-avec-le-president-trump\/\"]}]},{\"@type\":\"ImageObject\",\"inLanguage\":\"fr-BE\",\"@id\":\"https:\/\/vieassociative.be\/actualites\/coups-de-feu-lors-dune-soiree-de-gala-a-washington-lagresseur-voulait-prendre-dassaut-un-diner-mediatique-avec-le-president-trump\/#primaryimage\",\"url\":\"https:\/\/vieassociative.be\/actualites\/wp-content\/uploads\/2026\/04\/1777195070_Coups-de-feu-lors-dune-soiree-de-gala-a-Washington.jpg\",\"contentUrl\":\"https:\/\/vieassociative.be\/actualites\/wp-content\/uploads\/2026\/04\/1777195070_Coups-de-feu-lors-dune-soiree-de-gala-a-Washington.jpg\",\"width\":1200,\"height\":800,\"caption\":\"Coups de feu lors d'une soir\u00e9e de gala \u00e0 Washington : l'agresseur voulait prendre d'assaut un d\u00eener m\u00e9diatique avec le pr\u00e9sident Trump\"},{\"@type\":\"BreadcrumbList\",\"@id\":\"https:\/\/vieassociative.be\/actualites\/coups-de-feu-lors-dune-soiree-de-gala-a-washington-lagresseur-voulait-prendre-dassaut-un-diner-mediatique-avec-le-president-trump\/#breadcrumb\",\"itemListElement\":[{\"@type\":\"ListItem\",\"position\":1,\"name\":\"Accueil\",\"item\":\"https:\/\/vieassociative.be\/actualites\/\"},{\"@type\":\"ListItem\",\"position\":2,\"name\":\"Coups de feu lors d&rsquo;une soir\u00e9e de gala \u00e0 Washington : l&rsquo;agresseur voulait prendre d&rsquo;assaut un d\u00eener m\u00e9diatique avec le pr\u00e9sident Trump\"}]},{\"@type\":\"WebSite\",\"@id\":\"https:\/\/vieassociative.be\/actualites\/#website\",\"url\":\"https:\/\/vieassociative.be\/actualites\/\",\"name\":\"Vie Associative\",\"description\":\"\",\"publisher\":{\"@id\":\"https:\/\/vieassociative.be\/actualites\/#organization\"},\"potentialAction\":[{\"@type\":\"SearchAction\",\"target\":{\"@type\":\"EntryPoint\",\"urlTemplate\":\"https:\/\/vieassociative.be\/actualites\/?s={search_term_string}\"},\"query-input\":{\"@type\":\"PropertyValueSpecification\",\"valueRequired\":true,\"valueName\":\"search_term_string\"}}],\"inLanguage\":\"fr-BE\"},{\"@type\":\"Organization\",\"@id\":\"https:\/\/vieassociative.be\/actualites\/#organization\",\"name\":\"Vie Associative\",\"url\":\"https:\/\/vieassociative.be\/actualites\/\",\"logo\":{\"@type\":\"ImageObject\",\"inLanguage\":\"fr-BE\",\"@id\":\"https:\/\/vieassociative.be\/actualites\/#\/schema\/logo\/image\/\",\"url\":\"https:\/\/vieassociative.be\/actualites\/wp-content\/uploads\/2024\/09\/cropped-vieassociative_favicon.ico.png\",\"contentUrl\":\"https:\/\/vieassociative.be\/actualites\/wp-content\/uploads\/2024\/09\/cropped-vieassociative_favicon.ico.png\",\"width\":512,\"height\":512,\"caption\":\"Vie Associative\"},\"image\":{\"@id\":\"https:\/\/vieassociative.be\/actualites\/#\/schema\/logo\/image\/\"}},{\"@type\":\"Person\",\"@id\":\"https:\/\/vieassociative.be\/actualites\/#\/schema\/person\/b87ac4f82f9d4e7b7cec7395b679edc4\",\"name\":\"Julien\",\"image\":{\"@type\":\"ImageObject\",\"inLanguage\":\"fr-BE\",\"@id\":\"https:\/\/vieassociative.be\/actualites\/#\/schema\/person\/image\/\",\"url\":\"https:\/\/vieassociative.be\/actualites\/wp-content\/uploads\/2024\/09\/vie-associative-1-150x150.jpg\",\"contentUrl\":\"https:\/\/vieassociative.be\/actualites\/wp-content\/uploads\/2024\/09\/vie-associative-1-150x150.jpg\",\"caption\":\"Julien\"},\"description\":\"Je suis Julien, r\u00e9dacteur pour Vie Associative. Passionn\u00e9 par le monde associatif depuis plus de 10 ans, j'ai \u00e0 c\u0153ur de partager des histoires inspirantes et de mettre en lumi\u00e8re les initiatives locales. Mon objectif est de sensibiliser et d'encourager l'engagement communautaire \u00e0 travers mes articles.\",\"sameAs\":[\"https:\/\/vieassociative.be\/\"]}]}<\/script>\n<!-- \/ Yoast SEO plugin. -->","yoast_head_json":{"title":"Coups de feu lors d'une soir\u00e9e de gala \u00e0 Washington : l'agresseur voulait prendre d'assaut un d\u00eener m\u00e9diatique avec le pr\u00e9sident Trump | Vie Associative","robots":{"index":"index","follow":"follow","max-snippet":"max-snippet:-1","max-image-preview":"max-image-preview:large","max-video-preview":"max-video-preview:-1"},"canonical":"https:\/\/vieassociative.be\/actualites\/coups-de-feu-lors-dune-soiree-de-gala-a-washington-lagresseur-voulait-prendre-dassaut-un-diner-mediatique-avec-le-president-trump\/","og_locale":"fr_FR","og_type":"article","og_title":"Coups de feu lors d'une soir\u00e9e de gala \u00e0 Washington : l'agresseur voulait prendre d'assaut un d\u00eener m\u00e9diatique avec le pr\u00e9sident Trump | Vie Associative","og_description":"Des coups de feu retentissent \u00e0 nouveau lors d&rsquo;un \u00e9v\u00e9nement avec Donald Trump : arm\u00e9 d&rsquo;un fusil de chasse, un agresseur veut prendre d&rsquo;assaut une","og_url":"https:\/\/vieassociative.be\/actualites\/coups-de-feu-lors-dune-soiree-de-gala-a-washington-lagresseur-voulait-prendre-dassaut-un-diner-mediatique-avec-le-president-trump\/","og_site_name":"Vie Associative","article_published_time":"2026-04-26T09:17:49+00:00","og_image":[{"width":279,"height":92,"url":"https:\/\/vieassociative.be\/actualites\/wp-content\/uploads\/2024\/09\/header_backgroundk-01-e1726694325946.png","type":"image\/png"}],"author":"Julien","twitter_card":"summary_large_image","twitter_misc":{"\u00c9crit par":"Julien","Dur\u00e9e de lecture est.":"4 minutes"},"schema":{"@context":"https:\/\/schema.org","@graph":[{"@type":"Article","@id":"https:\/\/vieassociative.be\/actualites\/coups-de-feu-lors-dune-soiree-de-gala-a-washington-lagresseur-voulait-prendre-dassaut-un-diner-mediatique-avec-le-president-trump\/#article","isPartOf":{"@id":"https:\/\/vieassociative.be\/actualites\/coups-de-feu-lors-dune-soiree-de-gala-a-washington-lagresseur-voulait-prendre-dassaut-un-diner-mediatique-avec-le-president-trump\/"},"author":{"name":"Julien","@id":"https:\/\/vieassociative.be\/actualites\/#\/schema\/person\/b87ac4f82f9d4e7b7cec7395b679edc4"},"headline":"Coups de feu lors d&rsquo;une soir\u00e9e de gala \u00e0 Washington : l&rsquo;agresseur voulait prendre d&rsquo;assaut un d\u00eener m\u00e9diatique avec le pr\u00e9sident Trump","datePublished":"2026-04-26T09:17:49+00:00","dateModified":"2026-04-26T09:17:49+00:00","mainEntityOfPage":{"@id":"https:\/\/vieassociative.be\/actualites\/coups-de-feu-lors-dune-soiree-de-gala-a-washington-lagresseur-voulait-prendre-dassaut-un-diner-mediatique-avec-le-president-trump\/"},"wordCount":910,"publisher":{"@id":"https:\/\/vieassociative.be\/actualites\/#organization"},"image":{"@id":"https:\/\/vieassociative.be\/actualites\/coups-de-feu-lors-dune-soiree-de-gala-a-washington-lagresseur-voulait-prendre-dassaut-un-diner-mediatique-avec-le-president-trump\/#primaryimage"},"thumbnailUrl":"https:\/\/vieassociative.be\/actualites\/wp-content\/uploads\/2026\/04\/1777195070_Coups-de-feu-lors-dune-soiree-de-gala-a-Washington.jpg","keywords":["avec","coups","dassaut","d\u00eener","dune","feu","Gala","lagresseur","lors","m\u00e9diatique","prendre","pr\u00e9sident","soir\u00e9e","Trump","voulait","Washington"],"articleSection":["Belgique"],"inLanguage":"fr-BE"},{"@type":"WebPage","@id":"https:\/\/vieassociative.be\/actualites\/coups-de-feu-lors-dune-soiree-de-gala-a-washington-lagresseur-voulait-prendre-dassaut-un-diner-mediatique-avec-le-president-trump\/","url":"https:\/\/vieassociative.be\/actualites\/coups-de-feu-lors-dune-soiree-de-gala-a-washington-lagresseur-voulait-prendre-dassaut-un-diner-mediatique-avec-le-president-trump\/","name":"Coups de feu lors d'une soir\u00e9e de gala \u00e0 Washington : l'agresseur voulait prendre d'assaut un d\u00eener m\u00e9diatique avec le pr\u00e9sident Trump | Vie Associative","isPartOf":{"@id":"https:\/\/vieassociative.be\/actualites\/#website"},"primaryImageOfPage":{"@id":"https:\/\/vieassociative.be\/actualites\/coups-de-feu-lors-dune-soiree-de-gala-a-washington-lagresseur-voulait-prendre-dassaut-un-diner-mediatique-avec-le-president-trump\/#primaryimage"},"image":{"@id":"https:\/\/vieassociative.be\/actualites\/coups-de-feu-lors-dune-soiree-de-gala-a-washington-lagresseur-voulait-prendre-dassaut-un-diner-mediatique-avec-le-president-trump\/#primaryimage"},"thumbnailUrl":"https:\/\/vieassociative.be\/actualites\/wp-content\/uploads\/2026\/04\/1777195070_Coups-de-feu-lors-dune-soiree-de-gala-a-Washington.jpg","datePublished":"2026-04-26T09:17:49+00:00","dateModified":"2026-04-26T09:17:49+00:00","breadcrumb":{"@id":"https:\/\/vieassociative.be\/actualites\/coups-de-feu-lors-dune-soiree-de-gala-a-washington-lagresseur-voulait-prendre-dassaut-un-diner-mediatique-avec-le-president-trump\/#breadcrumb"},"inLanguage":"fr-BE","potentialAction":[{"@type":"ReadAction","target":["https:\/\/vieassociative.be\/actualites\/coups-de-feu-lors-dune-soiree-de-gala-a-washington-lagresseur-voulait-prendre-dassaut-un-diner-mediatique-avec-le-president-trump\/"]}]},{"@type":"ImageObject","inLanguage":"fr-BE","@id":"https:\/\/vieassociative.be\/actualites\/coups-de-feu-lors-dune-soiree-de-gala-a-washington-lagresseur-voulait-prendre-dassaut-un-diner-mediatique-avec-le-president-trump\/#primaryimage","url":"https:\/\/vieassociative.be\/actualites\/wp-content\/uploads\/2026\/04\/1777195070_Coups-de-feu-lors-dune-soiree-de-gala-a-Washington.jpg","contentUrl":"https:\/\/vieassociative.be\/actualites\/wp-content\/uploads\/2026\/04\/1777195070_Coups-de-feu-lors-dune-soiree-de-gala-a-Washington.jpg","width":1200,"height":800,"caption":"Coups de feu lors d'une soir\u00e9e de gala \u00e0 Washington : l'agresseur voulait prendre d'assaut un d\u00eener m\u00e9diatique avec le pr\u00e9sident Trump"},{"@type":"BreadcrumbList","@id":"https:\/\/vieassociative.be\/actualites\/coups-de-feu-lors-dune-soiree-de-gala-a-washington-lagresseur-voulait-prendre-dassaut-un-diner-mediatique-avec-le-president-trump\/#breadcrumb","itemListElement":[{"@type":"ListItem","position":1,"name":"Accueil","item":"https:\/\/vieassociative.be\/actualites\/"},{"@type":"ListItem","position":2,"name":"Coups de feu lors d&rsquo;une soir\u00e9e de gala \u00e0 Washington : l&rsquo;agresseur voulait prendre d&rsquo;assaut un d\u00eener m\u00e9diatique avec le pr\u00e9sident Trump"}]},{"@type":"WebSite","@id":"https:\/\/vieassociative.be\/actualites\/#website","url":"https:\/\/vieassociative.be\/actualites\/","name":"Vie Associative","description":"","publisher":{"@id":"https:\/\/vieassociative.be\/actualites\/#organization"},"potentialAction":[{"@type":"SearchAction","target":{"@type":"EntryPoint","urlTemplate":"https:\/\/vieassociative.be\/actualites\/?s={search_term_string}"},"query-input":{"@type":"PropertyValueSpecification","valueRequired":true,"valueName":"search_term_string"}}],"inLanguage":"fr-BE"},{"@type":"Organization","@id":"https:\/\/vieassociative.be\/actualites\/#organization","name":"Vie Associative","url":"https:\/\/vieassociative.be\/actualites\/","logo":{"@type":"ImageObject","inLanguage":"fr-BE","@id":"https:\/\/vieassociative.be\/actualites\/#\/schema\/logo\/image\/","url":"https:\/\/vieassociative.be\/actualites\/wp-content\/uploads\/2024\/09\/cropped-vieassociative_favicon.ico.png","contentUrl":"https:\/\/vieassociative.be\/actualites\/wp-content\/uploads\/2024\/09\/cropped-vieassociative_favicon.ico.png","width":512,"height":512,"caption":"Vie Associative"},"image":{"@id":"https:\/\/vieassociative.be\/actualites\/#\/schema\/logo\/image\/"}},{"@type":"Person","@id":"https:\/\/vieassociative.be\/actualites\/#\/schema\/person\/b87ac4f82f9d4e7b7cec7395b679edc4","name":"Julien","image":{"@type":"ImageObject","inLanguage":"fr-BE","@id":"https:\/\/vieassociative.be\/actualites\/#\/schema\/person\/image\/","url":"https:\/\/vieassociative.be\/actualites\/wp-content\/uploads\/2024\/09\/vie-associative-1-150x150.jpg","contentUrl":"https:\/\/vieassociative.be\/actualites\/wp-content\/uploads\/2024\/09\/vie-associative-1-150x150.jpg","caption":"Julien"},"description":"Je suis Julien, r\u00e9dacteur pour Vie Associative. Passionn\u00e9 par le monde associatif depuis plus de 10 ans, j'ai \u00e0 c\u0153ur de partager des histoires inspirantes et de mettre en lumi\u00e8re les initiatives locales. Mon objectif est de sensibiliser et d'encourager l'engagement communautaire \u00e0 travers mes articles.","sameAs":["https:\/\/vieassociative.be\/"]}]}},"_links":{"self":[{"href":"https:\/\/vieassociative.be\/actualites\/wp-json\/wp\/v2\/posts\/13587"}],"collection":[{"href":"https:\/\/vieassociative.be\/actualites\/wp-json\/wp\/v2\/posts"}],"about":[{"href":"https:\/\/vieassociative.be\/actualites\/wp-json\/wp\/v2\/types\/post"}],"author":[{"embeddable":true,"href":"https:\/\/vieassociative.be\/actualites\/wp-json\/wp\/v2\/users\/1"}],"replies":[{"embeddable":true,"href":"https:\/\/vieassociative.be\/actualites\/wp-json\/wp\/v2\/comments?post=13587"}],"version-history":[{"count":0,"href":"https:\/\/vieassociative.be\/actualites\/wp-json\/wp\/v2\/posts\/13587\/revisions"}],"wp:featuredmedia":[{"embeddable":true,"href":"https:\/\/vieassociative.be\/actualites\/wp-json\/wp\/v2\/media\/13588"}],"wp:attachment":[{"href":"https:\/\/vieassociative.be\/actualites\/wp-json\/wp\/v2\/media?parent=13587"}],"wp:term":[{"taxonomy":"category","embeddable":true,"href":"https:\/\/vieassociative.be\/actualites\/wp-json\/wp\/v2\/categories?post=13587"},{"taxonomy":"post_tag","embeddable":true,"href":"https:\/\/vieassociative.be\/actualites\/wp-json\/wp\/v2\/tags?post=13587"}],"curies":[{"name":"wp","href":"https:\/\/api.w.org\/{rel}","templated":true}]}}