{"id":13585,"date":"2026-04-26T10:17:26","date_gmt":"2026-04-26T08:17:26","guid":{"rendered":"https:\/\/vieassociative.be\/actualites\/ces-ecouteurs-antibruit-sony-sont-actuellement-a-moitie-prix\/"},"modified":"2026-04-26T10:17:26","modified_gmt":"2026-04-26T08:17:26","slug":"ces-ecouteurs-antibruit-sony-sont-actuellement-a-moitie-prix","status":"publish","type":"post","link":"https:\/\/vieassociative.be\/actualites\/ces-ecouteurs-antibruit-sony-sont-actuellement-a-moitie-prix\/","title":{"rendered":"Ces \u00e9couteurs antibruit Sony sont actuellement \u00e0 moiti\u00e9 prix"},"content":{"rendered":"<p>Nous pouvons gagner une commission sur les liens sur cette page. Les prix et la disponibilit\u00e9 de l&rsquo;offre sont sujets \u00e0 changement apr\u00e8s la publication.<\/p>\n<p>Il n&rsquo;y a rien de tel qu&rsquo;une paire d&rsquo;\u00e9couteurs supra-auriculaires antibruit fiables pour bloquer les distractions, mais avec des options allant des achats \u00e0 petit budget aux mod\u00e8les haut de gamme de plus de 500 $, trouver la bonne paire peut sembler un d\u00e9fi. Le Sony WH-CH720N, une option supra-auriculaire d&rsquo;entr\u00e9e de gamme, a atteint le point id\u00e9al, offrant confort, autonomie longue dur\u00e9e et bonne suppression automatique du bruit (ANC) &#8211; et pour le moment, ils sont presque \u00e0 moiti\u00e9 prix. Vous pouvez les r\u00e9cup\u00e9rer pour 92,95 $ (au lieu de 179,99 $) sur Amazon.<\/p>\n<div class=\"pogoClear mb-12 mt-10 rounded-md border-2 border-gray-100 py-7 shadow-xl md:py-6\">\n<div class=\"flex flex-wrap justify-between px-7 text-black no-underline md:flex-nowrap md:px-8\">\n<div class=\"order-1 mx-auto flex flex-col justify-center md:order-2 md:ml-4 md:w-full md:grow\">\n<div class=\"block cursor-pointer text-center font-akshar text-2xl font-medium leading-7 text-brand-green duration-200 ease-in-out hover:text-brand-green-700 md:text-left md:text-xl md:leading-6\">Casque sans fil \u00e0 r\u00e9duction de bruit Sony WH-CH720N\n                <\/div>\n<div class=\"mt-4 hidden md:flex md:justify-between\">\n<div class=\"self-end\">\n<div class=\"mb-0 h-11 md:flex md:flex-col md:justify-center\">\n<div class=\" font-sans leading-4 text-black\">\n<div class=\"flex flex-wrap items-center justify-center gap-1 md:justify-start\">\n        <span class=\"font-bold\"><\/p>\n<p>            92,95\u00a0$<br \/>\n                            <span class=\"font-medium\">chez Amazon<\/span><br \/>\n                    <\/span>\n            <\/div>\n<div class=\"flex items-center justify-center gap-x-1 font-bold md:justify-start\">\n            <span class=\"text-sm line-through\">179,99\u00a0$<\/span><br \/>\n            <span class=\"text-sm text-brand-green\">\u00c9conomisez 87,04\u00a0$<\/span>\n        <\/div>\n<\/p><\/div>\n<\/p><\/div>\n<\/p><\/div>\n<div class=\"w-44 self-end\">\n                            <button class=\"flex justify-center items-center w-full bg-brand-green text-white text-base font-sans font-medium rounded-md hover:bg-brand-green-700 hover:cursor-pointer md:text-sm h-11\"><\/p>\n<p>    Obtenez une offre<br \/>\n<\/button>\n                        <\/div>\n<\/p><\/div>\n<\/p><\/div>\n<div class=\"order-2 mt-5 h-auto w-full md:order-1 md:mt-0 md:hidden\">\n<div class=\"flex aspect-video items-center justify-center\">\n                                            <img decoding=\"async\" class=\"m-0 max-h-full max-w-full rounded-md\" src=\"https:\/\/vieassociative.be\/actualites\/wp-content\/uploads\/2026\/04\/Ces-ecouteurs-antibruit-Sony-sont-actuellement-a-moitie-prix.jpg\" alt=\"Casque Sony WH-CH720N\" width=\"auto\" height=\"auto\" loading=\"lazy\">\n                                    <\/div>\n<\/p><\/div>\n<div class=\"order-2 ml-2 hidden w-32 shrink-0 items-center md:order-1 md:ml-0 md:flex\">\n<div class=\"flex aspect-video items-center justify-center\">\n                                            <img decoding=\"async\" class=\"m-0 max-h-full max-w-full rounded-md\" src=\"https:\/\/vieassociative.be\/actualites\/wp-content\/uploads\/2026\/04\/Ces-ecouteurs-antibruit-Sony-sont-actuellement-a-moitie-prix.jpg\" alt=\"Casque Sony WH-CH720N\" width=\"auto\" height=\"auto\" loading=\"lazy\">\n                                    <\/div>\n<\/p><\/div>\n<div class=\"order-3 flex grow flex-wrap md:hidden md:grow-0\">\n<div class=\"mt-4 w-full\">\n                        <button class=\"flex justify-center items-center w-full bg-brand-green text-white text-base font-sans font-medium rounded-md hover:bg-brand-green-700 hover:cursor-pointer md:text-sm h-11\"><\/p>\n<p>    Obtenez une offre<br \/>\n<\/button>\n                    <\/div>\n<div class=\"mx-2 mt-4 w-full\">\n<div class=\" font-sans leading-4 text-black\">\n<div class=\"flex flex-wrap items-center justify-center gap-1 md:justify-start\">\n        <span class=\"font-bold\"><\/p>\n<p>            92,95\u00a0$<br \/>\n                            <span class=\"font-medium\">chez Amazon<\/span><br \/>\n                    <\/span>\n            <\/div>\n<div class=\"flex items-center justify-center gap-x-1 font-bold md:justify-start\">\n            <span class=\"text-sm line-through\">179,99\u00a0$<\/span><br \/>\n            <span class=\"text-sm text-brand-green\">\u00c9conomisez 87,04\u00a0$<\/span>\n        <\/div>\n<\/p><\/div>\n<\/p><\/div>\n<\/p><\/div>\n<\/p><\/div>\n<\/div>\n<p>Le prix inf\u00e9rieur ne signifie pas une qualit\u00e9 compromise. Des raccourcis ont \u00e9t\u00e9 pour la plupart coup\u00e9s dans la conception et la construction ; ils sont plus petits et plus l\u00e9gers que les mod\u00e8les haut de gamme de marques comme Bose ou m\u00eame les Sony WH-1000XM5. En cons\u00e9quence, certains critiques disent qu&rsquo;ils peuvent sembler un peu plastiques, mais le fait qu&rsquo;il s&rsquo;agisse des \u00e9couteurs ANC supra-auriculaires les plus l\u00e9gers de Sony (seulement 192 grammes) est en fait un avantage si vous voulez quelque chose de plus compact et adapt\u00e9 aux voyages, d&rsquo;autant plus qu&rsquo;ils ont toujours des \u00e9couteurs moelleux et confortables. L&rsquo;ANC utilise le processeur V1 de Sony, la m\u00eame technologie utilis\u00e9e dans les mod\u00e8les Sony haut de gamme (juste un peu moins puissants ici), et ils disposent des m\u00eames pilotes de 30 mm que le WH-1000XM5, offrant un son net et vibrant.<\/p>\n<p>La dur\u00e9e de vie de la batterie est une victoire majeure. Selon CNET, ces \u00e9couteurs dureront jusqu&rsquo;\u00e0 35 heures, ce qui est plus long que de nombreux mod\u00e8les haut de gamme, et vous offriront une heure de lecture avec seulement quelques minutes de charge rapide. Vous pouvez \u00e9galement les configurer pour qu&rsquo;ils s&rsquo;\u00e9teignent automatiquement apr\u00e8s 15 minutes lorsqu&rsquo;ils ne sont pas utilis\u00e9s, pr\u00e9servant ainsi davantage la dur\u00e9e de vie de la batterie. Il convient de noter qu\u2019aucun \u00e9tui de transport ni pochette n\u2019est inclus, ni aucun indice IPX. Cela dit, ils disposent d\u2019un mode transparence, d\u2019un couplage Bluetooth multipoint et d\u2019un \u00e9galiseur r\u00e9glable via l\u2019application compagnon.<\/p>\n<p>En fin de compte, si vous recherchez des \u00e9couteurs supra-auriculaires confortables pour un usage quotidien, les \u00e9couteurs Sony WH-CH720N sont un choix intelligent et une bonne affaire \u00e0 48 % de r\u00e9duction. <\/p>\n<div class=\" relative flex justify-center py-16 md:left-1\/2 md:w-(780px) md:max-w-max md:-translate-x-1\/2\">\n<div class=\"w-max text-center sm:text-left\">\n<div class=\"custom-gradient-background mb-6 rounded-md p-(2px) sm:rounded-tl-none\">\n<div class=\"flex flex-col rounded bg-white sm:rounded-tl-none\">\n                    <span class=\"-mt-4 block w-fit max-w-(calc(100%-1rem)) self-center bg-white px-3 text-center font-akshar text-xl font-medium capitalize text-gray-800 sm:max-w-(calc(100%-2.5rem)) sm:self-start sm:px-10 sm:text-left sm:text-2xl\">Nos meilleures offres technologiques approuv\u00e9es par les \u00e9diteurs en ce moment<\/span><\/p>\n<div class=\"flex flex-col gap-3 p-3 pb-4 text-sm sm:p-10 sm:pt-6 sm:text-justify sm:text-base\">\n<div>\n<p>    \u00c9couteurs sans fil \u00e0 suppression active du bruit Apple AirPods 4<\/p>\n<p>                                <span class=\"text-black\"><br \/>\n                                    \u2014<br \/>\n                                    <span class=\"font-bold\">148,99\u00a0$<\/span><br \/>\n                                    <span class=\"!text-xs italic sm:!text-sm\"><\/p>\n<p>                                        (Prix catalogue 179,00 $)<br \/>\n                                    <\/span><br \/>\n                                <\/span>\n                            <\/div>\n<div>\n<p>    Sonnette vid\u00e9o sans fil Blink (mod\u00e8le le plus r\u00e9cent) + module de synchronisation<\/p>\n<p>                                <span class=\"text-black\"><br \/>\n                                    \u2014<br \/>\n                                    <span class=\"font-bold\">35,99\u00a0$<\/span><br \/>\n                                    <span class=\"!text-xs italic sm:!text-sm\"><\/p>\n<p>                                        (Prix catalogue 69,99 $)<br \/>\n                                    <\/span><br \/>\n                                <\/span>\n                            <\/div>\n<div>\n<p>    Ring Indoor Cam (2e g\u00e9n\u00e9ration, paquet de 2, blanc)<\/p>\n<p>                                <span class=\"text-black\"><br \/>\n                                    \u2014<br \/>\n                                    <span class=\"font-bold\">59,98\u00a0$<\/span><br \/>\n                                    <span class=\"!text-xs italic sm:!text-sm\"><\/p>\n<p>                                        (Prix catalogue 79,99 $)<br \/>\n                                    <\/span><br \/>\n                                <\/span>\n                            <\/div>\n<div>\n<p>    Montre intelligente Apple Watch Series 11 (GPS 46 mm) avec bo\u00eetier en aluminium noir de jais et bracelet sport noir &#8211; M\/L. Score de sommeil, tracker d&rsquo;activit\u00e9, surveillance de la sant\u00e9, affichage permanent, r\u00e9sistant \u00e0 l&rsquo;eau<\/p>\n<p>                                <span class=\"text-black\"><br \/>\n                                    \u2014<br \/>\n                                    <span class=\"font-bold\">359,00\u00a0$<\/span><br \/>\n                                    <span class=\"!text-xs italic sm:!text-sm\"><\/p>\n<p>                                        (Prix catalogue 429,00 $)<br \/>\n                                    <\/span><br \/>\n                                <\/span>\n                            <\/div>\n<div>\n<p>    Apple iPad 11&Prime; 128 Go A16 WiFi Tablette (Bleu, 2025)<\/p>\n<p>                                <span class=\"text-black\"><br \/>\n                                    \u2014<br \/>\n                                    <span class=\"font-bold\">299,00\u00a0$<\/span><br \/>\n                                    <span class=\"!text-xs italic sm:!text-sm\"><\/p>\n<p>                                        (Prix catalogue 349,00 $)<br \/>\n                                    <\/span><br \/>\n                                <\/span>\n                            <\/div>\n<\/p><\/div>\n<\/p><\/div>\n<\/p><\/div>\n<div class=\"flex flex-col items-center justify-between text-black sm:flex-row sm:px-6\">\n                <span class=\"text-xs italic sm:ml-7 sm:text-sm\">Les offres sont s\u00e9lectionn\u00e9es par notre \u00e9quipe commerciale<\/span><\/p><\/div>\n<\/p><\/div>\n<\/p><\/div>\n","protected":false},"excerpt":{"rendered":"<p>Nous pouvons gagner une commission sur les liens sur cette page. Les prix et la disponibilit\u00e9 de l&rsquo;offre sont sujets \u00e0 changement apr\u00e8s la publication.<\/p>\n","protected":false},"author":1,"featured_media":13586,"comment_status":"","ping_status":"","sticky":false,"template":"","format":"standard","meta":{"footnotes":""},"categories":[13],"tags":[19,2242,248,1537,4637,1399,18,2243],"class_list":["post-13585","post","type-post","status-publish","format-standard","has-post-thumbnail","hentry","category-technologie","tag-actuellement","tag-antibruit","tag-ces","tag-ecouteurs","tag-moitie","tag-prix","tag-sont","tag-sony","generate-columns","tablet-grid-50","mobile-grid-100","grid-parent","grid-33"],"yoast_head":"<!-- This site is optimized with the Yoast SEO plugin v24.0 - https:\/\/yoast.com\/wordpress\/plugins\/seo\/ -->\n<title>Ces \u00e9couteurs antibruit Sony sont actuellement \u00e0 moiti\u00e9 prix | Vie Associative<\/title>\n<meta name=\"robots\" content=\"index, follow, max-snippet:-1, max-image-preview:large, max-video-preview:-1\" \/>\n<link rel=\"canonical\" href=\"https:\/\/vieassociative.be\/actualites\/ces-ecouteurs-antibruit-sony-sont-actuellement-a-moitie-prix\/\" \/>\n<meta property=\"og:locale\" content=\"fr_FR\" \/>\n<meta property=\"og:type\" content=\"article\" \/>\n<meta property=\"og:title\" content=\"Ces \u00e9couteurs antibruit Sony sont actuellement \u00e0 moiti\u00e9 prix | Vie Associative\" \/>\n<meta property=\"og:description\" content=\"Nous pouvons gagner une commission sur les liens sur cette page. Les prix et la disponibilit\u00e9 de l&rsquo;offre sont sujets \u00e0 changement apr\u00e8s la publication.\" \/>\n<meta property=\"og:url\" content=\"https:\/\/vieassociative.be\/actualites\/ces-ecouteurs-antibruit-sony-sont-actuellement-a-moitie-prix\/\" \/>\n<meta property=\"og:site_name\" content=\"Vie Associative\" \/>\n<meta property=\"article:published_time\" content=\"2026-04-26T08:17:26+00:00\" \/>\n<meta property=\"og:image\" content=\"https:\/\/vieassociative.be\/actualites\/wp-content\/uploads\/2026\/04\/Ces-ecouteurs-antibruit-Sony-sont-actuellement-a-moitie-prix.jpg\" \/>\n<meta name=\"author\" content=\"Julien\" \/>\n<meta name=\"twitter:card\" content=\"summary_large_image\" \/>\n<meta name=\"twitter:label1\" content=\"\u00c9crit par\" \/>\n\t<meta name=\"twitter:data1\" content=\"Julien\" \/>\n\t<meta name=\"twitter:label2\" content=\"Dur\u00e9e de lecture est.\" \/>\n\t<meta name=\"twitter:data2\" content=\"3 minutes\" \/>\n<script type=\"application\/ld+json\" class=\"yoast-schema-graph\">{\"@context\":\"https:\/\/schema.org\",\"@graph\":[{\"@type\":\"Article\",\"@id\":\"https:\/\/vieassociative.be\/actualites\/ces-ecouteurs-antibruit-sony-sont-actuellement-a-moitie-prix\/#article\",\"isPartOf\":{\"@id\":\"https:\/\/vieassociative.be\/actualites\/ces-ecouteurs-antibruit-sony-sont-actuellement-a-moitie-prix\/\"},\"author\":{\"name\":\"Julien\",\"@id\":\"https:\/\/vieassociative.be\/actualites\/#\/schema\/person\/b87ac4f82f9d4e7b7cec7395b679edc4\"},\"headline\":\"Ces \u00e9couteurs antibruit Sony sont actuellement \u00e0 moiti\u00e9 prix\",\"datePublished\":\"2026-04-26T08:17:26+00:00\",\"dateModified\":\"2026-04-26T08:17:26+00:00\",\"mainEntityOfPage\":{\"@id\":\"https:\/\/vieassociative.be\/actualites\/ces-ecouteurs-antibruit-sony-sont-actuellement-a-moitie-prix\/\"},\"wordCount\":576,\"publisher\":{\"@id\":\"https:\/\/vieassociative.be\/actualites\/#organization\"},\"image\":{\"@id\":\"https:\/\/vieassociative.be\/actualites\/ces-ecouteurs-antibruit-sony-sont-actuellement-a-moitie-prix\/#primaryimage\"},\"thumbnailUrl\":\"https:\/\/vieassociative.be\/actualites\/wp-content\/uploads\/2026\/04\/Ces-ecouteurs-antibruit-Sony-sont-actuellement-a-moitie-prix.png\",\"keywords\":[\"actuellement\",\"antibruit\",\"ces\",\"\u00e9couteurs\",\"moiti\u00e9\",\"prix\",\"sont\",\"Sony\"],\"articleSection\":[\"Technologie\"],\"inLanguage\":\"fr-BE\"},{\"@type\":\"WebPage\",\"@id\":\"https:\/\/vieassociative.be\/actualites\/ces-ecouteurs-antibruit-sony-sont-actuellement-a-moitie-prix\/\",\"url\":\"https:\/\/vieassociative.be\/actualites\/ces-ecouteurs-antibruit-sony-sont-actuellement-a-moitie-prix\/\",\"name\":\"Ces \u00e9couteurs antibruit Sony sont actuellement \u00e0 moiti\u00e9 prix | Vie Associative\",\"isPartOf\":{\"@id\":\"https:\/\/vieassociative.be\/actualites\/#website\"},\"primaryImageOfPage\":{\"@id\":\"https:\/\/vieassociative.be\/actualites\/ces-ecouteurs-antibruit-sony-sont-actuellement-a-moitie-prix\/#primaryimage\"},\"image\":{\"@id\":\"https:\/\/vieassociative.be\/actualites\/ces-ecouteurs-antibruit-sony-sont-actuellement-a-moitie-prix\/#primaryimage\"},\"thumbnailUrl\":\"https:\/\/vieassociative.be\/actualites\/wp-content\/uploads\/2026\/04\/Ces-ecouteurs-antibruit-Sony-sont-actuellement-a-moitie-prix.png\",\"datePublished\":\"2026-04-26T08:17:26+00:00\",\"dateModified\":\"2026-04-26T08:17:26+00:00\",\"breadcrumb\":{\"@id\":\"https:\/\/vieassociative.be\/actualites\/ces-ecouteurs-antibruit-sony-sont-actuellement-a-moitie-prix\/#breadcrumb\"},\"inLanguage\":\"fr-BE\",\"potentialAction\":[{\"@type\":\"ReadAction\",\"target\":[\"https:\/\/vieassociative.be\/actualites\/ces-ecouteurs-antibruit-sony-sont-actuellement-a-moitie-prix\/\"]}]},{\"@type\":\"ImageObject\",\"inLanguage\":\"fr-BE\",\"@id\":\"https:\/\/vieassociative.be\/actualites\/ces-ecouteurs-antibruit-sony-sont-actuellement-a-moitie-prix\/#primaryimage\",\"url\":\"https:\/\/vieassociative.be\/actualites\/wp-content\/uploads\/2026\/04\/Ces-ecouteurs-antibruit-Sony-sont-actuellement-a-moitie-prix.png\",\"contentUrl\":\"https:\/\/vieassociative.be\/actualites\/wp-content\/uploads\/2026\/04\/Ces-ecouteurs-antibruit-Sony-sont-actuellement-a-moitie-prix.png\",\"width\":1200,\"height\":675,\"caption\":\"Ces \u00e9couteurs antibruit Sony sont actuellement \u00e0 moiti\u00e9 prix\"},{\"@type\":\"BreadcrumbList\",\"@id\":\"https:\/\/vieassociative.be\/actualites\/ces-ecouteurs-antibruit-sony-sont-actuellement-a-moitie-prix\/#breadcrumb\",\"itemListElement\":[{\"@type\":\"ListItem\",\"position\":1,\"name\":\"Accueil\",\"item\":\"https:\/\/vieassociative.be\/actualites\/\"},{\"@type\":\"ListItem\",\"position\":2,\"name\":\"Ces \u00e9couteurs antibruit Sony sont actuellement \u00e0 moiti\u00e9 prix\"}]},{\"@type\":\"WebSite\",\"@id\":\"https:\/\/vieassociative.be\/actualites\/#website\",\"url\":\"https:\/\/vieassociative.be\/actualites\/\",\"name\":\"Vie Associative\",\"description\":\"\",\"publisher\":{\"@id\":\"https:\/\/vieassociative.be\/actualites\/#organization\"},\"potentialAction\":[{\"@type\":\"SearchAction\",\"target\":{\"@type\":\"EntryPoint\",\"urlTemplate\":\"https:\/\/vieassociative.be\/actualites\/?s={search_term_string}\"},\"query-input\":{\"@type\":\"PropertyValueSpecification\",\"valueRequired\":true,\"valueName\":\"search_term_string\"}}],\"inLanguage\":\"fr-BE\"},{\"@type\":\"Organization\",\"@id\":\"https:\/\/vieassociative.be\/actualites\/#organization\",\"name\":\"Vie Associative\",\"url\":\"https:\/\/vieassociative.be\/actualites\/\",\"logo\":{\"@type\":\"ImageObject\",\"inLanguage\":\"fr-BE\",\"@id\":\"https:\/\/vieassociative.be\/actualites\/#\/schema\/logo\/image\/\",\"url\":\"https:\/\/vieassociative.be\/actualites\/wp-content\/uploads\/2024\/09\/cropped-vieassociative_favicon.ico.png\",\"contentUrl\":\"https:\/\/vieassociative.be\/actualites\/wp-content\/uploads\/2024\/09\/cropped-vieassociative_favicon.ico.png\",\"width\":512,\"height\":512,\"caption\":\"Vie Associative\"},\"image\":{\"@id\":\"https:\/\/vieassociative.be\/actualites\/#\/schema\/logo\/image\/\"}},{\"@type\":\"Person\",\"@id\":\"https:\/\/vieassociative.be\/actualites\/#\/schema\/person\/b87ac4f82f9d4e7b7cec7395b679edc4\",\"name\":\"Julien\",\"image\":{\"@type\":\"ImageObject\",\"inLanguage\":\"fr-BE\",\"@id\":\"https:\/\/vieassociative.be\/actualites\/#\/schema\/person\/image\/\",\"url\":\"https:\/\/vieassociative.be\/actualites\/wp-content\/uploads\/2024\/09\/vie-associative-1-150x150.jpg\",\"contentUrl\":\"https:\/\/vieassociative.be\/actualites\/wp-content\/uploads\/2024\/09\/vie-associative-1-150x150.jpg\",\"caption\":\"Julien\"},\"description\":\"Je suis Julien, r\u00e9dacteur pour Vie Associative. Passionn\u00e9 par le monde associatif depuis plus de 10 ans, j'ai \u00e0 c\u0153ur de partager des histoires inspirantes et de mettre en lumi\u00e8re les initiatives locales. Mon objectif est de sensibiliser et d'encourager l'engagement communautaire \u00e0 travers mes articles.\",\"sameAs\":[\"https:\/\/vieassociative.be\/\"]}]}<\/script>\n<!-- \/ Yoast SEO plugin. -->","yoast_head_json":{"title":"Ces \u00e9couteurs antibruit Sony sont actuellement \u00e0 moiti\u00e9 prix | Vie Associative","robots":{"index":"index","follow":"follow","max-snippet":"max-snippet:-1","max-image-preview":"max-image-preview:large","max-video-preview":"max-video-preview:-1"},"canonical":"https:\/\/vieassociative.be\/actualites\/ces-ecouteurs-antibruit-sony-sont-actuellement-a-moitie-prix\/","og_locale":"fr_FR","og_type":"article","og_title":"Ces \u00e9couteurs antibruit Sony sont actuellement \u00e0 moiti\u00e9 prix | Vie Associative","og_description":"Nous pouvons gagner une commission sur les liens sur cette page. Les prix et la disponibilit\u00e9 de l&rsquo;offre sont sujets \u00e0 changement apr\u00e8s la publication.","og_url":"https:\/\/vieassociative.be\/actualites\/ces-ecouteurs-antibruit-sony-sont-actuellement-a-moitie-prix\/","og_site_name":"Vie Associative","article_published_time":"2026-04-26T08:17:26+00:00","og_image":[{"url":"https:\/\/vieassociative.be\/actualites\/wp-content\/uploads\/2026\/04\/Ces-ecouteurs-antibruit-Sony-sont-actuellement-a-moitie-prix.jpg","type":"","width":"","height":""}],"author":"Julien","twitter_card":"summary_large_image","twitter_misc":{"\u00c9crit par":"Julien","Dur\u00e9e de lecture est.":"3 minutes"},"schema":{"@context":"https:\/\/schema.org","@graph":[{"@type":"Article","@id":"https:\/\/vieassociative.be\/actualites\/ces-ecouteurs-antibruit-sony-sont-actuellement-a-moitie-prix\/#article","isPartOf":{"@id":"https:\/\/vieassociative.be\/actualites\/ces-ecouteurs-antibruit-sony-sont-actuellement-a-moitie-prix\/"},"author":{"name":"Julien","@id":"https:\/\/vieassociative.be\/actualites\/#\/schema\/person\/b87ac4f82f9d4e7b7cec7395b679edc4"},"headline":"Ces \u00e9couteurs antibruit Sony sont actuellement \u00e0 moiti\u00e9 prix","datePublished":"2026-04-26T08:17:26+00:00","dateModified":"2026-04-26T08:17:26+00:00","mainEntityOfPage":{"@id":"https:\/\/vieassociative.be\/actualites\/ces-ecouteurs-antibruit-sony-sont-actuellement-a-moitie-prix\/"},"wordCount":576,"publisher":{"@id":"https:\/\/vieassociative.be\/actualites\/#organization"},"image":{"@id":"https:\/\/vieassociative.be\/actualites\/ces-ecouteurs-antibruit-sony-sont-actuellement-a-moitie-prix\/#primaryimage"},"thumbnailUrl":"https:\/\/vieassociative.be\/actualites\/wp-content\/uploads\/2026\/04\/Ces-ecouteurs-antibruit-Sony-sont-actuellement-a-moitie-prix.png","keywords":["actuellement","antibruit","ces","\u00e9couteurs","moiti\u00e9","prix","sont","Sony"],"articleSection":["Technologie"],"inLanguage":"fr-BE"},{"@type":"WebPage","@id":"https:\/\/vieassociative.be\/actualites\/ces-ecouteurs-antibruit-sony-sont-actuellement-a-moitie-prix\/","url":"https:\/\/vieassociative.be\/actualites\/ces-ecouteurs-antibruit-sony-sont-actuellement-a-moitie-prix\/","name":"Ces \u00e9couteurs antibruit Sony sont actuellement \u00e0 moiti\u00e9 prix | Vie Associative","isPartOf":{"@id":"https:\/\/vieassociative.be\/actualites\/#website"},"primaryImageOfPage":{"@id":"https:\/\/vieassociative.be\/actualites\/ces-ecouteurs-antibruit-sony-sont-actuellement-a-moitie-prix\/#primaryimage"},"image":{"@id":"https:\/\/vieassociative.be\/actualites\/ces-ecouteurs-antibruit-sony-sont-actuellement-a-moitie-prix\/#primaryimage"},"thumbnailUrl":"https:\/\/vieassociative.be\/actualites\/wp-content\/uploads\/2026\/04\/Ces-ecouteurs-antibruit-Sony-sont-actuellement-a-moitie-prix.png","datePublished":"2026-04-26T08:17:26+00:00","dateModified":"2026-04-26T08:17:26+00:00","breadcrumb":{"@id":"https:\/\/vieassociative.be\/actualites\/ces-ecouteurs-antibruit-sony-sont-actuellement-a-moitie-prix\/#breadcrumb"},"inLanguage":"fr-BE","potentialAction":[{"@type":"ReadAction","target":["https:\/\/vieassociative.be\/actualites\/ces-ecouteurs-antibruit-sony-sont-actuellement-a-moitie-prix\/"]}]},{"@type":"ImageObject","inLanguage":"fr-BE","@id":"https:\/\/vieassociative.be\/actualites\/ces-ecouteurs-antibruit-sony-sont-actuellement-a-moitie-prix\/#primaryimage","url":"https:\/\/vieassociative.be\/actualites\/wp-content\/uploads\/2026\/04\/Ces-ecouteurs-antibruit-Sony-sont-actuellement-a-moitie-prix.png","contentUrl":"https:\/\/vieassociative.be\/actualites\/wp-content\/uploads\/2026\/04\/Ces-ecouteurs-antibruit-Sony-sont-actuellement-a-moitie-prix.png","width":1200,"height":675,"caption":"Ces \u00e9couteurs antibruit Sony sont actuellement \u00e0 moiti\u00e9 prix"},{"@type":"BreadcrumbList","@id":"https:\/\/vieassociative.be\/actualites\/ces-ecouteurs-antibruit-sony-sont-actuellement-a-moitie-prix\/#breadcrumb","itemListElement":[{"@type":"ListItem","position":1,"name":"Accueil","item":"https:\/\/vieassociative.be\/actualites\/"},{"@type":"ListItem","position":2,"name":"Ces \u00e9couteurs antibruit Sony sont actuellement \u00e0 moiti\u00e9 prix"}]},{"@type":"WebSite","@id":"https:\/\/vieassociative.be\/actualites\/#website","url":"https:\/\/vieassociative.be\/actualites\/","name":"Vie Associative","description":"","publisher":{"@id":"https:\/\/vieassociative.be\/actualites\/#organization"},"potentialAction":[{"@type":"SearchAction","target":{"@type":"EntryPoint","urlTemplate":"https:\/\/vieassociative.be\/actualites\/?s={search_term_string}"},"query-input":{"@type":"PropertyValueSpecification","valueRequired":true,"valueName":"search_term_string"}}],"inLanguage":"fr-BE"},{"@type":"Organization","@id":"https:\/\/vieassociative.be\/actualites\/#organization","name":"Vie Associative","url":"https:\/\/vieassociative.be\/actualites\/","logo":{"@type":"ImageObject","inLanguage":"fr-BE","@id":"https:\/\/vieassociative.be\/actualites\/#\/schema\/logo\/image\/","url":"https:\/\/vieassociative.be\/actualites\/wp-content\/uploads\/2024\/09\/cropped-vieassociative_favicon.ico.png","contentUrl":"https:\/\/vieassociative.be\/actualites\/wp-content\/uploads\/2024\/09\/cropped-vieassociative_favicon.ico.png","width":512,"height":512,"caption":"Vie Associative"},"image":{"@id":"https:\/\/vieassociative.be\/actualites\/#\/schema\/logo\/image\/"}},{"@type":"Person","@id":"https:\/\/vieassociative.be\/actualites\/#\/schema\/person\/b87ac4f82f9d4e7b7cec7395b679edc4","name":"Julien","image":{"@type":"ImageObject","inLanguage":"fr-BE","@id":"https:\/\/vieassociative.be\/actualites\/#\/schema\/person\/image\/","url":"https:\/\/vieassociative.be\/actualites\/wp-content\/uploads\/2024\/09\/vie-associative-1-150x150.jpg","contentUrl":"https:\/\/vieassociative.be\/actualites\/wp-content\/uploads\/2024\/09\/vie-associative-1-150x150.jpg","caption":"Julien"},"description":"Je suis Julien, r\u00e9dacteur pour Vie Associative. Passionn\u00e9 par le monde associatif depuis plus de 10 ans, j'ai \u00e0 c\u0153ur de partager des histoires inspirantes et de mettre en lumi\u00e8re les initiatives locales. Mon objectif est de sensibiliser et d'encourager l'engagement communautaire \u00e0 travers mes articles.","sameAs":["https:\/\/vieassociative.be\/"]}]}},"_links":{"self":[{"href":"https:\/\/vieassociative.be\/actualites\/wp-json\/wp\/v2\/posts\/13585"}],"collection":[{"href":"https:\/\/vieassociative.be\/actualites\/wp-json\/wp\/v2\/posts"}],"about":[{"href":"https:\/\/vieassociative.be\/actualites\/wp-json\/wp\/v2\/types\/post"}],"author":[{"embeddable":true,"href":"https:\/\/vieassociative.be\/actualites\/wp-json\/wp\/v2\/users\/1"}],"replies":[{"embeddable":true,"href":"https:\/\/vieassociative.be\/actualites\/wp-json\/wp\/v2\/comments?post=13585"}],"version-history":[{"count":0,"href":"https:\/\/vieassociative.be\/actualites\/wp-json\/wp\/v2\/posts\/13585\/revisions"}],"wp:featuredmedia":[{"embeddable":true,"href":"https:\/\/vieassociative.be\/actualites\/wp-json\/wp\/v2\/media\/13586"}],"wp:attachment":[{"href":"https:\/\/vieassociative.be\/actualites\/wp-json\/wp\/v2\/media?parent=13585"}],"wp:term":[{"taxonomy":"category","embeddable":true,"href":"https:\/\/vieassociative.be\/actualites\/wp-json\/wp\/v2\/categories?post=13585"},{"taxonomy":"post_tag","embeddable":true,"href":"https:\/\/vieassociative.be\/actualites\/wp-json\/wp\/v2\/tags?post=13585"}],"curies":[{"name":"wp","href":"https:\/\/api.w.org\/{rel}","templated":true}]}}