{"id":13581,"date":"2026-04-25T23:17:29","date_gmt":"2026-04-25T21:17:29","guid":{"rendered":"https:\/\/vieassociative.be\/actualites\/entraineur-mersad-selimbegovic-seulement-mediocre-a-las-eupen-mais-vainqueur-en-serie-a-aix-la-chapelle\/"},"modified":"2026-04-25T23:17:29","modified_gmt":"2026-04-25T21:17:29","slug":"entraineur-mersad-selimbegovic-seulement-mediocre-a-las-eupen-mais-vainqueur-en-serie-a-aix-la-chapelle","status":"publish","type":"post","link":"https:\/\/vieassociative.be\/actualites\/entraineur-mersad-selimbegovic-seulement-mediocre-a-las-eupen-mais-vainqueur-en-serie-a-aix-la-chapelle\/","title":{"rendered":"Entra\u00eeneur Mersad Selimbegovic : Seulement m\u00e9diocre \u00e0 l&rsquo;AS Eupen, mais \u00ab vainqueur en s\u00e9rie \u00bb \u00e0 Aix-la-Chapelle"},"content":{"rendered":"<p><strong>Mersad Selimbegovic est l&rsquo;entra\u00eeneur-chef de l&rsquo;\u00e9quipe de football de troisi\u00e8me division Alemannia Aachen. La saison derni\u00e8re, le Bosniaque n&rsquo;\u00e9tait que m\u00e9diocre avec l&rsquo;AS Eupen en Challenger Pro League, il est d\u00e9sormais un entra\u00eeneur \u00e0 succ\u00e8s au Tivoli d&rsquo;Aix-la-Chapelle. L&rsquo;environnement dans son ensemble est \u00e9galement diff\u00e9rent : lors de la saison 2024\/2025, il y avait habituellement entre 1 500 et 2 000 spectateurs au stade Kehrweg, alors qu&rsquo;au Tivoli, il y en avait exactement 30 894 vendredi soir.<\/strong><\/p>\n<p><span id=\"more-438607\"><\/span>Vendredi, les Noirs et Jaunes ont remport\u00e9 leur huiti\u00e8me victoire en neuf matches en s&rsquo;imposant 3-1 contre le pr\u00e9tendant \u00e0 la promotion, le MSV Duisburg, dans un stade Tivoli \u00e0 guichets ferm\u00e9s. Aix-la-Chapelle est invaincue depuis neuf matches. Pour l&rsquo;Aachener Zeitung, Alemannia est d\u00e9sormais \u00ab le vainqueur en s\u00e9rie \u00bb.<\/p>\n<div id=\"attachment_438610\" class=\"wp-caption alignleft\" style=\"max-width: 200px\"><img fetchpriority=\"high\" decoding=\"async\" class=\"wp-image-438610 size-medium\" src=\"https:\/\/vieassociative.be\/actualites\/wp-content\/uploads\/2026\/04\/Entraineur-Mersad-Selimbegovic-Seulement-mediocre-a-lAS-Eupen-mais.jpg\" alt=\"\" width=\"200\" height=\"300\"><\/div>\n<p>Au classement, Aix-la-Chapelle occupe la 7e place \u00e0 quatre journ\u00e9es de la fin, \u00e0 6 points du troisi\u00e8me Energie Cottbus et \u00e0 7 points du deuxi\u00e8me Rot-Weiss Essen. Si la s\u00e9quence de victoires avait commenc\u00e9 un peu plus t\u00f4t, Alemannia serait d\u00e9sormais un candidat de choix pour une promotion. C\u2019est toujours le cas sur le plan purement arithm\u00e9tique, mais personne ne veut l\u2019affirmer officiellement.<\/p>\n<p>Apr\u00e8s tout, l\u2019\u00e9quipe d\u2019Aix-la-Chapelle \u00e9tait encore exactement le contraire au d\u00e9but de l\u2019ann\u00e9e, \u00e0 savoir candidate \u00e0 la rel\u00e9gation. Comment expliquer ce changement et dans quelle mesure est-ce l&rsquo;exploit de l&rsquo;entra\u00eeneur Selimbegovic, pour qui l&rsquo;AS Eupen n&rsquo;a \u00e9videmment pas pu offrir la saison derni\u00e8re les conditions-cadres pour jouer au sommet de la Challenger Pro League ? Sinon, les Belges de l&rsquo;Est auraient obtenu plus d&rsquo;une 10e place en Challenger Pro League.<\/p>\n<p>Selimbegovic a r\u00e9ussi \u00e0 mettre en \u0153uvre une id\u00e9e de jeu claire en tr\u00e8s peu de temps et \u00e0 donner \u00e0 l&rsquo;\u00e9quipe une nouvelle image de soi. Alors qu&rsquo;Alemannia semblait souvent instable et incoh\u00e9rente auparavant, l&rsquo;\u00e9quipe fait d\u00e9sormais preuve d&rsquo;un m\u00e9lange de discipline tactique, de pr\u00e9sence physique et de courage offensif.<\/p>\n<p>Une diff\u00e9rence cruciale \u00e0 l&rsquo;AS Eupen semble actuellement \u00eatre l&rsquo;environnement. A Aix-la-Chapelle, le Bosniaque trouve apparemment un cadre qui lui permet d&rsquo;avoir plus d&rsquo;influence sur les d\u00e9cisions sportives. De plus, la force \u00e9motionnelle du club traditionnel Alemannia Aachen, qui \u00e9tait encore une \u00e9quipe de Bundesliga il y a 20 ans, correspond parfaitement \u00e0 son id\u00e9e du football : intense, passionn\u00e9 et clairement ax\u00e9 sur l&rsquo;esprit d&rsquo;\u00e9quipe.<\/p>\n<div id=\"attachment_438611\" class=\"wp-caption alignleft\" style=\"max-width: 300px\"><img decoding=\"async\" class=\"wp-image-438611 size-medium\" src=\"https:\/\/vieassociative.be\/actualites\/wp-content\/uploads\/2026\/04\/1777151849_701_Entraineur-Mersad-Selimbegovic-Seulement-mediocre-a-lAS-Eupen-mais.jpg\" alt=\"\" width=\"300\" height=\"200\"><\/div>\n<p>Certaines choses se sont \u00e9galement stabilis\u00e9es en termes de personnel. Les joueurs cl\u00e9s sont en forme, il n\u2019y a eu aucune blessure r\u00e9cemment et de nouveaux ajouts ont pu s\u2019int\u00e9grer rapidement. L&rsquo;\u00e9quilibre entre la d\u00e9fense et l&rsquo;offensive semble s&rsquo;\u00eatre consid\u00e9rablement am\u00e9lior\u00e9, un facteur qui s&rsquo;est encore une fois manifest\u00e9 lors de la victoire contre le MSV Duisburg. Dans le m\u00eame temps, l\u2019\u00e9quipe semble avoir m\u00fbri mentalement : les revers sont mieux g\u00e9r\u00e9s et les matchs sont termin\u00e9s de mani\u00e8re plus coh\u00e9rente.<\/p>\n<p>L&rsquo;effet psychologique des s\u00e9ries \u00e0 succ\u00e8s actuelles ne doit pas \u00eatre sous-estim\u00e9. Avec chaque victoire, la confiance en soi grandit &#8211; et soudain, m\u00eame l&rsquo;\u00e9cart avec des \u00e9quipes comme Energie Cottbus ou Rot-Weiss Essen ne semble plus insurmontable. Alemannia se comporte d\u00e9sormais comme une \u00e9quipe de premier plan, quelle que soit sa position dans le classement.<\/p>\n<p>Selimbegovic a non seulement r\u00e9ussi \u00e0 donner des impulsions tactiques, mais surtout \u00e0 \u00e9lever mentalement une \u00e9quipe instable. Le fait que cela ait r\u00e9ussi \u00e0 Aix-la-Chapelle, alors qu&rsquo;il n&rsquo;a pas r\u00e9ussi \u00e0 Eupen, montre \u00e0 quel point l&rsquo;interaction entre l&rsquo;entra\u00eeneur, l&rsquo;\u00e9quipe et l&rsquo;environnement est cruciale. <\/p>\n<p>Si la forme actuelle persiste, Alemannia pourrait peut-\u00eatre \u00e0 nouveau intervenir s\u00e9rieusement dans la course \u00e0 la promotion &#8211; m\u00eame si le fardeau d&rsquo;une premi\u00e8re moiti\u00e9 de saison faible p\u00e8se lourdement. Et si ce n\u2019est pas cette fois, alors la saison prochaine. (cr\u00e9er)<\/p>\n","protected":false},"excerpt":{"rendered":"<p>Mersad Selimbegovic est l&rsquo;entra\u00eeneur-chef de l&rsquo;\u00e9quipe de football de troisi\u00e8me division Alemannia Aachen. La saison derni\u00e8re, le Bosniaque n&rsquo;\u00e9tait que m\u00e9diocre avec l&rsquo;AS Eupen en<\/p>\n","protected":false},"author":1,"featured_media":13582,"comment_status":"","ping_status":"","sticky":false,"template":"","format":"standard","meta":{"footnotes":""},"categories":[298],"tags":[3440,930,2329,2353,156,10560,9168,3395,606,2583,3641],"class_list":["post-13581","post","type-post","status-publish","format-standard","has-post-thumbnail","hentry","category-belgique","tag-aixlachapelle","tag-entraineur","tag-eupen","tag-las","tag-mais","tag-mediocre","tag-mersad","tag-selimbegovic","tag-serie","tag-seulement","tag-vainqueur","generate-columns","tablet-grid-50","mobile-grid-100","grid-parent","grid-33"],"yoast_head":"<!-- This site is optimized with the Yoast SEO plugin v24.0 - https:\/\/yoast.com\/wordpress\/plugins\/seo\/ -->\n<title>Entra\u00eeneur Mersad Selimbegovic : Seulement m\u00e9diocre \u00e0 l&#039;AS Eupen, mais \u00ab vainqueur en s\u00e9rie \u00bb \u00e0 Aix-la-Chapelle | Vie Associative<\/title>\n<meta name=\"robots\" content=\"index, follow, max-snippet:-1, max-image-preview:large, max-video-preview:-1\" \/>\n<link rel=\"canonical\" href=\"https:\/\/vieassociative.be\/actualites\/entraineur-mersad-selimbegovic-seulement-mediocre-a-las-eupen-mais-vainqueur-en-serie-a-aix-la-chapelle\/\" \/>\n<meta property=\"og:locale\" content=\"fr_FR\" \/>\n<meta property=\"og:type\" content=\"article\" \/>\n<meta property=\"og:title\" content=\"Entra\u00eeneur Mersad Selimbegovic : Seulement m\u00e9diocre \u00e0 l&#039;AS Eupen, mais \u00ab vainqueur en s\u00e9rie \u00bb \u00e0 Aix-la-Chapelle | Vie Associative\" \/>\n<meta property=\"og:description\" content=\"Mersad Selimbegovic est l&rsquo;entra\u00eeneur-chef de l&rsquo;\u00e9quipe de football de troisi\u00e8me division Alemannia Aachen. La saison derni\u00e8re, le Bosniaque n&rsquo;\u00e9tait que m\u00e9diocre avec l&rsquo;AS Eupen en\" \/>\n<meta property=\"og:url\" content=\"https:\/\/vieassociative.be\/actualites\/entraineur-mersad-selimbegovic-seulement-mediocre-a-las-eupen-mais-vainqueur-en-serie-a-aix-la-chapelle\/\" \/>\n<meta property=\"og:site_name\" content=\"Vie Associative\" \/>\n<meta property=\"article:published_time\" content=\"2026-04-25T21:17:29+00:00\" \/>\n<meta property=\"og:image\" content=\"https:\/\/vieassociative.be\/actualites\/wp-content\/uploads\/2024\/09\/header_backgroundk-01-e1726694325946.png\" \/>\n\t<meta property=\"og:image:width\" content=\"279\" \/>\n\t<meta property=\"og:image:height\" content=\"92\" \/>\n\t<meta property=\"og:image:type\" content=\"image\/png\" \/>\n<meta name=\"author\" content=\"Julien\" \/>\n<meta name=\"twitter:card\" content=\"summary_large_image\" \/>\n<meta name=\"twitter:label1\" content=\"\u00c9crit par\" \/>\n\t<meta name=\"twitter:data1\" content=\"Julien\" \/>\n\t<meta name=\"twitter:label2\" content=\"Dur\u00e9e de lecture est.\" \/>\n\t<meta name=\"twitter:data2\" content=\"3 minutes\" \/>\n<script type=\"application\/ld+json\" class=\"yoast-schema-graph\">{\"@context\":\"https:\/\/schema.org\",\"@graph\":[{\"@type\":\"Article\",\"@id\":\"https:\/\/vieassociative.be\/actualites\/entraineur-mersad-selimbegovic-seulement-mediocre-a-las-eupen-mais-vainqueur-en-serie-a-aix-la-chapelle\/#article\",\"isPartOf\":{\"@id\":\"https:\/\/vieassociative.be\/actualites\/entraineur-mersad-selimbegovic-seulement-mediocre-a-las-eupen-mais-vainqueur-en-serie-a-aix-la-chapelle\/\"},\"author\":{\"name\":\"Julien\",\"@id\":\"https:\/\/vieassociative.be\/actualites\/#\/schema\/person\/b87ac4f82f9d4e7b7cec7395b679edc4\"},\"headline\":\"Entra\u00eeneur Mersad Selimbegovic : Seulement m\u00e9diocre \u00e0 l&rsquo;AS Eupen, mais \u00ab vainqueur en s\u00e9rie \u00bb \u00e0 Aix-la-Chapelle\",\"datePublished\":\"2026-04-25T21:17:29+00:00\",\"dateModified\":\"2026-04-25T21:17:29+00:00\",\"mainEntityOfPage\":{\"@id\":\"https:\/\/vieassociative.be\/actualites\/entraineur-mersad-selimbegovic-seulement-mediocre-a-las-eupen-mais-vainqueur-en-serie-a-aix-la-chapelle\/\"},\"wordCount\":694,\"publisher\":{\"@id\":\"https:\/\/vieassociative.be\/actualites\/#organization\"},\"image\":{\"@id\":\"https:\/\/vieassociative.be\/actualites\/entraineur-mersad-selimbegovic-seulement-mediocre-a-las-eupen-mais-vainqueur-en-serie-a-aix-la-chapelle\/#primaryimage\"},\"thumbnailUrl\":\"https:\/\/vieassociative.be\/actualites\/wp-content\/uploads\/2026\/04\/1777151850_Entraineur-Mersad-Selimbegovic-Seulement-mediocre-a-lAS-Eupen-mais.jpg\",\"keywords\":[\"AixlaChapelle\",\"entra\u00eeneur\",\"Eupen\",\"lAS\",\"mais\",\"m\u00e9diocre\",\"Mersad\",\"Selimbegovic\",\"s\u00e9rie\",\"seulement\",\"vainqueur\"],\"articleSection\":[\"Belgique\"],\"inLanguage\":\"fr-BE\"},{\"@type\":\"WebPage\",\"@id\":\"https:\/\/vieassociative.be\/actualites\/entraineur-mersad-selimbegovic-seulement-mediocre-a-las-eupen-mais-vainqueur-en-serie-a-aix-la-chapelle\/\",\"url\":\"https:\/\/vieassociative.be\/actualites\/entraineur-mersad-selimbegovic-seulement-mediocre-a-las-eupen-mais-vainqueur-en-serie-a-aix-la-chapelle\/\",\"name\":\"Entra\u00eeneur Mersad Selimbegovic : Seulement m\u00e9diocre \u00e0 l'AS Eupen, mais \u00ab vainqueur en s\u00e9rie \u00bb \u00e0 Aix-la-Chapelle | Vie Associative\",\"isPartOf\":{\"@id\":\"https:\/\/vieassociative.be\/actualites\/#website\"},\"primaryImageOfPage\":{\"@id\":\"https:\/\/vieassociative.be\/actualites\/entraineur-mersad-selimbegovic-seulement-mediocre-a-las-eupen-mais-vainqueur-en-serie-a-aix-la-chapelle\/#primaryimage\"},\"image\":{\"@id\":\"https:\/\/vieassociative.be\/actualites\/entraineur-mersad-selimbegovic-seulement-mediocre-a-las-eupen-mais-vainqueur-en-serie-a-aix-la-chapelle\/#primaryimage\"},\"thumbnailUrl\":\"https:\/\/vieassociative.be\/actualites\/wp-content\/uploads\/2026\/04\/1777151850_Entraineur-Mersad-Selimbegovic-Seulement-mediocre-a-lAS-Eupen-mais.jpg\",\"datePublished\":\"2026-04-25T21:17:29+00:00\",\"dateModified\":\"2026-04-25T21:17:29+00:00\",\"breadcrumb\":{\"@id\":\"https:\/\/vieassociative.be\/actualites\/entraineur-mersad-selimbegovic-seulement-mediocre-a-las-eupen-mais-vainqueur-en-serie-a-aix-la-chapelle\/#breadcrumb\"},\"inLanguage\":\"fr-BE\",\"potentialAction\":[{\"@type\":\"ReadAction\",\"target\":[\"https:\/\/vieassociative.be\/actualites\/entraineur-mersad-selimbegovic-seulement-mediocre-a-las-eupen-mais-vainqueur-en-serie-a-aix-la-chapelle\/\"]}]},{\"@type\":\"ImageObject\",\"inLanguage\":\"fr-BE\",\"@id\":\"https:\/\/vieassociative.be\/actualites\/entraineur-mersad-selimbegovic-seulement-mediocre-a-las-eupen-mais-vainqueur-en-serie-a-aix-la-chapelle\/#primaryimage\",\"url\":\"https:\/\/vieassociative.be\/actualites\/wp-content\/uploads\/2026\/04\/1777151850_Entraineur-Mersad-Selimbegovic-Seulement-mediocre-a-lAS-Eupen-mais.jpg\",\"contentUrl\":\"https:\/\/vieassociative.be\/actualites\/wp-content\/uploads\/2026\/04\/1777151850_Entraineur-Mersad-Selimbegovic-Seulement-mediocre-a-lAS-Eupen-mais.jpg\",\"width\":1200,\"height\":801,\"caption\":\"Entra\u00eeneur Mersad Selimbegovic : Seulement m\u00e9diocre \u00e0 l'AS Eupen, mais \u00ab vainqueur en s\u00e9rie \u00bb \u00e0 Aix-la-Chapelle\"},{\"@type\":\"BreadcrumbList\",\"@id\":\"https:\/\/vieassociative.be\/actualites\/entraineur-mersad-selimbegovic-seulement-mediocre-a-las-eupen-mais-vainqueur-en-serie-a-aix-la-chapelle\/#breadcrumb\",\"itemListElement\":[{\"@type\":\"ListItem\",\"position\":1,\"name\":\"Accueil\",\"item\":\"https:\/\/vieassociative.be\/actualites\/\"},{\"@type\":\"ListItem\",\"position\":2,\"name\":\"Entra\u00eeneur Mersad Selimbegovic : Seulement m\u00e9diocre \u00e0 l&rsquo;AS Eupen, mais \u00ab vainqueur en s\u00e9rie \u00bb \u00e0 Aix-la-Chapelle\"}]},{\"@type\":\"WebSite\",\"@id\":\"https:\/\/vieassociative.be\/actualites\/#website\",\"url\":\"https:\/\/vieassociative.be\/actualites\/\",\"name\":\"Vie Associative\",\"description\":\"\",\"publisher\":{\"@id\":\"https:\/\/vieassociative.be\/actualites\/#organization\"},\"potentialAction\":[{\"@type\":\"SearchAction\",\"target\":{\"@type\":\"EntryPoint\",\"urlTemplate\":\"https:\/\/vieassociative.be\/actualites\/?s={search_term_string}\"},\"query-input\":{\"@type\":\"PropertyValueSpecification\",\"valueRequired\":true,\"valueName\":\"search_term_string\"}}],\"inLanguage\":\"fr-BE\"},{\"@type\":\"Organization\",\"@id\":\"https:\/\/vieassociative.be\/actualites\/#organization\",\"name\":\"Vie Associative\",\"url\":\"https:\/\/vieassociative.be\/actualites\/\",\"logo\":{\"@type\":\"ImageObject\",\"inLanguage\":\"fr-BE\",\"@id\":\"https:\/\/vieassociative.be\/actualites\/#\/schema\/logo\/image\/\",\"url\":\"https:\/\/vieassociative.be\/actualites\/wp-content\/uploads\/2024\/09\/cropped-vieassociative_favicon.ico.png\",\"contentUrl\":\"https:\/\/vieassociative.be\/actualites\/wp-content\/uploads\/2024\/09\/cropped-vieassociative_favicon.ico.png\",\"width\":512,\"height\":512,\"caption\":\"Vie Associative\"},\"image\":{\"@id\":\"https:\/\/vieassociative.be\/actualites\/#\/schema\/logo\/image\/\"}},{\"@type\":\"Person\",\"@id\":\"https:\/\/vieassociative.be\/actualites\/#\/schema\/person\/b87ac4f82f9d4e7b7cec7395b679edc4\",\"name\":\"Julien\",\"image\":{\"@type\":\"ImageObject\",\"inLanguage\":\"fr-BE\",\"@id\":\"https:\/\/vieassociative.be\/actualites\/#\/schema\/person\/image\/\",\"url\":\"https:\/\/vieassociative.be\/actualites\/wp-content\/uploads\/2024\/09\/vie-associative-1-150x150.jpg\",\"contentUrl\":\"https:\/\/vieassociative.be\/actualites\/wp-content\/uploads\/2024\/09\/vie-associative-1-150x150.jpg\",\"caption\":\"Julien\"},\"description\":\"Je suis Julien, r\u00e9dacteur pour Vie Associative. Passionn\u00e9 par le monde associatif depuis plus de 10 ans, j'ai \u00e0 c\u0153ur de partager des histoires inspirantes et de mettre en lumi\u00e8re les initiatives locales. Mon objectif est de sensibiliser et d'encourager l'engagement communautaire \u00e0 travers mes articles.\",\"sameAs\":[\"https:\/\/vieassociative.be\/\"]}]}<\/script>\n<!-- \/ Yoast SEO plugin. -->","yoast_head_json":{"title":"Entra\u00eeneur Mersad Selimbegovic : Seulement m\u00e9diocre \u00e0 l'AS Eupen, mais \u00ab vainqueur en s\u00e9rie \u00bb \u00e0 Aix-la-Chapelle | Vie Associative","robots":{"index":"index","follow":"follow","max-snippet":"max-snippet:-1","max-image-preview":"max-image-preview:large","max-video-preview":"max-video-preview:-1"},"canonical":"https:\/\/vieassociative.be\/actualites\/entraineur-mersad-selimbegovic-seulement-mediocre-a-las-eupen-mais-vainqueur-en-serie-a-aix-la-chapelle\/","og_locale":"fr_FR","og_type":"article","og_title":"Entra\u00eeneur Mersad Selimbegovic : Seulement m\u00e9diocre \u00e0 l'AS Eupen, mais \u00ab vainqueur en s\u00e9rie \u00bb \u00e0 Aix-la-Chapelle | Vie Associative","og_description":"Mersad Selimbegovic est l&rsquo;entra\u00eeneur-chef de l&rsquo;\u00e9quipe de football de troisi\u00e8me division Alemannia Aachen. La saison derni\u00e8re, le Bosniaque n&rsquo;\u00e9tait que m\u00e9diocre avec l&rsquo;AS Eupen en","og_url":"https:\/\/vieassociative.be\/actualites\/entraineur-mersad-selimbegovic-seulement-mediocre-a-las-eupen-mais-vainqueur-en-serie-a-aix-la-chapelle\/","og_site_name":"Vie Associative","article_published_time":"2026-04-25T21:17:29+00:00","og_image":[{"width":279,"height":92,"url":"https:\/\/vieassociative.be\/actualites\/wp-content\/uploads\/2024\/09\/header_backgroundk-01-e1726694325946.png","type":"image\/png"}],"author":"Julien","twitter_card":"summary_large_image","twitter_misc":{"\u00c9crit par":"Julien","Dur\u00e9e de lecture est.":"3 minutes"},"schema":{"@context":"https:\/\/schema.org","@graph":[{"@type":"Article","@id":"https:\/\/vieassociative.be\/actualites\/entraineur-mersad-selimbegovic-seulement-mediocre-a-las-eupen-mais-vainqueur-en-serie-a-aix-la-chapelle\/#article","isPartOf":{"@id":"https:\/\/vieassociative.be\/actualites\/entraineur-mersad-selimbegovic-seulement-mediocre-a-las-eupen-mais-vainqueur-en-serie-a-aix-la-chapelle\/"},"author":{"name":"Julien","@id":"https:\/\/vieassociative.be\/actualites\/#\/schema\/person\/b87ac4f82f9d4e7b7cec7395b679edc4"},"headline":"Entra\u00eeneur Mersad Selimbegovic : Seulement m\u00e9diocre \u00e0 l&rsquo;AS Eupen, mais \u00ab vainqueur en s\u00e9rie \u00bb \u00e0 Aix-la-Chapelle","datePublished":"2026-04-25T21:17:29+00:00","dateModified":"2026-04-25T21:17:29+00:00","mainEntityOfPage":{"@id":"https:\/\/vieassociative.be\/actualites\/entraineur-mersad-selimbegovic-seulement-mediocre-a-las-eupen-mais-vainqueur-en-serie-a-aix-la-chapelle\/"},"wordCount":694,"publisher":{"@id":"https:\/\/vieassociative.be\/actualites\/#organization"},"image":{"@id":"https:\/\/vieassociative.be\/actualites\/entraineur-mersad-selimbegovic-seulement-mediocre-a-las-eupen-mais-vainqueur-en-serie-a-aix-la-chapelle\/#primaryimage"},"thumbnailUrl":"https:\/\/vieassociative.be\/actualites\/wp-content\/uploads\/2026\/04\/1777151850_Entraineur-Mersad-Selimbegovic-Seulement-mediocre-a-lAS-Eupen-mais.jpg","keywords":["AixlaChapelle","entra\u00eeneur","Eupen","lAS","mais","m\u00e9diocre","Mersad","Selimbegovic","s\u00e9rie","seulement","vainqueur"],"articleSection":["Belgique"],"inLanguage":"fr-BE"},{"@type":"WebPage","@id":"https:\/\/vieassociative.be\/actualites\/entraineur-mersad-selimbegovic-seulement-mediocre-a-las-eupen-mais-vainqueur-en-serie-a-aix-la-chapelle\/","url":"https:\/\/vieassociative.be\/actualites\/entraineur-mersad-selimbegovic-seulement-mediocre-a-las-eupen-mais-vainqueur-en-serie-a-aix-la-chapelle\/","name":"Entra\u00eeneur Mersad Selimbegovic : Seulement m\u00e9diocre \u00e0 l'AS Eupen, mais \u00ab vainqueur en s\u00e9rie \u00bb \u00e0 Aix-la-Chapelle | Vie Associative","isPartOf":{"@id":"https:\/\/vieassociative.be\/actualites\/#website"},"primaryImageOfPage":{"@id":"https:\/\/vieassociative.be\/actualites\/entraineur-mersad-selimbegovic-seulement-mediocre-a-las-eupen-mais-vainqueur-en-serie-a-aix-la-chapelle\/#primaryimage"},"image":{"@id":"https:\/\/vieassociative.be\/actualites\/entraineur-mersad-selimbegovic-seulement-mediocre-a-las-eupen-mais-vainqueur-en-serie-a-aix-la-chapelle\/#primaryimage"},"thumbnailUrl":"https:\/\/vieassociative.be\/actualites\/wp-content\/uploads\/2026\/04\/1777151850_Entraineur-Mersad-Selimbegovic-Seulement-mediocre-a-lAS-Eupen-mais.jpg","datePublished":"2026-04-25T21:17:29+00:00","dateModified":"2026-04-25T21:17:29+00:00","breadcrumb":{"@id":"https:\/\/vieassociative.be\/actualites\/entraineur-mersad-selimbegovic-seulement-mediocre-a-las-eupen-mais-vainqueur-en-serie-a-aix-la-chapelle\/#breadcrumb"},"inLanguage":"fr-BE","potentialAction":[{"@type":"ReadAction","target":["https:\/\/vieassociative.be\/actualites\/entraineur-mersad-selimbegovic-seulement-mediocre-a-las-eupen-mais-vainqueur-en-serie-a-aix-la-chapelle\/"]}]},{"@type":"ImageObject","inLanguage":"fr-BE","@id":"https:\/\/vieassociative.be\/actualites\/entraineur-mersad-selimbegovic-seulement-mediocre-a-las-eupen-mais-vainqueur-en-serie-a-aix-la-chapelle\/#primaryimage","url":"https:\/\/vieassociative.be\/actualites\/wp-content\/uploads\/2026\/04\/1777151850_Entraineur-Mersad-Selimbegovic-Seulement-mediocre-a-lAS-Eupen-mais.jpg","contentUrl":"https:\/\/vieassociative.be\/actualites\/wp-content\/uploads\/2026\/04\/1777151850_Entraineur-Mersad-Selimbegovic-Seulement-mediocre-a-lAS-Eupen-mais.jpg","width":1200,"height":801,"caption":"Entra\u00eeneur Mersad Selimbegovic : Seulement m\u00e9diocre \u00e0 l'AS Eupen, mais \u00ab vainqueur en s\u00e9rie \u00bb \u00e0 Aix-la-Chapelle"},{"@type":"BreadcrumbList","@id":"https:\/\/vieassociative.be\/actualites\/entraineur-mersad-selimbegovic-seulement-mediocre-a-las-eupen-mais-vainqueur-en-serie-a-aix-la-chapelle\/#breadcrumb","itemListElement":[{"@type":"ListItem","position":1,"name":"Accueil","item":"https:\/\/vieassociative.be\/actualites\/"},{"@type":"ListItem","position":2,"name":"Entra\u00eeneur Mersad Selimbegovic : Seulement m\u00e9diocre \u00e0 l&rsquo;AS Eupen, mais \u00ab vainqueur en s\u00e9rie \u00bb \u00e0 Aix-la-Chapelle"}]},{"@type":"WebSite","@id":"https:\/\/vieassociative.be\/actualites\/#website","url":"https:\/\/vieassociative.be\/actualites\/","name":"Vie Associative","description":"","publisher":{"@id":"https:\/\/vieassociative.be\/actualites\/#organization"},"potentialAction":[{"@type":"SearchAction","target":{"@type":"EntryPoint","urlTemplate":"https:\/\/vieassociative.be\/actualites\/?s={search_term_string}"},"query-input":{"@type":"PropertyValueSpecification","valueRequired":true,"valueName":"search_term_string"}}],"inLanguage":"fr-BE"},{"@type":"Organization","@id":"https:\/\/vieassociative.be\/actualites\/#organization","name":"Vie Associative","url":"https:\/\/vieassociative.be\/actualites\/","logo":{"@type":"ImageObject","inLanguage":"fr-BE","@id":"https:\/\/vieassociative.be\/actualites\/#\/schema\/logo\/image\/","url":"https:\/\/vieassociative.be\/actualites\/wp-content\/uploads\/2024\/09\/cropped-vieassociative_favicon.ico.png","contentUrl":"https:\/\/vieassociative.be\/actualites\/wp-content\/uploads\/2024\/09\/cropped-vieassociative_favicon.ico.png","width":512,"height":512,"caption":"Vie Associative"},"image":{"@id":"https:\/\/vieassociative.be\/actualites\/#\/schema\/logo\/image\/"}},{"@type":"Person","@id":"https:\/\/vieassociative.be\/actualites\/#\/schema\/person\/b87ac4f82f9d4e7b7cec7395b679edc4","name":"Julien","image":{"@type":"ImageObject","inLanguage":"fr-BE","@id":"https:\/\/vieassociative.be\/actualites\/#\/schema\/person\/image\/","url":"https:\/\/vieassociative.be\/actualites\/wp-content\/uploads\/2024\/09\/vie-associative-1-150x150.jpg","contentUrl":"https:\/\/vieassociative.be\/actualites\/wp-content\/uploads\/2024\/09\/vie-associative-1-150x150.jpg","caption":"Julien"},"description":"Je suis Julien, r\u00e9dacteur pour Vie Associative. Passionn\u00e9 par le monde associatif depuis plus de 10 ans, j'ai \u00e0 c\u0153ur de partager des histoires inspirantes et de mettre en lumi\u00e8re les initiatives locales. Mon objectif est de sensibiliser et d'encourager l'engagement communautaire \u00e0 travers mes articles.","sameAs":["https:\/\/vieassociative.be\/"]}]}},"_links":{"self":[{"href":"https:\/\/vieassociative.be\/actualites\/wp-json\/wp\/v2\/posts\/13581"}],"collection":[{"href":"https:\/\/vieassociative.be\/actualites\/wp-json\/wp\/v2\/posts"}],"about":[{"href":"https:\/\/vieassociative.be\/actualites\/wp-json\/wp\/v2\/types\/post"}],"author":[{"embeddable":true,"href":"https:\/\/vieassociative.be\/actualites\/wp-json\/wp\/v2\/users\/1"}],"replies":[{"embeddable":true,"href":"https:\/\/vieassociative.be\/actualites\/wp-json\/wp\/v2\/comments?post=13581"}],"version-history":[{"count":0,"href":"https:\/\/vieassociative.be\/actualites\/wp-json\/wp\/v2\/posts\/13581\/revisions"}],"wp:featuredmedia":[{"embeddable":true,"href":"https:\/\/vieassociative.be\/actualites\/wp-json\/wp\/v2\/media\/13582"}],"wp:attachment":[{"href":"https:\/\/vieassociative.be\/actualites\/wp-json\/wp\/v2\/media?parent=13581"}],"wp:term":[{"taxonomy":"category","embeddable":true,"href":"https:\/\/vieassociative.be\/actualites\/wp-json\/wp\/v2\/categories?post=13581"},{"taxonomy":"post_tag","embeddable":true,"href":"https:\/\/vieassociative.be\/actualites\/wp-json\/wp\/v2\/tags?post=13581"}],"curies":[{"name":"wp","href":"https:\/\/api.w.org\/{rel}","templated":true}]}}