{"id":13579,"date":"2026-04-25T22:17:59","date_gmt":"2026-04-25T20:17:59","guid":{"rendered":"https:\/\/vieassociative.be\/actualites\/x-a-desormais-sa-propre-application-de-chat\/"},"modified":"2026-04-25T22:17:59","modified_gmt":"2026-04-25T20:17:59","slug":"x-a-desormais-sa-propre-application-de-chat","status":"publish","type":"post","link":"https:\/\/vieassociative.be\/actualites\/x-a-desormais-sa-propre-application-de-chat\/","title":{"rendered":"X a d\u00e9sormais sa propre application de chat"},"content":{"rendered":"<p>Vendredi apr\u00e8s-midi, X a officiellement lanc\u00e9 XChat, l&rsquo;application de chat exclusive de l&rsquo;entreprise. Contrairement \u00e0 d&rsquo;autres options d&rsquo;applications de chat, comme WhatsApp, Telegram ou Signal, vous avez besoin d&rsquo;un compte X pour utiliser XChat, ce qui limite la base d&rsquo;utilisateurs \u00e0 une plate-forme de m\u00e9dias sociaux sp\u00e9cifique. Les utilisateurs X ayant un cercle social suffisamment large sur la plate-forme peuvent trouver cette nouvelle application utile, mais XChat pr\u00e9sente certaines contradictions en mati\u00e8re de s\u00e9curit\u00e9 dont tous les nouveaux utilisateurs devraient \u00eatre conscients.  <\/p>\n<h2 id=\"xchat-is-a-standard-chat-app-for-x-users\">XChat est une application de chat standard pour les utilisateurs X<\/h2>\n<p>La plus grande particularit\u00e9 de XChat, en plus d&rsquo;\u00eatre un lieu de communication permettant aux utilisateurs X, est qu&rsquo;il est crypt\u00e9 de bout en bout. Comme l&rsquo;application vous le rappelle lors de la configuration, ce cryptage signifie que personne, y compris X, n&rsquo;a aucun moyen de lire le contenu de vos messages. Seuls l&rsquo;exp\u00e9diteur et le destinataire (ou les destinataires) d&rsquo;un message crypt\u00e9 ont la possibilit\u00e9 de l&rsquo;ouvrir et de le lire. En fait, XChat vous demande de configurer un mot de passe avant de passer \u00e0 l&rsquo;application elle-m\u00eame. <\/p>\n<p>Une fois l&rsquo;application d\u00e9marr\u00e9e, vous trouverez tous vos X DM dispos\u00e9s de la m\u00eame mani\u00e8re que vous attendez de n&rsquo;importe quelle application de chat standard. Cependant, il ne semble pas que le cryptage s&rsquo;applique aux discussions pr\u00e9c\u00e9dentes\u00a0: une fois que vous envoyez un nouveau message, vous voyez une alerte indiquant \u00ab\u00a0Cette conversation est d\u00e9sormais crypt\u00e9e de bout en bout\u00a0\u00bb. Comme d&rsquo;autres applications de chat, vous pouvez envoyer des enregistrements audio, des GIF, des fichiers, des photos ou prendre de nouvelles photos avec l&rsquo;appareil photo. En cliquant sur la photo de profil du destinataire, vous pouvez voir son profil et ses m\u00e9dias partag\u00e9s, ainsi que personnaliser un peu le chat. Vous pouvez d\u00e9finir un surnom, bloquer les captures d&rsquo;\u00e9cran ou activer la disparition des messages afin que les discussions disparaissent apr\u00e8s une p\u00e9riode de temps d\u00e9finie.<\/p>\n<p>Il existe \u00e9galement un niveau de personnalisation d\u00e9cent disponible au niveau de l&rsquo;application. Il existe les th\u00e8mes clairs et sombres standard, mais vous pouvez \u00e9galement choisir si le balayage gauche sur un message \u00ab l&rsquo;aime \u00bb ou r\u00e9v\u00e8le des informations, telles que la date \u00e0 laquelle le message a \u00e9t\u00e9 envoy\u00e9, s&rsquo;il a \u00e9t\u00e9 crypt\u00e9 ou quand le destinataire l&rsquo;a vu. Vous pouvez \u00e9galement choisir parmi l\u2019une des huit ic\u00f4nes d\u2019application de chat diff\u00e9rentes, ce que j\u2019appr\u00e9cie toujours.    <\/p>\n<h2 id=\"xchat-isnt-as-private-as-it-seems\">XChat n&rsquo;est pas aussi priv\u00e9 qu&rsquo;il y para\u00eet<\/h2>\n<p>Je suis tout \u00e0 fait favorable \u00e0 l&rsquo;ajout d&rsquo;un cryptage de bout en bout aux X DM, il se passe donc de bonnes choses ici. Mais il est un peu inqui\u00e9tant qu&rsquo;une application de messagerie se pr\u00e9sentant comme une exp\u00e9rience priv\u00e9e sans \u00ab suivi \u00bb r\u00e9cup\u00e8re en r\u00e9alit\u00e9 un certain nombre de points de donn\u00e9es et les relie \u00e0 votre identit\u00e9. La page de confidentialit\u00e9 de l&rsquo;application XChat montre que l&rsquo;application se r\u00e9serve le droit de prendre vos informations de contact, vos contacts, vos identifiants, les diagnostics de l&rsquo;appareil et vos donn\u00e9es d&rsquo;utilisation, et vous relie directement ces informations. <\/p>\n<p>Il s&rsquo;agit d&rsquo;une grande am\u00e9lioration par rapport \u00e0 ce que l&rsquo;application proposait lors de sa premi\u00e8re annonce, qui incluait des \u00e9l\u00e9ments tels que la localisation, l&rsquo;historique de recherche et le contenu de l&rsquo;utilisateur. Peut-\u00eatre que X les a ajust\u00e9s apr\u00e8s avoir fait face \u00e0 un refoulement, mais cela me d\u00e9range qu&rsquo;une application de chat \u00ab\u00a0priv\u00e9e\u00a0\u00bb prenne toujours autant de donn\u00e9es. Si tout ce qui vous int\u00e9resse est le cryptage de bout en bout, vous pouvez \u00eatre assur\u00e9 que X ne lit pas vos messages.   <\/p>\n","protected":false},"excerpt":{"rendered":"<p>Vendredi apr\u00e8s-midi, X a officiellement lanc\u00e9 XChat, l&rsquo;application de chat exclusive de l&rsquo;entreprise. Contrairement \u00e0 d&rsquo;autres options d&rsquo;applications de chat, comme WhatsApp, Telegram ou Signal,<\/p>\n","protected":false},"author":1,"featured_media":13580,"comment_status":"","ping_status":"","sticky":false,"template":"","format":"standard","meta":{"footnotes":""},"categories":[10239],"tags":[1277,1298,6,2292],"class_list":["post-13579","post","type-post","status-publish","format-standard","has-post-thumbnail","hentry","category-mobile-apps","tag-application","tag-chat","tag-desormais","tag-propre","generate-columns","tablet-grid-50","mobile-grid-100","grid-parent","grid-33"],"yoast_head":"<!-- This site is optimized with the Yoast SEO plugin v24.0 - https:\/\/yoast.com\/wordpress\/plugins\/seo\/ -->\n<title>X a d\u00e9sormais sa propre application de chat | Vie Associative<\/title>\n<meta name=\"robots\" content=\"index, follow, max-snippet:-1, max-image-preview:large, max-video-preview:-1\" \/>\n<link rel=\"canonical\" href=\"https:\/\/vieassociative.be\/actualites\/x-a-desormais-sa-propre-application-de-chat\/\" \/>\n<meta property=\"og:locale\" content=\"fr_FR\" \/>\n<meta property=\"og:type\" content=\"article\" \/>\n<meta property=\"og:title\" content=\"X a d\u00e9sormais sa propre application de chat | Vie Associative\" \/>\n<meta property=\"og:description\" content=\"Vendredi apr\u00e8s-midi, X a officiellement lanc\u00e9 XChat, l&rsquo;application de chat exclusive de l&rsquo;entreprise. Contrairement \u00e0 d&rsquo;autres options d&rsquo;applications de chat, comme WhatsApp, Telegram ou Signal,\" \/>\n<meta property=\"og:url\" content=\"https:\/\/vieassociative.be\/actualites\/x-a-desormais-sa-propre-application-de-chat\/\" \/>\n<meta property=\"og:site_name\" content=\"Vie Associative\" \/>\n<meta property=\"article:published_time\" content=\"2026-04-25T20:17:59+00:00\" \/>\n<meta property=\"og:image\" content=\"https:\/\/vieassociative.be\/actualites\/wp-content\/uploads\/2024\/09\/header_backgroundk-01-e1726694325946.png\" \/>\n\t<meta property=\"og:image:width\" content=\"279\" \/>\n\t<meta property=\"og:image:height\" content=\"92\" \/>\n\t<meta property=\"og:image:type\" content=\"image\/png\" \/>\n<meta name=\"author\" content=\"Julien\" \/>\n<meta name=\"twitter:card\" content=\"summary_large_image\" \/>\n<meta name=\"twitter:label1\" content=\"\u00c9crit par\" \/>\n\t<meta name=\"twitter:data1\" content=\"Julien\" \/>\n\t<meta name=\"twitter:label2\" content=\"Dur\u00e9e de lecture est.\" \/>\n\t<meta name=\"twitter:data2\" content=\"3 minutes\" \/>\n<script type=\"application\/ld+json\" class=\"yoast-schema-graph\">{\"@context\":\"https:\/\/schema.org\",\"@graph\":[{\"@type\":\"Article\",\"@id\":\"https:\/\/vieassociative.be\/actualites\/x-a-desormais-sa-propre-application-de-chat\/#article\",\"isPartOf\":{\"@id\":\"https:\/\/vieassociative.be\/actualites\/x-a-desormais-sa-propre-application-de-chat\/\"},\"author\":{\"name\":\"Julien\",\"@id\":\"https:\/\/vieassociative.be\/actualites\/#\/schema\/person\/b87ac4f82f9d4e7b7cec7395b679edc4\"},\"headline\":\"X a d\u00e9sormais sa propre application de chat\",\"datePublished\":\"2026-04-25T20:17:59+00:00\",\"dateModified\":\"2026-04-25T20:17:59+00:00\",\"mainEntityOfPage\":{\"@id\":\"https:\/\/vieassociative.be\/actualites\/x-a-desormais-sa-propre-application-de-chat\/\"},\"wordCount\":675,\"publisher\":{\"@id\":\"https:\/\/vieassociative.be\/actualites\/#organization\"},\"image\":{\"@id\":\"https:\/\/vieassociative.be\/actualites\/x-a-desormais-sa-propre-application-de-chat\/#primaryimage\"},\"thumbnailUrl\":\"https:\/\/vieassociative.be\/actualites\/wp-content\/uploads\/2026\/04\/X-a-desormais-sa-propre-application-de-chat.jpg\",\"keywords\":[\"application\",\"chat\",\"d\u00e9sormais\",\"propre\"],\"articleSection\":[\"Mobile Apps\"],\"inLanguage\":\"fr-BE\"},{\"@type\":\"WebPage\",\"@id\":\"https:\/\/vieassociative.be\/actualites\/x-a-desormais-sa-propre-application-de-chat\/\",\"url\":\"https:\/\/vieassociative.be\/actualites\/x-a-desormais-sa-propre-application-de-chat\/\",\"name\":\"X a d\u00e9sormais sa propre application de chat | Vie Associative\",\"isPartOf\":{\"@id\":\"https:\/\/vieassociative.be\/actualites\/#website\"},\"primaryImageOfPage\":{\"@id\":\"https:\/\/vieassociative.be\/actualites\/x-a-desormais-sa-propre-application-de-chat\/#primaryimage\"},\"image\":{\"@id\":\"https:\/\/vieassociative.be\/actualites\/x-a-desormais-sa-propre-application-de-chat\/#primaryimage\"},\"thumbnailUrl\":\"https:\/\/vieassociative.be\/actualites\/wp-content\/uploads\/2026\/04\/X-a-desormais-sa-propre-application-de-chat.jpg\",\"datePublished\":\"2026-04-25T20:17:59+00:00\",\"dateModified\":\"2026-04-25T20:17:59+00:00\",\"breadcrumb\":{\"@id\":\"https:\/\/vieassociative.be\/actualites\/x-a-desormais-sa-propre-application-de-chat\/#breadcrumb\"},\"inLanguage\":\"fr-BE\",\"potentialAction\":[{\"@type\":\"ReadAction\",\"target\":[\"https:\/\/vieassociative.be\/actualites\/x-a-desormais-sa-propre-application-de-chat\/\"]}]},{\"@type\":\"ImageObject\",\"inLanguage\":\"fr-BE\",\"@id\":\"https:\/\/vieassociative.be\/actualites\/x-a-desormais-sa-propre-application-de-chat\/#primaryimage\",\"url\":\"https:\/\/vieassociative.be\/actualites\/wp-content\/uploads\/2026\/04\/X-a-desormais-sa-propre-application-de-chat.jpg\",\"contentUrl\":\"https:\/\/vieassociative.be\/actualites\/wp-content\/uploads\/2026\/04\/X-a-desormais-sa-propre-application-de-chat.jpg\",\"width\":1200,\"height\":675,\"caption\":\"X a d\u00e9sormais sa propre application de chat\"},{\"@type\":\"BreadcrumbList\",\"@id\":\"https:\/\/vieassociative.be\/actualites\/x-a-desormais-sa-propre-application-de-chat\/#breadcrumb\",\"itemListElement\":[{\"@type\":\"ListItem\",\"position\":1,\"name\":\"Accueil\",\"item\":\"https:\/\/vieassociative.be\/actualites\/\"},{\"@type\":\"ListItem\",\"position\":2,\"name\":\"X a d\u00e9sormais sa propre application de chat\"}]},{\"@type\":\"WebSite\",\"@id\":\"https:\/\/vieassociative.be\/actualites\/#website\",\"url\":\"https:\/\/vieassociative.be\/actualites\/\",\"name\":\"Vie Associative\",\"description\":\"\",\"publisher\":{\"@id\":\"https:\/\/vieassociative.be\/actualites\/#organization\"},\"potentialAction\":[{\"@type\":\"SearchAction\",\"target\":{\"@type\":\"EntryPoint\",\"urlTemplate\":\"https:\/\/vieassociative.be\/actualites\/?s={search_term_string}\"},\"query-input\":{\"@type\":\"PropertyValueSpecification\",\"valueRequired\":true,\"valueName\":\"search_term_string\"}}],\"inLanguage\":\"fr-BE\"},{\"@type\":\"Organization\",\"@id\":\"https:\/\/vieassociative.be\/actualites\/#organization\",\"name\":\"Vie Associative\",\"url\":\"https:\/\/vieassociative.be\/actualites\/\",\"logo\":{\"@type\":\"ImageObject\",\"inLanguage\":\"fr-BE\",\"@id\":\"https:\/\/vieassociative.be\/actualites\/#\/schema\/logo\/image\/\",\"url\":\"https:\/\/vieassociative.be\/actualites\/wp-content\/uploads\/2024\/09\/cropped-vieassociative_favicon.ico.png\",\"contentUrl\":\"https:\/\/vieassociative.be\/actualites\/wp-content\/uploads\/2024\/09\/cropped-vieassociative_favicon.ico.png\",\"width\":512,\"height\":512,\"caption\":\"Vie Associative\"},\"image\":{\"@id\":\"https:\/\/vieassociative.be\/actualites\/#\/schema\/logo\/image\/\"}},{\"@type\":\"Person\",\"@id\":\"https:\/\/vieassociative.be\/actualites\/#\/schema\/person\/b87ac4f82f9d4e7b7cec7395b679edc4\",\"name\":\"Julien\",\"image\":{\"@type\":\"ImageObject\",\"inLanguage\":\"fr-BE\",\"@id\":\"https:\/\/vieassociative.be\/actualites\/#\/schema\/person\/image\/\",\"url\":\"https:\/\/vieassociative.be\/actualites\/wp-content\/uploads\/2024\/09\/vie-associative-1-150x150.jpg\",\"contentUrl\":\"https:\/\/vieassociative.be\/actualites\/wp-content\/uploads\/2024\/09\/vie-associative-1-150x150.jpg\",\"caption\":\"Julien\"},\"description\":\"Je suis Julien, r\u00e9dacteur pour Vie Associative. Passionn\u00e9 par le monde associatif depuis plus de 10 ans, j'ai \u00e0 c\u0153ur de partager des histoires inspirantes et de mettre en lumi\u00e8re les initiatives locales. Mon objectif est de sensibiliser et d'encourager l'engagement communautaire \u00e0 travers mes articles.\",\"sameAs\":[\"https:\/\/vieassociative.be\/\"]}]}<\/script>\n<!-- \/ Yoast SEO plugin. -->","yoast_head_json":{"title":"X a d\u00e9sormais sa propre application de chat | Vie Associative","robots":{"index":"index","follow":"follow","max-snippet":"max-snippet:-1","max-image-preview":"max-image-preview:large","max-video-preview":"max-video-preview:-1"},"canonical":"https:\/\/vieassociative.be\/actualites\/x-a-desormais-sa-propre-application-de-chat\/","og_locale":"fr_FR","og_type":"article","og_title":"X a d\u00e9sormais sa propre application de chat | Vie Associative","og_description":"Vendredi apr\u00e8s-midi, X a officiellement lanc\u00e9 XChat, l&rsquo;application de chat exclusive de l&rsquo;entreprise. Contrairement \u00e0 d&rsquo;autres options d&rsquo;applications de chat, comme WhatsApp, Telegram ou Signal,","og_url":"https:\/\/vieassociative.be\/actualites\/x-a-desormais-sa-propre-application-de-chat\/","og_site_name":"Vie Associative","article_published_time":"2026-04-25T20:17:59+00:00","og_image":[{"width":279,"height":92,"url":"https:\/\/vieassociative.be\/actualites\/wp-content\/uploads\/2024\/09\/header_backgroundk-01-e1726694325946.png","type":"image\/png"}],"author":"Julien","twitter_card":"summary_large_image","twitter_misc":{"\u00c9crit par":"Julien","Dur\u00e9e de lecture est.":"3 minutes"},"schema":{"@context":"https:\/\/schema.org","@graph":[{"@type":"Article","@id":"https:\/\/vieassociative.be\/actualites\/x-a-desormais-sa-propre-application-de-chat\/#article","isPartOf":{"@id":"https:\/\/vieassociative.be\/actualites\/x-a-desormais-sa-propre-application-de-chat\/"},"author":{"name":"Julien","@id":"https:\/\/vieassociative.be\/actualites\/#\/schema\/person\/b87ac4f82f9d4e7b7cec7395b679edc4"},"headline":"X a d\u00e9sormais sa propre application de chat","datePublished":"2026-04-25T20:17:59+00:00","dateModified":"2026-04-25T20:17:59+00:00","mainEntityOfPage":{"@id":"https:\/\/vieassociative.be\/actualites\/x-a-desormais-sa-propre-application-de-chat\/"},"wordCount":675,"publisher":{"@id":"https:\/\/vieassociative.be\/actualites\/#organization"},"image":{"@id":"https:\/\/vieassociative.be\/actualites\/x-a-desormais-sa-propre-application-de-chat\/#primaryimage"},"thumbnailUrl":"https:\/\/vieassociative.be\/actualites\/wp-content\/uploads\/2026\/04\/X-a-desormais-sa-propre-application-de-chat.jpg","keywords":["application","chat","d\u00e9sormais","propre"],"articleSection":["Mobile Apps"],"inLanguage":"fr-BE"},{"@type":"WebPage","@id":"https:\/\/vieassociative.be\/actualites\/x-a-desormais-sa-propre-application-de-chat\/","url":"https:\/\/vieassociative.be\/actualites\/x-a-desormais-sa-propre-application-de-chat\/","name":"X a d\u00e9sormais sa propre application de chat | Vie Associative","isPartOf":{"@id":"https:\/\/vieassociative.be\/actualites\/#website"},"primaryImageOfPage":{"@id":"https:\/\/vieassociative.be\/actualites\/x-a-desormais-sa-propre-application-de-chat\/#primaryimage"},"image":{"@id":"https:\/\/vieassociative.be\/actualites\/x-a-desormais-sa-propre-application-de-chat\/#primaryimage"},"thumbnailUrl":"https:\/\/vieassociative.be\/actualites\/wp-content\/uploads\/2026\/04\/X-a-desormais-sa-propre-application-de-chat.jpg","datePublished":"2026-04-25T20:17:59+00:00","dateModified":"2026-04-25T20:17:59+00:00","breadcrumb":{"@id":"https:\/\/vieassociative.be\/actualites\/x-a-desormais-sa-propre-application-de-chat\/#breadcrumb"},"inLanguage":"fr-BE","potentialAction":[{"@type":"ReadAction","target":["https:\/\/vieassociative.be\/actualites\/x-a-desormais-sa-propre-application-de-chat\/"]}]},{"@type":"ImageObject","inLanguage":"fr-BE","@id":"https:\/\/vieassociative.be\/actualites\/x-a-desormais-sa-propre-application-de-chat\/#primaryimage","url":"https:\/\/vieassociative.be\/actualites\/wp-content\/uploads\/2026\/04\/X-a-desormais-sa-propre-application-de-chat.jpg","contentUrl":"https:\/\/vieassociative.be\/actualites\/wp-content\/uploads\/2026\/04\/X-a-desormais-sa-propre-application-de-chat.jpg","width":1200,"height":675,"caption":"X a d\u00e9sormais sa propre application de chat"},{"@type":"BreadcrumbList","@id":"https:\/\/vieassociative.be\/actualites\/x-a-desormais-sa-propre-application-de-chat\/#breadcrumb","itemListElement":[{"@type":"ListItem","position":1,"name":"Accueil","item":"https:\/\/vieassociative.be\/actualites\/"},{"@type":"ListItem","position":2,"name":"X a d\u00e9sormais sa propre application de chat"}]},{"@type":"WebSite","@id":"https:\/\/vieassociative.be\/actualites\/#website","url":"https:\/\/vieassociative.be\/actualites\/","name":"Vie Associative","description":"","publisher":{"@id":"https:\/\/vieassociative.be\/actualites\/#organization"},"potentialAction":[{"@type":"SearchAction","target":{"@type":"EntryPoint","urlTemplate":"https:\/\/vieassociative.be\/actualites\/?s={search_term_string}"},"query-input":{"@type":"PropertyValueSpecification","valueRequired":true,"valueName":"search_term_string"}}],"inLanguage":"fr-BE"},{"@type":"Organization","@id":"https:\/\/vieassociative.be\/actualites\/#organization","name":"Vie Associative","url":"https:\/\/vieassociative.be\/actualites\/","logo":{"@type":"ImageObject","inLanguage":"fr-BE","@id":"https:\/\/vieassociative.be\/actualites\/#\/schema\/logo\/image\/","url":"https:\/\/vieassociative.be\/actualites\/wp-content\/uploads\/2024\/09\/cropped-vieassociative_favicon.ico.png","contentUrl":"https:\/\/vieassociative.be\/actualites\/wp-content\/uploads\/2024\/09\/cropped-vieassociative_favicon.ico.png","width":512,"height":512,"caption":"Vie Associative"},"image":{"@id":"https:\/\/vieassociative.be\/actualites\/#\/schema\/logo\/image\/"}},{"@type":"Person","@id":"https:\/\/vieassociative.be\/actualites\/#\/schema\/person\/b87ac4f82f9d4e7b7cec7395b679edc4","name":"Julien","image":{"@type":"ImageObject","inLanguage":"fr-BE","@id":"https:\/\/vieassociative.be\/actualites\/#\/schema\/person\/image\/","url":"https:\/\/vieassociative.be\/actualites\/wp-content\/uploads\/2024\/09\/vie-associative-1-150x150.jpg","contentUrl":"https:\/\/vieassociative.be\/actualites\/wp-content\/uploads\/2024\/09\/vie-associative-1-150x150.jpg","caption":"Julien"},"description":"Je suis Julien, r\u00e9dacteur pour Vie Associative. Passionn\u00e9 par le monde associatif depuis plus de 10 ans, j'ai \u00e0 c\u0153ur de partager des histoires inspirantes et de mettre en lumi\u00e8re les initiatives locales. Mon objectif est de sensibiliser et d'encourager l'engagement communautaire \u00e0 travers mes articles.","sameAs":["https:\/\/vieassociative.be\/"]}]}},"_links":{"self":[{"href":"https:\/\/vieassociative.be\/actualites\/wp-json\/wp\/v2\/posts\/13579"}],"collection":[{"href":"https:\/\/vieassociative.be\/actualites\/wp-json\/wp\/v2\/posts"}],"about":[{"href":"https:\/\/vieassociative.be\/actualites\/wp-json\/wp\/v2\/types\/post"}],"author":[{"embeddable":true,"href":"https:\/\/vieassociative.be\/actualites\/wp-json\/wp\/v2\/users\/1"}],"replies":[{"embeddable":true,"href":"https:\/\/vieassociative.be\/actualites\/wp-json\/wp\/v2\/comments?post=13579"}],"version-history":[{"count":0,"href":"https:\/\/vieassociative.be\/actualites\/wp-json\/wp\/v2\/posts\/13579\/revisions"}],"wp:featuredmedia":[{"embeddable":true,"href":"https:\/\/vieassociative.be\/actualites\/wp-json\/wp\/v2\/media\/13580"}],"wp:attachment":[{"href":"https:\/\/vieassociative.be\/actualites\/wp-json\/wp\/v2\/media?parent=13579"}],"wp:term":[{"taxonomy":"category","embeddable":true,"href":"https:\/\/vieassociative.be\/actualites\/wp-json\/wp\/v2\/categories?post=13579"},{"taxonomy":"post_tag","embeddable":true,"href":"https:\/\/vieassociative.be\/actualites\/wp-json\/wp\/v2\/tags?post=13579"}],"curies":[{"name":"wp","href":"https:\/\/api.w.org\/{rel}","templated":true}]}}