{"id":13577,"date":"2026-04-25T17:17:58","date_gmt":"2026-04-25T15:17:58","guid":{"rendered":"https:\/\/vieassociative.be\/actualites\/aux-etats-unis-a-192-jours-des-elections-de-mi-mandat-trump-pourrait-perdre-la-majorite-dans-les-deux-chambres-du-parlement\/"},"modified":"2026-04-25T17:17:58","modified_gmt":"2026-04-25T15:17:58","slug":"aux-etats-unis-a-192-jours-des-elections-de-mi-mandat-trump-pourrait-perdre-la-majorite-dans-les-deux-chambres-du-parlement","status":"publish","type":"post","link":"https:\/\/vieassociative.be\/actualites\/aux-etats-unis-a-192-jours-des-elections-de-mi-mandat-trump-pourrait-perdre-la-majorite-dans-les-deux-chambres-du-parlement\/","title":{"rendered":"Aux \u00c9tats-Unis, \u00e0 192 jours des \u00e9lections de mi-mandat : \u200b\u200bTrump pourrait perdre la majorit\u00e9 dans les deux chambres du Parlement"},"content":{"rendered":"<p><strong>Donald Trump court actuellement le risque politique non seulement de perdre la majorit\u00e9 \u00e0 la Chambre des repr\u00e9sentants lors des prochaines \u00e9lections de mi-mandat, mais aussi, dans le pire des cas, de perdre le contr\u00f4le du S\u00e9nat.<\/strong><\/p>\n<p><span id=\"more-438615\"><\/span>Il reste actuellement environ 192 jours avant le jour des \u00e9lections du 3 novembre 2026 &#8211; et c&rsquo;est pr\u00e9cis\u00e9ment ce moment qui sera crucial pour la marge de man\u0153uvre dont il disposera encore pour l&rsquo;action politique par la suite.<\/p>\n<p>Aux \u00c9tats-Unis, les \u00e9lections de mi-mandat sont traditionnellement consid\u00e9r\u00e9es comme un r\u00e9f\u00e9rendum sur le pr\u00e9sident sortant. Historiquement, le parti \u00e0 la Maison Blanche perd presque toujours des si\u00e8ges au Congr\u00e8s, souvent de mani\u00e8re significative. Dans le cas de Trump, ce d\u00e9savantage structurel est renforc\u00e9 par l&rsquo;ambiance actuelle : ses taux d&rsquo;approbation se situent seulement autour de 33 \u00e0 36 pour cent, tandis que les enqu\u00eates sur la pr\u00e9f\u00e9rence g\u00e9n\u00e9rale en mati\u00e8re de parti (\u00ab vote g\u00e9n\u00e9rique \u00bb) montrent une avance l\u00e9g\u00e8re mais stable pour les d\u00e9mocrates d&rsquo;environ 2 \u00e0 5 points de pourcentage. Les \u00e9lecteurs ind\u00e9pendants en particulier, qui font souvent la diff\u00e9rence lors des \u00e9lections de mi-mandat, se d\u00e9tournent actuellement des R\u00e9publicains.<\/p>\n<div id=\"attachment_438619\" class=\"wp-caption alignleft\" style=\"max-width: 300px\"><img fetchpriority=\"high\" decoding=\"async\" class=\"wp-image-438619 size-medium\" src=\"https:\/\/vieassociative.be\/actualites\/wp-content\/uploads\/2026\/04\/Aux-Etats-Unis-a-192-jours-des-elections-de-mi-mandat.jpg\" alt=\"\" width=\"300\" height=\"200\"><\/div>\n<p>La situation est donc particuli\u00e8rement sensible \u00e0 la Chambre des repr\u00e9sentants. La majorit\u00e9 r\u00e9publicaine est extr\u00eamement \u00e9troite, il suffirait donc de perdre quelques si\u00e8ges pour perdre le contr\u00f4le. Dans ce contexte, un changement de pouvoir semble actuellement plus probable qu\u2019improbable. De nombreux \u00e9lecteurs signalent \u00e9galement leur d\u00e9sir d\u2019un contrepoids politique au pr\u00e9sident \u2013 \u200b\u200bun sch\u00e9ma classique lors des \u00e9lections de mi-mandat.<\/p>\n<p>Le S\u00e9nat, en revanche, est beaucoup plus comp\u00e9titif. M\u00eame si les R\u00e9publicains y disposent actuellement d&rsquo;une avance plus solide, la majorit\u00e9 d\u00e9cide dans quelques \u00c9tats cl\u00e9s. En Pennsylvanie, au Wisconsin, en Arizona, en G\u00e9orgie et au Nevada en particulier, les sondages r\u00e9v\u00e8lent des courses extr\u00eamement serr\u00e9es &#8211; souvent avec une marge d&rsquo;erreur d&rsquo;environ trois points de pourcentage. De petits changements dans la participation \u00e9lectorale, le d\u00e9veloppement \u00e9conomique ou la qualit\u00e9 des candidats peuvent ici faire la diff\u00e9rence. En cons\u00e9quence, le S\u00e9nat est actuellement per\u00e7u comme une v\u00e9ritable course au coude \u00e0 coude.<\/p>\n<p>\u00c0 ces facteurs de politique int\u00e9rieure s\u2019ajoutent des pressions ext\u00e9rieures de plus en plus fortes. \u00c0 l\u2019\u00e9chelle internationale, la d\u00e9faite \u00e9lectorale de Viktor Orb\u00e1n en 2026 a \u00e9t\u00e9 interpr\u00e9t\u00e9e par certains observateurs comme un possible signal d\u2019alarme pour les mouvements politiquement proches. Orb\u00e1n a longtemps \u00e9t\u00e9 consid\u00e9r\u00e9 comme une r\u00e9f\u00e9rence id\u00e9ologique pour Trump ; Sa perte de pouvoir montre que m\u00eame des syst\u00e8mes politiques apparemment stables peuvent s\u2019effondrer lorsque le m\u00e9contentement \u00e9conomique et l\u2019opposition mobilis\u00e9e se combinent.<\/p>\n<div id=\"attachment_435694\" class=\"wp-caption alignleft\" style=\"max-width: 300px\"><img decoding=\"async\" class=\"wp-image-435694 size-medium\" src=\"https:\/\/vieassociative.be\/actualites\/wp-content\/uploads\/2026\/04\/1777130278_691_Aux-Etats-Unis-a-192-jours-des-elections-de-mi-mandat.jpg\" alt=\"\" width=\"300\" height=\"200\"><\/div>\n<p>\u00c0 cela s\u2019ajoute la situation de politique \u00e9trang\u00e8re, en particulier les tensions et les d\u00e9veloppements militaires concernant l\u2019Iran. Cette orientation suscite le scepticisme de la population am\u00e9ricaine, car de nombreux \u00e9lecteurs rejettent de nouveaux embrouilles militaires. C\u2019est une situation politiquement explosive, car Trump a soulign\u00e9 \u00e0 plusieurs reprises au cours de la campagne \u00e9lectorale qu\u2019il voulait maintenir les \u00c9tats-Unis \u00e0 l\u2019\u00e9cart de nouvelles guerres. La politique actuelle contredit cette id\u00e9e et est consid\u00e9r\u00e9e par les critiques comme un fardeau pour sa cr\u00e9dibilit\u00e9.<\/p>\n<p>Un complexe plus ancien, mais redevenu plus visible, cr\u00e9e une pression suppl\u00e9mentaire : l\u2019affaire Jeffrey Epstein. De nouvelles publications et enqu\u00eates sur des documents partiellement expurg\u00e9s maintiennent le sujet \u00e0 la une des journaux. La connaissance ant\u00e9rieure de Trump avec Epstein est document\u00e9e, bien qu&rsquo;aucun acte criminel n&rsquo;ait \u00e9t\u00e9 prouv\u00e9. Sur le plan politique, l&rsquo;affaire a un effet essentiellement indirect : elle alimente les accusations de manque de transparence et de liens avec les \u00e9lites et offre aux opposants politiques des cibles suppl\u00e9mentaires.<\/p>\n<p>En fin de compte, le tableau est clair, voire sans ambigu\u00eft\u00e9 : perdre la Chambre des repr\u00e9sentants est un sc\u00e9nario r\u00e9aliste et m\u00eame probable pour Trump. Le S\u00e9nat reste ouvert, mais pourrait \u00e9galement basculer si les tendances actuelles se poursuivent. Dans l\u2019ensemble, cela cr\u00e9e une situation dans laquelle il est tout \u00e0 fait possible que les R\u00e9publicains perdent les deux chambres du Congr\u00e8s \u00e0 mi-mandat \u2013 avec des cons\u00e9quences importantes sur l\u2019agenda politique de Trump dans la seconde moiti\u00e9 de son mandat. (cr\u00e9er)<\/p>\n","protected":false},"excerpt":{"rendered":"<p>Donald Trump court actuellement le risque politique non seulement de perdre la majorit\u00e9 \u00e0 la Chambre des repr\u00e9sentants lors des prochaines \u00e9lections de mi-mandat, mais<\/p>\n","protected":false},"author":1,"featured_media":13578,"comment_status":"","ping_status":"","sticky":false,"template":"","format":"standard","meta":{"footnotes":""},"categories":[298],"tags":[289,8532,166,29,114,2569,290,937,14,2882,9936,2895,2698,1041,2425],"class_list":["post-13577","post","type-post","status-publish","format-standard","has-post-thumbnail","hentry","category-belgique","tag-aux","tag-chambres","tag-dans","tag-des","tag-deux","tag-elections","tag-etatsunis","tag-jours","tag-les","tag-majorite","tag-mimandat","tag-parlement","tag-perdre","tag-pourrait","tag-trump","generate-columns","tablet-grid-50","mobile-grid-100","grid-parent","grid-33"],"yoast_head":"<!-- This site is optimized with the Yoast SEO plugin v24.0 - https:\/\/yoast.com\/wordpress\/plugins\/seo\/ -->\n<title>Aux \u00c9tats-Unis, \u00e0 192 jours des \u00e9lections de mi-mandat : \u200b\u200bTrump pourrait perdre la majorit\u00e9 dans les deux chambres du Parlement | Vie Associative<\/title>\n<meta name=\"robots\" content=\"index, follow, max-snippet:-1, max-image-preview:large, max-video-preview:-1\" \/>\n<link rel=\"canonical\" href=\"https:\/\/vieassociative.be\/actualites\/aux-etats-unis-a-192-jours-des-elections-de-mi-mandat-trump-pourrait-perdre-la-majorite-dans-les-deux-chambres-du-parlement\/\" \/>\n<meta property=\"og:locale\" content=\"fr_FR\" \/>\n<meta property=\"og:type\" content=\"article\" \/>\n<meta property=\"og:title\" content=\"Aux \u00c9tats-Unis, \u00e0 192 jours des \u00e9lections de mi-mandat : \u200b\u200bTrump pourrait perdre la majorit\u00e9 dans les deux chambres du Parlement | Vie Associative\" \/>\n<meta property=\"og:description\" content=\"Donald Trump court actuellement le risque politique non seulement de perdre la majorit\u00e9 \u00e0 la Chambre des repr\u00e9sentants lors des prochaines \u00e9lections de mi-mandat, mais\" \/>\n<meta property=\"og:url\" content=\"https:\/\/vieassociative.be\/actualites\/aux-etats-unis-a-192-jours-des-elections-de-mi-mandat-trump-pourrait-perdre-la-majorite-dans-les-deux-chambres-du-parlement\/\" \/>\n<meta property=\"og:site_name\" content=\"Vie Associative\" \/>\n<meta property=\"article:published_time\" content=\"2026-04-25T15:17:58+00:00\" \/>\n<meta property=\"og:image\" content=\"https:\/\/vieassociative.be\/actualites\/wp-content\/uploads\/2024\/09\/header_backgroundk-01-e1726694325946.png\" \/>\n\t<meta property=\"og:image:width\" content=\"279\" \/>\n\t<meta property=\"og:image:height\" content=\"92\" \/>\n\t<meta property=\"og:image:type\" content=\"image\/png\" \/>\n<meta name=\"author\" content=\"Julien\" \/>\n<meta name=\"twitter:card\" content=\"summary_large_image\" \/>\n<meta name=\"twitter:label1\" content=\"\u00c9crit par\" \/>\n\t<meta name=\"twitter:data1\" content=\"Julien\" \/>\n\t<meta name=\"twitter:label2\" content=\"Dur\u00e9e de lecture est.\" \/>\n\t<meta name=\"twitter:data2\" content=\"4 minutes\" \/>\n<script type=\"application\/ld+json\" class=\"yoast-schema-graph\">{\"@context\":\"https:\/\/schema.org\",\"@graph\":[{\"@type\":\"Article\",\"@id\":\"https:\/\/vieassociative.be\/actualites\/aux-etats-unis-a-192-jours-des-elections-de-mi-mandat-trump-pourrait-perdre-la-majorite-dans-les-deux-chambres-du-parlement\/#article\",\"isPartOf\":{\"@id\":\"https:\/\/vieassociative.be\/actualites\/aux-etats-unis-a-192-jours-des-elections-de-mi-mandat-trump-pourrait-perdre-la-majorite-dans-les-deux-chambres-du-parlement\/\"},\"author\":{\"name\":\"Julien\",\"@id\":\"https:\/\/vieassociative.be\/actualites\/#\/schema\/person\/b87ac4f82f9d4e7b7cec7395b679edc4\"},\"headline\":\"Aux \u00c9tats-Unis, \u00e0 192 jours des \u00e9lections de mi-mandat : \u200b\u200bTrump pourrait perdre la majorit\u00e9 dans les deux chambres du Parlement\",\"datePublished\":\"2026-04-25T15:17:58+00:00\",\"dateModified\":\"2026-04-25T15:17:58+00:00\",\"mainEntityOfPage\":{\"@id\":\"https:\/\/vieassociative.be\/actualites\/aux-etats-unis-a-192-jours-des-elections-de-mi-mandat-trump-pourrait-perdre-la-majorite-dans-les-deux-chambres-du-parlement\/\"},\"wordCount\":776,\"publisher\":{\"@id\":\"https:\/\/vieassociative.be\/actualites\/#organization\"},\"image\":{\"@id\":\"https:\/\/vieassociative.be\/actualites\/aux-etats-unis-a-192-jours-des-elections-de-mi-mandat-trump-pourrait-perdre-la-majorite-dans-les-deux-chambres-du-parlement\/#primaryimage\"},\"thumbnailUrl\":\"https:\/\/vieassociative.be\/actualites\/wp-content\/uploads\/2026\/04\/1777130279_Aux-Etats-Unis-a-192-jours-des-elections-de-mi-mandat.jpg\",\"keywords\":[\"aux\",\"chambres\",\"dans\",\"Des\",\"deux\",\"\u00e9lections\",\"\u00c9tatsUnis\",\"jours\",\"Les\",\"majorit\u00e9\",\"mimandat\",\"Parlement\",\"perdre\",\"pourrait\",\"Trump\"],\"articleSection\":[\"Belgique\"],\"inLanguage\":\"fr-BE\"},{\"@type\":\"WebPage\",\"@id\":\"https:\/\/vieassociative.be\/actualites\/aux-etats-unis-a-192-jours-des-elections-de-mi-mandat-trump-pourrait-perdre-la-majorite-dans-les-deux-chambres-du-parlement\/\",\"url\":\"https:\/\/vieassociative.be\/actualites\/aux-etats-unis-a-192-jours-des-elections-de-mi-mandat-trump-pourrait-perdre-la-majorite-dans-les-deux-chambres-du-parlement\/\",\"name\":\"Aux \u00c9tats-Unis, \u00e0 192 jours des \u00e9lections de mi-mandat : \u200b\u200bTrump pourrait perdre la majorit\u00e9 dans les deux chambres du Parlement | Vie Associative\",\"isPartOf\":{\"@id\":\"https:\/\/vieassociative.be\/actualites\/#website\"},\"primaryImageOfPage\":{\"@id\":\"https:\/\/vieassociative.be\/actualites\/aux-etats-unis-a-192-jours-des-elections-de-mi-mandat-trump-pourrait-perdre-la-majorite-dans-les-deux-chambres-du-parlement\/#primaryimage\"},\"image\":{\"@id\":\"https:\/\/vieassociative.be\/actualites\/aux-etats-unis-a-192-jours-des-elections-de-mi-mandat-trump-pourrait-perdre-la-majorite-dans-les-deux-chambres-du-parlement\/#primaryimage\"},\"thumbnailUrl\":\"https:\/\/vieassociative.be\/actualites\/wp-content\/uploads\/2026\/04\/1777130279_Aux-Etats-Unis-a-192-jours-des-elections-de-mi-mandat.jpg\",\"datePublished\":\"2026-04-25T15:17:58+00:00\",\"dateModified\":\"2026-04-25T15:17:58+00:00\",\"breadcrumb\":{\"@id\":\"https:\/\/vieassociative.be\/actualites\/aux-etats-unis-a-192-jours-des-elections-de-mi-mandat-trump-pourrait-perdre-la-majorite-dans-les-deux-chambres-du-parlement\/#breadcrumb\"},\"inLanguage\":\"fr-BE\",\"potentialAction\":[{\"@type\":\"ReadAction\",\"target\":[\"https:\/\/vieassociative.be\/actualites\/aux-etats-unis-a-192-jours-des-elections-de-mi-mandat-trump-pourrait-perdre-la-majorite-dans-les-deux-chambres-du-parlement\/\"]}]},{\"@type\":\"ImageObject\",\"inLanguage\":\"fr-BE\",\"@id\":\"https:\/\/vieassociative.be\/actualites\/aux-etats-unis-a-192-jours-des-elections-de-mi-mandat-trump-pourrait-perdre-la-majorite-dans-les-deux-chambres-du-parlement\/#primaryimage\",\"url\":\"https:\/\/vieassociative.be\/actualites\/wp-content\/uploads\/2026\/04\/1777130279_Aux-Etats-Unis-a-192-jours-des-elections-de-mi-mandat.jpg\",\"contentUrl\":\"https:\/\/vieassociative.be\/actualites\/wp-content\/uploads\/2026\/04\/1777130279_Aux-Etats-Unis-a-192-jours-des-elections-de-mi-mandat.jpg\",\"width\":1200,\"height\":800,\"caption\":\"Aux \u00c9tats-Unis, \u00e0 192 jours des \u00e9lections de mi-mandat : \u200b\u200bTrump pourrait perdre la majorit\u00e9 dans les deux chambres du Parlement\"},{\"@type\":\"BreadcrumbList\",\"@id\":\"https:\/\/vieassociative.be\/actualites\/aux-etats-unis-a-192-jours-des-elections-de-mi-mandat-trump-pourrait-perdre-la-majorite-dans-les-deux-chambres-du-parlement\/#breadcrumb\",\"itemListElement\":[{\"@type\":\"ListItem\",\"position\":1,\"name\":\"Accueil\",\"item\":\"https:\/\/vieassociative.be\/actualites\/\"},{\"@type\":\"ListItem\",\"position\":2,\"name\":\"Aux \u00c9tats-Unis, \u00e0 192 jours des \u00e9lections de mi-mandat : \u200b\u200bTrump pourrait perdre la majorit\u00e9 dans les deux chambres du Parlement\"}]},{\"@type\":\"WebSite\",\"@id\":\"https:\/\/vieassociative.be\/actualites\/#website\",\"url\":\"https:\/\/vieassociative.be\/actualites\/\",\"name\":\"Vie Associative\",\"description\":\"\",\"publisher\":{\"@id\":\"https:\/\/vieassociative.be\/actualites\/#organization\"},\"potentialAction\":[{\"@type\":\"SearchAction\",\"target\":{\"@type\":\"EntryPoint\",\"urlTemplate\":\"https:\/\/vieassociative.be\/actualites\/?s={search_term_string}\"},\"query-input\":{\"@type\":\"PropertyValueSpecification\",\"valueRequired\":true,\"valueName\":\"search_term_string\"}}],\"inLanguage\":\"fr-BE\"},{\"@type\":\"Organization\",\"@id\":\"https:\/\/vieassociative.be\/actualites\/#organization\",\"name\":\"Vie Associative\",\"url\":\"https:\/\/vieassociative.be\/actualites\/\",\"logo\":{\"@type\":\"ImageObject\",\"inLanguage\":\"fr-BE\",\"@id\":\"https:\/\/vieassociative.be\/actualites\/#\/schema\/logo\/image\/\",\"url\":\"https:\/\/vieassociative.be\/actualites\/wp-content\/uploads\/2024\/09\/cropped-vieassociative_favicon.ico.png\",\"contentUrl\":\"https:\/\/vieassociative.be\/actualites\/wp-content\/uploads\/2024\/09\/cropped-vieassociative_favicon.ico.png\",\"width\":512,\"height\":512,\"caption\":\"Vie Associative\"},\"image\":{\"@id\":\"https:\/\/vieassociative.be\/actualites\/#\/schema\/logo\/image\/\"}},{\"@type\":\"Person\",\"@id\":\"https:\/\/vieassociative.be\/actualites\/#\/schema\/person\/b87ac4f82f9d4e7b7cec7395b679edc4\",\"name\":\"Julien\",\"image\":{\"@type\":\"ImageObject\",\"inLanguage\":\"fr-BE\",\"@id\":\"https:\/\/vieassociative.be\/actualites\/#\/schema\/person\/image\/\",\"url\":\"https:\/\/vieassociative.be\/actualites\/wp-content\/uploads\/2024\/09\/vie-associative-1-150x150.jpg\",\"contentUrl\":\"https:\/\/vieassociative.be\/actualites\/wp-content\/uploads\/2024\/09\/vie-associative-1-150x150.jpg\",\"caption\":\"Julien\"},\"description\":\"Je suis Julien, r\u00e9dacteur pour Vie Associative. Passionn\u00e9 par le monde associatif depuis plus de 10 ans, j'ai \u00e0 c\u0153ur de partager des histoires inspirantes et de mettre en lumi\u00e8re les initiatives locales. Mon objectif est de sensibiliser et d'encourager l'engagement communautaire \u00e0 travers mes articles.\",\"sameAs\":[\"https:\/\/vieassociative.be\/\"]}]}<\/script>\n<!-- \/ Yoast SEO plugin. -->","yoast_head_json":{"title":"Aux \u00c9tats-Unis, \u00e0 192 jours des \u00e9lections de mi-mandat : \u200b\u200bTrump pourrait perdre la majorit\u00e9 dans les deux chambres du Parlement | Vie Associative","robots":{"index":"index","follow":"follow","max-snippet":"max-snippet:-1","max-image-preview":"max-image-preview:large","max-video-preview":"max-video-preview:-1"},"canonical":"https:\/\/vieassociative.be\/actualites\/aux-etats-unis-a-192-jours-des-elections-de-mi-mandat-trump-pourrait-perdre-la-majorite-dans-les-deux-chambres-du-parlement\/","og_locale":"fr_FR","og_type":"article","og_title":"Aux \u00c9tats-Unis, \u00e0 192 jours des \u00e9lections de mi-mandat : \u200b\u200bTrump pourrait perdre la majorit\u00e9 dans les deux chambres du Parlement | Vie Associative","og_description":"Donald Trump court actuellement le risque politique non seulement de perdre la majorit\u00e9 \u00e0 la Chambre des repr\u00e9sentants lors des prochaines \u00e9lections de mi-mandat, mais","og_url":"https:\/\/vieassociative.be\/actualites\/aux-etats-unis-a-192-jours-des-elections-de-mi-mandat-trump-pourrait-perdre-la-majorite-dans-les-deux-chambres-du-parlement\/","og_site_name":"Vie Associative","article_published_time":"2026-04-25T15:17:58+00:00","og_image":[{"width":279,"height":92,"url":"https:\/\/vieassociative.be\/actualites\/wp-content\/uploads\/2024\/09\/header_backgroundk-01-e1726694325946.png","type":"image\/png"}],"author":"Julien","twitter_card":"summary_large_image","twitter_misc":{"\u00c9crit par":"Julien","Dur\u00e9e de lecture est.":"4 minutes"},"schema":{"@context":"https:\/\/schema.org","@graph":[{"@type":"Article","@id":"https:\/\/vieassociative.be\/actualites\/aux-etats-unis-a-192-jours-des-elections-de-mi-mandat-trump-pourrait-perdre-la-majorite-dans-les-deux-chambres-du-parlement\/#article","isPartOf":{"@id":"https:\/\/vieassociative.be\/actualites\/aux-etats-unis-a-192-jours-des-elections-de-mi-mandat-trump-pourrait-perdre-la-majorite-dans-les-deux-chambres-du-parlement\/"},"author":{"name":"Julien","@id":"https:\/\/vieassociative.be\/actualites\/#\/schema\/person\/b87ac4f82f9d4e7b7cec7395b679edc4"},"headline":"Aux \u00c9tats-Unis, \u00e0 192 jours des \u00e9lections de mi-mandat : \u200b\u200bTrump pourrait perdre la majorit\u00e9 dans les deux chambres du Parlement","datePublished":"2026-04-25T15:17:58+00:00","dateModified":"2026-04-25T15:17:58+00:00","mainEntityOfPage":{"@id":"https:\/\/vieassociative.be\/actualites\/aux-etats-unis-a-192-jours-des-elections-de-mi-mandat-trump-pourrait-perdre-la-majorite-dans-les-deux-chambres-du-parlement\/"},"wordCount":776,"publisher":{"@id":"https:\/\/vieassociative.be\/actualites\/#organization"},"image":{"@id":"https:\/\/vieassociative.be\/actualites\/aux-etats-unis-a-192-jours-des-elections-de-mi-mandat-trump-pourrait-perdre-la-majorite-dans-les-deux-chambres-du-parlement\/#primaryimage"},"thumbnailUrl":"https:\/\/vieassociative.be\/actualites\/wp-content\/uploads\/2026\/04\/1777130279_Aux-Etats-Unis-a-192-jours-des-elections-de-mi-mandat.jpg","keywords":["aux","chambres","dans","Des","deux","\u00e9lections","\u00c9tatsUnis","jours","Les","majorit\u00e9","mimandat","Parlement","perdre","pourrait","Trump"],"articleSection":["Belgique"],"inLanguage":"fr-BE"},{"@type":"WebPage","@id":"https:\/\/vieassociative.be\/actualites\/aux-etats-unis-a-192-jours-des-elections-de-mi-mandat-trump-pourrait-perdre-la-majorite-dans-les-deux-chambres-du-parlement\/","url":"https:\/\/vieassociative.be\/actualites\/aux-etats-unis-a-192-jours-des-elections-de-mi-mandat-trump-pourrait-perdre-la-majorite-dans-les-deux-chambres-du-parlement\/","name":"Aux \u00c9tats-Unis, \u00e0 192 jours des \u00e9lections de mi-mandat : \u200b\u200bTrump pourrait perdre la majorit\u00e9 dans les deux chambres du Parlement | Vie Associative","isPartOf":{"@id":"https:\/\/vieassociative.be\/actualites\/#website"},"primaryImageOfPage":{"@id":"https:\/\/vieassociative.be\/actualites\/aux-etats-unis-a-192-jours-des-elections-de-mi-mandat-trump-pourrait-perdre-la-majorite-dans-les-deux-chambres-du-parlement\/#primaryimage"},"image":{"@id":"https:\/\/vieassociative.be\/actualites\/aux-etats-unis-a-192-jours-des-elections-de-mi-mandat-trump-pourrait-perdre-la-majorite-dans-les-deux-chambres-du-parlement\/#primaryimage"},"thumbnailUrl":"https:\/\/vieassociative.be\/actualites\/wp-content\/uploads\/2026\/04\/1777130279_Aux-Etats-Unis-a-192-jours-des-elections-de-mi-mandat.jpg","datePublished":"2026-04-25T15:17:58+00:00","dateModified":"2026-04-25T15:17:58+00:00","breadcrumb":{"@id":"https:\/\/vieassociative.be\/actualites\/aux-etats-unis-a-192-jours-des-elections-de-mi-mandat-trump-pourrait-perdre-la-majorite-dans-les-deux-chambres-du-parlement\/#breadcrumb"},"inLanguage":"fr-BE","potentialAction":[{"@type":"ReadAction","target":["https:\/\/vieassociative.be\/actualites\/aux-etats-unis-a-192-jours-des-elections-de-mi-mandat-trump-pourrait-perdre-la-majorite-dans-les-deux-chambres-du-parlement\/"]}]},{"@type":"ImageObject","inLanguage":"fr-BE","@id":"https:\/\/vieassociative.be\/actualites\/aux-etats-unis-a-192-jours-des-elections-de-mi-mandat-trump-pourrait-perdre-la-majorite-dans-les-deux-chambres-du-parlement\/#primaryimage","url":"https:\/\/vieassociative.be\/actualites\/wp-content\/uploads\/2026\/04\/1777130279_Aux-Etats-Unis-a-192-jours-des-elections-de-mi-mandat.jpg","contentUrl":"https:\/\/vieassociative.be\/actualites\/wp-content\/uploads\/2026\/04\/1777130279_Aux-Etats-Unis-a-192-jours-des-elections-de-mi-mandat.jpg","width":1200,"height":800,"caption":"Aux \u00c9tats-Unis, \u00e0 192 jours des \u00e9lections de mi-mandat : \u200b\u200bTrump pourrait perdre la majorit\u00e9 dans les deux chambres du Parlement"},{"@type":"BreadcrumbList","@id":"https:\/\/vieassociative.be\/actualites\/aux-etats-unis-a-192-jours-des-elections-de-mi-mandat-trump-pourrait-perdre-la-majorite-dans-les-deux-chambres-du-parlement\/#breadcrumb","itemListElement":[{"@type":"ListItem","position":1,"name":"Accueil","item":"https:\/\/vieassociative.be\/actualites\/"},{"@type":"ListItem","position":2,"name":"Aux \u00c9tats-Unis, \u00e0 192 jours des \u00e9lections de mi-mandat : \u200b\u200bTrump pourrait perdre la majorit\u00e9 dans les deux chambres du Parlement"}]},{"@type":"WebSite","@id":"https:\/\/vieassociative.be\/actualites\/#website","url":"https:\/\/vieassociative.be\/actualites\/","name":"Vie Associative","description":"","publisher":{"@id":"https:\/\/vieassociative.be\/actualites\/#organization"},"potentialAction":[{"@type":"SearchAction","target":{"@type":"EntryPoint","urlTemplate":"https:\/\/vieassociative.be\/actualites\/?s={search_term_string}"},"query-input":{"@type":"PropertyValueSpecification","valueRequired":true,"valueName":"search_term_string"}}],"inLanguage":"fr-BE"},{"@type":"Organization","@id":"https:\/\/vieassociative.be\/actualites\/#organization","name":"Vie Associative","url":"https:\/\/vieassociative.be\/actualites\/","logo":{"@type":"ImageObject","inLanguage":"fr-BE","@id":"https:\/\/vieassociative.be\/actualites\/#\/schema\/logo\/image\/","url":"https:\/\/vieassociative.be\/actualites\/wp-content\/uploads\/2024\/09\/cropped-vieassociative_favicon.ico.png","contentUrl":"https:\/\/vieassociative.be\/actualites\/wp-content\/uploads\/2024\/09\/cropped-vieassociative_favicon.ico.png","width":512,"height":512,"caption":"Vie Associative"},"image":{"@id":"https:\/\/vieassociative.be\/actualites\/#\/schema\/logo\/image\/"}},{"@type":"Person","@id":"https:\/\/vieassociative.be\/actualites\/#\/schema\/person\/b87ac4f82f9d4e7b7cec7395b679edc4","name":"Julien","image":{"@type":"ImageObject","inLanguage":"fr-BE","@id":"https:\/\/vieassociative.be\/actualites\/#\/schema\/person\/image\/","url":"https:\/\/vieassociative.be\/actualites\/wp-content\/uploads\/2024\/09\/vie-associative-1-150x150.jpg","contentUrl":"https:\/\/vieassociative.be\/actualites\/wp-content\/uploads\/2024\/09\/vie-associative-1-150x150.jpg","caption":"Julien"},"description":"Je suis Julien, r\u00e9dacteur pour Vie Associative. Passionn\u00e9 par le monde associatif depuis plus de 10 ans, j'ai \u00e0 c\u0153ur de partager des histoires inspirantes et de mettre en lumi\u00e8re les initiatives locales. Mon objectif est de sensibiliser et d'encourager l'engagement communautaire \u00e0 travers mes articles.","sameAs":["https:\/\/vieassociative.be\/"]}]}},"_links":{"self":[{"href":"https:\/\/vieassociative.be\/actualites\/wp-json\/wp\/v2\/posts\/13577"}],"collection":[{"href":"https:\/\/vieassociative.be\/actualites\/wp-json\/wp\/v2\/posts"}],"about":[{"href":"https:\/\/vieassociative.be\/actualites\/wp-json\/wp\/v2\/types\/post"}],"author":[{"embeddable":true,"href":"https:\/\/vieassociative.be\/actualites\/wp-json\/wp\/v2\/users\/1"}],"replies":[{"embeddable":true,"href":"https:\/\/vieassociative.be\/actualites\/wp-json\/wp\/v2\/comments?post=13577"}],"version-history":[{"count":0,"href":"https:\/\/vieassociative.be\/actualites\/wp-json\/wp\/v2\/posts\/13577\/revisions"}],"wp:featuredmedia":[{"embeddable":true,"href":"https:\/\/vieassociative.be\/actualites\/wp-json\/wp\/v2\/media\/13578"}],"wp:attachment":[{"href":"https:\/\/vieassociative.be\/actualites\/wp-json\/wp\/v2\/media?parent=13577"}],"wp:term":[{"taxonomy":"category","embeddable":true,"href":"https:\/\/vieassociative.be\/actualites\/wp-json\/wp\/v2\/categories?post=13577"},{"taxonomy":"post_tag","embeddable":true,"href":"https:\/\/vieassociative.be\/actualites\/wp-json\/wp\/v2\/tags?post=13577"}],"curies":[{"name":"wp","href":"https:\/\/api.w.org\/{rel}","templated":true}]}}