{"id":13573,"date":"2026-04-25T10:17:26","date_gmt":"2026-04-25T08:17:26","guid":{"rendered":"https:\/\/vieassociative.be\/actualites\/ce-petit-appareil-pourrait-etre-la-liseuse-de-poche-de-mes-reves\/"},"modified":"2026-04-25T10:17:26","modified_gmt":"2026-04-25T08:17:26","slug":"ce-petit-appareil-pourrait-etre-la-liseuse-de-poche-de-mes-reves","status":"publish","type":"post","link":"https:\/\/vieassociative.be\/actualites\/ce-petit-appareil-pourrait-etre-la-liseuse-de-poche-de-mes-reves\/","title":{"rendered":"Ce petit appareil pourrait \u00eatre la liseuse de poche de mes r\u00eaves"},"content":{"rendered":"<p>Nous pouvons gagner une commission sur les liens sur cette page.<\/p>\n<p>M\u00eame si j&rsquo;ai pass\u00e9 des ann\u00e9es \u00e0 \u00e9vang\u00e9liser pour la Boox Palma 2, une liseuse chinoise de la taille d&rsquo;un t\u00e9l\u00e9phone dot\u00e9e d&rsquo;un syst\u00e8me d&rsquo;exploitation Android ouvert, mes all\u00e9geances ont chang\u00e9 ces derniers mois. Je suis maintenant obs\u00e9d\u00e9 par les petits appareils minimalistes, l\u00e9g\u00e8rement bizarres, propos\u00e9s par Xteink, une autre entreprise technologique chinoise. Et je suis loin d&rsquo;\u00eatre le seul : le subreddit Xteink est un endroit tr\u00e8s fr\u00e9quent\u00e9.<\/p>\n<p>Le Xteink X4 \u00e0 69 $ a un \u00e9cran de 4,3 pouces et un logiciel natif si mauvais qu&rsquo;il ne valait pas vraiment la peine de le recommander jusqu&rsquo;\u00e0 ce que les fans de l&rsquo;appareil concoctent leur propre alternative participative. Le X3 \u00e0 79 $ (qui n&rsquo;est actuellement disponible qu&rsquo;aux \u00c9tats-Unis directement aupr\u00e8s de Xteink) est en grande partie le m\u00eame appareil, mais encore plus petit, de la taille d&rsquo;une carte de cr\u00e9dit. L\u2019un ou l\u2019autre est un excellent choix en termes de portabilit\u00e9, mais ils comportent de nombreux compromis, notamment la possibilit\u00e9 de charger uniquement des livres sans logiciel de gestion des droits num\u00e9riques (DRM), ce qui signifie que votre biblioth\u00e8que existante de livres Kindle est imm\u00e9diatement supprim\u00e9e.<\/p>\n<div class=\"pogoClear mb-12 mt-10 rounded-md border-2 border-gray-100 py-7 shadow-xl md:py-6\">\n<div class=\"flex flex-wrap justify-between px-7 text-black no-underline md:flex-nowrap md:px-8\">\n<div class=\"order-1 mx-auto flex flex-col justify-center md:order-2 md:ml-4 md:w-full md:grow\">\n<div class=\"block cursor-pointer text-center font-akshar text-2xl font-medium leading-7 text-brand-green duration-200 ease-in-out hover:text-brand-green-700 md:text-left md:text-xl md:leading-6\">Liseuse \u00e9lectronique Xteink X4 4,3 pouces\n                <\/div>\n<div class=\"mt-4 hidden md:flex md:justify-between\">\n<div class=\"self-end\">\n<div class=\"mb-0 h-11 md:flex md:flex-col md:justify-center\">\n<div class=\" font-sans leading-4 text-black\">\n<div class=\"flex flex-wrap items-center justify-center gap-1 md:justify-start\">\n        <span class=\"font-bold\"><\/p>\n<p>            69,00\u00a0$<br \/>\n                            <span class=\"font-medium\">chez Amazon<\/span><br \/>\n                    <\/span>\n            <\/div>\n<\/p><\/div>\n<\/p><\/div>\n<\/p><\/div>\n<div class=\"w-44 self-end\">\n                            <button class=\"flex justify-center items-center w-full bg-brand-green text-white text-base font-sans font-medium rounded-md hover:bg-brand-green-700 hover:cursor-pointer md:text-sm h-11\"><\/p>\n<p>    Achetez maintenant<br \/>\n<\/button>\n                        <\/div>\n<\/p><\/div>\n<\/p><\/div>\n<div class=\"order-2 mt-5 h-auto w-full md:order-1 md:mt-0 md:hidden\">\n<div class=\"flex aspect-video items-center justify-center\">\n                                            <img decoding=\"async\" class=\"m-0 max-h-full max-w-full rounded-md\" src=\"https:\/\/vieassociative.be\/actualites\/wp-content\/uploads\/2026\/04\/Ce-petit-appareil-pourrait-etre-la-liseuse-de-poche-de.jpg\" alt=\"Lecteur de livres \u00e9lectroniques XTEINK X4, 4.3\" Portable Pocket E-Ink eReader with Physical Page-Turn Buttons, Ultra-Thin 0.23 inch&amp;2.72 oz, Magnetic-Ready Design, Distraction-Free Reading, 16GB Storage, Space Black\" width=\"auto\" height=\"auto\" loading=\"lazy\">\n                                    <\/div>\n<\/p><\/div>\n<div class=\"order-2 ml-2 hidden w-32 shrink-0 items-center md:order-1 md:ml-0 md:flex\">\n<div class=\"flex aspect-video items-center justify-center\">\n                                            <img decoding=\"async\" class=\"m-0 max-h-full max-w-full rounded-md\" src=\"https:\/\/vieassociative.be\/actualites\/wp-content\/uploads\/2026\/04\/Ce-petit-appareil-pourrait-etre-la-liseuse-de-poche-de.jpg\" alt=\"Lecteur de livres \u00e9lectroniques XTEINK X4, 4.3\" Portable Pocket E-Ink eReader with Physical Page-Turn Buttons, Ultra-Thin 0.23 inch&amp;2.72 oz, Magnetic-Ready Design, Distraction-Free Reading, 16GB Storage, Space Black\" width=\"auto\" height=\"auto\" loading=\"lazy\">\n                                    <\/div>\n<\/p><\/div>\n<div class=\"order-3 flex grow flex-wrap md:hidden md:grow-0\">\n<div class=\"mt-4 w-full\">\n                        <button class=\"flex justify-center items-center w-full bg-brand-green text-white text-base font-sans font-medium rounded-md hover:bg-brand-green-700 hover:cursor-pointer md:text-sm h-11\"><\/p>\n<p>    Achetez maintenant<br \/>\n<\/button>\n                    <\/div>\n<div class=\"mx-2 mt-4 w-full\">\n<div class=\" font-sans leading-4 text-black\">\n<div class=\"flex flex-wrap items-center justify-center gap-1 md:justify-start\">\n        <span class=\"font-bold\"><\/p>\n<p>            69,00\u00a0$<br \/>\n                            <span class=\"font-medium\">chez Amazon<\/span><br \/>\n                    <\/span>\n            <\/div>\n<\/p><\/div>\n<\/p><\/div>\n<\/p><\/div>\n<\/p><\/div>\n<\/div>\n<p>Mais le prochain appareil de Xteink se profile \u00e0 l&rsquo;horizon : il s&rsquo;appelle le S4, et il semble qu&rsquo;il pourrait faire tout ce que je pourrais demander \u00e0 une liseuse de taille micro.<\/p>\n<h2 id=\"what-are-the-xteink-s4s-specs\">Quelles sont les sp\u00e9cifications du Xteink S4 ?<\/h2>\n<p>Bien que nous n&rsquo;ayons pas encore tous les d\u00e9tails, Xteink a publi\u00e9 cette semaine une annonce de pr\u00e9commande pour le S4 qui comprenait quelques indices majeurs :<\/p>\n<ul>\n<li>\n<p>Batterie 1400mAh<\/p>\n<\/li>\n<li>\n<p>6,98 mm d&rsquo;\u00e9paisseur<\/p>\n<\/li>\n<li>\n<p>poids 95g<\/p>\n<\/li>\n<li>\n<p>Syst\u00e8me d&rsquo;exploitation Android 11<\/p>\n<\/li>\n<li>\n<p>2 Go de RAM<\/p>\n<\/li>\n<li>\n<p>32\u00a0Go de stockage<\/p>\n<\/li>\n<li>\n<p>Feu avant r\u00e9glable<\/p>\n<\/li>\n<li>\n<p>Boutons physiques sur le dessus et de chaque c\u00f4t\u00e9 de l&rsquo;appareil<\/p>\n<\/li>\n<\/ul>\n<p>Ce qui est actuellement inconnu\u00a0: le processeur sp\u00e9cifique, la quantit\u00e9 de stockage dont il disposera potentiellement (les discussions sugg\u00e8rent que la prise en charge d&rsquo;une carte SD a \u00e9t\u00e9 abandonn\u00e9e) et s&rsquo;il pourra acc\u00e9der au Google Play Store. Cependant \u2013 et encore une fois, je travaille en grande partie sur des rumeurs ici \u2013 nous pouvons raisonnablement nous attendre \u00e0 ce qu&rsquo;il soit capable de charger des applications de lecture \u00e9lectronique comme Kobo et Kindle, ce qui signifie que vous pourrez l&rsquo;utiliser pour acc\u00e9der \u00e0 vos collections de livres \u00e9lectroniques existantes ainsi que pour charger vos propres fichiers sans DRM.<\/p>\n<h2 id=\"what-will-the-xteink-s4-cost-in-the-us\">Combien co\u00fbtera le Xteink S4 aux \u00c9tats-Unis ?<\/h2>\n<p>Xteink n&rsquo;a pas encore r\u00e9v\u00e9l\u00e9 son intention de commercialiser le S4 en dehors de la Chine, ce qui signifie que nous ne savons pas encore quand il sera disponible aux \u00c9tats-Unis ni combien cela co\u00fbtera. Nous avons cependant quelques indices : l&rsquo;annonce des pr\u00e9commandes en Chine incluait des prix promotionnels : 299 RMB (environ 43 $) pour les clients ayant d\u00e9j\u00e0 achet\u00e9 un X3 ou X4, et 339 RMB (50 $) pour ceux ayant le statut d&rsquo;\u00ab actionnaire Cloud \u00bb, quoi que cela signifie, c&rsquo;est un avantage exclusif aux acheteurs chinois. Les rumeurs sur Reddit sugg\u00e8rent un prix r\u00e9gulier \u00ab de l&rsquo;ordre de 400 RMB \u00bb, qui serait plus proche de 60 $.<\/p>\n<p>Mais ce ne sont que des sp\u00e9culations sur le co\u00fbt des appareils en Chine. Qu\u2019est-ce que cela nous apprend sur les prix aux \u00c9tats-Unis ? Eh bien, nous n&rsquo;obtenons certainement pas le S4 pour pr\u00e8s de 43 $ &#8211; comme indiqu\u00e9, sur Amazon, le X4 relativement simple co\u00fbte environ 70 $, et il est difficile d&rsquo;imaginer qu&rsquo;un appareil qui ajoute Android, un \u00e9clairage avant et un \u00e9cran tactile ne sera pas plus cher. Dans le m\u00eame temps, cela ne peut pas devenir trop cher, sinon il se heurtera au prix d&rsquo;un Kindle d&rsquo;entr\u00e9e de gamme (109 $), qui a un \u00e9cran plus grand, fait partie de l&rsquo;\u00e9cosyst\u00e8me de confiance d&rsquo;Amazon et offre sans aucun doute une meilleure exp\u00e9rience utilisateur pr\u00eate \u00e0 l&#8217;emploi.<\/p>\n<p>Si nous comparons les prix chinois actuels des appareils Xteink existants, nous pouvons avoir une id\u00e9e de l&rsquo;augmentation \u00e0 laquelle nous pourrions \u00eatre confront\u00e9s. Le prix chinois du X4 est de 295 RMB. Cela repr\u00e9sente environ 43 dollars, mais le X4 co\u00fbte 69 dollars sur Amazon, soit une augmentation de 60 %. Le X3 co\u00fbte 319 RMB, soit environ 46 $\u00a0; cet appareil se vend 79 $ dans le magasin am\u00e9ricain de Xteink, soit une prime de 72 %. En supposant des augmentations de prix r\u00e9ciproques, cela signifie que si le prix chinois habituel du S4 est de 400 RMB, le prix am\u00e9ricain pourrait se situer entre 96 et 103 dollars. Si je devais parier, je pr\u00e9dirais que le S4 co\u00fbtera 89 $, soit toujours confortablement en dessous du prix de d\u00e9part de 109 $ du Kindle. Mais bien s\u00fbr, cela reste de la sp\u00e9culation jusqu&rsquo;\u00e0 ce que Xteink annonce officiellement la sortie aux \u00c9tats-Unis.<\/p>\n<h2 id=\"when-will-the-xteink-s4-be-available\">Quand le Xteink S4 sera-t-il disponible ?<\/h2>\n<p>On ne sait pas encore quand le S4 sera r\u00e9ellement disponible, que ce soit en Chine ou aux \u00c9tats-Unis. Tout ce que nous savons, c&rsquo;est que les pr\u00e9commandes chinoises ouvriront la semaine prochaine, le 27 avril. Xteink n&rsquo;a pas encore annonc\u00e9 quand l&rsquo;appareil sera r\u00e9ellement exp\u00e9di\u00e9 aux clients chinois, et encore moins quand il sera disponible aux \u00c9tats-Unis (j&rsquo;ai contact\u00e9 son service de relations publiques et je mettrai \u00e0 jour ce message lorsque j&rsquo;en saurai plus.)<\/p>\n<h2 id=\"who-is-the-xteink-s4-for\">\u00c0 qui est destin\u00e9 le Xteink S4 ?<\/h2>\n<p>En supposant que les rumeurs soient exactes, le S4 sera un lecteur Android de poche pouvant acc\u00e9der aux applications de lecture et offrant toutes les fonctionnalit\u00e9s de lecture \u00e9lectronique les plus demand\u00e9es, \u00e0 savoir un \u00e9cran tactile et des boutons physiques pour la navigation et un \u00e9clairage avant r\u00e9glable en temp\u00e9rature. S&rsquo;il peut faire tout cela pour moins de 100 $, il remplacerait instantan\u00e9ment le Boox Palma 2 comme ma recommandation pr\u00e9f\u00e9r\u00e9e pour tous ceux qui veulent une liseuse plus petite qui n&rsquo;est pas li\u00e9e \u00e0 un \u00e9cosyst\u00e8me commercial particulier &#8211; et la Palma 2 co\u00fbte plus pr\u00e8s de 250 $ aux \u00c9tats-Unis (il n&rsquo;est actuellement pas disponible, ce qui signifie que vous devrez d\u00e9penser 400 $ pour la Boox Palma 2 Pro, qui est beaucoup plus proche d&rsquo;un smartphone complet que d&rsquo;une liseuse.)<\/p>\n<p>En bref, m\u00eame si les liseuses import\u00e9es resteront toujours un produit de niche, la S4 pourrait v\u00e9ritablement changer la donne pour ceux qui privil\u00e9gient la portabilit\u00e9 et ne veulent pas acheter tous leurs livres sur Amazon. Et \u00e0 en juger par le nombre de fois o\u00f9 j&rsquo;ai \u00e9t\u00e9 arr\u00eat\u00e9 en public et pos\u00e9 des questions sur mon Xteink X3, cela pourrait \u00eatre plus de monde que vous ne le pensez. <\/p>\n","protected":false},"excerpt":{"rendered":"<p>Nous pouvons gagner une commission sur les liens sur cette page. M\u00eame si j&rsquo;ai pass\u00e9 des ann\u00e9es \u00e0 \u00e9vang\u00e9liser pour la Boox Palma 2, une<\/p>\n","protected":false},"author":1,"featured_media":13574,"comment_status":"","ping_status":"","sticky":false,"template":"","format":"standard","meta":{"footnotes":""},"categories":[13],"tags":[3325,23,9364,87,2490,5112,1041,4398],"class_list":["post-13573","post","type-post","status-publish","format-standard","has-post-thumbnail","hentry","category-technologie","tag-appareil","tag-etre","tag-liseuse","tag-mes","tag-petit","tag-poche","tag-pourrait","tag-reves","generate-columns","tablet-grid-50","mobile-grid-100","grid-parent","grid-33"],"yoast_head":"<!-- This site is optimized with the Yoast SEO plugin v24.0 - https:\/\/yoast.com\/wordpress\/plugins\/seo\/ -->\n<title>Ce petit appareil pourrait \u00eatre la liseuse de poche de mes r\u00eaves | Vie Associative<\/title>\n<meta name=\"robots\" content=\"index, follow, max-snippet:-1, max-image-preview:large, max-video-preview:-1\" \/>\n<link rel=\"canonical\" href=\"https:\/\/vieassociative.be\/actualites\/ce-petit-appareil-pourrait-etre-la-liseuse-de-poche-de-mes-reves\/\" \/>\n<meta property=\"og:locale\" content=\"fr_FR\" \/>\n<meta property=\"og:type\" content=\"article\" \/>\n<meta property=\"og:title\" content=\"Ce petit appareil pourrait \u00eatre la liseuse de poche de mes r\u00eaves | Vie Associative\" \/>\n<meta property=\"og:description\" content=\"Nous pouvons gagner une commission sur les liens sur cette page. M\u00eame si j&rsquo;ai pass\u00e9 des ann\u00e9es \u00e0 \u00e9vang\u00e9liser pour la Boox Palma 2, une\" \/>\n<meta property=\"og:url\" content=\"https:\/\/vieassociative.be\/actualites\/ce-petit-appareil-pourrait-etre-la-liseuse-de-poche-de-mes-reves\/\" \/>\n<meta property=\"og:site_name\" content=\"Vie Associative\" \/>\n<meta property=\"article:published_time\" content=\"2026-04-25T08:17:26+00:00\" \/>\n<meta property=\"og:image\" content=\"https:\/\/vieassociative.be\/actualites\/wp-content\/uploads\/2026\/04\/Ce-petit-appareil-pourrait-etre-la-liseuse-de-poche-de.jpg\" \/>\n<meta name=\"author\" content=\"Julien\" \/>\n<meta name=\"twitter:card\" content=\"summary_large_image\" \/>\n<meta name=\"twitter:label1\" content=\"\u00c9crit par\" \/>\n\t<meta name=\"twitter:data1\" content=\"Julien\" \/>\n\t<meta name=\"twitter:label2\" content=\"Dur\u00e9e de lecture est.\" \/>\n\t<meta name=\"twitter:data2\" content=\"6 minutes\" \/>\n<script type=\"application\/ld+json\" class=\"yoast-schema-graph\">{\"@context\":\"https:\/\/schema.org\",\"@graph\":[{\"@type\":\"Article\",\"@id\":\"https:\/\/vieassociative.be\/actualites\/ce-petit-appareil-pourrait-etre-la-liseuse-de-poche-de-mes-reves\/#article\",\"isPartOf\":{\"@id\":\"https:\/\/vieassociative.be\/actualites\/ce-petit-appareil-pourrait-etre-la-liseuse-de-poche-de-mes-reves\/\"},\"author\":{\"name\":\"Julien\",\"@id\":\"https:\/\/vieassociative.be\/actualites\/#\/schema\/person\/b87ac4f82f9d4e7b7cec7395b679edc4\"},\"headline\":\"Ce petit appareil pourrait \u00eatre la liseuse de poche de mes r\u00eaves\",\"datePublished\":\"2026-04-25T08:17:26+00:00\",\"dateModified\":\"2026-04-25T08:17:26+00:00\",\"mainEntityOfPage\":{\"@id\":\"https:\/\/vieassociative.be\/actualites\/ce-petit-appareil-pourrait-etre-la-liseuse-de-poche-de-mes-reves\/\"},\"wordCount\":1169,\"publisher\":{\"@id\":\"https:\/\/vieassociative.be\/actualites\/#organization\"},\"image\":{\"@id\":\"https:\/\/vieassociative.be\/actualites\/ce-petit-appareil-pourrait-etre-la-liseuse-de-poche-de-mes-reves\/#primaryimage\"},\"thumbnailUrl\":\"https:\/\/vieassociative.be\/actualites\/wp-content\/uploads\/2026\/04\/Ce-petit-appareil-pourrait-etre-la-liseuse-de-poche-de.png\",\"keywords\":[\"appareil\",\"\u00eatre\",\"liseuse\",\"Mes\",\"petit\",\"poche\",\"pourrait\",\"r\u00eaves\"],\"articleSection\":[\"Technologie\"],\"inLanguage\":\"fr-BE\"},{\"@type\":\"WebPage\",\"@id\":\"https:\/\/vieassociative.be\/actualites\/ce-petit-appareil-pourrait-etre-la-liseuse-de-poche-de-mes-reves\/\",\"url\":\"https:\/\/vieassociative.be\/actualites\/ce-petit-appareil-pourrait-etre-la-liseuse-de-poche-de-mes-reves\/\",\"name\":\"Ce petit appareil pourrait \u00eatre la liseuse de poche de mes r\u00eaves | Vie Associative\",\"isPartOf\":{\"@id\":\"https:\/\/vieassociative.be\/actualites\/#website\"},\"primaryImageOfPage\":{\"@id\":\"https:\/\/vieassociative.be\/actualites\/ce-petit-appareil-pourrait-etre-la-liseuse-de-poche-de-mes-reves\/#primaryimage\"},\"image\":{\"@id\":\"https:\/\/vieassociative.be\/actualites\/ce-petit-appareil-pourrait-etre-la-liseuse-de-poche-de-mes-reves\/#primaryimage\"},\"thumbnailUrl\":\"https:\/\/vieassociative.be\/actualites\/wp-content\/uploads\/2026\/04\/Ce-petit-appareil-pourrait-etre-la-liseuse-de-poche-de.png\",\"datePublished\":\"2026-04-25T08:17:26+00:00\",\"dateModified\":\"2026-04-25T08:17:26+00:00\",\"breadcrumb\":{\"@id\":\"https:\/\/vieassociative.be\/actualites\/ce-petit-appareil-pourrait-etre-la-liseuse-de-poche-de-mes-reves\/#breadcrumb\"},\"inLanguage\":\"fr-BE\",\"potentialAction\":[{\"@type\":\"ReadAction\",\"target\":[\"https:\/\/vieassociative.be\/actualites\/ce-petit-appareil-pourrait-etre-la-liseuse-de-poche-de-mes-reves\/\"]}]},{\"@type\":\"ImageObject\",\"inLanguage\":\"fr-BE\",\"@id\":\"https:\/\/vieassociative.be\/actualites\/ce-petit-appareil-pourrait-etre-la-liseuse-de-poche-de-mes-reves\/#primaryimage\",\"url\":\"https:\/\/vieassociative.be\/actualites\/wp-content\/uploads\/2026\/04\/Ce-petit-appareil-pourrait-etre-la-liseuse-de-poche-de.png\",\"contentUrl\":\"https:\/\/vieassociative.be\/actualites\/wp-content\/uploads\/2026\/04\/Ce-petit-appareil-pourrait-etre-la-liseuse-de-poche-de.png\",\"width\":1200,\"height\":675,\"caption\":\"Ce petit appareil pourrait \u00eatre la liseuse de poche de mes r\u00eaves\"},{\"@type\":\"BreadcrumbList\",\"@id\":\"https:\/\/vieassociative.be\/actualites\/ce-petit-appareil-pourrait-etre-la-liseuse-de-poche-de-mes-reves\/#breadcrumb\",\"itemListElement\":[{\"@type\":\"ListItem\",\"position\":1,\"name\":\"Accueil\",\"item\":\"https:\/\/vieassociative.be\/actualites\/\"},{\"@type\":\"ListItem\",\"position\":2,\"name\":\"Ce petit appareil pourrait \u00eatre la liseuse de poche de mes r\u00eaves\"}]},{\"@type\":\"WebSite\",\"@id\":\"https:\/\/vieassociative.be\/actualites\/#website\",\"url\":\"https:\/\/vieassociative.be\/actualites\/\",\"name\":\"Vie Associative\",\"description\":\"\",\"publisher\":{\"@id\":\"https:\/\/vieassociative.be\/actualites\/#organization\"},\"potentialAction\":[{\"@type\":\"SearchAction\",\"target\":{\"@type\":\"EntryPoint\",\"urlTemplate\":\"https:\/\/vieassociative.be\/actualites\/?s={search_term_string}\"},\"query-input\":{\"@type\":\"PropertyValueSpecification\",\"valueRequired\":true,\"valueName\":\"search_term_string\"}}],\"inLanguage\":\"fr-BE\"},{\"@type\":\"Organization\",\"@id\":\"https:\/\/vieassociative.be\/actualites\/#organization\",\"name\":\"Vie Associative\",\"url\":\"https:\/\/vieassociative.be\/actualites\/\",\"logo\":{\"@type\":\"ImageObject\",\"inLanguage\":\"fr-BE\",\"@id\":\"https:\/\/vieassociative.be\/actualites\/#\/schema\/logo\/image\/\",\"url\":\"https:\/\/vieassociative.be\/actualites\/wp-content\/uploads\/2024\/09\/cropped-vieassociative_favicon.ico.png\",\"contentUrl\":\"https:\/\/vieassociative.be\/actualites\/wp-content\/uploads\/2024\/09\/cropped-vieassociative_favicon.ico.png\",\"width\":512,\"height\":512,\"caption\":\"Vie Associative\"},\"image\":{\"@id\":\"https:\/\/vieassociative.be\/actualites\/#\/schema\/logo\/image\/\"}},{\"@type\":\"Person\",\"@id\":\"https:\/\/vieassociative.be\/actualites\/#\/schema\/person\/b87ac4f82f9d4e7b7cec7395b679edc4\",\"name\":\"Julien\",\"image\":{\"@type\":\"ImageObject\",\"inLanguage\":\"fr-BE\",\"@id\":\"https:\/\/vieassociative.be\/actualites\/#\/schema\/person\/image\/\",\"url\":\"https:\/\/vieassociative.be\/actualites\/wp-content\/uploads\/2024\/09\/vie-associative-1-150x150.jpg\",\"contentUrl\":\"https:\/\/vieassociative.be\/actualites\/wp-content\/uploads\/2024\/09\/vie-associative-1-150x150.jpg\",\"caption\":\"Julien\"},\"description\":\"Je suis Julien, r\u00e9dacteur pour Vie Associative. Passionn\u00e9 par le monde associatif depuis plus de 10 ans, j'ai \u00e0 c\u0153ur de partager des histoires inspirantes et de mettre en lumi\u00e8re les initiatives locales. Mon objectif est de sensibiliser et d'encourager l'engagement communautaire \u00e0 travers mes articles.\",\"sameAs\":[\"https:\/\/vieassociative.be\/\"]}]}<\/script>\n<!-- \/ Yoast SEO plugin. -->","yoast_head_json":{"title":"Ce petit appareil pourrait \u00eatre la liseuse de poche de mes r\u00eaves | Vie Associative","robots":{"index":"index","follow":"follow","max-snippet":"max-snippet:-1","max-image-preview":"max-image-preview:large","max-video-preview":"max-video-preview:-1"},"canonical":"https:\/\/vieassociative.be\/actualites\/ce-petit-appareil-pourrait-etre-la-liseuse-de-poche-de-mes-reves\/","og_locale":"fr_FR","og_type":"article","og_title":"Ce petit appareil pourrait \u00eatre la liseuse de poche de mes r\u00eaves | Vie Associative","og_description":"Nous pouvons gagner une commission sur les liens sur cette page. M\u00eame si j&rsquo;ai pass\u00e9 des ann\u00e9es \u00e0 \u00e9vang\u00e9liser pour la Boox Palma 2, une","og_url":"https:\/\/vieassociative.be\/actualites\/ce-petit-appareil-pourrait-etre-la-liseuse-de-poche-de-mes-reves\/","og_site_name":"Vie Associative","article_published_time":"2026-04-25T08:17:26+00:00","og_image":[{"url":"https:\/\/vieassociative.be\/actualites\/wp-content\/uploads\/2026\/04\/Ce-petit-appareil-pourrait-etre-la-liseuse-de-poche-de.jpg","type":"","width":"","height":""}],"author":"Julien","twitter_card":"summary_large_image","twitter_misc":{"\u00c9crit par":"Julien","Dur\u00e9e de lecture est.":"6 minutes"},"schema":{"@context":"https:\/\/schema.org","@graph":[{"@type":"Article","@id":"https:\/\/vieassociative.be\/actualites\/ce-petit-appareil-pourrait-etre-la-liseuse-de-poche-de-mes-reves\/#article","isPartOf":{"@id":"https:\/\/vieassociative.be\/actualites\/ce-petit-appareil-pourrait-etre-la-liseuse-de-poche-de-mes-reves\/"},"author":{"name":"Julien","@id":"https:\/\/vieassociative.be\/actualites\/#\/schema\/person\/b87ac4f82f9d4e7b7cec7395b679edc4"},"headline":"Ce petit appareil pourrait \u00eatre la liseuse de poche de mes r\u00eaves","datePublished":"2026-04-25T08:17:26+00:00","dateModified":"2026-04-25T08:17:26+00:00","mainEntityOfPage":{"@id":"https:\/\/vieassociative.be\/actualites\/ce-petit-appareil-pourrait-etre-la-liseuse-de-poche-de-mes-reves\/"},"wordCount":1169,"publisher":{"@id":"https:\/\/vieassociative.be\/actualites\/#organization"},"image":{"@id":"https:\/\/vieassociative.be\/actualites\/ce-petit-appareil-pourrait-etre-la-liseuse-de-poche-de-mes-reves\/#primaryimage"},"thumbnailUrl":"https:\/\/vieassociative.be\/actualites\/wp-content\/uploads\/2026\/04\/Ce-petit-appareil-pourrait-etre-la-liseuse-de-poche-de.png","keywords":["appareil","\u00eatre","liseuse","Mes","petit","poche","pourrait","r\u00eaves"],"articleSection":["Technologie"],"inLanguage":"fr-BE"},{"@type":"WebPage","@id":"https:\/\/vieassociative.be\/actualites\/ce-petit-appareil-pourrait-etre-la-liseuse-de-poche-de-mes-reves\/","url":"https:\/\/vieassociative.be\/actualites\/ce-petit-appareil-pourrait-etre-la-liseuse-de-poche-de-mes-reves\/","name":"Ce petit appareil pourrait \u00eatre la liseuse de poche de mes r\u00eaves | Vie Associative","isPartOf":{"@id":"https:\/\/vieassociative.be\/actualites\/#website"},"primaryImageOfPage":{"@id":"https:\/\/vieassociative.be\/actualites\/ce-petit-appareil-pourrait-etre-la-liseuse-de-poche-de-mes-reves\/#primaryimage"},"image":{"@id":"https:\/\/vieassociative.be\/actualites\/ce-petit-appareil-pourrait-etre-la-liseuse-de-poche-de-mes-reves\/#primaryimage"},"thumbnailUrl":"https:\/\/vieassociative.be\/actualites\/wp-content\/uploads\/2026\/04\/Ce-petit-appareil-pourrait-etre-la-liseuse-de-poche-de.png","datePublished":"2026-04-25T08:17:26+00:00","dateModified":"2026-04-25T08:17:26+00:00","breadcrumb":{"@id":"https:\/\/vieassociative.be\/actualites\/ce-petit-appareil-pourrait-etre-la-liseuse-de-poche-de-mes-reves\/#breadcrumb"},"inLanguage":"fr-BE","potentialAction":[{"@type":"ReadAction","target":["https:\/\/vieassociative.be\/actualites\/ce-petit-appareil-pourrait-etre-la-liseuse-de-poche-de-mes-reves\/"]}]},{"@type":"ImageObject","inLanguage":"fr-BE","@id":"https:\/\/vieassociative.be\/actualites\/ce-petit-appareil-pourrait-etre-la-liseuse-de-poche-de-mes-reves\/#primaryimage","url":"https:\/\/vieassociative.be\/actualites\/wp-content\/uploads\/2026\/04\/Ce-petit-appareil-pourrait-etre-la-liseuse-de-poche-de.png","contentUrl":"https:\/\/vieassociative.be\/actualites\/wp-content\/uploads\/2026\/04\/Ce-petit-appareil-pourrait-etre-la-liseuse-de-poche-de.png","width":1200,"height":675,"caption":"Ce petit appareil pourrait \u00eatre la liseuse de poche de mes r\u00eaves"},{"@type":"BreadcrumbList","@id":"https:\/\/vieassociative.be\/actualites\/ce-petit-appareil-pourrait-etre-la-liseuse-de-poche-de-mes-reves\/#breadcrumb","itemListElement":[{"@type":"ListItem","position":1,"name":"Accueil","item":"https:\/\/vieassociative.be\/actualites\/"},{"@type":"ListItem","position":2,"name":"Ce petit appareil pourrait \u00eatre la liseuse de poche de mes r\u00eaves"}]},{"@type":"WebSite","@id":"https:\/\/vieassociative.be\/actualites\/#website","url":"https:\/\/vieassociative.be\/actualites\/","name":"Vie Associative","description":"","publisher":{"@id":"https:\/\/vieassociative.be\/actualites\/#organization"},"potentialAction":[{"@type":"SearchAction","target":{"@type":"EntryPoint","urlTemplate":"https:\/\/vieassociative.be\/actualites\/?s={search_term_string}"},"query-input":{"@type":"PropertyValueSpecification","valueRequired":true,"valueName":"search_term_string"}}],"inLanguage":"fr-BE"},{"@type":"Organization","@id":"https:\/\/vieassociative.be\/actualites\/#organization","name":"Vie Associative","url":"https:\/\/vieassociative.be\/actualites\/","logo":{"@type":"ImageObject","inLanguage":"fr-BE","@id":"https:\/\/vieassociative.be\/actualites\/#\/schema\/logo\/image\/","url":"https:\/\/vieassociative.be\/actualites\/wp-content\/uploads\/2024\/09\/cropped-vieassociative_favicon.ico.png","contentUrl":"https:\/\/vieassociative.be\/actualites\/wp-content\/uploads\/2024\/09\/cropped-vieassociative_favicon.ico.png","width":512,"height":512,"caption":"Vie Associative"},"image":{"@id":"https:\/\/vieassociative.be\/actualites\/#\/schema\/logo\/image\/"}},{"@type":"Person","@id":"https:\/\/vieassociative.be\/actualites\/#\/schema\/person\/b87ac4f82f9d4e7b7cec7395b679edc4","name":"Julien","image":{"@type":"ImageObject","inLanguage":"fr-BE","@id":"https:\/\/vieassociative.be\/actualites\/#\/schema\/person\/image\/","url":"https:\/\/vieassociative.be\/actualites\/wp-content\/uploads\/2024\/09\/vie-associative-1-150x150.jpg","contentUrl":"https:\/\/vieassociative.be\/actualites\/wp-content\/uploads\/2024\/09\/vie-associative-1-150x150.jpg","caption":"Julien"},"description":"Je suis Julien, r\u00e9dacteur pour Vie Associative. Passionn\u00e9 par le monde associatif depuis plus de 10 ans, j'ai \u00e0 c\u0153ur de partager des histoires inspirantes et de mettre en lumi\u00e8re les initiatives locales. Mon objectif est de sensibiliser et d'encourager l'engagement communautaire \u00e0 travers mes articles.","sameAs":["https:\/\/vieassociative.be\/"]}]}},"_links":{"self":[{"href":"https:\/\/vieassociative.be\/actualites\/wp-json\/wp\/v2\/posts\/13573"}],"collection":[{"href":"https:\/\/vieassociative.be\/actualites\/wp-json\/wp\/v2\/posts"}],"about":[{"href":"https:\/\/vieassociative.be\/actualites\/wp-json\/wp\/v2\/types\/post"}],"author":[{"embeddable":true,"href":"https:\/\/vieassociative.be\/actualites\/wp-json\/wp\/v2\/users\/1"}],"replies":[{"embeddable":true,"href":"https:\/\/vieassociative.be\/actualites\/wp-json\/wp\/v2\/comments?post=13573"}],"version-history":[{"count":0,"href":"https:\/\/vieassociative.be\/actualites\/wp-json\/wp\/v2\/posts\/13573\/revisions"}],"wp:featuredmedia":[{"embeddable":true,"href":"https:\/\/vieassociative.be\/actualites\/wp-json\/wp\/v2\/media\/13574"}],"wp:attachment":[{"href":"https:\/\/vieassociative.be\/actualites\/wp-json\/wp\/v2\/media?parent=13573"}],"wp:term":[{"taxonomy":"category","embeddable":true,"href":"https:\/\/vieassociative.be\/actualites\/wp-json\/wp\/v2\/categories?post=13573"},{"taxonomy":"post_tag","embeddable":true,"href":"https:\/\/vieassociative.be\/actualites\/wp-json\/wp\/v2\/tags?post=13573"}],"curies":[{"name":"wp","href":"https:\/\/api.w.org\/{rel}","templated":true}]}}