{"id":1357,"date":"2024-10-18T09:17:32","date_gmt":"2024-10-18T07:17:32","guid":{"rendered":"https:\/\/vieassociative.be\/actualites\/que-dire-apres-avoir-offense-quelquun-et-que-ne-pas-faire\/"},"modified":"2024-10-18T09:17:32","modified_gmt":"2024-10-18T07:17:32","slug":"que-dire-apres-avoir-offense-quelquun-et-que-ne-pas-faire","status":"publish","type":"post","link":"https:\/\/vieassociative.be\/actualites\/que-dire-apres-avoir-offense-quelquun-et-que-ne-pas-faire\/","title":{"rendered":"Que dire apr\u00e8s avoir offens\u00e9 quelqu&rsquo;un (et que ne pas faire)"},"content":{"rendered":"<div class=\"mt-4 leading-6 md:mb-8\">Pour att\u00e9nuer les d\u00e9g\u00e2ts et garder la relation intacte, il faut \u00eatre direct et sinc\u00e8re.<\/div>\n<p><\/p>\n<p>M\u00eame si vous avez toujours les meilleures intentions, vous finirez par offenser gravement quelqu&rsquo;un \u00e0 un moment donn\u00e9 de votre vie. Peu importe \u00e0 quel point vous \u00eates instruit, conscient ou doux, c&rsquo;est fondamentalement une fatalit\u00e9 humaine, et cela nous arrive tous. Que vous vouliez \u00eatre offensant ou que vous pensiez m\u00eame que l&rsquo;autre personne devrait \u00eatre offens\u00e9e par quelque chose n&rsquo;a pas d&rsquo;importance ; ce qui est important, c&rsquo;est la r\u00e9ponse.<\/p>\n<p>Voici ce qu&rsquo;il faut dire apr\u00e8s avoir offens\u00e9 quelqu&rsquo;un.<\/p>\n<h2 id=\"apologize-as-soon-as-you-can\"><strong>Excusez-vous d\u00e8s que possible<\/strong><\/h2>\n<p>La premi\u00e8re chose \u00e0 savoir est que vous devrez vous excuser. Ne tardez pas l\u00e0-dessus ; M\u00eame si vous \u00eates g\u00ean\u00e9, ne prolongez pas la situation et ne laissez pas entendre que l&rsquo;autre personne r\u00e9agit de mani\u00e8re excessive et ne devrait pas \u00eatre offens\u00e9e. Des excuses directes et en temps opportun sont essentielles ici, tout comme la livraison.<\/p>\n<p>\u00ab\u00a0Toutes excuses doivent effectivement montrer que la personne qui a offens\u00e9 qui que ce soit peut faire preuve d&#8217;empathie, qu&rsquo;elle reconna\u00eet d\u00e9sormais que ce qu&rsquo;elle a dit \u00e9tait offensant, qu&rsquo;elle comprend le probl\u00e8me en question\u00a0\u00bb, a d\u00e9clar\u00e9 Angela Gorman, pr\u00e9sidente d&rsquo;AMWPR, une soci\u00e9t\u00e9 de relations publiques de New York. La ville de York. \u00ab\u00a0La premi\u00e8re chose est donc de reconna\u00eetre l&rsquo;infraction.\u00a0\u00bb<\/p>\n<p>Pour reconna\u00eetre l\u2019offense, a-t-elle dit, reconnaissez-la directement. Bl\u00e2mez-vous et ne m\u00e2chez pas vos mots. Elle a not\u00e9 que dire \u00ab\u00a0J\u2019ai fait une erreur\u00a0\u00bb est beaucoup plus efficace que \u00ab\u00a0Des erreurs ont \u00e9t\u00e9 commises\u00a0\u00bb, car cela signifie que l\u2019on s\u2019approprie l\u2019erreur.<\/p>\n<p>Gorman a soulign\u00e9 les \u00ab trois R \u00bb de la gestion de crise : regretter, r\u00e9agir et rassurer. Exprimez vos regrets pour ce que vous avez fait, parlez-en, rassurez l&rsquo;autre personne que vous ne recommencerez pas, puis apportez les changements n\u00e9cessaires pour donner suite \u00e0 cette assurance. Nous en reparlerons dans un instant.<\/p>\n<h2 id=\"dont-make-excuses\"><strong>Ne cherchez pas d&rsquo;excuses<\/strong><\/h2>\n<p>Une grande partie de la reconnaissance du probl\u00e8me consiste \u00e0 ne pas excuser votre comportement. Tu peux <em>expliquer<\/em> votre comportement, qu&rsquo;il s&rsquo;agisse de reconna\u00eetre un angle mort culturel ou social ou de fournir un contexte expliquant pourquoi vous n&rsquo;\u00e9tiez pas dans un grand espace libre, mais vous ne devriez pas essayer de rejeter ce que vous avez fait ou de d\u00e9tourner le bl\u00e2me.<\/p>\n<p>\u00ab\u00a0\u00c9vitez toute d\u00e9claration contenant une excuse telle que\u00a0: \u00ab Ce n&rsquo;est vraiment pas moi \u00bb ou \u00ab J&rsquo;\u00e9tais extr\u00eamement stress\u00e9 \u00e0 ce moment-l\u00e0 \u00bb. Il vaut mieux dire : \u00ab Il n&rsquo;y a aucune excuse pour les commentaires que j&rsquo;ai faits, et je suis vraiment d\u00e9sol\u00e9 que vous vous sentiez bless\u00e9 \u00bb \u00bb, a d\u00e9clar\u00e9 Gorman.<\/p>\n<h2 id=\"discuss-what-will-change-going-forward\"><strong>Discutez de ce qui va changer \u00e0 l\u2019avenir<\/strong><\/h2>\n<p>Gorman a d\u00e9clar\u00e9 que dans une situation o\u00f9 vous avez offens\u00e9 quelqu&rsquo;un, \u00ab reconnaissez que vous \u00eates d\u00e9\u00e7u par votre propre comportement et que vous ferez tout ce qui est en votre pouvoir pour r\u00e9parer les dommages qui ont \u00e9t\u00e9 caus\u00e9s et offrir une ligne de communication directe pour vous connecter sur la fa\u00e7on dont pour r\u00e9parer au mieux la relation. Anna Rothschild, une c\u00e9l\u00e8bre publiciste, a appuy\u00e9 cette affirmation, soulignant \u00e0 quel point il est important pour quelqu&rsquo;un de \u00ab d\u00e9terminer quels changements vont \u00eatre apport\u00e9s afin qu&rsquo;il ne commette pas le m\u00eame crime une seconde fois \u00bb.<\/p>\n<p>Demandez directement ce qui permettra \u00e0 l&rsquo;autre personne de se sentir mieux et comment vous pourrez \u00eatre plus respectueux \u00e0 l&rsquo;avenir. Engagez-vous \u00e9galement \u00e0 apporter les changements n\u00e9cessaires pour \u00e9viter la r\u00e9cidive, que cela implique de lire sur un probl\u00e8me ou d&rsquo;\u00eatre plus attentif \u00e0 ce que vous dites. Pour renforcer et pr\u00e9server votre relation avec la personne offens\u00e9e, vous devrez tenir vos promesses ici.<\/p>\n<p>Pour d\u00e9terminer quels changements doivent se produire, vous devez \u00e9galement comprendre comment l\u2019infraction a eu lieu et pourquoi l\u2019autre personne est boulevers\u00e9e. Brooke Sprowl, directrice clinique et fondatrice de My LA Therapy, a d\u00e9clar\u00e9 qu&rsquo;elle conseillerait \u00e0 un client qui avait offens\u00e9 quelqu&rsquo;un dans sa vie : \u00ab En g\u00e9n\u00e9ral, je pense qu&rsquo;exprimer de l&#8217;empathie et de la compr\u00e9hension pour le mal qu&rsquo;ils ont caus\u00e9 est un bon point de d\u00e9part et s&rsquo;excuser sinc\u00e8rement. S&rsquo;ils ne comprennent pas pourquoi la personne est bless\u00e9e, poser des questions sinc\u00e8res et faire preuve de curiosit\u00e9 et d&rsquo;inqui\u00e9tude pourrait \u00e9galement \u00eatre utile.<\/p>\n<p>Ne soyez pas accusateur et ne sugg\u00e9rez pas que l&rsquo;autre personne exag\u00e8re quoi que ce soit de mani\u00e8re disproportionn\u00e9e. Demandez-leur plut\u00f4t s\u00e9rieusement pourquoi ils r\u00e9agissent comme ils le font. L&rsquo;infraction pourrait provenir d&rsquo;une mauvaise communication ou d&rsquo;une ignorance, mais rien ne sera r\u00e9solu tant que vous n&rsquo;aurez pas compris ce qui s&rsquo;est pass\u00e9 et comment emp\u00eacher que cela ne se reproduise. <\/p>\n<p><\/p>\n","protected":false},"excerpt":{"rendered":"<p>Pour att\u00e9nuer les d\u00e9g\u00e2ts et garder la relation intacte, il faut \u00eatre direct et sinc\u00e8re. M\u00eame si vous avez toujours les meilleures intentions, vous finirez<\/p>\n","protected":false},"author":1,"featured_media":1358,"comment_status":"","ping_status":"","sticky":false,"template":"","format":"standard","meta":{"footnotes":""},"categories":[42],"tags":[472,224,1074,127,1930,126,326],"class_list":["post-1357","post","type-post","status-publish","format-standard","has-post-thumbnail","hentry","category-relations","tag-apres","tag-avoir","tag-dire","tag-faire","tag-offense","tag-pas","tag-quelquun","generate-columns","tablet-grid-50","mobile-grid-100","grid-parent","grid-33"],"yoast_head":"<!-- This site is optimized with the Yoast SEO plugin v24.0 - https:\/\/yoast.com\/wordpress\/plugins\/seo\/ -->\n<title>Que dire apr\u00e8s avoir offens\u00e9 quelqu&#039;un (et que ne pas faire) | Vie Associative<\/title>\n<meta name=\"robots\" content=\"index, follow, max-snippet:-1, max-image-preview:large, max-video-preview:-1\" \/>\n<link rel=\"canonical\" href=\"https:\/\/vieassociative.be\/actualites\/que-dire-apres-avoir-offense-quelquun-et-que-ne-pas-faire\/\" \/>\n<meta property=\"og:locale\" content=\"fr_FR\" \/>\n<meta property=\"og:type\" content=\"article\" \/>\n<meta property=\"og:title\" content=\"Que dire apr\u00e8s avoir offens\u00e9 quelqu&#039;un (et que ne pas faire) | Vie Associative\" \/>\n<meta property=\"og:description\" content=\"Pour att\u00e9nuer les d\u00e9g\u00e2ts et garder la relation intacte, il faut \u00eatre direct et sinc\u00e8re. M\u00eame si vous avez toujours les meilleures intentions, vous finirez\" \/>\n<meta property=\"og:url\" content=\"https:\/\/vieassociative.be\/actualites\/que-dire-apres-avoir-offense-quelquun-et-que-ne-pas-faire\/\" \/>\n<meta property=\"og:site_name\" content=\"Vie Associative\" \/>\n<meta property=\"article:published_time\" content=\"2024-10-18T07:17:32+00:00\" \/>\n<meta property=\"og:image\" content=\"https:\/\/vieassociative.be\/actualites\/wp-content\/uploads\/2024\/09\/header_backgroundk-01-e1726694325946.png\" \/>\n\t<meta property=\"og:image:width\" content=\"279\" \/>\n\t<meta property=\"og:image:height\" content=\"92\" \/>\n\t<meta property=\"og:image:type\" content=\"image\/png\" \/>\n<meta name=\"author\" content=\"Julien\" \/>\n<meta name=\"twitter:card\" content=\"summary_large_image\" \/>\n<meta name=\"twitter:label1\" content=\"\u00c9crit par\" \/>\n\t<meta name=\"twitter:data1\" content=\"Julien\" \/>\n\t<meta name=\"twitter:label2\" content=\"Dur\u00e9e de lecture est.\" \/>\n\t<meta name=\"twitter:data2\" content=\"4 minutes\" \/>\n<script type=\"application\/ld+json\" class=\"yoast-schema-graph\">{\"@context\":\"https:\/\/schema.org\",\"@graph\":[{\"@type\":\"Article\",\"@id\":\"https:\/\/vieassociative.be\/actualites\/que-dire-apres-avoir-offense-quelquun-et-que-ne-pas-faire\/#article\",\"isPartOf\":{\"@id\":\"https:\/\/vieassociative.be\/actualites\/que-dire-apres-avoir-offense-quelquun-et-que-ne-pas-faire\/\"},\"author\":{\"name\":\"Julien\",\"@id\":\"https:\/\/vieassociative.be\/actualites\/#\/schema\/person\/b87ac4f82f9d4e7b7cec7395b679edc4\"},\"headline\":\"Que dire apr\u00e8s avoir offens\u00e9 quelqu&rsquo;un (et que ne pas faire)\",\"datePublished\":\"2024-10-18T07:17:32+00:00\",\"dateModified\":\"2024-10-18T07:17:32+00:00\",\"mainEntityOfPage\":{\"@id\":\"https:\/\/vieassociative.be\/actualites\/que-dire-apres-avoir-offense-quelquun-et-que-ne-pas-faire\/\"},\"wordCount\":874,\"publisher\":{\"@id\":\"https:\/\/vieassociative.be\/actualites\/#organization\"},\"image\":{\"@id\":\"https:\/\/vieassociative.be\/actualites\/que-dire-apres-avoir-offense-quelquun-et-que-ne-pas-faire\/#primaryimage\"},\"thumbnailUrl\":\"https:\/\/vieassociative.be\/actualites\/wp-content\/uploads\/2024\/10\/Que-dire-apres-avoir-offense-quelquun-et-que-ne-pas.jpg\",\"keywords\":[\"Apr\u00e8s\",\"avoir\",\"dire\",\"faire\",\"offens\u00e9\",\"pas\",\"quelquun\"],\"articleSection\":[\"Relations\"],\"inLanguage\":\"fr-BE\"},{\"@type\":\"WebPage\",\"@id\":\"https:\/\/vieassociative.be\/actualites\/que-dire-apres-avoir-offense-quelquun-et-que-ne-pas-faire\/\",\"url\":\"https:\/\/vieassociative.be\/actualites\/que-dire-apres-avoir-offense-quelquun-et-que-ne-pas-faire\/\",\"name\":\"Que dire apr\u00e8s avoir offens\u00e9 quelqu'un (et que ne pas faire) | Vie Associative\",\"isPartOf\":{\"@id\":\"https:\/\/vieassociative.be\/actualites\/#website\"},\"primaryImageOfPage\":{\"@id\":\"https:\/\/vieassociative.be\/actualites\/que-dire-apres-avoir-offense-quelquun-et-que-ne-pas-faire\/#primaryimage\"},\"image\":{\"@id\":\"https:\/\/vieassociative.be\/actualites\/que-dire-apres-avoir-offense-quelquun-et-que-ne-pas-faire\/#primaryimage\"},\"thumbnailUrl\":\"https:\/\/vieassociative.be\/actualites\/wp-content\/uploads\/2024\/10\/Que-dire-apres-avoir-offense-quelquun-et-que-ne-pas.jpg\",\"datePublished\":\"2024-10-18T07:17:32+00:00\",\"dateModified\":\"2024-10-18T07:17:32+00:00\",\"breadcrumb\":{\"@id\":\"https:\/\/vieassociative.be\/actualites\/que-dire-apres-avoir-offense-quelquun-et-que-ne-pas-faire\/#breadcrumb\"},\"inLanguage\":\"fr-BE\",\"potentialAction\":[{\"@type\":\"ReadAction\",\"target\":[\"https:\/\/vieassociative.be\/actualites\/que-dire-apres-avoir-offense-quelquun-et-que-ne-pas-faire\/\"]}]},{\"@type\":\"ImageObject\",\"inLanguage\":\"fr-BE\",\"@id\":\"https:\/\/vieassociative.be\/actualites\/que-dire-apres-avoir-offense-quelquun-et-que-ne-pas-faire\/#primaryimage\",\"url\":\"https:\/\/vieassociative.be\/actualites\/wp-content\/uploads\/2024\/10\/Que-dire-apres-avoir-offense-quelquun-et-que-ne-pas.jpg\",\"contentUrl\":\"https:\/\/vieassociative.be\/actualites\/wp-content\/uploads\/2024\/10\/Que-dire-apres-avoir-offense-quelquun-et-que-ne-pas.jpg\",\"width\":1200,\"height\":675,\"caption\":\"Que dire apr\u00e8s avoir offens\u00e9 quelqu'un (et que ne pas faire)\"},{\"@type\":\"BreadcrumbList\",\"@id\":\"https:\/\/vieassociative.be\/actualites\/que-dire-apres-avoir-offense-quelquun-et-que-ne-pas-faire\/#breadcrumb\",\"itemListElement\":[{\"@type\":\"ListItem\",\"position\":1,\"name\":\"Accueil\",\"item\":\"https:\/\/vieassociative.be\/actualites\/\"},{\"@type\":\"ListItem\",\"position\":2,\"name\":\"Que dire apr\u00e8s avoir offens\u00e9 quelqu&rsquo;un (et que ne pas faire)\"}]},{\"@type\":\"WebSite\",\"@id\":\"https:\/\/vieassociative.be\/actualites\/#website\",\"url\":\"https:\/\/vieassociative.be\/actualites\/\",\"name\":\"Vie Associative\",\"description\":\"\",\"publisher\":{\"@id\":\"https:\/\/vieassociative.be\/actualites\/#organization\"},\"potentialAction\":[{\"@type\":\"SearchAction\",\"target\":{\"@type\":\"EntryPoint\",\"urlTemplate\":\"https:\/\/vieassociative.be\/actualites\/?s={search_term_string}\"},\"query-input\":{\"@type\":\"PropertyValueSpecification\",\"valueRequired\":true,\"valueName\":\"search_term_string\"}}],\"inLanguage\":\"fr-BE\"},{\"@type\":\"Organization\",\"@id\":\"https:\/\/vieassociative.be\/actualites\/#organization\",\"name\":\"Vie Associative\",\"url\":\"https:\/\/vieassociative.be\/actualites\/\",\"logo\":{\"@type\":\"ImageObject\",\"inLanguage\":\"fr-BE\",\"@id\":\"https:\/\/vieassociative.be\/actualites\/#\/schema\/logo\/image\/\",\"url\":\"https:\/\/vieassociative.be\/actualites\/wp-content\/uploads\/2024\/09\/cropped-vieassociative_favicon.ico.png\",\"contentUrl\":\"https:\/\/vieassociative.be\/actualites\/wp-content\/uploads\/2024\/09\/cropped-vieassociative_favicon.ico.png\",\"width\":512,\"height\":512,\"caption\":\"Vie Associative\"},\"image\":{\"@id\":\"https:\/\/vieassociative.be\/actualites\/#\/schema\/logo\/image\/\"}},{\"@type\":\"Person\",\"@id\":\"https:\/\/vieassociative.be\/actualites\/#\/schema\/person\/b87ac4f82f9d4e7b7cec7395b679edc4\",\"name\":\"Julien\",\"image\":{\"@type\":\"ImageObject\",\"inLanguage\":\"fr-BE\",\"@id\":\"https:\/\/vieassociative.be\/actualites\/#\/schema\/person\/image\/\",\"url\":\"https:\/\/vieassociative.be\/actualites\/wp-content\/uploads\/2024\/09\/vie-associative-1-150x150.jpg\",\"contentUrl\":\"https:\/\/vieassociative.be\/actualites\/wp-content\/uploads\/2024\/09\/vie-associative-1-150x150.jpg\",\"caption\":\"Julien\"},\"description\":\"Je suis Julien, r\u00e9dacteur pour Vie Associative. Passionn\u00e9 par le monde associatif depuis plus de 10 ans, j'ai \u00e0 c\u0153ur de partager des histoires inspirantes et de mettre en lumi\u00e8re les initiatives locales. Mon objectif est de sensibiliser et d'encourager l'engagement communautaire \u00e0 travers mes articles.\",\"sameAs\":[\"https:\/\/vieassociative.be\/\"]}]}<\/script>\n<!-- \/ Yoast SEO plugin. -->","yoast_head_json":{"title":"Que dire apr\u00e8s avoir offens\u00e9 quelqu'un (et que ne pas faire) | Vie Associative","robots":{"index":"index","follow":"follow","max-snippet":"max-snippet:-1","max-image-preview":"max-image-preview:large","max-video-preview":"max-video-preview:-1"},"canonical":"https:\/\/vieassociative.be\/actualites\/que-dire-apres-avoir-offense-quelquun-et-que-ne-pas-faire\/","og_locale":"fr_FR","og_type":"article","og_title":"Que dire apr\u00e8s avoir offens\u00e9 quelqu'un (et que ne pas faire) | Vie Associative","og_description":"Pour att\u00e9nuer les d\u00e9g\u00e2ts et garder la relation intacte, il faut \u00eatre direct et sinc\u00e8re. M\u00eame si vous avez toujours les meilleures intentions, vous finirez","og_url":"https:\/\/vieassociative.be\/actualites\/que-dire-apres-avoir-offense-quelquun-et-que-ne-pas-faire\/","og_site_name":"Vie Associative","article_published_time":"2024-10-18T07:17:32+00:00","og_image":[{"width":279,"height":92,"url":"https:\/\/vieassociative.be\/actualites\/wp-content\/uploads\/2024\/09\/header_backgroundk-01-e1726694325946.png","type":"image\/png"}],"author":"Julien","twitter_card":"summary_large_image","twitter_misc":{"\u00c9crit par":"Julien","Dur\u00e9e de lecture est.":"4 minutes"},"schema":{"@context":"https:\/\/schema.org","@graph":[{"@type":"Article","@id":"https:\/\/vieassociative.be\/actualites\/que-dire-apres-avoir-offense-quelquun-et-que-ne-pas-faire\/#article","isPartOf":{"@id":"https:\/\/vieassociative.be\/actualites\/que-dire-apres-avoir-offense-quelquun-et-que-ne-pas-faire\/"},"author":{"name":"Julien","@id":"https:\/\/vieassociative.be\/actualites\/#\/schema\/person\/b87ac4f82f9d4e7b7cec7395b679edc4"},"headline":"Que dire apr\u00e8s avoir offens\u00e9 quelqu&rsquo;un (et que ne pas faire)","datePublished":"2024-10-18T07:17:32+00:00","dateModified":"2024-10-18T07:17:32+00:00","mainEntityOfPage":{"@id":"https:\/\/vieassociative.be\/actualites\/que-dire-apres-avoir-offense-quelquun-et-que-ne-pas-faire\/"},"wordCount":874,"publisher":{"@id":"https:\/\/vieassociative.be\/actualites\/#organization"},"image":{"@id":"https:\/\/vieassociative.be\/actualites\/que-dire-apres-avoir-offense-quelquun-et-que-ne-pas-faire\/#primaryimage"},"thumbnailUrl":"https:\/\/vieassociative.be\/actualites\/wp-content\/uploads\/2024\/10\/Que-dire-apres-avoir-offense-quelquun-et-que-ne-pas.jpg","keywords":["Apr\u00e8s","avoir","dire","faire","offens\u00e9","pas","quelquun"],"articleSection":["Relations"],"inLanguage":"fr-BE"},{"@type":"WebPage","@id":"https:\/\/vieassociative.be\/actualites\/que-dire-apres-avoir-offense-quelquun-et-que-ne-pas-faire\/","url":"https:\/\/vieassociative.be\/actualites\/que-dire-apres-avoir-offense-quelquun-et-que-ne-pas-faire\/","name":"Que dire apr\u00e8s avoir offens\u00e9 quelqu'un (et que ne pas faire) | Vie Associative","isPartOf":{"@id":"https:\/\/vieassociative.be\/actualites\/#website"},"primaryImageOfPage":{"@id":"https:\/\/vieassociative.be\/actualites\/que-dire-apres-avoir-offense-quelquun-et-que-ne-pas-faire\/#primaryimage"},"image":{"@id":"https:\/\/vieassociative.be\/actualites\/que-dire-apres-avoir-offense-quelquun-et-que-ne-pas-faire\/#primaryimage"},"thumbnailUrl":"https:\/\/vieassociative.be\/actualites\/wp-content\/uploads\/2024\/10\/Que-dire-apres-avoir-offense-quelquun-et-que-ne-pas.jpg","datePublished":"2024-10-18T07:17:32+00:00","dateModified":"2024-10-18T07:17:32+00:00","breadcrumb":{"@id":"https:\/\/vieassociative.be\/actualites\/que-dire-apres-avoir-offense-quelquun-et-que-ne-pas-faire\/#breadcrumb"},"inLanguage":"fr-BE","potentialAction":[{"@type":"ReadAction","target":["https:\/\/vieassociative.be\/actualites\/que-dire-apres-avoir-offense-quelquun-et-que-ne-pas-faire\/"]}]},{"@type":"ImageObject","inLanguage":"fr-BE","@id":"https:\/\/vieassociative.be\/actualites\/que-dire-apres-avoir-offense-quelquun-et-que-ne-pas-faire\/#primaryimage","url":"https:\/\/vieassociative.be\/actualites\/wp-content\/uploads\/2024\/10\/Que-dire-apres-avoir-offense-quelquun-et-que-ne-pas.jpg","contentUrl":"https:\/\/vieassociative.be\/actualites\/wp-content\/uploads\/2024\/10\/Que-dire-apres-avoir-offense-quelquun-et-que-ne-pas.jpg","width":1200,"height":675,"caption":"Que dire apr\u00e8s avoir offens\u00e9 quelqu'un (et que ne pas faire)"},{"@type":"BreadcrumbList","@id":"https:\/\/vieassociative.be\/actualites\/que-dire-apres-avoir-offense-quelquun-et-que-ne-pas-faire\/#breadcrumb","itemListElement":[{"@type":"ListItem","position":1,"name":"Accueil","item":"https:\/\/vieassociative.be\/actualites\/"},{"@type":"ListItem","position":2,"name":"Que dire apr\u00e8s avoir offens\u00e9 quelqu&rsquo;un (et que ne pas faire)"}]},{"@type":"WebSite","@id":"https:\/\/vieassociative.be\/actualites\/#website","url":"https:\/\/vieassociative.be\/actualites\/","name":"Vie Associative","description":"","publisher":{"@id":"https:\/\/vieassociative.be\/actualites\/#organization"},"potentialAction":[{"@type":"SearchAction","target":{"@type":"EntryPoint","urlTemplate":"https:\/\/vieassociative.be\/actualites\/?s={search_term_string}"},"query-input":{"@type":"PropertyValueSpecification","valueRequired":true,"valueName":"search_term_string"}}],"inLanguage":"fr-BE"},{"@type":"Organization","@id":"https:\/\/vieassociative.be\/actualites\/#organization","name":"Vie Associative","url":"https:\/\/vieassociative.be\/actualites\/","logo":{"@type":"ImageObject","inLanguage":"fr-BE","@id":"https:\/\/vieassociative.be\/actualites\/#\/schema\/logo\/image\/","url":"https:\/\/vieassociative.be\/actualites\/wp-content\/uploads\/2024\/09\/cropped-vieassociative_favicon.ico.png","contentUrl":"https:\/\/vieassociative.be\/actualites\/wp-content\/uploads\/2024\/09\/cropped-vieassociative_favicon.ico.png","width":512,"height":512,"caption":"Vie Associative"},"image":{"@id":"https:\/\/vieassociative.be\/actualites\/#\/schema\/logo\/image\/"}},{"@type":"Person","@id":"https:\/\/vieassociative.be\/actualites\/#\/schema\/person\/b87ac4f82f9d4e7b7cec7395b679edc4","name":"Julien","image":{"@type":"ImageObject","inLanguage":"fr-BE","@id":"https:\/\/vieassociative.be\/actualites\/#\/schema\/person\/image\/","url":"https:\/\/vieassociative.be\/actualites\/wp-content\/uploads\/2024\/09\/vie-associative-1-150x150.jpg","contentUrl":"https:\/\/vieassociative.be\/actualites\/wp-content\/uploads\/2024\/09\/vie-associative-1-150x150.jpg","caption":"Julien"},"description":"Je suis Julien, r\u00e9dacteur pour Vie Associative. Passionn\u00e9 par le monde associatif depuis plus de 10 ans, j'ai \u00e0 c\u0153ur de partager des histoires inspirantes et de mettre en lumi\u00e8re les initiatives locales. Mon objectif est de sensibiliser et d'encourager l'engagement communautaire \u00e0 travers mes articles.","sameAs":["https:\/\/vieassociative.be\/"]}]}},"_links":{"self":[{"href":"https:\/\/vieassociative.be\/actualites\/wp-json\/wp\/v2\/posts\/1357"}],"collection":[{"href":"https:\/\/vieassociative.be\/actualites\/wp-json\/wp\/v2\/posts"}],"about":[{"href":"https:\/\/vieassociative.be\/actualites\/wp-json\/wp\/v2\/types\/post"}],"author":[{"embeddable":true,"href":"https:\/\/vieassociative.be\/actualites\/wp-json\/wp\/v2\/users\/1"}],"replies":[{"embeddable":true,"href":"https:\/\/vieassociative.be\/actualites\/wp-json\/wp\/v2\/comments?post=1357"}],"version-history":[{"count":0,"href":"https:\/\/vieassociative.be\/actualites\/wp-json\/wp\/v2\/posts\/1357\/revisions"}],"wp:featuredmedia":[{"embeddable":true,"href":"https:\/\/vieassociative.be\/actualites\/wp-json\/wp\/v2\/media\/1358"}],"wp:attachment":[{"href":"https:\/\/vieassociative.be\/actualites\/wp-json\/wp\/v2\/media?parent=1357"}],"wp:term":[{"taxonomy":"category","embeddable":true,"href":"https:\/\/vieassociative.be\/actualites\/wp-json\/wp\/v2\/categories?post=1357"},{"taxonomy":"post_tag","embeddable":true,"href":"https:\/\/vieassociative.be\/actualites\/wp-json\/wp\/v2\/tags?post=1357"}],"curies":[{"name":"wp","href":"https:\/\/api.w.org\/{rel}","templated":true}]}}