{"id":13565,"date":"2026-04-24T11:17:20","date_gmt":"2026-04-24T09:17:20","guid":{"rendered":"https:\/\/vieassociative.be\/actualites\/michael-balter-vivant-continue-de-tirer-son-epingle-du-jeu-contre-la-dg-du-gouvernement-oliver-paasch-sest-depasse\/"},"modified":"2026-04-24T11:17:20","modified_gmt":"2026-04-24T09:17:20","slug":"michael-balter-vivant-continue-de-tirer-son-epingle-du-jeu-contre-la-dg-du-gouvernement-oliver-paasch-sest-depasse","status":"publish","type":"post","link":"https:\/\/vieassociative.be\/actualites\/michael-balter-vivant-continue-de-tirer-son-epingle-du-jeu-contre-la-dg-du-gouvernement-oliver-paasch-sest-depasse\/","title":{"rendered":"Michael Balter (Vivant) continue de tirer son \u00e9pingle du jeu contre la DG du gouvernement : \u00ab Oliver Paasch s&rsquo;est d\u00e9pass\u00e9 \u00bb"},"content":{"rendered":"<p><strong>Dans une interview accord\u00e9e \u00e0 Grenz-Echo, le porte-parole du groupe parlementaire Vivant, Michael Balter, s&rsquo;exprime une fois de plus contre le gouvernement ProDG-CSP-PFF du Premier ministre Oliver Paasch.<\/strong><\/p>\n<p><span id=\"more-438592\"><\/span>Balter appelle notamment \u00e0 une r\u00e9duction de l\u2019appareil politique. \u00ab\u00a0Trois ministres suffisent amplement\u00a0\u00bb, affirme-t-il. En tout cas, il est favorable \u00e0 une fusion des postes et \u00e0 une rationalisation significative de l&rsquo;ensemble de l&rsquo;administration.<\/p>\n<p>Ce que Balter conteste \u00e9galement, c&rsquo;est la politique de subventions de la DG. Le patron de Vivant est favorable \u00e0 une r\u00e9duction des subventions aux \u00ab\u00a0institutions \u00e9litistes comme Agora, IKOB et projets similaires\u00a0\u00bb. Il est pour une nouvelle culture politique : \u00ab Pas ce populisme \u00e0 la Paasch, qui veut plaire \u00e0 tout le monde et tout subventionner, mais enfin plus de responsabilit\u00e9 personnelle. \u00bb<\/p>\n<div id=\"attachment_414664\" class=\"wp-caption alignleft\" style=\"max-width: 300px\"><img fetchpriority=\"high\" decoding=\"async\" class=\"wp-image-414664 size-medium\" src=\"https:\/\/vieassociative.be\/actualites\/wp-content\/uploads\/2025\/05\/La-Commission-de-controle-des-langues-confirme-une-violation-de.jpg\" alt=\"\" width=\"300\" height=\"201\"  ><\/div>\n<p>Lorsqu&rsquo;on lui demande s&rsquo;il a l&rsquo;impression qu&rsquo;il y a peu de mouvement politique, Balter r\u00e9pond : \u00ab\u00a0Oui. C&rsquo;est scandaleux. Presque l\u00e9thargique. Vous \u00eates \u00e0 bout de nerfs. Oliver Paasch sait qu&rsquo;il a d\u00e9pass\u00e9 ses limites financi\u00e8res. Il faut d\u00e9sormais \u00e9pargner et il n&rsquo;y a plus de place pour des visions.\u00a0\u00bb<\/p>\n<p>Balter critique s\u00e9v\u00e8rement non seulement Paasch, mais aussi les trois partis majoritaires : \u00ab\u00a0Le ProDG se compla\u00eet encore dans sa victoire \u00e9lectorale. Le CSP s&rsquo;est toujours distingu\u00e9, aujourd&rsquo;hui plus que jamais, par son opportunisme et sa passivit\u00e9. Et le PFF ? Cela soul\u00e8ve la question de savoir s&rsquo;il y a encore beaucoup \u00e0 dire sur la cinqui\u00e8me roue de la voiture.\u00a0\u00bb<\/p>\n<p>Dans l&rsquo;interview, Balter se d\u00e9fend \u00e9galement contre l&rsquo;accusation selon laquelle Vivant pose un nombre excessif de questions \u00e0 la DG du gouvernement : \u00ab\u00a0Le contr\u00f4le parlementaire n&rsquo;est pas un luxe, mais le noyau de la d\u00e9mocratie (&#8230;) Nos questions sont actuelles, profondes et ont d\u00e9j\u00e0 fait r\u00e9fl\u00e9chir certains. Certaines d&rsquo;entre elles servent m\u00eame de mod\u00e8le \u00e0 d&rsquo;autres. Nous revitalisons la d\u00e9mocratie &#8211; contrairement \u00e0 nos coll\u00e8gues de la majorit\u00e9 qui ne font que jeter des fleurs au gouvernement. (cre)<\/p>\n","protected":false},"excerpt":{"rendered":"<p>Dans une interview accord\u00e9e \u00e0 Grenz-Echo, le porte-parole du groupe parlementaire Vivant, Michael Balter, s&rsquo;exprime une fois de plus contre le gouvernement ProDG-CSP-PFF du Premier<\/p>\n","protected":false},"author":1,"featured_media":13566,"comment_status":"","ping_status":"","sticky":false,"template":"","format":"standard","meta":{"footnotes":""},"categories":[298],"tags":[3527,2426,796,4153,10559,615,477,3526,3141,2553,3119,800,5536,3138],"class_list":["post-13565","post","type-post","status-publish","format-standard","has-post-thumbnail","hentry","category-belgique","tag-balter","tag-continue","tag-contre","tag-depasse","tag-epingle","tag-gouvernement","tag-jeu","tag-michael","tag-oliver","tag-paasch","tag-sest","tag-son","tag-tirer","tag-vivant","generate-columns","tablet-grid-50","mobile-grid-100","grid-parent","grid-33"],"yoast_head":"<!-- This site is optimized with the Yoast SEO plugin v24.0 - https:\/\/yoast.com\/wordpress\/plugins\/seo\/ -->\n<title>Michael Balter (Vivant) continue de tirer son \u00e9pingle du jeu contre la DG du gouvernement : \u00ab Oliver Paasch s&#039;est d\u00e9pass\u00e9 \u00bb | Vie Associative<\/title>\n<meta name=\"robots\" content=\"index, follow, max-snippet:-1, max-image-preview:large, max-video-preview:-1\" \/>\n<link rel=\"canonical\" href=\"https:\/\/vieassociative.be\/actualites\/michael-balter-vivant-continue-de-tirer-son-epingle-du-jeu-contre-la-dg-du-gouvernement-oliver-paasch-sest-depasse\/\" \/>\n<meta property=\"og:locale\" content=\"fr_FR\" \/>\n<meta property=\"og:type\" content=\"article\" \/>\n<meta property=\"og:title\" content=\"Michael Balter (Vivant) continue de tirer son \u00e9pingle du jeu contre la DG du gouvernement : \u00ab Oliver Paasch s&#039;est d\u00e9pass\u00e9 \u00bb | Vie Associative\" \/>\n<meta property=\"og:description\" content=\"Dans une interview accord\u00e9e \u00e0 Grenz-Echo, le porte-parole du groupe parlementaire Vivant, Michael Balter, s&rsquo;exprime une fois de plus contre le gouvernement ProDG-CSP-PFF du Premier\" \/>\n<meta property=\"og:url\" content=\"https:\/\/vieassociative.be\/actualites\/michael-balter-vivant-continue-de-tirer-son-epingle-du-jeu-contre-la-dg-du-gouvernement-oliver-paasch-sest-depasse\/\" \/>\n<meta property=\"og:site_name\" content=\"Vie Associative\" \/>\n<meta property=\"article:published_time\" content=\"2026-04-24T09:17:20+00:00\" \/>\n<meta property=\"og:image\" content=\"https:\/\/vieassociative.be\/actualites\/wp-content\/uploads\/2024\/09\/header_backgroundk-01-e1726694325946.png\" \/>\n\t<meta property=\"og:image:width\" content=\"279\" \/>\n\t<meta property=\"og:image:height\" content=\"92\" \/>\n\t<meta property=\"og:image:type\" content=\"image\/png\" \/>\n<meta name=\"author\" content=\"Julien\" \/>\n<meta name=\"twitter:card\" content=\"summary_large_image\" \/>\n<meta name=\"twitter:label1\" content=\"\u00c9crit par\" \/>\n\t<meta name=\"twitter:data1\" content=\"Julien\" \/>\n\t<meta name=\"twitter:label2\" content=\"Dur\u00e9e de lecture est.\" \/>\n\t<meta name=\"twitter:data2\" content=\"2 minutes\" \/>\n<script type=\"application\/ld+json\" class=\"yoast-schema-graph\">{\"@context\":\"https:\/\/schema.org\",\"@graph\":[{\"@type\":\"Article\",\"@id\":\"https:\/\/vieassociative.be\/actualites\/michael-balter-vivant-continue-de-tirer-son-epingle-du-jeu-contre-la-dg-du-gouvernement-oliver-paasch-sest-depasse\/#article\",\"isPartOf\":{\"@id\":\"https:\/\/vieassociative.be\/actualites\/michael-balter-vivant-continue-de-tirer-son-epingle-du-jeu-contre-la-dg-du-gouvernement-oliver-paasch-sest-depasse\/\"},\"author\":{\"name\":\"Julien\",\"@id\":\"https:\/\/vieassociative.be\/actualites\/#\/schema\/person\/b87ac4f82f9d4e7b7cec7395b679edc4\"},\"headline\":\"Michael Balter (Vivant) continue de tirer son \u00e9pingle du jeu contre la DG du gouvernement : \u00ab Oliver Paasch s&rsquo;est d\u00e9pass\u00e9 \u00bb\",\"datePublished\":\"2026-04-24T09:17:20+00:00\",\"dateModified\":\"2026-04-24T09:17:20+00:00\",\"mainEntityOfPage\":{\"@id\":\"https:\/\/vieassociative.be\/actualites\/michael-balter-vivant-continue-de-tirer-son-epingle-du-jeu-contre-la-dg-du-gouvernement-oliver-paasch-sest-depasse\/\"},\"wordCount\":361,\"publisher\":{\"@id\":\"https:\/\/vieassociative.be\/actualites\/#organization\"},\"image\":{\"@id\":\"https:\/\/vieassociative.be\/actualites\/michael-balter-vivant-continue-de-tirer-son-epingle-du-jeu-contre-la-dg-du-gouvernement-oliver-paasch-sest-depasse\/#primaryimage\"},\"thumbnailUrl\":\"https:\/\/vieassociative.be\/actualites\/wp-content\/uploads\/2026\/04\/Michael-Balter-Vivant-continue-de-tirer-son-epingle-du-jeu.jpg\",\"keywords\":[\"Balter\",\"continue\",\"contre\",\"d\u00e9passe\",\"\u00e9pingle\",\"gouvernement\",\"jeu\",\"Michael\",\"Oliver\",\"Paasch\",\"sest\",\"son\",\"tirer\",\"Vivant\"],\"articleSection\":[\"Belgique\"],\"inLanguage\":\"fr-BE\"},{\"@type\":\"WebPage\",\"@id\":\"https:\/\/vieassociative.be\/actualites\/michael-balter-vivant-continue-de-tirer-son-epingle-du-jeu-contre-la-dg-du-gouvernement-oliver-paasch-sest-depasse\/\",\"url\":\"https:\/\/vieassociative.be\/actualites\/michael-balter-vivant-continue-de-tirer-son-epingle-du-jeu-contre-la-dg-du-gouvernement-oliver-paasch-sest-depasse\/\",\"name\":\"Michael Balter (Vivant) continue de tirer son \u00e9pingle du jeu contre la DG du gouvernement : \u00ab Oliver Paasch s'est d\u00e9pass\u00e9 \u00bb | Vie Associative\",\"isPartOf\":{\"@id\":\"https:\/\/vieassociative.be\/actualites\/#website\"},\"primaryImageOfPage\":{\"@id\":\"https:\/\/vieassociative.be\/actualites\/michael-balter-vivant-continue-de-tirer-son-epingle-du-jeu-contre-la-dg-du-gouvernement-oliver-paasch-sest-depasse\/#primaryimage\"},\"image\":{\"@id\":\"https:\/\/vieassociative.be\/actualites\/michael-balter-vivant-continue-de-tirer-son-epingle-du-jeu-contre-la-dg-du-gouvernement-oliver-paasch-sest-depasse\/#primaryimage\"},\"thumbnailUrl\":\"https:\/\/vieassociative.be\/actualites\/wp-content\/uploads\/2026\/04\/Michael-Balter-Vivant-continue-de-tirer-son-epingle-du-jeu.jpg\",\"datePublished\":\"2026-04-24T09:17:20+00:00\",\"dateModified\":\"2026-04-24T09:17:20+00:00\",\"breadcrumb\":{\"@id\":\"https:\/\/vieassociative.be\/actualites\/michael-balter-vivant-continue-de-tirer-son-epingle-du-jeu-contre-la-dg-du-gouvernement-oliver-paasch-sest-depasse\/#breadcrumb\"},\"inLanguage\":\"fr-BE\",\"potentialAction\":[{\"@type\":\"ReadAction\",\"target\":[\"https:\/\/vieassociative.be\/actualites\/michael-balter-vivant-continue-de-tirer-son-epingle-du-jeu-contre-la-dg-du-gouvernement-oliver-paasch-sest-depasse\/\"]}]},{\"@type\":\"ImageObject\",\"inLanguage\":\"fr-BE\",\"@id\":\"https:\/\/vieassociative.be\/actualites\/michael-balter-vivant-continue-de-tirer-son-epingle-du-jeu-contre-la-dg-du-gouvernement-oliver-paasch-sest-depasse\/#primaryimage\",\"url\":\"https:\/\/vieassociative.be\/actualites\/wp-content\/uploads\/2026\/04\/Michael-Balter-Vivant-continue-de-tirer-son-epingle-du-jeu.jpg\",\"contentUrl\":\"https:\/\/vieassociative.be\/actualites\/wp-content\/uploads\/2026\/04\/Michael-Balter-Vivant-continue-de-tirer-son-epingle-du-jeu.jpg\",\"width\":1200,\"height\":800,\"caption\":\"Michael Balter (Vivant) continue de tirer son \u00e9pingle du jeu contre la DG du gouvernement : \u00ab Oliver Paasch s'est d\u00e9pass\u00e9 \u00bb\"},{\"@type\":\"BreadcrumbList\",\"@id\":\"https:\/\/vieassociative.be\/actualites\/michael-balter-vivant-continue-de-tirer-son-epingle-du-jeu-contre-la-dg-du-gouvernement-oliver-paasch-sest-depasse\/#breadcrumb\",\"itemListElement\":[{\"@type\":\"ListItem\",\"position\":1,\"name\":\"Accueil\",\"item\":\"https:\/\/vieassociative.be\/actualites\/\"},{\"@type\":\"ListItem\",\"position\":2,\"name\":\"Michael Balter (Vivant) continue de tirer son \u00e9pingle du jeu contre la DG du gouvernement : \u00ab Oliver Paasch s&rsquo;est d\u00e9pass\u00e9 \u00bb\"}]},{\"@type\":\"WebSite\",\"@id\":\"https:\/\/vieassociative.be\/actualites\/#website\",\"url\":\"https:\/\/vieassociative.be\/actualites\/\",\"name\":\"Vie Associative\",\"description\":\"\",\"publisher\":{\"@id\":\"https:\/\/vieassociative.be\/actualites\/#organization\"},\"potentialAction\":[{\"@type\":\"SearchAction\",\"target\":{\"@type\":\"EntryPoint\",\"urlTemplate\":\"https:\/\/vieassociative.be\/actualites\/?s={search_term_string}\"},\"query-input\":{\"@type\":\"PropertyValueSpecification\",\"valueRequired\":true,\"valueName\":\"search_term_string\"}}],\"inLanguage\":\"fr-BE\"},{\"@type\":\"Organization\",\"@id\":\"https:\/\/vieassociative.be\/actualites\/#organization\",\"name\":\"Vie Associative\",\"url\":\"https:\/\/vieassociative.be\/actualites\/\",\"logo\":{\"@type\":\"ImageObject\",\"inLanguage\":\"fr-BE\",\"@id\":\"https:\/\/vieassociative.be\/actualites\/#\/schema\/logo\/image\/\",\"url\":\"https:\/\/vieassociative.be\/actualites\/wp-content\/uploads\/2024\/09\/cropped-vieassociative_favicon.ico.png\",\"contentUrl\":\"https:\/\/vieassociative.be\/actualites\/wp-content\/uploads\/2024\/09\/cropped-vieassociative_favicon.ico.png\",\"width\":512,\"height\":512,\"caption\":\"Vie Associative\"},\"image\":{\"@id\":\"https:\/\/vieassociative.be\/actualites\/#\/schema\/logo\/image\/\"}},{\"@type\":\"Person\",\"@id\":\"https:\/\/vieassociative.be\/actualites\/#\/schema\/person\/b87ac4f82f9d4e7b7cec7395b679edc4\",\"name\":\"Julien\",\"image\":{\"@type\":\"ImageObject\",\"inLanguage\":\"fr-BE\",\"@id\":\"https:\/\/vieassociative.be\/actualites\/#\/schema\/person\/image\/\",\"url\":\"https:\/\/vieassociative.be\/actualites\/wp-content\/uploads\/2024\/09\/vie-associative-1-150x150.jpg\",\"contentUrl\":\"https:\/\/vieassociative.be\/actualites\/wp-content\/uploads\/2024\/09\/vie-associative-1-150x150.jpg\",\"caption\":\"Julien\"},\"description\":\"Je suis Julien, r\u00e9dacteur pour Vie Associative. Passionn\u00e9 par le monde associatif depuis plus de 10 ans, j'ai \u00e0 c\u0153ur de partager des histoires inspirantes et de mettre en lumi\u00e8re les initiatives locales. Mon objectif est de sensibiliser et d'encourager l'engagement communautaire \u00e0 travers mes articles.\",\"sameAs\":[\"https:\/\/vieassociative.be\/\"]}]}<\/script>\n<!-- \/ Yoast SEO plugin. -->","yoast_head_json":{"title":"Michael Balter (Vivant) continue de tirer son \u00e9pingle du jeu contre la DG du gouvernement : \u00ab Oliver Paasch s'est d\u00e9pass\u00e9 \u00bb | Vie Associative","robots":{"index":"index","follow":"follow","max-snippet":"max-snippet:-1","max-image-preview":"max-image-preview:large","max-video-preview":"max-video-preview:-1"},"canonical":"https:\/\/vieassociative.be\/actualites\/michael-balter-vivant-continue-de-tirer-son-epingle-du-jeu-contre-la-dg-du-gouvernement-oliver-paasch-sest-depasse\/","og_locale":"fr_FR","og_type":"article","og_title":"Michael Balter (Vivant) continue de tirer son \u00e9pingle du jeu contre la DG du gouvernement : \u00ab Oliver Paasch s'est d\u00e9pass\u00e9 \u00bb | Vie Associative","og_description":"Dans une interview accord\u00e9e \u00e0 Grenz-Echo, le porte-parole du groupe parlementaire Vivant, Michael Balter, s&rsquo;exprime une fois de plus contre le gouvernement ProDG-CSP-PFF du Premier","og_url":"https:\/\/vieassociative.be\/actualites\/michael-balter-vivant-continue-de-tirer-son-epingle-du-jeu-contre-la-dg-du-gouvernement-oliver-paasch-sest-depasse\/","og_site_name":"Vie Associative","article_published_time":"2026-04-24T09:17:20+00:00","og_image":[{"width":279,"height":92,"url":"https:\/\/vieassociative.be\/actualites\/wp-content\/uploads\/2024\/09\/header_backgroundk-01-e1726694325946.png","type":"image\/png"}],"author":"Julien","twitter_card":"summary_large_image","twitter_misc":{"\u00c9crit par":"Julien","Dur\u00e9e de lecture est.":"2 minutes"},"schema":{"@context":"https:\/\/schema.org","@graph":[{"@type":"Article","@id":"https:\/\/vieassociative.be\/actualites\/michael-balter-vivant-continue-de-tirer-son-epingle-du-jeu-contre-la-dg-du-gouvernement-oliver-paasch-sest-depasse\/#article","isPartOf":{"@id":"https:\/\/vieassociative.be\/actualites\/michael-balter-vivant-continue-de-tirer-son-epingle-du-jeu-contre-la-dg-du-gouvernement-oliver-paasch-sest-depasse\/"},"author":{"name":"Julien","@id":"https:\/\/vieassociative.be\/actualites\/#\/schema\/person\/b87ac4f82f9d4e7b7cec7395b679edc4"},"headline":"Michael Balter (Vivant) continue de tirer son \u00e9pingle du jeu contre la DG du gouvernement : \u00ab Oliver Paasch s&rsquo;est d\u00e9pass\u00e9 \u00bb","datePublished":"2026-04-24T09:17:20+00:00","dateModified":"2026-04-24T09:17:20+00:00","mainEntityOfPage":{"@id":"https:\/\/vieassociative.be\/actualites\/michael-balter-vivant-continue-de-tirer-son-epingle-du-jeu-contre-la-dg-du-gouvernement-oliver-paasch-sest-depasse\/"},"wordCount":361,"publisher":{"@id":"https:\/\/vieassociative.be\/actualites\/#organization"},"image":{"@id":"https:\/\/vieassociative.be\/actualites\/michael-balter-vivant-continue-de-tirer-son-epingle-du-jeu-contre-la-dg-du-gouvernement-oliver-paasch-sest-depasse\/#primaryimage"},"thumbnailUrl":"https:\/\/vieassociative.be\/actualites\/wp-content\/uploads\/2026\/04\/Michael-Balter-Vivant-continue-de-tirer-son-epingle-du-jeu.jpg","keywords":["Balter","continue","contre","d\u00e9passe","\u00e9pingle","gouvernement","jeu","Michael","Oliver","Paasch","sest","son","tirer","Vivant"],"articleSection":["Belgique"],"inLanguage":"fr-BE"},{"@type":"WebPage","@id":"https:\/\/vieassociative.be\/actualites\/michael-balter-vivant-continue-de-tirer-son-epingle-du-jeu-contre-la-dg-du-gouvernement-oliver-paasch-sest-depasse\/","url":"https:\/\/vieassociative.be\/actualites\/michael-balter-vivant-continue-de-tirer-son-epingle-du-jeu-contre-la-dg-du-gouvernement-oliver-paasch-sest-depasse\/","name":"Michael Balter (Vivant) continue de tirer son \u00e9pingle du jeu contre la DG du gouvernement : \u00ab Oliver Paasch s'est d\u00e9pass\u00e9 \u00bb | Vie Associative","isPartOf":{"@id":"https:\/\/vieassociative.be\/actualites\/#website"},"primaryImageOfPage":{"@id":"https:\/\/vieassociative.be\/actualites\/michael-balter-vivant-continue-de-tirer-son-epingle-du-jeu-contre-la-dg-du-gouvernement-oliver-paasch-sest-depasse\/#primaryimage"},"image":{"@id":"https:\/\/vieassociative.be\/actualites\/michael-balter-vivant-continue-de-tirer-son-epingle-du-jeu-contre-la-dg-du-gouvernement-oliver-paasch-sest-depasse\/#primaryimage"},"thumbnailUrl":"https:\/\/vieassociative.be\/actualites\/wp-content\/uploads\/2026\/04\/Michael-Balter-Vivant-continue-de-tirer-son-epingle-du-jeu.jpg","datePublished":"2026-04-24T09:17:20+00:00","dateModified":"2026-04-24T09:17:20+00:00","breadcrumb":{"@id":"https:\/\/vieassociative.be\/actualites\/michael-balter-vivant-continue-de-tirer-son-epingle-du-jeu-contre-la-dg-du-gouvernement-oliver-paasch-sest-depasse\/#breadcrumb"},"inLanguage":"fr-BE","potentialAction":[{"@type":"ReadAction","target":["https:\/\/vieassociative.be\/actualites\/michael-balter-vivant-continue-de-tirer-son-epingle-du-jeu-contre-la-dg-du-gouvernement-oliver-paasch-sest-depasse\/"]}]},{"@type":"ImageObject","inLanguage":"fr-BE","@id":"https:\/\/vieassociative.be\/actualites\/michael-balter-vivant-continue-de-tirer-son-epingle-du-jeu-contre-la-dg-du-gouvernement-oliver-paasch-sest-depasse\/#primaryimage","url":"https:\/\/vieassociative.be\/actualites\/wp-content\/uploads\/2026\/04\/Michael-Balter-Vivant-continue-de-tirer-son-epingle-du-jeu.jpg","contentUrl":"https:\/\/vieassociative.be\/actualites\/wp-content\/uploads\/2026\/04\/Michael-Balter-Vivant-continue-de-tirer-son-epingle-du-jeu.jpg","width":1200,"height":800,"caption":"Michael Balter (Vivant) continue de tirer son \u00e9pingle du jeu contre la DG du gouvernement : \u00ab Oliver Paasch s'est d\u00e9pass\u00e9 \u00bb"},{"@type":"BreadcrumbList","@id":"https:\/\/vieassociative.be\/actualites\/michael-balter-vivant-continue-de-tirer-son-epingle-du-jeu-contre-la-dg-du-gouvernement-oliver-paasch-sest-depasse\/#breadcrumb","itemListElement":[{"@type":"ListItem","position":1,"name":"Accueil","item":"https:\/\/vieassociative.be\/actualites\/"},{"@type":"ListItem","position":2,"name":"Michael Balter (Vivant) continue de tirer son \u00e9pingle du jeu contre la DG du gouvernement : \u00ab Oliver Paasch s&rsquo;est d\u00e9pass\u00e9 \u00bb"}]},{"@type":"WebSite","@id":"https:\/\/vieassociative.be\/actualites\/#website","url":"https:\/\/vieassociative.be\/actualites\/","name":"Vie Associative","description":"","publisher":{"@id":"https:\/\/vieassociative.be\/actualites\/#organization"},"potentialAction":[{"@type":"SearchAction","target":{"@type":"EntryPoint","urlTemplate":"https:\/\/vieassociative.be\/actualites\/?s={search_term_string}"},"query-input":{"@type":"PropertyValueSpecification","valueRequired":true,"valueName":"search_term_string"}}],"inLanguage":"fr-BE"},{"@type":"Organization","@id":"https:\/\/vieassociative.be\/actualites\/#organization","name":"Vie Associative","url":"https:\/\/vieassociative.be\/actualites\/","logo":{"@type":"ImageObject","inLanguage":"fr-BE","@id":"https:\/\/vieassociative.be\/actualites\/#\/schema\/logo\/image\/","url":"https:\/\/vieassociative.be\/actualites\/wp-content\/uploads\/2024\/09\/cropped-vieassociative_favicon.ico.png","contentUrl":"https:\/\/vieassociative.be\/actualites\/wp-content\/uploads\/2024\/09\/cropped-vieassociative_favicon.ico.png","width":512,"height":512,"caption":"Vie Associative"},"image":{"@id":"https:\/\/vieassociative.be\/actualites\/#\/schema\/logo\/image\/"}},{"@type":"Person","@id":"https:\/\/vieassociative.be\/actualites\/#\/schema\/person\/b87ac4f82f9d4e7b7cec7395b679edc4","name":"Julien","image":{"@type":"ImageObject","inLanguage":"fr-BE","@id":"https:\/\/vieassociative.be\/actualites\/#\/schema\/person\/image\/","url":"https:\/\/vieassociative.be\/actualites\/wp-content\/uploads\/2024\/09\/vie-associative-1-150x150.jpg","contentUrl":"https:\/\/vieassociative.be\/actualites\/wp-content\/uploads\/2024\/09\/vie-associative-1-150x150.jpg","caption":"Julien"},"description":"Je suis Julien, r\u00e9dacteur pour Vie Associative. Passionn\u00e9 par le monde associatif depuis plus de 10 ans, j'ai \u00e0 c\u0153ur de partager des histoires inspirantes et de mettre en lumi\u00e8re les initiatives locales. Mon objectif est de sensibiliser et d'encourager l'engagement communautaire \u00e0 travers mes articles.","sameAs":["https:\/\/vieassociative.be\/"]}]}},"_links":{"self":[{"href":"https:\/\/vieassociative.be\/actualites\/wp-json\/wp\/v2\/posts\/13565"}],"collection":[{"href":"https:\/\/vieassociative.be\/actualites\/wp-json\/wp\/v2\/posts"}],"about":[{"href":"https:\/\/vieassociative.be\/actualites\/wp-json\/wp\/v2\/types\/post"}],"author":[{"embeddable":true,"href":"https:\/\/vieassociative.be\/actualites\/wp-json\/wp\/v2\/users\/1"}],"replies":[{"embeddable":true,"href":"https:\/\/vieassociative.be\/actualites\/wp-json\/wp\/v2\/comments?post=13565"}],"version-history":[{"count":0,"href":"https:\/\/vieassociative.be\/actualites\/wp-json\/wp\/v2\/posts\/13565\/revisions"}],"wp:featuredmedia":[{"embeddable":true,"href":"https:\/\/vieassociative.be\/actualites\/wp-json\/wp\/v2\/media\/13566"}],"wp:attachment":[{"href":"https:\/\/vieassociative.be\/actualites\/wp-json\/wp\/v2\/media?parent=13565"}],"wp:term":[{"taxonomy":"category","embeddable":true,"href":"https:\/\/vieassociative.be\/actualites\/wp-json\/wp\/v2\/categories?post=13565"},{"taxonomy":"post_tag","embeddable":true,"href":"https:\/\/vieassociative.be\/actualites\/wp-json\/wp\/v2\/tags?post=13565"}],"curies":[{"name":"wp","href":"https:\/\/api.w.org\/{rel}","templated":true}]}}