{"id":13559,"date":"2026-04-23T23:18:07","date_gmt":"2026-04-23T21:18:07","guid":{"rendered":"https:\/\/vieassociative.be\/actualites\/un-ours-brun-tue-une-femme-de-58-ans-en-pologne-son-fils-appelle-les-urgences\/"},"modified":"2026-04-23T23:18:07","modified_gmt":"2026-04-23T21:18:07","slug":"un-ours-brun-tue-une-femme-de-58-ans-en-pologne-son-fils-appelle-les-urgences","status":"publish","type":"post","link":"https:\/\/vieassociative.be\/actualites\/un-ours-brun-tue-une-femme-de-58-ans-en-pologne-son-fils-appelle-les-urgences\/","title":{"rendered":"Un ours brun tue une femme de 58 ans en Pologne \u2013 son fils appelle les urgences"},"content":{"rendered":"<p><strong>Un ours brun a attaqu\u00e9 et bless\u00e9 mortellement une femme en Pologne. L&rsquo;accident s&rsquo;est produit pr\u00e8s de la ville de Plonna, \u00e0 l&rsquo;extr\u00eame sud-est du pays, a indiqu\u00e9 la police locale.<\/strong><\/p>\n<p><span id=\"more-438594\"><\/span>C&rsquo;est le fils de l&rsquo;homme de 58 ans qui a appel\u00e9 les urgences. Lorsque les sauveteurs du service de secours en montagne, la police et les pompiers sont arriv\u00e9s sur les lieux de l&rsquo;accident, difficilement accessibles, ils ont trouv\u00e9 la femme gri\u00e8vement bless\u00e9e. Cependant, toute aide est arriv\u00e9e trop tard pour elle et elle est d\u00e9c\u00e9d\u00e9e des suites de ses blessures peu de temps apr\u00e8s.<\/p>\n<p>Selon les informations de la cha\u00eene TVP, la femme et son fils voulaient rechercher des bois de cerf perdus dans la zone foresti\u00e8re. Ils se perdirent de vue. Lorsque le fils cherchait la m\u00e8re, il la trouva finalement gravement bless\u00e9e.<\/p>\n<p>La police a appel\u00e9 les habitants de la ville des Basses-Carpates \u00e0 ne pas quitter leur domicile pour le moment. (dpa)<\/p>\n","protected":false},"excerpt":{"rendered":"<p>Un ours brun a attaqu\u00e9 et bless\u00e9 mortellement une femme en Pologne. L&rsquo;accident s&rsquo;est produit pr\u00e8s de la ville de Plonna, \u00e0 l&rsquo;extr\u00eame sud-est du<\/p>\n","protected":false},"author":1,"featured_media":13560,"comment_status":"","ping_status":"","sticky":false,"template":"","format":"standard","meta":{"footnotes":""},"categories":[298],"tags":[584,5218,10556,4918,2259,14,7266,800,4814,110,5281],"class_list":["post-13559","post","type-post","status-publish","format-standard","has-post-thumbnail","hentry","category-belgique","tag-ans","tag-appelle","tag-brun","tag-femme","tag-fils","tag-les","tag-pologne","tag-son","tag-tue","tag-une","tag-urgences","generate-columns","tablet-grid-50","mobile-grid-100","grid-parent","grid-33"],"yoast_head":"<!-- This site is optimized with the Yoast SEO plugin v24.0 - https:\/\/yoast.com\/wordpress\/plugins\/seo\/ -->\n<title>Un ours brun tue une femme de 58 ans en Pologne \u2013 son fils appelle les urgences | Vie Associative<\/title>\n<meta name=\"robots\" content=\"index, follow, max-snippet:-1, max-image-preview:large, max-video-preview:-1\" \/>\n<link rel=\"canonical\" href=\"https:\/\/vieassociative.be\/actualites\/un-ours-brun-tue-une-femme-de-58-ans-en-pologne-son-fils-appelle-les-urgences\/\" \/>\n<meta property=\"og:locale\" content=\"fr_FR\" \/>\n<meta property=\"og:type\" content=\"article\" \/>\n<meta property=\"og:title\" content=\"Un ours brun tue une femme de 58 ans en Pologne \u2013 son fils appelle les urgences | Vie Associative\" \/>\n<meta property=\"og:description\" content=\"Un ours brun a attaqu\u00e9 et bless\u00e9 mortellement une femme en Pologne. L&rsquo;accident s&rsquo;est produit pr\u00e8s de la ville de Plonna, \u00e0 l&rsquo;extr\u00eame sud-est du\" \/>\n<meta property=\"og:url\" content=\"https:\/\/vieassociative.be\/actualites\/un-ours-brun-tue-une-femme-de-58-ans-en-pologne-son-fils-appelle-les-urgences\/\" \/>\n<meta property=\"og:site_name\" content=\"Vie Associative\" \/>\n<meta property=\"article:published_time\" content=\"2026-04-23T21:18:07+00:00\" \/>\n<meta property=\"og:image\" content=\"https:\/\/vieassociative.be\/actualites\/wp-content\/uploads\/2024\/09\/header_backgroundk-01-e1726694325946.png\" \/>\n\t<meta property=\"og:image:width\" content=\"279\" \/>\n\t<meta property=\"og:image:height\" content=\"92\" \/>\n\t<meta property=\"og:image:type\" content=\"image\/png\" \/>\n<meta name=\"author\" content=\"Julien\" \/>\n<meta name=\"twitter:card\" content=\"summary_large_image\" \/>\n<meta name=\"twitter:label1\" content=\"\u00c9crit par\" \/>\n\t<meta name=\"twitter:data1\" content=\"Julien\" \/>\n\t<meta name=\"twitter:label2\" content=\"Dur\u00e9e de lecture est.\" \/>\n\t<meta name=\"twitter:data2\" content=\"1 minute\" \/>\n<script type=\"application\/ld+json\" class=\"yoast-schema-graph\">{\"@context\":\"https:\/\/schema.org\",\"@graph\":[{\"@type\":\"Article\",\"@id\":\"https:\/\/vieassociative.be\/actualites\/un-ours-brun-tue-une-femme-de-58-ans-en-pologne-son-fils-appelle-les-urgences\/#article\",\"isPartOf\":{\"@id\":\"https:\/\/vieassociative.be\/actualites\/un-ours-brun-tue-une-femme-de-58-ans-en-pologne-son-fils-appelle-les-urgences\/\"},\"author\":{\"name\":\"Julien\",\"@id\":\"https:\/\/vieassociative.be\/actualites\/#\/schema\/person\/b87ac4f82f9d4e7b7cec7395b679edc4\"},\"headline\":\"Un ours brun tue une femme de 58 ans en Pologne \u2013 son fils appelle les urgences\",\"datePublished\":\"2026-04-23T21:18:07+00:00\",\"dateModified\":\"2026-04-23T21:18:07+00:00\",\"mainEntityOfPage\":{\"@id\":\"https:\/\/vieassociative.be\/actualites\/un-ours-brun-tue-une-femme-de-58-ans-en-pologne-son-fils-appelle-les-urgences\/\"},\"wordCount\":189,\"publisher\":{\"@id\":\"https:\/\/vieassociative.be\/actualites\/#organization\"},\"image\":{\"@id\":\"https:\/\/vieassociative.be\/actualites\/un-ours-brun-tue-une-femme-de-58-ans-en-pologne-son-fils-appelle-les-urgences\/#primaryimage\"},\"thumbnailUrl\":\"https:\/\/vieassociative.be\/actualites\/wp-content\/uploads\/2026\/04\/Un-ours-brun-tue-une-femme-de-58-ans-en.jpg\",\"keywords\":[\"ans\",\"appelle\",\"brun\",\"femme\",\"fils\",\"Les\",\"Pologne\",\"son\",\"tue\",\"une\",\"urgences\"],\"articleSection\":[\"Belgique\"],\"inLanguage\":\"fr-BE\"},{\"@type\":\"WebPage\",\"@id\":\"https:\/\/vieassociative.be\/actualites\/un-ours-brun-tue-une-femme-de-58-ans-en-pologne-son-fils-appelle-les-urgences\/\",\"url\":\"https:\/\/vieassociative.be\/actualites\/un-ours-brun-tue-une-femme-de-58-ans-en-pologne-son-fils-appelle-les-urgences\/\",\"name\":\"Un ours brun tue une femme de 58 ans en Pologne \u2013 son fils appelle les urgences | Vie Associative\",\"isPartOf\":{\"@id\":\"https:\/\/vieassociative.be\/actualites\/#website\"},\"primaryImageOfPage\":{\"@id\":\"https:\/\/vieassociative.be\/actualites\/un-ours-brun-tue-une-femme-de-58-ans-en-pologne-son-fils-appelle-les-urgences\/#primaryimage\"},\"image\":{\"@id\":\"https:\/\/vieassociative.be\/actualites\/un-ours-brun-tue-une-femme-de-58-ans-en-pologne-son-fils-appelle-les-urgences\/#primaryimage\"},\"thumbnailUrl\":\"https:\/\/vieassociative.be\/actualites\/wp-content\/uploads\/2026\/04\/Un-ours-brun-tue-une-femme-de-58-ans-en.jpg\",\"datePublished\":\"2026-04-23T21:18:07+00:00\",\"dateModified\":\"2026-04-23T21:18:07+00:00\",\"breadcrumb\":{\"@id\":\"https:\/\/vieassociative.be\/actualites\/un-ours-brun-tue-une-femme-de-58-ans-en-pologne-son-fils-appelle-les-urgences\/#breadcrumb\"},\"inLanguage\":\"fr-BE\",\"potentialAction\":[{\"@type\":\"ReadAction\",\"target\":[\"https:\/\/vieassociative.be\/actualites\/un-ours-brun-tue-une-femme-de-58-ans-en-pologne-son-fils-appelle-les-urgences\/\"]}]},{\"@type\":\"ImageObject\",\"inLanguage\":\"fr-BE\",\"@id\":\"https:\/\/vieassociative.be\/actualites\/un-ours-brun-tue-une-femme-de-58-ans-en-pologne-son-fils-appelle-les-urgences\/#primaryimage\",\"url\":\"https:\/\/vieassociative.be\/actualites\/wp-content\/uploads\/2026\/04\/Un-ours-brun-tue-une-femme-de-58-ans-en.jpg\",\"contentUrl\":\"https:\/\/vieassociative.be\/actualites\/wp-content\/uploads\/2026\/04\/Un-ours-brun-tue-une-femme-de-58-ans-en.jpg\",\"width\":1167,\"height\":800,\"caption\":\"Un ours brun tue une femme de 58 ans en Pologne \u2013 son fils appelle les urgences\"},{\"@type\":\"BreadcrumbList\",\"@id\":\"https:\/\/vieassociative.be\/actualites\/un-ours-brun-tue-une-femme-de-58-ans-en-pologne-son-fils-appelle-les-urgences\/#breadcrumb\",\"itemListElement\":[{\"@type\":\"ListItem\",\"position\":1,\"name\":\"Accueil\",\"item\":\"https:\/\/vieassociative.be\/actualites\/\"},{\"@type\":\"ListItem\",\"position\":2,\"name\":\"Un ours brun tue une femme de 58 ans en Pologne \u2013 son fils appelle les urgences\"}]},{\"@type\":\"WebSite\",\"@id\":\"https:\/\/vieassociative.be\/actualites\/#website\",\"url\":\"https:\/\/vieassociative.be\/actualites\/\",\"name\":\"Vie Associative\",\"description\":\"\",\"publisher\":{\"@id\":\"https:\/\/vieassociative.be\/actualites\/#organization\"},\"potentialAction\":[{\"@type\":\"SearchAction\",\"target\":{\"@type\":\"EntryPoint\",\"urlTemplate\":\"https:\/\/vieassociative.be\/actualites\/?s={search_term_string}\"},\"query-input\":{\"@type\":\"PropertyValueSpecification\",\"valueRequired\":true,\"valueName\":\"search_term_string\"}}],\"inLanguage\":\"fr-BE\"},{\"@type\":\"Organization\",\"@id\":\"https:\/\/vieassociative.be\/actualites\/#organization\",\"name\":\"Vie Associative\",\"url\":\"https:\/\/vieassociative.be\/actualites\/\",\"logo\":{\"@type\":\"ImageObject\",\"inLanguage\":\"fr-BE\",\"@id\":\"https:\/\/vieassociative.be\/actualites\/#\/schema\/logo\/image\/\",\"url\":\"https:\/\/vieassociative.be\/actualites\/wp-content\/uploads\/2024\/09\/cropped-vieassociative_favicon.ico.png\",\"contentUrl\":\"https:\/\/vieassociative.be\/actualites\/wp-content\/uploads\/2024\/09\/cropped-vieassociative_favicon.ico.png\",\"width\":512,\"height\":512,\"caption\":\"Vie Associative\"},\"image\":{\"@id\":\"https:\/\/vieassociative.be\/actualites\/#\/schema\/logo\/image\/\"}},{\"@type\":\"Person\",\"@id\":\"https:\/\/vieassociative.be\/actualites\/#\/schema\/person\/b87ac4f82f9d4e7b7cec7395b679edc4\",\"name\":\"Julien\",\"image\":{\"@type\":\"ImageObject\",\"inLanguage\":\"fr-BE\",\"@id\":\"https:\/\/vieassociative.be\/actualites\/#\/schema\/person\/image\/\",\"url\":\"https:\/\/vieassociative.be\/actualites\/wp-content\/uploads\/2024\/09\/vie-associative-1-150x150.jpg\",\"contentUrl\":\"https:\/\/vieassociative.be\/actualites\/wp-content\/uploads\/2024\/09\/vie-associative-1-150x150.jpg\",\"caption\":\"Julien\"},\"description\":\"Je suis Julien, r\u00e9dacteur pour Vie Associative. Passionn\u00e9 par le monde associatif depuis plus de 10 ans, j'ai \u00e0 c\u0153ur de partager des histoires inspirantes et de mettre en lumi\u00e8re les initiatives locales. Mon objectif est de sensibiliser et d'encourager l'engagement communautaire \u00e0 travers mes articles.\",\"sameAs\":[\"https:\/\/vieassociative.be\/\"]}]}<\/script>\n<!-- \/ Yoast SEO plugin. -->","yoast_head_json":{"title":"Un ours brun tue une femme de 58 ans en Pologne \u2013 son fils appelle les urgences | Vie Associative","robots":{"index":"index","follow":"follow","max-snippet":"max-snippet:-1","max-image-preview":"max-image-preview:large","max-video-preview":"max-video-preview:-1"},"canonical":"https:\/\/vieassociative.be\/actualites\/un-ours-brun-tue-une-femme-de-58-ans-en-pologne-son-fils-appelle-les-urgences\/","og_locale":"fr_FR","og_type":"article","og_title":"Un ours brun tue une femme de 58 ans en Pologne \u2013 son fils appelle les urgences | Vie Associative","og_description":"Un ours brun a attaqu\u00e9 et bless\u00e9 mortellement une femme en Pologne. L&rsquo;accident s&rsquo;est produit pr\u00e8s de la ville de Plonna, \u00e0 l&rsquo;extr\u00eame sud-est du","og_url":"https:\/\/vieassociative.be\/actualites\/un-ours-brun-tue-une-femme-de-58-ans-en-pologne-son-fils-appelle-les-urgences\/","og_site_name":"Vie Associative","article_published_time":"2026-04-23T21:18:07+00:00","og_image":[{"width":279,"height":92,"url":"https:\/\/vieassociative.be\/actualites\/wp-content\/uploads\/2024\/09\/header_backgroundk-01-e1726694325946.png","type":"image\/png"}],"author":"Julien","twitter_card":"summary_large_image","twitter_misc":{"\u00c9crit par":"Julien","Dur\u00e9e de lecture est.":"1 minute"},"schema":{"@context":"https:\/\/schema.org","@graph":[{"@type":"Article","@id":"https:\/\/vieassociative.be\/actualites\/un-ours-brun-tue-une-femme-de-58-ans-en-pologne-son-fils-appelle-les-urgences\/#article","isPartOf":{"@id":"https:\/\/vieassociative.be\/actualites\/un-ours-brun-tue-une-femme-de-58-ans-en-pologne-son-fils-appelle-les-urgences\/"},"author":{"name":"Julien","@id":"https:\/\/vieassociative.be\/actualites\/#\/schema\/person\/b87ac4f82f9d4e7b7cec7395b679edc4"},"headline":"Un ours brun tue une femme de 58 ans en Pologne \u2013 son fils appelle les urgences","datePublished":"2026-04-23T21:18:07+00:00","dateModified":"2026-04-23T21:18:07+00:00","mainEntityOfPage":{"@id":"https:\/\/vieassociative.be\/actualites\/un-ours-brun-tue-une-femme-de-58-ans-en-pologne-son-fils-appelle-les-urgences\/"},"wordCount":189,"publisher":{"@id":"https:\/\/vieassociative.be\/actualites\/#organization"},"image":{"@id":"https:\/\/vieassociative.be\/actualites\/un-ours-brun-tue-une-femme-de-58-ans-en-pologne-son-fils-appelle-les-urgences\/#primaryimage"},"thumbnailUrl":"https:\/\/vieassociative.be\/actualites\/wp-content\/uploads\/2026\/04\/Un-ours-brun-tue-une-femme-de-58-ans-en.jpg","keywords":["ans","appelle","brun","femme","fils","Les","Pologne","son","tue","une","urgences"],"articleSection":["Belgique"],"inLanguage":"fr-BE"},{"@type":"WebPage","@id":"https:\/\/vieassociative.be\/actualites\/un-ours-brun-tue-une-femme-de-58-ans-en-pologne-son-fils-appelle-les-urgences\/","url":"https:\/\/vieassociative.be\/actualites\/un-ours-brun-tue-une-femme-de-58-ans-en-pologne-son-fils-appelle-les-urgences\/","name":"Un ours brun tue une femme de 58 ans en Pologne \u2013 son fils appelle les urgences | Vie Associative","isPartOf":{"@id":"https:\/\/vieassociative.be\/actualites\/#website"},"primaryImageOfPage":{"@id":"https:\/\/vieassociative.be\/actualites\/un-ours-brun-tue-une-femme-de-58-ans-en-pologne-son-fils-appelle-les-urgences\/#primaryimage"},"image":{"@id":"https:\/\/vieassociative.be\/actualites\/un-ours-brun-tue-une-femme-de-58-ans-en-pologne-son-fils-appelle-les-urgences\/#primaryimage"},"thumbnailUrl":"https:\/\/vieassociative.be\/actualites\/wp-content\/uploads\/2026\/04\/Un-ours-brun-tue-une-femme-de-58-ans-en.jpg","datePublished":"2026-04-23T21:18:07+00:00","dateModified":"2026-04-23T21:18:07+00:00","breadcrumb":{"@id":"https:\/\/vieassociative.be\/actualites\/un-ours-brun-tue-une-femme-de-58-ans-en-pologne-son-fils-appelle-les-urgences\/#breadcrumb"},"inLanguage":"fr-BE","potentialAction":[{"@type":"ReadAction","target":["https:\/\/vieassociative.be\/actualites\/un-ours-brun-tue-une-femme-de-58-ans-en-pologne-son-fils-appelle-les-urgences\/"]}]},{"@type":"ImageObject","inLanguage":"fr-BE","@id":"https:\/\/vieassociative.be\/actualites\/un-ours-brun-tue-une-femme-de-58-ans-en-pologne-son-fils-appelle-les-urgences\/#primaryimage","url":"https:\/\/vieassociative.be\/actualites\/wp-content\/uploads\/2026\/04\/Un-ours-brun-tue-une-femme-de-58-ans-en.jpg","contentUrl":"https:\/\/vieassociative.be\/actualites\/wp-content\/uploads\/2026\/04\/Un-ours-brun-tue-une-femme-de-58-ans-en.jpg","width":1167,"height":800,"caption":"Un ours brun tue une femme de 58 ans en Pologne \u2013 son fils appelle les urgences"},{"@type":"BreadcrumbList","@id":"https:\/\/vieassociative.be\/actualites\/un-ours-brun-tue-une-femme-de-58-ans-en-pologne-son-fils-appelle-les-urgences\/#breadcrumb","itemListElement":[{"@type":"ListItem","position":1,"name":"Accueil","item":"https:\/\/vieassociative.be\/actualites\/"},{"@type":"ListItem","position":2,"name":"Un ours brun tue une femme de 58 ans en Pologne \u2013 son fils appelle les urgences"}]},{"@type":"WebSite","@id":"https:\/\/vieassociative.be\/actualites\/#website","url":"https:\/\/vieassociative.be\/actualites\/","name":"Vie Associative","description":"","publisher":{"@id":"https:\/\/vieassociative.be\/actualites\/#organization"},"potentialAction":[{"@type":"SearchAction","target":{"@type":"EntryPoint","urlTemplate":"https:\/\/vieassociative.be\/actualites\/?s={search_term_string}"},"query-input":{"@type":"PropertyValueSpecification","valueRequired":true,"valueName":"search_term_string"}}],"inLanguage":"fr-BE"},{"@type":"Organization","@id":"https:\/\/vieassociative.be\/actualites\/#organization","name":"Vie Associative","url":"https:\/\/vieassociative.be\/actualites\/","logo":{"@type":"ImageObject","inLanguage":"fr-BE","@id":"https:\/\/vieassociative.be\/actualites\/#\/schema\/logo\/image\/","url":"https:\/\/vieassociative.be\/actualites\/wp-content\/uploads\/2024\/09\/cropped-vieassociative_favicon.ico.png","contentUrl":"https:\/\/vieassociative.be\/actualites\/wp-content\/uploads\/2024\/09\/cropped-vieassociative_favicon.ico.png","width":512,"height":512,"caption":"Vie Associative"},"image":{"@id":"https:\/\/vieassociative.be\/actualites\/#\/schema\/logo\/image\/"}},{"@type":"Person","@id":"https:\/\/vieassociative.be\/actualites\/#\/schema\/person\/b87ac4f82f9d4e7b7cec7395b679edc4","name":"Julien","image":{"@type":"ImageObject","inLanguage":"fr-BE","@id":"https:\/\/vieassociative.be\/actualites\/#\/schema\/person\/image\/","url":"https:\/\/vieassociative.be\/actualites\/wp-content\/uploads\/2024\/09\/vie-associative-1-150x150.jpg","contentUrl":"https:\/\/vieassociative.be\/actualites\/wp-content\/uploads\/2024\/09\/vie-associative-1-150x150.jpg","caption":"Julien"},"description":"Je suis Julien, r\u00e9dacteur pour Vie Associative. Passionn\u00e9 par le monde associatif depuis plus de 10 ans, j'ai \u00e0 c\u0153ur de partager des histoires inspirantes et de mettre en lumi\u00e8re les initiatives locales. Mon objectif est de sensibiliser et d'encourager l'engagement communautaire \u00e0 travers mes articles.","sameAs":["https:\/\/vieassociative.be\/"]}]}},"_links":{"self":[{"href":"https:\/\/vieassociative.be\/actualites\/wp-json\/wp\/v2\/posts\/13559"}],"collection":[{"href":"https:\/\/vieassociative.be\/actualites\/wp-json\/wp\/v2\/posts"}],"about":[{"href":"https:\/\/vieassociative.be\/actualites\/wp-json\/wp\/v2\/types\/post"}],"author":[{"embeddable":true,"href":"https:\/\/vieassociative.be\/actualites\/wp-json\/wp\/v2\/users\/1"}],"replies":[{"embeddable":true,"href":"https:\/\/vieassociative.be\/actualites\/wp-json\/wp\/v2\/comments?post=13559"}],"version-history":[{"count":0,"href":"https:\/\/vieassociative.be\/actualites\/wp-json\/wp\/v2\/posts\/13559\/revisions"}],"wp:featuredmedia":[{"embeddable":true,"href":"https:\/\/vieassociative.be\/actualites\/wp-json\/wp\/v2\/media\/13560"}],"wp:attachment":[{"href":"https:\/\/vieassociative.be\/actualites\/wp-json\/wp\/v2\/media?parent=13559"}],"wp:term":[{"taxonomy":"category","embeddable":true,"href":"https:\/\/vieassociative.be\/actualites\/wp-json\/wp\/v2\/categories?post=13559"},{"taxonomy":"post_tag","embeddable":true,"href":"https:\/\/vieassociative.be\/actualites\/wp-json\/wp\/v2\/tags?post=13559"}],"curies":[{"name":"wp","href":"https:\/\/api.w.org\/{rel}","templated":true}]}}