{"id":13555,"date":"2026-04-23T16:17:50","date_gmt":"2026-04-23T14:17:50","guid":{"rendered":"https:\/\/vieassociative.be\/actualites\/jai-mis-les-nouveaux-outils-visuels-de-claude-a-lepreuve-contre-chatgpt\/"},"modified":"2026-04-23T16:17:50","modified_gmt":"2026-04-23T14:17:50","slug":"jai-mis-les-nouveaux-outils-visuels-de-claude-a-lepreuve-contre-chatgpt","status":"publish","type":"post","link":"https:\/\/vieassociative.be\/actualites\/jai-mis-les-nouveaux-outils-visuels-de-claude-a-lepreuve-contre-chatgpt\/","title":{"rendered":"J&rsquo;ai mis les nouveaux outils visuels de Claude \u00e0 l&rsquo;\u00e9preuve contre ChatGPT"},"content":{"rendered":"<p>Claude s&rsquo;est toujours concentr\u00e9 sur le texte et le code, mais il a d\u00e9ploy\u00e9 il y a quelques jours des capacit\u00e9s de g\u00e9n\u00e9ration d&rsquo;images, des moyens d&rsquo;obtenir des graphiques, des maquettes, des diaporamas et d&rsquo;autres mat\u00e9riaux similaires cr\u00e9\u00e9s par l&rsquo;IA. La suite d&rsquo;outils s&rsquo;appelle Claude Design.<\/p>\n<p>Puis ChatGPT, d\u00e9j\u00e0 beaucoup plus investi dans la g\u00e9n\u00e9ration d\u2019images IA, a d\u00e9ploy\u00e9 une mise \u00e0 jour substantielle appel\u00e9e Images 2.0. Des promesses ont \u00e9t\u00e9 faites d&rsquo;un \u00ab changement progressif \u00bb en termes d&rsquo;exactitude, de coh\u00e9rence et de suivi des instructions.<\/p>\n<p>Alors, que pouvez-vous maintenant faire avec ces outils d\u2019IA que vous ne pouviez pas faire auparavant\u00a0? Et comment les capacit\u00e9s se comparent-elles ? <\/p>\n<h2 id=\"claude-design-is-focused-on-business-and-enterprise\">Claude Design se concentre sur les affaires et l&rsquo;entreprise<\/h2>\n<p>Claude Design est disponible pour les abonn\u00e9s Claude et est destin\u00e9, selon les mots d&rsquo;Anthropic, \u00e0 \u00ab des travaux visuels tels que des conceptions, des prototypes, des diapositives, des pages d&rsquo;une page, et plus encore \u00bb. Il ne produira pas pour vous des images de chats faisant du skateboard, mais il <em>volont\u00e9 <\/em>cr\u00e9ez un diaporama de projet ou une maquette d&rsquo;une application iPhone.<\/p>\n<p>Cela poursuit l&rsquo;accent mis par Claude sur les affaires et l&rsquo;entreprise\u00a0: en plus de coder avec Claude, les \u00e9quipes peuvent \u00e9laborer des prototypes et assembler des pitch decks. Cela peut sembler un peu sec, mais les nouvelles fonctionnalit\u00e9s sont en r\u00e9alit\u00e9 assez polyvalentes et incluent des globes interactifs rotatifs, comme le montre la vid\u00e9o de d\u00e9monstration.<\/p>\n<div class=\"eloquent-imagery-image\">\n<div class=\"flex justify-center\">\n                    <img decoding=\"async\" class=\"border border-gray-100\" src=\"https:\/\/vieassociative.be\/actualites\/wp-content\/uploads\/2026\/04\/Jai-mis-les-nouveaux-outils-visuels-de-Claude-a-lepreuve.jpg\" alt=\"Claude Conception\" width=\"2000\" height=\"1125\" loading=\"lazy\">\n            <\/div>\n<div class=\"mt-2 font-akshar\">\n                            <span class=\"image-caption block text-sm leading-4 tracking-wide text-(#1F2937)\">Claude Design produira pour vous des diaporamas modifiables.<\/span><br \/>\n                                        <span class=\"mt-1 block font-sans text-xs tracking-normal text-gray-600\">Cr\u00e9dit : Vie Associative<\/span>\n                    <\/div>\n<\/p><\/div>\n<p>Pour commencer, vous pouvez demander \u00e0 Claude de cr\u00e9er des visuels \u00e0 partir d&rsquo;une base de code existante, de charger des images et des documents existants \u00e0 utiliser comme points de d\u00e9part, ou simplement de taper une invite de texte. Vous devez vous diriger vers une page de destination sp\u00e9ciale de Claude Design, distincte de l&rsquo;interface principale du chatbot, qui vous permet de choisir comment vous souhaitez que votre flux de travail fonctionne.<\/p>\n<p>J&rsquo;ai d\u00e9cid\u00e9 de cr\u00e9er une pr\u00e9sentation de diapositives montrant la valeur de Vie Associative et j&rsquo;ai donn\u00e9 \u00e0 l&rsquo;IA quelques captures d&rsquo;\u00e9cran avec lesquelles travailler pour avoir une id\u00e9e du style. Claude m&rsquo;a ensuite pos\u00e9 quelques questions sur ce que je souhaitais, notamment le m\u00e9lange de texte et d&rsquo;images, et la dur\u00e9e du diaporama, avant de se mettre au travail. Vous pouvez voir l&rsquo;IA \u00ab\u00a0penser\u00a0\u00bb et suivre les \u00e9tapes de cr\u00e9ation des graphiques en temps r\u00e9el.<\/p>\n<p>Lorsque le travail fini a \u00e9t\u00e9 pr\u00e9sent\u00e9, il \u00e9tait incroyablement peaufin\u00e9 et Claude Design vous offre tout ce dont vous avez besoin pour exporter votre travail ailleurs. L&rsquo;une des fonctionnalit\u00e9s les plus utiles est la fa\u00e7on dont vous pouvez modifier les visuels apr\u00e8s leur cr\u00e9ation. Sur mon diaporama, j&rsquo;ai pu modifier la couleur d&rsquo;accent, les polices et la densit\u00e9 des diapositives en quelques clics.<\/p>\n<div class=\"eloquent-imagery-image\">\n<div class=\"flex justify-center\">\n                    <img decoding=\"async\" class=\"border border-gray-100\" src=\"https:\/\/vieassociative.be\/actualites\/wp-content\/uploads\/2026\/04\/1776953870_837_Jai-mis-les-nouveaux-outils-visuels-de-Claude-a-lepreuve.jpg\" alt=\"Claude Conception\" width=\"2000\" height=\"1125\" loading=\"lazy\">\n            <\/div>\n<div class=\"mt-2 font-akshar\">\n                            <span class=\"image-caption block text-sm leading-4 tracking-wide text-(#1F2937)\">Une maquette d&rsquo;une potentielle application d&rsquo;actualit\u00e9s Vie Associative.<\/span><br \/>\n                                        <span class=\"mt-1 block font-sans text-xs tracking-normal text-gray-600\">Cr\u00e9dit : Vie Associative<\/span>\n                    <\/div>\n<\/p><\/div>\n<p>Vous pouvez \u00e9galement demander des modifications via d&rsquo;autres invites et m\u00eame vous appuyer sur les visuels pour indiquer ce qui devrait se passer ensuite. Passant \u00e0 une maquette iPhone d&rsquo;une potentielle application d&rsquo;actualit\u00e9s Vie Associative, Claude Design a fait un excellent travail ici aussi, \u00e0 l&rsquo;exception d&rsquo;un ou deux petits probl\u00e8mes graphiques : le design de l&rsquo;application qui avait l&rsquo;air tr\u00e8s Vie Associative, et j&rsquo;ai pu demander des modifications simplement en dessinant sur les visuels et en tapant ce que je voulais changer.<\/p>\n<p>Tout est \u00e9l\u00e9gant, professionnel et facile \u00e0 d\u00e9placer\u00a0; J&rsquo;ai pu voir beaucoup d&rsquo;entreprises utiliser Claude Design aux c\u00f4t\u00e9s de Claude Code. Pour les particuliers, cela semble \u00eatre un moyen utile de rassembler des id\u00e9es pour concevoir \u00e0 peu pr\u00e8s tout, y compris des diaporamas (bien que les outils d&rsquo;IA contenus dans des applications comme PowerPoint et Google Slides puissent mieux vous convenir).<\/p>\n<h2 id=\"chatgpt-images-20-is-focused-on-consumer-as-well-as-business-use\">ChatGPT Images 2.0 est ax\u00e9 sur l&rsquo;utilisation par les consommateurs et les entreprises <\/h2>\n<p>Quant \u00e0 ChatGPT et sa mise \u00e0 niveau Images 2.0, il est beaucoup plus g\u00e9n\u00e9ralis\u00e9 et ax\u00e9 sur une utilisation grand public comme professionnelle. OpenAI affirme que les instructions rapides sont d\u00e9sormais plus suivies de pr\u00e8s, que les r\u00e9sultats finaux sont plus pr\u00e9cis et coh\u00e9rents et que le rendu du texte a \u00e9t\u00e9 encore am\u00e9lior\u00e9. Les t\u00e2ches peuvent \u00eatre plus complexes et les images semblent \u00e9galement plus \u00ab con\u00e7ues intentionnellement \u00bb.<\/p>\n<p>Cr\u00e9er des images est aussi simple que toujours\u00a0: il suffit de cliquer <strong>Cr\u00e9er une image<\/strong> et expliquez ce que vous voulez voir dans la zone d&rsquo;invite. Les gens ont complexifi\u00e9 O\u00f9 est Waldo ? des images, des infographies provenant d&rsquo;articles scientifiques et des couvertures de magazines simul\u00e9es\u00a0; J&rsquo;ai pu produire une bande dessin\u00e9e rapide sur Vie Associative en quelques minutes.<\/p>\n<div class=\"eloquent-imagery-image\">\n<div class=\"flex justify-center\">\n                    <img decoding=\"async\" class=\"border border-gray-100\" src=\"https:\/\/vieassociative.be\/actualites\/wp-content\/uploads\/2026\/04\/1776953870_504_Jai-mis-les-nouveaux-outils-visuels-de-Claude-a-lepreuve.jpg\" alt=\"Bande dessin\u00e9e Lifehacker\" width=\"2000\" height=\"1125\" loading=\"lazy\">\n            <\/div>\n<div class=\"mt-2 font-akshar\">\n                            <span class=\"image-caption block text-sm leading-4 tracking-wide text-(#1F2937)\">La bande dessin\u00e9e Vie Associative\u00a0: notez que le bureau est compl\u00e8tement r\u00e9organis\u00e9 et que le caf\u00e9 devient plus chaud.<\/span><br \/>\n                                        <span class=\"mt-1 block font-sans text-xs tracking-normal text-gray-600\">Cr\u00e9dit : Vie Associative\/ChatGPT<\/span>\n                    <\/div>\n<\/p><\/div>\n<p>ChatGPT s&rsquo;est \u00e9galement av\u00e9r\u00e9 capable de simuler deux couvertures du magazine Vie Associative, de qualit\u00e9 variable : elles semblent certainement assez r\u00e9alistes, et il n&rsquo;y a pas d&rsquo;erreurs ou de fautes de frappe \u00e9videntes, mais en m\u00eame temps, elles ont \u00e9galement cette sensation g\u00e9n\u00e9rique qui accompagne de nombreuses images d&rsquo;IA. Vous pouvez dire que ces couvertures repr\u00e9sentent la \u00ab moyenne \u00bb de toutes les couvertures de magazines aspir\u00e9es dans les donn\u00e9es de formation de ChatGPT.<\/p>\n<div class=\"eloquent-imagery-image\">\n<div class=\"flex justify-center\">\n                    <img decoding=\"async\" class=\"border border-gray-100\" src=\"https:\/\/vieassociative.be\/actualites\/wp-content\/uploads\/2026\/04\/1776953870_318_Jai-mis-les-nouveaux-outils-visuels-de-Claude-a-lepreuve.jpg\" alt=\"Magazine Lifehacker\" width=\"2000\" height=\"1125\" loading=\"lazy\">\n            <\/div>\n<div class=\"mt-2 font-akshar\">\n                            <span class=\"image-caption block text-sm leading-4 tracking-wide text-(#1F2937)\">Choisissez votre couverture de magazine Vie Associative pr\u00e9f\u00e9r\u00e9e.<\/span><br \/>\n                                        <span class=\"mt-1 block font-sans text-xs tracking-normal text-gray-600\">Cr\u00e9dit : Vie Associative\/ChatGPT<\/span>\n                    <\/div>\n<\/p><\/div>\n<p>Vous ne pouvez pas cr\u00e9er de pr\u00e9sentations de diapositives ou quoi que ce soit d&rsquo;aussi complexe que dans Claude Design avec ChatGPT Images 2.0. Vous pouvez th\u00e9oriquement cr\u00e9er des diapositives uniques et des maquettes d&rsquo;applications, mais il existe de nombreuses autres limitations en termes de coh\u00e9rence et de modification de ce qui est \u00e0 l&rsquo;\u00e9cran par la suite : ChatGPT concerne bien plus des moments ponctuels d&rsquo;art de l&rsquo;IA.<\/p>\n<p>Le nouveau mod\u00e8le Images 2.0 est \u00e9galement bien meilleur pour extraire des informations r\u00e9elles du Web, vous pouvez donc cr\u00e9er une carte dessin\u00e9e de la Terre du Milieu (bien qu&rsquo;elle soit suffisamment respectueuse des droits d&rsquo;auteur pour ne pas faire une copie exacte du travail de Tolkien), ou cr\u00e9er un diagramme informatif sur les tournois sportifs \u00e0 venir. J&rsquo;ai effectu\u00e9 ces deux tests et ChatGPT a obtenu des r\u00e9sultats visuels impressionnants.<\/p>\n<p>Plut\u00f4t que ChatGPT, la comparaison la plus proche avec Claude Design est probablement les outils Gemini AI disponibles via Google Docs, Sheets et Slides, dont j&rsquo;ai d\u00e9j\u00e0 parl\u00e9. Bien que vous ne puissiez pas encore cr\u00e9er des pr\u00e9sentations enti\u00e8res, vous pouvez cr\u00e9er des diapositives \u00e0 partir d&rsquo;invites simples et charger d&rsquo;autres documents comme r\u00e9f\u00e9rences pour la conception.<\/p>\n<p>Comme avec Claude Design, vous pouvez utiliser des invites de suivi pour affiner certains aspects de la conception du diaporama ou du document, sans avoir \u00e0 recommencer depuis le d\u00e9but. Et votre travail termin\u00e9 peut \u00eatre export\u00e9 dans une vari\u00e9t\u00e9 de formats, y compris les types de fichiers PDF et compatibles Microsoft Office.<\/p>\n","protected":false},"excerpt":{"rendered":"<p>Claude s&rsquo;est toujours concentr\u00e9 sur le texte et le code, mais il a d\u00e9ploy\u00e9 il y a quelques jours des capacit\u00e9s de g\u00e9n\u00e9ration d&rsquo;images, des<\/p>\n","protected":false},"author":1,"featured_media":13556,"comment_status":"","ping_status":"","sticky":false,"template":"","format":"standard","meta":{"footnotes":""},"categories":[10299],"tags":[1177,8237,796,823,10555,14,2233,2052,825,10554],"class_list":["post-13555","post","type-post","status-publish","format-standard","has-post-thumbnail","hentry","category-ai","tag-chatgpt","tag-claude","tag-contre","tag-jai","tag-lepreuve","tag-les","tag-mis","tag-nouveaux","tag-outils","tag-visuels","generate-columns","tablet-grid-50","mobile-grid-100","grid-parent","grid-33"],"yoast_head":"<!-- This site is optimized with the Yoast SEO plugin v24.0 - https:\/\/yoast.com\/wordpress\/plugins\/seo\/ -->\n<title>J&#039;ai mis les nouveaux outils visuels de Claude \u00e0 l&#039;\u00e9preuve contre ChatGPT | Vie Associative<\/title>\n<meta name=\"robots\" content=\"index, follow, max-snippet:-1, max-image-preview:large, max-video-preview:-1\" \/>\n<link rel=\"canonical\" href=\"https:\/\/vieassociative.be\/actualites\/jai-mis-les-nouveaux-outils-visuels-de-claude-a-lepreuve-contre-chatgpt\/\" \/>\n<meta property=\"og:locale\" content=\"fr_FR\" \/>\n<meta property=\"og:type\" content=\"article\" \/>\n<meta property=\"og:title\" content=\"J&#039;ai mis les nouveaux outils visuels de Claude \u00e0 l&#039;\u00e9preuve contre ChatGPT | Vie Associative\" \/>\n<meta property=\"og:description\" content=\"Claude s&rsquo;est toujours concentr\u00e9 sur le texte et le code, mais il a d\u00e9ploy\u00e9 il y a quelques jours des capacit\u00e9s de g\u00e9n\u00e9ration d&rsquo;images, des\" \/>\n<meta property=\"og:url\" content=\"https:\/\/vieassociative.be\/actualites\/jai-mis-les-nouveaux-outils-visuels-de-claude-a-lepreuve-contre-chatgpt\/\" \/>\n<meta property=\"og:site_name\" content=\"Vie Associative\" \/>\n<meta property=\"article:published_time\" content=\"2026-04-23T14:17:50+00:00\" \/>\n<meta property=\"og:image\" content=\"https:\/\/vieassociative.be\/actualites\/wp-content\/uploads\/2026\/04\/Jai-mis-les-nouveaux-outils-visuels-de-Claude-a-lepreuve.jpg\" \/>\n<meta name=\"author\" content=\"Julien\" \/>\n<meta name=\"twitter:card\" content=\"summary_large_image\" \/>\n<meta name=\"twitter:label1\" content=\"\u00c9crit par\" \/>\n\t<meta name=\"twitter:data1\" content=\"Julien\" \/>\n\t<meta name=\"twitter:label2\" content=\"Dur\u00e9e de lecture est.\" \/>\n\t<meta name=\"twitter:data2\" content=\"6 minutes\" \/>\n<script type=\"application\/ld+json\" class=\"yoast-schema-graph\">{\"@context\":\"https:\/\/schema.org\",\"@graph\":[{\"@type\":\"Article\",\"@id\":\"https:\/\/vieassociative.be\/actualites\/jai-mis-les-nouveaux-outils-visuels-de-claude-a-lepreuve-contre-chatgpt\/#article\",\"isPartOf\":{\"@id\":\"https:\/\/vieassociative.be\/actualites\/jai-mis-les-nouveaux-outils-visuels-de-claude-a-lepreuve-contre-chatgpt\/\"},\"author\":{\"name\":\"Julien\",\"@id\":\"https:\/\/vieassociative.be\/actualites\/#\/schema\/person\/b87ac4f82f9d4e7b7cec7395b679edc4\"},\"headline\":\"J&rsquo;ai mis les nouveaux outils visuels de Claude \u00e0 l&rsquo;\u00e9preuve contre ChatGPT\",\"datePublished\":\"2026-04-23T14:17:50+00:00\",\"dateModified\":\"2026-04-23T14:17:50+00:00\",\"mainEntityOfPage\":{\"@id\":\"https:\/\/vieassociative.be\/actualites\/jai-mis-les-nouveaux-outils-visuels-de-claude-a-lepreuve-contre-chatgpt\/\"},\"wordCount\":1261,\"publisher\":{\"@id\":\"https:\/\/vieassociative.be\/actualites\/#organization\"},\"image\":{\"@id\":\"https:\/\/vieassociative.be\/actualites\/jai-mis-les-nouveaux-outils-visuels-de-claude-a-lepreuve-contre-chatgpt\/#primaryimage\"},\"thumbnailUrl\":\"https:\/\/vieassociative.be\/actualites\/wp-content\/uploads\/2026\/04\/1776953872_Jai-mis-les-nouveaux-outils-visuels-de-Claude-a-lepreuve.jpg\",\"keywords\":[\"ChatGPT\",\"Claude\",\"contre\",\"Jai\",\"l\u00e9preuve\",\"Les\",\"mis\",\"nouveaux\",\"outils\",\"visuels\"],\"articleSection\":[\"AI\"],\"inLanguage\":\"fr-BE\"},{\"@type\":\"WebPage\",\"@id\":\"https:\/\/vieassociative.be\/actualites\/jai-mis-les-nouveaux-outils-visuels-de-claude-a-lepreuve-contre-chatgpt\/\",\"url\":\"https:\/\/vieassociative.be\/actualites\/jai-mis-les-nouveaux-outils-visuels-de-claude-a-lepreuve-contre-chatgpt\/\",\"name\":\"J'ai mis les nouveaux outils visuels de Claude \u00e0 l'\u00e9preuve contre ChatGPT | Vie Associative\",\"isPartOf\":{\"@id\":\"https:\/\/vieassociative.be\/actualites\/#website\"},\"primaryImageOfPage\":{\"@id\":\"https:\/\/vieassociative.be\/actualites\/jai-mis-les-nouveaux-outils-visuels-de-claude-a-lepreuve-contre-chatgpt\/#primaryimage\"},\"image\":{\"@id\":\"https:\/\/vieassociative.be\/actualites\/jai-mis-les-nouveaux-outils-visuels-de-claude-a-lepreuve-contre-chatgpt\/#primaryimage\"},\"thumbnailUrl\":\"https:\/\/vieassociative.be\/actualites\/wp-content\/uploads\/2026\/04\/1776953872_Jai-mis-les-nouveaux-outils-visuels-de-Claude-a-lepreuve.jpg\",\"datePublished\":\"2026-04-23T14:17:50+00:00\",\"dateModified\":\"2026-04-23T14:17:50+00:00\",\"breadcrumb\":{\"@id\":\"https:\/\/vieassociative.be\/actualites\/jai-mis-les-nouveaux-outils-visuels-de-claude-a-lepreuve-contre-chatgpt\/#breadcrumb\"},\"inLanguage\":\"fr-BE\",\"potentialAction\":[{\"@type\":\"ReadAction\",\"target\":[\"https:\/\/vieassociative.be\/actualites\/jai-mis-les-nouveaux-outils-visuels-de-claude-a-lepreuve-contre-chatgpt\/\"]}]},{\"@type\":\"ImageObject\",\"inLanguage\":\"fr-BE\",\"@id\":\"https:\/\/vieassociative.be\/actualites\/jai-mis-les-nouveaux-outils-visuels-de-claude-a-lepreuve-contre-chatgpt\/#primaryimage\",\"url\":\"https:\/\/vieassociative.be\/actualites\/wp-content\/uploads\/2026\/04\/1776953872_Jai-mis-les-nouveaux-outils-visuels-de-Claude-a-lepreuve.jpg\",\"contentUrl\":\"https:\/\/vieassociative.be\/actualites\/wp-content\/uploads\/2026\/04\/1776953872_Jai-mis-les-nouveaux-outils-visuels-de-Claude-a-lepreuve.jpg\",\"width\":1200,\"height\":675,\"caption\":\"J'ai mis les nouveaux outils visuels de Claude \u00e0 l'\u00e9preuve contre ChatGPT\"},{\"@type\":\"BreadcrumbList\",\"@id\":\"https:\/\/vieassociative.be\/actualites\/jai-mis-les-nouveaux-outils-visuels-de-claude-a-lepreuve-contre-chatgpt\/#breadcrumb\",\"itemListElement\":[{\"@type\":\"ListItem\",\"position\":1,\"name\":\"Accueil\",\"item\":\"https:\/\/vieassociative.be\/actualites\/\"},{\"@type\":\"ListItem\",\"position\":2,\"name\":\"J&rsquo;ai mis les nouveaux outils visuels de Claude \u00e0 l&rsquo;\u00e9preuve contre ChatGPT\"}]},{\"@type\":\"WebSite\",\"@id\":\"https:\/\/vieassociative.be\/actualites\/#website\",\"url\":\"https:\/\/vieassociative.be\/actualites\/\",\"name\":\"Vie Associative\",\"description\":\"\",\"publisher\":{\"@id\":\"https:\/\/vieassociative.be\/actualites\/#organization\"},\"potentialAction\":[{\"@type\":\"SearchAction\",\"target\":{\"@type\":\"EntryPoint\",\"urlTemplate\":\"https:\/\/vieassociative.be\/actualites\/?s={search_term_string}\"},\"query-input\":{\"@type\":\"PropertyValueSpecification\",\"valueRequired\":true,\"valueName\":\"search_term_string\"}}],\"inLanguage\":\"fr-BE\"},{\"@type\":\"Organization\",\"@id\":\"https:\/\/vieassociative.be\/actualites\/#organization\",\"name\":\"Vie Associative\",\"url\":\"https:\/\/vieassociative.be\/actualites\/\",\"logo\":{\"@type\":\"ImageObject\",\"inLanguage\":\"fr-BE\",\"@id\":\"https:\/\/vieassociative.be\/actualites\/#\/schema\/logo\/image\/\",\"url\":\"https:\/\/vieassociative.be\/actualites\/wp-content\/uploads\/2024\/09\/cropped-vieassociative_favicon.ico.png\",\"contentUrl\":\"https:\/\/vieassociative.be\/actualites\/wp-content\/uploads\/2024\/09\/cropped-vieassociative_favicon.ico.png\",\"width\":512,\"height\":512,\"caption\":\"Vie Associative\"},\"image\":{\"@id\":\"https:\/\/vieassociative.be\/actualites\/#\/schema\/logo\/image\/\"}},{\"@type\":\"Person\",\"@id\":\"https:\/\/vieassociative.be\/actualites\/#\/schema\/person\/b87ac4f82f9d4e7b7cec7395b679edc4\",\"name\":\"Julien\",\"image\":{\"@type\":\"ImageObject\",\"inLanguage\":\"fr-BE\",\"@id\":\"https:\/\/vieassociative.be\/actualites\/#\/schema\/person\/image\/\",\"url\":\"https:\/\/vieassociative.be\/actualites\/wp-content\/uploads\/2024\/09\/vie-associative-1-150x150.jpg\",\"contentUrl\":\"https:\/\/vieassociative.be\/actualites\/wp-content\/uploads\/2024\/09\/vie-associative-1-150x150.jpg\",\"caption\":\"Julien\"},\"description\":\"Je suis Julien, r\u00e9dacteur pour Vie Associative. Passionn\u00e9 par le monde associatif depuis plus de 10 ans, j'ai \u00e0 c\u0153ur de partager des histoires inspirantes et de mettre en lumi\u00e8re les initiatives locales. Mon objectif est de sensibiliser et d'encourager l'engagement communautaire \u00e0 travers mes articles.\",\"sameAs\":[\"https:\/\/vieassociative.be\/\"]}]}<\/script>\n<!-- \/ Yoast SEO plugin. -->","yoast_head_json":{"title":"J'ai mis les nouveaux outils visuels de Claude \u00e0 l'\u00e9preuve contre ChatGPT | Vie Associative","robots":{"index":"index","follow":"follow","max-snippet":"max-snippet:-1","max-image-preview":"max-image-preview:large","max-video-preview":"max-video-preview:-1"},"canonical":"https:\/\/vieassociative.be\/actualites\/jai-mis-les-nouveaux-outils-visuels-de-claude-a-lepreuve-contre-chatgpt\/","og_locale":"fr_FR","og_type":"article","og_title":"J'ai mis les nouveaux outils visuels de Claude \u00e0 l'\u00e9preuve contre ChatGPT | Vie Associative","og_description":"Claude s&rsquo;est toujours concentr\u00e9 sur le texte et le code, mais il a d\u00e9ploy\u00e9 il y a quelques jours des capacit\u00e9s de g\u00e9n\u00e9ration d&rsquo;images, des","og_url":"https:\/\/vieassociative.be\/actualites\/jai-mis-les-nouveaux-outils-visuels-de-claude-a-lepreuve-contre-chatgpt\/","og_site_name":"Vie Associative","article_published_time":"2026-04-23T14:17:50+00:00","og_image":[{"url":"https:\/\/vieassociative.be\/actualites\/wp-content\/uploads\/2026\/04\/Jai-mis-les-nouveaux-outils-visuels-de-Claude-a-lepreuve.jpg","type":"","width":"","height":""}],"author":"Julien","twitter_card":"summary_large_image","twitter_misc":{"\u00c9crit par":"Julien","Dur\u00e9e de lecture est.":"6 minutes"},"schema":{"@context":"https:\/\/schema.org","@graph":[{"@type":"Article","@id":"https:\/\/vieassociative.be\/actualites\/jai-mis-les-nouveaux-outils-visuels-de-claude-a-lepreuve-contre-chatgpt\/#article","isPartOf":{"@id":"https:\/\/vieassociative.be\/actualites\/jai-mis-les-nouveaux-outils-visuels-de-claude-a-lepreuve-contre-chatgpt\/"},"author":{"name":"Julien","@id":"https:\/\/vieassociative.be\/actualites\/#\/schema\/person\/b87ac4f82f9d4e7b7cec7395b679edc4"},"headline":"J&rsquo;ai mis les nouveaux outils visuels de Claude \u00e0 l&rsquo;\u00e9preuve contre ChatGPT","datePublished":"2026-04-23T14:17:50+00:00","dateModified":"2026-04-23T14:17:50+00:00","mainEntityOfPage":{"@id":"https:\/\/vieassociative.be\/actualites\/jai-mis-les-nouveaux-outils-visuels-de-claude-a-lepreuve-contre-chatgpt\/"},"wordCount":1261,"publisher":{"@id":"https:\/\/vieassociative.be\/actualites\/#organization"},"image":{"@id":"https:\/\/vieassociative.be\/actualites\/jai-mis-les-nouveaux-outils-visuels-de-claude-a-lepreuve-contre-chatgpt\/#primaryimage"},"thumbnailUrl":"https:\/\/vieassociative.be\/actualites\/wp-content\/uploads\/2026\/04\/1776953872_Jai-mis-les-nouveaux-outils-visuels-de-Claude-a-lepreuve.jpg","keywords":["ChatGPT","Claude","contre","Jai","l\u00e9preuve","Les","mis","nouveaux","outils","visuels"],"articleSection":["AI"],"inLanguage":"fr-BE"},{"@type":"WebPage","@id":"https:\/\/vieassociative.be\/actualites\/jai-mis-les-nouveaux-outils-visuels-de-claude-a-lepreuve-contre-chatgpt\/","url":"https:\/\/vieassociative.be\/actualites\/jai-mis-les-nouveaux-outils-visuels-de-claude-a-lepreuve-contre-chatgpt\/","name":"J'ai mis les nouveaux outils visuels de Claude \u00e0 l'\u00e9preuve contre ChatGPT | Vie Associative","isPartOf":{"@id":"https:\/\/vieassociative.be\/actualites\/#website"},"primaryImageOfPage":{"@id":"https:\/\/vieassociative.be\/actualites\/jai-mis-les-nouveaux-outils-visuels-de-claude-a-lepreuve-contre-chatgpt\/#primaryimage"},"image":{"@id":"https:\/\/vieassociative.be\/actualites\/jai-mis-les-nouveaux-outils-visuels-de-claude-a-lepreuve-contre-chatgpt\/#primaryimage"},"thumbnailUrl":"https:\/\/vieassociative.be\/actualites\/wp-content\/uploads\/2026\/04\/1776953872_Jai-mis-les-nouveaux-outils-visuels-de-Claude-a-lepreuve.jpg","datePublished":"2026-04-23T14:17:50+00:00","dateModified":"2026-04-23T14:17:50+00:00","breadcrumb":{"@id":"https:\/\/vieassociative.be\/actualites\/jai-mis-les-nouveaux-outils-visuels-de-claude-a-lepreuve-contre-chatgpt\/#breadcrumb"},"inLanguage":"fr-BE","potentialAction":[{"@type":"ReadAction","target":["https:\/\/vieassociative.be\/actualites\/jai-mis-les-nouveaux-outils-visuels-de-claude-a-lepreuve-contre-chatgpt\/"]}]},{"@type":"ImageObject","inLanguage":"fr-BE","@id":"https:\/\/vieassociative.be\/actualites\/jai-mis-les-nouveaux-outils-visuels-de-claude-a-lepreuve-contre-chatgpt\/#primaryimage","url":"https:\/\/vieassociative.be\/actualites\/wp-content\/uploads\/2026\/04\/1776953872_Jai-mis-les-nouveaux-outils-visuels-de-Claude-a-lepreuve.jpg","contentUrl":"https:\/\/vieassociative.be\/actualites\/wp-content\/uploads\/2026\/04\/1776953872_Jai-mis-les-nouveaux-outils-visuels-de-Claude-a-lepreuve.jpg","width":1200,"height":675,"caption":"J'ai mis les nouveaux outils visuels de Claude \u00e0 l'\u00e9preuve contre ChatGPT"},{"@type":"BreadcrumbList","@id":"https:\/\/vieassociative.be\/actualites\/jai-mis-les-nouveaux-outils-visuels-de-claude-a-lepreuve-contre-chatgpt\/#breadcrumb","itemListElement":[{"@type":"ListItem","position":1,"name":"Accueil","item":"https:\/\/vieassociative.be\/actualites\/"},{"@type":"ListItem","position":2,"name":"J&rsquo;ai mis les nouveaux outils visuels de Claude \u00e0 l&rsquo;\u00e9preuve contre ChatGPT"}]},{"@type":"WebSite","@id":"https:\/\/vieassociative.be\/actualites\/#website","url":"https:\/\/vieassociative.be\/actualites\/","name":"Vie Associative","description":"","publisher":{"@id":"https:\/\/vieassociative.be\/actualites\/#organization"},"potentialAction":[{"@type":"SearchAction","target":{"@type":"EntryPoint","urlTemplate":"https:\/\/vieassociative.be\/actualites\/?s={search_term_string}"},"query-input":{"@type":"PropertyValueSpecification","valueRequired":true,"valueName":"search_term_string"}}],"inLanguage":"fr-BE"},{"@type":"Organization","@id":"https:\/\/vieassociative.be\/actualites\/#organization","name":"Vie Associative","url":"https:\/\/vieassociative.be\/actualites\/","logo":{"@type":"ImageObject","inLanguage":"fr-BE","@id":"https:\/\/vieassociative.be\/actualites\/#\/schema\/logo\/image\/","url":"https:\/\/vieassociative.be\/actualites\/wp-content\/uploads\/2024\/09\/cropped-vieassociative_favicon.ico.png","contentUrl":"https:\/\/vieassociative.be\/actualites\/wp-content\/uploads\/2024\/09\/cropped-vieassociative_favicon.ico.png","width":512,"height":512,"caption":"Vie Associative"},"image":{"@id":"https:\/\/vieassociative.be\/actualites\/#\/schema\/logo\/image\/"}},{"@type":"Person","@id":"https:\/\/vieassociative.be\/actualites\/#\/schema\/person\/b87ac4f82f9d4e7b7cec7395b679edc4","name":"Julien","image":{"@type":"ImageObject","inLanguage":"fr-BE","@id":"https:\/\/vieassociative.be\/actualites\/#\/schema\/person\/image\/","url":"https:\/\/vieassociative.be\/actualites\/wp-content\/uploads\/2024\/09\/vie-associative-1-150x150.jpg","contentUrl":"https:\/\/vieassociative.be\/actualites\/wp-content\/uploads\/2024\/09\/vie-associative-1-150x150.jpg","caption":"Julien"},"description":"Je suis Julien, r\u00e9dacteur pour Vie Associative. Passionn\u00e9 par le monde associatif depuis plus de 10 ans, j'ai \u00e0 c\u0153ur de partager des histoires inspirantes et de mettre en lumi\u00e8re les initiatives locales. Mon objectif est de sensibiliser et d'encourager l'engagement communautaire \u00e0 travers mes articles.","sameAs":["https:\/\/vieassociative.be\/"]}]}},"_links":{"self":[{"href":"https:\/\/vieassociative.be\/actualites\/wp-json\/wp\/v2\/posts\/13555"}],"collection":[{"href":"https:\/\/vieassociative.be\/actualites\/wp-json\/wp\/v2\/posts"}],"about":[{"href":"https:\/\/vieassociative.be\/actualites\/wp-json\/wp\/v2\/types\/post"}],"author":[{"embeddable":true,"href":"https:\/\/vieassociative.be\/actualites\/wp-json\/wp\/v2\/users\/1"}],"replies":[{"embeddable":true,"href":"https:\/\/vieassociative.be\/actualites\/wp-json\/wp\/v2\/comments?post=13555"}],"version-history":[{"count":0,"href":"https:\/\/vieassociative.be\/actualites\/wp-json\/wp\/v2\/posts\/13555\/revisions"}],"wp:featuredmedia":[{"embeddable":true,"href":"https:\/\/vieassociative.be\/actualites\/wp-json\/wp\/v2\/media\/13556"}],"wp:attachment":[{"href":"https:\/\/vieassociative.be\/actualites\/wp-json\/wp\/v2\/media?parent=13555"}],"wp:term":[{"taxonomy":"category","embeddable":true,"href":"https:\/\/vieassociative.be\/actualites\/wp-json\/wp\/v2\/categories?post=13555"},{"taxonomy":"post_tag","embeddable":true,"href":"https:\/\/vieassociative.be\/actualites\/wp-json\/wp\/v2\/tags?post=13555"}],"curies":[{"name":"wp","href":"https:\/\/api.w.org\/{rel}","templated":true}]}}