{"id":13553,"date":"2026-04-23T11:17:32","date_gmt":"2026-04-23T09:17:32","guid":{"rendered":"https:\/\/vieassociative.be\/actualites\/la-belgique-mise-sur-la-precaution-le-gouvernement-recommande-des-plans-durgence-a-la-population-pour-les-situations-de-crise\/"},"modified":"2026-04-23T11:17:32","modified_gmt":"2026-04-23T09:17:32","slug":"la-belgique-mise-sur-la-precaution-le-gouvernement-recommande-des-plans-durgence-a-la-population-pour-les-situations-de-crise","status":"publish","type":"post","link":"https:\/\/vieassociative.be\/actualites\/la-belgique-mise-sur-la-precaution-le-gouvernement-recommande-des-plans-durgence-a-la-population-pour-les-situations-de-crise\/","title":{"rendered":"La Belgique mise sur la pr\u00e9caution : le gouvernement recommande des plans d&rsquo;urgence \u00e0 la population pour les situations de crise"},"content":{"rendered":"<p><strong>Le gouvernement f\u00e9d\u00e9ral a officiellement appel\u00e9 la population \u00e0 pr\u00e9parer un paquet d&rsquo;urgence en cas d&rsquo;urgence. Cette mesure s&rsquo;inscrit dans le cadre d&rsquo;une campagne nationale visant \u00e0 renforcer la pr\u00e9paration aux crises et vise \u00e0 permettre aux citoyens de faire face de mani\u00e8re ind\u00e9pendante \u00e0 des situations exceptionnelles \u00e0 court terme.<\/strong><\/p>\n<p><span id=\"more-438528\"><\/span>Les recommandations se concentrent sur une trousse d\u2019urgence pour le m\u00e9nage. Celui-ci doit contenir, entre autres, de la nourriture et de l&rsquo;eau potable pour au moins trois jours. La liste est compl\u00e9t\u00e9e par des aides importantes comme une lampe de poche, des piles de rechange et une radio d&rsquo;urgence pour rester inform\u00e9 m\u00eame en cas de panne de courant.<\/p>\n<p>Mais cette initiative va au-del\u00e0 du simple stockage. Selon le Centre de crise belge, il est recommand\u00e9 de conserver le mat\u00e9riel d&rsquo;urgence dans d&rsquo;autres endroits, comme dans la voiture, au travail ou dans les lieux publics.<\/p>\n<div id=\"attachment_438531\" class=\"wp-caption alignleft\" style=\"max-width: 300px\"><img fetchpriority=\"high\" decoding=\"async\" class=\"wp-image-438531 size-medium\" src=\"https:\/\/vieassociative.be\/actualites\/wp-content\/uploads\/2026\/04\/La-Belgique-mise-sur-la-precaution-le-gouvernement-recommande.jpg\" alt=\"\" width=\"300\" height=\"200\"><\/div>\n<p>Par exemple, des articles suppl\u00e9mentaires comme une trousse de premiers soins, des gilets haute visibilit\u00e9, des couvertures ou des \u00e9quipements saisonniers sont recommand\u00e9s pour les v\u00e9hicules.<\/p>\n<p>Un autre accent est mis sur la responsabilit\u00e9 personnelle de la population. L\u2019objectif est que les citoyens soient capables de surmonter de mani\u00e8re autonome les premi\u00e8res heures d\u2019une crise. L\u2019objectif est de soulager les services d\u2019urgence et de renforcer la r\u00e9silience g\u00e9n\u00e9rale de la soci\u00e9t\u00e9.<\/p>\n<p>Le ministre de l&rsquo;Int\u00e9rieur Bernard Quintin (MR) souligne \u00e9galement ce constat. Les citoyens doivent \u00eatre capables de faire face de mani\u00e8re autonome pendant au moins 72 heures en cas d&rsquo;urgence. Cela comprenait de l&rsquo;eau, des aliments non p\u00e9rissables, une r\u00e9serve de m\u00e9dicaments et des \u00e9quipements de base tels que des lampes de poche. Il n\u2019y a \u00ab rien de dramatique ou d\u2019effrayant \u00bb, juste une pr\u00e9paration de base. Dans de nombreuses situations dangereuses, il est \u00e9galement conseill\u00e9 de rester chez soi dans un premier temps.<\/p>\n<div id=\"attachment_425721\" class=\"wp-caption alignleft\" style=\"max-width: 300px\"><img decoding=\"async\" class=\"wp-image-425721 size-medium\" src=\"https:\/\/vieassociative.be\/actualites\/wp-content\/uploads\/2026\/04\/1776935852_635_La-Belgique-mise-sur-la-precaution-le-gouvernement-recommande.jpg\" alt=\"\" width=\"300\" height=\"200\"><\/div>\n<p>En regardant le contexte, le ministre a \u00e9voqu\u00e9 un changement de la situation g\u00e9n\u00e9rale : le changement climatique et les \u00e9volutions g\u00e9opolitiques ont sensiblement modifi\u00e9 la situation des risques en Europe. Le but n&rsquo;est pas d&rsquo;attiser la peur, mais il ne faut pas non plus fermer les yeux sur d&rsquo;\u00e9ventuels dangers. M\u00eame si l\u2019Europe a connu une p\u00e9riode de paix exceptionnellement longue, la situation actuelle n\u00e9cessite un niveau plus \u00e9lev\u00e9 de vigilance et de pr\u00e9paration. A titre d\u2019exemple, Quintin a particuli\u00e8rement cit\u00e9 les r\u00e9gions d\u2019Europe du Nord qui sont plus expos\u00e9es aux tensions en mati\u00e8re de politique de s\u00e9curit\u00e9.<\/p>\n<p>Outre les pr\u00e9cautions mat\u00e9rielles, le centre de crise pr\u00e9conise \u00e9galement des mesures organisationnelles. Cela inclut la cr\u00e9ation d&rsquo;un plan d&rsquo;urgence personnel dans lequel les contacts importants, les points de rencontre et les documents sont enregistr\u00e9s. Il est \u00e9galement conseill\u00e9 de se familiariser au pr\u00e9alable avec les r\u00e8gles de conduite de base pour diff\u00e9rents sc\u00e9narios de crise &#8211; par exemple en cas de catastrophes naturelles ou de dysfonctionnements techniques.<\/p>\n<p>Le syst\u00e8me d\u2019alerte BE-Alert est un \u00e9l\u00e9ment central de la communication de crise de l\u2019\u00c9tat. Gr\u00e2ce \u00e0 ce syst\u00e8me, les autorit\u00e9s peuvent informer rapidement et sp\u00e9cifiquement la population des situations dangereuses par SMS, e-mail ou appel t\u00e9l\u00e9phonique. L&rsquo;inscription est express\u00e9ment recommand\u00e9e afin d&rsquo;\u00eatre pr\u00e9venu rapidement en cas d&rsquo;urgence. (cr\u00e9er)<\/p>\n","protected":false},"excerpt":{"rendered":"<p>Le gouvernement f\u00e9d\u00e9ral a officiellement appel\u00e9 la population \u00e0 pr\u00e9parer un paquet d&rsquo;urgence en cas d&rsquo;urgence. Cette mesure s&rsquo;inscrit dans le cadre d&rsquo;une campagne nationale<\/p>\n","protected":false},"author":1,"featured_media":13554,"comment_status":"","ping_status":"","sticky":false,"template":"","format":"standard","meta":{"footnotes":""},"categories":[298],"tags":[383,644,29,3784,615,14,2183,3029,3672,81,10553,3728,167,33],"class_list":["post-13553","post","type-post","status-publish","format-standard","has-post-thumbnail","hentry","category-belgique","tag-belgique","tag-crise","tag-des","tag-durgence","tag-gouvernement","tag-les","tag-mise","tag-plans","tag-population","tag-pour","tag-precaution","tag-recommande","tag-situations","tag-sur","generate-columns","tablet-grid-50","mobile-grid-100","grid-parent","grid-33"],"yoast_head":"<!-- This site is optimized with the Yoast SEO plugin v24.0 - https:\/\/yoast.com\/wordpress\/plugins\/seo\/ -->\n<title>La Belgique mise sur la pr\u00e9caution : le gouvernement recommande des plans d&#039;urgence \u00e0 la population pour les situations de crise | Vie Associative<\/title>\n<meta name=\"robots\" content=\"index, follow, max-snippet:-1, max-image-preview:large, max-video-preview:-1\" \/>\n<link rel=\"canonical\" href=\"https:\/\/vieassociative.be\/actualites\/la-belgique-mise-sur-la-precaution-le-gouvernement-recommande-des-plans-durgence-a-la-population-pour-les-situations-de-crise\/\" \/>\n<meta property=\"og:locale\" content=\"fr_FR\" \/>\n<meta property=\"og:type\" content=\"article\" \/>\n<meta property=\"og:title\" content=\"La Belgique mise sur la pr\u00e9caution : le gouvernement recommande des plans d&#039;urgence \u00e0 la population pour les situations de crise | Vie Associative\" \/>\n<meta property=\"og:description\" content=\"Le gouvernement f\u00e9d\u00e9ral a officiellement appel\u00e9 la population \u00e0 pr\u00e9parer un paquet d&rsquo;urgence en cas d&rsquo;urgence. Cette mesure s&rsquo;inscrit dans le cadre d&rsquo;une campagne nationale\" \/>\n<meta property=\"og:url\" content=\"https:\/\/vieassociative.be\/actualites\/la-belgique-mise-sur-la-precaution-le-gouvernement-recommande-des-plans-durgence-a-la-population-pour-les-situations-de-crise\/\" \/>\n<meta property=\"og:site_name\" content=\"Vie Associative\" \/>\n<meta property=\"article:published_time\" content=\"2026-04-23T09:17:32+00:00\" \/>\n<meta property=\"og:image\" content=\"https:\/\/vieassociative.be\/actualites\/wp-content\/uploads\/2024\/09\/header_backgroundk-01-e1726694325946.png\" \/>\n\t<meta property=\"og:image:width\" content=\"279\" \/>\n\t<meta property=\"og:image:height\" content=\"92\" \/>\n\t<meta property=\"og:image:type\" content=\"image\/png\" \/>\n<meta name=\"author\" content=\"Julien\" \/>\n<meta name=\"twitter:card\" content=\"summary_large_image\" \/>\n<meta name=\"twitter:label1\" content=\"\u00c9crit par\" \/>\n\t<meta name=\"twitter:data1\" content=\"Julien\" \/>\n\t<meta name=\"twitter:label2\" content=\"Dur\u00e9e de lecture est.\" \/>\n\t<meta name=\"twitter:data2\" content=\"3 minutes\" \/>\n<script type=\"application\/ld+json\" class=\"yoast-schema-graph\">{\"@context\":\"https:\/\/schema.org\",\"@graph\":[{\"@type\":\"Article\",\"@id\":\"https:\/\/vieassociative.be\/actualites\/la-belgique-mise-sur-la-precaution-le-gouvernement-recommande-des-plans-durgence-a-la-population-pour-les-situations-de-crise\/#article\",\"isPartOf\":{\"@id\":\"https:\/\/vieassociative.be\/actualites\/la-belgique-mise-sur-la-precaution-le-gouvernement-recommande-des-plans-durgence-a-la-population-pour-les-situations-de-crise\/\"},\"author\":{\"name\":\"Julien\",\"@id\":\"https:\/\/vieassociative.be\/actualites\/#\/schema\/person\/b87ac4f82f9d4e7b7cec7395b679edc4\"},\"headline\":\"La Belgique mise sur la pr\u00e9caution : le gouvernement recommande des plans d&rsquo;urgence \u00e0 la population pour les situations de crise\",\"datePublished\":\"2026-04-23T09:17:32+00:00\",\"dateModified\":\"2026-04-23T09:17:32+00:00\",\"mainEntityOfPage\":{\"@id\":\"https:\/\/vieassociative.be\/actualites\/la-belgique-mise-sur-la-precaution-le-gouvernement-recommande-des-plans-durgence-a-la-population-pour-les-situations-de-crise\/\"},\"wordCount\":619,\"publisher\":{\"@id\":\"https:\/\/vieassociative.be\/actualites\/#organization\"},\"image\":{\"@id\":\"https:\/\/vieassociative.be\/actualites\/la-belgique-mise-sur-la-precaution-le-gouvernement-recommande-des-plans-durgence-a-la-population-pour-les-situations-de-crise\/#primaryimage\"},\"thumbnailUrl\":\"https:\/\/vieassociative.be\/actualites\/wp-content\/uploads\/2026\/04\/1776935853_La-Belgique-mise-sur-la-precaution-le-gouvernement-recommande.jpg\",\"keywords\":[\"Belgique\",\"Crise\",\"Des\",\"durgence\",\"gouvernement\",\"Les\",\"mise\",\"Plans\",\"population\",\"pour\",\"pr\u00e9caution\",\"recommande\",\"situations\",\"sur\"],\"articleSection\":[\"Belgique\"],\"inLanguage\":\"fr-BE\"},{\"@type\":\"WebPage\",\"@id\":\"https:\/\/vieassociative.be\/actualites\/la-belgique-mise-sur-la-precaution-le-gouvernement-recommande-des-plans-durgence-a-la-population-pour-les-situations-de-crise\/\",\"url\":\"https:\/\/vieassociative.be\/actualites\/la-belgique-mise-sur-la-precaution-le-gouvernement-recommande-des-plans-durgence-a-la-population-pour-les-situations-de-crise\/\",\"name\":\"La Belgique mise sur la pr\u00e9caution : le gouvernement recommande des plans d'urgence \u00e0 la population pour les situations de crise | Vie Associative\",\"isPartOf\":{\"@id\":\"https:\/\/vieassociative.be\/actualites\/#website\"},\"primaryImageOfPage\":{\"@id\":\"https:\/\/vieassociative.be\/actualites\/la-belgique-mise-sur-la-precaution-le-gouvernement-recommande-des-plans-durgence-a-la-population-pour-les-situations-de-crise\/#primaryimage\"},\"image\":{\"@id\":\"https:\/\/vieassociative.be\/actualites\/la-belgique-mise-sur-la-precaution-le-gouvernement-recommande-des-plans-durgence-a-la-population-pour-les-situations-de-crise\/#primaryimage\"},\"thumbnailUrl\":\"https:\/\/vieassociative.be\/actualites\/wp-content\/uploads\/2026\/04\/1776935853_La-Belgique-mise-sur-la-precaution-le-gouvernement-recommande.jpg\",\"datePublished\":\"2026-04-23T09:17:32+00:00\",\"dateModified\":\"2026-04-23T09:17:32+00:00\",\"breadcrumb\":{\"@id\":\"https:\/\/vieassociative.be\/actualites\/la-belgique-mise-sur-la-precaution-le-gouvernement-recommande-des-plans-durgence-a-la-population-pour-les-situations-de-crise\/#breadcrumb\"},\"inLanguage\":\"fr-BE\",\"potentialAction\":[{\"@type\":\"ReadAction\",\"target\":[\"https:\/\/vieassociative.be\/actualites\/la-belgique-mise-sur-la-precaution-le-gouvernement-recommande-des-plans-durgence-a-la-population-pour-les-situations-de-crise\/\"]}]},{\"@type\":\"ImageObject\",\"inLanguage\":\"fr-BE\",\"@id\":\"https:\/\/vieassociative.be\/actualites\/la-belgique-mise-sur-la-precaution-le-gouvernement-recommande-des-plans-durgence-a-la-population-pour-les-situations-de-crise\/#primaryimage\",\"url\":\"https:\/\/vieassociative.be\/actualites\/wp-content\/uploads\/2026\/04\/1776935853_La-Belgique-mise-sur-la-precaution-le-gouvernement-recommande.jpg\",\"contentUrl\":\"https:\/\/vieassociative.be\/actualites\/wp-content\/uploads\/2026\/04\/1776935853_La-Belgique-mise-sur-la-precaution-le-gouvernement-recommande.jpg\",\"width\":1200,\"height\":800,\"caption\":\"La Belgique mise sur la pr\u00e9caution : le gouvernement recommande des plans d'urgence \u00e0 la population pour les situations de crise\"},{\"@type\":\"BreadcrumbList\",\"@id\":\"https:\/\/vieassociative.be\/actualites\/la-belgique-mise-sur-la-precaution-le-gouvernement-recommande-des-plans-durgence-a-la-population-pour-les-situations-de-crise\/#breadcrumb\",\"itemListElement\":[{\"@type\":\"ListItem\",\"position\":1,\"name\":\"Accueil\",\"item\":\"https:\/\/vieassociative.be\/actualites\/\"},{\"@type\":\"ListItem\",\"position\":2,\"name\":\"La Belgique mise sur la pr\u00e9caution : le gouvernement recommande des plans d&rsquo;urgence \u00e0 la population pour les situations de crise\"}]},{\"@type\":\"WebSite\",\"@id\":\"https:\/\/vieassociative.be\/actualites\/#website\",\"url\":\"https:\/\/vieassociative.be\/actualites\/\",\"name\":\"Vie Associative\",\"description\":\"\",\"publisher\":{\"@id\":\"https:\/\/vieassociative.be\/actualites\/#organization\"},\"potentialAction\":[{\"@type\":\"SearchAction\",\"target\":{\"@type\":\"EntryPoint\",\"urlTemplate\":\"https:\/\/vieassociative.be\/actualites\/?s={search_term_string}\"},\"query-input\":{\"@type\":\"PropertyValueSpecification\",\"valueRequired\":true,\"valueName\":\"search_term_string\"}}],\"inLanguage\":\"fr-BE\"},{\"@type\":\"Organization\",\"@id\":\"https:\/\/vieassociative.be\/actualites\/#organization\",\"name\":\"Vie Associative\",\"url\":\"https:\/\/vieassociative.be\/actualites\/\",\"logo\":{\"@type\":\"ImageObject\",\"inLanguage\":\"fr-BE\",\"@id\":\"https:\/\/vieassociative.be\/actualites\/#\/schema\/logo\/image\/\",\"url\":\"https:\/\/vieassociative.be\/actualites\/wp-content\/uploads\/2024\/09\/cropped-vieassociative_favicon.ico.png\",\"contentUrl\":\"https:\/\/vieassociative.be\/actualites\/wp-content\/uploads\/2024\/09\/cropped-vieassociative_favicon.ico.png\",\"width\":512,\"height\":512,\"caption\":\"Vie Associative\"},\"image\":{\"@id\":\"https:\/\/vieassociative.be\/actualites\/#\/schema\/logo\/image\/\"}},{\"@type\":\"Person\",\"@id\":\"https:\/\/vieassociative.be\/actualites\/#\/schema\/person\/b87ac4f82f9d4e7b7cec7395b679edc4\",\"name\":\"Julien\",\"image\":{\"@type\":\"ImageObject\",\"inLanguage\":\"fr-BE\",\"@id\":\"https:\/\/vieassociative.be\/actualites\/#\/schema\/person\/image\/\",\"url\":\"https:\/\/vieassociative.be\/actualites\/wp-content\/uploads\/2024\/09\/vie-associative-1-150x150.jpg\",\"contentUrl\":\"https:\/\/vieassociative.be\/actualites\/wp-content\/uploads\/2024\/09\/vie-associative-1-150x150.jpg\",\"caption\":\"Julien\"},\"description\":\"Je suis Julien, r\u00e9dacteur pour Vie Associative. Passionn\u00e9 par le monde associatif depuis plus de 10 ans, j'ai \u00e0 c\u0153ur de partager des histoires inspirantes et de mettre en lumi\u00e8re les initiatives locales. Mon objectif est de sensibiliser et d'encourager l'engagement communautaire \u00e0 travers mes articles.\",\"sameAs\":[\"https:\/\/vieassociative.be\/\"]}]}<\/script>\n<!-- \/ Yoast SEO plugin. -->","yoast_head_json":{"title":"La Belgique mise sur la pr\u00e9caution : le gouvernement recommande des plans d'urgence \u00e0 la population pour les situations de crise | Vie Associative","robots":{"index":"index","follow":"follow","max-snippet":"max-snippet:-1","max-image-preview":"max-image-preview:large","max-video-preview":"max-video-preview:-1"},"canonical":"https:\/\/vieassociative.be\/actualites\/la-belgique-mise-sur-la-precaution-le-gouvernement-recommande-des-plans-durgence-a-la-population-pour-les-situations-de-crise\/","og_locale":"fr_FR","og_type":"article","og_title":"La Belgique mise sur la pr\u00e9caution : le gouvernement recommande des plans d'urgence \u00e0 la population pour les situations de crise | Vie Associative","og_description":"Le gouvernement f\u00e9d\u00e9ral a officiellement appel\u00e9 la population \u00e0 pr\u00e9parer un paquet d&rsquo;urgence en cas d&rsquo;urgence. Cette mesure s&rsquo;inscrit dans le cadre d&rsquo;une campagne nationale","og_url":"https:\/\/vieassociative.be\/actualites\/la-belgique-mise-sur-la-precaution-le-gouvernement-recommande-des-plans-durgence-a-la-population-pour-les-situations-de-crise\/","og_site_name":"Vie Associative","article_published_time":"2026-04-23T09:17:32+00:00","og_image":[{"width":279,"height":92,"url":"https:\/\/vieassociative.be\/actualites\/wp-content\/uploads\/2024\/09\/header_backgroundk-01-e1726694325946.png","type":"image\/png"}],"author":"Julien","twitter_card":"summary_large_image","twitter_misc":{"\u00c9crit par":"Julien","Dur\u00e9e de lecture est.":"3 minutes"},"schema":{"@context":"https:\/\/schema.org","@graph":[{"@type":"Article","@id":"https:\/\/vieassociative.be\/actualites\/la-belgique-mise-sur-la-precaution-le-gouvernement-recommande-des-plans-durgence-a-la-population-pour-les-situations-de-crise\/#article","isPartOf":{"@id":"https:\/\/vieassociative.be\/actualites\/la-belgique-mise-sur-la-precaution-le-gouvernement-recommande-des-plans-durgence-a-la-population-pour-les-situations-de-crise\/"},"author":{"name":"Julien","@id":"https:\/\/vieassociative.be\/actualites\/#\/schema\/person\/b87ac4f82f9d4e7b7cec7395b679edc4"},"headline":"La Belgique mise sur la pr\u00e9caution : le gouvernement recommande des plans d&rsquo;urgence \u00e0 la population pour les situations de crise","datePublished":"2026-04-23T09:17:32+00:00","dateModified":"2026-04-23T09:17:32+00:00","mainEntityOfPage":{"@id":"https:\/\/vieassociative.be\/actualites\/la-belgique-mise-sur-la-precaution-le-gouvernement-recommande-des-plans-durgence-a-la-population-pour-les-situations-de-crise\/"},"wordCount":619,"publisher":{"@id":"https:\/\/vieassociative.be\/actualites\/#organization"},"image":{"@id":"https:\/\/vieassociative.be\/actualites\/la-belgique-mise-sur-la-precaution-le-gouvernement-recommande-des-plans-durgence-a-la-population-pour-les-situations-de-crise\/#primaryimage"},"thumbnailUrl":"https:\/\/vieassociative.be\/actualites\/wp-content\/uploads\/2026\/04\/1776935853_La-Belgique-mise-sur-la-precaution-le-gouvernement-recommande.jpg","keywords":["Belgique","Crise","Des","durgence","gouvernement","Les","mise","Plans","population","pour","pr\u00e9caution","recommande","situations","sur"],"articleSection":["Belgique"],"inLanguage":"fr-BE"},{"@type":"WebPage","@id":"https:\/\/vieassociative.be\/actualites\/la-belgique-mise-sur-la-precaution-le-gouvernement-recommande-des-plans-durgence-a-la-population-pour-les-situations-de-crise\/","url":"https:\/\/vieassociative.be\/actualites\/la-belgique-mise-sur-la-precaution-le-gouvernement-recommande-des-plans-durgence-a-la-population-pour-les-situations-de-crise\/","name":"La Belgique mise sur la pr\u00e9caution : le gouvernement recommande des plans d'urgence \u00e0 la population pour les situations de crise | Vie Associative","isPartOf":{"@id":"https:\/\/vieassociative.be\/actualites\/#website"},"primaryImageOfPage":{"@id":"https:\/\/vieassociative.be\/actualites\/la-belgique-mise-sur-la-precaution-le-gouvernement-recommande-des-plans-durgence-a-la-population-pour-les-situations-de-crise\/#primaryimage"},"image":{"@id":"https:\/\/vieassociative.be\/actualites\/la-belgique-mise-sur-la-precaution-le-gouvernement-recommande-des-plans-durgence-a-la-population-pour-les-situations-de-crise\/#primaryimage"},"thumbnailUrl":"https:\/\/vieassociative.be\/actualites\/wp-content\/uploads\/2026\/04\/1776935853_La-Belgique-mise-sur-la-precaution-le-gouvernement-recommande.jpg","datePublished":"2026-04-23T09:17:32+00:00","dateModified":"2026-04-23T09:17:32+00:00","breadcrumb":{"@id":"https:\/\/vieassociative.be\/actualites\/la-belgique-mise-sur-la-precaution-le-gouvernement-recommande-des-plans-durgence-a-la-population-pour-les-situations-de-crise\/#breadcrumb"},"inLanguage":"fr-BE","potentialAction":[{"@type":"ReadAction","target":["https:\/\/vieassociative.be\/actualites\/la-belgique-mise-sur-la-precaution-le-gouvernement-recommande-des-plans-durgence-a-la-population-pour-les-situations-de-crise\/"]}]},{"@type":"ImageObject","inLanguage":"fr-BE","@id":"https:\/\/vieassociative.be\/actualites\/la-belgique-mise-sur-la-precaution-le-gouvernement-recommande-des-plans-durgence-a-la-population-pour-les-situations-de-crise\/#primaryimage","url":"https:\/\/vieassociative.be\/actualites\/wp-content\/uploads\/2026\/04\/1776935853_La-Belgique-mise-sur-la-precaution-le-gouvernement-recommande.jpg","contentUrl":"https:\/\/vieassociative.be\/actualites\/wp-content\/uploads\/2026\/04\/1776935853_La-Belgique-mise-sur-la-precaution-le-gouvernement-recommande.jpg","width":1200,"height":800,"caption":"La Belgique mise sur la pr\u00e9caution : le gouvernement recommande des plans d'urgence \u00e0 la population pour les situations de crise"},{"@type":"BreadcrumbList","@id":"https:\/\/vieassociative.be\/actualites\/la-belgique-mise-sur-la-precaution-le-gouvernement-recommande-des-plans-durgence-a-la-population-pour-les-situations-de-crise\/#breadcrumb","itemListElement":[{"@type":"ListItem","position":1,"name":"Accueil","item":"https:\/\/vieassociative.be\/actualites\/"},{"@type":"ListItem","position":2,"name":"La Belgique mise sur la pr\u00e9caution : le gouvernement recommande des plans d&rsquo;urgence \u00e0 la population pour les situations de crise"}]},{"@type":"WebSite","@id":"https:\/\/vieassociative.be\/actualites\/#website","url":"https:\/\/vieassociative.be\/actualites\/","name":"Vie Associative","description":"","publisher":{"@id":"https:\/\/vieassociative.be\/actualites\/#organization"},"potentialAction":[{"@type":"SearchAction","target":{"@type":"EntryPoint","urlTemplate":"https:\/\/vieassociative.be\/actualites\/?s={search_term_string}"},"query-input":{"@type":"PropertyValueSpecification","valueRequired":true,"valueName":"search_term_string"}}],"inLanguage":"fr-BE"},{"@type":"Organization","@id":"https:\/\/vieassociative.be\/actualites\/#organization","name":"Vie Associative","url":"https:\/\/vieassociative.be\/actualites\/","logo":{"@type":"ImageObject","inLanguage":"fr-BE","@id":"https:\/\/vieassociative.be\/actualites\/#\/schema\/logo\/image\/","url":"https:\/\/vieassociative.be\/actualites\/wp-content\/uploads\/2024\/09\/cropped-vieassociative_favicon.ico.png","contentUrl":"https:\/\/vieassociative.be\/actualites\/wp-content\/uploads\/2024\/09\/cropped-vieassociative_favicon.ico.png","width":512,"height":512,"caption":"Vie Associative"},"image":{"@id":"https:\/\/vieassociative.be\/actualites\/#\/schema\/logo\/image\/"}},{"@type":"Person","@id":"https:\/\/vieassociative.be\/actualites\/#\/schema\/person\/b87ac4f82f9d4e7b7cec7395b679edc4","name":"Julien","image":{"@type":"ImageObject","inLanguage":"fr-BE","@id":"https:\/\/vieassociative.be\/actualites\/#\/schema\/person\/image\/","url":"https:\/\/vieassociative.be\/actualites\/wp-content\/uploads\/2024\/09\/vie-associative-1-150x150.jpg","contentUrl":"https:\/\/vieassociative.be\/actualites\/wp-content\/uploads\/2024\/09\/vie-associative-1-150x150.jpg","caption":"Julien"},"description":"Je suis Julien, r\u00e9dacteur pour Vie Associative. Passionn\u00e9 par le monde associatif depuis plus de 10 ans, j'ai \u00e0 c\u0153ur de partager des histoires inspirantes et de mettre en lumi\u00e8re les initiatives locales. Mon objectif est de sensibiliser et d'encourager l'engagement communautaire \u00e0 travers mes articles.","sameAs":["https:\/\/vieassociative.be\/"]}]}},"_links":{"self":[{"href":"https:\/\/vieassociative.be\/actualites\/wp-json\/wp\/v2\/posts\/13553"}],"collection":[{"href":"https:\/\/vieassociative.be\/actualites\/wp-json\/wp\/v2\/posts"}],"about":[{"href":"https:\/\/vieassociative.be\/actualites\/wp-json\/wp\/v2\/types\/post"}],"author":[{"embeddable":true,"href":"https:\/\/vieassociative.be\/actualites\/wp-json\/wp\/v2\/users\/1"}],"replies":[{"embeddable":true,"href":"https:\/\/vieassociative.be\/actualites\/wp-json\/wp\/v2\/comments?post=13553"}],"version-history":[{"count":0,"href":"https:\/\/vieassociative.be\/actualites\/wp-json\/wp\/v2\/posts\/13553\/revisions"}],"wp:featuredmedia":[{"embeddable":true,"href":"https:\/\/vieassociative.be\/actualites\/wp-json\/wp\/v2\/media\/13554"}],"wp:attachment":[{"href":"https:\/\/vieassociative.be\/actualites\/wp-json\/wp\/v2\/media?parent=13553"}],"wp:term":[{"taxonomy":"category","embeddable":true,"href":"https:\/\/vieassociative.be\/actualites\/wp-json\/wp\/v2\/categories?post=13553"},{"taxonomy":"post_tag","embeddable":true,"href":"https:\/\/vieassociative.be\/actualites\/wp-json\/wp\/v2\/tags?post=13553"}],"curies":[{"name":"wp","href":"https:\/\/api.w.org\/{rel}","templated":true}]}}