{"id":1355,"date":"2024-10-18T08:20:09","date_gmt":"2024-10-18T06:20:09","guid":{"rendered":"https:\/\/vieassociative.be\/actualites\/toutes-les-facons-de-faciliter-un-voyage-a-la-plage-avec-un-bebe\/"},"modified":"2024-10-18T08:20:09","modified_gmt":"2024-10-18T06:20:09","slug":"toutes-les-facons-de-faciliter-un-voyage-a-la-plage-avec-un-bebe","status":"publish","type":"post","link":"https:\/\/vieassociative.be\/actualites\/toutes-les-facons-de-faciliter-un-voyage-a-la-plage-avec-un-bebe\/","title":{"rendered":"Toutes les fa\u00e7ons de faciliter un voyage \u00e0 la plage avec un b\u00e9b\u00e9"},"content":{"rendered":"<div class=\"mt-4 leading-6 md:mb-8\">Voici comment garder votre b\u00e9b\u00e9 ou votre tout-petit au frais et hydrat\u00e9 lors de sa premi\u00e8re sortie \u00e0 la plage.<\/div>\n<p><\/p>\n<p>Vous avez peut-\u00eatre d\u00e9j\u00e0 achet\u00e9 \u00e0 votre b\u00e9b\u00e9 un adorable chapeau de soleil et une bouteille de cr\u00e8me solaire, mais vous devrez prendre en compte quelques autres consid\u00e9rations pour vous assurer que le premier voyage \u00e0 la plage de b\u00e9b\u00e9 soit un succ\u00e8s. (Pour \u00eatre clair, vous avez toujours besoin de l\u2019adorable chapeau et de la cr\u00e8me solaire.)<\/p>\n<h2 id=\"put-your-sunscreen-in-your-beach-cooler\"><strong>Mettez votre cr\u00e8me solaire dans votre glaci\u00e8re de plage<\/strong><\/h2>\n<p>En plus des boissons que vous rangez habituellement dans votre glaci\u00e8re, vous devrez emporter plus de choses dans cette glaci\u00e8re. Tout d\u2019abord, mettez votre cr\u00e8me solaire dans la glaci\u00e8re. Les enfants ont besoin de beaucoup de cr\u00e8me solaire et sont notoirement difficiles \u00e0 appliquer, quelle que soit la quantit\u00e9, mais la cr\u00e8me solaire froide est agr\u00e9able par une journ\u00e9e chaude. (Selon Tiny Beans, cela incitera \u00e9galement les enfants plus \u00e2g\u00e9s \u00e0 se s\u00e9cher assez longtemps pour <em>concernant<\/em>-application, indispensable pour tous les \u00e2ges.)<\/p>\n<p>\u00c9galement id\u00e9al \u00e0 ajouter \u00e0 votre glaci\u00e8re\u00a0: des boissons gazeuses pour cong\u00e9lateur, du yaourt et un vaporisateur d&rsquo;eau pour les garder au frais. N&rsquo;oubliez pas de r\u00e9appliquer cette cr\u00e8me solaire froide apr\u00e8s les avoir mouill\u00e9s.<\/p>\n<p>Voici les essentiels dont vous avez besoin :<\/p>\n<ul>\n<li>\n<p>Une glaci\u00e8re \u00e0 dos avec des poches et un espace pour 40 canettes de boissons, soit de l&rsquo;espace pour <em>cr\u00e8me solaire<\/em> (39,99 $)<\/p>\n<\/li>\n<li>\n<p>\u00c9cran solaire pour enfants Coppertone r\u00e9sistant \u00e0 l&rsquo;eau avec un FPS de 70 (10,28 $)<\/p>\n<\/li>\n<li>\n<p>Un flacon pulv\u00e9risateur continu pour une brume rafra\u00eechissante (5,49 $)<\/p>\n<\/li>\n<li>\n<p>36 sucettes glac\u00e9es Fun Pops (2,98 $)<\/p>\n<\/li>\n<\/ul>\n<h2 id=\"set-a-phone-timer-for-when-to-re-apply-kids-sunscreen\"><strong>R\u00e9glez une minuterie de t\u00e9l\u00e9phone pour savoir quand r\u00e9appliquer la cr\u00e8me solaire pour enfants<\/strong><\/h2>\n<p>Vous devez r\u00e9appliquer un \u00e9cran solaire \u00e0 un enfant toutes les deux heures environ, ainsi qu&rsquo;\u00e0 chaque fois qu&rsquo;il transpire ou est mouill\u00e9. Par temps chaud ou lorsqu&rsquo;ils jouent, vous devriez \u00e9galement demander \u00e0 votre enfant de boire un peu d&rsquo;eau toutes les 20 minutes environ. R\u00e9gler des minuteries de rappel aidera \u00e0 \u00e9viter les coups de soleil et la d\u00e9shydratation, mais si vous n&rsquo;aimez pas utiliser votre t\u00e9l\u00e9phone sur une plage chaude, sablonneuse et humide, n&rsquo;oubliez pas de vous procurer une minuterie \u00e0 l&rsquo;ancienne pour cela. Essayez celui de J-Artdope (13,88 $), qui est suffisamment petit pour tenir dans n&rsquo;importe quel sac et est magn\u00e9tique pour que vous puissiez l&rsquo;attacher \u00e0 une chaise ou \u00e0 des glaci\u00e8res.<\/p>\n<h2 id=\"pack-everything-baby-needs-in-a-laundry-basket\"><strong>Emballez tout ce dont b\u00e9b\u00e9 a besoin dans un panier \u00e0 linge<\/strong><\/h2>\n<p>Vous savez peut-\u00eatre d\u00e9j\u00e0 qu&rsquo;un sac \u00e0 linge en filet constitue un excellent fourre-tout de plage, mais lorsque vous avez affaire \u00e0 un b\u00e9b\u00e9 ou \u00e0 un enfant en bas \u00e2ge \u00e0 la plage, vous pouvez \u00e9galement mettre votre glaci\u00e8re dans une lessive. <em>panier<\/em> sur le chemin de la plage. Votre b\u00e9b\u00e9 peut jouer ou faire une sieste dans le panier (m\u00eame si vous devez vous assurer qu&rsquo;il est \u00e0 l&rsquo;ombre et qu&rsquo;il n&rsquo;est pas enferm\u00e9 dans une petite prison sous la lumi\u00e8re directe du soleil), et cela peut vous aider \u00e0 le garder au m\u00eame endroit lorsque vient le temps de le faire. r\u00e9appliquez de la cr\u00e8me solaire. Il fonctionnera \u00e9galement comme le fourre-tout en filet : quand il sera temps de partir, le sable tombera facilement. (Pour \u00e9liminer le sable de votre b\u00e9b\u00e9 et de vous-m\u00eame, utilisez de la poudre pour b\u00e9b\u00e9. Des points bonus si vous la gardez \u00e9galement au frais dans la glaci\u00e8re.)<\/p>\n<p>Un blog parental appel\u00e9 Team Johnson sugg\u00e8re \u00e9galement cette astuce : essayez de retourner un drap-housse et d&rsquo;ancrer les quatre coins avec quelque chose de lourd pour cr\u00e9er une aire de jeu sans sable. (Votre glaci\u00e8re et votre panier \u00e0 linge peuvent remplir deux de ces coins.)<\/p>\n<p>Pour ces hacks, essayez ce qui suit\u00a0:<\/p>\n<ul>\n<li>\n<p>Deux sacs en filet pop-up du Simplized Store (11,49 $), pour transporter vos affaires de plage<\/p>\n<\/li>\n<li>\n<p>Un tr\u00e8s grand panier \u00e0 linge Rubbermaid dans lequel les b\u00e9b\u00e9s peuvent jouer (33,32 $)<\/p>\n<\/li>\n<li>\n<p>Un paquet de trois poudres pour b\u00e9b\u00e9 Burt&rsquo;s Bees pour \u00e9liminer le sable (21,10 $)<\/p>\n<\/li>\n<li>\n<p>Un drap-housse pas cher pour cr\u00e9er une aire de jeu (10,79$)<\/p>\n<\/li>\n<\/ul>\n","protected":false},"excerpt":{"rendered":"<p>Voici comment garder votre b\u00e9b\u00e9 ou votre tout-petit au frais et hydrat\u00e9 lors de sa premi\u00e8re sortie \u00e0 la plage. Vous avez peut-\u00eatre d\u00e9j\u00e0 achet\u00e9<\/p>\n","protected":false},"author":1,"featured_media":1356,"comment_status":"","ping_status":"","sticky":false,"template":"","format":"standard","meta":{"footnotes":""},"categories":[37],"tags":[61,180,1095,119,14,1929,62,1928],"class_list":["post-1355","post","type-post","status-publish","format-standard","has-post-thumbnail","hentry","category-famille","tag-avec","tag-bebe","tag-faciliter","tag-facons","tag-les","tag-plage","tag-toutes","tag-voyage","generate-columns","tablet-grid-50","mobile-grid-100","grid-parent","grid-33"],"yoast_head":"<!-- This site is optimized with the Yoast SEO plugin v24.0 - https:\/\/yoast.com\/wordpress\/plugins\/seo\/ -->\n<title>Toutes les fa\u00e7ons de faciliter un voyage \u00e0 la plage avec un b\u00e9b\u00e9 | Vie Associative<\/title>\n<meta name=\"robots\" content=\"index, follow, max-snippet:-1, max-image-preview:large, max-video-preview:-1\" \/>\n<link rel=\"canonical\" href=\"https:\/\/vieassociative.be\/actualites\/toutes-les-facons-de-faciliter-un-voyage-a-la-plage-avec-un-bebe\/\" \/>\n<meta property=\"og:locale\" content=\"fr_FR\" \/>\n<meta property=\"og:type\" content=\"article\" \/>\n<meta property=\"og:title\" content=\"Toutes les fa\u00e7ons de faciliter un voyage \u00e0 la plage avec un b\u00e9b\u00e9 | Vie Associative\" \/>\n<meta property=\"og:description\" content=\"Voici comment garder votre b\u00e9b\u00e9 ou votre tout-petit au frais et hydrat\u00e9 lors de sa premi\u00e8re sortie \u00e0 la plage. Vous avez peut-\u00eatre d\u00e9j\u00e0 achet\u00e9\" \/>\n<meta property=\"og:url\" content=\"https:\/\/vieassociative.be\/actualites\/toutes-les-facons-de-faciliter-un-voyage-a-la-plage-avec-un-bebe\/\" \/>\n<meta property=\"og:site_name\" content=\"Vie Associative\" \/>\n<meta property=\"article:published_time\" content=\"2024-10-18T06:20:09+00:00\" \/>\n<meta property=\"og:image\" content=\"https:\/\/vieassociative.be\/actualites\/wp-content\/uploads\/2024\/09\/header_backgroundk-01-e1726694325946.png\" \/>\n\t<meta property=\"og:image:width\" content=\"279\" \/>\n\t<meta property=\"og:image:height\" content=\"92\" \/>\n\t<meta property=\"og:image:type\" content=\"image\/png\" \/>\n<meta name=\"author\" content=\"Julien\" \/>\n<meta name=\"twitter:card\" content=\"summary_large_image\" \/>\n<meta name=\"twitter:label1\" content=\"\u00c9crit par\" \/>\n\t<meta name=\"twitter:data1\" content=\"Julien\" \/>\n\t<meta name=\"twitter:label2\" content=\"Dur\u00e9e de lecture est.\" \/>\n\t<meta name=\"twitter:data2\" content=\"4 minutes\" \/>\n<script type=\"application\/ld+json\" class=\"yoast-schema-graph\">{\"@context\":\"https:\/\/schema.org\",\"@graph\":[{\"@type\":\"Article\",\"@id\":\"https:\/\/vieassociative.be\/actualites\/toutes-les-facons-de-faciliter-un-voyage-a-la-plage-avec-un-bebe\/#article\",\"isPartOf\":{\"@id\":\"https:\/\/vieassociative.be\/actualites\/toutes-les-facons-de-faciliter-un-voyage-a-la-plage-avec-un-bebe\/\"},\"author\":{\"name\":\"Julien\",\"@id\":\"https:\/\/vieassociative.be\/actualites\/#\/schema\/person\/b87ac4f82f9d4e7b7cec7395b679edc4\"},\"headline\":\"Toutes les fa\u00e7ons de faciliter un voyage \u00e0 la plage avec un b\u00e9b\u00e9\",\"datePublished\":\"2024-10-18T06:20:09+00:00\",\"dateModified\":\"2024-10-18T06:20:09+00:00\",\"mainEntityOfPage\":{\"@id\":\"https:\/\/vieassociative.be\/actualites\/toutes-les-facons-de-faciliter-un-voyage-a-la-plage-avec-un-bebe\/\"},\"wordCount\":736,\"publisher\":{\"@id\":\"https:\/\/vieassociative.be\/actualites\/#organization\"},\"image\":{\"@id\":\"https:\/\/vieassociative.be\/actualites\/toutes-les-facons-de-faciliter-un-voyage-a-la-plage-avec-un-bebe\/#primaryimage\"},\"thumbnailUrl\":\"https:\/\/vieassociative.be\/actualites\/wp-content\/uploads\/2024\/10\/Toutes-les-facons-de-faciliter-un-voyage-a-la-plage.jpg\",\"keywords\":[\"avec\",\"b\u00e9b\u00e9\",\"faciliter\",\"fa\u00e7ons\",\"Les\",\"plage\",\"toutes\",\"voyage\"],\"articleSection\":[\"Famille\"],\"inLanguage\":\"fr-BE\"},{\"@type\":\"WebPage\",\"@id\":\"https:\/\/vieassociative.be\/actualites\/toutes-les-facons-de-faciliter-un-voyage-a-la-plage-avec-un-bebe\/\",\"url\":\"https:\/\/vieassociative.be\/actualites\/toutes-les-facons-de-faciliter-un-voyage-a-la-plage-avec-un-bebe\/\",\"name\":\"Toutes les fa\u00e7ons de faciliter un voyage \u00e0 la plage avec un b\u00e9b\u00e9 | Vie Associative\",\"isPartOf\":{\"@id\":\"https:\/\/vieassociative.be\/actualites\/#website\"},\"primaryImageOfPage\":{\"@id\":\"https:\/\/vieassociative.be\/actualites\/toutes-les-facons-de-faciliter-un-voyage-a-la-plage-avec-un-bebe\/#primaryimage\"},\"image\":{\"@id\":\"https:\/\/vieassociative.be\/actualites\/toutes-les-facons-de-faciliter-un-voyage-a-la-plage-avec-un-bebe\/#primaryimage\"},\"thumbnailUrl\":\"https:\/\/vieassociative.be\/actualites\/wp-content\/uploads\/2024\/10\/Toutes-les-facons-de-faciliter-un-voyage-a-la-plage.jpg\",\"datePublished\":\"2024-10-18T06:20:09+00:00\",\"dateModified\":\"2024-10-18T06:20:09+00:00\",\"breadcrumb\":{\"@id\":\"https:\/\/vieassociative.be\/actualites\/toutes-les-facons-de-faciliter-un-voyage-a-la-plage-avec-un-bebe\/#breadcrumb\"},\"inLanguage\":\"fr-BE\",\"potentialAction\":[{\"@type\":\"ReadAction\",\"target\":[\"https:\/\/vieassociative.be\/actualites\/toutes-les-facons-de-faciliter-un-voyage-a-la-plage-avec-un-bebe\/\"]}]},{\"@type\":\"ImageObject\",\"inLanguage\":\"fr-BE\",\"@id\":\"https:\/\/vieassociative.be\/actualites\/toutes-les-facons-de-faciliter-un-voyage-a-la-plage-avec-un-bebe\/#primaryimage\",\"url\":\"https:\/\/vieassociative.be\/actualites\/wp-content\/uploads\/2024\/10\/Toutes-les-facons-de-faciliter-un-voyage-a-la-plage.jpg\",\"contentUrl\":\"https:\/\/vieassociative.be\/actualites\/wp-content\/uploads\/2024\/10\/Toutes-les-facons-de-faciliter-un-voyage-a-la-plage.jpg\",\"width\":1200,\"height\":675,\"caption\":\"Toutes les fa\u00e7ons de faciliter un voyage \u00e0 la plage avec un b\u00e9b\u00e9\"},{\"@type\":\"BreadcrumbList\",\"@id\":\"https:\/\/vieassociative.be\/actualites\/toutes-les-facons-de-faciliter-un-voyage-a-la-plage-avec-un-bebe\/#breadcrumb\",\"itemListElement\":[{\"@type\":\"ListItem\",\"position\":1,\"name\":\"Accueil\",\"item\":\"https:\/\/vieassociative.be\/actualites\/\"},{\"@type\":\"ListItem\",\"position\":2,\"name\":\"Toutes les fa\u00e7ons de faciliter un voyage \u00e0 la plage avec un b\u00e9b\u00e9\"}]},{\"@type\":\"WebSite\",\"@id\":\"https:\/\/vieassociative.be\/actualites\/#website\",\"url\":\"https:\/\/vieassociative.be\/actualites\/\",\"name\":\"Vie Associative\",\"description\":\"\",\"publisher\":{\"@id\":\"https:\/\/vieassociative.be\/actualites\/#organization\"},\"potentialAction\":[{\"@type\":\"SearchAction\",\"target\":{\"@type\":\"EntryPoint\",\"urlTemplate\":\"https:\/\/vieassociative.be\/actualites\/?s={search_term_string}\"},\"query-input\":{\"@type\":\"PropertyValueSpecification\",\"valueRequired\":true,\"valueName\":\"search_term_string\"}}],\"inLanguage\":\"fr-BE\"},{\"@type\":\"Organization\",\"@id\":\"https:\/\/vieassociative.be\/actualites\/#organization\",\"name\":\"Vie Associative\",\"url\":\"https:\/\/vieassociative.be\/actualites\/\",\"logo\":{\"@type\":\"ImageObject\",\"inLanguage\":\"fr-BE\",\"@id\":\"https:\/\/vieassociative.be\/actualites\/#\/schema\/logo\/image\/\",\"url\":\"https:\/\/vieassociative.be\/actualites\/wp-content\/uploads\/2024\/09\/cropped-vieassociative_favicon.ico.png\",\"contentUrl\":\"https:\/\/vieassociative.be\/actualites\/wp-content\/uploads\/2024\/09\/cropped-vieassociative_favicon.ico.png\",\"width\":512,\"height\":512,\"caption\":\"Vie Associative\"},\"image\":{\"@id\":\"https:\/\/vieassociative.be\/actualites\/#\/schema\/logo\/image\/\"}},{\"@type\":\"Person\",\"@id\":\"https:\/\/vieassociative.be\/actualites\/#\/schema\/person\/b87ac4f82f9d4e7b7cec7395b679edc4\",\"name\":\"Julien\",\"image\":{\"@type\":\"ImageObject\",\"inLanguage\":\"fr-BE\",\"@id\":\"https:\/\/vieassociative.be\/actualites\/#\/schema\/person\/image\/\",\"url\":\"https:\/\/vieassociative.be\/actualites\/wp-content\/uploads\/2024\/09\/vie-associative-1-150x150.jpg\",\"contentUrl\":\"https:\/\/vieassociative.be\/actualites\/wp-content\/uploads\/2024\/09\/vie-associative-1-150x150.jpg\",\"caption\":\"Julien\"},\"description\":\"Je suis Julien, r\u00e9dacteur pour Vie Associative. Passionn\u00e9 par le monde associatif depuis plus de 10 ans, j'ai \u00e0 c\u0153ur de partager des histoires inspirantes et de mettre en lumi\u00e8re les initiatives locales. Mon objectif est de sensibiliser et d'encourager l'engagement communautaire \u00e0 travers mes articles.\",\"sameAs\":[\"https:\/\/vieassociative.be\/\"]}]}<\/script>\n<!-- \/ Yoast SEO plugin. -->","yoast_head_json":{"title":"Toutes les fa\u00e7ons de faciliter un voyage \u00e0 la plage avec un b\u00e9b\u00e9 | Vie Associative","robots":{"index":"index","follow":"follow","max-snippet":"max-snippet:-1","max-image-preview":"max-image-preview:large","max-video-preview":"max-video-preview:-1"},"canonical":"https:\/\/vieassociative.be\/actualites\/toutes-les-facons-de-faciliter-un-voyage-a-la-plage-avec-un-bebe\/","og_locale":"fr_FR","og_type":"article","og_title":"Toutes les fa\u00e7ons de faciliter un voyage \u00e0 la plage avec un b\u00e9b\u00e9 | Vie Associative","og_description":"Voici comment garder votre b\u00e9b\u00e9 ou votre tout-petit au frais et hydrat\u00e9 lors de sa premi\u00e8re sortie \u00e0 la plage. Vous avez peut-\u00eatre d\u00e9j\u00e0 achet\u00e9","og_url":"https:\/\/vieassociative.be\/actualites\/toutes-les-facons-de-faciliter-un-voyage-a-la-plage-avec-un-bebe\/","og_site_name":"Vie Associative","article_published_time":"2024-10-18T06:20:09+00:00","og_image":[{"width":279,"height":92,"url":"https:\/\/vieassociative.be\/actualites\/wp-content\/uploads\/2024\/09\/header_backgroundk-01-e1726694325946.png","type":"image\/png"}],"author":"Julien","twitter_card":"summary_large_image","twitter_misc":{"\u00c9crit par":"Julien","Dur\u00e9e de lecture est.":"4 minutes"},"schema":{"@context":"https:\/\/schema.org","@graph":[{"@type":"Article","@id":"https:\/\/vieassociative.be\/actualites\/toutes-les-facons-de-faciliter-un-voyage-a-la-plage-avec-un-bebe\/#article","isPartOf":{"@id":"https:\/\/vieassociative.be\/actualites\/toutes-les-facons-de-faciliter-un-voyage-a-la-plage-avec-un-bebe\/"},"author":{"name":"Julien","@id":"https:\/\/vieassociative.be\/actualites\/#\/schema\/person\/b87ac4f82f9d4e7b7cec7395b679edc4"},"headline":"Toutes les fa\u00e7ons de faciliter un voyage \u00e0 la plage avec un b\u00e9b\u00e9","datePublished":"2024-10-18T06:20:09+00:00","dateModified":"2024-10-18T06:20:09+00:00","mainEntityOfPage":{"@id":"https:\/\/vieassociative.be\/actualites\/toutes-les-facons-de-faciliter-un-voyage-a-la-plage-avec-un-bebe\/"},"wordCount":736,"publisher":{"@id":"https:\/\/vieassociative.be\/actualites\/#organization"},"image":{"@id":"https:\/\/vieassociative.be\/actualites\/toutes-les-facons-de-faciliter-un-voyage-a-la-plage-avec-un-bebe\/#primaryimage"},"thumbnailUrl":"https:\/\/vieassociative.be\/actualites\/wp-content\/uploads\/2024\/10\/Toutes-les-facons-de-faciliter-un-voyage-a-la-plage.jpg","keywords":["avec","b\u00e9b\u00e9","faciliter","fa\u00e7ons","Les","plage","toutes","voyage"],"articleSection":["Famille"],"inLanguage":"fr-BE"},{"@type":"WebPage","@id":"https:\/\/vieassociative.be\/actualites\/toutes-les-facons-de-faciliter-un-voyage-a-la-plage-avec-un-bebe\/","url":"https:\/\/vieassociative.be\/actualites\/toutes-les-facons-de-faciliter-un-voyage-a-la-plage-avec-un-bebe\/","name":"Toutes les fa\u00e7ons de faciliter un voyage \u00e0 la plage avec un b\u00e9b\u00e9 | Vie Associative","isPartOf":{"@id":"https:\/\/vieassociative.be\/actualites\/#website"},"primaryImageOfPage":{"@id":"https:\/\/vieassociative.be\/actualites\/toutes-les-facons-de-faciliter-un-voyage-a-la-plage-avec-un-bebe\/#primaryimage"},"image":{"@id":"https:\/\/vieassociative.be\/actualites\/toutes-les-facons-de-faciliter-un-voyage-a-la-plage-avec-un-bebe\/#primaryimage"},"thumbnailUrl":"https:\/\/vieassociative.be\/actualites\/wp-content\/uploads\/2024\/10\/Toutes-les-facons-de-faciliter-un-voyage-a-la-plage.jpg","datePublished":"2024-10-18T06:20:09+00:00","dateModified":"2024-10-18T06:20:09+00:00","breadcrumb":{"@id":"https:\/\/vieassociative.be\/actualites\/toutes-les-facons-de-faciliter-un-voyage-a-la-plage-avec-un-bebe\/#breadcrumb"},"inLanguage":"fr-BE","potentialAction":[{"@type":"ReadAction","target":["https:\/\/vieassociative.be\/actualites\/toutes-les-facons-de-faciliter-un-voyage-a-la-plage-avec-un-bebe\/"]}]},{"@type":"ImageObject","inLanguage":"fr-BE","@id":"https:\/\/vieassociative.be\/actualites\/toutes-les-facons-de-faciliter-un-voyage-a-la-plage-avec-un-bebe\/#primaryimage","url":"https:\/\/vieassociative.be\/actualites\/wp-content\/uploads\/2024\/10\/Toutes-les-facons-de-faciliter-un-voyage-a-la-plage.jpg","contentUrl":"https:\/\/vieassociative.be\/actualites\/wp-content\/uploads\/2024\/10\/Toutes-les-facons-de-faciliter-un-voyage-a-la-plage.jpg","width":1200,"height":675,"caption":"Toutes les fa\u00e7ons de faciliter un voyage \u00e0 la plage avec un b\u00e9b\u00e9"},{"@type":"BreadcrumbList","@id":"https:\/\/vieassociative.be\/actualites\/toutes-les-facons-de-faciliter-un-voyage-a-la-plage-avec-un-bebe\/#breadcrumb","itemListElement":[{"@type":"ListItem","position":1,"name":"Accueil","item":"https:\/\/vieassociative.be\/actualites\/"},{"@type":"ListItem","position":2,"name":"Toutes les fa\u00e7ons de faciliter un voyage \u00e0 la plage avec un b\u00e9b\u00e9"}]},{"@type":"WebSite","@id":"https:\/\/vieassociative.be\/actualites\/#website","url":"https:\/\/vieassociative.be\/actualites\/","name":"Vie Associative","description":"","publisher":{"@id":"https:\/\/vieassociative.be\/actualites\/#organization"},"potentialAction":[{"@type":"SearchAction","target":{"@type":"EntryPoint","urlTemplate":"https:\/\/vieassociative.be\/actualites\/?s={search_term_string}"},"query-input":{"@type":"PropertyValueSpecification","valueRequired":true,"valueName":"search_term_string"}}],"inLanguage":"fr-BE"},{"@type":"Organization","@id":"https:\/\/vieassociative.be\/actualites\/#organization","name":"Vie Associative","url":"https:\/\/vieassociative.be\/actualites\/","logo":{"@type":"ImageObject","inLanguage":"fr-BE","@id":"https:\/\/vieassociative.be\/actualites\/#\/schema\/logo\/image\/","url":"https:\/\/vieassociative.be\/actualites\/wp-content\/uploads\/2024\/09\/cropped-vieassociative_favicon.ico.png","contentUrl":"https:\/\/vieassociative.be\/actualites\/wp-content\/uploads\/2024\/09\/cropped-vieassociative_favicon.ico.png","width":512,"height":512,"caption":"Vie Associative"},"image":{"@id":"https:\/\/vieassociative.be\/actualites\/#\/schema\/logo\/image\/"}},{"@type":"Person","@id":"https:\/\/vieassociative.be\/actualites\/#\/schema\/person\/b87ac4f82f9d4e7b7cec7395b679edc4","name":"Julien","image":{"@type":"ImageObject","inLanguage":"fr-BE","@id":"https:\/\/vieassociative.be\/actualites\/#\/schema\/person\/image\/","url":"https:\/\/vieassociative.be\/actualites\/wp-content\/uploads\/2024\/09\/vie-associative-1-150x150.jpg","contentUrl":"https:\/\/vieassociative.be\/actualites\/wp-content\/uploads\/2024\/09\/vie-associative-1-150x150.jpg","caption":"Julien"},"description":"Je suis Julien, r\u00e9dacteur pour Vie Associative. Passionn\u00e9 par le monde associatif depuis plus de 10 ans, j'ai \u00e0 c\u0153ur de partager des histoires inspirantes et de mettre en lumi\u00e8re les initiatives locales. Mon objectif est de sensibiliser et d'encourager l'engagement communautaire \u00e0 travers mes articles.","sameAs":["https:\/\/vieassociative.be\/"]}]}},"_links":{"self":[{"href":"https:\/\/vieassociative.be\/actualites\/wp-json\/wp\/v2\/posts\/1355"}],"collection":[{"href":"https:\/\/vieassociative.be\/actualites\/wp-json\/wp\/v2\/posts"}],"about":[{"href":"https:\/\/vieassociative.be\/actualites\/wp-json\/wp\/v2\/types\/post"}],"author":[{"embeddable":true,"href":"https:\/\/vieassociative.be\/actualites\/wp-json\/wp\/v2\/users\/1"}],"replies":[{"embeddable":true,"href":"https:\/\/vieassociative.be\/actualites\/wp-json\/wp\/v2\/comments?post=1355"}],"version-history":[{"count":0,"href":"https:\/\/vieassociative.be\/actualites\/wp-json\/wp\/v2\/posts\/1355\/revisions"}],"wp:featuredmedia":[{"embeddable":true,"href":"https:\/\/vieassociative.be\/actualites\/wp-json\/wp\/v2\/media\/1356"}],"wp:attachment":[{"href":"https:\/\/vieassociative.be\/actualites\/wp-json\/wp\/v2\/media?parent=1355"}],"wp:term":[{"taxonomy":"category","embeddable":true,"href":"https:\/\/vieassociative.be\/actualites\/wp-json\/wp\/v2\/categories?post=1355"},{"taxonomy":"post_tag","embeddable":true,"href":"https:\/\/vieassociative.be\/actualites\/wp-json\/wp\/v2\/tags?post=1355"}],"curies":[{"name":"wp","href":"https:\/\/api.w.org\/{rel}","templated":true}]}}