{"id":13549,"date":"2026-04-23T05:17:46","date_gmt":"2026-04-23T03:17:46","guid":{"rendered":"https:\/\/vieassociative.be\/actualites\/orban-a-avale-de-la-craie-le-premier-ministre-hongrois-sortant-leve-le-blocus-des-milliards-pour-lukraine\/"},"modified":"2026-04-23T05:17:46","modified_gmt":"2026-04-23T03:17:46","slug":"orban-a-avale-de-la-craie-le-premier-ministre-hongrois-sortant-leve-le-blocus-des-milliards-pour-lukraine","status":"publish","type":"post","link":"https:\/\/vieassociative.be\/actualites\/orban-a-avale-de-la-craie-le-premier-ministre-hongrois-sortant-leve-le-blocus-des-milliards-pour-lukraine\/","title":{"rendered":"Orban a aval\u00e9 de la craie : le Premier ministre hongrois sortant l\u00e8ve le blocus des milliards pour l&rsquo;Ukraine"},"content":{"rendered":"<p><strong>La Hongrie a renonc\u00e9 \u00e0 bloquer depuis des mois le plan de soutien europ\u00e9en \u00e0 l&rsquo;Ukraine, d&rsquo;un milliard de dollars. Le gouvernement du Premier ministre sortant Viktor Orban a soutenu une d\u00e9cision de Bruxelles qui permettrait un pr\u00eat pouvant atteindre 90 milliards d&rsquo;euros, comme l&rsquo;ont d\u00e9clar\u00e9 plusieurs diplomates \u00e0 l&rsquo;agence de presse allemande.<\/strong><\/p>\n<p><span id=\"more-438571\"><\/span>L\u2019Ukraine a besoin de cet argent frais pour poursuivre sa lutte d\u00e9fensive contre la Russie et pour accomplir d\u2019autres t\u00e2ches \u00e9tatiques. En outre, les repr\u00e9sentants permanents des \u00c9tats de l&rsquo;UE \u00e0 Bruxelles ont pu lancer un nouveau paquet de sanctions contre la Russie.<\/p>\n<p>Il vise \u00e0 r\u00e9duire davantage les revenus russes provenant des ventes de gaz et de p\u00e9trole. D&rsquo;autres institutions financi\u00e8res doivent \u00e9galement \u00eatre coup\u00e9es des transactions de paiement internationales et des restrictions commerciales suppl\u00e9mentaires doivent \u00eatre impos\u00e9es. Le paquet a \u00e9galement \u00e9t\u00e9 bloqu\u00e9 par la Hongrie et la Slovaquie.<\/p>\n<div id=\"attachment_438574\" class=\"wp-caption alignleft\" style=\"max-width: 300px\"><img fetchpriority=\"high\" decoding=\"async\" class=\"wp-image-438574 size-medium\" src=\"https:\/\/vieassociative.be\/actualites\/wp-content\/uploads\/2026\/04\/Orban-a-avale-de-la-craie-le-Premier-ministre.jpg\" alt=\"\" width=\"300\" height=\"200\"><\/div>\n<p><strong>\u2013 Le pipeline Druzhba joue un r\u00f4le cl\u00e9 :<\/strong> Les d\u00e9cisions formelles doivent d\u00e9sormais \u00eatre prises dans le cadre d&rsquo;une proc\u00e9dure \u00e9crite, qui devrait s&rsquo;achever ce jeudi apr\u00e8s-midi. Cela ne pourrait qu\u2019\u00e9chouer si les livraisons de p\u00e9trole russe pr\u00e9vues \u00e0 la Hongrie et \u00e0 la Slovaquie n\u2019arrivent pas d\u2019ici l\u00e0.<\/p>\n<p>Dans l&rsquo;apr\u00e8s-midi, la Hongrie annon\u00e7ait d\u00e9j\u00e0 que le transit du p\u00e9trole avait repris. Le p\u00e9trole devrait arriver sur le territoire hongrois plus tard dans la journ\u00e9e ou au plus tard jeudi matin, a \u00e9crit sur Facebook le ministre hongrois des Affaires europ\u00e9ennes, Janos Boka.<\/p>\n<p>Afin de persuader Orban et le Premier ministre slovaque Robert Fico de renoncer \u00e0 leur veto, l&rsquo;Ukraine a autoris\u00e9 mardi la reprise des op\u00e9rations du gazoduc Drouzhba. Gr\u00e2ce \u00e0 cela, le p\u00e9trole russe est achemin\u00e9 via le territoire ukrainien vers la Hongrie et la Slovaquie.<\/p>\n<p>Orban avait accus\u00e9 l&rsquo;Ukraine d&#8217;emp\u00eacher les livraisons de p\u00e9trole russe par l&rsquo;ol\u00e9oduc pour des raisons politiques et avait li\u00e9 son approbation \u00e0 une nouvelle aide de l&rsquo;UE pour le pays \u00e0 la remise en service de l&rsquo;ol\u00e9oduc. Le gouvernement de Kiev a rejet\u00e9 ces all\u00e9gations et soulign\u00e9 que le pipeline devait \u00eatre r\u00e9par\u00e9 apr\u00e8s les frappes a\u00e9riennes russes de janvier.<\/p>\n<p>Le blocus hongrois a r\u00e9cemment suscit\u00e9 l&rsquo;indignation et les critiques pendant des semaines &#8211; notamment parce qu&rsquo;Orban avait d\u00e9j\u00e0 approuv\u00e9 le concept de pr\u00eat lors d&rsquo;un sommet europ\u00e9en en d\u00e9cembre. Mais en fin de compte, le populiste de droite a eu raison de son chantage et a forc\u00e9 l\u2019Ukraine \u00e0 r\u00e9tablir l\u2019exploitation du pipeline. C\u2019est une situation am\u00e8re pour beaucoup de gens l\u00e0-bas, car la Russie finance \u00e9galement sa guerre d\u2019agression contre l\u2019Ukraine par le biais de ses exportations de p\u00e9trole.<\/p>\n<div id=\"attachment_438574\" class=\"wp-caption alignleft\" style=\"max-width: 300px\"><img fetchpriority=\"high\" decoding=\"async\" class=\"wp-image-438574 size-medium\" src=\"https:\/\/vieassociative.be\/actualites\/wp-content\/uploads\/2026\/04\/Orban-a-avale-de-la-craie-le-Premier-ministre.jpg\" alt=\"\" width=\"300\" height=\"200\"><\/div>\n<p>Cependant, la d\u00e9faite d&rsquo;Orban aux \u00e9lections l\u00e9gislatives il y a une semaine et demie redonne de l&rsquo;espoir \u00e0 certains endroits. En Ukraine et dans de nombreux autres pays de l\u2019UE, les gouvernements comptent sur le futur Premier ministre Peter Magyar pour mener une politique diff\u00e9rente et moins bloquer \u00e0 Bruxelles. Par exemple, Orban a \u00e9galement bloqu\u00e9 le processus d\u2019adh\u00e9sion de l\u2019Ukraine \u00e0 l\u2019UE.<\/p>\n<p><strong>\u2013 Le pr\u00eat de l\u2019UE devrait permettre \u00e0 l\u2019Ukraine de poursuivre sa lutte d\u00e9fensive :<\/strong> Sur la nouvelle aide financi\u00e8re de l&rsquo;UE, qui s&rsquo;\u00e9l\u00e8ve \u00e0 90 milliards d&rsquo;euros, 60 milliards sont destin\u00e9s aux d\u00e9penses li\u00e9es \u00e0 la d\u00e9fense. La moiti\u00e9 de l\u2019argent devrait \u00eatre vers\u00e9e cette ann\u00e9e \u2013 45 milliards suppl\u00e9mentaires pourraient suivre l\u2019ann\u00e9e prochaine.<\/p>\n<p>Le concept de financement pr\u00e9voit de r\u00e9unir les fonds n\u00e9cessaires au pr\u00eat \u00e0 des conditions avantageuses sur le march\u00e9 des capitaux. L\u2019Ukraine ne devrait rembourser cette somme que si la Russie verse une compensation pour les dommages caus\u00e9s apr\u00e8s la fin de sa guerre d\u2019agression. Un accord entre les chefs d&rsquo;\u00c9tat et de gouvernement stipule \u00e9galement que les avoirs russes gel\u00e9s dans l&rsquo;UE seront utilis\u00e9s pour le remboursement si Moscou ne verse pas d&rsquo;indemnisation pour les dommages de guerre.<\/p>\n<p>Le paquet de sanctions qui vient d\u2019\u00eatre lanc\u00e9 aurait d\u00fb entrer en vigueur en f\u00e9vrier, \u00e0 l\u2019occasion du quatri\u00e8me anniversaire de l\u2019invasion russe \u00e0 grande \u00e9chelle. Dans le secteur de l&rsquo;\u00e9nergie, il propose d&rsquo;interdire aux entreprises europ\u00e9ennes de participer \u00e0 la r\u00e9paration des raffineries russes endommag\u00e9es par les attaques ukrainiennes. En outre, les transactions avec les terminaux portuaires en Russie et dans des pays tiers ainsi que les services de terminaux GNL et les services de maintenance pour les m\u00e9thaniers et brise-glaces russes sont interdits. Dans le m\u00eame temps, l\u2019exception pr\u00e9vue pr\u00e9c\u00e9demment pour les condensats de gaz naturel dans l\u2019interdiction d\u2019importer du p\u00e9trole brut russe ne s\u2019appliquera plus.<\/p>\n<p>En outre, les entreprises russes et \u00e9trang\u00e8res qui soutiennent le complexe militaro-industriel russe devraient \u00eatre sanctionn\u00e9es. Afin de r\u00e9duire les revenus de la Russie, des interdictions d&rsquo;importation d&rsquo;autres m\u00e9taux, produits chimiques et mati\u00e8res premi\u00e8res critiques sont \u00e9galement pr\u00e9vues. Selon les informations de l&rsquo;UE, les revenus du pays pourraient diminuer de 570 millions d&rsquo;euros par an. (dpa)<\/p>\n","protected":false},"excerpt":{"rendered":"<p>La Hongrie a renonc\u00e9 \u00e0 bloquer depuis des mois le plan de soutien europ\u00e9en \u00e0 l&rsquo;Ukraine, d&rsquo;un milliard de dollars. Le gouvernement du Premier ministre<\/p>\n","protected":false},"author":1,"featured_media":13550,"comment_status":"","ping_status":"","sticky":false,"template":"","format":"standard","meta":{"footnotes":""},"categories":[298],"tags":[10546,10550,10547,29,10300,10549,3403,4419,1245,7060,81,443,10548],"class_list":["post-13549","post","type-post","status-publish","format-standard","has-post-thumbnail","hentry","category-belgique","tag-avale","tag-blocus","tag-craie","tag-des","tag-hongrois","tag-leve","tag-lukraine","tag-milliards","tag-ministre","tag-orban","tag-pour","tag-premier","tag-sortant","generate-columns","tablet-grid-50","mobile-grid-100","grid-parent","grid-33"],"yoast_head":"<!-- This site is optimized with the Yoast SEO plugin v24.0 - https:\/\/yoast.com\/wordpress\/plugins\/seo\/ -->\n<title>Orban a aval\u00e9 de la craie : le Premier ministre hongrois sortant l\u00e8ve le blocus des milliards pour l&#039;Ukraine | Vie Associative<\/title>\n<meta name=\"robots\" content=\"index, follow, max-snippet:-1, max-image-preview:large, max-video-preview:-1\" \/>\n<link rel=\"canonical\" href=\"https:\/\/vieassociative.be\/actualites\/orban-a-avale-de-la-craie-le-premier-ministre-hongrois-sortant-leve-le-blocus-des-milliards-pour-lukraine\/\" \/>\n<meta property=\"og:locale\" content=\"fr_FR\" \/>\n<meta property=\"og:type\" content=\"article\" \/>\n<meta property=\"og:title\" content=\"Orban a aval\u00e9 de la craie : le Premier ministre hongrois sortant l\u00e8ve le blocus des milliards pour l&#039;Ukraine | Vie Associative\" \/>\n<meta property=\"og:description\" content=\"La Hongrie a renonc\u00e9 \u00e0 bloquer depuis des mois le plan de soutien europ\u00e9en \u00e0 l&rsquo;Ukraine, d&rsquo;un milliard de dollars. Le gouvernement du Premier ministre\" \/>\n<meta property=\"og:url\" content=\"https:\/\/vieassociative.be\/actualites\/orban-a-avale-de-la-craie-le-premier-ministre-hongrois-sortant-leve-le-blocus-des-milliards-pour-lukraine\/\" \/>\n<meta property=\"og:site_name\" content=\"Vie Associative\" \/>\n<meta property=\"article:published_time\" content=\"2026-04-23T03:17:46+00:00\" \/>\n<meta property=\"og:image\" content=\"https:\/\/vieassociative.be\/actualites\/wp-content\/uploads\/2024\/09\/header_backgroundk-01-e1726694325946.png\" \/>\n\t<meta property=\"og:image:width\" content=\"279\" \/>\n\t<meta property=\"og:image:height\" content=\"92\" \/>\n\t<meta property=\"og:image:type\" content=\"image\/png\" \/>\n<meta name=\"author\" content=\"Julien\" \/>\n<meta name=\"twitter:card\" content=\"summary_large_image\" \/>\n<meta name=\"twitter:label1\" content=\"\u00c9crit par\" \/>\n\t<meta name=\"twitter:data1\" content=\"Julien\" \/>\n\t<meta name=\"twitter:label2\" content=\"Dur\u00e9e de lecture est.\" \/>\n\t<meta name=\"twitter:data2\" content=\"4 minutes\" \/>\n<script type=\"application\/ld+json\" class=\"yoast-schema-graph\">{\"@context\":\"https:\/\/schema.org\",\"@graph\":[{\"@type\":\"Article\",\"@id\":\"https:\/\/vieassociative.be\/actualites\/orban-a-avale-de-la-craie-le-premier-ministre-hongrois-sortant-leve-le-blocus-des-milliards-pour-lukraine\/#article\",\"isPartOf\":{\"@id\":\"https:\/\/vieassociative.be\/actualites\/orban-a-avale-de-la-craie-le-premier-ministre-hongrois-sortant-leve-le-blocus-des-milliards-pour-lukraine\/\"},\"author\":{\"name\":\"Julien\",\"@id\":\"https:\/\/vieassociative.be\/actualites\/#\/schema\/person\/b87ac4f82f9d4e7b7cec7395b679edc4\"},\"headline\":\"Orban a aval\u00e9 de la craie : le Premier ministre hongrois sortant l\u00e8ve le blocus des milliards pour l&rsquo;Ukraine\",\"datePublished\":\"2026-04-23T03:17:46+00:00\",\"dateModified\":\"2026-04-23T03:17:46+00:00\",\"mainEntityOfPage\":{\"@id\":\"https:\/\/vieassociative.be\/actualites\/orban-a-avale-de-la-craie-le-premier-ministre-hongrois-sortant-leve-le-blocus-des-milliards-pour-lukraine\/\"},\"wordCount\":922,\"publisher\":{\"@id\":\"https:\/\/vieassociative.be\/actualites\/#organization\"},\"image\":{\"@id\":\"https:\/\/vieassociative.be\/actualites\/orban-a-avale-de-la-craie-le-premier-ministre-hongrois-sortant-leve-le-blocus-des-milliards-pour-lukraine\/#primaryimage\"},\"thumbnailUrl\":\"https:\/\/vieassociative.be\/actualites\/wp-content\/uploads\/2026\/04\/1776914267_Orban-a-avale-de-la-craie-le-Premier-ministre.jpg\",\"keywords\":[\"aval\u00e9\",\"blocus\",\"craie\",\"Des\",\"hongrois\",\"l\u00e8ve\",\"lUkraine\",\"milliards\",\"ministre\",\"orban\",\"pour\",\"premier\",\"sortant\"],\"articleSection\":[\"Belgique\"],\"inLanguage\":\"fr-BE\"},{\"@type\":\"WebPage\",\"@id\":\"https:\/\/vieassociative.be\/actualites\/orban-a-avale-de-la-craie-le-premier-ministre-hongrois-sortant-leve-le-blocus-des-milliards-pour-lukraine\/\",\"url\":\"https:\/\/vieassociative.be\/actualites\/orban-a-avale-de-la-craie-le-premier-ministre-hongrois-sortant-leve-le-blocus-des-milliards-pour-lukraine\/\",\"name\":\"Orban a aval\u00e9 de la craie : le Premier ministre hongrois sortant l\u00e8ve le blocus des milliards pour l'Ukraine | Vie Associative\",\"isPartOf\":{\"@id\":\"https:\/\/vieassociative.be\/actualites\/#website\"},\"primaryImageOfPage\":{\"@id\":\"https:\/\/vieassociative.be\/actualites\/orban-a-avale-de-la-craie-le-premier-ministre-hongrois-sortant-leve-le-blocus-des-milliards-pour-lukraine\/#primaryimage\"},\"image\":{\"@id\":\"https:\/\/vieassociative.be\/actualites\/orban-a-avale-de-la-craie-le-premier-ministre-hongrois-sortant-leve-le-blocus-des-milliards-pour-lukraine\/#primaryimage\"},\"thumbnailUrl\":\"https:\/\/vieassociative.be\/actualites\/wp-content\/uploads\/2026\/04\/1776914267_Orban-a-avale-de-la-craie-le-Premier-ministre.jpg\",\"datePublished\":\"2026-04-23T03:17:46+00:00\",\"dateModified\":\"2026-04-23T03:17:46+00:00\",\"breadcrumb\":{\"@id\":\"https:\/\/vieassociative.be\/actualites\/orban-a-avale-de-la-craie-le-premier-ministre-hongrois-sortant-leve-le-blocus-des-milliards-pour-lukraine\/#breadcrumb\"},\"inLanguage\":\"fr-BE\",\"potentialAction\":[{\"@type\":\"ReadAction\",\"target\":[\"https:\/\/vieassociative.be\/actualites\/orban-a-avale-de-la-craie-le-premier-ministre-hongrois-sortant-leve-le-blocus-des-milliards-pour-lukraine\/\"]}]},{\"@type\":\"ImageObject\",\"inLanguage\":\"fr-BE\",\"@id\":\"https:\/\/vieassociative.be\/actualites\/orban-a-avale-de-la-craie-le-premier-ministre-hongrois-sortant-leve-le-blocus-des-milliards-pour-lukraine\/#primaryimage\",\"url\":\"https:\/\/vieassociative.be\/actualites\/wp-content\/uploads\/2026\/04\/1776914267_Orban-a-avale-de-la-craie-le-Premier-ministre.jpg\",\"contentUrl\":\"https:\/\/vieassociative.be\/actualites\/wp-content\/uploads\/2026\/04\/1776914267_Orban-a-avale-de-la-craie-le-Premier-ministre.jpg\",\"width\":1200,\"height\":800,\"caption\":\"Orban a aval\u00e9 de la craie : le Premier ministre hongrois sortant l\u00e8ve le blocus des milliards pour l'Ukraine\"},{\"@type\":\"BreadcrumbList\",\"@id\":\"https:\/\/vieassociative.be\/actualites\/orban-a-avale-de-la-craie-le-premier-ministre-hongrois-sortant-leve-le-blocus-des-milliards-pour-lukraine\/#breadcrumb\",\"itemListElement\":[{\"@type\":\"ListItem\",\"position\":1,\"name\":\"Accueil\",\"item\":\"https:\/\/vieassociative.be\/actualites\/\"},{\"@type\":\"ListItem\",\"position\":2,\"name\":\"Orban a aval\u00e9 de la craie : le Premier ministre hongrois sortant l\u00e8ve le blocus des milliards pour l&rsquo;Ukraine\"}]},{\"@type\":\"WebSite\",\"@id\":\"https:\/\/vieassociative.be\/actualites\/#website\",\"url\":\"https:\/\/vieassociative.be\/actualites\/\",\"name\":\"Vie Associative\",\"description\":\"\",\"publisher\":{\"@id\":\"https:\/\/vieassociative.be\/actualites\/#organization\"},\"potentialAction\":[{\"@type\":\"SearchAction\",\"target\":{\"@type\":\"EntryPoint\",\"urlTemplate\":\"https:\/\/vieassociative.be\/actualites\/?s={search_term_string}\"},\"query-input\":{\"@type\":\"PropertyValueSpecification\",\"valueRequired\":true,\"valueName\":\"search_term_string\"}}],\"inLanguage\":\"fr-BE\"},{\"@type\":\"Organization\",\"@id\":\"https:\/\/vieassociative.be\/actualites\/#organization\",\"name\":\"Vie Associative\",\"url\":\"https:\/\/vieassociative.be\/actualites\/\",\"logo\":{\"@type\":\"ImageObject\",\"inLanguage\":\"fr-BE\",\"@id\":\"https:\/\/vieassociative.be\/actualites\/#\/schema\/logo\/image\/\",\"url\":\"https:\/\/vieassociative.be\/actualites\/wp-content\/uploads\/2024\/09\/cropped-vieassociative_favicon.ico.png\",\"contentUrl\":\"https:\/\/vieassociative.be\/actualites\/wp-content\/uploads\/2024\/09\/cropped-vieassociative_favicon.ico.png\",\"width\":512,\"height\":512,\"caption\":\"Vie Associative\"},\"image\":{\"@id\":\"https:\/\/vieassociative.be\/actualites\/#\/schema\/logo\/image\/\"}},{\"@type\":\"Person\",\"@id\":\"https:\/\/vieassociative.be\/actualites\/#\/schema\/person\/b87ac4f82f9d4e7b7cec7395b679edc4\",\"name\":\"Julien\",\"image\":{\"@type\":\"ImageObject\",\"inLanguage\":\"fr-BE\",\"@id\":\"https:\/\/vieassociative.be\/actualites\/#\/schema\/person\/image\/\",\"url\":\"https:\/\/vieassociative.be\/actualites\/wp-content\/uploads\/2024\/09\/vie-associative-1-150x150.jpg\",\"contentUrl\":\"https:\/\/vieassociative.be\/actualites\/wp-content\/uploads\/2024\/09\/vie-associative-1-150x150.jpg\",\"caption\":\"Julien\"},\"description\":\"Je suis Julien, r\u00e9dacteur pour Vie Associative. Passionn\u00e9 par le monde associatif depuis plus de 10 ans, j'ai \u00e0 c\u0153ur de partager des histoires inspirantes et de mettre en lumi\u00e8re les initiatives locales. Mon objectif est de sensibiliser et d'encourager l'engagement communautaire \u00e0 travers mes articles.\",\"sameAs\":[\"https:\/\/vieassociative.be\/\"]}]}<\/script>\n<!-- \/ Yoast SEO plugin. -->","yoast_head_json":{"title":"Orban a aval\u00e9 de la craie : le Premier ministre hongrois sortant l\u00e8ve le blocus des milliards pour l'Ukraine | Vie Associative","robots":{"index":"index","follow":"follow","max-snippet":"max-snippet:-1","max-image-preview":"max-image-preview:large","max-video-preview":"max-video-preview:-1"},"canonical":"https:\/\/vieassociative.be\/actualites\/orban-a-avale-de-la-craie-le-premier-ministre-hongrois-sortant-leve-le-blocus-des-milliards-pour-lukraine\/","og_locale":"fr_FR","og_type":"article","og_title":"Orban a aval\u00e9 de la craie : le Premier ministre hongrois sortant l\u00e8ve le blocus des milliards pour l'Ukraine | Vie Associative","og_description":"La Hongrie a renonc\u00e9 \u00e0 bloquer depuis des mois le plan de soutien europ\u00e9en \u00e0 l&rsquo;Ukraine, d&rsquo;un milliard de dollars. Le gouvernement du Premier ministre","og_url":"https:\/\/vieassociative.be\/actualites\/orban-a-avale-de-la-craie-le-premier-ministre-hongrois-sortant-leve-le-blocus-des-milliards-pour-lukraine\/","og_site_name":"Vie Associative","article_published_time":"2026-04-23T03:17:46+00:00","og_image":[{"width":279,"height":92,"url":"https:\/\/vieassociative.be\/actualites\/wp-content\/uploads\/2024\/09\/header_backgroundk-01-e1726694325946.png","type":"image\/png"}],"author":"Julien","twitter_card":"summary_large_image","twitter_misc":{"\u00c9crit par":"Julien","Dur\u00e9e de lecture est.":"4 minutes"},"schema":{"@context":"https:\/\/schema.org","@graph":[{"@type":"Article","@id":"https:\/\/vieassociative.be\/actualites\/orban-a-avale-de-la-craie-le-premier-ministre-hongrois-sortant-leve-le-blocus-des-milliards-pour-lukraine\/#article","isPartOf":{"@id":"https:\/\/vieassociative.be\/actualites\/orban-a-avale-de-la-craie-le-premier-ministre-hongrois-sortant-leve-le-blocus-des-milliards-pour-lukraine\/"},"author":{"name":"Julien","@id":"https:\/\/vieassociative.be\/actualites\/#\/schema\/person\/b87ac4f82f9d4e7b7cec7395b679edc4"},"headline":"Orban a aval\u00e9 de la craie : le Premier ministre hongrois sortant l\u00e8ve le blocus des milliards pour l&rsquo;Ukraine","datePublished":"2026-04-23T03:17:46+00:00","dateModified":"2026-04-23T03:17:46+00:00","mainEntityOfPage":{"@id":"https:\/\/vieassociative.be\/actualites\/orban-a-avale-de-la-craie-le-premier-ministre-hongrois-sortant-leve-le-blocus-des-milliards-pour-lukraine\/"},"wordCount":922,"publisher":{"@id":"https:\/\/vieassociative.be\/actualites\/#organization"},"image":{"@id":"https:\/\/vieassociative.be\/actualites\/orban-a-avale-de-la-craie-le-premier-ministre-hongrois-sortant-leve-le-blocus-des-milliards-pour-lukraine\/#primaryimage"},"thumbnailUrl":"https:\/\/vieassociative.be\/actualites\/wp-content\/uploads\/2026\/04\/1776914267_Orban-a-avale-de-la-craie-le-Premier-ministre.jpg","keywords":["aval\u00e9","blocus","craie","Des","hongrois","l\u00e8ve","lUkraine","milliards","ministre","orban","pour","premier","sortant"],"articleSection":["Belgique"],"inLanguage":"fr-BE"},{"@type":"WebPage","@id":"https:\/\/vieassociative.be\/actualites\/orban-a-avale-de-la-craie-le-premier-ministre-hongrois-sortant-leve-le-blocus-des-milliards-pour-lukraine\/","url":"https:\/\/vieassociative.be\/actualites\/orban-a-avale-de-la-craie-le-premier-ministre-hongrois-sortant-leve-le-blocus-des-milliards-pour-lukraine\/","name":"Orban a aval\u00e9 de la craie : le Premier ministre hongrois sortant l\u00e8ve le blocus des milliards pour l'Ukraine | Vie Associative","isPartOf":{"@id":"https:\/\/vieassociative.be\/actualites\/#website"},"primaryImageOfPage":{"@id":"https:\/\/vieassociative.be\/actualites\/orban-a-avale-de-la-craie-le-premier-ministre-hongrois-sortant-leve-le-blocus-des-milliards-pour-lukraine\/#primaryimage"},"image":{"@id":"https:\/\/vieassociative.be\/actualites\/orban-a-avale-de-la-craie-le-premier-ministre-hongrois-sortant-leve-le-blocus-des-milliards-pour-lukraine\/#primaryimage"},"thumbnailUrl":"https:\/\/vieassociative.be\/actualites\/wp-content\/uploads\/2026\/04\/1776914267_Orban-a-avale-de-la-craie-le-Premier-ministre.jpg","datePublished":"2026-04-23T03:17:46+00:00","dateModified":"2026-04-23T03:17:46+00:00","breadcrumb":{"@id":"https:\/\/vieassociative.be\/actualites\/orban-a-avale-de-la-craie-le-premier-ministre-hongrois-sortant-leve-le-blocus-des-milliards-pour-lukraine\/#breadcrumb"},"inLanguage":"fr-BE","potentialAction":[{"@type":"ReadAction","target":["https:\/\/vieassociative.be\/actualites\/orban-a-avale-de-la-craie-le-premier-ministre-hongrois-sortant-leve-le-blocus-des-milliards-pour-lukraine\/"]}]},{"@type":"ImageObject","inLanguage":"fr-BE","@id":"https:\/\/vieassociative.be\/actualites\/orban-a-avale-de-la-craie-le-premier-ministre-hongrois-sortant-leve-le-blocus-des-milliards-pour-lukraine\/#primaryimage","url":"https:\/\/vieassociative.be\/actualites\/wp-content\/uploads\/2026\/04\/1776914267_Orban-a-avale-de-la-craie-le-Premier-ministre.jpg","contentUrl":"https:\/\/vieassociative.be\/actualites\/wp-content\/uploads\/2026\/04\/1776914267_Orban-a-avale-de-la-craie-le-Premier-ministre.jpg","width":1200,"height":800,"caption":"Orban a aval\u00e9 de la craie : le Premier ministre hongrois sortant l\u00e8ve le blocus des milliards pour l'Ukraine"},{"@type":"BreadcrumbList","@id":"https:\/\/vieassociative.be\/actualites\/orban-a-avale-de-la-craie-le-premier-ministre-hongrois-sortant-leve-le-blocus-des-milliards-pour-lukraine\/#breadcrumb","itemListElement":[{"@type":"ListItem","position":1,"name":"Accueil","item":"https:\/\/vieassociative.be\/actualites\/"},{"@type":"ListItem","position":2,"name":"Orban a aval\u00e9 de la craie : le Premier ministre hongrois sortant l\u00e8ve le blocus des milliards pour l&rsquo;Ukraine"}]},{"@type":"WebSite","@id":"https:\/\/vieassociative.be\/actualites\/#website","url":"https:\/\/vieassociative.be\/actualites\/","name":"Vie Associative","description":"","publisher":{"@id":"https:\/\/vieassociative.be\/actualites\/#organization"},"potentialAction":[{"@type":"SearchAction","target":{"@type":"EntryPoint","urlTemplate":"https:\/\/vieassociative.be\/actualites\/?s={search_term_string}"},"query-input":{"@type":"PropertyValueSpecification","valueRequired":true,"valueName":"search_term_string"}}],"inLanguage":"fr-BE"},{"@type":"Organization","@id":"https:\/\/vieassociative.be\/actualites\/#organization","name":"Vie Associative","url":"https:\/\/vieassociative.be\/actualites\/","logo":{"@type":"ImageObject","inLanguage":"fr-BE","@id":"https:\/\/vieassociative.be\/actualites\/#\/schema\/logo\/image\/","url":"https:\/\/vieassociative.be\/actualites\/wp-content\/uploads\/2024\/09\/cropped-vieassociative_favicon.ico.png","contentUrl":"https:\/\/vieassociative.be\/actualites\/wp-content\/uploads\/2024\/09\/cropped-vieassociative_favicon.ico.png","width":512,"height":512,"caption":"Vie Associative"},"image":{"@id":"https:\/\/vieassociative.be\/actualites\/#\/schema\/logo\/image\/"}},{"@type":"Person","@id":"https:\/\/vieassociative.be\/actualites\/#\/schema\/person\/b87ac4f82f9d4e7b7cec7395b679edc4","name":"Julien","image":{"@type":"ImageObject","inLanguage":"fr-BE","@id":"https:\/\/vieassociative.be\/actualites\/#\/schema\/person\/image\/","url":"https:\/\/vieassociative.be\/actualites\/wp-content\/uploads\/2024\/09\/vie-associative-1-150x150.jpg","contentUrl":"https:\/\/vieassociative.be\/actualites\/wp-content\/uploads\/2024\/09\/vie-associative-1-150x150.jpg","caption":"Julien"},"description":"Je suis Julien, r\u00e9dacteur pour Vie Associative. Passionn\u00e9 par le monde associatif depuis plus de 10 ans, j'ai \u00e0 c\u0153ur de partager des histoires inspirantes et de mettre en lumi\u00e8re les initiatives locales. Mon objectif est de sensibiliser et d'encourager l'engagement communautaire \u00e0 travers mes articles.","sameAs":["https:\/\/vieassociative.be\/"]}]}},"_links":{"self":[{"href":"https:\/\/vieassociative.be\/actualites\/wp-json\/wp\/v2\/posts\/13549"}],"collection":[{"href":"https:\/\/vieassociative.be\/actualites\/wp-json\/wp\/v2\/posts"}],"about":[{"href":"https:\/\/vieassociative.be\/actualites\/wp-json\/wp\/v2\/types\/post"}],"author":[{"embeddable":true,"href":"https:\/\/vieassociative.be\/actualites\/wp-json\/wp\/v2\/users\/1"}],"replies":[{"embeddable":true,"href":"https:\/\/vieassociative.be\/actualites\/wp-json\/wp\/v2\/comments?post=13549"}],"version-history":[{"count":0,"href":"https:\/\/vieassociative.be\/actualites\/wp-json\/wp\/v2\/posts\/13549\/revisions"}],"wp:featuredmedia":[{"embeddable":true,"href":"https:\/\/vieassociative.be\/actualites\/wp-json\/wp\/v2\/media\/13550"}],"wp:attachment":[{"href":"https:\/\/vieassociative.be\/actualites\/wp-json\/wp\/v2\/media?parent=13549"}],"wp:term":[{"taxonomy":"category","embeddable":true,"href":"https:\/\/vieassociative.be\/actualites\/wp-json\/wp\/v2\/categories?post=13549"},{"taxonomy":"post_tag","embeddable":true,"href":"https:\/\/vieassociative.be\/actualites\/wp-json\/wp\/v2\/tags?post=13549"}],"curies":[{"name":"wp","href":"https:\/\/api.w.org\/{rel}","templated":true}]}}