{"id":13545,"date":"2026-04-22T23:17:40","date_gmt":"2026-04-22T21:17:40","guid":{"rendered":"https:\/\/vieassociative.be\/actualites\/le-bayern-apres-sa-victoire-2-0-a-leverkusen-en-finale-de-la-coupe\/"},"modified":"2026-04-22T23:17:40","modified_gmt":"2026-04-22T21:17:40","slug":"le-bayern-apres-sa-victoire-2-0-a-leverkusen-en-finale-de-la-coupe","status":"publish","type":"post","link":"https:\/\/vieassociative.be\/actualites\/le-bayern-apres-sa-victoire-2-0-a-leverkusen-en-finale-de-la-coupe\/","title":{"rendered":"Le Bayern apr\u00e8s sa victoire 2-0 \u00e0 Leverkusen en finale de la Coupe"},"content":{"rendered":"<p><strong>Apr\u00e8s le titre de champion, le prochain succ\u00e8s suit sur la voie d&rsquo;un \u00e9ventuel triple : le Bayern Munich atteint en toute s\u00e9curit\u00e9 la finale de la Coupe DFB contre le Bayer Leverkusen.<\/strong><\/p>\n<p><span id=\"more-438581\"><\/span>Le FC Bayern Munich est en finale de la Coupe DFB. Trois jours apr\u00e8s avoir remport\u00e9 de mani\u00e8re anticip\u00e9e le 35e championnat d&rsquo;Allemagne, l&rsquo;\u00e9quipe munichoise a battu le Bayer Leverkusen 2-0 (1-0) en demi-finale.<\/p>\n<div id=\"attachment_438580\" class=\"wp-caption alignleft\" style=\"max-width: 300px\"><img fetchpriority=\"high\" decoding=\"async\" class=\"wp-image-438580 size-medium\" src=\"https:\/\/vieassociative.be\/actualites\/wp-content\/uploads\/2026\/04\/Le-Bayern-apres-sa-victoire-2-0-a-Leverkusen-en-finale.jpg\" alt=\"\" width=\"300\" height=\"200\"><\/div>\n<p>Le 23 mai, les champions du record affronteront le VfB Stuttgart ou le SC Freiburg en finale au stade olympique de Berlin.<\/p>\n<p>Devant 32 500 spectateurs dans la Leverkusen Arena \u00e0 guichets ferm\u00e9s, Harry Kane (22e minute) et Luis D\u00edaz (90e+4) ont marqu\u00e9 les buts de Munich.<\/p>\n<p>D\u00e8s le d\u00e9but, les visiteurs ont domin\u00e9 le match avec un pressing haut. Leverkusen n&rsquo;a pas eu la moindre chance de marquer en premi\u00e8re mi-temps. Le fait que le Bayern n&rsquo;ait pas men\u00e9 plus haut jusqu&rsquo;\u00e0 la pause \u00e9tait \u00e9galement d\u00fb \u00e0 de solides arr\u00eats de Mark Flekken.<\/p>\n<p>Malgr\u00e9 de meilleures actions offensives et la premi\u00e8re occasion \u00e0 la 52e minute, Leverkusen est rest\u00e9 largement \u00e0 la tra\u00eene face \u00e0 des invit\u00e9s puissants. D&rsquo;autres arr\u00eats puissants de Flekken ont maintenu le jeu ouvert pendant longtemps, mais le Bayer 04 ne pouvait plus contrer le Bayern, sup\u00e9rieur. (dpa)<\/p>\n","protected":false},"excerpt":{"rendered":"<p>Apr\u00e8s le titre de champion, le prochain succ\u00e8s suit sur la voie d&rsquo;un \u00e9ventuel triple : le Bayern Munich atteint en toute s\u00e9curit\u00e9 la finale<\/p>\n","protected":false},"author":1,"featured_media":13546,"comment_status":"","ping_status":"","sticky":false,"template":"","format":"standard","meta":{"footnotes":""},"categories":[298],"tags":[472,2298,2472,879,2822,784],"class_list":["post-13545","post","type-post","status-publish","format-standard","has-post-thumbnail","hentry","category-belgique","tag-apres","tag-bayern","tag-coupe","tag-finale","tag-leverkusen","tag-victoire","generate-columns","tablet-grid-50","mobile-grid-100","grid-parent","grid-33"],"yoast_head":"<!-- This site is optimized with the Yoast SEO plugin v24.0 - https:\/\/yoast.com\/wordpress\/plugins\/seo\/ -->\n<title>Le Bayern apr\u00e8s sa victoire 2-0 \u00e0 Leverkusen en finale de la Coupe | Vie Associative<\/title>\n<meta name=\"robots\" content=\"index, follow, max-snippet:-1, max-image-preview:large, max-video-preview:-1\" \/>\n<link rel=\"canonical\" href=\"https:\/\/vieassociative.be\/actualites\/le-bayern-apres-sa-victoire-2-0-a-leverkusen-en-finale-de-la-coupe\/\" \/>\n<meta property=\"og:locale\" content=\"fr_FR\" \/>\n<meta property=\"og:type\" content=\"article\" \/>\n<meta property=\"og:title\" content=\"Le Bayern apr\u00e8s sa victoire 2-0 \u00e0 Leverkusen en finale de la Coupe | Vie Associative\" \/>\n<meta property=\"og:description\" content=\"Apr\u00e8s le titre de champion, le prochain succ\u00e8s suit sur la voie d&rsquo;un \u00e9ventuel triple : le Bayern Munich atteint en toute s\u00e9curit\u00e9 la finale\" \/>\n<meta property=\"og:url\" content=\"https:\/\/vieassociative.be\/actualites\/le-bayern-apres-sa-victoire-2-0-a-leverkusen-en-finale-de-la-coupe\/\" \/>\n<meta property=\"og:site_name\" content=\"Vie Associative\" \/>\n<meta property=\"article:published_time\" content=\"2026-04-22T21:17:40+00:00\" \/>\n<meta property=\"og:image\" content=\"https:\/\/vieassociative.be\/actualites\/wp-content\/uploads\/2024\/09\/header_backgroundk-01-e1726694325946.png\" \/>\n\t<meta property=\"og:image:width\" content=\"279\" \/>\n\t<meta property=\"og:image:height\" content=\"92\" \/>\n\t<meta property=\"og:image:type\" content=\"image\/png\" \/>\n<meta name=\"author\" content=\"Julien\" \/>\n<meta name=\"twitter:card\" content=\"summary_large_image\" \/>\n<meta name=\"twitter:label1\" content=\"\u00c9crit par\" \/>\n\t<meta name=\"twitter:data1\" content=\"Julien\" \/>\n\t<meta name=\"twitter:label2\" content=\"Dur\u00e9e de lecture est.\" \/>\n\t<meta name=\"twitter:data2\" content=\"1 minute\" \/>\n<script type=\"application\/ld+json\" class=\"yoast-schema-graph\">{\"@context\":\"https:\/\/schema.org\",\"@graph\":[{\"@type\":\"Article\",\"@id\":\"https:\/\/vieassociative.be\/actualites\/le-bayern-apres-sa-victoire-2-0-a-leverkusen-en-finale-de-la-coupe\/#article\",\"isPartOf\":{\"@id\":\"https:\/\/vieassociative.be\/actualites\/le-bayern-apres-sa-victoire-2-0-a-leverkusen-en-finale-de-la-coupe\/\"},\"author\":{\"name\":\"Julien\",\"@id\":\"https:\/\/vieassociative.be\/actualites\/#\/schema\/person\/b87ac4f82f9d4e7b7cec7395b679edc4\"},\"headline\":\"Le Bayern apr\u00e8s sa victoire 2-0 \u00e0 Leverkusen en finale de la Coupe\",\"datePublished\":\"2026-04-22T21:17:40+00:00\",\"dateModified\":\"2026-04-22T21:17:40+00:00\",\"mainEntityOfPage\":{\"@id\":\"https:\/\/vieassociative.be\/actualites\/le-bayern-apres-sa-victoire-2-0-a-leverkusen-en-finale-de-la-coupe\/\"},\"wordCount\":237,\"publisher\":{\"@id\":\"https:\/\/vieassociative.be\/actualites\/#organization\"},\"image\":{\"@id\":\"https:\/\/vieassociative.be\/actualites\/le-bayern-apres-sa-victoire-2-0-a-leverkusen-en-finale-de-la-coupe\/#primaryimage\"},\"thumbnailUrl\":\"https:\/\/vieassociative.be\/actualites\/wp-content\/uploads\/2026\/04\/1776892661_Le-Bayern-apres-sa-victoire-2-0-a-Leverkusen-en-finale.jpg\",\"keywords\":[\"Apr\u00e8s\",\"Bayern\",\"Coupe\",\"finale\",\"Leverkusen\",\"victoire\"],\"articleSection\":[\"Belgique\"],\"inLanguage\":\"fr-BE\"},{\"@type\":\"WebPage\",\"@id\":\"https:\/\/vieassociative.be\/actualites\/le-bayern-apres-sa-victoire-2-0-a-leverkusen-en-finale-de-la-coupe\/\",\"url\":\"https:\/\/vieassociative.be\/actualites\/le-bayern-apres-sa-victoire-2-0-a-leverkusen-en-finale-de-la-coupe\/\",\"name\":\"Le Bayern apr\u00e8s sa victoire 2-0 \u00e0 Leverkusen en finale de la Coupe | Vie Associative\",\"isPartOf\":{\"@id\":\"https:\/\/vieassociative.be\/actualites\/#website\"},\"primaryImageOfPage\":{\"@id\":\"https:\/\/vieassociative.be\/actualites\/le-bayern-apres-sa-victoire-2-0-a-leverkusen-en-finale-de-la-coupe\/#primaryimage\"},\"image\":{\"@id\":\"https:\/\/vieassociative.be\/actualites\/le-bayern-apres-sa-victoire-2-0-a-leverkusen-en-finale-de-la-coupe\/#primaryimage\"},\"thumbnailUrl\":\"https:\/\/vieassociative.be\/actualites\/wp-content\/uploads\/2026\/04\/1776892661_Le-Bayern-apres-sa-victoire-2-0-a-Leverkusen-en-finale.jpg\",\"datePublished\":\"2026-04-22T21:17:40+00:00\",\"dateModified\":\"2026-04-22T21:17:40+00:00\",\"breadcrumb\":{\"@id\":\"https:\/\/vieassociative.be\/actualites\/le-bayern-apres-sa-victoire-2-0-a-leverkusen-en-finale-de-la-coupe\/#breadcrumb\"},\"inLanguage\":\"fr-BE\",\"potentialAction\":[{\"@type\":\"ReadAction\",\"target\":[\"https:\/\/vieassociative.be\/actualites\/le-bayern-apres-sa-victoire-2-0-a-leverkusen-en-finale-de-la-coupe\/\"]}]},{\"@type\":\"ImageObject\",\"inLanguage\":\"fr-BE\",\"@id\":\"https:\/\/vieassociative.be\/actualites\/le-bayern-apres-sa-victoire-2-0-a-leverkusen-en-finale-de-la-coupe\/#primaryimage\",\"url\":\"https:\/\/vieassociative.be\/actualites\/wp-content\/uploads\/2026\/04\/1776892661_Le-Bayern-apres-sa-victoire-2-0-a-Leverkusen-en-finale.jpg\",\"contentUrl\":\"https:\/\/vieassociative.be\/actualites\/wp-content\/uploads\/2026\/04\/1776892661_Le-Bayern-apres-sa-victoire-2-0-a-Leverkusen-en-finale.jpg\",\"width\":1200,\"height\":800,\"caption\":\"Le Bayern apr\u00e8s sa victoire 2-0 \u00e0 Leverkusen en finale de la Coupe\"},{\"@type\":\"BreadcrumbList\",\"@id\":\"https:\/\/vieassociative.be\/actualites\/le-bayern-apres-sa-victoire-2-0-a-leverkusen-en-finale-de-la-coupe\/#breadcrumb\",\"itemListElement\":[{\"@type\":\"ListItem\",\"position\":1,\"name\":\"Accueil\",\"item\":\"https:\/\/vieassociative.be\/actualites\/\"},{\"@type\":\"ListItem\",\"position\":2,\"name\":\"Le Bayern apr\u00e8s sa victoire 2-0 \u00e0 Leverkusen en finale de la Coupe\"}]},{\"@type\":\"WebSite\",\"@id\":\"https:\/\/vieassociative.be\/actualites\/#website\",\"url\":\"https:\/\/vieassociative.be\/actualites\/\",\"name\":\"Vie Associative\",\"description\":\"\",\"publisher\":{\"@id\":\"https:\/\/vieassociative.be\/actualites\/#organization\"},\"potentialAction\":[{\"@type\":\"SearchAction\",\"target\":{\"@type\":\"EntryPoint\",\"urlTemplate\":\"https:\/\/vieassociative.be\/actualites\/?s={search_term_string}\"},\"query-input\":{\"@type\":\"PropertyValueSpecification\",\"valueRequired\":true,\"valueName\":\"search_term_string\"}}],\"inLanguage\":\"fr-BE\"},{\"@type\":\"Organization\",\"@id\":\"https:\/\/vieassociative.be\/actualites\/#organization\",\"name\":\"Vie Associative\",\"url\":\"https:\/\/vieassociative.be\/actualites\/\",\"logo\":{\"@type\":\"ImageObject\",\"inLanguage\":\"fr-BE\",\"@id\":\"https:\/\/vieassociative.be\/actualites\/#\/schema\/logo\/image\/\",\"url\":\"https:\/\/vieassociative.be\/actualites\/wp-content\/uploads\/2024\/09\/cropped-vieassociative_favicon.ico.png\",\"contentUrl\":\"https:\/\/vieassociative.be\/actualites\/wp-content\/uploads\/2024\/09\/cropped-vieassociative_favicon.ico.png\",\"width\":512,\"height\":512,\"caption\":\"Vie Associative\"},\"image\":{\"@id\":\"https:\/\/vieassociative.be\/actualites\/#\/schema\/logo\/image\/\"}},{\"@type\":\"Person\",\"@id\":\"https:\/\/vieassociative.be\/actualites\/#\/schema\/person\/b87ac4f82f9d4e7b7cec7395b679edc4\",\"name\":\"Julien\",\"image\":{\"@type\":\"ImageObject\",\"inLanguage\":\"fr-BE\",\"@id\":\"https:\/\/vieassociative.be\/actualites\/#\/schema\/person\/image\/\",\"url\":\"https:\/\/vieassociative.be\/actualites\/wp-content\/uploads\/2024\/09\/vie-associative-1-150x150.jpg\",\"contentUrl\":\"https:\/\/vieassociative.be\/actualites\/wp-content\/uploads\/2024\/09\/vie-associative-1-150x150.jpg\",\"caption\":\"Julien\"},\"description\":\"Je suis Julien, r\u00e9dacteur pour Vie Associative. Passionn\u00e9 par le monde associatif depuis plus de 10 ans, j'ai \u00e0 c\u0153ur de partager des histoires inspirantes et de mettre en lumi\u00e8re les initiatives locales. Mon objectif est de sensibiliser et d'encourager l'engagement communautaire \u00e0 travers mes articles.\",\"sameAs\":[\"https:\/\/vieassociative.be\/\"]}]}<\/script>\n<!-- \/ Yoast SEO plugin. -->","yoast_head_json":{"title":"Le Bayern apr\u00e8s sa victoire 2-0 \u00e0 Leverkusen en finale de la Coupe | Vie Associative","robots":{"index":"index","follow":"follow","max-snippet":"max-snippet:-1","max-image-preview":"max-image-preview:large","max-video-preview":"max-video-preview:-1"},"canonical":"https:\/\/vieassociative.be\/actualites\/le-bayern-apres-sa-victoire-2-0-a-leverkusen-en-finale-de-la-coupe\/","og_locale":"fr_FR","og_type":"article","og_title":"Le Bayern apr\u00e8s sa victoire 2-0 \u00e0 Leverkusen en finale de la Coupe | Vie Associative","og_description":"Apr\u00e8s le titre de champion, le prochain succ\u00e8s suit sur la voie d&rsquo;un \u00e9ventuel triple : le Bayern Munich atteint en toute s\u00e9curit\u00e9 la finale","og_url":"https:\/\/vieassociative.be\/actualites\/le-bayern-apres-sa-victoire-2-0-a-leverkusen-en-finale-de-la-coupe\/","og_site_name":"Vie Associative","article_published_time":"2026-04-22T21:17:40+00:00","og_image":[{"width":279,"height":92,"url":"https:\/\/vieassociative.be\/actualites\/wp-content\/uploads\/2024\/09\/header_backgroundk-01-e1726694325946.png","type":"image\/png"}],"author":"Julien","twitter_card":"summary_large_image","twitter_misc":{"\u00c9crit par":"Julien","Dur\u00e9e de lecture est.":"1 minute"},"schema":{"@context":"https:\/\/schema.org","@graph":[{"@type":"Article","@id":"https:\/\/vieassociative.be\/actualites\/le-bayern-apres-sa-victoire-2-0-a-leverkusen-en-finale-de-la-coupe\/#article","isPartOf":{"@id":"https:\/\/vieassociative.be\/actualites\/le-bayern-apres-sa-victoire-2-0-a-leverkusen-en-finale-de-la-coupe\/"},"author":{"name":"Julien","@id":"https:\/\/vieassociative.be\/actualites\/#\/schema\/person\/b87ac4f82f9d4e7b7cec7395b679edc4"},"headline":"Le Bayern apr\u00e8s sa victoire 2-0 \u00e0 Leverkusen en finale de la Coupe","datePublished":"2026-04-22T21:17:40+00:00","dateModified":"2026-04-22T21:17:40+00:00","mainEntityOfPage":{"@id":"https:\/\/vieassociative.be\/actualites\/le-bayern-apres-sa-victoire-2-0-a-leverkusen-en-finale-de-la-coupe\/"},"wordCount":237,"publisher":{"@id":"https:\/\/vieassociative.be\/actualites\/#organization"},"image":{"@id":"https:\/\/vieassociative.be\/actualites\/le-bayern-apres-sa-victoire-2-0-a-leverkusen-en-finale-de-la-coupe\/#primaryimage"},"thumbnailUrl":"https:\/\/vieassociative.be\/actualites\/wp-content\/uploads\/2026\/04\/1776892661_Le-Bayern-apres-sa-victoire-2-0-a-Leverkusen-en-finale.jpg","keywords":["Apr\u00e8s","Bayern","Coupe","finale","Leverkusen","victoire"],"articleSection":["Belgique"],"inLanguage":"fr-BE"},{"@type":"WebPage","@id":"https:\/\/vieassociative.be\/actualites\/le-bayern-apres-sa-victoire-2-0-a-leverkusen-en-finale-de-la-coupe\/","url":"https:\/\/vieassociative.be\/actualites\/le-bayern-apres-sa-victoire-2-0-a-leverkusen-en-finale-de-la-coupe\/","name":"Le Bayern apr\u00e8s sa victoire 2-0 \u00e0 Leverkusen en finale de la Coupe | Vie Associative","isPartOf":{"@id":"https:\/\/vieassociative.be\/actualites\/#website"},"primaryImageOfPage":{"@id":"https:\/\/vieassociative.be\/actualites\/le-bayern-apres-sa-victoire-2-0-a-leverkusen-en-finale-de-la-coupe\/#primaryimage"},"image":{"@id":"https:\/\/vieassociative.be\/actualites\/le-bayern-apres-sa-victoire-2-0-a-leverkusen-en-finale-de-la-coupe\/#primaryimage"},"thumbnailUrl":"https:\/\/vieassociative.be\/actualites\/wp-content\/uploads\/2026\/04\/1776892661_Le-Bayern-apres-sa-victoire-2-0-a-Leverkusen-en-finale.jpg","datePublished":"2026-04-22T21:17:40+00:00","dateModified":"2026-04-22T21:17:40+00:00","breadcrumb":{"@id":"https:\/\/vieassociative.be\/actualites\/le-bayern-apres-sa-victoire-2-0-a-leverkusen-en-finale-de-la-coupe\/#breadcrumb"},"inLanguage":"fr-BE","potentialAction":[{"@type":"ReadAction","target":["https:\/\/vieassociative.be\/actualites\/le-bayern-apres-sa-victoire-2-0-a-leverkusen-en-finale-de-la-coupe\/"]}]},{"@type":"ImageObject","inLanguage":"fr-BE","@id":"https:\/\/vieassociative.be\/actualites\/le-bayern-apres-sa-victoire-2-0-a-leverkusen-en-finale-de-la-coupe\/#primaryimage","url":"https:\/\/vieassociative.be\/actualites\/wp-content\/uploads\/2026\/04\/1776892661_Le-Bayern-apres-sa-victoire-2-0-a-Leverkusen-en-finale.jpg","contentUrl":"https:\/\/vieassociative.be\/actualites\/wp-content\/uploads\/2026\/04\/1776892661_Le-Bayern-apres-sa-victoire-2-0-a-Leverkusen-en-finale.jpg","width":1200,"height":800,"caption":"Le Bayern apr\u00e8s sa victoire 2-0 \u00e0 Leverkusen en finale de la Coupe"},{"@type":"BreadcrumbList","@id":"https:\/\/vieassociative.be\/actualites\/le-bayern-apres-sa-victoire-2-0-a-leverkusen-en-finale-de-la-coupe\/#breadcrumb","itemListElement":[{"@type":"ListItem","position":1,"name":"Accueil","item":"https:\/\/vieassociative.be\/actualites\/"},{"@type":"ListItem","position":2,"name":"Le Bayern apr\u00e8s sa victoire 2-0 \u00e0 Leverkusen en finale de la Coupe"}]},{"@type":"WebSite","@id":"https:\/\/vieassociative.be\/actualites\/#website","url":"https:\/\/vieassociative.be\/actualites\/","name":"Vie Associative","description":"","publisher":{"@id":"https:\/\/vieassociative.be\/actualites\/#organization"},"potentialAction":[{"@type":"SearchAction","target":{"@type":"EntryPoint","urlTemplate":"https:\/\/vieassociative.be\/actualites\/?s={search_term_string}"},"query-input":{"@type":"PropertyValueSpecification","valueRequired":true,"valueName":"search_term_string"}}],"inLanguage":"fr-BE"},{"@type":"Organization","@id":"https:\/\/vieassociative.be\/actualites\/#organization","name":"Vie Associative","url":"https:\/\/vieassociative.be\/actualites\/","logo":{"@type":"ImageObject","inLanguage":"fr-BE","@id":"https:\/\/vieassociative.be\/actualites\/#\/schema\/logo\/image\/","url":"https:\/\/vieassociative.be\/actualites\/wp-content\/uploads\/2024\/09\/cropped-vieassociative_favicon.ico.png","contentUrl":"https:\/\/vieassociative.be\/actualites\/wp-content\/uploads\/2024\/09\/cropped-vieassociative_favicon.ico.png","width":512,"height":512,"caption":"Vie Associative"},"image":{"@id":"https:\/\/vieassociative.be\/actualites\/#\/schema\/logo\/image\/"}},{"@type":"Person","@id":"https:\/\/vieassociative.be\/actualites\/#\/schema\/person\/b87ac4f82f9d4e7b7cec7395b679edc4","name":"Julien","image":{"@type":"ImageObject","inLanguage":"fr-BE","@id":"https:\/\/vieassociative.be\/actualites\/#\/schema\/person\/image\/","url":"https:\/\/vieassociative.be\/actualites\/wp-content\/uploads\/2024\/09\/vie-associative-1-150x150.jpg","contentUrl":"https:\/\/vieassociative.be\/actualites\/wp-content\/uploads\/2024\/09\/vie-associative-1-150x150.jpg","caption":"Julien"},"description":"Je suis Julien, r\u00e9dacteur pour Vie Associative. Passionn\u00e9 par le monde associatif depuis plus de 10 ans, j'ai \u00e0 c\u0153ur de partager des histoires inspirantes et de mettre en lumi\u00e8re les initiatives locales. Mon objectif est de sensibiliser et d'encourager l'engagement communautaire \u00e0 travers mes articles.","sameAs":["https:\/\/vieassociative.be\/"]}]}},"_links":{"self":[{"href":"https:\/\/vieassociative.be\/actualites\/wp-json\/wp\/v2\/posts\/13545"}],"collection":[{"href":"https:\/\/vieassociative.be\/actualites\/wp-json\/wp\/v2\/posts"}],"about":[{"href":"https:\/\/vieassociative.be\/actualites\/wp-json\/wp\/v2\/types\/post"}],"author":[{"embeddable":true,"href":"https:\/\/vieassociative.be\/actualites\/wp-json\/wp\/v2\/users\/1"}],"replies":[{"embeddable":true,"href":"https:\/\/vieassociative.be\/actualites\/wp-json\/wp\/v2\/comments?post=13545"}],"version-history":[{"count":0,"href":"https:\/\/vieassociative.be\/actualites\/wp-json\/wp\/v2\/posts\/13545\/revisions"}],"wp:featuredmedia":[{"embeddable":true,"href":"https:\/\/vieassociative.be\/actualites\/wp-json\/wp\/v2\/media\/13546"}],"wp:attachment":[{"href":"https:\/\/vieassociative.be\/actualites\/wp-json\/wp\/v2\/media?parent=13545"}],"wp:term":[{"taxonomy":"category","embeddable":true,"href":"https:\/\/vieassociative.be\/actualites\/wp-json\/wp\/v2\/categories?post=13545"},{"taxonomy":"post_tag","embeddable":true,"href":"https:\/\/vieassociative.be\/actualites\/wp-json\/wp\/v2\/tags?post=13545"}],"curies":[{"name":"wp","href":"https:\/\/api.w.org\/{rel}","templated":true}]}}