{"id":13541,"date":"2026-04-22T17:17:24","date_gmt":"2026-04-22T15:17:24","guid":{"rendered":"https:\/\/vieassociative.be\/actualites\/lancienne-ministre-isabelle-weykmans-devient-directrice-de-luniversite-autonome-ahs\/"},"modified":"2026-04-22T17:17:24","modified_gmt":"2026-04-22T15:17:24","slug":"lancienne-ministre-isabelle-weykmans-devient-directrice-de-luniversite-autonome-ahs","status":"publish","type":"post","link":"https:\/\/vieassociative.be\/actualites\/lancienne-ministre-isabelle-weykmans-devient-directrice-de-luniversite-autonome-ahs\/","title":{"rendered":"L&rsquo;ancienne ministre Isabelle Weykmans devient directrice de l&rsquo;Universit\u00e9 autonome (AHS)"},"content":{"rendered":"<p><strong>L&rsquo;ancienne ministre DG Isabelle Weykmans prendra la direction de l&rsquo;Universit\u00e9 autonome le 1er septembre 2026. Cela a \u00e9t\u00e9 d\u00e9cid\u00e9 par le conseil d&rsquo;administration de l&rsquo;AHS.<\/strong><\/p>\n<p><span id=\"more-438542\"><\/span>Weykmans succ\u00e9dera \u00e0 Cornelia Keutgen, qui a annonc\u00e9 sa d\u00e9mission au d\u00e9but de l&rsquo;ann\u00e9e.<\/p>\n<p>Weykmans, aujourd&rsquo;hui \u00e2g\u00e9 de 46 ans, a \u00e9t\u00e9 ministre DG pendant 20 ans (de 2004 \u00e0 2024). Apr\u00e8s avoir quitt\u00e9 le gouvernement communautaire, la femme politique lib\u00e9rale a suscit\u00e9 la col\u00e8re d&rsquo;une partie de la population lorsqu&rsquo;on a appris qu&rsquo;apr\u00e8s 20 ans en tant que ministre, elle avait \u00e9galement re\u00e7u une indemnit\u00e9 de sortie de 318 000 euros. Weykmans a \u00e9t\u00e9 r\u00e9cemment \u00e9lu au conseil des m\u00e9dias de la DG. (cr\u00e9er)<\/p>\n","protected":false},"excerpt":{"rendered":"<p>L&rsquo;ancienne ministre DG Isabelle Weykmans prendra la direction de l&rsquo;Universit\u00e9 autonome le 1er septembre 2026. Cela a \u00e9t\u00e9 d\u00e9cid\u00e9 par le conseil d&rsquo;administration de l&rsquo;AHS.<\/p>\n","protected":false},"author":1,"featured_media":13542,"comment_status":"","ping_status":"","sticky":false,"template":"","format":"standard","meta":{"footnotes":""},"categories":[298],"tags":[10545,1683,928,10544,10543,214,1097,1245,8162],"class_list":["post-13541","post","type-post","status-publish","format-standard","has-post-thumbnail","hentry","category-belgique","tag-ahs","tag-autonome","tag-devient","tag-directrice","tag-isabelle","tag-lancienne","tag-luniversite","tag-ministre","tag-weykmans","generate-columns","tablet-grid-50","mobile-grid-100","grid-parent","grid-33"],"yoast_head":"<!-- This site is optimized with the Yoast SEO plugin v24.0 - https:\/\/yoast.com\/wordpress\/plugins\/seo\/ -->\n<title>L&#039;ancienne ministre Isabelle Weykmans devient directrice de l&#039;Universit\u00e9 autonome (AHS) | Vie Associative<\/title>\n<meta name=\"robots\" content=\"index, follow, max-snippet:-1, max-image-preview:large, max-video-preview:-1\" \/>\n<link rel=\"canonical\" href=\"https:\/\/vieassociative.be\/actualites\/lancienne-ministre-isabelle-weykmans-devient-directrice-de-luniversite-autonome-ahs\/\" \/>\n<meta property=\"og:locale\" content=\"fr_FR\" \/>\n<meta property=\"og:type\" content=\"article\" \/>\n<meta property=\"og:title\" content=\"L&#039;ancienne ministre Isabelle Weykmans devient directrice de l&#039;Universit\u00e9 autonome (AHS) | Vie Associative\" \/>\n<meta property=\"og:description\" content=\"L&rsquo;ancienne ministre DG Isabelle Weykmans prendra la direction de l&rsquo;Universit\u00e9 autonome le 1er septembre 2026. Cela a \u00e9t\u00e9 d\u00e9cid\u00e9 par le conseil d&rsquo;administration de l&rsquo;AHS.\" \/>\n<meta property=\"og:url\" content=\"https:\/\/vieassociative.be\/actualites\/lancienne-ministre-isabelle-weykmans-devient-directrice-de-luniversite-autonome-ahs\/\" \/>\n<meta property=\"og:site_name\" content=\"Vie Associative\" \/>\n<meta property=\"article:published_time\" content=\"2026-04-22T15:17:24+00:00\" \/>\n<meta property=\"og:image\" content=\"https:\/\/vieassociative.be\/actualites\/wp-content\/uploads\/2024\/09\/header_backgroundk-01-e1726694325946.png\" \/>\n\t<meta property=\"og:image:width\" content=\"279\" \/>\n\t<meta property=\"og:image:height\" content=\"92\" \/>\n\t<meta property=\"og:image:type\" content=\"image\/png\" \/>\n<meta name=\"author\" content=\"Julien\" \/>\n<meta name=\"twitter:card\" content=\"summary_large_image\" \/>\n<meta name=\"twitter:label1\" content=\"\u00c9crit par\" \/>\n\t<meta name=\"twitter:data1\" content=\"Julien\" \/>\n\t<meta name=\"twitter:label2\" content=\"Dur\u00e9e de lecture est.\" \/>\n\t<meta name=\"twitter:data2\" content=\"1 minute\" \/>\n<script type=\"application\/ld+json\" class=\"yoast-schema-graph\">{\"@context\":\"https:\/\/schema.org\",\"@graph\":[{\"@type\":\"Article\",\"@id\":\"https:\/\/vieassociative.be\/actualites\/lancienne-ministre-isabelle-weykmans-devient-directrice-de-luniversite-autonome-ahs\/#article\",\"isPartOf\":{\"@id\":\"https:\/\/vieassociative.be\/actualites\/lancienne-ministre-isabelle-weykmans-devient-directrice-de-luniversite-autonome-ahs\/\"},\"author\":{\"name\":\"Julien\",\"@id\":\"https:\/\/vieassociative.be\/actualites\/#\/schema\/person\/b87ac4f82f9d4e7b7cec7395b679edc4\"},\"headline\":\"L&rsquo;ancienne ministre Isabelle Weykmans devient directrice de l&rsquo;Universit\u00e9 autonome (AHS)\",\"datePublished\":\"2026-04-22T15:17:24+00:00\",\"dateModified\":\"2026-04-22T15:17:24+00:00\",\"mainEntityOfPage\":{\"@id\":\"https:\/\/vieassociative.be\/actualites\/lancienne-ministre-isabelle-weykmans-devient-directrice-de-luniversite-autonome-ahs\/\"},\"wordCount\":134,\"publisher\":{\"@id\":\"https:\/\/vieassociative.be\/actualites\/#organization\"},\"image\":{\"@id\":\"https:\/\/vieassociative.be\/actualites\/lancienne-ministre-isabelle-weykmans-devient-directrice-de-luniversite-autonome-ahs\/#primaryimage\"},\"thumbnailUrl\":\"https:\/\/vieassociative.be\/actualites\/wp-content\/uploads\/2026\/04\/Lancienne-ministre-Isabelle-Weykmans-devient-directrice-de-lUniversite-autonome-AHS.jpeg\",\"keywords\":[\"AHS\",\"autonome\",\"devient\",\"directrice\",\"Isabelle\",\"lancienne\",\"luniversit\u00e9\",\"ministre\",\"Weykmans\"],\"articleSection\":[\"Belgique\"],\"inLanguage\":\"fr-BE\"},{\"@type\":\"WebPage\",\"@id\":\"https:\/\/vieassociative.be\/actualites\/lancienne-ministre-isabelle-weykmans-devient-directrice-de-luniversite-autonome-ahs\/\",\"url\":\"https:\/\/vieassociative.be\/actualites\/lancienne-ministre-isabelle-weykmans-devient-directrice-de-luniversite-autonome-ahs\/\",\"name\":\"L'ancienne ministre Isabelle Weykmans devient directrice de l'Universit\u00e9 autonome (AHS) | Vie Associative\",\"isPartOf\":{\"@id\":\"https:\/\/vieassociative.be\/actualites\/#website\"},\"primaryImageOfPage\":{\"@id\":\"https:\/\/vieassociative.be\/actualites\/lancienne-ministre-isabelle-weykmans-devient-directrice-de-luniversite-autonome-ahs\/#primaryimage\"},\"image\":{\"@id\":\"https:\/\/vieassociative.be\/actualites\/lancienne-ministre-isabelle-weykmans-devient-directrice-de-luniversite-autonome-ahs\/#primaryimage\"},\"thumbnailUrl\":\"https:\/\/vieassociative.be\/actualites\/wp-content\/uploads\/2026\/04\/Lancienne-ministre-Isabelle-Weykmans-devient-directrice-de-lUniversite-autonome-AHS.jpeg\",\"datePublished\":\"2026-04-22T15:17:24+00:00\",\"dateModified\":\"2026-04-22T15:17:24+00:00\",\"breadcrumb\":{\"@id\":\"https:\/\/vieassociative.be\/actualites\/lancienne-ministre-isabelle-weykmans-devient-directrice-de-luniversite-autonome-ahs\/#breadcrumb\"},\"inLanguage\":\"fr-BE\",\"potentialAction\":[{\"@type\":\"ReadAction\",\"target\":[\"https:\/\/vieassociative.be\/actualites\/lancienne-ministre-isabelle-weykmans-devient-directrice-de-luniversite-autonome-ahs\/\"]}]},{\"@type\":\"ImageObject\",\"inLanguage\":\"fr-BE\",\"@id\":\"https:\/\/vieassociative.be\/actualites\/lancienne-ministre-isabelle-weykmans-devient-directrice-de-luniversite-autonome-ahs\/#primaryimage\",\"url\":\"https:\/\/vieassociative.be\/actualites\/wp-content\/uploads\/2026\/04\/Lancienne-ministre-Isabelle-Weykmans-devient-directrice-de-lUniversite-autonome-AHS.jpeg\",\"contentUrl\":\"https:\/\/vieassociative.be\/actualites\/wp-content\/uploads\/2026\/04\/Lancienne-ministre-Isabelle-Weykmans-devient-directrice-de-lUniversite-autonome-AHS.jpeg\",\"width\":1800,\"height\":1200,\"caption\":\"L'ancienne ministre Isabelle Weykmans devient directrice de l'Universit\u00e9 autonome (AHS)\"},{\"@type\":\"BreadcrumbList\",\"@id\":\"https:\/\/vieassociative.be\/actualites\/lancienne-ministre-isabelle-weykmans-devient-directrice-de-luniversite-autonome-ahs\/#breadcrumb\",\"itemListElement\":[{\"@type\":\"ListItem\",\"position\":1,\"name\":\"Accueil\",\"item\":\"https:\/\/vieassociative.be\/actualites\/\"},{\"@type\":\"ListItem\",\"position\":2,\"name\":\"L&rsquo;ancienne ministre Isabelle Weykmans devient directrice de l&rsquo;Universit\u00e9 autonome (AHS)\"}]},{\"@type\":\"WebSite\",\"@id\":\"https:\/\/vieassociative.be\/actualites\/#website\",\"url\":\"https:\/\/vieassociative.be\/actualites\/\",\"name\":\"Vie Associative\",\"description\":\"\",\"publisher\":{\"@id\":\"https:\/\/vieassociative.be\/actualites\/#organization\"},\"potentialAction\":[{\"@type\":\"SearchAction\",\"target\":{\"@type\":\"EntryPoint\",\"urlTemplate\":\"https:\/\/vieassociative.be\/actualites\/?s={search_term_string}\"},\"query-input\":{\"@type\":\"PropertyValueSpecification\",\"valueRequired\":true,\"valueName\":\"search_term_string\"}}],\"inLanguage\":\"fr-BE\"},{\"@type\":\"Organization\",\"@id\":\"https:\/\/vieassociative.be\/actualites\/#organization\",\"name\":\"Vie Associative\",\"url\":\"https:\/\/vieassociative.be\/actualites\/\",\"logo\":{\"@type\":\"ImageObject\",\"inLanguage\":\"fr-BE\",\"@id\":\"https:\/\/vieassociative.be\/actualites\/#\/schema\/logo\/image\/\",\"url\":\"https:\/\/vieassociative.be\/actualites\/wp-content\/uploads\/2024\/09\/cropped-vieassociative_favicon.ico.png\",\"contentUrl\":\"https:\/\/vieassociative.be\/actualites\/wp-content\/uploads\/2024\/09\/cropped-vieassociative_favicon.ico.png\",\"width\":512,\"height\":512,\"caption\":\"Vie Associative\"},\"image\":{\"@id\":\"https:\/\/vieassociative.be\/actualites\/#\/schema\/logo\/image\/\"}},{\"@type\":\"Person\",\"@id\":\"https:\/\/vieassociative.be\/actualites\/#\/schema\/person\/b87ac4f82f9d4e7b7cec7395b679edc4\",\"name\":\"Julien\",\"image\":{\"@type\":\"ImageObject\",\"inLanguage\":\"fr-BE\",\"@id\":\"https:\/\/vieassociative.be\/actualites\/#\/schema\/person\/image\/\",\"url\":\"https:\/\/vieassociative.be\/actualites\/wp-content\/uploads\/2024\/09\/vie-associative-1-150x150.jpg\",\"contentUrl\":\"https:\/\/vieassociative.be\/actualites\/wp-content\/uploads\/2024\/09\/vie-associative-1-150x150.jpg\",\"caption\":\"Julien\"},\"description\":\"Je suis Julien, r\u00e9dacteur pour Vie Associative. Passionn\u00e9 par le monde associatif depuis plus de 10 ans, j'ai \u00e0 c\u0153ur de partager des histoires inspirantes et de mettre en lumi\u00e8re les initiatives locales. Mon objectif est de sensibiliser et d'encourager l'engagement communautaire \u00e0 travers mes articles.\",\"sameAs\":[\"https:\/\/vieassociative.be\/\"]}]}<\/script>\n<!-- \/ Yoast SEO plugin. -->","yoast_head_json":{"title":"L'ancienne ministre Isabelle Weykmans devient directrice de l'Universit\u00e9 autonome (AHS) | Vie Associative","robots":{"index":"index","follow":"follow","max-snippet":"max-snippet:-1","max-image-preview":"max-image-preview:large","max-video-preview":"max-video-preview:-1"},"canonical":"https:\/\/vieassociative.be\/actualites\/lancienne-ministre-isabelle-weykmans-devient-directrice-de-luniversite-autonome-ahs\/","og_locale":"fr_FR","og_type":"article","og_title":"L'ancienne ministre Isabelle Weykmans devient directrice de l'Universit\u00e9 autonome (AHS) | Vie Associative","og_description":"L&rsquo;ancienne ministre DG Isabelle Weykmans prendra la direction de l&rsquo;Universit\u00e9 autonome le 1er septembre 2026. Cela a \u00e9t\u00e9 d\u00e9cid\u00e9 par le conseil d&rsquo;administration de l&rsquo;AHS.","og_url":"https:\/\/vieassociative.be\/actualites\/lancienne-ministre-isabelle-weykmans-devient-directrice-de-luniversite-autonome-ahs\/","og_site_name":"Vie Associative","article_published_time":"2026-04-22T15:17:24+00:00","og_image":[{"width":279,"height":92,"url":"https:\/\/vieassociative.be\/actualites\/wp-content\/uploads\/2024\/09\/header_backgroundk-01-e1726694325946.png","type":"image\/png"}],"author":"Julien","twitter_card":"summary_large_image","twitter_misc":{"\u00c9crit par":"Julien","Dur\u00e9e de lecture est.":"1 minute"},"schema":{"@context":"https:\/\/schema.org","@graph":[{"@type":"Article","@id":"https:\/\/vieassociative.be\/actualites\/lancienne-ministre-isabelle-weykmans-devient-directrice-de-luniversite-autonome-ahs\/#article","isPartOf":{"@id":"https:\/\/vieassociative.be\/actualites\/lancienne-ministre-isabelle-weykmans-devient-directrice-de-luniversite-autonome-ahs\/"},"author":{"name":"Julien","@id":"https:\/\/vieassociative.be\/actualites\/#\/schema\/person\/b87ac4f82f9d4e7b7cec7395b679edc4"},"headline":"L&rsquo;ancienne ministre Isabelle Weykmans devient directrice de l&rsquo;Universit\u00e9 autonome (AHS)","datePublished":"2026-04-22T15:17:24+00:00","dateModified":"2026-04-22T15:17:24+00:00","mainEntityOfPage":{"@id":"https:\/\/vieassociative.be\/actualites\/lancienne-ministre-isabelle-weykmans-devient-directrice-de-luniversite-autonome-ahs\/"},"wordCount":134,"publisher":{"@id":"https:\/\/vieassociative.be\/actualites\/#organization"},"image":{"@id":"https:\/\/vieassociative.be\/actualites\/lancienne-ministre-isabelle-weykmans-devient-directrice-de-luniversite-autonome-ahs\/#primaryimage"},"thumbnailUrl":"https:\/\/vieassociative.be\/actualites\/wp-content\/uploads\/2026\/04\/Lancienne-ministre-Isabelle-Weykmans-devient-directrice-de-lUniversite-autonome-AHS.jpeg","keywords":["AHS","autonome","devient","directrice","Isabelle","lancienne","luniversit\u00e9","ministre","Weykmans"],"articleSection":["Belgique"],"inLanguage":"fr-BE"},{"@type":"WebPage","@id":"https:\/\/vieassociative.be\/actualites\/lancienne-ministre-isabelle-weykmans-devient-directrice-de-luniversite-autonome-ahs\/","url":"https:\/\/vieassociative.be\/actualites\/lancienne-ministre-isabelle-weykmans-devient-directrice-de-luniversite-autonome-ahs\/","name":"L'ancienne ministre Isabelle Weykmans devient directrice de l'Universit\u00e9 autonome (AHS) | Vie Associative","isPartOf":{"@id":"https:\/\/vieassociative.be\/actualites\/#website"},"primaryImageOfPage":{"@id":"https:\/\/vieassociative.be\/actualites\/lancienne-ministre-isabelle-weykmans-devient-directrice-de-luniversite-autonome-ahs\/#primaryimage"},"image":{"@id":"https:\/\/vieassociative.be\/actualites\/lancienne-ministre-isabelle-weykmans-devient-directrice-de-luniversite-autonome-ahs\/#primaryimage"},"thumbnailUrl":"https:\/\/vieassociative.be\/actualites\/wp-content\/uploads\/2026\/04\/Lancienne-ministre-Isabelle-Weykmans-devient-directrice-de-lUniversite-autonome-AHS.jpeg","datePublished":"2026-04-22T15:17:24+00:00","dateModified":"2026-04-22T15:17:24+00:00","breadcrumb":{"@id":"https:\/\/vieassociative.be\/actualites\/lancienne-ministre-isabelle-weykmans-devient-directrice-de-luniversite-autonome-ahs\/#breadcrumb"},"inLanguage":"fr-BE","potentialAction":[{"@type":"ReadAction","target":["https:\/\/vieassociative.be\/actualites\/lancienne-ministre-isabelle-weykmans-devient-directrice-de-luniversite-autonome-ahs\/"]}]},{"@type":"ImageObject","inLanguage":"fr-BE","@id":"https:\/\/vieassociative.be\/actualites\/lancienne-ministre-isabelle-weykmans-devient-directrice-de-luniversite-autonome-ahs\/#primaryimage","url":"https:\/\/vieassociative.be\/actualites\/wp-content\/uploads\/2026\/04\/Lancienne-ministre-Isabelle-Weykmans-devient-directrice-de-lUniversite-autonome-AHS.jpeg","contentUrl":"https:\/\/vieassociative.be\/actualites\/wp-content\/uploads\/2026\/04\/Lancienne-ministre-Isabelle-Weykmans-devient-directrice-de-lUniversite-autonome-AHS.jpeg","width":1800,"height":1200,"caption":"L'ancienne ministre Isabelle Weykmans devient directrice de l'Universit\u00e9 autonome (AHS)"},{"@type":"BreadcrumbList","@id":"https:\/\/vieassociative.be\/actualites\/lancienne-ministre-isabelle-weykmans-devient-directrice-de-luniversite-autonome-ahs\/#breadcrumb","itemListElement":[{"@type":"ListItem","position":1,"name":"Accueil","item":"https:\/\/vieassociative.be\/actualites\/"},{"@type":"ListItem","position":2,"name":"L&rsquo;ancienne ministre Isabelle Weykmans devient directrice de l&rsquo;Universit\u00e9 autonome (AHS)"}]},{"@type":"WebSite","@id":"https:\/\/vieassociative.be\/actualites\/#website","url":"https:\/\/vieassociative.be\/actualites\/","name":"Vie Associative","description":"","publisher":{"@id":"https:\/\/vieassociative.be\/actualites\/#organization"},"potentialAction":[{"@type":"SearchAction","target":{"@type":"EntryPoint","urlTemplate":"https:\/\/vieassociative.be\/actualites\/?s={search_term_string}"},"query-input":{"@type":"PropertyValueSpecification","valueRequired":true,"valueName":"search_term_string"}}],"inLanguage":"fr-BE"},{"@type":"Organization","@id":"https:\/\/vieassociative.be\/actualites\/#organization","name":"Vie Associative","url":"https:\/\/vieassociative.be\/actualites\/","logo":{"@type":"ImageObject","inLanguage":"fr-BE","@id":"https:\/\/vieassociative.be\/actualites\/#\/schema\/logo\/image\/","url":"https:\/\/vieassociative.be\/actualites\/wp-content\/uploads\/2024\/09\/cropped-vieassociative_favicon.ico.png","contentUrl":"https:\/\/vieassociative.be\/actualites\/wp-content\/uploads\/2024\/09\/cropped-vieassociative_favicon.ico.png","width":512,"height":512,"caption":"Vie Associative"},"image":{"@id":"https:\/\/vieassociative.be\/actualites\/#\/schema\/logo\/image\/"}},{"@type":"Person","@id":"https:\/\/vieassociative.be\/actualites\/#\/schema\/person\/b87ac4f82f9d4e7b7cec7395b679edc4","name":"Julien","image":{"@type":"ImageObject","inLanguage":"fr-BE","@id":"https:\/\/vieassociative.be\/actualites\/#\/schema\/person\/image\/","url":"https:\/\/vieassociative.be\/actualites\/wp-content\/uploads\/2024\/09\/vie-associative-1-150x150.jpg","contentUrl":"https:\/\/vieassociative.be\/actualites\/wp-content\/uploads\/2024\/09\/vie-associative-1-150x150.jpg","caption":"Julien"},"description":"Je suis Julien, r\u00e9dacteur pour Vie Associative. Passionn\u00e9 par le monde associatif depuis plus de 10 ans, j'ai \u00e0 c\u0153ur de partager des histoires inspirantes et de mettre en lumi\u00e8re les initiatives locales. Mon objectif est de sensibiliser et d'encourager l'engagement communautaire \u00e0 travers mes articles.","sameAs":["https:\/\/vieassociative.be\/"]}]}},"_links":{"self":[{"href":"https:\/\/vieassociative.be\/actualites\/wp-json\/wp\/v2\/posts\/13541"}],"collection":[{"href":"https:\/\/vieassociative.be\/actualites\/wp-json\/wp\/v2\/posts"}],"about":[{"href":"https:\/\/vieassociative.be\/actualites\/wp-json\/wp\/v2\/types\/post"}],"author":[{"embeddable":true,"href":"https:\/\/vieassociative.be\/actualites\/wp-json\/wp\/v2\/users\/1"}],"replies":[{"embeddable":true,"href":"https:\/\/vieassociative.be\/actualites\/wp-json\/wp\/v2\/comments?post=13541"}],"version-history":[{"count":0,"href":"https:\/\/vieassociative.be\/actualites\/wp-json\/wp\/v2\/posts\/13541\/revisions"}],"wp:featuredmedia":[{"embeddable":true,"href":"https:\/\/vieassociative.be\/actualites\/wp-json\/wp\/v2\/media\/13542"}],"wp:attachment":[{"href":"https:\/\/vieassociative.be\/actualites\/wp-json\/wp\/v2\/media?parent=13541"}],"wp:term":[{"taxonomy":"category","embeddable":true,"href":"https:\/\/vieassociative.be\/actualites\/wp-json\/wp\/v2\/categories?post=13541"},{"taxonomy":"post_tag","embeddable":true,"href":"https:\/\/vieassociative.be\/actualites\/wp-json\/wp\/v2\/tags?post=13541"}],"curies":[{"name":"wp","href":"https:\/\/api.w.org\/{rel}","templated":true}]}}