{"id":13537,"date":"2026-04-22T11:17:43","date_gmt":"2026-04-22T09:17:43","guid":{"rendered":"https:\/\/vieassociative.be\/actualites\/archives-detat-inaugurees-la-memoire-collective-de-lest-de-la-belgique-est-desormais-conservee-dans-lancien-parlement\/"},"modified":"2026-04-22T11:17:43","modified_gmt":"2026-04-22T09:17:43","slug":"archives-detat-inaugurees-la-memoire-collective-de-lest-de-la-belgique-est-desormais-conservee-dans-lancien-parlement","status":"publish","type":"post","link":"https:\/\/vieassociative.be\/actualites\/archives-detat-inaugurees-la-memoire-collective-de-lest-de-la-belgique-est-desormais-conservee-dans-lancien-parlement\/","title":{"rendered":"Archives d&rsquo;\u00c9tat inaugur\u00e9es : La \u00ab m\u00e9moire collective \u00bb de l&rsquo;Est de la Belgique est d\u00e9sormais conserv\u00e9e dans l&rsquo;ancien Parlement"},"content":{"rendered":"<p><strong>Le mardi 21 avril 2026, le nouveau complexe des archives de l&rsquo;\u00c9tat \u00e0 Eupen a \u00e9t\u00e9 officiellement inaugur\u00e9, entre autres en pr\u00e9sence de la ministre f\u00e9d\u00e9rale Vanessa Matz (Les Engag\u00e9s), charg\u00e9e de la modernisation de l&rsquo;administration, et du DG-Premier ministre Oliver Paasch (ProDG).<\/strong><\/p>\n<p><span id=\"more-438537\"><\/span>Les travaux de restauration et d&rsquo;agrandissement ont dur\u00e9 environ deux ans et demi et se sont achev\u00e9s \u00e0 l&rsquo;\u00e9t\u00e9 2025. En novembre 2025, le projet s&rsquo;est achev\u00e9 avec l&rsquo;installation de syst\u00e8mes compacts afin que les Archives de l&rsquo;\u00c9tat puissent emm\u00e9nager dans leurs nouveaux locaux.<\/p>\n<div id=\"attachment_438544\" class=\"wp-caption alignleft\" style=\"max-width: 300px\"><img fetchpriority=\"high\" decoding=\"async\" class=\"wp-image-438544 size-medium\" src=\"https:\/\/vieassociative.be\/actualites\/wp-content\/uploads\/2026\/04\/Archives-dEtat-inaugurees-La-memoire-collective-de.jpg\" alt=\"\" width=\"300\" height=\"199\"><\/div>\n<p>Le projet co\u00fbte environ 8,8 millions d&rsquo;euros et a \u00e9t\u00e9 soutenu financi\u00e8rement par la Loterie nationale et une subvention de l&rsquo;Union europ\u00e9enne dans le cadre du plan REPowerEU.<\/p>\n<p>\u00ab\u00a0Avec l&rsquo;inauguration de ce nouveau complexe immobilier \u00e0 Eupen, nous r\u00e9alisons bien plus qu&rsquo;un simple projet immobilier : nous dotons les Archives de l&rsquo;Etat d&rsquo;un lieu afin qu&rsquo;elles puissent remplir leurs missions importantes. Ce b\u00e2timent repr\u00e9sente notre volont\u00e9 de pr\u00e9server notre patrimoine culturel pour les g\u00e9n\u00e9rations futures\u00a0\u00bb, a expliqu\u00e9 la ministre Vanessa Matz (Les Engag\u00e9s). Gr\u00e2ce \u00e0 l&rsquo;expertise et \u00e0 l&rsquo;engagement de la direction du b\u00e2timent, il a \u00e9t\u00e9 possible de transformer un b\u00e2timent historique en une infrastructure moderne et durable qui r\u00e9pond \u00e0 tous \u00e9gards aux exigences actuelles. C&rsquo;est un investissement strat\u00e9gique en faveur de la m\u00e9moire collective, de la recherche et de la transparence d\u00e9mocratique.<\/p>\n<div id=\"attachment_438546\" class=\"wp-caption alignleft\" style=\"max-width: 300px\"><img decoding=\"async\" class=\"wp-image-438546 size-medium\" src=\"https:\/\/vieassociative.be\/actualites\/wp-content\/uploads\/2026\/04\/1776849462_239_Archives-dEtat-inaugurees-La-memoire-collective-de.jpg\" alt=\"\" width=\"300\" height=\"199\"  ><\/div>\n<p>L&rsquo;inauguration de ce magnifique b\u00e2timent marque un nouveau d\u00e9part dans l&rsquo;histoire des archives de l&rsquo;Est de la Belgique, selon Xavier Jacques-Jourion, Archiviste g\u00e9n\u00e9ral du Royaume. \u00ab La croissance rapide de notre inventaire, qui a doubl\u00e9 au cours des 15 derni\u00e8res ann\u00e9es, rend cette modernisation indispensable. \u00bb<\/p>\n<p>Le nouveau complexe immobilier r\u00e9nov\u00e9, agrandi, durable et accessible aux personnes \u00e0 mobilit\u00e9 r\u00e9duite comprenait trois sous-zones\u00a0:<\/p>\n<p>\u2013 La restauration du b\u00e2timent donnant sur rue, class\u00e9 monument historique et datant du d\u00e9but du XIX\u00e8me si\u00e8cle. La toiture a \u00e9t\u00e9 fid\u00e8lement restaur\u00e9e et dot\u00e9e d&rsquo;une isolation thermique, tandis que les fa\u00e7ades et menuiseries ext\u00e9rieures ont \u00e9t\u00e9 enti\u00e8rement restaur\u00e9es. Cette partie du b\u00e2timent abrite des bureaux, des salles de r\u00e9union et la salle de lecture.<\/p>\n<p>\u2013 La r\u00e9novation de l\u2019extension existante des ann\u00e9es 1970, y compris sa transformation et son adaptation aux exigences actuelles en mati\u00e8re de s\u00e9curit\u00e9 et d\u2019efficacit\u00e9 \u00e9nerg\u00e9tique. Les fa\u00e7ades ont \u00e9t\u00e9 enti\u00e8rement isol\u00e9es et les int\u00e9rieurs ont \u00e9t\u00e9 adapt\u00e9s pour pouvoir y installer des syst\u00e8mes compacts.<\/p>\n<div id=\"attachment_438548\" class=\"wp-caption alignleft\" style=\"max-width: 300px\"><img decoding=\"async\" class=\"wp-image-438548 size-medium\" src=\"https:\/\/vieassociative.be\/actualites\/wp-content\/uploads\/2026\/04\/1776849463_694_Archives-dEtat-inaugurees-La-memoire-collective-de.jpg\" alt=\"\" width=\"300\" height=\"199\"><\/div>\n<p>\u2013 La construction d\u2019une extension suppl\u00e9mentaire de quatre \u00e9tages, abritant principalement des syst\u00e8mes compacts et une rampe de d\u00e9chargement.<\/p>\n<p>Outre l&rsquo;isolation thermique, de nombreuses mesures d&rsquo;optimisation \u00e9nerg\u00e9tique ont \u00e9t\u00e9 mises en \u0153uvre, parmi lesquelles l&rsquo;installation d&rsquo;un \u00e9clairage LED, un syst\u00e8me de ventilation avec r\u00e9cup\u00e9ration de chaleur, un bassin de r\u00e9tention de pluie, 64 modules photovolta\u00efques et deux bornes de recharge pour v\u00e9hicules \u00e9lectriques. L&rsquo;ensemble du complexe est \u00e9galement totalement accessible sans obstacle (plate-forme \u00e9l\u00e9vatrice, ascenseur, sanitaires, places de parking, etc.).<\/p>\n<p><strong>\u2013 Les archives des \u00e9tablissements publics de la DG :<\/strong> Le bureau des Archives de l&rsquo;Etat belges \u00e0 Eupen conserve principalement les archives des institutions \u00e9tatiques li\u00e9es \u00e0 l&rsquo;Est de la Belgique. Il s\u2019agit notamment des autorit\u00e9s de l\u2019\u00c9tat, des municipalit\u00e9s, des notaires et des fabriques d\u2019\u00e9glises. Les particuliers, les entreprises et les clubs remettent \u00e9galement leurs archives aux archives de l&rsquo;\u00c9tat, o\u00f9 elles sont conserv\u00e9es de mani\u00e8re professionnelle. Ces archives sont g\u00e9n\u00e9ralement accessibles \u00e0 tous dans la salle de lecture et peuvent \u00e9galement \u00eatre consult\u00e9es en ligne via le portail u>agatha.arch.be.<\/p>\n<p><strong><em>Vous trouverez ci-dessous quelques photos du photographe Helmut Koch de l&rsquo;int\u00e9rieur des Archives d&rsquo;\u00c9tat (cliquez sur l&rsquo;image pour l&rsquo;agrandir)\u00a0:<\/em><\/strong><\/p>\n<div class=\"wp-gallery row\">\n<figure class=\"column small-6 medium-3 end\"><img loading=\"lazy\" decoding=\"async\" src=\"https:\/\/vieassociative.be\/actualites\/wp-content\/uploads\/2026\/04\/1776849463_320_Archives-dEtat-inaugurees-La-memoire-collective-de.jpg\" width=\"159\" height=\"159\" alt=\"\"><\/figure>\n<figure class=\"column small-6 medium-3 end\"><img loading=\"lazy\" decoding=\"async\" src=\"https:\/\/vieassociative.be\/actualites\/wp-content\/uploads\/2026\/04\/1776849463_324_Archives-dEtat-inaugurees-La-memoire-collective-de.jpg\" width=\"159\" height=\"159\" alt=\"\"><\/figure>\n<figure class=\"column small-6 medium-3 end\"><img loading=\"lazy\" decoding=\"async\" src=\"https:\/\/vieassociative.be\/actualites\/wp-content\/uploads\/2026\/04\/1776849463_851_Archives-dEtat-inaugurees-La-memoire-collective-de.jpg\" width=\"159\" height=\"159\" alt=\"\"><\/figure>\n<figure class=\"column small-6 medium-3 end\"><img loading=\"lazy\" decoding=\"async\" src=\"https:\/\/vieassociative.be\/actualites\/wp-content\/uploads\/2026\/04\/1776849463_118_Archives-dEtat-inaugurees-La-memoire-collective-de.jpg\" width=\"159\" height=\"159\" alt=\"\"><\/figure>\n<figure class=\"column small-6 medium-3 end\"><img loading=\"lazy\" decoding=\"async\" src=\"https:\/\/vieassociative.be\/actualites\/wp-content\/uploads\/2026\/04\/1776849463_292_Archives-dEtat-inaugurees-La-memoire-collective-de.jpg\" width=\"159\" height=\"159\" alt=\"\"><\/figure>\n<figure class=\"column small-6 medium-3 end\"><img loading=\"lazy\" decoding=\"async\" src=\"https:\/\/vieassociative.be\/actualites\/wp-content\/uploads\/2026\/04\/1776849463_214_Archives-dEtat-inaugurees-La-memoire-collective-de.jpg\" width=\"159\" height=\"159\" alt=\"\"><\/figure>\n<figure class=\"column small-6 medium-3 end\"><img loading=\"lazy\" decoding=\"async\" src=\"https:\/\/vieassociative.be\/actualites\/wp-content\/uploads\/2026\/04\/1776849463_559_Archives-dEtat-inaugurees-La-memoire-collective-de.jpg\" width=\"159\" height=\"159\" alt=\"\"><\/figure>\n<figure class=\"column small-6 medium-3 end\"><img loading=\"lazy\" decoding=\"async\" src=\"https:\/\/vieassociative.be\/actualites\/wp-content\/uploads\/2026\/04\/1776849463_700_Archives-dEtat-inaugurees-La-memoire-collective-de.jpg\" width=\"159\" height=\"159\" alt=\"\"><\/figure>\n<figure class=\"column small-6 medium-3 end\"><img loading=\"lazy\" decoding=\"async\" src=\"https:\/\/vieassociative.be\/actualites\/wp-content\/uploads\/2026\/04\/1776849463_348_Archives-dEtat-inaugurees-La-memoire-collective-de.jpg\" width=\"159\" height=\"159\" alt=\"\"><\/figure>\n<figure class=\"column small-6 medium-3 end\"><img loading=\"lazy\" decoding=\"async\" src=\"https:\/\/vieassociative.be\/actualites\/wp-content\/uploads\/2026\/04\/1776849463_927_Archives-dEtat-inaugurees-La-memoire-collective-de.jpg\" width=\"159\" height=\"159\" alt=\"\"><\/figure>\n<figure class=\"column small-6 medium-3 end\"><img loading=\"lazy\" decoding=\"async\" src=\"https:\/\/vieassociative.be\/actualites\/wp-content\/uploads\/2026\/04\/1776849463_601_Archives-dEtat-inaugurees-La-memoire-collective-de.jpg\" width=\"159\" height=\"159\" alt=\"\"><\/figure>\n<figure class=\"column small-6 medium-3 end\"><img loading=\"lazy\" decoding=\"async\" src=\"https:\/\/vieassociative.be\/actualites\/wp-content\/uploads\/2026\/04\/1776849463_437_Archives-dEtat-inaugurees-La-memoire-collective-de.jpg\" width=\"159\" height=\"159\" alt=\"\"><\/figure>\n<\/div>\n<h3><\/h3>\n<h3>Samedi, il y aura une journ\u00e9e portes ouvertes dans les archives de l&rsquo;\u00c9tat<\/h3>\n<p>Quand aura-t-on l\u2019occasion de jeter un \u0153il \u00e0 l\u2019endroit o\u00f9 sont stock\u00e9s des si\u00e8cles d\u2019histoire ?<\/p>\n<div id=\"attachment_438547\" class=\"wp-caption alignleft\" style=\"max-width: 300px\"><img loading=\"lazy\" decoding=\"async\" class=\"wp-image-438547 size-medium\" src=\"https:\/\/vieassociative.be\/actualites\/wp-content\/uploads\/2026\/04\/1776849463_17_Archives-dEtat-inaugurees-La-memoire-collective-de.jpg\" alt=\"\" width=\"300\" height=\"199\"><\/div>\n<p>Le samedi 25 avril 2026, les Archives de l&rsquo;Etat ouvriront leurs portes de 9h \u00e0 16h30. et pr\u00e9sente son b\u00e2timent r\u00e9cemment r\u00e9nov\u00e9, qui a non seulement re\u00e7u un nouveau look ext\u00e9rieur, mais a \u00e9galement \u00e9t\u00e9 consid\u00e9rablement modernis\u00e9 en termes de conditions de travail et d&rsquo;utilisation.<\/p>\n<p>Visites guid\u00e9es ou visites individuelles : Si vous souhaitez approfondir l&rsquo;univers des archives, vous pouvez participer \u00e0 l&rsquo;une des visites r\u00e9guli\u00e8rement propos\u00e9es, au cours desquelles des experts vous guident \u00e0 travers les d\u00e9p\u00f4ts, la salle de lecture et les espaces de travail. Si vous pr\u00e9f\u00e9rez explorer par vous-m\u00eame, vous pouvez \u00e9galement visiter le b\u00e2timent individuellement, \u00e0 votre rythme et selon vos int\u00e9r\u00eats. Des collaborateurs sont disponibles aux diff\u00e9rents postes pour r\u00e9pondre aux questions : Comment les documents sont-ils accept\u00e9s, enregistr\u00e9s et s\u00e9curis\u00e9s de mani\u00e8re permanente ? Quels crit\u00e8res sont utilis\u00e9s pour d\u00e9cider de ce qui est archiv\u00e9 et de ce qui ne l&rsquo;est pas ? Et comment les citoyens peuvent-ils utiliser les archives pour leurs propres recherches ?<\/p>\n<p><strong>Histoire de la maison en images et en texte : <\/strong>Le programme comprend \u00e9galement une petite exposition qui revient sur le processus de r\u00e9novation du b\u00e2timent et sur l&rsquo;histoire de la maison depuis ses d\u00e9buts jusqu&rsquo;\u00e0 nos jours.<\/p>\n<p>Entr\u00e9e gratuite \u2013 aucune inscription requise !<\/p>\n","protected":false},"excerpt":{"rendered":"<p>Le mardi 21 avril 2026, le nouveau complexe des archives de l&rsquo;\u00c9tat \u00e0 Eupen a \u00e9t\u00e9 officiellement inaugur\u00e9, entre autres en pr\u00e9sence de la ministre<\/p>\n","protected":false},"author":1,"featured_media":13538,"comment_status":"","ping_status":"","sticky":false,"template":"","format":"standard","meta":{"footnotes":""},"categories":[298],"tags":[9157,383,10465,10540,166,6,8212,76,10539,4356,2419,2895],"class_list":["post-13537","post","type-post","status-publish","format-standard","has-post-thumbnail","hentry","category-belgique","tag-archives","tag-belgique","tag-collective","tag-conservee","tag-dans","tag-desormais","tag-detat","tag-est","tag-inaugurees","tag-lancien","tag-memoire","tag-parlement","generate-columns","tablet-grid-50","mobile-grid-100","grid-parent","grid-33"],"yoast_head":"<!-- This site is optimized with the Yoast SEO plugin v24.0 - https:\/\/yoast.com\/wordpress\/plugins\/seo\/ -->\n<title>Archives d&#039;\u00c9tat inaugur\u00e9es : La \u00ab m\u00e9moire collective \u00bb de l&#039;Est de la Belgique est d\u00e9sormais conserv\u00e9e dans l&#039;ancien Parlement | Vie Associative<\/title>\n<meta name=\"robots\" content=\"index, follow, max-snippet:-1, max-image-preview:large, max-video-preview:-1\" \/>\n<link rel=\"canonical\" href=\"https:\/\/vieassociative.be\/actualites\/archives-detat-inaugurees-la-memoire-collective-de-lest-de-la-belgique-est-desormais-conservee-dans-lancien-parlement\/\" \/>\n<meta property=\"og:locale\" content=\"fr_FR\" \/>\n<meta property=\"og:type\" content=\"article\" \/>\n<meta property=\"og:title\" content=\"Archives d&#039;\u00c9tat inaugur\u00e9es : La \u00ab m\u00e9moire collective \u00bb de l&#039;Est de la Belgique est d\u00e9sormais conserv\u00e9e dans l&#039;ancien Parlement | Vie Associative\" \/>\n<meta property=\"og:description\" content=\"Le mardi 21 avril 2026, le nouveau complexe des archives de l&rsquo;\u00c9tat \u00e0 Eupen a \u00e9t\u00e9 officiellement inaugur\u00e9, entre autres en pr\u00e9sence de la ministre\" \/>\n<meta property=\"og:url\" content=\"https:\/\/vieassociative.be\/actualites\/archives-detat-inaugurees-la-memoire-collective-de-lest-de-la-belgique-est-desormais-conservee-dans-lancien-parlement\/\" \/>\n<meta property=\"og:site_name\" content=\"Vie Associative\" \/>\n<meta property=\"article:published_time\" content=\"2026-04-22T09:17:43+00:00\" \/>\n<meta property=\"og:image\" content=\"https:\/\/vieassociative.be\/actualites\/wp-content\/uploads\/2024\/09\/header_backgroundk-01-e1726694325946.png\" \/>\n\t<meta property=\"og:image:width\" content=\"279\" \/>\n\t<meta property=\"og:image:height\" content=\"92\" \/>\n\t<meta property=\"og:image:type\" content=\"image\/png\" \/>\n<meta name=\"author\" content=\"Julien\" \/>\n<meta name=\"twitter:card\" content=\"summary_large_image\" \/>\n<meta name=\"twitter:label1\" content=\"\u00c9crit par\" \/>\n\t<meta name=\"twitter:data1\" content=\"Julien\" \/>\n\t<meta name=\"twitter:label2\" content=\"Dur\u00e9e de lecture est.\" \/>\n\t<meta name=\"twitter:data2\" content=\"5 minutes\" \/>\n<script type=\"application\/ld+json\" class=\"yoast-schema-graph\">{\"@context\":\"https:\/\/schema.org\",\"@graph\":[{\"@type\":\"Article\",\"@id\":\"https:\/\/vieassociative.be\/actualites\/archives-detat-inaugurees-la-memoire-collective-de-lest-de-la-belgique-est-desormais-conservee-dans-lancien-parlement\/#article\",\"isPartOf\":{\"@id\":\"https:\/\/vieassociative.be\/actualites\/archives-detat-inaugurees-la-memoire-collective-de-lest-de-la-belgique-est-desormais-conservee-dans-lancien-parlement\/\"},\"author\":{\"name\":\"Julien\",\"@id\":\"https:\/\/vieassociative.be\/actualites\/#\/schema\/person\/b87ac4f82f9d4e7b7cec7395b679edc4\"},\"headline\":\"Archives d&rsquo;\u00c9tat inaugur\u00e9es : La \u00ab m\u00e9moire collective \u00bb de l&rsquo;Est de la Belgique est d\u00e9sormais conserv\u00e9e dans l&rsquo;ancien Parlement\",\"datePublished\":\"2026-04-22T09:17:43+00:00\",\"dateModified\":\"2026-04-22T09:17:43+00:00\",\"mainEntityOfPage\":{\"@id\":\"https:\/\/vieassociative.be\/actualites\/archives-detat-inaugurees-la-memoire-collective-de-lest-de-la-belgique-est-desormais-conservee-dans-lancien-parlement\/\"},\"wordCount\":961,\"publisher\":{\"@id\":\"https:\/\/vieassociative.be\/actualites\/#organization\"},\"image\":{\"@id\":\"https:\/\/vieassociative.be\/actualites\/archives-detat-inaugurees-la-memoire-collective-de-lest-de-la-belgique-est-desormais-conservee-dans-lancien-parlement\/#primaryimage\"},\"thumbnailUrl\":\"https:\/\/vieassociative.be\/actualites\/wp-content\/uploads\/2026\/04\/1776849466_Archives-dEtat-inaugurees-La-memoire-collective-de.jpg\",\"keywords\":[\"archives\",\"Belgique\",\"collective\",\"conserv\u00e9e\",\"dans\",\"d\u00e9sormais\",\"d\u00c9tat\",\"est\",\"inaugur\u00e9es\",\"Lancien\",\"m\u00e9moire\",\"Parlement\"],\"articleSection\":[\"Belgique\"],\"inLanguage\":\"fr-BE\"},{\"@type\":\"WebPage\",\"@id\":\"https:\/\/vieassociative.be\/actualites\/archives-detat-inaugurees-la-memoire-collective-de-lest-de-la-belgique-est-desormais-conservee-dans-lancien-parlement\/\",\"url\":\"https:\/\/vieassociative.be\/actualites\/archives-detat-inaugurees-la-memoire-collective-de-lest-de-la-belgique-est-desormais-conservee-dans-lancien-parlement\/\",\"name\":\"Archives d'\u00c9tat inaugur\u00e9es : La \u00ab m\u00e9moire collective \u00bb de l'Est de la Belgique est d\u00e9sormais conserv\u00e9e dans l'ancien Parlement | Vie Associative\",\"isPartOf\":{\"@id\":\"https:\/\/vieassociative.be\/actualites\/#website\"},\"primaryImageOfPage\":{\"@id\":\"https:\/\/vieassociative.be\/actualites\/archives-detat-inaugurees-la-memoire-collective-de-lest-de-la-belgique-est-desormais-conservee-dans-lancien-parlement\/#primaryimage\"},\"image\":{\"@id\":\"https:\/\/vieassociative.be\/actualites\/archives-detat-inaugurees-la-memoire-collective-de-lest-de-la-belgique-est-desormais-conservee-dans-lancien-parlement\/#primaryimage\"},\"thumbnailUrl\":\"https:\/\/vieassociative.be\/actualites\/wp-content\/uploads\/2026\/04\/1776849466_Archives-dEtat-inaugurees-La-memoire-collective-de.jpg\",\"datePublished\":\"2026-04-22T09:17:43+00:00\",\"dateModified\":\"2026-04-22T09:17:43+00:00\",\"breadcrumb\":{\"@id\":\"https:\/\/vieassociative.be\/actualites\/archives-detat-inaugurees-la-memoire-collective-de-lest-de-la-belgique-est-desormais-conservee-dans-lancien-parlement\/#breadcrumb\"},\"inLanguage\":\"fr-BE\",\"potentialAction\":[{\"@type\":\"ReadAction\",\"target\":[\"https:\/\/vieassociative.be\/actualites\/archives-detat-inaugurees-la-memoire-collective-de-lest-de-la-belgique-est-desormais-conservee-dans-lancien-parlement\/\"]}]},{\"@type\":\"ImageObject\",\"inLanguage\":\"fr-BE\",\"@id\":\"https:\/\/vieassociative.be\/actualites\/archives-detat-inaugurees-la-memoire-collective-de-lest-de-la-belgique-est-desormais-conservee-dans-lancien-parlement\/#primaryimage\",\"url\":\"https:\/\/vieassociative.be\/actualites\/wp-content\/uploads\/2026\/04\/1776849466_Archives-dEtat-inaugurees-La-memoire-collective-de.jpg\",\"contentUrl\":\"https:\/\/vieassociative.be\/actualites\/wp-content\/uploads\/2026\/04\/1776849466_Archives-dEtat-inaugurees-La-memoire-collective-de.jpg\",\"width\":1200,\"height\":795,\"caption\":\"Archives d'\u00c9tat inaugur\u00e9es : La \u00ab m\u00e9moire collective \u00bb de l'Est de la Belgique est d\u00e9sormais conserv\u00e9e dans l'ancien Parlement\"},{\"@type\":\"BreadcrumbList\",\"@id\":\"https:\/\/vieassociative.be\/actualites\/archives-detat-inaugurees-la-memoire-collective-de-lest-de-la-belgique-est-desormais-conservee-dans-lancien-parlement\/#breadcrumb\",\"itemListElement\":[{\"@type\":\"ListItem\",\"position\":1,\"name\":\"Accueil\",\"item\":\"https:\/\/vieassociative.be\/actualites\/\"},{\"@type\":\"ListItem\",\"position\":2,\"name\":\"Archives d&rsquo;\u00c9tat inaugur\u00e9es : La \u00ab m\u00e9moire collective \u00bb de l&rsquo;Est de la Belgique est d\u00e9sormais conserv\u00e9e dans l&rsquo;ancien Parlement\"}]},{\"@type\":\"WebSite\",\"@id\":\"https:\/\/vieassociative.be\/actualites\/#website\",\"url\":\"https:\/\/vieassociative.be\/actualites\/\",\"name\":\"Vie Associative\",\"description\":\"\",\"publisher\":{\"@id\":\"https:\/\/vieassociative.be\/actualites\/#organization\"},\"potentialAction\":[{\"@type\":\"SearchAction\",\"target\":{\"@type\":\"EntryPoint\",\"urlTemplate\":\"https:\/\/vieassociative.be\/actualites\/?s={search_term_string}\"},\"query-input\":{\"@type\":\"PropertyValueSpecification\",\"valueRequired\":true,\"valueName\":\"search_term_string\"}}],\"inLanguage\":\"fr-BE\"},{\"@type\":\"Organization\",\"@id\":\"https:\/\/vieassociative.be\/actualites\/#organization\",\"name\":\"Vie Associative\",\"url\":\"https:\/\/vieassociative.be\/actualites\/\",\"logo\":{\"@type\":\"ImageObject\",\"inLanguage\":\"fr-BE\",\"@id\":\"https:\/\/vieassociative.be\/actualites\/#\/schema\/logo\/image\/\",\"url\":\"https:\/\/vieassociative.be\/actualites\/wp-content\/uploads\/2024\/09\/cropped-vieassociative_favicon.ico.png\",\"contentUrl\":\"https:\/\/vieassociative.be\/actualites\/wp-content\/uploads\/2024\/09\/cropped-vieassociative_favicon.ico.png\",\"width\":512,\"height\":512,\"caption\":\"Vie Associative\"},\"image\":{\"@id\":\"https:\/\/vieassociative.be\/actualites\/#\/schema\/logo\/image\/\"}},{\"@type\":\"Person\",\"@id\":\"https:\/\/vieassociative.be\/actualites\/#\/schema\/person\/b87ac4f82f9d4e7b7cec7395b679edc4\",\"name\":\"Julien\",\"image\":{\"@type\":\"ImageObject\",\"inLanguage\":\"fr-BE\",\"@id\":\"https:\/\/vieassociative.be\/actualites\/#\/schema\/person\/image\/\",\"url\":\"https:\/\/vieassociative.be\/actualites\/wp-content\/uploads\/2024\/09\/vie-associative-1-150x150.jpg\",\"contentUrl\":\"https:\/\/vieassociative.be\/actualites\/wp-content\/uploads\/2024\/09\/vie-associative-1-150x150.jpg\",\"caption\":\"Julien\"},\"description\":\"Je suis Julien, r\u00e9dacteur pour Vie Associative. Passionn\u00e9 par le monde associatif depuis plus de 10 ans, j'ai \u00e0 c\u0153ur de partager des histoires inspirantes et de mettre en lumi\u00e8re les initiatives locales. Mon objectif est de sensibiliser et d'encourager l'engagement communautaire \u00e0 travers mes articles.\",\"sameAs\":[\"https:\/\/vieassociative.be\/\"]}]}<\/script>\n<!-- \/ Yoast SEO plugin. -->","yoast_head_json":{"title":"Archives d'\u00c9tat inaugur\u00e9es : La \u00ab m\u00e9moire collective \u00bb de l'Est de la Belgique est d\u00e9sormais conserv\u00e9e dans l'ancien Parlement | Vie Associative","robots":{"index":"index","follow":"follow","max-snippet":"max-snippet:-1","max-image-preview":"max-image-preview:large","max-video-preview":"max-video-preview:-1"},"canonical":"https:\/\/vieassociative.be\/actualites\/archives-detat-inaugurees-la-memoire-collective-de-lest-de-la-belgique-est-desormais-conservee-dans-lancien-parlement\/","og_locale":"fr_FR","og_type":"article","og_title":"Archives d'\u00c9tat inaugur\u00e9es : La \u00ab m\u00e9moire collective \u00bb de l'Est de la Belgique est d\u00e9sormais conserv\u00e9e dans l'ancien Parlement | Vie Associative","og_description":"Le mardi 21 avril 2026, le nouveau complexe des archives de l&rsquo;\u00c9tat \u00e0 Eupen a \u00e9t\u00e9 officiellement inaugur\u00e9, entre autres en pr\u00e9sence de la ministre","og_url":"https:\/\/vieassociative.be\/actualites\/archives-detat-inaugurees-la-memoire-collective-de-lest-de-la-belgique-est-desormais-conservee-dans-lancien-parlement\/","og_site_name":"Vie Associative","article_published_time":"2026-04-22T09:17:43+00:00","og_image":[{"width":279,"height":92,"url":"https:\/\/vieassociative.be\/actualites\/wp-content\/uploads\/2024\/09\/header_backgroundk-01-e1726694325946.png","type":"image\/png"}],"author":"Julien","twitter_card":"summary_large_image","twitter_misc":{"\u00c9crit par":"Julien","Dur\u00e9e de lecture est.":"5 minutes"},"schema":{"@context":"https:\/\/schema.org","@graph":[{"@type":"Article","@id":"https:\/\/vieassociative.be\/actualites\/archives-detat-inaugurees-la-memoire-collective-de-lest-de-la-belgique-est-desormais-conservee-dans-lancien-parlement\/#article","isPartOf":{"@id":"https:\/\/vieassociative.be\/actualites\/archives-detat-inaugurees-la-memoire-collective-de-lest-de-la-belgique-est-desormais-conservee-dans-lancien-parlement\/"},"author":{"name":"Julien","@id":"https:\/\/vieassociative.be\/actualites\/#\/schema\/person\/b87ac4f82f9d4e7b7cec7395b679edc4"},"headline":"Archives d&rsquo;\u00c9tat inaugur\u00e9es : La \u00ab m\u00e9moire collective \u00bb de l&rsquo;Est de la Belgique est d\u00e9sormais conserv\u00e9e dans l&rsquo;ancien Parlement","datePublished":"2026-04-22T09:17:43+00:00","dateModified":"2026-04-22T09:17:43+00:00","mainEntityOfPage":{"@id":"https:\/\/vieassociative.be\/actualites\/archives-detat-inaugurees-la-memoire-collective-de-lest-de-la-belgique-est-desormais-conservee-dans-lancien-parlement\/"},"wordCount":961,"publisher":{"@id":"https:\/\/vieassociative.be\/actualites\/#organization"},"image":{"@id":"https:\/\/vieassociative.be\/actualites\/archives-detat-inaugurees-la-memoire-collective-de-lest-de-la-belgique-est-desormais-conservee-dans-lancien-parlement\/#primaryimage"},"thumbnailUrl":"https:\/\/vieassociative.be\/actualites\/wp-content\/uploads\/2026\/04\/1776849466_Archives-dEtat-inaugurees-La-memoire-collective-de.jpg","keywords":["archives","Belgique","collective","conserv\u00e9e","dans","d\u00e9sormais","d\u00c9tat","est","inaugur\u00e9es","Lancien","m\u00e9moire","Parlement"],"articleSection":["Belgique"],"inLanguage":"fr-BE"},{"@type":"WebPage","@id":"https:\/\/vieassociative.be\/actualites\/archives-detat-inaugurees-la-memoire-collective-de-lest-de-la-belgique-est-desormais-conservee-dans-lancien-parlement\/","url":"https:\/\/vieassociative.be\/actualites\/archives-detat-inaugurees-la-memoire-collective-de-lest-de-la-belgique-est-desormais-conservee-dans-lancien-parlement\/","name":"Archives d'\u00c9tat inaugur\u00e9es : La \u00ab m\u00e9moire collective \u00bb de l'Est de la Belgique est d\u00e9sormais conserv\u00e9e dans l'ancien Parlement | Vie Associative","isPartOf":{"@id":"https:\/\/vieassociative.be\/actualites\/#website"},"primaryImageOfPage":{"@id":"https:\/\/vieassociative.be\/actualites\/archives-detat-inaugurees-la-memoire-collective-de-lest-de-la-belgique-est-desormais-conservee-dans-lancien-parlement\/#primaryimage"},"image":{"@id":"https:\/\/vieassociative.be\/actualites\/archives-detat-inaugurees-la-memoire-collective-de-lest-de-la-belgique-est-desormais-conservee-dans-lancien-parlement\/#primaryimage"},"thumbnailUrl":"https:\/\/vieassociative.be\/actualites\/wp-content\/uploads\/2026\/04\/1776849466_Archives-dEtat-inaugurees-La-memoire-collective-de.jpg","datePublished":"2026-04-22T09:17:43+00:00","dateModified":"2026-04-22T09:17:43+00:00","breadcrumb":{"@id":"https:\/\/vieassociative.be\/actualites\/archives-detat-inaugurees-la-memoire-collective-de-lest-de-la-belgique-est-desormais-conservee-dans-lancien-parlement\/#breadcrumb"},"inLanguage":"fr-BE","potentialAction":[{"@type":"ReadAction","target":["https:\/\/vieassociative.be\/actualites\/archives-detat-inaugurees-la-memoire-collective-de-lest-de-la-belgique-est-desormais-conservee-dans-lancien-parlement\/"]}]},{"@type":"ImageObject","inLanguage":"fr-BE","@id":"https:\/\/vieassociative.be\/actualites\/archives-detat-inaugurees-la-memoire-collective-de-lest-de-la-belgique-est-desormais-conservee-dans-lancien-parlement\/#primaryimage","url":"https:\/\/vieassociative.be\/actualites\/wp-content\/uploads\/2026\/04\/1776849466_Archives-dEtat-inaugurees-La-memoire-collective-de.jpg","contentUrl":"https:\/\/vieassociative.be\/actualites\/wp-content\/uploads\/2026\/04\/1776849466_Archives-dEtat-inaugurees-La-memoire-collective-de.jpg","width":1200,"height":795,"caption":"Archives d'\u00c9tat inaugur\u00e9es : La \u00ab m\u00e9moire collective \u00bb de l'Est de la Belgique est d\u00e9sormais conserv\u00e9e dans l'ancien Parlement"},{"@type":"BreadcrumbList","@id":"https:\/\/vieassociative.be\/actualites\/archives-detat-inaugurees-la-memoire-collective-de-lest-de-la-belgique-est-desormais-conservee-dans-lancien-parlement\/#breadcrumb","itemListElement":[{"@type":"ListItem","position":1,"name":"Accueil","item":"https:\/\/vieassociative.be\/actualites\/"},{"@type":"ListItem","position":2,"name":"Archives d&rsquo;\u00c9tat inaugur\u00e9es : La \u00ab m\u00e9moire collective \u00bb de l&rsquo;Est de la Belgique est d\u00e9sormais conserv\u00e9e dans l&rsquo;ancien Parlement"}]},{"@type":"WebSite","@id":"https:\/\/vieassociative.be\/actualites\/#website","url":"https:\/\/vieassociative.be\/actualites\/","name":"Vie Associative","description":"","publisher":{"@id":"https:\/\/vieassociative.be\/actualites\/#organization"},"potentialAction":[{"@type":"SearchAction","target":{"@type":"EntryPoint","urlTemplate":"https:\/\/vieassociative.be\/actualites\/?s={search_term_string}"},"query-input":{"@type":"PropertyValueSpecification","valueRequired":true,"valueName":"search_term_string"}}],"inLanguage":"fr-BE"},{"@type":"Organization","@id":"https:\/\/vieassociative.be\/actualites\/#organization","name":"Vie Associative","url":"https:\/\/vieassociative.be\/actualites\/","logo":{"@type":"ImageObject","inLanguage":"fr-BE","@id":"https:\/\/vieassociative.be\/actualites\/#\/schema\/logo\/image\/","url":"https:\/\/vieassociative.be\/actualites\/wp-content\/uploads\/2024\/09\/cropped-vieassociative_favicon.ico.png","contentUrl":"https:\/\/vieassociative.be\/actualites\/wp-content\/uploads\/2024\/09\/cropped-vieassociative_favicon.ico.png","width":512,"height":512,"caption":"Vie Associative"},"image":{"@id":"https:\/\/vieassociative.be\/actualites\/#\/schema\/logo\/image\/"}},{"@type":"Person","@id":"https:\/\/vieassociative.be\/actualites\/#\/schema\/person\/b87ac4f82f9d4e7b7cec7395b679edc4","name":"Julien","image":{"@type":"ImageObject","inLanguage":"fr-BE","@id":"https:\/\/vieassociative.be\/actualites\/#\/schema\/person\/image\/","url":"https:\/\/vieassociative.be\/actualites\/wp-content\/uploads\/2024\/09\/vie-associative-1-150x150.jpg","contentUrl":"https:\/\/vieassociative.be\/actualites\/wp-content\/uploads\/2024\/09\/vie-associative-1-150x150.jpg","caption":"Julien"},"description":"Je suis Julien, r\u00e9dacteur pour Vie Associative. Passionn\u00e9 par le monde associatif depuis plus de 10 ans, j'ai \u00e0 c\u0153ur de partager des histoires inspirantes et de mettre en lumi\u00e8re les initiatives locales. Mon objectif est de sensibiliser et d'encourager l'engagement communautaire \u00e0 travers mes articles.","sameAs":["https:\/\/vieassociative.be\/"]}]}},"_links":{"self":[{"href":"https:\/\/vieassociative.be\/actualites\/wp-json\/wp\/v2\/posts\/13537"}],"collection":[{"href":"https:\/\/vieassociative.be\/actualites\/wp-json\/wp\/v2\/posts"}],"about":[{"href":"https:\/\/vieassociative.be\/actualites\/wp-json\/wp\/v2\/types\/post"}],"author":[{"embeddable":true,"href":"https:\/\/vieassociative.be\/actualites\/wp-json\/wp\/v2\/users\/1"}],"replies":[{"embeddable":true,"href":"https:\/\/vieassociative.be\/actualites\/wp-json\/wp\/v2\/comments?post=13537"}],"version-history":[{"count":0,"href":"https:\/\/vieassociative.be\/actualites\/wp-json\/wp\/v2\/posts\/13537\/revisions"}],"wp:featuredmedia":[{"embeddable":true,"href":"https:\/\/vieassociative.be\/actualites\/wp-json\/wp\/v2\/media\/13538"}],"wp:attachment":[{"href":"https:\/\/vieassociative.be\/actualites\/wp-json\/wp\/v2\/media?parent=13537"}],"wp:term":[{"taxonomy":"category","embeddable":true,"href":"https:\/\/vieassociative.be\/actualites\/wp-json\/wp\/v2\/categories?post=13537"},{"taxonomy":"post_tag","embeddable":true,"href":"https:\/\/vieassociative.be\/actualites\/wp-json\/wp\/v2\/tags?post=13537"}],"curies":[{"name":"wp","href":"https:\/\/api.w.org\/{rel}","templated":true}]}}