{"id":13534,"date":"2026-04-22T05:17:25","date_gmt":"2026-04-22T03:17:25","guid":{"rendered":"https:\/\/vieassociative.be\/actualites\/accident-de-la-route-avec-une-ambulance-durgence-a-eynatten\/"},"modified":"2026-04-22T05:17:25","modified_gmt":"2026-04-22T03:17:25","slug":"accident-de-la-route-avec-une-ambulance-durgence-a-eynatten","status":"publish","type":"post","link":"https:\/\/vieassociative.be\/actualites\/accident-de-la-route-avec-une-ambulance-durgence-a-eynatten\/","title":{"rendered":"Accident de la route avec une ambulance d&rsquo;urgence \u00e0 Eynatten"},"content":{"rendered":"<p><strong>La zone de police de Weser-G\u00f6hl a signal\u00e9 dans son rapport du mardi 21 avril 2026 un accident \u00e0 Eynatten dans lequel une ambulance d&rsquo;urgence a \u00e9t\u00e9 impliqu\u00e9e.<\/strong><\/p>\n<p><span id=\"more-438533\"><\/span>Le 20 avril, les services de la zone de police Weser-G\u00f6hl ont \u00e9t\u00e9 appel\u00e9s \u00e0 13h21 dans la Eupener Stra\u00dfe \u00e0 Eynatten. L&rsquo;ambulance d&rsquo;urgence a roul\u00e9 sur l&rsquo;Eupener Stra\u00dfe d&rsquo;Eupen en direction d&rsquo;Eynatten avec les feux bleus et la sir\u00e8ne allum\u00e9s.<\/p>\n<p>En raison de l&rsquo;urgence de sa mission, il d\u00e9passe quelques voitures devant lui. Soudain, l\u2019une des voitures en question fait un \u00e9cart vers la gauche pour faire demi-tour dans une all\u00e9e. Une collision se produit.<\/p>\n<p>Le conducteur de l&rsquo;ambulance d&rsquo;urgence a besoin de soins m\u00e9dicaux. Les deux v\u00e9hicules sont totalis\u00e9s et doivent \u00eatre remorqu\u00e9s. Afin de garantir la r\u00e9cup\u00e9ration des v\u00e9hicules et la d\u00e9termination de l&rsquo;accident, la route doit \u00eatre ferm\u00e9e pendant une courte p\u00e9riode.<\/p>\n","protected":false},"excerpt":{"rendered":"<p>La zone de police de Weser-G\u00f6hl a signal\u00e9 dans son rapport du mardi 21 avril 2026 un accident \u00e0 Eynatten dans lequel une ambulance d&rsquo;urgence<\/p>\n","protected":false},"author":1,"featured_media":2282,"comment_status":"","ping_status":"","sticky":false,"template":"","format":"standard","meta":{"footnotes":""},"categories":[298],"tags":[3013,9622,61,3784,2675,3474,110],"class_list":["post-13534","post","type-post","status-publish","format-standard","has-post-thumbnail","hentry","category-belgique","tag-accident","tag-ambulance","tag-avec","tag-durgence","tag-eynatten","tag-route","tag-une","generate-columns","tablet-grid-50","mobile-grid-100","grid-parent","grid-33"],"yoast_head":"<!-- This site is optimized with the Yoast SEO plugin v24.0 - https:\/\/yoast.com\/wordpress\/plugins\/seo\/ -->\n<title>Accident de la route avec une ambulance d&#039;urgence \u00e0 Eynatten | Vie Associative<\/title>\n<meta name=\"robots\" content=\"index, follow, max-snippet:-1, max-image-preview:large, max-video-preview:-1\" \/>\n<link rel=\"canonical\" href=\"https:\/\/vieassociative.be\/actualites\/accident-de-la-route-avec-une-ambulance-durgence-a-eynatten\/\" \/>\n<meta property=\"og:locale\" content=\"fr_FR\" \/>\n<meta property=\"og:type\" content=\"article\" \/>\n<meta property=\"og:title\" content=\"Accident de la route avec une ambulance d&#039;urgence \u00e0 Eynatten | Vie Associative\" \/>\n<meta property=\"og:description\" content=\"La zone de police de Weser-G\u00f6hl a signal\u00e9 dans son rapport du mardi 21 avril 2026 un accident \u00e0 Eynatten dans lequel une ambulance d&rsquo;urgence\" \/>\n<meta property=\"og:url\" content=\"https:\/\/vieassociative.be\/actualites\/accident-de-la-route-avec-une-ambulance-durgence-a-eynatten\/\" \/>\n<meta property=\"og:site_name\" content=\"Vie Associative\" \/>\n<meta property=\"article:published_time\" content=\"2026-04-22T03:17:25+00:00\" \/>\n<meta property=\"og:image\" content=\"https:\/\/vieassociative.be\/actualites\/wp-content\/uploads\/2024\/09\/header_backgroundk-01-e1726694325946.png\" \/>\n\t<meta property=\"og:image:width\" content=\"279\" \/>\n\t<meta property=\"og:image:height\" content=\"92\" \/>\n\t<meta property=\"og:image:type\" content=\"image\/png\" \/>\n<meta name=\"author\" content=\"Julien\" \/>\n<meta name=\"twitter:card\" content=\"summary_large_image\" \/>\n<meta name=\"twitter:label1\" content=\"\u00c9crit par\" \/>\n\t<meta name=\"twitter:data1\" content=\"Julien\" \/>\n\t<meta name=\"twitter:label2\" content=\"Dur\u00e9e de lecture est.\" \/>\n\t<meta name=\"twitter:data2\" content=\"1 minute\" \/>\n<script type=\"application\/ld+json\" class=\"yoast-schema-graph\">{\"@context\":\"https:\/\/schema.org\",\"@graph\":[{\"@type\":\"Article\",\"@id\":\"https:\/\/vieassociative.be\/actualites\/accident-de-la-route-avec-une-ambulance-durgence-a-eynatten\/#article\",\"isPartOf\":{\"@id\":\"https:\/\/vieassociative.be\/actualites\/accident-de-la-route-avec-une-ambulance-durgence-a-eynatten\/\"},\"author\":{\"name\":\"Julien\",\"@id\":\"https:\/\/vieassociative.be\/actualites\/#\/schema\/person\/b87ac4f82f9d4e7b7cec7395b679edc4\"},\"headline\":\"Accident de la route avec une ambulance d&rsquo;urgence \u00e0 Eynatten\",\"datePublished\":\"2026-04-22T03:17:25+00:00\",\"dateModified\":\"2026-04-22T03:17:25+00:00\",\"mainEntityOfPage\":{\"@id\":\"https:\/\/vieassociative.be\/actualites\/accident-de-la-route-avec-une-ambulance-durgence-a-eynatten\/\"},\"wordCount\":179,\"publisher\":{\"@id\":\"https:\/\/vieassociative.be\/actualites\/#organization\"},\"image\":{\"@id\":\"https:\/\/vieassociative.be\/actualites\/accident-de-la-route-avec-une-ambulance-durgence-a-eynatten\/#primaryimage\"},\"thumbnailUrl\":\"https:\/\/vieassociative.be\/actualites\/wp-content\/uploads\/2024\/11\/Berloz-Un-enfant-de-quatre-ans-retrouve-mort-la.jpg\",\"keywords\":[\"accident\",\"ambulance\",\"avec\",\"durgence\",\"Eynatten\",\"route\",\"une\"],\"articleSection\":[\"Belgique\"],\"inLanguage\":\"fr-BE\"},{\"@type\":\"WebPage\",\"@id\":\"https:\/\/vieassociative.be\/actualites\/accident-de-la-route-avec-une-ambulance-durgence-a-eynatten\/\",\"url\":\"https:\/\/vieassociative.be\/actualites\/accident-de-la-route-avec-une-ambulance-durgence-a-eynatten\/\",\"name\":\"Accident de la route avec une ambulance d'urgence \u00e0 Eynatten | Vie Associative\",\"isPartOf\":{\"@id\":\"https:\/\/vieassociative.be\/actualites\/#website\"},\"primaryImageOfPage\":{\"@id\":\"https:\/\/vieassociative.be\/actualites\/accident-de-la-route-avec-une-ambulance-durgence-a-eynatten\/#primaryimage\"},\"image\":{\"@id\":\"https:\/\/vieassociative.be\/actualites\/accident-de-la-route-avec-une-ambulance-durgence-a-eynatten\/#primaryimage\"},\"thumbnailUrl\":\"https:\/\/vieassociative.be\/actualites\/wp-content\/uploads\/2024\/11\/Berloz-Un-enfant-de-quatre-ans-retrouve-mort-la.jpg\",\"datePublished\":\"2026-04-22T03:17:25+00:00\",\"dateModified\":\"2026-04-22T03:17:25+00:00\",\"breadcrumb\":{\"@id\":\"https:\/\/vieassociative.be\/actualites\/accident-de-la-route-avec-une-ambulance-durgence-a-eynatten\/#breadcrumb\"},\"inLanguage\":\"fr-BE\",\"potentialAction\":[{\"@type\":\"ReadAction\",\"target\":[\"https:\/\/vieassociative.be\/actualites\/accident-de-la-route-avec-une-ambulance-durgence-a-eynatten\/\"]}]},{\"@type\":\"ImageObject\",\"inLanguage\":\"fr-BE\",\"@id\":\"https:\/\/vieassociative.be\/actualites\/accident-de-la-route-avec-une-ambulance-durgence-a-eynatten\/#primaryimage\",\"url\":\"https:\/\/vieassociative.be\/actualites\/wp-content\/uploads\/2024\/11\/Berloz-Un-enfant-de-quatre-ans-retrouve-mort-la.jpg\",\"contentUrl\":\"https:\/\/vieassociative.be\/actualites\/wp-content\/uploads\/2024\/11\/Berloz-Un-enfant-de-quatre-ans-retrouve-mort-la.jpg\",\"width\":1200,\"height\":800,\"caption\":\"Berloz : Un enfant de quatre ans retrouv\u00e9 mort, la gorge tranch\u00e9e - parents en garde \u00e0 vue\"},{\"@type\":\"BreadcrumbList\",\"@id\":\"https:\/\/vieassociative.be\/actualites\/accident-de-la-route-avec-une-ambulance-durgence-a-eynatten\/#breadcrumb\",\"itemListElement\":[{\"@type\":\"ListItem\",\"position\":1,\"name\":\"Accueil\",\"item\":\"https:\/\/vieassociative.be\/actualites\/\"},{\"@type\":\"ListItem\",\"position\":2,\"name\":\"Accident de la route avec une ambulance d&rsquo;urgence \u00e0 Eynatten\"}]},{\"@type\":\"WebSite\",\"@id\":\"https:\/\/vieassociative.be\/actualites\/#website\",\"url\":\"https:\/\/vieassociative.be\/actualites\/\",\"name\":\"Vie Associative\",\"description\":\"\",\"publisher\":{\"@id\":\"https:\/\/vieassociative.be\/actualites\/#organization\"},\"potentialAction\":[{\"@type\":\"SearchAction\",\"target\":{\"@type\":\"EntryPoint\",\"urlTemplate\":\"https:\/\/vieassociative.be\/actualites\/?s={search_term_string}\"},\"query-input\":{\"@type\":\"PropertyValueSpecification\",\"valueRequired\":true,\"valueName\":\"search_term_string\"}}],\"inLanguage\":\"fr-BE\"},{\"@type\":\"Organization\",\"@id\":\"https:\/\/vieassociative.be\/actualites\/#organization\",\"name\":\"Vie Associative\",\"url\":\"https:\/\/vieassociative.be\/actualites\/\",\"logo\":{\"@type\":\"ImageObject\",\"inLanguage\":\"fr-BE\",\"@id\":\"https:\/\/vieassociative.be\/actualites\/#\/schema\/logo\/image\/\",\"url\":\"https:\/\/vieassociative.be\/actualites\/wp-content\/uploads\/2024\/09\/cropped-vieassociative_favicon.ico.png\",\"contentUrl\":\"https:\/\/vieassociative.be\/actualites\/wp-content\/uploads\/2024\/09\/cropped-vieassociative_favicon.ico.png\",\"width\":512,\"height\":512,\"caption\":\"Vie Associative\"},\"image\":{\"@id\":\"https:\/\/vieassociative.be\/actualites\/#\/schema\/logo\/image\/\"}},{\"@type\":\"Person\",\"@id\":\"https:\/\/vieassociative.be\/actualites\/#\/schema\/person\/b87ac4f82f9d4e7b7cec7395b679edc4\",\"name\":\"Julien\",\"image\":{\"@type\":\"ImageObject\",\"inLanguage\":\"fr-BE\",\"@id\":\"https:\/\/vieassociative.be\/actualites\/#\/schema\/person\/image\/\",\"url\":\"https:\/\/vieassociative.be\/actualites\/wp-content\/uploads\/2024\/09\/vie-associative-1-150x150.jpg\",\"contentUrl\":\"https:\/\/vieassociative.be\/actualites\/wp-content\/uploads\/2024\/09\/vie-associative-1-150x150.jpg\",\"caption\":\"Julien\"},\"description\":\"Je suis Julien, r\u00e9dacteur pour Vie Associative. Passionn\u00e9 par le monde associatif depuis plus de 10 ans, j'ai \u00e0 c\u0153ur de partager des histoires inspirantes et de mettre en lumi\u00e8re les initiatives locales. Mon objectif est de sensibiliser et d'encourager l'engagement communautaire \u00e0 travers mes articles.\",\"sameAs\":[\"https:\/\/vieassociative.be\/\"]}]}<\/script>\n<!-- \/ Yoast SEO plugin. -->","yoast_head_json":{"title":"Accident de la route avec une ambulance d'urgence \u00e0 Eynatten | Vie Associative","robots":{"index":"index","follow":"follow","max-snippet":"max-snippet:-1","max-image-preview":"max-image-preview:large","max-video-preview":"max-video-preview:-1"},"canonical":"https:\/\/vieassociative.be\/actualites\/accident-de-la-route-avec-une-ambulance-durgence-a-eynatten\/","og_locale":"fr_FR","og_type":"article","og_title":"Accident de la route avec une ambulance d'urgence \u00e0 Eynatten | Vie Associative","og_description":"La zone de police de Weser-G\u00f6hl a signal\u00e9 dans son rapport du mardi 21 avril 2026 un accident \u00e0 Eynatten dans lequel une ambulance d&rsquo;urgence","og_url":"https:\/\/vieassociative.be\/actualites\/accident-de-la-route-avec-une-ambulance-durgence-a-eynatten\/","og_site_name":"Vie Associative","article_published_time":"2026-04-22T03:17:25+00:00","og_image":[{"width":279,"height":92,"url":"https:\/\/vieassociative.be\/actualites\/wp-content\/uploads\/2024\/09\/header_backgroundk-01-e1726694325946.png","type":"image\/png"}],"author":"Julien","twitter_card":"summary_large_image","twitter_misc":{"\u00c9crit par":"Julien","Dur\u00e9e de lecture est.":"1 minute"},"schema":{"@context":"https:\/\/schema.org","@graph":[{"@type":"Article","@id":"https:\/\/vieassociative.be\/actualites\/accident-de-la-route-avec-une-ambulance-durgence-a-eynatten\/#article","isPartOf":{"@id":"https:\/\/vieassociative.be\/actualites\/accident-de-la-route-avec-une-ambulance-durgence-a-eynatten\/"},"author":{"name":"Julien","@id":"https:\/\/vieassociative.be\/actualites\/#\/schema\/person\/b87ac4f82f9d4e7b7cec7395b679edc4"},"headline":"Accident de la route avec une ambulance d&rsquo;urgence \u00e0 Eynatten","datePublished":"2026-04-22T03:17:25+00:00","dateModified":"2026-04-22T03:17:25+00:00","mainEntityOfPage":{"@id":"https:\/\/vieassociative.be\/actualites\/accident-de-la-route-avec-une-ambulance-durgence-a-eynatten\/"},"wordCount":179,"publisher":{"@id":"https:\/\/vieassociative.be\/actualites\/#organization"},"image":{"@id":"https:\/\/vieassociative.be\/actualites\/accident-de-la-route-avec-une-ambulance-durgence-a-eynatten\/#primaryimage"},"thumbnailUrl":"https:\/\/vieassociative.be\/actualites\/wp-content\/uploads\/2024\/11\/Berloz-Un-enfant-de-quatre-ans-retrouve-mort-la.jpg","keywords":["accident","ambulance","avec","durgence","Eynatten","route","une"],"articleSection":["Belgique"],"inLanguage":"fr-BE"},{"@type":"WebPage","@id":"https:\/\/vieassociative.be\/actualites\/accident-de-la-route-avec-une-ambulance-durgence-a-eynatten\/","url":"https:\/\/vieassociative.be\/actualites\/accident-de-la-route-avec-une-ambulance-durgence-a-eynatten\/","name":"Accident de la route avec une ambulance d'urgence \u00e0 Eynatten | Vie Associative","isPartOf":{"@id":"https:\/\/vieassociative.be\/actualites\/#website"},"primaryImageOfPage":{"@id":"https:\/\/vieassociative.be\/actualites\/accident-de-la-route-avec-une-ambulance-durgence-a-eynatten\/#primaryimage"},"image":{"@id":"https:\/\/vieassociative.be\/actualites\/accident-de-la-route-avec-une-ambulance-durgence-a-eynatten\/#primaryimage"},"thumbnailUrl":"https:\/\/vieassociative.be\/actualites\/wp-content\/uploads\/2024\/11\/Berloz-Un-enfant-de-quatre-ans-retrouve-mort-la.jpg","datePublished":"2026-04-22T03:17:25+00:00","dateModified":"2026-04-22T03:17:25+00:00","breadcrumb":{"@id":"https:\/\/vieassociative.be\/actualites\/accident-de-la-route-avec-une-ambulance-durgence-a-eynatten\/#breadcrumb"},"inLanguage":"fr-BE","potentialAction":[{"@type":"ReadAction","target":["https:\/\/vieassociative.be\/actualites\/accident-de-la-route-avec-une-ambulance-durgence-a-eynatten\/"]}]},{"@type":"ImageObject","inLanguage":"fr-BE","@id":"https:\/\/vieassociative.be\/actualites\/accident-de-la-route-avec-une-ambulance-durgence-a-eynatten\/#primaryimage","url":"https:\/\/vieassociative.be\/actualites\/wp-content\/uploads\/2024\/11\/Berloz-Un-enfant-de-quatre-ans-retrouve-mort-la.jpg","contentUrl":"https:\/\/vieassociative.be\/actualites\/wp-content\/uploads\/2024\/11\/Berloz-Un-enfant-de-quatre-ans-retrouve-mort-la.jpg","width":1200,"height":800,"caption":"Berloz : Un enfant de quatre ans retrouv\u00e9 mort, la gorge tranch\u00e9e - parents en garde \u00e0 vue"},{"@type":"BreadcrumbList","@id":"https:\/\/vieassociative.be\/actualites\/accident-de-la-route-avec-une-ambulance-durgence-a-eynatten\/#breadcrumb","itemListElement":[{"@type":"ListItem","position":1,"name":"Accueil","item":"https:\/\/vieassociative.be\/actualites\/"},{"@type":"ListItem","position":2,"name":"Accident de la route avec une ambulance d&rsquo;urgence \u00e0 Eynatten"}]},{"@type":"WebSite","@id":"https:\/\/vieassociative.be\/actualites\/#website","url":"https:\/\/vieassociative.be\/actualites\/","name":"Vie Associative","description":"","publisher":{"@id":"https:\/\/vieassociative.be\/actualites\/#organization"},"potentialAction":[{"@type":"SearchAction","target":{"@type":"EntryPoint","urlTemplate":"https:\/\/vieassociative.be\/actualites\/?s={search_term_string}"},"query-input":{"@type":"PropertyValueSpecification","valueRequired":true,"valueName":"search_term_string"}}],"inLanguage":"fr-BE"},{"@type":"Organization","@id":"https:\/\/vieassociative.be\/actualites\/#organization","name":"Vie Associative","url":"https:\/\/vieassociative.be\/actualites\/","logo":{"@type":"ImageObject","inLanguage":"fr-BE","@id":"https:\/\/vieassociative.be\/actualites\/#\/schema\/logo\/image\/","url":"https:\/\/vieassociative.be\/actualites\/wp-content\/uploads\/2024\/09\/cropped-vieassociative_favicon.ico.png","contentUrl":"https:\/\/vieassociative.be\/actualites\/wp-content\/uploads\/2024\/09\/cropped-vieassociative_favicon.ico.png","width":512,"height":512,"caption":"Vie Associative"},"image":{"@id":"https:\/\/vieassociative.be\/actualites\/#\/schema\/logo\/image\/"}},{"@type":"Person","@id":"https:\/\/vieassociative.be\/actualites\/#\/schema\/person\/b87ac4f82f9d4e7b7cec7395b679edc4","name":"Julien","image":{"@type":"ImageObject","inLanguage":"fr-BE","@id":"https:\/\/vieassociative.be\/actualites\/#\/schema\/person\/image\/","url":"https:\/\/vieassociative.be\/actualites\/wp-content\/uploads\/2024\/09\/vie-associative-1-150x150.jpg","contentUrl":"https:\/\/vieassociative.be\/actualites\/wp-content\/uploads\/2024\/09\/vie-associative-1-150x150.jpg","caption":"Julien"},"description":"Je suis Julien, r\u00e9dacteur pour Vie Associative. Passionn\u00e9 par le monde associatif depuis plus de 10 ans, j'ai \u00e0 c\u0153ur de partager des histoires inspirantes et de mettre en lumi\u00e8re les initiatives locales. Mon objectif est de sensibiliser et d'encourager l'engagement communautaire \u00e0 travers mes articles.","sameAs":["https:\/\/vieassociative.be\/"]}]}},"_links":{"self":[{"href":"https:\/\/vieassociative.be\/actualites\/wp-json\/wp\/v2\/posts\/13534"}],"collection":[{"href":"https:\/\/vieassociative.be\/actualites\/wp-json\/wp\/v2\/posts"}],"about":[{"href":"https:\/\/vieassociative.be\/actualites\/wp-json\/wp\/v2\/types\/post"}],"author":[{"embeddable":true,"href":"https:\/\/vieassociative.be\/actualites\/wp-json\/wp\/v2\/users\/1"}],"replies":[{"embeddable":true,"href":"https:\/\/vieassociative.be\/actualites\/wp-json\/wp\/v2\/comments?post=13534"}],"version-history":[{"count":0,"href":"https:\/\/vieassociative.be\/actualites\/wp-json\/wp\/v2\/posts\/13534\/revisions"}],"wp:featuredmedia":[{"embeddable":true,"href":"https:\/\/vieassociative.be\/actualites\/wp-json\/wp\/v2\/media\/2282"}],"wp:attachment":[{"href":"https:\/\/vieassociative.be\/actualites\/wp-json\/wp\/v2\/media?parent=13534"}],"wp:term":[{"taxonomy":"category","embeddable":true,"href":"https:\/\/vieassociative.be\/actualites\/wp-json\/wp\/v2\/categories?post=13534"},{"taxonomy":"post_tag","embeddable":true,"href":"https:\/\/vieassociative.be\/actualites\/wp-json\/wp\/v2\/tags?post=13534"}],"curies":[{"name":"wp","href":"https:\/\/api.w.org\/{rel}","templated":true}]}}