{"id":13531,"date":"2026-04-21T23:17:35","date_gmt":"2026-04-21T21:17:35","guid":{"rendered":"https:\/\/vieassociative.be\/actualites\/tres-autoritaire-lancien-president-du-conseil-charles-michel-critique-la-presidente-de-la-commission-ursula-von-der-leyen\/"},"modified":"2026-04-21T23:17:35","modified_gmt":"2026-04-21T21:17:35","slug":"tres-autoritaire-lancien-president-du-conseil-charles-michel-critique-la-presidente-de-la-commission-ursula-von-der-leyen","status":"publish","type":"post","link":"https:\/\/vieassociative.be\/actualites\/tres-autoritaire-lancien-president-du-conseil-charles-michel-critique-la-presidente-de-la-commission-ursula-von-der-leyen\/","title":{"rendered":"\u00ab Tr\u00e8s autoritaire \u00bb : l\u2019ancien pr\u00e9sident du Conseil Charles Michel critique la pr\u00e9sidente de la Commission Ursula von der Leyen"},"content":{"rendered":"<p><strong>L&rsquo;ancien pr\u00e9sident du Conseil europ\u00e9en, Charles Michel, a exprim\u00e9 des critiques particuli\u00e8rement s\u00e9v\u00e8res \u00e0 l&rsquo;\u00e9gard de la pr\u00e9sidente de la Commission europ\u00e9enne, Ursula von der Leyen, dans une longue interview accord\u00e9e au Brussels Times.<\/strong><\/p>\n<p><span id=\"more-438539\"><\/span>En repensant \u00e0 son mandat, Michel a trouv\u00e9 des mots clairs et a litt\u00e9ralement d\u00e9crit von der Leyen comme \u00ab super autoritaire \u00bb, c&rsquo;est-\u00e0-dire \u00ab tr\u00e8s autoritaire \u00bb.<\/p>\n<p>Avec cette formulation pointue, Michel, qui travaille d\u00e9sormais comme consultant dans un cabinet d&rsquo;avocats sp\u00e9cialis\u00e9 dans la r\u00e9solution des grands litiges internationaux, a clairement exprim\u00e9 son m\u00e9contentement face \u00e0 son style de gestion.<\/p>\n<div id=\"attachment_343365\" class=\"wp-caption alignleft\" style=\"max-width: 300px\"><img fetchpriority=\"high\" decoding=\"async\" class=\"wp-image-343365 size-medium\" src=\"https:\/\/vieassociative.be\/actualites\/wp-content\/uploads\/2026\/04\/Tres-autoritaire-lancien-president-du-Conseil-Charles.jpeg\" alt=\"\" width=\"300\" height=\"200\"><\/div>\n<p>L&rsquo;ancien pr\u00e9sident du Conseil a indiqu\u00e9 que, selon lui, les d\u00e9cisions cl\u00e9s au sein de la Commission \u00e9taient trop concentr\u00e9es et n&rsquo;\u00e9taient pas toujours suffisamment coordonn\u00e9es avec les autres acteurs europ\u00e9ens. M\u00eame s&rsquo;il ne l&rsquo;a pas exprim\u00e9 sous la forme d&rsquo;all\u00e9gations individuelles concr\u00e8tes, ses mots ont clairement montr\u00e9 qu&rsquo;il y avait des tensions consid\u00e9rables au cours de la collaboration. \u00ab\u00a0Je n&rsquo;ai jamais eu autant de difficult\u00e9s \u00e0 travailler avec un coll\u00e8gue\u00a0\u00bb, a d\u00e9clar\u00e9 l&rsquo;ancien Premier ministre belge de 50 ans.<\/p>\n<p>Au cours de leurs mandats parall\u00e8les, tous deux ont occup\u00e9 des postes cl\u00e9s au sein de l&rsquo;Union europ\u00e9enne : Michel a coordonn\u00e9 les orientations politiques des \u00c9tats membres en tant que pr\u00e9sident du Conseil europ\u00e9en, tandis que von der Leyen \u00e9tait responsable des initiatives l\u00e9gislatives et de leur mise en \u0153uvre en tant que pr\u00e9sidente de la Commission. C&rsquo;est pr\u00e9cis\u00e9ment dans cette interaction qu&rsquo;une coordination \u00e9troite est n\u00e9cessaire &#8211; un point que Michel probl\u00e9matise indirectement lorsqu&rsquo;il critique le style de leadership de son ancien coll\u00e8gue.<\/p>\n<p>Le classement de Michel est rendu encore plus explosif par ses d\u00e9clarations sur le soi-disant Sofagate de 2021. Lors d&rsquo;une r\u00e9union avec le pr\u00e9sident turc Recep Tayyip Erdo\u011fan, von der Leyen s&rsquo;est retrouv\u00e9 sans si\u00e8ge \u00e9quivalent, tandis que Michel \u00e9tait assis \u00e0 c\u00f4t\u00e9 d&rsquo;Erdo\u011fan &#8211; une sc\u00e8ne qui a suscit\u00e9 des critiques dans toute l&rsquo;Europe.<\/p>\n<div id=\"attachment_281522\" class=\"wp-caption alignleft\" style=\"max-width: 300px\"><img decoding=\"async\" class=\"wp-image-281522 size-medium\" src=\"https:\/\/vieassociative.be\/actualites\/wp-content\/uploads\/2026\/04\/1776806255_519_Tres-autoritaire-lancien-president-du-Conseil-Charles.jpeg\" alt=\"\" width=\"300\" height=\"165\"><\/div>\n<p>R\u00e9trospectivement, Michel a d\u00e9fendu son comportement et a soulign\u00e9 qu&rsquo;il \u00e9tait li\u00e9 par des protocoles diplomatiques et que l&rsquo;h\u00f4te \u00e9tait responsable de la disposition des si\u00e8ges. Selon son r\u00e9cit, une intervention spontan\u00e9e aurait pu aggraver la situation.<\/p>\n<p>Michel d\u00e9clare aujourd\u2019hui : \u00ab Tout le monde sait et a vu comment la Commission a d\u00e9cid\u00e9 d\u2019exploiter cet incident pour tenter d\u2019acqu\u00e9rir plus de pouvoir, notamment au niveau institutionnel, et d\u2019intervenir dans des domaines qui ne rel\u00e8vent pas de sa comp\u00e9tence. \u00bb<\/p>\n<p>Des tensions concernant les responsabilit\u00e9s et le contr\u00f4le politique continuent de surgir entre le Conseil europ\u00e9en et la Commission. La critique ouverte de Michel donne d\u00e9sormais \u00e0 ces diff\u00e9rences, souvent rest\u00e9es en coulisses, une dimension inhabituellement publique.<\/p>\n<p>Il est remarquable qu\u2019un ancien haut repr\u00e9sentant de l\u2019UE caract\u00e9rise si directement son ancien partenaire. Les observateurs pourraient y voir \u00e0 la fois un bilan personnel et une contribution \u00e0 un d\u00e9bat plus large sur le leadership et la prise de d\u00e9cision au sein de l\u2019Union europ\u00e9enne. (cr\u00e9er)<\/p>\n","protected":false},"excerpt":{"rendered":"<p>L&rsquo;ancien pr\u00e9sident du Conseil europ\u00e9en, Charles Michel, a exprim\u00e9 des critiques particuli\u00e8rement s\u00e9v\u00e8res \u00e0 l&rsquo;\u00e9gard de la pr\u00e9sidente de la Commission europ\u00e9enne, Ursula von der<\/p>\n","protected":false},"author":1,"featured_media":13532,"comment_status":"","ping_status":"","sticky":false,"template":"","format":"standard","meta":{"footnotes":""},"categories":[298],"tags":[10537,7211,3560,1085,3364,668,4356,4764,3937,3075,5047,2493,4763,3558],"class_list":["post-13531","post","type-post","status-publish","format-standard","has-post-thumbnail","hentry","category-belgique","tag-autoritaire","tag-charles","tag-commission","tag-conseil","tag-critique","tag-der","tag-lancien","tag-leyen","tag-michel","tag-president","tag-presidente","tag-tres","tag-ursula","tag-von","generate-columns","tablet-grid-50","mobile-grid-100","grid-parent","grid-33"],"yoast_head":"<!-- This site is optimized with the Yoast SEO plugin v24.0 - https:\/\/yoast.com\/wordpress\/plugins\/seo\/ -->\n<title>\u00ab Tr\u00e8s autoritaire \u00bb : l\u2019ancien pr\u00e9sident du Conseil Charles Michel critique la pr\u00e9sidente de la Commission Ursula von der Leyen | Vie Associative<\/title>\n<meta name=\"robots\" content=\"index, follow, max-snippet:-1, max-image-preview:large, max-video-preview:-1\" \/>\n<link rel=\"canonical\" href=\"https:\/\/vieassociative.be\/actualites\/tres-autoritaire-lancien-president-du-conseil-charles-michel-critique-la-presidente-de-la-commission-ursula-von-der-leyen\/\" \/>\n<meta property=\"og:locale\" content=\"fr_FR\" \/>\n<meta property=\"og:type\" content=\"article\" \/>\n<meta property=\"og:title\" content=\"\u00ab Tr\u00e8s autoritaire \u00bb : l\u2019ancien pr\u00e9sident du Conseil Charles Michel critique la pr\u00e9sidente de la Commission Ursula von der Leyen | Vie Associative\" \/>\n<meta property=\"og:description\" content=\"L&rsquo;ancien pr\u00e9sident du Conseil europ\u00e9en, Charles Michel, a exprim\u00e9 des critiques particuli\u00e8rement s\u00e9v\u00e8res \u00e0 l&rsquo;\u00e9gard de la pr\u00e9sidente de la Commission europ\u00e9enne, Ursula von der\" \/>\n<meta property=\"og:url\" content=\"https:\/\/vieassociative.be\/actualites\/tres-autoritaire-lancien-president-du-conseil-charles-michel-critique-la-presidente-de-la-commission-ursula-von-der-leyen\/\" \/>\n<meta property=\"og:site_name\" content=\"Vie Associative\" \/>\n<meta property=\"article:published_time\" content=\"2026-04-21T21:17:35+00:00\" \/>\n<meta property=\"og:image\" content=\"https:\/\/vieassociative.be\/actualites\/wp-content\/uploads\/2024\/09\/header_backgroundk-01-e1726694325946.png\" \/>\n\t<meta property=\"og:image:width\" content=\"279\" \/>\n\t<meta property=\"og:image:height\" content=\"92\" \/>\n\t<meta property=\"og:image:type\" content=\"image\/png\" \/>\n<meta name=\"author\" content=\"Julien\" \/>\n<meta name=\"twitter:card\" content=\"summary_large_image\" \/>\n<meta name=\"twitter:label1\" content=\"\u00c9crit par\" \/>\n\t<meta name=\"twitter:data1\" content=\"Julien\" \/>\n\t<meta name=\"twitter:label2\" content=\"Dur\u00e9e de lecture est.\" \/>\n\t<meta name=\"twitter:data2\" content=\"3 minutes\" \/>\n<script type=\"application\/ld+json\" class=\"yoast-schema-graph\">{\"@context\":\"https:\/\/schema.org\",\"@graph\":[{\"@type\":\"Article\",\"@id\":\"https:\/\/vieassociative.be\/actualites\/tres-autoritaire-lancien-president-du-conseil-charles-michel-critique-la-presidente-de-la-commission-ursula-von-der-leyen\/#article\",\"isPartOf\":{\"@id\":\"https:\/\/vieassociative.be\/actualites\/tres-autoritaire-lancien-president-du-conseil-charles-michel-critique-la-presidente-de-la-commission-ursula-von-der-leyen\/\"},\"author\":{\"name\":\"Julien\",\"@id\":\"https:\/\/vieassociative.be\/actualites\/#\/schema\/person\/b87ac4f82f9d4e7b7cec7395b679edc4\"},\"headline\":\"\u00ab Tr\u00e8s autoritaire \u00bb : l\u2019ancien pr\u00e9sident du Conseil Charles Michel critique la pr\u00e9sidente de la Commission Ursula von der Leyen\",\"datePublished\":\"2026-04-21T21:17:35+00:00\",\"dateModified\":\"2026-04-21T21:17:35+00:00\",\"mainEntityOfPage\":{\"@id\":\"https:\/\/vieassociative.be\/actualites\/tres-autoritaire-lancien-president-du-conseil-charles-michel-critique-la-presidente-de-la-commission-ursula-von-der-leyen\/\"},\"wordCount\":585,\"publisher\":{\"@id\":\"https:\/\/vieassociative.be\/actualites\/#organization\"},\"image\":{\"@id\":\"https:\/\/vieassociative.be\/actualites\/tres-autoritaire-lancien-president-du-conseil-charles-michel-critique-la-presidente-de-la-commission-ursula-von-der-leyen\/#primaryimage\"},\"thumbnailUrl\":\"https:\/\/vieassociative.be\/actualites\/wp-content\/uploads\/2026\/04\/1776806256_Tres-autoritaire-lancien-president-du-Conseil-Charles.jpeg\",\"keywords\":[\"autoritaire\",\"Charles\",\"Commission\",\"conseil\",\"critique\",\"der\",\"Lancien\",\"Leyen\",\"Michel\",\"pr\u00e9sident\",\"pr\u00e9sidente\",\"tr\u00e8s\",\"Ursula\",\"von\"],\"articleSection\":[\"Belgique\"],\"inLanguage\":\"fr-BE\"},{\"@type\":\"WebPage\",\"@id\":\"https:\/\/vieassociative.be\/actualites\/tres-autoritaire-lancien-president-du-conseil-charles-michel-critique-la-presidente-de-la-commission-ursula-von-der-leyen\/\",\"url\":\"https:\/\/vieassociative.be\/actualites\/tres-autoritaire-lancien-president-du-conseil-charles-michel-critique-la-presidente-de-la-commission-ursula-von-der-leyen\/\",\"name\":\"\u00ab Tr\u00e8s autoritaire \u00bb : l\u2019ancien pr\u00e9sident du Conseil Charles Michel critique la pr\u00e9sidente de la Commission Ursula von der Leyen | Vie Associative\",\"isPartOf\":{\"@id\":\"https:\/\/vieassociative.be\/actualites\/#website\"},\"primaryImageOfPage\":{\"@id\":\"https:\/\/vieassociative.be\/actualites\/tres-autoritaire-lancien-president-du-conseil-charles-michel-critique-la-presidente-de-la-commission-ursula-von-der-leyen\/#primaryimage\"},\"image\":{\"@id\":\"https:\/\/vieassociative.be\/actualites\/tres-autoritaire-lancien-president-du-conseil-charles-michel-critique-la-presidente-de-la-commission-ursula-von-der-leyen\/#primaryimage\"},\"thumbnailUrl\":\"https:\/\/vieassociative.be\/actualites\/wp-content\/uploads\/2026\/04\/1776806256_Tres-autoritaire-lancien-president-du-Conseil-Charles.jpeg\",\"datePublished\":\"2026-04-21T21:17:35+00:00\",\"dateModified\":\"2026-04-21T21:17:35+00:00\",\"breadcrumb\":{\"@id\":\"https:\/\/vieassociative.be\/actualites\/tres-autoritaire-lancien-president-du-conseil-charles-michel-critique-la-presidente-de-la-commission-ursula-von-der-leyen\/#breadcrumb\"},\"inLanguage\":\"fr-BE\",\"potentialAction\":[{\"@type\":\"ReadAction\",\"target\":[\"https:\/\/vieassociative.be\/actualites\/tres-autoritaire-lancien-president-du-conseil-charles-michel-critique-la-presidente-de-la-commission-ursula-von-der-leyen\/\"]}]},{\"@type\":\"ImageObject\",\"inLanguage\":\"fr-BE\",\"@id\":\"https:\/\/vieassociative.be\/actualites\/tres-autoritaire-lancien-president-du-conseil-charles-michel-critique-la-presidente-de-la-commission-ursula-von-der-leyen\/#primaryimage\",\"url\":\"https:\/\/vieassociative.be\/actualites\/wp-content\/uploads\/2026\/04\/1776806256_Tres-autoritaire-lancien-president-du-Conseil-Charles.jpeg\",\"contentUrl\":\"https:\/\/vieassociative.be\/actualites\/wp-content\/uploads\/2026\/04\/1776806256_Tres-autoritaire-lancien-president-du-Conseil-Charles.jpeg\",\"width\":1200,\"height\":800,\"caption\":\"\u00ab Tr\u00e8s autoritaire \u00bb : l\u2019ancien pr\u00e9sident du Conseil Charles Michel critique la pr\u00e9sidente de la Commission Ursula von der Leyen\"},{\"@type\":\"BreadcrumbList\",\"@id\":\"https:\/\/vieassociative.be\/actualites\/tres-autoritaire-lancien-president-du-conseil-charles-michel-critique-la-presidente-de-la-commission-ursula-von-der-leyen\/#breadcrumb\",\"itemListElement\":[{\"@type\":\"ListItem\",\"position\":1,\"name\":\"Accueil\",\"item\":\"https:\/\/vieassociative.be\/actualites\/\"},{\"@type\":\"ListItem\",\"position\":2,\"name\":\"\u00ab Tr\u00e8s autoritaire \u00bb : l\u2019ancien pr\u00e9sident du Conseil Charles Michel critique la pr\u00e9sidente de la Commission Ursula von der Leyen\"}]},{\"@type\":\"WebSite\",\"@id\":\"https:\/\/vieassociative.be\/actualites\/#website\",\"url\":\"https:\/\/vieassociative.be\/actualites\/\",\"name\":\"Vie Associative\",\"description\":\"\",\"publisher\":{\"@id\":\"https:\/\/vieassociative.be\/actualites\/#organization\"},\"potentialAction\":[{\"@type\":\"SearchAction\",\"target\":{\"@type\":\"EntryPoint\",\"urlTemplate\":\"https:\/\/vieassociative.be\/actualites\/?s={search_term_string}\"},\"query-input\":{\"@type\":\"PropertyValueSpecification\",\"valueRequired\":true,\"valueName\":\"search_term_string\"}}],\"inLanguage\":\"fr-BE\"},{\"@type\":\"Organization\",\"@id\":\"https:\/\/vieassociative.be\/actualites\/#organization\",\"name\":\"Vie Associative\",\"url\":\"https:\/\/vieassociative.be\/actualites\/\",\"logo\":{\"@type\":\"ImageObject\",\"inLanguage\":\"fr-BE\",\"@id\":\"https:\/\/vieassociative.be\/actualites\/#\/schema\/logo\/image\/\",\"url\":\"https:\/\/vieassociative.be\/actualites\/wp-content\/uploads\/2024\/09\/cropped-vieassociative_favicon.ico.png\",\"contentUrl\":\"https:\/\/vieassociative.be\/actualites\/wp-content\/uploads\/2024\/09\/cropped-vieassociative_favicon.ico.png\",\"width\":512,\"height\":512,\"caption\":\"Vie Associative\"},\"image\":{\"@id\":\"https:\/\/vieassociative.be\/actualites\/#\/schema\/logo\/image\/\"}},{\"@type\":\"Person\",\"@id\":\"https:\/\/vieassociative.be\/actualites\/#\/schema\/person\/b87ac4f82f9d4e7b7cec7395b679edc4\",\"name\":\"Julien\",\"image\":{\"@type\":\"ImageObject\",\"inLanguage\":\"fr-BE\",\"@id\":\"https:\/\/vieassociative.be\/actualites\/#\/schema\/person\/image\/\",\"url\":\"https:\/\/vieassociative.be\/actualites\/wp-content\/uploads\/2024\/09\/vie-associative-1-150x150.jpg\",\"contentUrl\":\"https:\/\/vieassociative.be\/actualites\/wp-content\/uploads\/2024\/09\/vie-associative-1-150x150.jpg\",\"caption\":\"Julien\"},\"description\":\"Je suis Julien, r\u00e9dacteur pour Vie Associative. Passionn\u00e9 par le monde associatif depuis plus de 10 ans, j'ai \u00e0 c\u0153ur de partager des histoires inspirantes et de mettre en lumi\u00e8re les initiatives locales. Mon objectif est de sensibiliser et d'encourager l'engagement communautaire \u00e0 travers mes articles.\",\"sameAs\":[\"https:\/\/vieassociative.be\/\"]}]}<\/script>\n<!-- \/ Yoast SEO plugin. -->","yoast_head_json":{"title":"\u00ab Tr\u00e8s autoritaire \u00bb : l\u2019ancien pr\u00e9sident du Conseil Charles Michel critique la pr\u00e9sidente de la Commission Ursula von der Leyen | Vie Associative","robots":{"index":"index","follow":"follow","max-snippet":"max-snippet:-1","max-image-preview":"max-image-preview:large","max-video-preview":"max-video-preview:-1"},"canonical":"https:\/\/vieassociative.be\/actualites\/tres-autoritaire-lancien-president-du-conseil-charles-michel-critique-la-presidente-de-la-commission-ursula-von-der-leyen\/","og_locale":"fr_FR","og_type":"article","og_title":"\u00ab Tr\u00e8s autoritaire \u00bb : l\u2019ancien pr\u00e9sident du Conseil Charles Michel critique la pr\u00e9sidente de la Commission Ursula von der Leyen | Vie Associative","og_description":"L&rsquo;ancien pr\u00e9sident du Conseil europ\u00e9en, Charles Michel, a exprim\u00e9 des critiques particuli\u00e8rement s\u00e9v\u00e8res \u00e0 l&rsquo;\u00e9gard de la pr\u00e9sidente de la Commission europ\u00e9enne, Ursula von der","og_url":"https:\/\/vieassociative.be\/actualites\/tres-autoritaire-lancien-president-du-conseil-charles-michel-critique-la-presidente-de-la-commission-ursula-von-der-leyen\/","og_site_name":"Vie Associative","article_published_time":"2026-04-21T21:17:35+00:00","og_image":[{"width":279,"height":92,"url":"https:\/\/vieassociative.be\/actualites\/wp-content\/uploads\/2024\/09\/header_backgroundk-01-e1726694325946.png","type":"image\/png"}],"author":"Julien","twitter_card":"summary_large_image","twitter_misc":{"\u00c9crit par":"Julien","Dur\u00e9e de lecture est.":"3 minutes"},"schema":{"@context":"https:\/\/schema.org","@graph":[{"@type":"Article","@id":"https:\/\/vieassociative.be\/actualites\/tres-autoritaire-lancien-president-du-conseil-charles-michel-critique-la-presidente-de-la-commission-ursula-von-der-leyen\/#article","isPartOf":{"@id":"https:\/\/vieassociative.be\/actualites\/tres-autoritaire-lancien-president-du-conseil-charles-michel-critique-la-presidente-de-la-commission-ursula-von-der-leyen\/"},"author":{"name":"Julien","@id":"https:\/\/vieassociative.be\/actualites\/#\/schema\/person\/b87ac4f82f9d4e7b7cec7395b679edc4"},"headline":"\u00ab Tr\u00e8s autoritaire \u00bb : l\u2019ancien pr\u00e9sident du Conseil Charles Michel critique la pr\u00e9sidente de la Commission Ursula von der Leyen","datePublished":"2026-04-21T21:17:35+00:00","dateModified":"2026-04-21T21:17:35+00:00","mainEntityOfPage":{"@id":"https:\/\/vieassociative.be\/actualites\/tres-autoritaire-lancien-president-du-conseil-charles-michel-critique-la-presidente-de-la-commission-ursula-von-der-leyen\/"},"wordCount":585,"publisher":{"@id":"https:\/\/vieassociative.be\/actualites\/#organization"},"image":{"@id":"https:\/\/vieassociative.be\/actualites\/tres-autoritaire-lancien-president-du-conseil-charles-michel-critique-la-presidente-de-la-commission-ursula-von-der-leyen\/#primaryimage"},"thumbnailUrl":"https:\/\/vieassociative.be\/actualites\/wp-content\/uploads\/2026\/04\/1776806256_Tres-autoritaire-lancien-president-du-Conseil-Charles.jpeg","keywords":["autoritaire","Charles","Commission","conseil","critique","der","Lancien","Leyen","Michel","pr\u00e9sident","pr\u00e9sidente","tr\u00e8s","Ursula","von"],"articleSection":["Belgique"],"inLanguage":"fr-BE"},{"@type":"WebPage","@id":"https:\/\/vieassociative.be\/actualites\/tres-autoritaire-lancien-president-du-conseil-charles-michel-critique-la-presidente-de-la-commission-ursula-von-der-leyen\/","url":"https:\/\/vieassociative.be\/actualites\/tres-autoritaire-lancien-president-du-conseil-charles-michel-critique-la-presidente-de-la-commission-ursula-von-der-leyen\/","name":"\u00ab Tr\u00e8s autoritaire \u00bb : l\u2019ancien pr\u00e9sident du Conseil Charles Michel critique la pr\u00e9sidente de la Commission Ursula von der Leyen | Vie Associative","isPartOf":{"@id":"https:\/\/vieassociative.be\/actualites\/#website"},"primaryImageOfPage":{"@id":"https:\/\/vieassociative.be\/actualites\/tres-autoritaire-lancien-president-du-conseil-charles-michel-critique-la-presidente-de-la-commission-ursula-von-der-leyen\/#primaryimage"},"image":{"@id":"https:\/\/vieassociative.be\/actualites\/tres-autoritaire-lancien-president-du-conseil-charles-michel-critique-la-presidente-de-la-commission-ursula-von-der-leyen\/#primaryimage"},"thumbnailUrl":"https:\/\/vieassociative.be\/actualites\/wp-content\/uploads\/2026\/04\/1776806256_Tres-autoritaire-lancien-president-du-Conseil-Charles.jpeg","datePublished":"2026-04-21T21:17:35+00:00","dateModified":"2026-04-21T21:17:35+00:00","breadcrumb":{"@id":"https:\/\/vieassociative.be\/actualites\/tres-autoritaire-lancien-president-du-conseil-charles-michel-critique-la-presidente-de-la-commission-ursula-von-der-leyen\/#breadcrumb"},"inLanguage":"fr-BE","potentialAction":[{"@type":"ReadAction","target":["https:\/\/vieassociative.be\/actualites\/tres-autoritaire-lancien-president-du-conseil-charles-michel-critique-la-presidente-de-la-commission-ursula-von-der-leyen\/"]}]},{"@type":"ImageObject","inLanguage":"fr-BE","@id":"https:\/\/vieassociative.be\/actualites\/tres-autoritaire-lancien-president-du-conseil-charles-michel-critique-la-presidente-de-la-commission-ursula-von-der-leyen\/#primaryimage","url":"https:\/\/vieassociative.be\/actualites\/wp-content\/uploads\/2026\/04\/1776806256_Tres-autoritaire-lancien-president-du-Conseil-Charles.jpeg","contentUrl":"https:\/\/vieassociative.be\/actualites\/wp-content\/uploads\/2026\/04\/1776806256_Tres-autoritaire-lancien-president-du-Conseil-Charles.jpeg","width":1200,"height":800,"caption":"\u00ab Tr\u00e8s autoritaire \u00bb : l\u2019ancien pr\u00e9sident du Conseil Charles Michel critique la pr\u00e9sidente de la Commission Ursula von der Leyen"},{"@type":"BreadcrumbList","@id":"https:\/\/vieassociative.be\/actualites\/tres-autoritaire-lancien-president-du-conseil-charles-michel-critique-la-presidente-de-la-commission-ursula-von-der-leyen\/#breadcrumb","itemListElement":[{"@type":"ListItem","position":1,"name":"Accueil","item":"https:\/\/vieassociative.be\/actualites\/"},{"@type":"ListItem","position":2,"name":"\u00ab Tr\u00e8s autoritaire \u00bb : l\u2019ancien pr\u00e9sident du Conseil Charles Michel critique la pr\u00e9sidente de la Commission Ursula von der Leyen"}]},{"@type":"WebSite","@id":"https:\/\/vieassociative.be\/actualites\/#website","url":"https:\/\/vieassociative.be\/actualites\/","name":"Vie Associative","description":"","publisher":{"@id":"https:\/\/vieassociative.be\/actualites\/#organization"},"potentialAction":[{"@type":"SearchAction","target":{"@type":"EntryPoint","urlTemplate":"https:\/\/vieassociative.be\/actualites\/?s={search_term_string}"},"query-input":{"@type":"PropertyValueSpecification","valueRequired":true,"valueName":"search_term_string"}}],"inLanguage":"fr-BE"},{"@type":"Organization","@id":"https:\/\/vieassociative.be\/actualites\/#organization","name":"Vie Associative","url":"https:\/\/vieassociative.be\/actualites\/","logo":{"@type":"ImageObject","inLanguage":"fr-BE","@id":"https:\/\/vieassociative.be\/actualites\/#\/schema\/logo\/image\/","url":"https:\/\/vieassociative.be\/actualites\/wp-content\/uploads\/2024\/09\/cropped-vieassociative_favicon.ico.png","contentUrl":"https:\/\/vieassociative.be\/actualites\/wp-content\/uploads\/2024\/09\/cropped-vieassociative_favicon.ico.png","width":512,"height":512,"caption":"Vie Associative"},"image":{"@id":"https:\/\/vieassociative.be\/actualites\/#\/schema\/logo\/image\/"}},{"@type":"Person","@id":"https:\/\/vieassociative.be\/actualites\/#\/schema\/person\/b87ac4f82f9d4e7b7cec7395b679edc4","name":"Julien","image":{"@type":"ImageObject","inLanguage":"fr-BE","@id":"https:\/\/vieassociative.be\/actualites\/#\/schema\/person\/image\/","url":"https:\/\/vieassociative.be\/actualites\/wp-content\/uploads\/2024\/09\/vie-associative-1-150x150.jpg","contentUrl":"https:\/\/vieassociative.be\/actualites\/wp-content\/uploads\/2024\/09\/vie-associative-1-150x150.jpg","caption":"Julien"},"description":"Je suis Julien, r\u00e9dacteur pour Vie Associative. Passionn\u00e9 par le monde associatif depuis plus de 10 ans, j'ai \u00e0 c\u0153ur de partager des histoires inspirantes et de mettre en lumi\u00e8re les initiatives locales. Mon objectif est de sensibiliser et d'encourager l'engagement communautaire \u00e0 travers mes articles.","sameAs":["https:\/\/vieassociative.be\/"]}]}},"_links":{"self":[{"href":"https:\/\/vieassociative.be\/actualites\/wp-json\/wp\/v2\/posts\/13531"}],"collection":[{"href":"https:\/\/vieassociative.be\/actualites\/wp-json\/wp\/v2\/posts"}],"about":[{"href":"https:\/\/vieassociative.be\/actualites\/wp-json\/wp\/v2\/types\/post"}],"author":[{"embeddable":true,"href":"https:\/\/vieassociative.be\/actualites\/wp-json\/wp\/v2\/users\/1"}],"replies":[{"embeddable":true,"href":"https:\/\/vieassociative.be\/actualites\/wp-json\/wp\/v2\/comments?post=13531"}],"version-history":[{"count":0,"href":"https:\/\/vieassociative.be\/actualites\/wp-json\/wp\/v2\/posts\/13531\/revisions"}],"wp:featuredmedia":[{"embeddable":true,"href":"https:\/\/vieassociative.be\/actualites\/wp-json\/wp\/v2\/media\/13532"}],"wp:attachment":[{"href":"https:\/\/vieassociative.be\/actualites\/wp-json\/wp\/v2\/media?parent=13531"}],"wp:term":[{"taxonomy":"category","embeddable":true,"href":"https:\/\/vieassociative.be\/actualites\/wp-json\/wp\/v2\/categories?post=13531"},{"taxonomy":"post_tag","embeddable":true,"href":"https:\/\/vieassociative.be\/actualites\/wp-json\/wp\/v2\/tags?post=13531"}],"curies":[{"name":"wp","href":"https:\/\/api.w.org\/{rel}","templated":true}]}}