{"id":13528,"date":"2026-04-21T17:18:24","date_gmt":"2026-04-21T15:18:24","guid":{"rendered":"https:\/\/vieassociative.be\/actualites\/lettre-a-la-redaction-pour-une-production-denergie-locale-et-decentralisee\/"},"modified":"2026-04-21T17:18:24","modified_gmt":"2026-04-21T15:18:24","slug":"lettre-a-la-redaction-pour-une-production-denergie-locale-et-decentralisee","status":"publish","type":"post","link":"https:\/\/vieassociative.be\/actualites\/lettre-a-la-redaction-pour-une-production-denergie-locale-et-decentralisee\/","title":{"rendered":"LETTRE \u00c0 LA R\u00c9DACTION \u2013 Pour une production d\u2019\u00e9nergie locale et d\u00e9centralis\u00e9e"},"content":{"rendered":"<p><strong>Compte tenu des prix \u00e9lev\u00e9s actuels de l\u2019\u00e9nergie, une question simple mais cruciale se pose : n\u2019est-il pas temps d\u2019identifier honn\u00eatement les erreurs du pass\u00e9 \u2013 et d\u2019en tirer des le\u00e7ons ?<\/strong><\/p>\n<p><span id=\"more-438535\"><\/span>Ces derni\u00e8res ann\u00e9es, des investissements massifs ont \u00e9t\u00e9 r\u00e9alis\u00e9s dans les \u00e9nergies renouvelables, accompagn\u00e9s de grandes promesses. Mais la r\u00e9alit\u00e9 semble bien plus sobre. Dans le m\u00eame temps, la demande de gaz naturel continue d\u2019augmenter \u00e0 l\u2019\u00e9chelle mondiale \u2013 et dans une mesure qui m\u00e9rite r\u00e9flexion.<\/p>\n<p>Entre 1970 et 2010, la production de gaz est rest\u00e9e largement stable. Apr\u00e8s cela, cependant, il y a eu une forte augmentation : plus 70 pour cent en une d\u00e9cennie, suivi de 20 pour cent suppl\u00e9mentaires \u00e0 ce jour. Les pr\u00e9visions sugg\u00e8rent que la production quotidienne pourrait atteindre environ 4,5 milliards de m\u00e8tres cubes d&rsquo;ici 2040. Les infrastructures modernes telles que les centres de donn\u00e9es sont l&rsquo;un des principaux moteurs de cette \u00e9volution.<\/p>\n<p>Ce qui est particuli\u00e8rement remarquable, c&rsquo;est que cette augmentation se produit malgr\u00e9 une expansion massive des \u00e9nergies renouvelables &#8211; et malgr\u00e9 le fait que la consommation globale d&rsquo;\u00e9nergie en Europe et aux \u00c9tats-Unis augmente \u00e0 peine. Le gaz naturel reste \u00e9videmment indispensable, notamment en raison de sa stabilit\u00e9 et de sa fiabilit\u00e9 dans le r\u00e9seau \u00e9lectrique.<\/p>\n<p>Le d\u00e9veloppement des centres de donn\u00e9es illustre clairement cette tendance : en un an, la capacit\u00e9 gazi\u00e8re pr\u00e9vue aux \u00c9tats-Unis est pass\u00e9e de 4 \u00e0 97 gigawatts, soit un facteur 25. Cela soul\u00e8ve in\u00e9vitablement la question de savoir si les strat\u00e9gies pr\u00e9c\u00e9dentes sont vraiment suffisantes.<\/p>\n<p>Il y avait aussi autrefois des approches innovantes dans notre r\u00e9gion. A Law pr\u00e8s de Saint Vith le<br \/>\nL&rsquo;usine familiale Lenges a mis en \u0153uvre l&rsquo;un des premiers projets de biom\u00e9thanisation agricole en Belgique. Un exemple de production d\u2019\u00e9nergie locale et d\u00e9centralis\u00e9e \u2013 bien avant que de tels concepts ne soient largement d\u00e9battus.<\/p>\n<p>Mais que lui est-il arriv\u00e9 ? Et pourquoi l\u2019accent est-il si peu mis aujourd\u2019hui sur des solutions aussi concr\u00e8tes et orient\u00e9es vers les citoyens ?<\/p>\n<p>Une partie de la r\u00e9ponse r\u00e9side peut-\u00eatre dans notre d\u00e9pendance trop longue \u00e0 un contr\u00f4le centralis\u00e9 et \u00e0 des concepts th\u00e9oriques. Il serait temps de redonner davantage confiance aux citoyens et de leur donner la possibilit\u00e9 de contribuer \u00e0 leur propre approvisionnement \u00e9nerg\u00e9tique.<\/p>\n<p>Une \u00e9valuation honn\u00eate, plus de pragmatisme et une plus grande concentration sur les initiatives locales pourraient \u00eatre la cl\u00e9 d\u2019un avenir \u00e9nerg\u00e9tique s\u00fbr et abordable.<\/p>\n<p><strong>21 avril 2026 Pascale Baudimont, Eupen<\/strong><\/p>\n","protected":false},"excerpt":{"rendered":"<p>Compte tenu des prix \u00e9lev\u00e9s actuels de l\u2019\u00e9nergie, une question simple mais cruciale se pose : n\u2019est-il pas temps d\u2019identifier honn\u00eatement les erreurs du pass\u00e9<\/p>\n","protected":false},"author":1,"featured_media":2567,"comment_status":"","ping_status":"","sticky":false,"template":"","format":"standard","meta":{"footnotes":""},"categories":[298],"tags":[10536,7653,2628,3873,81,2463,3296,110],"class_list":["post-13528","post","type-post","status-publish","format-standard","has-post-thumbnail","hentry","category-belgique","tag-decentralisee","tag-denergie","tag-lettre","tag-locale","tag-pour","tag-production","tag-redaction","tag-une","generate-columns","tablet-grid-50","mobile-grid-100","grid-parent","grid-33"],"yoast_head":"<!-- This site is optimized with the Yoast SEO plugin v24.0 - https:\/\/yoast.com\/wordpress\/plugins\/seo\/ -->\n<title>LETTRE \u00c0 LA R\u00c9DACTION \u2013 Pour une production d\u2019\u00e9nergie locale et d\u00e9centralis\u00e9e | Vie Associative<\/title>\n<meta name=\"robots\" content=\"index, follow, max-snippet:-1, max-image-preview:large, max-video-preview:-1\" \/>\n<link rel=\"canonical\" href=\"https:\/\/vieassociative.be\/actualites\/lettre-a-la-redaction-pour-une-production-denergie-locale-et-decentralisee\/\" \/>\n<meta property=\"og:locale\" content=\"fr_FR\" \/>\n<meta property=\"og:type\" content=\"article\" \/>\n<meta property=\"og:title\" content=\"LETTRE \u00c0 LA R\u00c9DACTION \u2013 Pour une production d\u2019\u00e9nergie locale et d\u00e9centralis\u00e9e | Vie Associative\" \/>\n<meta property=\"og:description\" content=\"Compte tenu des prix \u00e9lev\u00e9s actuels de l\u2019\u00e9nergie, une question simple mais cruciale se pose : n\u2019est-il pas temps d\u2019identifier honn\u00eatement les erreurs du pass\u00e9\" \/>\n<meta property=\"og:url\" content=\"https:\/\/vieassociative.be\/actualites\/lettre-a-la-redaction-pour-une-production-denergie-locale-et-decentralisee\/\" \/>\n<meta property=\"og:site_name\" content=\"Vie Associative\" \/>\n<meta property=\"article:published_time\" content=\"2026-04-21T15:18:24+00:00\" \/>\n<meta property=\"og:image\" content=\"https:\/\/vieassociative.be\/actualites\/wp-content\/uploads\/2024\/09\/header_backgroundk-01-e1726694325946.png\" \/>\n\t<meta property=\"og:image:width\" content=\"279\" \/>\n\t<meta property=\"og:image:height\" content=\"92\" \/>\n\t<meta property=\"og:image:type\" content=\"image\/png\" \/>\n<meta name=\"author\" content=\"Julien\" \/>\n<meta name=\"twitter:card\" content=\"summary_large_image\" \/>\n<meta name=\"twitter:label1\" content=\"\u00c9crit par\" \/>\n\t<meta name=\"twitter:data1\" content=\"Julien\" \/>\n\t<meta name=\"twitter:label2\" content=\"Dur\u00e9e de lecture est.\" \/>\n\t<meta name=\"twitter:data2\" content=\"2 minutes\" \/>\n<script type=\"application\/ld+json\" class=\"yoast-schema-graph\">{\"@context\":\"https:\/\/schema.org\",\"@graph\":[{\"@type\":\"Article\",\"@id\":\"https:\/\/vieassociative.be\/actualites\/lettre-a-la-redaction-pour-une-production-denergie-locale-et-decentralisee\/#article\",\"isPartOf\":{\"@id\":\"https:\/\/vieassociative.be\/actualites\/lettre-a-la-redaction-pour-une-production-denergie-locale-et-decentralisee\/\"},\"author\":{\"name\":\"Julien\",\"@id\":\"https:\/\/vieassociative.be\/actualites\/#\/schema\/person\/b87ac4f82f9d4e7b7cec7395b679edc4\"},\"headline\":\"LETTRE \u00c0 LA R\u00c9DACTION \u2013 Pour une production d\u2019\u00e9nergie locale et d\u00e9centralis\u00e9e\",\"datePublished\":\"2026-04-21T15:18:24+00:00\",\"dateModified\":\"2026-04-21T15:18:24+00:00\",\"mainEntityOfPage\":{\"@id\":\"https:\/\/vieassociative.be\/actualites\/lettre-a-la-redaction-pour-une-production-denergie-locale-et-decentralisee\/\"},\"wordCount\":457,\"publisher\":{\"@id\":\"https:\/\/vieassociative.be\/actualites\/#organization\"},\"image\":{\"@id\":\"https:\/\/vieassociative.be\/actualites\/lettre-a-la-redaction-pour-une-production-denergie-locale-et-decentralisee\/#primaryimage\"},\"thumbnailUrl\":\"https:\/\/vieassociative.be\/actualites\/wp-content\/uploads\/2024\/11\/LETTRE-A-LA-REDACTION-\u2013-Audi-Bruxelles-dernier-avertissement-du.jpeg\",\"keywords\":[\"d\u00e9centralis\u00e9e\",\"d\u00e9nergie\",\"lettre\",\"locale\",\"pour\",\"production\",\"R\u00c9DACTION\",\"une\"],\"articleSection\":[\"Belgique\"],\"inLanguage\":\"fr-BE\"},{\"@type\":\"WebPage\",\"@id\":\"https:\/\/vieassociative.be\/actualites\/lettre-a-la-redaction-pour-une-production-denergie-locale-et-decentralisee\/\",\"url\":\"https:\/\/vieassociative.be\/actualites\/lettre-a-la-redaction-pour-une-production-denergie-locale-et-decentralisee\/\",\"name\":\"LETTRE \u00c0 LA R\u00c9DACTION \u2013 Pour une production d\u2019\u00e9nergie locale et d\u00e9centralis\u00e9e | Vie Associative\",\"isPartOf\":{\"@id\":\"https:\/\/vieassociative.be\/actualites\/#website\"},\"primaryImageOfPage\":{\"@id\":\"https:\/\/vieassociative.be\/actualites\/lettre-a-la-redaction-pour-une-production-denergie-locale-et-decentralisee\/#primaryimage\"},\"image\":{\"@id\":\"https:\/\/vieassociative.be\/actualites\/lettre-a-la-redaction-pour-une-production-denergie-locale-et-decentralisee\/#primaryimage\"},\"thumbnailUrl\":\"https:\/\/vieassociative.be\/actualites\/wp-content\/uploads\/2024\/11\/LETTRE-A-LA-REDACTION-\u2013-Audi-Bruxelles-dernier-avertissement-du.jpeg\",\"datePublished\":\"2026-04-21T15:18:24+00:00\",\"dateModified\":\"2026-04-21T15:18:24+00:00\",\"breadcrumb\":{\"@id\":\"https:\/\/vieassociative.be\/actualites\/lettre-a-la-redaction-pour-une-production-denergie-locale-et-decentralisee\/#breadcrumb\"},\"inLanguage\":\"fr-BE\",\"potentialAction\":[{\"@type\":\"ReadAction\",\"target\":[\"https:\/\/vieassociative.be\/actualites\/lettre-a-la-redaction-pour-une-production-denergie-locale-et-decentralisee\/\"]}]},{\"@type\":\"ImageObject\",\"inLanguage\":\"fr-BE\",\"@id\":\"https:\/\/vieassociative.be\/actualites\/lettre-a-la-redaction-pour-une-production-denergie-locale-et-decentralisee\/#primaryimage\",\"url\":\"https:\/\/vieassociative.be\/actualites\/wp-content\/uploads\/2024\/11\/LETTRE-A-LA-REDACTION-\u2013-Audi-Bruxelles-dernier-avertissement-du.jpeg\",\"contentUrl\":\"https:\/\/vieassociative.be\/actualites\/wp-content\/uploads\/2024\/11\/LETTRE-A-LA-REDACTION-\u2013-Audi-Bruxelles-dernier-avertissement-du.jpeg\",\"width\":1024,\"height\":747,\"caption\":\"LETTRE \u00c0 LA R\u00c9DACTION \u2013 Audi Bruxelles, dernier avertissement du gouffre\"},{\"@type\":\"BreadcrumbList\",\"@id\":\"https:\/\/vieassociative.be\/actualites\/lettre-a-la-redaction-pour-une-production-denergie-locale-et-decentralisee\/#breadcrumb\",\"itemListElement\":[{\"@type\":\"ListItem\",\"position\":1,\"name\":\"Accueil\",\"item\":\"https:\/\/vieassociative.be\/actualites\/\"},{\"@type\":\"ListItem\",\"position\":2,\"name\":\"LETTRE \u00c0 LA R\u00c9DACTION \u2013 Pour une production d\u2019\u00e9nergie locale et d\u00e9centralis\u00e9e\"}]},{\"@type\":\"WebSite\",\"@id\":\"https:\/\/vieassociative.be\/actualites\/#website\",\"url\":\"https:\/\/vieassociative.be\/actualites\/\",\"name\":\"Vie Associative\",\"description\":\"\",\"publisher\":{\"@id\":\"https:\/\/vieassociative.be\/actualites\/#organization\"},\"potentialAction\":[{\"@type\":\"SearchAction\",\"target\":{\"@type\":\"EntryPoint\",\"urlTemplate\":\"https:\/\/vieassociative.be\/actualites\/?s={search_term_string}\"},\"query-input\":{\"@type\":\"PropertyValueSpecification\",\"valueRequired\":true,\"valueName\":\"search_term_string\"}}],\"inLanguage\":\"fr-BE\"},{\"@type\":\"Organization\",\"@id\":\"https:\/\/vieassociative.be\/actualites\/#organization\",\"name\":\"Vie Associative\",\"url\":\"https:\/\/vieassociative.be\/actualites\/\",\"logo\":{\"@type\":\"ImageObject\",\"inLanguage\":\"fr-BE\",\"@id\":\"https:\/\/vieassociative.be\/actualites\/#\/schema\/logo\/image\/\",\"url\":\"https:\/\/vieassociative.be\/actualites\/wp-content\/uploads\/2024\/09\/cropped-vieassociative_favicon.ico.png\",\"contentUrl\":\"https:\/\/vieassociative.be\/actualites\/wp-content\/uploads\/2024\/09\/cropped-vieassociative_favicon.ico.png\",\"width\":512,\"height\":512,\"caption\":\"Vie Associative\"},\"image\":{\"@id\":\"https:\/\/vieassociative.be\/actualites\/#\/schema\/logo\/image\/\"}},{\"@type\":\"Person\",\"@id\":\"https:\/\/vieassociative.be\/actualites\/#\/schema\/person\/b87ac4f82f9d4e7b7cec7395b679edc4\",\"name\":\"Julien\",\"image\":{\"@type\":\"ImageObject\",\"inLanguage\":\"fr-BE\",\"@id\":\"https:\/\/vieassociative.be\/actualites\/#\/schema\/person\/image\/\",\"url\":\"https:\/\/vieassociative.be\/actualites\/wp-content\/uploads\/2024\/09\/vie-associative-1-150x150.jpg\",\"contentUrl\":\"https:\/\/vieassociative.be\/actualites\/wp-content\/uploads\/2024\/09\/vie-associative-1-150x150.jpg\",\"caption\":\"Julien\"},\"description\":\"Je suis Julien, r\u00e9dacteur pour Vie Associative. Passionn\u00e9 par le monde associatif depuis plus de 10 ans, j'ai \u00e0 c\u0153ur de partager des histoires inspirantes et de mettre en lumi\u00e8re les initiatives locales. Mon objectif est de sensibiliser et d'encourager l'engagement communautaire \u00e0 travers mes articles.\",\"sameAs\":[\"https:\/\/vieassociative.be\/\"]}]}<\/script>\n<!-- \/ Yoast SEO plugin. -->","yoast_head_json":{"title":"LETTRE \u00c0 LA R\u00c9DACTION \u2013 Pour une production d\u2019\u00e9nergie locale et d\u00e9centralis\u00e9e | Vie Associative","robots":{"index":"index","follow":"follow","max-snippet":"max-snippet:-1","max-image-preview":"max-image-preview:large","max-video-preview":"max-video-preview:-1"},"canonical":"https:\/\/vieassociative.be\/actualites\/lettre-a-la-redaction-pour-une-production-denergie-locale-et-decentralisee\/","og_locale":"fr_FR","og_type":"article","og_title":"LETTRE \u00c0 LA R\u00c9DACTION \u2013 Pour une production d\u2019\u00e9nergie locale et d\u00e9centralis\u00e9e | Vie Associative","og_description":"Compte tenu des prix \u00e9lev\u00e9s actuels de l\u2019\u00e9nergie, une question simple mais cruciale se pose : n\u2019est-il pas temps d\u2019identifier honn\u00eatement les erreurs du pass\u00e9","og_url":"https:\/\/vieassociative.be\/actualites\/lettre-a-la-redaction-pour-une-production-denergie-locale-et-decentralisee\/","og_site_name":"Vie Associative","article_published_time":"2026-04-21T15:18:24+00:00","og_image":[{"width":279,"height":92,"url":"https:\/\/vieassociative.be\/actualites\/wp-content\/uploads\/2024\/09\/header_backgroundk-01-e1726694325946.png","type":"image\/png"}],"author":"Julien","twitter_card":"summary_large_image","twitter_misc":{"\u00c9crit par":"Julien","Dur\u00e9e de lecture est.":"2 minutes"},"schema":{"@context":"https:\/\/schema.org","@graph":[{"@type":"Article","@id":"https:\/\/vieassociative.be\/actualites\/lettre-a-la-redaction-pour-une-production-denergie-locale-et-decentralisee\/#article","isPartOf":{"@id":"https:\/\/vieassociative.be\/actualites\/lettre-a-la-redaction-pour-une-production-denergie-locale-et-decentralisee\/"},"author":{"name":"Julien","@id":"https:\/\/vieassociative.be\/actualites\/#\/schema\/person\/b87ac4f82f9d4e7b7cec7395b679edc4"},"headline":"LETTRE \u00c0 LA R\u00c9DACTION \u2013 Pour une production d\u2019\u00e9nergie locale et d\u00e9centralis\u00e9e","datePublished":"2026-04-21T15:18:24+00:00","dateModified":"2026-04-21T15:18:24+00:00","mainEntityOfPage":{"@id":"https:\/\/vieassociative.be\/actualites\/lettre-a-la-redaction-pour-une-production-denergie-locale-et-decentralisee\/"},"wordCount":457,"publisher":{"@id":"https:\/\/vieassociative.be\/actualites\/#organization"},"image":{"@id":"https:\/\/vieassociative.be\/actualites\/lettre-a-la-redaction-pour-une-production-denergie-locale-et-decentralisee\/#primaryimage"},"thumbnailUrl":"https:\/\/vieassociative.be\/actualites\/wp-content\/uploads\/2024\/11\/LETTRE-A-LA-REDACTION-\u2013-Audi-Bruxelles-dernier-avertissement-du.jpeg","keywords":["d\u00e9centralis\u00e9e","d\u00e9nergie","lettre","locale","pour","production","R\u00c9DACTION","une"],"articleSection":["Belgique"],"inLanguage":"fr-BE"},{"@type":"WebPage","@id":"https:\/\/vieassociative.be\/actualites\/lettre-a-la-redaction-pour-une-production-denergie-locale-et-decentralisee\/","url":"https:\/\/vieassociative.be\/actualites\/lettre-a-la-redaction-pour-une-production-denergie-locale-et-decentralisee\/","name":"LETTRE \u00c0 LA R\u00c9DACTION \u2013 Pour une production d\u2019\u00e9nergie locale et d\u00e9centralis\u00e9e | Vie Associative","isPartOf":{"@id":"https:\/\/vieassociative.be\/actualites\/#website"},"primaryImageOfPage":{"@id":"https:\/\/vieassociative.be\/actualites\/lettre-a-la-redaction-pour-une-production-denergie-locale-et-decentralisee\/#primaryimage"},"image":{"@id":"https:\/\/vieassociative.be\/actualites\/lettre-a-la-redaction-pour-une-production-denergie-locale-et-decentralisee\/#primaryimage"},"thumbnailUrl":"https:\/\/vieassociative.be\/actualites\/wp-content\/uploads\/2024\/11\/LETTRE-A-LA-REDACTION-\u2013-Audi-Bruxelles-dernier-avertissement-du.jpeg","datePublished":"2026-04-21T15:18:24+00:00","dateModified":"2026-04-21T15:18:24+00:00","breadcrumb":{"@id":"https:\/\/vieassociative.be\/actualites\/lettre-a-la-redaction-pour-une-production-denergie-locale-et-decentralisee\/#breadcrumb"},"inLanguage":"fr-BE","potentialAction":[{"@type":"ReadAction","target":["https:\/\/vieassociative.be\/actualites\/lettre-a-la-redaction-pour-une-production-denergie-locale-et-decentralisee\/"]}]},{"@type":"ImageObject","inLanguage":"fr-BE","@id":"https:\/\/vieassociative.be\/actualites\/lettre-a-la-redaction-pour-une-production-denergie-locale-et-decentralisee\/#primaryimage","url":"https:\/\/vieassociative.be\/actualites\/wp-content\/uploads\/2024\/11\/LETTRE-A-LA-REDACTION-\u2013-Audi-Bruxelles-dernier-avertissement-du.jpeg","contentUrl":"https:\/\/vieassociative.be\/actualites\/wp-content\/uploads\/2024\/11\/LETTRE-A-LA-REDACTION-\u2013-Audi-Bruxelles-dernier-avertissement-du.jpeg","width":1024,"height":747,"caption":"LETTRE \u00c0 LA R\u00c9DACTION \u2013 Audi Bruxelles, dernier avertissement du gouffre"},{"@type":"BreadcrumbList","@id":"https:\/\/vieassociative.be\/actualites\/lettre-a-la-redaction-pour-une-production-denergie-locale-et-decentralisee\/#breadcrumb","itemListElement":[{"@type":"ListItem","position":1,"name":"Accueil","item":"https:\/\/vieassociative.be\/actualites\/"},{"@type":"ListItem","position":2,"name":"LETTRE \u00c0 LA R\u00c9DACTION \u2013 Pour une production d\u2019\u00e9nergie locale et d\u00e9centralis\u00e9e"}]},{"@type":"WebSite","@id":"https:\/\/vieassociative.be\/actualites\/#website","url":"https:\/\/vieassociative.be\/actualites\/","name":"Vie Associative","description":"","publisher":{"@id":"https:\/\/vieassociative.be\/actualites\/#organization"},"potentialAction":[{"@type":"SearchAction","target":{"@type":"EntryPoint","urlTemplate":"https:\/\/vieassociative.be\/actualites\/?s={search_term_string}"},"query-input":{"@type":"PropertyValueSpecification","valueRequired":true,"valueName":"search_term_string"}}],"inLanguage":"fr-BE"},{"@type":"Organization","@id":"https:\/\/vieassociative.be\/actualites\/#organization","name":"Vie Associative","url":"https:\/\/vieassociative.be\/actualites\/","logo":{"@type":"ImageObject","inLanguage":"fr-BE","@id":"https:\/\/vieassociative.be\/actualites\/#\/schema\/logo\/image\/","url":"https:\/\/vieassociative.be\/actualites\/wp-content\/uploads\/2024\/09\/cropped-vieassociative_favicon.ico.png","contentUrl":"https:\/\/vieassociative.be\/actualites\/wp-content\/uploads\/2024\/09\/cropped-vieassociative_favicon.ico.png","width":512,"height":512,"caption":"Vie Associative"},"image":{"@id":"https:\/\/vieassociative.be\/actualites\/#\/schema\/logo\/image\/"}},{"@type":"Person","@id":"https:\/\/vieassociative.be\/actualites\/#\/schema\/person\/b87ac4f82f9d4e7b7cec7395b679edc4","name":"Julien","image":{"@type":"ImageObject","inLanguage":"fr-BE","@id":"https:\/\/vieassociative.be\/actualites\/#\/schema\/person\/image\/","url":"https:\/\/vieassociative.be\/actualites\/wp-content\/uploads\/2024\/09\/vie-associative-1-150x150.jpg","contentUrl":"https:\/\/vieassociative.be\/actualites\/wp-content\/uploads\/2024\/09\/vie-associative-1-150x150.jpg","caption":"Julien"},"description":"Je suis Julien, r\u00e9dacteur pour Vie Associative. Passionn\u00e9 par le monde associatif depuis plus de 10 ans, j'ai \u00e0 c\u0153ur de partager des histoires inspirantes et de mettre en lumi\u00e8re les initiatives locales. Mon objectif est de sensibiliser et d'encourager l'engagement communautaire \u00e0 travers mes articles.","sameAs":["https:\/\/vieassociative.be\/"]}]}},"_links":{"self":[{"href":"https:\/\/vieassociative.be\/actualites\/wp-json\/wp\/v2\/posts\/13528"}],"collection":[{"href":"https:\/\/vieassociative.be\/actualites\/wp-json\/wp\/v2\/posts"}],"about":[{"href":"https:\/\/vieassociative.be\/actualites\/wp-json\/wp\/v2\/types\/post"}],"author":[{"embeddable":true,"href":"https:\/\/vieassociative.be\/actualites\/wp-json\/wp\/v2\/users\/1"}],"replies":[{"embeddable":true,"href":"https:\/\/vieassociative.be\/actualites\/wp-json\/wp\/v2\/comments?post=13528"}],"version-history":[{"count":0,"href":"https:\/\/vieassociative.be\/actualites\/wp-json\/wp\/v2\/posts\/13528\/revisions"}],"wp:featuredmedia":[{"embeddable":true,"href":"https:\/\/vieassociative.be\/actualites\/wp-json\/wp\/v2\/media\/2567"}],"wp:attachment":[{"href":"https:\/\/vieassociative.be\/actualites\/wp-json\/wp\/v2\/media?parent=13528"}],"wp:term":[{"taxonomy":"category","embeddable":true,"href":"https:\/\/vieassociative.be\/actualites\/wp-json\/wp\/v2\/categories?post=13528"},{"taxonomy":"post_tag","embeddable":true,"href":"https:\/\/vieassociative.be\/actualites\/wp-json\/wp\/v2\/tags?post=13528"}],"curies":[{"name":"wp","href":"https:\/\/api.w.org\/{rel}","templated":true}]}}