{"id":13522,"date":"2026-04-21T04:18:29","date_gmt":"2026-04-21T02:18:29","guid":{"rendered":"https:\/\/vieassociative.be\/actualites\/cette-camera-a-projecteur-clignotant-lumineuse-et-puissante-est-actuellement-a-moitie-desactivee\/"},"modified":"2026-04-21T04:18:29","modified_gmt":"2026-04-21T02:18:29","slug":"cette-camera-a-projecteur-clignotant-lumineuse-et-puissante-est-actuellement-a-moitie-desactivee","status":"publish","type":"post","link":"https:\/\/vieassociative.be\/actualites\/cette-camera-a-projecteur-clignotant-lumineuse-et-puissante-est-actuellement-a-moitie-desactivee\/","title":{"rendered":"Cette cam\u00e9ra \u00e0 projecteur clignotant lumineuse et puissante est actuellement \u00e0 moiti\u00e9 d\u00e9sactiv\u00e9e"},"content":{"rendered":"<p>Nous pouvons gagner une commission sur les liens sur cette page. Les prix et la disponibilit\u00e9 de l&rsquo;offre sont sujets \u00e0 changement apr\u00e8s la publication.<\/p>\n<p>Lors du choix d&rsquo;un syst\u00e8me de s\u00e9curit\u00e9 domestique, l&rsquo;\u00e9clairage ext\u00e9rieur est un aspect souvent n\u00e9glig\u00e9 qui est plus important qu&rsquo;on ne le pense. Les cam\u00e9ras Floodlight offrent une tranquillit\u00e9 d&rsquo;esprit accrue la nuit tomb\u00e9e en combinant un \u00e9clairage LED brillant avec une surveillance vid\u00e9o HD, offrant aux propri\u00e9taires et aux locataires une meilleure visibilit\u00e9 nocturne et un enregistrement activ\u00e9 par le mouvement. De plus, l&rsquo;\u00e9clairage sert de moyen de dissuasion efficace contre les intrus. La cam\u00e9ra \u00e0 projecteur filaire Blink est l&rsquo;une des options sans fioritures les plus populaires dans cette cat\u00e9gorie, et elle est actuellement \u00e0 55 % de r\u00e9duction, ce qui ram\u00e8ne son prix \u00e0 44,99 $ (99,99 $ \u00e0 l&rsquo;origine). C&rsquo;est le prix le plus bas jamais enregistr\u00e9 pour ce mod\u00e8le, selon les outils de suivi des prix.<\/p>\n<div class=\"pogoClear mb-12 mt-10 rounded-md border-2 border-gray-100 py-7 shadow-xl md:py-6\">\n<div class=\"flex flex-wrap justify-between px-7 text-black no-underline md:flex-nowrap md:px-8\">\n<div class=\"order-1 mx-auto flex flex-col justify-center md:order-2 md:ml-4 md:w-full md:grow\">\n<div class=\"block cursor-pointer text-center font-akshar text-2xl font-medium leading-7 text-brand-green duration-200 ease-in-out hover:text-brand-green-700 md:text-left md:text-xl md:leading-6\">Cam\u00e9ra \u00e0 projecteur filaire Blink\n                <\/div>\n<div class=\"mt-4 hidden md:flex md:justify-between\">\n<div class=\"self-end\">\n<div class=\"mb-0 h-11 md:flex md:flex-col md:justify-center\">\n<div class=\" font-sans leading-4 text-black\">\n<div class=\"flex flex-wrap items-center justify-center gap-1 md:justify-start\">\n        <span class=\"font-bold\"><\/p>\n<p>            49,99\u00a0$<br \/>\n                            <span class=\"font-medium\">chez Amazon<\/span><br \/>\n                    <\/span>\n            <\/div>\n<div class=\"flex items-center justify-center gap-x-1 font-bold md:justify-start\">\n            <span class=\"text-sm line-through\">99,99\u00a0$<\/span><br \/>\n            <span class=\"text-sm text-brand-green\">\u00c9conomisez 50,00\u00a0$<\/span>\n        <\/div>\n<\/p><\/div>\n<\/p><\/div>\n<\/p><\/div>\n<div class=\"w-44 self-end\">\n                            <button class=\"flex justify-center items-center w-full bg-brand-green text-white text-base font-sans font-medium rounded-md hover:bg-brand-green-700 hover:cursor-pointer md:text-sm h-11\"><\/p>\n<p>    Obtenez une offre<br \/>\n<\/button>\n                        <\/div>\n<\/p><\/div>\n<\/p><\/div>\n<div class=\"order-2 mt-5 h-auto w-full md:order-1 md:mt-0 md:hidden\">\n<div class=\"flex aspect-video items-center justify-center\">\n                                            <img decoding=\"async\" class=\"m-0 max-h-full max-w-full rounded-md\" src=\"https:\/\/vieassociative.be\/actualites\/wp-content\/uploads\/2026\/04\/Cette-camera-a-projecteur-clignotant-lumineuse-et-puissante-est-actuellement.jpg\" alt=\"Cam\u00e9ra \u00e0 projecteur filaire Blink\" width=\"auto\" height=\"auto\" loading=\"lazy\">\n                                    <\/div>\n<\/p><\/div>\n<div class=\"order-2 ml-2 hidden w-32 shrink-0 items-center md:order-1 md:ml-0 md:flex\">\n<div class=\"flex aspect-video items-center justify-center\">\n                                            <img decoding=\"async\" class=\"m-0 max-h-full max-w-full rounded-md\" src=\"https:\/\/vieassociative.be\/actualites\/wp-content\/uploads\/2026\/04\/Cette-camera-a-projecteur-clignotant-lumineuse-et-puissante-est-actuellement.jpg\" alt=\"Cam\u00e9ra \u00e0 projecteur filaire Blink\" width=\"auto\" height=\"auto\" loading=\"lazy\">\n                                    <\/div>\n<\/p><\/div>\n<div class=\"order-3 flex grow flex-wrap md:hidden md:grow-0\">\n<div class=\"mt-4 w-full\">\n                        <button class=\"flex justify-center items-center w-full bg-brand-green text-white text-base font-sans font-medium rounded-md hover:bg-brand-green-700 hover:cursor-pointer md:text-sm h-11\"><\/p>\n<p>    Obtenez une offre<br \/>\n<\/button>\n                    <\/div>\n<div class=\"mx-2 mt-4 w-full\">\n<div class=\" font-sans leading-4 text-black\">\n<div class=\"flex flex-wrap items-center justify-center gap-1 md:justify-start\">\n        <span class=\"font-bold\"><\/p>\n<p>            49,99\u00a0$<br \/>\n                            <span class=\"font-medium\">chez Amazon<\/span><br \/>\n                    <\/span>\n            <\/div>\n<div class=\"flex items-center justify-center gap-x-1 font-bold md:justify-start\">\n            <span class=\"text-sm line-through\">99,99\u00a0$<\/span><br \/>\n            <span class=\"text-sm text-brand-green\">\u00c9conomisez 50,00\u00a0$<\/span>\n        <\/div>\n<\/p><\/div>\n<\/p><\/div>\n<\/p><\/div>\n<\/p><\/div>\n<\/div>\n<p>Avec une note \u00ab Excellent \u00bb de PCMag, cette cam\u00e9ra de s\u00e9curit\u00e9 intelligente polyvalente offre une vid\u00e9o HD 1080p, un audio bidirectionnel, des alertes de mouvement et une sir\u00e8ne int\u00e9gr\u00e9e de 105 dB, couvrant tous les \u00e9l\u00e9ments essentiels pour tenir les intrus \u00e0 distance. Bien que l&rsquo;enregistrement ne soit pas aussi net qu&rsquo;avec une cam\u00e9ra 2K, la luminosit\u00e9 combin\u00e9e de 2 600 lumens qu&rsquo;elle produit est impressionnante et offre une forte visibilit\u00e9. L&rsquo;indice IP n&rsquo;est pas sp\u00e9cifi\u00e9, mais il est class\u00e9 comme r\u00e9sistant aux intemp\u00e9ries. Il poss\u00e8de un champ de vision de 143 degr\u00e9s et utilise des LED infrarouges pour une vision nocturne en noir et blanc. Il n&rsquo;y a pas de fonctionnalit\u00e9s d&rsquo;IA avanc\u00e9es ici, ce qui se refl\u00e8te dans le prix inf\u00e9rieur \u00e0 50 $.<\/p>\n<p>Bien que vous puissiez regarder jusqu&rsquo;\u00e0 cinq minutes de vid\u00e9o en direct \u00e0 la fois et recevoir des notifications de mouvement, d&rsquo;autres fonctionnalit\u00e9s n\u00e9cessiteront un abonnement payant \u00e0 Blink. Le forfait de base co\u00fbte 3,99 $ par mois ou 39,99 $ par an et offre 60 jours d&rsquo;historique vid\u00e9o, 90 minutes de diffusion en direct continue et un enregistrement en direct\u00a0; le plan Plus, plus cher (11,99 $ par mois), d\u00e9bloque toutes les fonctionnalit\u00e9s et est accompagn\u00e9 d&rsquo;une garantie prolong\u00e9e. Comme plan de stockage alternatif, vous pouvez acheter le hub Blink Sync Module 2 moyennant des frais uniques. La cam\u00e9ra est compatible avec Alexa et une vari\u00e9t\u00e9 d&rsquo;appareils intelligents via IFTTT, mais pas avec Apple HomeKit ou Google Assistant.<\/p>\n<p>PCMag qualifie les performances de \u00ab fiables \u00bb et, bien que l&rsquo;installation ne soit pas trop difficile, elle n&rsquo;est pas aussi simple \u00e0 configurer qu&rsquo;un mod\u00e8le aliment\u00e9 par batterie. Vous souhaiterez donc peut-\u00eatre embaucher un professionnel pour l&rsquo;installer si travailler avec le c\u00e2blage \u00e9lectrique vous rend nerveux. En fin de compte, si vous cherchez \u00e0 remplacer un projecteur traditionnel ou si vous utilisez d\u00e9j\u00e0 des appareils Blink, la cam\u00e9ra \u00e0 projecteur filaire Blink est une option lumineuse, abordable et fiable avec l&rsquo;avantage suppl\u00e9mentaire d&rsquo;une sir\u00e8ne puissante et d&rsquo;une commande vocale. Cependant, si vous avez besoin de fonctionnalit\u00e9s telles que le stockage dans le cloud ou la d\u00e9tection de personnes, vous aurez besoin d&rsquo;un abonnement.<\/p>\n<div class=\" relative flex justify-center py-16 md:left-1\/2 md:w-(780px) md:max-w-max md:-translate-x-1\/2\">\n<div class=\"w-max text-center sm:text-left\">\n<div class=\"custom-gradient-background mb-6 rounded-md p-(2px) sm:rounded-tl-none\">\n<div class=\"flex flex-col rounded bg-white sm:rounded-tl-none\">\n                    <span class=\"-mt-4 block w-fit max-w-(calc(100%-1rem)) self-center bg-white px-3 text-center font-akshar text-xl font-medium capitalize text-gray-800 sm:max-w-(calc(100%-2.5rem)) sm:self-start sm:px-10 sm:text-left sm:text-2xl\">Nos meilleures offres technologiques approuv\u00e9es par les \u00e9diteurs en ce moment<\/span><\/p>\n<div class=\"flex flex-col gap-3 p-3 pb-4 text-sm sm:p-10 sm:pt-6 sm:text-justify sm:text-base\">\n<div>\n<p>    \u00c9couteurs sans fil Apple AirPods Pro 3 \u00e0 r\u00e9duction de bruit et fr\u00e9quence cardiaque<\/p>\n<p>                                <span class=\"text-black\"><br \/>\n                                    \u2014<br \/>\n                                    <span class=\"font-bold\">199,99\u00a0$<\/span><br \/>\n                                    <span class=\"!text-xs italic sm:!text-sm\"><\/p>\n<p>                                        (Prix catalogue 249,00 $)<br \/>\n                                    <\/span><br \/>\n                                <\/span>\n                            <\/div>\n<div>\n<p>    Tablette Wi-Fi Apple iPad 11 po A16 128 Go (argent\u00e9, 2025)<\/p>\n<p>                                <span class=\"text-black\"><br \/>\n                                    \u2014<br \/>\n                                    <span class=\"font-bold\">299,00\u00a0$<\/span><br \/>\n                                    <span class=\"!text-xs italic sm:!text-sm\"><\/p>\n<p>                                        (Prix catalogue 349,00 $)<br \/>\n                                    <\/span><br \/>\n                                <\/span>\n                            <\/div>\n<div>\n<p>    Apple Watch Series 11 (GPS, 42 mm, bracelet sport noir S\/M)<\/p>\n<p>                                <span class=\"text-black\"><br \/>\n                                    \u2014<br \/>\n                                    <span class=\"font-bold\">299,00\u00a0$<\/span><br \/>\n                                    <span class=\"!text-xs italic sm:!text-sm\"><\/p>\n<p>                                        (Prix catalogue 399,00 $)<br \/>\n                                    <\/span><br \/>\n                                <\/span>\n                            <\/div>\n<div>\n<p>    Barre de son Amazon Fire TV<\/p>\n<p>                                <span class=\"text-black\"><br \/>\n                                    \u2014<br \/>\n                                    <span class=\"font-bold\">99,99\u00a0$<\/span><br \/>\n                                    <span class=\"!text-xs italic sm:!text-sm\"><\/p>\n<p>                                        (Prix catalogue 119,99 $)<br \/>\n                                    <\/span><br \/>\n                                <\/span>\n                            <\/div>\n<div>\n<p>    Sonnette vid\u00e9o sans fil Blink (mod\u00e8le le plus r\u00e9cent) + module de synchronisation<\/p>\n<p>                                <span class=\"text-black\"><br \/>\n                                    \u2014<br \/>\n                                    <span class=\"font-bold\">35,99\u00a0$<\/span><br \/>\n                                    <span class=\"!text-xs italic sm:!text-sm\"><\/p>\n<p>                                        (Prix catalogue 69,99 $)<br \/>\n                                    <\/span><br \/>\n                                <\/span>\n                            <\/div>\n<div>\n<p>    Ring Indoor Cam (2e g\u00e9n\u00e9ration, paquet de 2, blanc)<\/p>\n<p>                                <span class=\"text-black\"><br \/>\n                                    \u2014<br \/>\n                                    <span class=\"font-bold\">59,98\u00a0$<\/span><br \/>\n                                    <span class=\"!text-xs italic sm:!text-sm\"><\/p>\n<p>                                        (Prix catalogue 79,99 $)<br \/>\n                                    <\/span><br \/>\n                                <\/span>\n                            <\/div>\n<\/p><\/div>\n<\/p><\/div>\n<\/p><\/div>\n<div class=\"flex flex-col items-center justify-between text-black sm:flex-row sm:px-6\">\n                <span class=\"text-xs italic sm:ml-7 sm:text-sm\">Les offres sont s\u00e9lectionn\u00e9es par notre \u00e9quipe commerciale<\/span><\/p><\/div>\n<\/p><\/div>\n<\/p><\/div>\n","protected":false},"excerpt":{"rendered":"<p>Nous pouvons gagner une commission sur les liens sur cette page. Les prix et la disponibilit\u00e9 de l&rsquo;offre sont sujets \u00e0 changement apr\u00e8s la publication.<\/p>\n","protected":false},"author":1,"featured_media":13523,"comment_status":"","ping_status":"","sticky":false,"template":"","format":"standard","meta":{"footnotes":""},"categories":[13],"tags":[19,1487,206,10528,10530,76,4880,4637,1560,10529],"class_list":["post-13522","post","type-post","status-publish","format-standard","has-post-thumbnail","hentry","category-technologie","tag-actuellement","tag-camera","tag-cette","tag-clignotant","tag-desactivee","tag-est","tag-lumineuse","tag-moitie","tag-projecteur","tag-puissante","generate-columns","tablet-grid-50","mobile-grid-100","grid-parent","grid-33"],"yoast_head":"<!-- This site is optimized with the Yoast SEO plugin v24.0 - https:\/\/yoast.com\/wordpress\/plugins\/seo\/ -->\n<title>Cette cam\u00e9ra \u00e0 projecteur clignotant lumineuse et puissante est actuellement \u00e0 moiti\u00e9 d\u00e9sactiv\u00e9e | Vie Associative<\/title>\n<meta name=\"robots\" content=\"index, follow, max-snippet:-1, max-image-preview:large, max-video-preview:-1\" \/>\n<link rel=\"canonical\" href=\"https:\/\/vieassociative.be\/actualites\/cette-camera-a-projecteur-clignotant-lumineuse-et-puissante-est-actuellement-a-moitie-desactivee\/\" \/>\n<meta property=\"og:locale\" content=\"fr_FR\" \/>\n<meta property=\"og:type\" content=\"article\" \/>\n<meta property=\"og:title\" content=\"Cette cam\u00e9ra \u00e0 projecteur clignotant lumineuse et puissante est actuellement \u00e0 moiti\u00e9 d\u00e9sactiv\u00e9e | Vie Associative\" \/>\n<meta property=\"og:description\" content=\"Nous pouvons gagner une commission sur les liens sur cette page. Les prix et la disponibilit\u00e9 de l&rsquo;offre sont sujets \u00e0 changement apr\u00e8s la publication.\" \/>\n<meta property=\"og:url\" content=\"https:\/\/vieassociative.be\/actualites\/cette-camera-a-projecteur-clignotant-lumineuse-et-puissante-est-actuellement-a-moitie-desactivee\/\" \/>\n<meta property=\"og:site_name\" content=\"Vie Associative\" \/>\n<meta property=\"article:published_time\" content=\"2026-04-21T02:18:29+00:00\" \/>\n<meta property=\"og:image\" content=\"https:\/\/vieassociative.be\/actualites\/wp-content\/uploads\/2026\/04\/Cette-camera-a-projecteur-clignotant-lumineuse-et-puissante-est-actuellement.jpg\" \/>\n<meta name=\"author\" content=\"Julien\" \/>\n<meta name=\"twitter:card\" content=\"summary_large_image\" \/>\n<meta name=\"twitter:label1\" content=\"\u00c9crit par\" \/>\n\t<meta name=\"twitter:data1\" content=\"Julien\" \/>\n\t<meta name=\"twitter:label2\" content=\"Dur\u00e9e de lecture est.\" \/>\n\t<meta name=\"twitter:data2\" content=\"3 minutes\" \/>\n<script type=\"application\/ld+json\" class=\"yoast-schema-graph\">{\"@context\":\"https:\/\/schema.org\",\"@graph\":[{\"@type\":\"Article\",\"@id\":\"https:\/\/vieassociative.be\/actualites\/cette-camera-a-projecteur-clignotant-lumineuse-et-puissante-est-actuellement-a-moitie-desactivee\/#article\",\"isPartOf\":{\"@id\":\"https:\/\/vieassociative.be\/actualites\/cette-camera-a-projecteur-clignotant-lumineuse-et-puissante-est-actuellement-a-moitie-desactivee\/\"},\"author\":{\"name\":\"Julien\",\"@id\":\"https:\/\/vieassociative.be\/actualites\/#\/schema\/person\/b87ac4f82f9d4e7b7cec7395b679edc4\"},\"headline\":\"Cette cam\u00e9ra \u00e0 projecteur clignotant lumineuse et puissante est actuellement \u00e0 moiti\u00e9 d\u00e9sactiv\u00e9e\",\"datePublished\":\"2026-04-21T02:18:29+00:00\",\"dateModified\":\"2026-04-21T02:18:29+00:00\",\"mainEntityOfPage\":{\"@id\":\"https:\/\/vieassociative.be\/actualites\/cette-camera-a-projecteur-clignotant-lumineuse-et-puissante-est-actuellement-a-moitie-desactivee\/\"},\"wordCount\":686,\"publisher\":{\"@id\":\"https:\/\/vieassociative.be\/actualites\/#organization\"},\"image\":{\"@id\":\"https:\/\/vieassociative.be\/actualites\/cette-camera-a-projecteur-clignotant-lumineuse-et-puissante-est-actuellement-a-moitie-desactivee\/#primaryimage\"},\"thumbnailUrl\":\"https:\/\/vieassociative.be\/actualites\/wp-content\/uploads\/2026\/04\/Cette-camera-a-projecteur-clignotant-lumineuse-et-puissante-est-actuellement.png\",\"keywords\":[\"actuellement\",\"cam\u00e9ra\",\"cette\",\"clignotant\",\"d\u00e9sactiv\u00e9e\",\"est\",\"Lumineuse\",\"moiti\u00e9\",\"projecteur\",\"puissante\"],\"articleSection\":[\"Technologie\"],\"inLanguage\":\"fr-BE\"},{\"@type\":\"WebPage\",\"@id\":\"https:\/\/vieassociative.be\/actualites\/cette-camera-a-projecteur-clignotant-lumineuse-et-puissante-est-actuellement-a-moitie-desactivee\/\",\"url\":\"https:\/\/vieassociative.be\/actualites\/cette-camera-a-projecteur-clignotant-lumineuse-et-puissante-est-actuellement-a-moitie-desactivee\/\",\"name\":\"Cette cam\u00e9ra \u00e0 projecteur clignotant lumineuse et puissante est actuellement \u00e0 moiti\u00e9 d\u00e9sactiv\u00e9e | Vie Associative\",\"isPartOf\":{\"@id\":\"https:\/\/vieassociative.be\/actualites\/#website\"},\"primaryImageOfPage\":{\"@id\":\"https:\/\/vieassociative.be\/actualites\/cette-camera-a-projecteur-clignotant-lumineuse-et-puissante-est-actuellement-a-moitie-desactivee\/#primaryimage\"},\"image\":{\"@id\":\"https:\/\/vieassociative.be\/actualites\/cette-camera-a-projecteur-clignotant-lumineuse-et-puissante-est-actuellement-a-moitie-desactivee\/#primaryimage\"},\"thumbnailUrl\":\"https:\/\/vieassociative.be\/actualites\/wp-content\/uploads\/2026\/04\/Cette-camera-a-projecteur-clignotant-lumineuse-et-puissante-est-actuellement.png\",\"datePublished\":\"2026-04-21T02:18:29+00:00\",\"dateModified\":\"2026-04-21T02:18:29+00:00\",\"breadcrumb\":{\"@id\":\"https:\/\/vieassociative.be\/actualites\/cette-camera-a-projecteur-clignotant-lumineuse-et-puissante-est-actuellement-a-moitie-desactivee\/#breadcrumb\"},\"inLanguage\":\"fr-BE\",\"potentialAction\":[{\"@type\":\"ReadAction\",\"target\":[\"https:\/\/vieassociative.be\/actualites\/cette-camera-a-projecteur-clignotant-lumineuse-et-puissante-est-actuellement-a-moitie-desactivee\/\"]}]},{\"@type\":\"ImageObject\",\"inLanguage\":\"fr-BE\",\"@id\":\"https:\/\/vieassociative.be\/actualites\/cette-camera-a-projecteur-clignotant-lumineuse-et-puissante-est-actuellement-a-moitie-desactivee\/#primaryimage\",\"url\":\"https:\/\/vieassociative.be\/actualites\/wp-content\/uploads\/2026\/04\/Cette-camera-a-projecteur-clignotant-lumineuse-et-puissante-est-actuellement.png\",\"contentUrl\":\"https:\/\/vieassociative.be\/actualites\/wp-content\/uploads\/2026\/04\/Cette-camera-a-projecteur-clignotant-lumineuse-et-puissante-est-actuellement.png\",\"width\":1200,\"height\":675,\"caption\":\"Cette cam\u00e9ra \u00e0 projecteur clignotant lumineuse et puissante est actuellement \u00e0 moiti\u00e9 d\u00e9sactiv\u00e9e\"},{\"@type\":\"BreadcrumbList\",\"@id\":\"https:\/\/vieassociative.be\/actualites\/cette-camera-a-projecteur-clignotant-lumineuse-et-puissante-est-actuellement-a-moitie-desactivee\/#breadcrumb\",\"itemListElement\":[{\"@type\":\"ListItem\",\"position\":1,\"name\":\"Accueil\",\"item\":\"https:\/\/vieassociative.be\/actualites\/\"},{\"@type\":\"ListItem\",\"position\":2,\"name\":\"Cette cam\u00e9ra \u00e0 projecteur clignotant lumineuse et puissante est actuellement \u00e0 moiti\u00e9 d\u00e9sactiv\u00e9e\"}]},{\"@type\":\"WebSite\",\"@id\":\"https:\/\/vieassociative.be\/actualites\/#website\",\"url\":\"https:\/\/vieassociative.be\/actualites\/\",\"name\":\"Vie Associative\",\"description\":\"\",\"publisher\":{\"@id\":\"https:\/\/vieassociative.be\/actualites\/#organization\"},\"potentialAction\":[{\"@type\":\"SearchAction\",\"target\":{\"@type\":\"EntryPoint\",\"urlTemplate\":\"https:\/\/vieassociative.be\/actualites\/?s={search_term_string}\"},\"query-input\":{\"@type\":\"PropertyValueSpecification\",\"valueRequired\":true,\"valueName\":\"search_term_string\"}}],\"inLanguage\":\"fr-BE\"},{\"@type\":\"Organization\",\"@id\":\"https:\/\/vieassociative.be\/actualites\/#organization\",\"name\":\"Vie Associative\",\"url\":\"https:\/\/vieassociative.be\/actualites\/\",\"logo\":{\"@type\":\"ImageObject\",\"inLanguage\":\"fr-BE\",\"@id\":\"https:\/\/vieassociative.be\/actualites\/#\/schema\/logo\/image\/\",\"url\":\"https:\/\/vieassociative.be\/actualites\/wp-content\/uploads\/2024\/09\/cropped-vieassociative_favicon.ico.png\",\"contentUrl\":\"https:\/\/vieassociative.be\/actualites\/wp-content\/uploads\/2024\/09\/cropped-vieassociative_favicon.ico.png\",\"width\":512,\"height\":512,\"caption\":\"Vie Associative\"},\"image\":{\"@id\":\"https:\/\/vieassociative.be\/actualites\/#\/schema\/logo\/image\/\"}},{\"@type\":\"Person\",\"@id\":\"https:\/\/vieassociative.be\/actualites\/#\/schema\/person\/b87ac4f82f9d4e7b7cec7395b679edc4\",\"name\":\"Julien\",\"image\":{\"@type\":\"ImageObject\",\"inLanguage\":\"fr-BE\",\"@id\":\"https:\/\/vieassociative.be\/actualites\/#\/schema\/person\/image\/\",\"url\":\"https:\/\/vieassociative.be\/actualites\/wp-content\/uploads\/2024\/09\/vie-associative-1-150x150.jpg\",\"contentUrl\":\"https:\/\/vieassociative.be\/actualites\/wp-content\/uploads\/2024\/09\/vie-associative-1-150x150.jpg\",\"caption\":\"Julien\"},\"description\":\"Je suis Julien, r\u00e9dacteur pour Vie Associative. Passionn\u00e9 par le monde associatif depuis plus de 10 ans, j'ai \u00e0 c\u0153ur de partager des histoires inspirantes et de mettre en lumi\u00e8re les initiatives locales. Mon objectif est de sensibiliser et d'encourager l'engagement communautaire \u00e0 travers mes articles.\",\"sameAs\":[\"https:\/\/vieassociative.be\/\"]}]}<\/script>\n<!-- \/ Yoast SEO plugin. -->","yoast_head_json":{"title":"Cette cam\u00e9ra \u00e0 projecteur clignotant lumineuse et puissante est actuellement \u00e0 moiti\u00e9 d\u00e9sactiv\u00e9e | Vie Associative","robots":{"index":"index","follow":"follow","max-snippet":"max-snippet:-1","max-image-preview":"max-image-preview:large","max-video-preview":"max-video-preview:-1"},"canonical":"https:\/\/vieassociative.be\/actualites\/cette-camera-a-projecteur-clignotant-lumineuse-et-puissante-est-actuellement-a-moitie-desactivee\/","og_locale":"fr_FR","og_type":"article","og_title":"Cette cam\u00e9ra \u00e0 projecteur clignotant lumineuse et puissante est actuellement \u00e0 moiti\u00e9 d\u00e9sactiv\u00e9e | Vie Associative","og_description":"Nous pouvons gagner une commission sur les liens sur cette page. Les prix et la disponibilit\u00e9 de l&rsquo;offre sont sujets \u00e0 changement apr\u00e8s la publication.","og_url":"https:\/\/vieassociative.be\/actualites\/cette-camera-a-projecteur-clignotant-lumineuse-et-puissante-est-actuellement-a-moitie-desactivee\/","og_site_name":"Vie Associative","article_published_time":"2026-04-21T02:18:29+00:00","og_image":[{"url":"https:\/\/vieassociative.be\/actualites\/wp-content\/uploads\/2026\/04\/Cette-camera-a-projecteur-clignotant-lumineuse-et-puissante-est-actuellement.jpg","type":"","width":"","height":""}],"author":"Julien","twitter_card":"summary_large_image","twitter_misc":{"\u00c9crit par":"Julien","Dur\u00e9e de lecture est.":"3 minutes"},"schema":{"@context":"https:\/\/schema.org","@graph":[{"@type":"Article","@id":"https:\/\/vieassociative.be\/actualites\/cette-camera-a-projecteur-clignotant-lumineuse-et-puissante-est-actuellement-a-moitie-desactivee\/#article","isPartOf":{"@id":"https:\/\/vieassociative.be\/actualites\/cette-camera-a-projecteur-clignotant-lumineuse-et-puissante-est-actuellement-a-moitie-desactivee\/"},"author":{"name":"Julien","@id":"https:\/\/vieassociative.be\/actualites\/#\/schema\/person\/b87ac4f82f9d4e7b7cec7395b679edc4"},"headline":"Cette cam\u00e9ra \u00e0 projecteur clignotant lumineuse et puissante est actuellement \u00e0 moiti\u00e9 d\u00e9sactiv\u00e9e","datePublished":"2026-04-21T02:18:29+00:00","dateModified":"2026-04-21T02:18:29+00:00","mainEntityOfPage":{"@id":"https:\/\/vieassociative.be\/actualites\/cette-camera-a-projecteur-clignotant-lumineuse-et-puissante-est-actuellement-a-moitie-desactivee\/"},"wordCount":686,"publisher":{"@id":"https:\/\/vieassociative.be\/actualites\/#organization"},"image":{"@id":"https:\/\/vieassociative.be\/actualites\/cette-camera-a-projecteur-clignotant-lumineuse-et-puissante-est-actuellement-a-moitie-desactivee\/#primaryimage"},"thumbnailUrl":"https:\/\/vieassociative.be\/actualites\/wp-content\/uploads\/2026\/04\/Cette-camera-a-projecteur-clignotant-lumineuse-et-puissante-est-actuellement.png","keywords":["actuellement","cam\u00e9ra","cette","clignotant","d\u00e9sactiv\u00e9e","est","Lumineuse","moiti\u00e9","projecteur","puissante"],"articleSection":["Technologie"],"inLanguage":"fr-BE"},{"@type":"WebPage","@id":"https:\/\/vieassociative.be\/actualites\/cette-camera-a-projecteur-clignotant-lumineuse-et-puissante-est-actuellement-a-moitie-desactivee\/","url":"https:\/\/vieassociative.be\/actualites\/cette-camera-a-projecteur-clignotant-lumineuse-et-puissante-est-actuellement-a-moitie-desactivee\/","name":"Cette cam\u00e9ra \u00e0 projecteur clignotant lumineuse et puissante est actuellement \u00e0 moiti\u00e9 d\u00e9sactiv\u00e9e | Vie Associative","isPartOf":{"@id":"https:\/\/vieassociative.be\/actualites\/#website"},"primaryImageOfPage":{"@id":"https:\/\/vieassociative.be\/actualites\/cette-camera-a-projecteur-clignotant-lumineuse-et-puissante-est-actuellement-a-moitie-desactivee\/#primaryimage"},"image":{"@id":"https:\/\/vieassociative.be\/actualites\/cette-camera-a-projecteur-clignotant-lumineuse-et-puissante-est-actuellement-a-moitie-desactivee\/#primaryimage"},"thumbnailUrl":"https:\/\/vieassociative.be\/actualites\/wp-content\/uploads\/2026\/04\/Cette-camera-a-projecteur-clignotant-lumineuse-et-puissante-est-actuellement.png","datePublished":"2026-04-21T02:18:29+00:00","dateModified":"2026-04-21T02:18:29+00:00","breadcrumb":{"@id":"https:\/\/vieassociative.be\/actualites\/cette-camera-a-projecteur-clignotant-lumineuse-et-puissante-est-actuellement-a-moitie-desactivee\/#breadcrumb"},"inLanguage":"fr-BE","potentialAction":[{"@type":"ReadAction","target":["https:\/\/vieassociative.be\/actualites\/cette-camera-a-projecteur-clignotant-lumineuse-et-puissante-est-actuellement-a-moitie-desactivee\/"]}]},{"@type":"ImageObject","inLanguage":"fr-BE","@id":"https:\/\/vieassociative.be\/actualites\/cette-camera-a-projecteur-clignotant-lumineuse-et-puissante-est-actuellement-a-moitie-desactivee\/#primaryimage","url":"https:\/\/vieassociative.be\/actualites\/wp-content\/uploads\/2026\/04\/Cette-camera-a-projecteur-clignotant-lumineuse-et-puissante-est-actuellement.png","contentUrl":"https:\/\/vieassociative.be\/actualites\/wp-content\/uploads\/2026\/04\/Cette-camera-a-projecteur-clignotant-lumineuse-et-puissante-est-actuellement.png","width":1200,"height":675,"caption":"Cette cam\u00e9ra \u00e0 projecteur clignotant lumineuse et puissante est actuellement \u00e0 moiti\u00e9 d\u00e9sactiv\u00e9e"},{"@type":"BreadcrumbList","@id":"https:\/\/vieassociative.be\/actualites\/cette-camera-a-projecteur-clignotant-lumineuse-et-puissante-est-actuellement-a-moitie-desactivee\/#breadcrumb","itemListElement":[{"@type":"ListItem","position":1,"name":"Accueil","item":"https:\/\/vieassociative.be\/actualites\/"},{"@type":"ListItem","position":2,"name":"Cette cam\u00e9ra \u00e0 projecteur clignotant lumineuse et puissante est actuellement \u00e0 moiti\u00e9 d\u00e9sactiv\u00e9e"}]},{"@type":"WebSite","@id":"https:\/\/vieassociative.be\/actualites\/#website","url":"https:\/\/vieassociative.be\/actualites\/","name":"Vie Associative","description":"","publisher":{"@id":"https:\/\/vieassociative.be\/actualites\/#organization"},"potentialAction":[{"@type":"SearchAction","target":{"@type":"EntryPoint","urlTemplate":"https:\/\/vieassociative.be\/actualites\/?s={search_term_string}"},"query-input":{"@type":"PropertyValueSpecification","valueRequired":true,"valueName":"search_term_string"}}],"inLanguage":"fr-BE"},{"@type":"Organization","@id":"https:\/\/vieassociative.be\/actualites\/#organization","name":"Vie Associative","url":"https:\/\/vieassociative.be\/actualites\/","logo":{"@type":"ImageObject","inLanguage":"fr-BE","@id":"https:\/\/vieassociative.be\/actualites\/#\/schema\/logo\/image\/","url":"https:\/\/vieassociative.be\/actualites\/wp-content\/uploads\/2024\/09\/cropped-vieassociative_favicon.ico.png","contentUrl":"https:\/\/vieassociative.be\/actualites\/wp-content\/uploads\/2024\/09\/cropped-vieassociative_favicon.ico.png","width":512,"height":512,"caption":"Vie Associative"},"image":{"@id":"https:\/\/vieassociative.be\/actualites\/#\/schema\/logo\/image\/"}},{"@type":"Person","@id":"https:\/\/vieassociative.be\/actualites\/#\/schema\/person\/b87ac4f82f9d4e7b7cec7395b679edc4","name":"Julien","image":{"@type":"ImageObject","inLanguage":"fr-BE","@id":"https:\/\/vieassociative.be\/actualites\/#\/schema\/person\/image\/","url":"https:\/\/vieassociative.be\/actualites\/wp-content\/uploads\/2024\/09\/vie-associative-1-150x150.jpg","contentUrl":"https:\/\/vieassociative.be\/actualites\/wp-content\/uploads\/2024\/09\/vie-associative-1-150x150.jpg","caption":"Julien"},"description":"Je suis Julien, r\u00e9dacteur pour Vie Associative. Passionn\u00e9 par le monde associatif depuis plus de 10 ans, j'ai \u00e0 c\u0153ur de partager des histoires inspirantes et de mettre en lumi\u00e8re les initiatives locales. Mon objectif est de sensibiliser et d'encourager l'engagement communautaire \u00e0 travers mes articles.","sameAs":["https:\/\/vieassociative.be\/"]}]}},"_links":{"self":[{"href":"https:\/\/vieassociative.be\/actualites\/wp-json\/wp\/v2\/posts\/13522"}],"collection":[{"href":"https:\/\/vieassociative.be\/actualites\/wp-json\/wp\/v2\/posts"}],"about":[{"href":"https:\/\/vieassociative.be\/actualites\/wp-json\/wp\/v2\/types\/post"}],"author":[{"embeddable":true,"href":"https:\/\/vieassociative.be\/actualites\/wp-json\/wp\/v2\/users\/1"}],"replies":[{"embeddable":true,"href":"https:\/\/vieassociative.be\/actualites\/wp-json\/wp\/v2\/comments?post=13522"}],"version-history":[{"count":0,"href":"https:\/\/vieassociative.be\/actualites\/wp-json\/wp\/v2\/posts\/13522\/revisions"}],"wp:featuredmedia":[{"embeddable":true,"href":"https:\/\/vieassociative.be\/actualites\/wp-json\/wp\/v2\/media\/13523"}],"wp:attachment":[{"href":"https:\/\/vieassociative.be\/actualites\/wp-json\/wp\/v2\/media?parent=13522"}],"wp:term":[{"taxonomy":"category","embeddable":true,"href":"https:\/\/vieassociative.be\/actualites\/wp-json\/wp\/v2\/categories?post=13522"},{"taxonomy":"post_tag","embeddable":true,"href":"https:\/\/vieassociative.be\/actualites\/wp-json\/wp\/v2\/tags?post=13522"}],"curies":[{"name":"wp","href":"https:\/\/api.w.org\/{rel}","templated":true}]}}