{"id":13518,"date":"2026-04-20T17:17:22","date_gmt":"2026-04-20T15:17:22","guid":{"rendered":"https:\/\/vieassociative.be\/actualites\/le-drame-sur-la-baleine-timmy-le-president-americain-trump-et-le-monde-totalement-fou-daujourdhui-interjection\/"},"modified":"2026-04-20T17:17:22","modified_gmt":"2026-04-20T15:17:22","slug":"le-drame-sur-la-baleine-timmy-le-president-americain-trump-et-le-monde-totalement-fou-daujourdhui-interjection","status":"publish","type":"post","link":"https:\/\/vieassociative.be\/actualites\/le-drame-sur-la-baleine-timmy-le-president-americain-trump-et-le-monde-totalement-fou-daujourdhui-interjection\/","title":{"rendered":"Le drame sur la baleine Timmy, le pr\u00e9sident am\u00e9ricain Trump et le monde totalement fou d&rsquo;aujourd&rsquo;hui (interjection)"},"content":{"rendered":"<p><strong>Une baleine perdue dans la mer Baltique, affectueusement surnomm\u00e9e Timmy, attire depuis des jours l&rsquo;attention du public majoritairement allemand. Des \u00e9quipes de tournage suivent chacun de ses mouvements, des experts analysent son comportement et son sort est \u00e9voqu\u00e9 sur les r\u00e9seaux sociaux comme si l&rsquo;\u00e9quilibre du monde en d\u00e9pendait.<\/strong><\/p>\n<p><span id=\"more-438522\"><\/span>L\u2019effort n\u00e9cessaire pour observer ou m\u00eame sauver l\u2019animal est consid\u00e9rable \u2013 humainement compr\u00e9hensible, \u00e9motionnellement compr\u00e9hensible. Et pourtant, une question inconfortable se pose : ce battage m\u00e9diatique est-il proportionn\u00e9 \u00e0 la r\u00e9alit\u00e9 du monde dans lequel nous vivons ?<\/p>\n<p>Alors que Timmy fait la une des journaux, des gens meurent ailleurs dans des circonstances beaucoup moins m\u00e9diatis\u00e9es. La guerre en Ukraine continue de faire des victimes, de d\u00e9truire des vies et des perspectives d\u2019avenir.<\/p>\n<\/p>\n<div id=\"attachment_438526\" class=\"wp-caption alignleft\" style=\"max-width: 300px\"><img decoding=\"async\" class=\"wp-image-438526 size-medium\" src=\"https:\/\/vieassociative.be\/actualites\/wp-content\/uploads\/2026\/04\/Le-drame-sur-la-baleine-Timmy-le-president-americain-Trump.jpg\" alt=\"\" width=\"300\" height=\"159\"  ><\/div>\n<p>N\u00e9anmoins, l\u2019attention m\u00e9diatique et sociale port\u00e9e \u00e0 la guerre d\u2019agression d\u00e9vastatrice de Poutine semble s\u2019estomper de plus en plus. Les rapports quotidiens sont devenus plus courts, l\u2019indignation plus silencieuse, la sympathie plus routini\u00e8re. Ce qui \u00e9tait choquant hier est d\u00e9sormais une remarque secondaire.<\/p>\n<p>Il serait cependant trop simpliste d\u2019interpr\u00e9ter cette \u00e9volution uniquement comme un \u00e9chec moral. L\u2019attention suit souvent l\u2019accessibilit\u00e9 \u00e9motionnelle plut\u00f4t que l\u2019urgence objective. Un seul animal avec un nom et un visage est plus facile \u00e0 comprendre que des conflits g\u00e9opolitiques complexes avec un nombre abstrait de morts et de personnes d\u00e9plac\u00e9es. Timmy est concret, visible, tangible \u2013 la souffrance des populations dans les zones de guerre reste cependant lointaine et difficile \u00e0 imaginer pour beaucoup.<\/p>\n<\/p>\n<div id=\"attachment_438525\" class=\"wp-caption alignleft\" style=\"max-width: 300px\"><img fetchpriority=\"high\" decoding=\"async\" class=\"wp-image-438525 size-medium\" src=\"https:\/\/vieassociative.be\/actualites\/wp-content\/uploads\/2026\/04\/1776698242_548_Le-drame-sur-la-baleine-Timmy-le-president-americain-Trump.jpg\" alt=\"\" width=\"300\" height=\"167\"><\/div>\n<p>Mais c\u2019est pr\u00e9cis\u00e9ment l\u00e0 que r\u00e9side le probl\u00e8me : si notre perception du sens repose trop sur l\u2019\u00e9motivit\u00e9, les normes commencent \u00e0 vaciller. Une hi\u00e9rarchie d\u2019attention se dessine dans laquelle le symbolique triomphe de l\u2019essentiel. La baleine devient une surface de projection de compassion, tandis que la souffrance humaine au loin perd son urgence.<\/p>\n<p>Cela ne veut pas dire que prendre soin des animaux n\u2019est pas \u00e0 sa place. Au contraire : la mani\u00e8re dont nous traitons les cr\u00e9atures qui ont besoin de protection en dit long sur une soci\u00e9t\u00e9. Mais la compassion ne devrait pas \u00eatre un jeu \u00e0 somme nulle. La capacit\u00e9 de prendre soin d\u2019une baleine ne peut se faire au d\u00e9triment de la sensibilit\u00e9 \u00e0 la souffrance humaine.<\/p>\n<p>C&rsquo;est un monde vraiment fou dans lequel nous vivons, n&rsquo;est-ce pas ? Peut-\u00eatre qu&rsquo;en fin de compte, Timmy est moins le probl\u00e8me qu&rsquo;un miroir nous montrant \u00e0 quel point notre attention est s\u00e9lective et avec quelle facilit\u00e9 nous nous laissons guider par des histoires \u00e9motionnellement convaincantes tandis que des r\u00e9alit\u00e9s plus complexes et inconfortables disparaissent. Comment expliquer autrement que quelqu\u2019un comme Donald Trump ait \u00e9t\u00e9 \u00e9lu pr\u00e9sident des \u00c9tats-Unis non pas une, mais deux fois ? (cr\u00e9er)<\/p>\n","protected":false},"excerpt":{"rendered":"<p>Une baleine perdue dans la mer Baltique, affectueusement surnomm\u00e9e Timmy, attire depuis des jours l&rsquo;attention du public majoritairement allemand. Des \u00e9quipes de tournage suivent chacun<\/p>\n","protected":false},"author":1,"featured_media":13519,"comment_status":"","ping_status":"","sticky":false,"template":"","format":"standard","meta":{"footnotes":""},"categories":[298],"tags":[10,10364,134,5629,4523,2885,237,3075,33,10527,3661,2425],"class_list":["post-13518","post","type-post","status-publish","format-standard","has-post-thumbnail","hentry","category-belgique","tag-americain","tag-baleine","tag-daujourdhui","tag-drame","tag-fou","tag-interjection","tag-monde","tag-president","tag-sur","tag-timmy","tag-totalement","tag-trump","generate-columns","tablet-grid-50","mobile-grid-100","grid-parent","grid-33"],"yoast_head":"<!-- This site is optimized with the Yoast SEO plugin v24.0 - https:\/\/yoast.com\/wordpress\/plugins\/seo\/ -->\n<title>Le drame sur la baleine Timmy, le pr\u00e9sident am\u00e9ricain Trump et le monde totalement fou d&#039;aujourd&#039;hui (interjection) | Vie Associative<\/title>\n<meta name=\"robots\" content=\"index, follow, max-snippet:-1, max-image-preview:large, max-video-preview:-1\" \/>\n<link rel=\"canonical\" href=\"https:\/\/vieassociative.be\/actualites\/le-drame-sur-la-baleine-timmy-le-president-americain-trump-et-le-monde-totalement-fou-daujourdhui-interjection\/\" \/>\n<meta property=\"og:locale\" content=\"fr_FR\" \/>\n<meta property=\"og:type\" content=\"article\" \/>\n<meta property=\"og:title\" content=\"Le drame sur la baleine Timmy, le pr\u00e9sident am\u00e9ricain Trump et le monde totalement fou d&#039;aujourd&#039;hui (interjection) | Vie Associative\" \/>\n<meta property=\"og:description\" content=\"Une baleine perdue dans la mer Baltique, affectueusement surnomm\u00e9e Timmy, attire depuis des jours l&rsquo;attention du public majoritairement allemand. Des \u00e9quipes de tournage suivent chacun\" \/>\n<meta property=\"og:url\" content=\"https:\/\/vieassociative.be\/actualites\/le-drame-sur-la-baleine-timmy-le-president-americain-trump-et-le-monde-totalement-fou-daujourdhui-interjection\/\" \/>\n<meta property=\"og:site_name\" content=\"Vie Associative\" \/>\n<meta property=\"article:published_time\" content=\"2026-04-20T15:17:22+00:00\" \/>\n<meta property=\"og:image\" content=\"https:\/\/vieassociative.be\/actualites\/wp-content\/uploads\/2024\/09\/header_backgroundk-01-e1726694325946.png\" \/>\n\t<meta property=\"og:image:width\" content=\"279\" \/>\n\t<meta property=\"og:image:height\" content=\"92\" \/>\n\t<meta property=\"og:image:type\" content=\"image\/png\" \/>\n<meta name=\"author\" content=\"Julien\" \/>\n<meta name=\"twitter:card\" content=\"summary_large_image\" \/>\n<meta name=\"twitter:label1\" content=\"\u00c9crit par\" \/>\n\t<meta name=\"twitter:data1\" content=\"Julien\" \/>\n\t<meta name=\"twitter:label2\" content=\"Dur\u00e9e de lecture est.\" \/>\n\t<meta name=\"twitter:data2\" content=\"2 minutes\" \/>\n<script type=\"application\/ld+json\" class=\"yoast-schema-graph\">{\"@context\":\"https:\/\/schema.org\",\"@graph\":[{\"@type\":\"Article\",\"@id\":\"https:\/\/vieassociative.be\/actualites\/le-drame-sur-la-baleine-timmy-le-president-americain-trump-et-le-monde-totalement-fou-daujourdhui-interjection\/#article\",\"isPartOf\":{\"@id\":\"https:\/\/vieassociative.be\/actualites\/le-drame-sur-la-baleine-timmy-le-president-americain-trump-et-le-monde-totalement-fou-daujourdhui-interjection\/\"},\"author\":{\"name\":\"Julien\",\"@id\":\"https:\/\/vieassociative.be\/actualites\/#\/schema\/person\/b87ac4f82f9d4e7b7cec7395b679edc4\"},\"headline\":\"Le drame sur la baleine Timmy, le pr\u00e9sident am\u00e9ricain Trump et le monde totalement fou d&rsquo;aujourd&rsquo;hui (interjection)\",\"datePublished\":\"2026-04-20T15:17:22+00:00\",\"dateModified\":\"2026-04-20T15:17:22+00:00\",\"mainEntityOfPage\":{\"@id\":\"https:\/\/vieassociative.be\/actualites\/le-drame-sur-la-baleine-timmy-le-president-americain-trump-et-le-monde-totalement-fou-daujourdhui-interjection\/\"},\"wordCount\":507,\"publisher\":{\"@id\":\"https:\/\/vieassociative.be\/actualites\/#organization\"},\"image\":{\"@id\":\"https:\/\/vieassociative.be\/actualites\/le-drame-sur-la-baleine-timmy-le-president-americain-trump-et-le-monde-totalement-fou-daujourdhui-interjection\/#primaryimage\"},\"thumbnailUrl\":\"https:\/\/vieassociative.be\/actualites\/wp-content\/uploads\/2026\/04\/1776698243_Le-drame-sur-la-baleine-Timmy-le-president-americain-Trump.jpg\",\"keywords\":[\"am\u00e9ricain\",\"baleine\",\"daujourdhui\",\"Drame\",\"fou\",\"interjection\",\"monde\",\"pr\u00e9sident\",\"sur\",\"Timmy\",\"totalement\",\"Trump\"],\"articleSection\":[\"Belgique\"],\"inLanguage\":\"fr-BE\"},{\"@type\":\"WebPage\",\"@id\":\"https:\/\/vieassociative.be\/actualites\/le-drame-sur-la-baleine-timmy-le-president-americain-trump-et-le-monde-totalement-fou-daujourdhui-interjection\/\",\"url\":\"https:\/\/vieassociative.be\/actualites\/le-drame-sur-la-baleine-timmy-le-president-americain-trump-et-le-monde-totalement-fou-daujourdhui-interjection\/\",\"name\":\"Le drame sur la baleine Timmy, le pr\u00e9sident am\u00e9ricain Trump et le monde totalement fou d'aujourd'hui (interjection) | Vie Associative\",\"isPartOf\":{\"@id\":\"https:\/\/vieassociative.be\/actualites\/#website\"},\"primaryImageOfPage\":{\"@id\":\"https:\/\/vieassociative.be\/actualites\/le-drame-sur-la-baleine-timmy-le-president-americain-trump-et-le-monde-totalement-fou-daujourdhui-interjection\/#primaryimage\"},\"image\":{\"@id\":\"https:\/\/vieassociative.be\/actualites\/le-drame-sur-la-baleine-timmy-le-president-americain-trump-et-le-monde-totalement-fou-daujourdhui-interjection\/#primaryimage\"},\"thumbnailUrl\":\"https:\/\/vieassociative.be\/actualites\/wp-content\/uploads\/2026\/04\/1776698243_Le-drame-sur-la-baleine-Timmy-le-president-americain-Trump.jpg\",\"datePublished\":\"2026-04-20T15:17:22+00:00\",\"dateModified\":\"2026-04-20T15:17:22+00:00\",\"breadcrumb\":{\"@id\":\"https:\/\/vieassociative.be\/actualites\/le-drame-sur-la-baleine-timmy-le-president-americain-trump-et-le-monde-totalement-fou-daujourdhui-interjection\/#breadcrumb\"},\"inLanguage\":\"fr-BE\",\"potentialAction\":[{\"@type\":\"ReadAction\",\"target\":[\"https:\/\/vieassociative.be\/actualites\/le-drame-sur-la-baleine-timmy-le-president-americain-trump-et-le-monde-totalement-fou-daujourdhui-interjection\/\"]}]},{\"@type\":\"ImageObject\",\"inLanguage\":\"fr-BE\",\"@id\":\"https:\/\/vieassociative.be\/actualites\/le-drame-sur-la-baleine-timmy-le-president-americain-trump-et-le-monde-totalement-fou-daujourdhui-interjection\/#primaryimage\",\"url\":\"https:\/\/vieassociative.be\/actualites\/wp-content\/uploads\/2026\/04\/1776698243_Le-drame-sur-la-baleine-Timmy-le-president-americain-Trump.jpg\",\"contentUrl\":\"https:\/\/vieassociative.be\/actualites\/wp-content\/uploads\/2026\/04\/1776698243_Le-drame-sur-la-baleine-Timmy-le-president-americain-Trump.jpg\",\"width\":1200,\"height\":803,\"caption\":\"Le drame sur la baleine Timmy, le pr\u00e9sident am\u00e9ricain Trump et le monde totalement fou d'aujourd'hui (interjection)\"},{\"@type\":\"BreadcrumbList\",\"@id\":\"https:\/\/vieassociative.be\/actualites\/le-drame-sur-la-baleine-timmy-le-president-americain-trump-et-le-monde-totalement-fou-daujourdhui-interjection\/#breadcrumb\",\"itemListElement\":[{\"@type\":\"ListItem\",\"position\":1,\"name\":\"Accueil\",\"item\":\"https:\/\/vieassociative.be\/actualites\/\"},{\"@type\":\"ListItem\",\"position\":2,\"name\":\"Le drame sur la baleine Timmy, le pr\u00e9sident am\u00e9ricain Trump et le monde totalement fou d&rsquo;aujourd&rsquo;hui (interjection)\"}]},{\"@type\":\"WebSite\",\"@id\":\"https:\/\/vieassociative.be\/actualites\/#website\",\"url\":\"https:\/\/vieassociative.be\/actualites\/\",\"name\":\"Vie Associative\",\"description\":\"\",\"publisher\":{\"@id\":\"https:\/\/vieassociative.be\/actualites\/#organization\"},\"potentialAction\":[{\"@type\":\"SearchAction\",\"target\":{\"@type\":\"EntryPoint\",\"urlTemplate\":\"https:\/\/vieassociative.be\/actualites\/?s={search_term_string}\"},\"query-input\":{\"@type\":\"PropertyValueSpecification\",\"valueRequired\":true,\"valueName\":\"search_term_string\"}}],\"inLanguage\":\"fr-BE\"},{\"@type\":\"Organization\",\"@id\":\"https:\/\/vieassociative.be\/actualites\/#organization\",\"name\":\"Vie Associative\",\"url\":\"https:\/\/vieassociative.be\/actualites\/\",\"logo\":{\"@type\":\"ImageObject\",\"inLanguage\":\"fr-BE\",\"@id\":\"https:\/\/vieassociative.be\/actualites\/#\/schema\/logo\/image\/\",\"url\":\"https:\/\/vieassociative.be\/actualites\/wp-content\/uploads\/2024\/09\/cropped-vieassociative_favicon.ico.png\",\"contentUrl\":\"https:\/\/vieassociative.be\/actualites\/wp-content\/uploads\/2024\/09\/cropped-vieassociative_favicon.ico.png\",\"width\":512,\"height\":512,\"caption\":\"Vie Associative\"},\"image\":{\"@id\":\"https:\/\/vieassociative.be\/actualites\/#\/schema\/logo\/image\/\"}},{\"@type\":\"Person\",\"@id\":\"https:\/\/vieassociative.be\/actualites\/#\/schema\/person\/b87ac4f82f9d4e7b7cec7395b679edc4\",\"name\":\"Julien\",\"image\":{\"@type\":\"ImageObject\",\"inLanguage\":\"fr-BE\",\"@id\":\"https:\/\/vieassociative.be\/actualites\/#\/schema\/person\/image\/\",\"url\":\"https:\/\/vieassociative.be\/actualites\/wp-content\/uploads\/2024\/09\/vie-associative-1-150x150.jpg\",\"contentUrl\":\"https:\/\/vieassociative.be\/actualites\/wp-content\/uploads\/2024\/09\/vie-associative-1-150x150.jpg\",\"caption\":\"Julien\"},\"description\":\"Je suis Julien, r\u00e9dacteur pour Vie Associative. Passionn\u00e9 par le monde associatif depuis plus de 10 ans, j'ai \u00e0 c\u0153ur de partager des histoires inspirantes et de mettre en lumi\u00e8re les initiatives locales. Mon objectif est de sensibiliser et d'encourager l'engagement communautaire \u00e0 travers mes articles.\",\"sameAs\":[\"https:\/\/vieassociative.be\/\"]}]}<\/script>\n<!-- \/ Yoast SEO plugin. -->","yoast_head_json":{"title":"Le drame sur la baleine Timmy, le pr\u00e9sident am\u00e9ricain Trump et le monde totalement fou d'aujourd'hui (interjection) | Vie Associative","robots":{"index":"index","follow":"follow","max-snippet":"max-snippet:-1","max-image-preview":"max-image-preview:large","max-video-preview":"max-video-preview:-1"},"canonical":"https:\/\/vieassociative.be\/actualites\/le-drame-sur-la-baleine-timmy-le-president-americain-trump-et-le-monde-totalement-fou-daujourdhui-interjection\/","og_locale":"fr_FR","og_type":"article","og_title":"Le drame sur la baleine Timmy, le pr\u00e9sident am\u00e9ricain Trump et le monde totalement fou d'aujourd'hui (interjection) | Vie Associative","og_description":"Une baleine perdue dans la mer Baltique, affectueusement surnomm\u00e9e Timmy, attire depuis des jours l&rsquo;attention du public majoritairement allemand. Des \u00e9quipes de tournage suivent chacun","og_url":"https:\/\/vieassociative.be\/actualites\/le-drame-sur-la-baleine-timmy-le-president-americain-trump-et-le-monde-totalement-fou-daujourdhui-interjection\/","og_site_name":"Vie Associative","article_published_time":"2026-04-20T15:17:22+00:00","og_image":[{"width":279,"height":92,"url":"https:\/\/vieassociative.be\/actualites\/wp-content\/uploads\/2024\/09\/header_backgroundk-01-e1726694325946.png","type":"image\/png"}],"author":"Julien","twitter_card":"summary_large_image","twitter_misc":{"\u00c9crit par":"Julien","Dur\u00e9e de lecture est.":"2 minutes"},"schema":{"@context":"https:\/\/schema.org","@graph":[{"@type":"Article","@id":"https:\/\/vieassociative.be\/actualites\/le-drame-sur-la-baleine-timmy-le-president-americain-trump-et-le-monde-totalement-fou-daujourdhui-interjection\/#article","isPartOf":{"@id":"https:\/\/vieassociative.be\/actualites\/le-drame-sur-la-baleine-timmy-le-president-americain-trump-et-le-monde-totalement-fou-daujourdhui-interjection\/"},"author":{"name":"Julien","@id":"https:\/\/vieassociative.be\/actualites\/#\/schema\/person\/b87ac4f82f9d4e7b7cec7395b679edc4"},"headline":"Le drame sur la baleine Timmy, le pr\u00e9sident am\u00e9ricain Trump et le monde totalement fou d&rsquo;aujourd&rsquo;hui (interjection)","datePublished":"2026-04-20T15:17:22+00:00","dateModified":"2026-04-20T15:17:22+00:00","mainEntityOfPage":{"@id":"https:\/\/vieassociative.be\/actualites\/le-drame-sur-la-baleine-timmy-le-president-americain-trump-et-le-monde-totalement-fou-daujourdhui-interjection\/"},"wordCount":507,"publisher":{"@id":"https:\/\/vieassociative.be\/actualites\/#organization"},"image":{"@id":"https:\/\/vieassociative.be\/actualites\/le-drame-sur-la-baleine-timmy-le-president-americain-trump-et-le-monde-totalement-fou-daujourdhui-interjection\/#primaryimage"},"thumbnailUrl":"https:\/\/vieassociative.be\/actualites\/wp-content\/uploads\/2026\/04\/1776698243_Le-drame-sur-la-baleine-Timmy-le-president-americain-Trump.jpg","keywords":["am\u00e9ricain","baleine","daujourdhui","Drame","fou","interjection","monde","pr\u00e9sident","sur","Timmy","totalement","Trump"],"articleSection":["Belgique"],"inLanguage":"fr-BE"},{"@type":"WebPage","@id":"https:\/\/vieassociative.be\/actualites\/le-drame-sur-la-baleine-timmy-le-president-americain-trump-et-le-monde-totalement-fou-daujourdhui-interjection\/","url":"https:\/\/vieassociative.be\/actualites\/le-drame-sur-la-baleine-timmy-le-president-americain-trump-et-le-monde-totalement-fou-daujourdhui-interjection\/","name":"Le drame sur la baleine Timmy, le pr\u00e9sident am\u00e9ricain Trump et le monde totalement fou d'aujourd'hui (interjection) | Vie Associative","isPartOf":{"@id":"https:\/\/vieassociative.be\/actualites\/#website"},"primaryImageOfPage":{"@id":"https:\/\/vieassociative.be\/actualites\/le-drame-sur-la-baleine-timmy-le-president-americain-trump-et-le-monde-totalement-fou-daujourdhui-interjection\/#primaryimage"},"image":{"@id":"https:\/\/vieassociative.be\/actualites\/le-drame-sur-la-baleine-timmy-le-president-americain-trump-et-le-monde-totalement-fou-daujourdhui-interjection\/#primaryimage"},"thumbnailUrl":"https:\/\/vieassociative.be\/actualites\/wp-content\/uploads\/2026\/04\/1776698243_Le-drame-sur-la-baleine-Timmy-le-president-americain-Trump.jpg","datePublished":"2026-04-20T15:17:22+00:00","dateModified":"2026-04-20T15:17:22+00:00","breadcrumb":{"@id":"https:\/\/vieassociative.be\/actualites\/le-drame-sur-la-baleine-timmy-le-president-americain-trump-et-le-monde-totalement-fou-daujourdhui-interjection\/#breadcrumb"},"inLanguage":"fr-BE","potentialAction":[{"@type":"ReadAction","target":["https:\/\/vieassociative.be\/actualites\/le-drame-sur-la-baleine-timmy-le-president-americain-trump-et-le-monde-totalement-fou-daujourdhui-interjection\/"]}]},{"@type":"ImageObject","inLanguage":"fr-BE","@id":"https:\/\/vieassociative.be\/actualites\/le-drame-sur-la-baleine-timmy-le-president-americain-trump-et-le-monde-totalement-fou-daujourdhui-interjection\/#primaryimage","url":"https:\/\/vieassociative.be\/actualites\/wp-content\/uploads\/2026\/04\/1776698243_Le-drame-sur-la-baleine-Timmy-le-president-americain-Trump.jpg","contentUrl":"https:\/\/vieassociative.be\/actualites\/wp-content\/uploads\/2026\/04\/1776698243_Le-drame-sur-la-baleine-Timmy-le-president-americain-Trump.jpg","width":1200,"height":803,"caption":"Le drame sur la baleine Timmy, le pr\u00e9sident am\u00e9ricain Trump et le monde totalement fou d'aujourd'hui (interjection)"},{"@type":"BreadcrumbList","@id":"https:\/\/vieassociative.be\/actualites\/le-drame-sur-la-baleine-timmy-le-president-americain-trump-et-le-monde-totalement-fou-daujourdhui-interjection\/#breadcrumb","itemListElement":[{"@type":"ListItem","position":1,"name":"Accueil","item":"https:\/\/vieassociative.be\/actualites\/"},{"@type":"ListItem","position":2,"name":"Le drame sur la baleine Timmy, le pr\u00e9sident am\u00e9ricain Trump et le monde totalement fou d&rsquo;aujourd&rsquo;hui (interjection)"}]},{"@type":"WebSite","@id":"https:\/\/vieassociative.be\/actualites\/#website","url":"https:\/\/vieassociative.be\/actualites\/","name":"Vie Associative","description":"","publisher":{"@id":"https:\/\/vieassociative.be\/actualites\/#organization"},"potentialAction":[{"@type":"SearchAction","target":{"@type":"EntryPoint","urlTemplate":"https:\/\/vieassociative.be\/actualites\/?s={search_term_string}"},"query-input":{"@type":"PropertyValueSpecification","valueRequired":true,"valueName":"search_term_string"}}],"inLanguage":"fr-BE"},{"@type":"Organization","@id":"https:\/\/vieassociative.be\/actualites\/#organization","name":"Vie Associative","url":"https:\/\/vieassociative.be\/actualites\/","logo":{"@type":"ImageObject","inLanguage":"fr-BE","@id":"https:\/\/vieassociative.be\/actualites\/#\/schema\/logo\/image\/","url":"https:\/\/vieassociative.be\/actualites\/wp-content\/uploads\/2024\/09\/cropped-vieassociative_favicon.ico.png","contentUrl":"https:\/\/vieassociative.be\/actualites\/wp-content\/uploads\/2024\/09\/cropped-vieassociative_favicon.ico.png","width":512,"height":512,"caption":"Vie Associative"},"image":{"@id":"https:\/\/vieassociative.be\/actualites\/#\/schema\/logo\/image\/"}},{"@type":"Person","@id":"https:\/\/vieassociative.be\/actualites\/#\/schema\/person\/b87ac4f82f9d4e7b7cec7395b679edc4","name":"Julien","image":{"@type":"ImageObject","inLanguage":"fr-BE","@id":"https:\/\/vieassociative.be\/actualites\/#\/schema\/person\/image\/","url":"https:\/\/vieassociative.be\/actualites\/wp-content\/uploads\/2024\/09\/vie-associative-1-150x150.jpg","contentUrl":"https:\/\/vieassociative.be\/actualites\/wp-content\/uploads\/2024\/09\/vie-associative-1-150x150.jpg","caption":"Julien"},"description":"Je suis Julien, r\u00e9dacteur pour Vie Associative. Passionn\u00e9 par le monde associatif depuis plus de 10 ans, j'ai \u00e0 c\u0153ur de partager des histoires inspirantes et de mettre en lumi\u00e8re les initiatives locales. Mon objectif est de sensibiliser et d'encourager l'engagement communautaire \u00e0 travers mes articles.","sameAs":["https:\/\/vieassociative.be\/"]}]}},"_links":{"self":[{"href":"https:\/\/vieassociative.be\/actualites\/wp-json\/wp\/v2\/posts\/13518"}],"collection":[{"href":"https:\/\/vieassociative.be\/actualites\/wp-json\/wp\/v2\/posts"}],"about":[{"href":"https:\/\/vieassociative.be\/actualites\/wp-json\/wp\/v2\/types\/post"}],"author":[{"embeddable":true,"href":"https:\/\/vieassociative.be\/actualites\/wp-json\/wp\/v2\/users\/1"}],"replies":[{"embeddable":true,"href":"https:\/\/vieassociative.be\/actualites\/wp-json\/wp\/v2\/comments?post=13518"}],"version-history":[{"count":0,"href":"https:\/\/vieassociative.be\/actualites\/wp-json\/wp\/v2\/posts\/13518\/revisions"}],"wp:featuredmedia":[{"embeddable":true,"href":"https:\/\/vieassociative.be\/actualites\/wp-json\/wp\/v2\/media\/13519"}],"wp:attachment":[{"href":"https:\/\/vieassociative.be\/actualites\/wp-json\/wp\/v2\/media?parent=13518"}],"wp:term":[{"taxonomy":"category","embeddable":true,"href":"https:\/\/vieassociative.be\/actualites\/wp-json\/wp\/v2\/categories?post=13518"},{"taxonomy":"post_tag","embeddable":true,"href":"https:\/\/vieassociative.be\/actualites\/wp-json\/wp\/v2\/tags?post=13518"}],"curies":[{"name":"wp","href":"https:\/\/api.w.org\/{rel}","templated":true}]}}