{"id":13514,"date":"2026-04-20T11:17:29","date_gmt":"2026-04-20T09:17:29","guid":{"rendered":"https:\/\/vieassociative.be\/actualites\/kabelwerk-mise-sur-la-continuite-avec-erich-thonnes\/"},"modified":"2026-04-20T11:17:29","modified_gmt":"2026-04-20T09:17:29","slug":"kabelwerk-mise-sur-la-continuite-avec-erich-thonnes","status":"publish","type":"post","link":"https:\/\/vieassociative.be\/actualites\/kabelwerk-mise-sur-la-continuite-avec-erich-thonnes\/","title":{"rendered":"Kabelwerk mise sur la continuit\u00e9 avec Erich Th\u00f6nnes"},"content":{"rendered":"<p><strong>Erich Th\u00f6nnes est le nouveau pr\u00e9sident du comit\u00e9 ex\u00e9cutif et du conseil d&rsquo;administration de l&rsquo;Eupener Kabelwerk. \u00c0 l&rsquo;\u00e2ge de 94 ans, le natif d&rsquo;Elsenborn succ\u00e8de au chevalier Alfred Bourseaux, d\u00e9c\u00e9d\u00e9 en mars \u00e0 l&rsquo;\u00e2ge de 97 ans et dont Th\u00f6nnes a toujours \u00e9t\u00e9 le plus proche confident.<\/strong><\/p>\n<p><span id=\"more-438520\"><\/span>A une \u00e9poque o\u00f9 les changements de direction sont souvent associ\u00e9s au rajeunissement, la nomination du confident de longue date de Ritter Bourseaux semble \u00eatre une exception &#8211; et en m\u00eame temps un engagement clair en faveur de la continuit\u00e9 au sein de l&rsquo;Eupener Kabelwerk. Le journal Grenz-Echo titrait lundi \u00ab Une usine de c\u00e2bles sous une nouvelle direction \u00bb, mais la direction n&rsquo;est pas nouvelle.<\/p>\n<div id=\"attachment_292047\" class=\"wp-caption alignleft\" style=\"max-width: 300px\"><img fetchpriority=\"high\" decoding=\"async\" class=\"wp-image-292047 size-medium\" src=\"https:\/\/vieassociative.be\/actualites\/wp-content\/uploads\/2026\/04\/Kabelwerk-mise-sur-la-continuite-avec-Erich-Thonnes.jpeg\" alt=\"\" width=\"300\" height=\"200\"><\/div>\n<p>Th\u00f6nnes a fa\u00e7onn\u00e9 pendant des d\u00e9cennies \u00ab Eupens Brotschrank \u00bb, comme on appelle souvent l&rsquo;usine de c\u00e2bles en raison de son importance pour la ville et la r\u00e9gion, et a occup\u00e9 de nombreux postes cl\u00e9s, notamment celui de secr\u00e9taire g\u00e9n\u00e9ral, de membre du conseil d&rsquo;administration et de porte-parole du comit\u00e9 ex\u00e9cutif. Avec son \u00e9norme exp\u00e9rience et sa connaissance approfondie de l\u2019entreprise, il est consid\u00e9r\u00e9 comme une sorte de m\u00e9moire institutionnelle.<\/p>\n<p>La consolidation des deux organes de direction les plus importants sous sa direction indique la volont\u00e9 de stabilit\u00e9, surtout dans une phase de transition au sommet de l&rsquo;entreprise. Au lieu de s\u2019appuyer sur des impulsions externes ou un changement de g\u00e9n\u00e9ration, les gens s\u2019appuient sur la continuit\u00e9 et la force interne. C&rsquo;est un signal clair, surtout pour une entreprise de la taille et de l&rsquo;importance de Kabelwerk Eupen dans la r\u00e9gion : la stabilit\u00e9 et l&rsquo;exp\u00e9rience restent une priorit\u00e9 absolue. (cr\u00e9er)<\/p>\n","protected":false},"excerpt":{"rendered":"<p>Erich Th\u00f6nnes est le nouveau pr\u00e9sident du comit\u00e9 ex\u00e9cutif et du conseil d&rsquo;administration de l&rsquo;Eupener Kabelwerk. \u00c0 l&rsquo;\u00e2ge de 94 ans, le natif d&rsquo;Elsenborn succ\u00e8de<\/p>\n","protected":false},"author":1,"featured_media":13515,"comment_status":"","ping_status":"","sticky":false,"template":"","format":"standard","meta":{"footnotes":""},"categories":[298],"tags":[61,8538,10524,10523,2183,33,10525],"class_list":["post-13514","post","type-post","status-publish","format-standard","has-post-thumbnail","hentry","category-belgique","tag-avec","tag-continuite","tag-erich","tag-kabelwerk","tag-mise","tag-sur","tag-thonnes","generate-columns","tablet-grid-50","mobile-grid-100","grid-parent","grid-33"],"yoast_head":"<!-- This site is optimized with the Yoast SEO plugin v24.0 - https:\/\/yoast.com\/wordpress\/plugins\/seo\/ -->\n<title>Kabelwerk mise sur la continuit\u00e9 avec Erich Th\u00f6nnes | Vie Associative<\/title>\n<meta name=\"robots\" content=\"index, follow, max-snippet:-1, max-image-preview:large, max-video-preview:-1\" \/>\n<link rel=\"canonical\" href=\"https:\/\/vieassociative.be\/actualites\/kabelwerk-mise-sur-la-continuite-avec-erich-thonnes\/\" \/>\n<meta property=\"og:locale\" content=\"fr_FR\" \/>\n<meta property=\"og:type\" content=\"article\" \/>\n<meta property=\"og:title\" content=\"Kabelwerk mise sur la continuit\u00e9 avec Erich Th\u00f6nnes | Vie Associative\" \/>\n<meta property=\"og:description\" content=\"Erich Th\u00f6nnes est le nouveau pr\u00e9sident du comit\u00e9 ex\u00e9cutif et du conseil d&rsquo;administration de l&rsquo;Eupener Kabelwerk. \u00c0 l&rsquo;\u00e2ge de 94 ans, le natif d&rsquo;Elsenborn succ\u00e8de\" \/>\n<meta property=\"og:url\" content=\"https:\/\/vieassociative.be\/actualites\/kabelwerk-mise-sur-la-continuite-avec-erich-thonnes\/\" \/>\n<meta property=\"og:site_name\" content=\"Vie Associative\" \/>\n<meta property=\"article:published_time\" content=\"2026-04-20T09:17:29+00:00\" \/>\n<meta property=\"og:image\" content=\"https:\/\/vieassociative.be\/actualites\/wp-content\/uploads\/2024\/09\/header_backgroundk-01-e1726694325946.png\" \/>\n\t<meta property=\"og:image:width\" content=\"279\" \/>\n\t<meta property=\"og:image:height\" content=\"92\" \/>\n\t<meta property=\"og:image:type\" content=\"image\/png\" \/>\n<meta name=\"author\" content=\"Julien\" \/>\n<meta name=\"twitter:card\" content=\"summary_large_image\" \/>\n<meta name=\"twitter:label1\" content=\"\u00c9crit par\" \/>\n\t<meta name=\"twitter:data1\" content=\"Julien\" \/>\n\t<meta name=\"twitter:label2\" content=\"Dur\u00e9e de lecture est.\" \/>\n\t<meta name=\"twitter:data2\" content=\"1 minute\" \/>\n<script type=\"application\/ld+json\" class=\"yoast-schema-graph\">{\"@context\":\"https:\/\/schema.org\",\"@graph\":[{\"@type\":\"Article\",\"@id\":\"https:\/\/vieassociative.be\/actualites\/kabelwerk-mise-sur-la-continuite-avec-erich-thonnes\/#article\",\"isPartOf\":{\"@id\":\"https:\/\/vieassociative.be\/actualites\/kabelwerk-mise-sur-la-continuite-avec-erich-thonnes\/\"},\"author\":{\"name\":\"Julien\",\"@id\":\"https:\/\/vieassociative.be\/actualites\/#\/schema\/person\/b87ac4f82f9d4e7b7cec7395b679edc4\"},\"headline\":\"Kabelwerk mise sur la continuit\u00e9 avec Erich Th\u00f6nnes\",\"datePublished\":\"2026-04-20T09:17:29+00:00\",\"dateModified\":\"2026-04-20T09:17:29+00:00\",\"mainEntityOfPage\":{\"@id\":\"https:\/\/vieassociative.be\/actualites\/kabelwerk-mise-sur-la-continuite-avec-erich-thonnes\/\"},\"wordCount\":308,\"publisher\":{\"@id\":\"https:\/\/vieassociative.be\/actualites\/#organization\"},\"image\":{\"@id\":\"https:\/\/vieassociative.be\/actualites\/kabelwerk-mise-sur-la-continuite-avec-erich-thonnes\/#primaryimage\"},\"thumbnailUrl\":\"https:\/\/vieassociative.be\/actualites\/wp-content\/uploads\/2026\/04\/Kabelwerk-mise-sur-la-continuite-avec-Erich-Thonnes.jpg\",\"keywords\":[\"avec\",\"continuit\u00e9\",\"Erich\",\"Kabelwerk\",\"mise\",\"sur\",\"Th\u00f6nnes\"],\"articleSection\":[\"Belgique\"],\"inLanguage\":\"fr-BE\"},{\"@type\":\"WebPage\",\"@id\":\"https:\/\/vieassociative.be\/actualites\/kabelwerk-mise-sur-la-continuite-avec-erich-thonnes\/\",\"url\":\"https:\/\/vieassociative.be\/actualites\/kabelwerk-mise-sur-la-continuite-avec-erich-thonnes\/\",\"name\":\"Kabelwerk mise sur la continuit\u00e9 avec Erich Th\u00f6nnes | Vie Associative\",\"isPartOf\":{\"@id\":\"https:\/\/vieassociative.be\/actualites\/#website\"},\"primaryImageOfPage\":{\"@id\":\"https:\/\/vieassociative.be\/actualites\/kabelwerk-mise-sur-la-continuite-avec-erich-thonnes\/#primaryimage\"},\"image\":{\"@id\":\"https:\/\/vieassociative.be\/actualites\/kabelwerk-mise-sur-la-continuite-avec-erich-thonnes\/#primaryimage\"},\"thumbnailUrl\":\"https:\/\/vieassociative.be\/actualites\/wp-content\/uploads\/2026\/04\/Kabelwerk-mise-sur-la-continuite-avec-Erich-Thonnes.jpg\",\"datePublished\":\"2026-04-20T09:17:29+00:00\",\"dateModified\":\"2026-04-20T09:17:29+00:00\",\"breadcrumb\":{\"@id\":\"https:\/\/vieassociative.be\/actualites\/kabelwerk-mise-sur-la-continuite-avec-erich-thonnes\/#breadcrumb\"},\"inLanguage\":\"fr-BE\",\"potentialAction\":[{\"@type\":\"ReadAction\",\"target\":[\"https:\/\/vieassociative.be\/actualites\/kabelwerk-mise-sur-la-continuite-avec-erich-thonnes\/\"]}]},{\"@type\":\"ImageObject\",\"inLanguage\":\"fr-BE\",\"@id\":\"https:\/\/vieassociative.be\/actualites\/kabelwerk-mise-sur-la-continuite-avec-erich-thonnes\/#primaryimage\",\"url\":\"https:\/\/vieassociative.be\/actualites\/wp-content\/uploads\/2026\/04\/Kabelwerk-mise-sur-la-continuite-avec-Erich-Thonnes.jpg\",\"contentUrl\":\"https:\/\/vieassociative.be\/actualites\/wp-content\/uploads\/2026\/04\/Kabelwerk-mise-sur-la-continuite-avec-Erich-Thonnes.jpg\",\"width\":1542,\"height\":1021,\"caption\":\"Kabelwerk mise sur la continuit\u00e9 avec Erich Th\u00f6nnes\"},{\"@type\":\"BreadcrumbList\",\"@id\":\"https:\/\/vieassociative.be\/actualites\/kabelwerk-mise-sur-la-continuite-avec-erich-thonnes\/#breadcrumb\",\"itemListElement\":[{\"@type\":\"ListItem\",\"position\":1,\"name\":\"Accueil\",\"item\":\"https:\/\/vieassociative.be\/actualites\/\"},{\"@type\":\"ListItem\",\"position\":2,\"name\":\"Kabelwerk mise sur la continuit\u00e9 avec Erich Th\u00f6nnes\"}]},{\"@type\":\"WebSite\",\"@id\":\"https:\/\/vieassociative.be\/actualites\/#website\",\"url\":\"https:\/\/vieassociative.be\/actualites\/\",\"name\":\"Vie Associative\",\"description\":\"\",\"publisher\":{\"@id\":\"https:\/\/vieassociative.be\/actualites\/#organization\"},\"potentialAction\":[{\"@type\":\"SearchAction\",\"target\":{\"@type\":\"EntryPoint\",\"urlTemplate\":\"https:\/\/vieassociative.be\/actualites\/?s={search_term_string}\"},\"query-input\":{\"@type\":\"PropertyValueSpecification\",\"valueRequired\":true,\"valueName\":\"search_term_string\"}}],\"inLanguage\":\"fr-BE\"},{\"@type\":\"Organization\",\"@id\":\"https:\/\/vieassociative.be\/actualites\/#organization\",\"name\":\"Vie Associative\",\"url\":\"https:\/\/vieassociative.be\/actualites\/\",\"logo\":{\"@type\":\"ImageObject\",\"inLanguage\":\"fr-BE\",\"@id\":\"https:\/\/vieassociative.be\/actualites\/#\/schema\/logo\/image\/\",\"url\":\"https:\/\/vieassociative.be\/actualites\/wp-content\/uploads\/2024\/09\/cropped-vieassociative_favicon.ico.png\",\"contentUrl\":\"https:\/\/vieassociative.be\/actualites\/wp-content\/uploads\/2024\/09\/cropped-vieassociative_favicon.ico.png\",\"width\":512,\"height\":512,\"caption\":\"Vie Associative\"},\"image\":{\"@id\":\"https:\/\/vieassociative.be\/actualites\/#\/schema\/logo\/image\/\"}},{\"@type\":\"Person\",\"@id\":\"https:\/\/vieassociative.be\/actualites\/#\/schema\/person\/b87ac4f82f9d4e7b7cec7395b679edc4\",\"name\":\"Julien\",\"image\":{\"@type\":\"ImageObject\",\"inLanguage\":\"fr-BE\",\"@id\":\"https:\/\/vieassociative.be\/actualites\/#\/schema\/person\/image\/\",\"url\":\"https:\/\/vieassociative.be\/actualites\/wp-content\/uploads\/2024\/09\/vie-associative-1-150x150.jpg\",\"contentUrl\":\"https:\/\/vieassociative.be\/actualites\/wp-content\/uploads\/2024\/09\/vie-associative-1-150x150.jpg\",\"caption\":\"Julien\"},\"description\":\"Je suis Julien, r\u00e9dacteur pour Vie Associative. Passionn\u00e9 par le monde associatif depuis plus de 10 ans, j'ai \u00e0 c\u0153ur de partager des histoires inspirantes et de mettre en lumi\u00e8re les initiatives locales. Mon objectif est de sensibiliser et d'encourager l'engagement communautaire \u00e0 travers mes articles.\",\"sameAs\":[\"https:\/\/vieassociative.be\/\"]}]}<\/script>\n<!-- \/ Yoast SEO plugin. -->","yoast_head_json":{"title":"Kabelwerk mise sur la continuit\u00e9 avec Erich Th\u00f6nnes | Vie Associative","robots":{"index":"index","follow":"follow","max-snippet":"max-snippet:-1","max-image-preview":"max-image-preview:large","max-video-preview":"max-video-preview:-1"},"canonical":"https:\/\/vieassociative.be\/actualites\/kabelwerk-mise-sur-la-continuite-avec-erich-thonnes\/","og_locale":"fr_FR","og_type":"article","og_title":"Kabelwerk mise sur la continuit\u00e9 avec Erich Th\u00f6nnes | Vie Associative","og_description":"Erich Th\u00f6nnes est le nouveau pr\u00e9sident du comit\u00e9 ex\u00e9cutif et du conseil d&rsquo;administration de l&rsquo;Eupener Kabelwerk. \u00c0 l&rsquo;\u00e2ge de 94 ans, le natif d&rsquo;Elsenborn succ\u00e8de","og_url":"https:\/\/vieassociative.be\/actualites\/kabelwerk-mise-sur-la-continuite-avec-erich-thonnes\/","og_site_name":"Vie Associative","article_published_time":"2026-04-20T09:17:29+00:00","og_image":[{"width":279,"height":92,"url":"https:\/\/vieassociative.be\/actualites\/wp-content\/uploads\/2024\/09\/header_backgroundk-01-e1726694325946.png","type":"image\/png"}],"author":"Julien","twitter_card":"summary_large_image","twitter_misc":{"\u00c9crit par":"Julien","Dur\u00e9e de lecture est.":"1 minute"},"schema":{"@context":"https:\/\/schema.org","@graph":[{"@type":"Article","@id":"https:\/\/vieassociative.be\/actualites\/kabelwerk-mise-sur-la-continuite-avec-erich-thonnes\/#article","isPartOf":{"@id":"https:\/\/vieassociative.be\/actualites\/kabelwerk-mise-sur-la-continuite-avec-erich-thonnes\/"},"author":{"name":"Julien","@id":"https:\/\/vieassociative.be\/actualites\/#\/schema\/person\/b87ac4f82f9d4e7b7cec7395b679edc4"},"headline":"Kabelwerk mise sur la continuit\u00e9 avec Erich Th\u00f6nnes","datePublished":"2026-04-20T09:17:29+00:00","dateModified":"2026-04-20T09:17:29+00:00","mainEntityOfPage":{"@id":"https:\/\/vieassociative.be\/actualites\/kabelwerk-mise-sur-la-continuite-avec-erich-thonnes\/"},"wordCount":308,"publisher":{"@id":"https:\/\/vieassociative.be\/actualites\/#organization"},"image":{"@id":"https:\/\/vieassociative.be\/actualites\/kabelwerk-mise-sur-la-continuite-avec-erich-thonnes\/#primaryimage"},"thumbnailUrl":"https:\/\/vieassociative.be\/actualites\/wp-content\/uploads\/2026\/04\/Kabelwerk-mise-sur-la-continuite-avec-Erich-Thonnes.jpg","keywords":["avec","continuit\u00e9","Erich","Kabelwerk","mise","sur","Th\u00f6nnes"],"articleSection":["Belgique"],"inLanguage":"fr-BE"},{"@type":"WebPage","@id":"https:\/\/vieassociative.be\/actualites\/kabelwerk-mise-sur-la-continuite-avec-erich-thonnes\/","url":"https:\/\/vieassociative.be\/actualites\/kabelwerk-mise-sur-la-continuite-avec-erich-thonnes\/","name":"Kabelwerk mise sur la continuit\u00e9 avec Erich Th\u00f6nnes | Vie Associative","isPartOf":{"@id":"https:\/\/vieassociative.be\/actualites\/#website"},"primaryImageOfPage":{"@id":"https:\/\/vieassociative.be\/actualites\/kabelwerk-mise-sur-la-continuite-avec-erich-thonnes\/#primaryimage"},"image":{"@id":"https:\/\/vieassociative.be\/actualites\/kabelwerk-mise-sur-la-continuite-avec-erich-thonnes\/#primaryimage"},"thumbnailUrl":"https:\/\/vieassociative.be\/actualites\/wp-content\/uploads\/2026\/04\/Kabelwerk-mise-sur-la-continuite-avec-Erich-Thonnes.jpg","datePublished":"2026-04-20T09:17:29+00:00","dateModified":"2026-04-20T09:17:29+00:00","breadcrumb":{"@id":"https:\/\/vieassociative.be\/actualites\/kabelwerk-mise-sur-la-continuite-avec-erich-thonnes\/#breadcrumb"},"inLanguage":"fr-BE","potentialAction":[{"@type":"ReadAction","target":["https:\/\/vieassociative.be\/actualites\/kabelwerk-mise-sur-la-continuite-avec-erich-thonnes\/"]}]},{"@type":"ImageObject","inLanguage":"fr-BE","@id":"https:\/\/vieassociative.be\/actualites\/kabelwerk-mise-sur-la-continuite-avec-erich-thonnes\/#primaryimage","url":"https:\/\/vieassociative.be\/actualites\/wp-content\/uploads\/2026\/04\/Kabelwerk-mise-sur-la-continuite-avec-Erich-Thonnes.jpg","contentUrl":"https:\/\/vieassociative.be\/actualites\/wp-content\/uploads\/2026\/04\/Kabelwerk-mise-sur-la-continuite-avec-Erich-Thonnes.jpg","width":1542,"height":1021,"caption":"Kabelwerk mise sur la continuit\u00e9 avec Erich Th\u00f6nnes"},{"@type":"BreadcrumbList","@id":"https:\/\/vieassociative.be\/actualites\/kabelwerk-mise-sur-la-continuite-avec-erich-thonnes\/#breadcrumb","itemListElement":[{"@type":"ListItem","position":1,"name":"Accueil","item":"https:\/\/vieassociative.be\/actualites\/"},{"@type":"ListItem","position":2,"name":"Kabelwerk mise sur la continuit\u00e9 avec Erich Th\u00f6nnes"}]},{"@type":"WebSite","@id":"https:\/\/vieassociative.be\/actualites\/#website","url":"https:\/\/vieassociative.be\/actualites\/","name":"Vie Associative","description":"","publisher":{"@id":"https:\/\/vieassociative.be\/actualites\/#organization"},"potentialAction":[{"@type":"SearchAction","target":{"@type":"EntryPoint","urlTemplate":"https:\/\/vieassociative.be\/actualites\/?s={search_term_string}"},"query-input":{"@type":"PropertyValueSpecification","valueRequired":true,"valueName":"search_term_string"}}],"inLanguage":"fr-BE"},{"@type":"Organization","@id":"https:\/\/vieassociative.be\/actualites\/#organization","name":"Vie Associative","url":"https:\/\/vieassociative.be\/actualites\/","logo":{"@type":"ImageObject","inLanguage":"fr-BE","@id":"https:\/\/vieassociative.be\/actualites\/#\/schema\/logo\/image\/","url":"https:\/\/vieassociative.be\/actualites\/wp-content\/uploads\/2024\/09\/cropped-vieassociative_favicon.ico.png","contentUrl":"https:\/\/vieassociative.be\/actualites\/wp-content\/uploads\/2024\/09\/cropped-vieassociative_favicon.ico.png","width":512,"height":512,"caption":"Vie Associative"},"image":{"@id":"https:\/\/vieassociative.be\/actualites\/#\/schema\/logo\/image\/"}},{"@type":"Person","@id":"https:\/\/vieassociative.be\/actualites\/#\/schema\/person\/b87ac4f82f9d4e7b7cec7395b679edc4","name":"Julien","image":{"@type":"ImageObject","inLanguage":"fr-BE","@id":"https:\/\/vieassociative.be\/actualites\/#\/schema\/person\/image\/","url":"https:\/\/vieassociative.be\/actualites\/wp-content\/uploads\/2024\/09\/vie-associative-1-150x150.jpg","contentUrl":"https:\/\/vieassociative.be\/actualites\/wp-content\/uploads\/2024\/09\/vie-associative-1-150x150.jpg","caption":"Julien"},"description":"Je suis Julien, r\u00e9dacteur pour Vie Associative. Passionn\u00e9 par le monde associatif depuis plus de 10 ans, j'ai \u00e0 c\u0153ur de partager des histoires inspirantes et de mettre en lumi\u00e8re les initiatives locales. Mon objectif est de sensibiliser et d'encourager l'engagement communautaire \u00e0 travers mes articles.","sameAs":["https:\/\/vieassociative.be\/"]}]}},"_links":{"self":[{"href":"https:\/\/vieassociative.be\/actualites\/wp-json\/wp\/v2\/posts\/13514"}],"collection":[{"href":"https:\/\/vieassociative.be\/actualites\/wp-json\/wp\/v2\/posts"}],"about":[{"href":"https:\/\/vieassociative.be\/actualites\/wp-json\/wp\/v2\/types\/post"}],"author":[{"embeddable":true,"href":"https:\/\/vieassociative.be\/actualites\/wp-json\/wp\/v2\/users\/1"}],"replies":[{"embeddable":true,"href":"https:\/\/vieassociative.be\/actualites\/wp-json\/wp\/v2\/comments?post=13514"}],"version-history":[{"count":0,"href":"https:\/\/vieassociative.be\/actualites\/wp-json\/wp\/v2\/posts\/13514\/revisions"}],"wp:featuredmedia":[{"embeddable":true,"href":"https:\/\/vieassociative.be\/actualites\/wp-json\/wp\/v2\/media\/13515"}],"wp:attachment":[{"href":"https:\/\/vieassociative.be\/actualites\/wp-json\/wp\/v2\/media?parent=13514"}],"wp:term":[{"taxonomy":"category","embeddable":true,"href":"https:\/\/vieassociative.be\/actualites\/wp-json\/wp\/v2\/categories?post=13514"},{"taxonomy":"post_tag","embeddable":true,"href":"https:\/\/vieassociative.be\/actualites\/wp-json\/wp\/v2\/tags?post=13514"}],"curies":[{"name":"wp","href":"https:\/\/api.w.org\/{rel}","templated":true}]}}