{"id":13512,"date":"2026-04-20T10:17:39","date_gmt":"2026-04-20T08:17:39","guid":{"rendered":"https:\/\/vieassociative.be\/actualites\/cette-barre-de-son-sonos-avec-alexa-est-a-46-de-reduction-en-ce-moment\/"},"modified":"2026-04-20T10:17:39","modified_gmt":"2026-04-20T08:17:39","slug":"cette-barre-de-son-sonos-avec-alexa-est-a-46-de-reduction-en-ce-moment","status":"publish","type":"post","link":"https:\/\/vieassociative.be\/actualites\/cette-barre-de-son-sonos-avec-alexa-est-a-46-de-reduction-en-ce-moment\/","title":{"rendered":"Cette barre de son Sonos avec Alexa est \u00e0 46 % de r\u00e9duction en ce moment"},"content":{"rendered":"<p>Nous pouvons gagner une commission sur les liens sur cette page. Les prix et la disponibilit\u00e9 de l&rsquo;offre sont sujets \u00e0 changement apr\u00e8s la publication.<\/p>\n<p>Par rapport aux configurations d&rsquo;enceintes traditionnelles, les barres de son constituent une alternative abordable pour am\u00e9liorer le son de votre t\u00e9l\u00e9viseur sans encombrer votre espace. Certaines, comme la barre de son Sonos Beam Gen 1, sont \u00e9galement \u00e9quip\u00e9es d&rsquo;assistants vocaux int\u00e9gr\u00e9s et, \u00e0 l&rsquo;heure actuelle, un nouveau Sonos Beam est \u00e0 46 % de r\u00e9duction sur Woot, le ramenant \u00e0 269 $ (contre 499 $). Selon les outils de suivi des prix, cela repr\u00e9sente 30 $ de moins que son prix pr\u00e9c\u00e9dent le plus bas.<\/p>\n<div class=\"pogoClear mb-12 mt-10 rounded-md border-2 border-gray-100 py-7 shadow-xl md:py-6\">\n<div class=\"flex flex-wrap justify-between px-7 text-black no-underline md:flex-nowrap md:px-8\">\n<div class=\"order-1 mx-auto flex flex-col justify-center md:order-2 md:ml-4 md:w-full md:grow\">\n<div class=\"block cursor-pointer text-center font-akshar text-2xl font-medium leading-7 text-brand-green duration-200 ease-in-out hover:text-brand-green-700 md:text-left md:text-xl md:leading-6\">  Barre de son Sonos Beam (Gen 1)\n                <\/div>\n<div class=\"mt-4 hidden md:flex md:justify-between\">\n<div class=\"self-end\">\n<div class=\"mb-0 h-11 md:flex md:flex-col md:justify-center\">\n<div class=\" font-sans leading-4 text-black\">\n<div class=\"flex flex-wrap items-center justify-center gap-1 md:justify-start\">\n        <span class=\"font-bold\"><\/p>\n<p>            269,00\u00a0$<br \/>\n                            <span class=\"font-medium\">chez Woot<\/span><br \/>\n                    <\/span>\n            <\/div>\n<div class=\"flex items-center justify-center gap-x-1 font-bold md:justify-start\">\n            <span class=\"text-sm line-through\">499,00\u00a0$<\/span><br \/>\n            <span class=\"text-sm text-brand-green\">\u00c9conomisez 230,00\u00a0$<\/span>\n        <\/div>\n<\/p><\/div>\n<\/p><\/div>\n<\/p><\/div>\n<div class=\"w-44 self-end\">\n                            <button class=\"flex justify-center items-center w-full bg-brand-green text-white text-base font-sans font-medium rounded-md hover:bg-brand-green-700 hover:cursor-pointer md:text-sm h-11\"><\/p>\n<p>    Obtenez une offre<br \/>\n<\/button>\n                        <\/div>\n<\/p><\/div>\n<\/p><\/div>\n<div class=\"order-2 mt-5 h-auto w-full md:order-1 md:mt-0 md:hidden\">\n<div class=\"flex aspect-video items-center justify-center\">\n                                            <img decoding=\"async\" class=\"m-0 max-h-full max-w-full rounded-md\" src=\"https:\/\/vieassociative.be\/actualites\/wp-content\/uploads\/2026\/04\/Cette-barre-de-son-Sonos-avec-Alexa-est-a-46.jpg\" alt=\"Barre de son Sonos Beam Gen 1\" width=\"auto\" height=\"auto\" loading=\"lazy\">\n                                    <\/div>\n<\/p><\/div>\n<div class=\"order-2 ml-2 hidden w-32 shrink-0 items-center md:order-1 md:ml-0 md:flex\">\n<div class=\"flex aspect-video items-center justify-center\">\n                                            <img decoding=\"async\" class=\"m-0 max-h-full max-w-full rounded-md\" src=\"https:\/\/vieassociative.be\/actualites\/wp-content\/uploads\/2026\/04\/Cette-barre-de-son-Sonos-avec-Alexa-est-a-46.jpg\" alt=\"Barre de son Sonos Beam Gen 1\" width=\"auto\" height=\"auto\" loading=\"lazy\">\n                                    <\/div>\n<\/p><\/div>\n<div class=\"order-3 flex grow flex-wrap md:hidden md:grow-0\">\n<div class=\"mt-4 w-full\">\n                        <button class=\"flex justify-center items-center w-full bg-brand-green text-white text-base font-sans font-medium rounded-md hover:bg-brand-green-700 hover:cursor-pointer md:text-sm h-11\"><\/p>\n<p>    Obtenez une offre<br \/>\n<\/button>\n                    <\/div>\n<div class=\"mx-2 mt-4 w-full\">\n<div class=\" font-sans leading-4 text-black\">\n<div class=\"flex flex-wrap items-center justify-center gap-1 md:justify-start\">\n        <span class=\"font-bold\"><\/p>\n<p>            269,00\u00a0$<br \/>\n                            <span class=\"font-medium\">chez Woot<\/span><br \/>\n                    <\/span>\n            <\/div>\n<div class=\"flex items-center justify-center gap-x-1 font-bold md:justify-start\">\n            <span class=\"text-sm line-through\">499,00\u00a0$<\/span><br \/>\n            <span class=\"text-sm text-brand-green\">\u00c9conomisez 230,00\u00a0$<\/span>\n        <\/div>\n<\/p><\/div>\n<\/p><\/div>\n<\/p><\/div>\n<\/p><\/div>\n<\/div>\n<p>Faisant \u00e9galement office de cin\u00e9ma maison sans fil et de haut-parleur musical, le Sonos Beam int\u00e8gre Alexa, vous permettant de le contr\u00f4ler en mains libres et de r\u00e9gler des alarmes ou de consulter les actualit\u00e9s et la m\u00e9t\u00e9o.  Mesurant 2,7 x 25,7 x 4,0 pouces (HWD), il a un faible encombrement et un look \u00e9pur\u00e9.<\/p>\n<p>Malgr\u00e9 son \u00e2ge \u2013 il a remport\u00e9 le prix PCMag \u00ab Meilleur de l\u2019ann\u00e9e \u00bb en 2018 \u2013 il a bien r\u00e9sist\u00e9 en tant que syst\u00e8me audio monobloc qui regroupe la puissance audio dans un petit bo\u00eetier. La plate-forme Sonos prend en charge 50 services de streaming musical et le panneau sup\u00e9rieur dispose de trois commandes tactiles pour la lecture, le saut de piste et le volume. Il n&rsquo;est pas livr\u00e9 avec une t\u00e9l\u00e9commande, mais il peut \u00eatre configur\u00e9 pour fonctionner avec la t\u00e9l\u00e9commande de votre t\u00e9l\u00e9viseur.<\/p>\n<p>Bien qu&rsquo;elle ne puisse pas simuler un son surround directionnel, la barre de son dispose de quatre woofers, de trois radiateurs passifs et d&rsquo;un seul tweeter pour un son immersif et clair qui remplit une pi\u00e8ce. Si vous recherchez un syst\u00e8me d&rsquo;enceintes puissant mais discret, la barre de son Sonos Beam Gen 1 est une option fiable.<\/p>\n<div class=\" relative flex justify-center py-16 md:left-1\/2 md:w-(780px) md:max-w-max md:-translate-x-1\/2\">\n<div class=\"w-max text-center sm:text-left\">\n<div class=\"custom-gradient-background mb-6 rounded-md p-(2px) sm:rounded-tl-none\">\n<div class=\"flex flex-col rounded bg-white sm:rounded-tl-none\">\n                    <span class=\"-mt-4 block w-fit max-w-(calc(100%-1rem)) self-center bg-white px-3 text-center font-akshar text-xl font-medium capitalize text-gray-800 sm:max-w-(calc(100%-2.5rem)) sm:self-start sm:px-10 sm:text-left sm:text-2xl\">Nos meilleures offres technologiques approuv\u00e9es par les \u00e9diteurs en ce moment<\/span><\/p>\n<div class=\"flex flex-col gap-3 p-3 pb-4 text-sm sm:p-10 sm:pt-6 sm:text-justify sm:text-base\">\n<div>\n<p>    \u00c9couteurs sans fil Apple AirPods Pro 3 \u00e0 r\u00e9duction de bruit et fr\u00e9quence cardiaque<\/p>\n<p>                                <span class=\"text-black\"><br \/>\n                                    \u2014<br \/>\n                                    <span class=\"font-bold\">199,99\u00a0$<\/span><br \/>\n                                    <span class=\"!text-xs italic sm:!text-sm\"><\/p>\n<p>                                        (Prix catalogue 249,00 $)<br \/>\n                                    <\/span><br \/>\n                                <\/span>\n                            <\/div>\n<div>\n<p>    Apple iPad 11&Prime; 128 Go A16 WiFi Tablette (Bleu, 2025)<\/p>\n<p>                                <span class=\"text-black\"><br \/>\n                                    \u2014<br \/>\n                                    <span class=\"font-bold\">299,00\u00a0$<\/span><br \/>\n                                    <span class=\"!text-xs italic sm:!text-sm\"><\/p>\n<p>                                        (Prix catalogue 349,00 $)<br \/>\n                                    <\/span><br \/>\n                                <\/span>\n                            <\/div>\n<div>\n<p>    Apple Watch Series 11 (GPS, 42 mm, bracelet sport noir S\/M)<\/p>\n<p>                                <span class=\"text-black\"><br \/>\n                                    \u2014<br \/>\n                                    <span class=\"font-bold\">299,00\u00a0$<\/span><br \/>\n                                    <span class=\"!text-xs italic sm:!text-sm\"><\/p>\n<p>                                        (Prix catalogue 399,00 $)<br \/>\n                                    <\/span><br \/>\n                                <\/span>\n                            <\/div>\n<div>\n<p>    Lecteur de streaming Fire TV Stick 4K Plus avec t\u00e9l\u00e9commande (mod\u00e8le 2025)<\/p>\n<p>                                <span class=\"text-black\"><br \/>\n                                    \u2014<br \/>\n                                    <span class=\"font-bold\">29,99\u00a0$<\/span><br \/>\n                                    <span class=\"!text-xs italic sm:!text-sm\"><\/p>\n<p>                                        (Prix catalogue 49,99 $)<br \/>\n                                    <\/span><br \/>\n                                <\/span>\n                            <\/div>\n<div>\n<p>    Barre de son Amazon Fire TV<\/p>\n<p>                                <span class=\"text-black\"><br \/>\n                                    \u2014<br \/>\n                                    <span class=\"font-bold\">99,99\u00a0$<\/span><br \/>\n                                    <span class=\"!text-xs italic sm:!text-sm\"><\/p>\n<p>                                        (Prix catalogue 119,99 $)<br \/>\n                                    <\/span><br \/>\n                                <\/span>\n                            <\/div>\n<div>\n<p>    Sonnette vid\u00e9o sans fil Blink (mod\u00e8le le plus r\u00e9cent) + module de synchronisation<\/p>\n<p>                                <span class=\"text-black\"><br \/>\n                                    \u2014<br \/>\n                                    <span class=\"font-bold\">35,99\u00a0$<\/span><br \/>\n                                    <span class=\"!text-xs italic sm:!text-sm\"><\/p>\n<p>                                        (Prix catalogue 69,99 $)<br \/>\n                                    <\/span><br \/>\n                                <\/span>\n                            <\/div>\n<div>\n<p>    Ring Indoor Cam (2e g\u00e9n\u00e9ration, paquet de 2, blanc)<\/p>\n<p>                                <span class=\"text-black\"><br \/>\n                                    \u2014<br \/>\n                                    <span class=\"font-bold\">59,98\u00a0$<\/span><br \/>\n                                    <span class=\"!text-xs italic sm:!text-sm\"><\/p>\n<p>                                        (Prix catalogue 79,99 $)<br \/>\n                                    <\/span><br \/>\n                                <\/span>\n                            <\/div>\n<\/p><\/div>\n<\/p><\/div>\n<\/p><\/div>\n<div class=\"flex flex-col items-center justify-between text-black sm:flex-row sm:px-6\">\n                <span class=\"text-xs italic sm:ml-7 sm:text-sm\">Les offres sont s\u00e9lectionn\u00e9es par notre \u00e9quipe commerciale<\/span><\/p><\/div>\n<\/p><\/div>\n<\/p><\/div>\n","protected":false},"excerpt":{"rendered":"<p>Nous pouvons gagner une commission sur les liens sur cette page. Les prix et la disponibilit\u00e9 de l&rsquo;offre sont sujets \u00e0 changement apr\u00e8s la publication.<\/p>\n","protected":false},"author":1,"featured_media":13513,"comment_status":"","ping_status":"","sticky":false,"template":"","format":"standard","meta":{"footnotes":""},"categories":[13],"tags":[3492,61,2178,206,76,1429,308,800,1834],"class_list":["post-13512","post","type-post","status-publish","format-standard","has-post-thumbnail","hentry","category-technologie","tag-alexa","tag-avec","tag-barre","tag-cette","tag-est","tag-moment","tag-reduction","tag-son","tag-sonos","generate-columns","tablet-grid-50","mobile-grid-100","grid-parent","grid-33"],"yoast_head":"<!-- This site is optimized with the Yoast SEO plugin v24.0 - https:\/\/yoast.com\/wordpress\/plugins\/seo\/ -->\n<title>Cette barre de son Sonos avec Alexa est \u00e0 46 % de r\u00e9duction en ce moment | Vie Associative<\/title>\n<meta name=\"robots\" content=\"index, follow, max-snippet:-1, max-image-preview:large, max-video-preview:-1\" \/>\n<link rel=\"canonical\" href=\"https:\/\/vieassociative.be\/actualites\/cette-barre-de-son-sonos-avec-alexa-est-a-46-de-reduction-en-ce-moment\/\" \/>\n<meta property=\"og:locale\" content=\"fr_FR\" \/>\n<meta property=\"og:type\" content=\"article\" \/>\n<meta property=\"og:title\" content=\"Cette barre de son Sonos avec Alexa est \u00e0 46 % de r\u00e9duction en ce moment | Vie Associative\" \/>\n<meta property=\"og:description\" content=\"Nous pouvons gagner une commission sur les liens sur cette page. Les prix et la disponibilit\u00e9 de l&rsquo;offre sont sujets \u00e0 changement apr\u00e8s la publication.\" \/>\n<meta property=\"og:url\" content=\"https:\/\/vieassociative.be\/actualites\/cette-barre-de-son-sonos-avec-alexa-est-a-46-de-reduction-en-ce-moment\/\" \/>\n<meta property=\"og:site_name\" content=\"Vie Associative\" \/>\n<meta property=\"article:published_time\" content=\"2026-04-20T08:17:39+00:00\" \/>\n<meta property=\"og:image\" content=\"https:\/\/vieassociative.be\/actualites\/wp-content\/uploads\/2026\/04\/Cette-barre-de-son-Sonos-avec-Alexa-est-a-46.jpg\" \/>\n<meta name=\"author\" content=\"Julien\" \/>\n<meta name=\"twitter:card\" content=\"summary_large_image\" \/>\n<meta name=\"twitter:label1\" content=\"\u00c9crit par\" \/>\n\t<meta name=\"twitter:data1\" content=\"Julien\" \/>\n\t<meta name=\"twitter:label2\" content=\"Dur\u00e9e de lecture est.\" \/>\n\t<meta name=\"twitter:data2\" content=\"2 minutes\" \/>\n<script type=\"application\/ld+json\" class=\"yoast-schema-graph\">{\"@context\":\"https:\/\/schema.org\",\"@graph\":[{\"@type\":\"Article\",\"@id\":\"https:\/\/vieassociative.be\/actualites\/cette-barre-de-son-sonos-avec-alexa-est-a-46-de-reduction-en-ce-moment\/#article\",\"isPartOf\":{\"@id\":\"https:\/\/vieassociative.be\/actualites\/cette-barre-de-son-sonos-avec-alexa-est-a-46-de-reduction-en-ce-moment\/\"},\"author\":{\"name\":\"Julien\",\"@id\":\"https:\/\/vieassociative.be\/actualites\/#\/schema\/person\/b87ac4f82f9d4e7b7cec7395b679edc4\"},\"headline\":\"Cette barre de son Sonos avec Alexa est \u00e0 46 % de r\u00e9duction en ce moment\",\"datePublished\":\"2026-04-20T08:17:39+00:00\",\"dateModified\":\"2026-04-20T08:17:39+00:00\",\"mainEntityOfPage\":{\"@id\":\"https:\/\/vieassociative.be\/actualites\/cette-barre-de-son-sonos-avec-alexa-est-a-46-de-reduction-en-ce-moment\/\"},\"wordCount\":470,\"publisher\":{\"@id\":\"https:\/\/vieassociative.be\/actualites\/#organization\"},\"image\":{\"@id\":\"https:\/\/vieassociative.be\/actualites\/cette-barre-de-son-sonos-avec-alexa-est-a-46-de-reduction-en-ce-moment\/#primaryimage\"},\"thumbnailUrl\":\"https:\/\/vieassociative.be\/actualites\/wp-content\/uploads\/2026\/04\/Cette-barre-de-son-Sonos-avec-Alexa-est-a-46.png\",\"keywords\":[\"Alexa\",\"avec\",\"barre\",\"cette\",\"est\",\"moment\",\"r\u00e9duction\",\"son\",\"Sonos\"],\"articleSection\":[\"Technologie\"],\"inLanguage\":\"fr-BE\"},{\"@type\":\"WebPage\",\"@id\":\"https:\/\/vieassociative.be\/actualites\/cette-barre-de-son-sonos-avec-alexa-est-a-46-de-reduction-en-ce-moment\/\",\"url\":\"https:\/\/vieassociative.be\/actualites\/cette-barre-de-son-sonos-avec-alexa-est-a-46-de-reduction-en-ce-moment\/\",\"name\":\"Cette barre de son Sonos avec Alexa est \u00e0 46 % de r\u00e9duction en ce moment | Vie Associative\",\"isPartOf\":{\"@id\":\"https:\/\/vieassociative.be\/actualites\/#website\"},\"primaryImageOfPage\":{\"@id\":\"https:\/\/vieassociative.be\/actualites\/cette-barre-de-son-sonos-avec-alexa-est-a-46-de-reduction-en-ce-moment\/#primaryimage\"},\"image\":{\"@id\":\"https:\/\/vieassociative.be\/actualites\/cette-barre-de-son-sonos-avec-alexa-est-a-46-de-reduction-en-ce-moment\/#primaryimage\"},\"thumbnailUrl\":\"https:\/\/vieassociative.be\/actualites\/wp-content\/uploads\/2026\/04\/Cette-barre-de-son-Sonos-avec-Alexa-est-a-46.png\",\"datePublished\":\"2026-04-20T08:17:39+00:00\",\"dateModified\":\"2026-04-20T08:17:39+00:00\",\"breadcrumb\":{\"@id\":\"https:\/\/vieassociative.be\/actualites\/cette-barre-de-son-sonos-avec-alexa-est-a-46-de-reduction-en-ce-moment\/#breadcrumb\"},\"inLanguage\":\"fr-BE\",\"potentialAction\":[{\"@type\":\"ReadAction\",\"target\":[\"https:\/\/vieassociative.be\/actualites\/cette-barre-de-son-sonos-avec-alexa-est-a-46-de-reduction-en-ce-moment\/\"]}]},{\"@type\":\"ImageObject\",\"inLanguage\":\"fr-BE\",\"@id\":\"https:\/\/vieassociative.be\/actualites\/cette-barre-de-son-sonos-avec-alexa-est-a-46-de-reduction-en-ce-moment\/#primaryimage\",\"url\":\"https:\/\/vieassociative.be\/actualites\/wp-content\/uploads\/2026\/04\/Cette-barre-de-son-Sonos-avec-Alexa-est-a-46.png\",\"contentUrl\":\"https:\/\/vieassociative.be\/actualites\/wp-content\/uploads\/2026\/04\/Cette-barre-de-son-Sonos-avec-Alexa-est-a-46.png\",\"width\":1200,\"height\":675,\"caption\":\"Cette barre de son Sonos avec Alexa est \u00e0 46 % de r\u00e9duction en ce moment\"},{\"@type\":\"BreadcrumbList\",\"@id\":\"https:\/\/vieassociative.be\/actualites\/cette-barre-de-son-sonos-avec-alexa-est-a-46-de-reduction-en-ce-moment\/#breadcrumb\",\"itemListElement\":[{\"@type\":\"ListItem\",\"position\":1,\"name\":\"Accueil\",\"item\":\"https:\/\/vieassociative.be\/actualites\/\"},{\"@type\":\"ListItem\",\"position\":2,\"name\":\"Cette barre de son Sonos avec Alexa est \u00e0 46 % de r\u00e9duction en ce moment\"}]},{\"@type\":\"WebSite\",\"@id\":\"https:\/\/vieassociative.be\/actualites\/#website\",\"url\":\"https:\/\/vieassociative.be\/actualites\/\",\"name\":\"Vie Associative\",\"description\":\"\",\"publisher\":{\"@id\":\"https:\/\/vieassociative.be\/actualites\/#organization\"},\"potentialAction\":[{\"@type\":\"SearchAction\",\"target\":{\"@type\":\"EntryPoint\",\"urlTemplate\":\"https:\/\/vieassociative.be\/actualites\/?s={search_term_string}\"},\"query-input\":{\"@type\":\"PropertyValueSpecification\",\"valueRequired\":true,\"valueName\":\"search_term_string\"}}],\"inLanguage\":\"fr-BE\"},{\"@type\":\"Organization\",\"@id\":\"https:\/\/vieassociative.be\/actualites\/#organization\",\"name\":\"Vie Associative\",\"url\":\"https:\/\/vieassociative.be\/actualites\/\",\"logo\":{\"@type\":\"ImageObject\",\"inLanguage\":\"fr-BE\",\"@id\":\"https:\/\/vieassociative.be\/actualites\/#\/schema\/logo\/image\/\",\"url\":\"https:\/\/vieassociative.be\/actualites\/wp-content\/uploads\/2024\/09\/cropped-vieassociative_favicon.ico.png\",\"contentUrl\":\"https:\/\/vieassociative.be\/actualites\/wp-content\/uploads\/2024\/09\/cropped-vieassociative_favicon.ico.png\",\"width\":512,\"height\":512,\"caption\":\"Vie Associative\"},\"image\":{\"@id\":\"https:\/\/vieassociative.be\/actualites\/#\/schema\/logo\/image\/\"}},{\"@type\":\"Person\",\"@id\":\"https:\/\/vieassociative.be\/actualites\/#\/schema\/person\/b87ac4f82f9d4e7b7cec7395b679edc4\",\"name\":\"Julien\",\"image\":{\"@type\":\"ImageObject\",\"inLanguage\":\"fr-BE\",\"@id\":\"https:\/\/vieassociative.be\/actualites\/#\/schema\/person\/image\/\",\"url\":\"https:\/\/vieassociative.be\/actualites\/wp-content\/uploads\/2024\/09\/vie-associative-1-150x150.jpg\",\"contentUrl\":\"https:\/\/vieassociative.be\/actualites\/wp-content\/uploads\/2024\/09\/vie-associative-1-150x150.jpg\",\"caption\":\"Julien\"},\"description\":\"Je suis Julien, r\u00e9dacteur pour Vie Associative. Passionn\u00e9 par le monde associatif depuis plus de 10 ans, j'ai \u00e0 c\u0153ur de partager des histoires inspirantes et de mettre en lumi\u00e8re les initiatives locales. Mon objectif est de sensibiliser et d'encourager l'engagement communautaire \u00e0 travers mes articles.\",\"sameAs\":[\"https:\/\/vieassociative.be\/\"]}]}<\/script>\n<!-- \/ Yoast SEO plugin. -->","yoast_head_json":{"title":"Cette barre de son Sonos avec Alexa est \u00e0 46 % de r\u00e9duction en ce moment | Vie Associative","robots":{"index":"index","follow":"follow","max-snippet":"max-snippet:-1","max-image-preview":"max-image-preview:large","max-video-preview":"max-video-preview:-1"},"canonical":"https:\/\/vieassociative.be\/actualites\/cette-barre-de-son-sonos-avec-alexa-est-a-46-de-reduction-en-ce-moment\/","og_locale":"fr_FR","og_type":"article","og_title":"Cette barre de son Sonos avec Alexa est \u00e0 46 % de r\u00e9duction en ce moment | Vie Associative","og_description":"Nous pouvons gagner une commission sur les liens sur cette page. Les prix et la disponibilit\u00e9 de l&rsquo;offre sont sujets \u00e0 changement apr\u00e8s la publication.","og_url":"https:\/\/vieassociative.be\/actualites\/cette-barre-de-son-sonos-avec-alexa-est-a-46-de-reduction-en-ce-moment\/","og_site_name":"Vie Associative","article_published_time":"2026-04-20T08:17:39+00:00","og_image":[{"url":"https:\/\/vieassociative.be\/actualites\/wp-content\/uploads\/2026\/04\/Cette-barre-de-son-Sonos-avec-Alexa-est-a-46.jpg","type":"","width":"","height":""}],"author":"Julien","twitter_card":"summary_large_image","twitter_misc":{"\u00c9crit par":"Julien","Dur\u00e9e de lecture est.":"2 minutes"},"schema":{"@context":"https:\/\/schema.org","@graph":[{"@type":"Article","@id":"https:\/\/vieassociative.be\/actualites\/cette-barre-de-son-sonos-avec-alexa-est-a-46-de-reduction-en-ce-moment\/#article","isPartOf":{"@id":"https:\/\/vieassociative.be\/actualites\/cette-barre-de-son-sonos-avec-alexa-est-a-46-de-reduction-en-ce-moment\/"},"author":{"name":"Julien","@id":"https:\/\/vieassociative.be\/actualites\/#\/schema\/person\/b87ac4f82f9d4e7b7cec7395b679edc4"},"headline":"Cette barre de son Sonos avec Alexa est \u00e0 46 % de r\u00e9duction en ce moment","datePublished":"2026-04-20T08:17:39+00:00","dateModified":"2026-04-20T08:17:39+00:00","mainEntityOfPage":{"@id":"https:\/\/vieassociative.be\/actualites\/cette-barre-de-son-sonos-avec-alexa-est-a-46-de-reduction-en-ce-moment\/"},"wordCount":470,"publisher":{"@id":"https:\/\/vieassociative.be\/actualites\/#organization"},"image":{"@id":"https:\/\/vieassociative.be\/actualites\/cette-barre-de-son-sonos-avec-alexa-est-a-46-de-reduction-en-ce-moment\/#primaryimage"},"thumbnailUrl":"https:\/\/vieassociative.be\/actualites\/wp-content\/uploads\/2026\/04\/Cette-barre-de-son-Sonos-avec-Alexa-est-a-46.png","keywords":["Alexa","avec","barre","cette","est","moment","r\u00e9duction","son","Sonos"],"articleSection":["Technologie"],"inLanguage":"fr-BE"},{"@type":"WebPage","@id":"https:\/\/vieassociative.be\/actualites\/cette-barre-de-son-sonos-avec-alexa-est-a-46-de-reduction-en-ce-moment\/","url":"https:\/\/vieassociative.be\/actualites\/cette-barre-de-son-sonos-avec-alexa-est-a-46-de-reduction-en-ce-moment\/","name":"Cette barre de son Sonos avec Alexa est \u00e0 46 % de r\u00e9duction en ce moment | Vie Associative","isPartOf":{"@id":"https:\/\/vieassociative.be\/actualites\/#website"},"primaryImageOfPage":{"@id":"https:\/\/vieassociative.be\/actualites\/cette-barre-de-son-sonos-avec-alexa-est-a-46-de-reduction-en-ce-moment\/#primaryimage"},"image":{"@id":"https:\/\/vieassociative.be\/actualites\/cette-barre-de-son-sonos-avec-alexa-est-a-46-de-reduction-en-ce-moment\/#primaryimage"},"thumbnailUrl":"https:\/\/vieassociative.be\/actualites\/wp-content\/uploads\/2026\/04\/Cette-barre-de-son-Sonos-avec-Alexa-est-a-46.png","datePublished":"2026-04-20T08:17:39+00:00","dateModified":"2026-04-20T08:17:39+00:00","breadcrumb":{"@id":"https:\/\/vieassociative.be\/actualites\/cette-barre-de-son-sonos-avec-alexa-est-a-46-de-reduction-en-ce-moment\/#breadcrumb"},"inLanguage":"fr-BE","potentialAction":[{"@type":"ReadAction","target":["https:\/\/vieassociative.be\/actualites\/cette-barre-de-son-sonos-avec-alexa-est-a-46-de-reduction-en-ce-moment\/"]}]},{"@type":"ImageObject","inLanguage":"fr-BE","@id":"https:\/\/vieassociative.be\/actualites\/cette-barre-de-son-sonos-avec-alexa-est-a-46-de-reduction-en-ce-moment\/#primaryimage","url":"https:\/\/vieassociative.be\/actualites\/wp-content\/uploads\/2026\/04\/Cette-barre-de-son-Sonos-avec-Alexa-est-a-46.png","contentUrl":"https:\/\/vieassociative.be\/actualites\/wp-content\/uploads\/2026\/04\/Cette-barre-de-son-Sonos-avec-Alexa-est-a-46.png","width":1200,"height":675,"caption":"Cette barre de son Sonos avec Alexa est \u00e0 46 % de r\u00e9duction en ce moment"},{"@type":"BreadcrumbList","@id":"https:\/\/vieassociative.be\/actualites\/cette-barre-de-son-sonos-avec-alexa-est-a-46-de-reduction-en-ce-moment\/#breadcrumb","itemListElement":[{"@type":"ListItem","position":1,"name":"Accueil","item":"https:\/\/vieassociative.be\/actualites\/"},{"@type":"ListItem","position":2,"name":"Cette barre de son Sonos avec Alexa est \u00e0 46 % de r\u00e9duction en ce moment"}]},{"@type":"WebSite","@id":"https:\/\/vieassociative.be\/actualites\/#website","url":"https:\/\/vieassociative.be\/actualites\/","name":"Vie Associative","description":"","publisher":{"@id":"https:\/\/vieassociative.be\/actualites\/#organization"},"potentialAction":[{"@type":"SearchAction","target":{"@type":"EntryPoint","urlTemplate":"https:\/\/vieassociative.be\/actualites\/?s={search_term_string}"},"query-input":{"@type":"PropertyValueSpecification","valueRequired":true,"valueName":"search_term_string"}}],"inLanguage":"fr-BE"},{"@type":"Organization","@id":"https:\/\/vieassociative.be\/actualites\/#organization","name":"Vie Associative","url":"https:\/\/vieassociative.be\/actualites\/","logo":{"@type":"ImageObject","inLanguage":"fr-BE","@id":"https:\/\/vieassociative.be\/actualites\/#\/schema\/logo\/image\/","url":"https:\/\/vieassociative.be\/actualites\/wp-content\/uploads\/2024\/09\/cropped-vieassociative_favicon.ico.png","contentUrl":"https:\/\/vieassociative.be\/actualites\/wp-content\/uploads\/2024\/09\/cropped-vieassociative_favicon.ico.png","width":512,"height":512,"caption":"Vie Associative"},"image":{"@id":"https:\/\/vieassociative.be\/actualites\/#\/schema\/logo\/image\/"}},{"@type":"Person","@id":"https:\/\/vieassociative.be\/actualites\/#\/schema\/person\/b87ac4f82f9d4e7b7cec7395b679edc4","name":"Julien","image":{"@type":"ImageObject","inLanguage":"fr-BE","@id":"https:\/\/vieassociative.be\/actualites\/#\/schema\/person\/image\/","url":"https:\/\/vieassociative.be\/actualites\/wp-content\/uploads\/2024\/09\/vie-associative-1-150x150.jpg","contentUrl":"https:\/\/vieassociative.be\/actualites\/wp-content\/uploads\/2024\/09\/vie-associative-1-150x150.jpg","caption":"Julien"},"description":"Je suis Julien, r\u00e9dacteur pour Vie Associative. Passionn\u00e9 par le monde associatif depuis plus de 10 ans, j'ai \u00e0 c\u0153ur de partager des histoires inspirantes et de mettre en lumi\u00e8re les initiatives locales. Mon objectif est de sensibiliser et d'encourager l'engagement communautaire \u00e0 travers mes articles.","sameAs":["https:\/\/vieassociative.be\/"]}]}},"_links":{"self":[{"href":"https:\/\/vieassociative.be\/actualites\/wp-json\/wp\/v2\/posts\/13512"}],"collection":[{"href":"https:\/\/vieassociative.be\/actualites\/wp-json\/wp\/v2\/posts"}],"about":[{"href":"https:\/\/vieassociative.be\/actualites\/wp-json\/wp\/v2\/types\/post"}],"author":[{"embeddable":true,"href":"https:\/\/vieassociative.be\/actualites\/wp-json\/wp\/v2\/users\/1"}],"replies":[{"embeddable":true,"href":"https:\/\/vieassociative.be\/actualites\/wp-json\/wp\/v2\/comments?post=13512"}],"version-history":[{"count":0,"href":"https:\/\/vieassociative.be\/actualites\/wp-json\/wp\/v2\/posts\/13512\/revisions"}],"wp:featuredmedia":[{"embeddable":true,"href":"https:\/\/vieassociative.be\/actualites\/wp-json\/wp\/v2\/media\/13513"}],"wp:attachment":[{"href":"https:\/\/vieassociative.be\/actualites\/wp-json\/wp\/v2\/media?parent=13512"}],"wp:term":[{"taxonomy":"category","embeddable":true,"href":"https:\/\/vieassociative.be\/actualites\/wp-json\/wp\/v2\/categories?post=13512"},{"taxonomy":"post_tag","embeddable":true,"href":"https:\/\/vieassociative.be\/actualites\/wp-json\/wp\/v2\/tags?post=13512"}],"curies":[{"name":"wp","href":"https:\/\/api.w.org\/{rel}","templated":true}]}}