{"id":13510,"date":"2026-04-20T04:18:45","date_gmt":"2026-04-20T02:18:45","guid":{"rendered":"https:\/\/vieassociative.be\/actualites\/cette-annonce-technique-etait-si-mauvaise-que-la-societe-sest-excusee\/"},"modified":"2026-04-20T04:18:45","modified_gmt":"2026-04-20T02:18:45","slug":"cette-annonce-technique-etait-si-mauvaise-que-la-societe-sest-excusee","status":"publish","type":"post","link":"https:\/\/vieassociative.be\/actualites\/cette-annonce-technique-etait-si-mauvaise-que-la-societe-sest-excusee\/","title":{"rendered":"Cette annonce technique \u00e9tait si mauvaise que la soci\u00e9t\u00e9 s&rsquo;est excus\u00e9e"},"content":{"rendered":"<p>Lorsque vous servez un march\u00e9 de niche comme les passionn\u00e9s de liseuses \u00e9lectroniques (le genre de personnes qui peuvent nommer cinq appareils \u00e0 encre \u00e9lectronique diff\u00e9rents qui ne sont pas le Kindle d&rsquo;Amazon), vous feriez bien de pr\u00eater attention \u00e0 ce que disent vos clients et de r\u00e9agir en cons\u00e9quence. C&rsquo;est ce que l&rsquo;entreprise technologique chinoise Bigme a d\u00fb faire cette semaine : l&rsquo;annonce de son dernier smartphone a \u00e9t\u00e9 si mal accueillie que l&rsquo;entreprise a maintenant pr\u00e9sent\u00e9 ses excuses.<\/p>\n<p>Si vous avez rat\u00e9 la temp\u00eate dans cette th\u00e9i\u00e8re particuli\u00e8re, il y a quelques semaines, Bigme a taquin\u00e9 le nouvel appareil, le qualifiant de \u00ab premier \u00bb smartphone couleur \u00e0 double \u00e9cran \u00e0 encre \u00e9lectronique et LCD au monde. Il semble que la plupart des fans de Bigme aient imagin\u00e9 un appareil exactement comme celui que vous imaginez probablement\u00a0: un t\u00e9l\u00e9phone avec un \u00e9cran LCD pleine taille \u00e0 l&rsquo;avant et un \u00e9cran e-ink pleine taille \u00e0 l&rsquo;arri\u00e8re. Mais lorsque la soci\u00e9t\u00e9 a d\u00e9voil\u00e9 le soi-disant Hibreak Dual lundi dernier, cela ne ressemblait pas du tout \u00e0 cela.<\/p>\n<div class=\"eloquent-imagery-image\">\n<div class=\"flex justify-center\">\n                    <img decoding=\"async\" class=\"border border-gray-100\" src=\"https:\/\/vieassociative.be\/actualites\/wp-content\/uploads\/2026\/04\/Cette-annonce-technique-etait-si-mauvaise-que-la-societe-sest.png\" alt=\"Image du produit montrant les deux c\u00f4t\u00e9s du Hibreak Dual\" width=\"2000\" height=\"1125\" loading=\"lazy\">\n            <\/div>\n<div class=\"mt-2 font-akshar\">\n                            <span class=\"image-caption block text-sm leading-4 tracking-wide text-(#1F2937)\">Oh regarde, une horloge ! C&rsquo;est tellement utile ! Peu importe que l\u2019\u00e9cran e-ink\u2026 ait \u00e9galement une horloge.<\/span><br \/>\n                                        <span class=\"mt-1 block font-sans text-xs tracking-normal text-gray-600\">Cr\u00e9dit : Bigme<\/span>\n                    <\/div>\n<\/p><\/div>\n<p>Techniquement, le Hibreak Dual poss\u00e8de \u00e0 la fois des \u00e9crans e-ink et LCD, mais ce dernier est un \u00e9trange \u00e9cran circulaire de 360 \u200b\u200bx 360. Plut\u00f4t que de couvrir tout un c\u00f4t\u00e9 du t\u00e9l\u00e9phone, cela ressemble \u00e0 un autocollant que votre professeur a coll\u00e9 au dos pour r\u00e9compenser son effort. Les efforts de Bigme pour vanter son utilit\u00e9 (que ce soit pour afficher des notifications, prendre des selfies ou, euh, cr\u00e9er un animal de compagnie interactif aliment\u00e9 par l&rsquo;IA) n&rsquo;ont pas \u00e9t\u00e9 bien accueillis par la d\u00e9mo principale des utilisateurs du subreddit r\/Bigme. <\/p>\n<p>Voici un aper\u00e7u des r\u00e9ponses re\u00e7ues par la r\u00e9v\u00e9lation (et je vous promets que je ne s\u00e9lectionne pas uniquement les n\u00e9gatives)\u00a0:<\/p>\n<ul>\n<li>\n<p>\u00ab\u00a0Si Bigme \u00e9tait une plus grande entreprise, cela serait m\u00e9moris\u00e9 et moqu\u00e9 jusqu&rsquo;en enfer et vice-versa.\u00a0\u00bb<\/p>\n<\/li>\n<li>\n<p>\u00ab\u00a0On dirait des ordures, \u00e7a aurait pu \u00eatre bien si on mettait un demi-\u00e9cran de forme carr\u00e9e mais un petit \u00e9cran rond. Je parie qu&rsquo;ils n&rsquo;en vendent pas beaucoup. Je n&rsquo;en vois tout simplement pas l&rsquo;utilit\u00e9.\u00a0\u00bb<\/p>\n<\/li>\n<li>\n<p>\u00ab\u00a0Ils ont probablement rachet\u00e9 certains contrats d&rsquo;affichage circulaire d&rsquo;un produit de montre intelligente annul\u00e9. Ils ont ensuite essay\u00e9 au hasard de concevoir un nouveau produit bas\u00e9 sur ces \u00e9crans.\u00a0\u00bb<\/p>\n<\/li>\n<li>\n<p>\u00ab\u00a0Le t\u00e9l\u00e9phone \u00e0 double \u00e9cran \u00e9tait une tr\u00e8s bonne id\u00e9e. Tout ce qu&rsquo;ils avaient \u00e0 faire, c&rsquo;\u00e9tait de mettre un \u00e9cran pleine grandeur de chaque c\u00f4t\u00e9 et ils l&rsquo;ont compl\u00e8tement g\u00e2ch\u00e9.\u00a0\u00bb<\/p>\n<\/li>\n<li>\n<p>\u00ab\u00a0Je suis heureux que BigMe essaie, et je les soutiens. Mais un \u00e9cran circulaire sur un t\u00e9l\u00e9phone dot\u00e9 d&rsquo;un terrible appareil photo n&rsquo;est qu&rsquo;un gadget.\u00a0\u00bb<\/p>\n<\/li>\n<li>\n<p>\u00ab\u00a0Y a-t-il un \u00e9quivalent technologique des Razzies parce que c&rsquo;est un candidat\u00a0\u00bb<\/p>\n<\/li>\n<\/ul>\n<p>En fait, les retours ont \u00e9t\u00e9 si uniform\u00e9ment n\u00e9gatifs que Bigme a publi\u00e9 aujourd&rsquo;hui une longue d\u00e9claration s&rsquo;excusant d&rsquo;avoir rat\u00e9 la cible et promettant de faire mieux, tout en d\u00e9fendant le design controvers\u00e9.<\/p>\n<h2 id=\"bigmes-dual-screen-smartphone-apology-letter\">Lettre d&rsquo;excuses de Bigme pour smartphone \u00e0 double \u00e9cran<\/h2>\n<p>La d\u00e9claration s&rsquo;ouvre sur un mea culpa assez flagrant : \u00ab\u00a0R\u00e9cemment, nous avons lanc\u00e9 notre nouveau smartphone \u00e0 double \u00e9cran dot\u00e9 d&rsquo;un \u00e9cran principal E Ink et d&rsquo;un sous-\u00e9cran LCD, et nous avons re\u00e7u de nombreuses critiques et suggestions. Tout d&rsquo;abord, nous souhaitons vous remercier pour vos commentaires passionn\u00e9s sur ce nouveau produit. Nous avons soigneusement lu et enregistr\u00e9 chaque commentaire. Nous nous excusons sinc\u00e8rement pour toute d\u00e9ception ou frustration que cela a pu vous causer. \u00ab\u00a0<\/p>\n<p>\u00c0 partir de l\u00e0, la soci\u00e9t\u00e9 met en \u00e9vidence tous les points forts de l&rsquo;appareil, mais la plupart d&rsquo;entre eux ne sont que des sp\u00e9cifications de produit s&rsquo;appliquant au c\u00f4t\u00e9 e-ink de l&rsquo;appareil, notamment un taux de rafra\u00eechissement am\u00e9lior\u00e9, une connectivit\u00e9 5G, une fonctionnalit\u00e9 de stylet, la prise en charge des fonctionnalit\u00e9s typiques du t\u00e9l\u00e9phone telles que Bluetooth et NFC, et la possibilit\u00e9 de payer plus pour obtenir de la RAM suppl\u00e9mentaire. C&rsquo;est bien beau, mais je ne pense pas que beaucoup d&rsquo;utilisateurs aient eu un probl\u00e8me avec le concept d&rsquo;un t\u00e9l\u00e9phone e-ink performant.<\/p>\n<p>La partie de la d\u00e9claration d\u00e9fendant la d\u00e9cision de conception en r\u00e9alit\u00e9 inexplicable \u2013 cet \u00e9cran LCD circulaire \u2013 est moins convaincante (et un tout petit peu d\u00e9fensive) : \u00ab Quant au sous-\u00e9cran LCD, il n&rsquo;est peut-\u00eatre pas n\u00e9cessaire tout le temps, mais lorsque vous en avez besoin, il est l\u00e0. Bien que petit, le sous-\u00e9cran offre de nombreuses fonctionnalit\u00e9s&#8230; il aide et divertit, tandis que l&rsquo;\u00e9cran principal reste d\u00e9di\u00e9 \u00e0 l&rsquo;exp\u00e9rience e-ink conviviale. Un appareil, deux \u00e9crans, chacun brillant \u00e0 sa mani\u00e8re. dis-le.<\/p>\n<p>Cette affirmation \u00e9tait-elle n\u00e9cessaire ? Probablement pas : les clients qui ne veulent pas du Hibreak Dual ne peuvent tout simplement pas l&rsquo;acheter. Mais cela montre que la soci\u00e9t\u00e9 \u00e9coute \u00e9galement ses fans les plus critiques, ce qui compte probablement pour quelque chose. Et il semble que ces voix fortes aient effectivement \u00e9t\u00e9 entendues : \u00ab En tant que marque, nous avons profond\u00e9ment r\u00e9fl\u00e9chi \u00e0 nos d\u00e9fauts \u00bb, a \u00e9crit Bigme. \u00ab \u00c0 l&rsquo;avenir, avant de lancer un nouveau produit, nous m\u00e8nerons une \u00e9tude de march\u00e9 plus approfondie et nous engagerons dans une communication plus approfondie avec les utilisateurs pour mieux comprendre et r\u00e9pondre \u00e0 vos besoins r\u00e9els. Concernant le smartphone \u00ab E Ink + LCD double \u00e9cran \u00bb que beaucoup d&rsquo;entre vous attendaient avec impatience, il a d\u00e9sormais \u00e9t\u00e9 officiellement int\u00e9gr\u00e9 \u00e0 notre feuille de route R&#038;D, et nous ferons tout notre possible pour le faire avancer.<\/p>\n<p>Quant au Hibreak Dual, si vous souhaitez r\u00e9ellement en acheter un (peut-\u00eatre \u00eates-vous ce type ?), les pr\u00e9commandes sont d\u00e9sormais ouvertes sur le site Bigme.<\/p>\n","protected":false},"excerpt":{"rendered":"<p>Lorsque vous servez un march\u00e9 de niche comme les passionn\u00e9s de liseuses \u00e9lectroniques (le genre de personnes qui peuvent nommer cinq appareils \u00e0 encre \u00e9lectronique<\/p>\n","protected":false},"author":1,"featured_media":13511,"comment_status":"","ping_status":"","sticky":false,"template":"","format":"standard","meta":{"footnotes":""},"categories":[13],"tags":[1987,206,3854,10522,1657,3119,7764,3724],"class_list":["post-13510","post","type-post","status-publish","format-standard","has-post-thumbnail","hentry","category-technologie","tag-annonce","tag-cette","tag-etait","tag-excusee","tag-mauvaise","tag-sest","tag-societe","tag-technique","generate-columns","tablet-grid-50","mobile-grid-100","grid-parent","grid-33"],"yoast_head":"<!-- This site is optimized with the Yoast SEO plugin v24.0 - https:\/\/yoast.com\/wordpress\/plugins\/seo\/ -->\n<title>Cette annonce technique \u00e9tait si mauvaise que la soci\u00e9t\u00e9 s&#039;est excus\u00e9e | Vie Associative<\/title>\n<meta name=\"robots\" content=\"index, follow, max-snippet:-1, max-image-preview:large, max-video-preview:-1\" \/>\n<link rel=\"canonical\" href=\"https:\/\/vieassociative.be\/actualites\/cette-annonce-technique-etait-si-mauvaise-que-la-societe-sest-excusee\/\" \/>\n<meta property=\"og:locale\" content=\"fr_FR\" \/>\n<meta property=\"og:type\" content=\"article\" \/>\n<meta property=\"og:title\" content=\"Cette annonce technique \u00e9tait si mauvaise que la soci\u00e9t\u00e9 s&#039;est excus\u00e9e | Vie Associative\" \/>\n<meta property=\"og:description\" content=\"Lorsque vous servez un march\u00e9 de niche comme les passionn\u00e9s de liseuses \u00e9lectroniques (le genre de personnes qui peuvent nommer cinq appareils \u00e0 encre \u00e9lectronique\" \/>\n<meta property=\"og:url\" content=\"https:\/\/vieassociative.be\/actualites\/cette-annonce-technique-etait-si-mauvaise-que-la-societe-sest-excusee\/\" \/>\n<meta property=\"og:site_name\" content=\"Vie Associative\" \/>\n<meta property=\"article:published_time\" content=\"2026-04-20T02:18:45+00:00\" \/>\n<meta property=\"og:image\" content=\"https:\/\/vieassociative.be\/actualites\/wp-content\/uploads\/2026\/04\/Cette-annonce-technique-etait-si-mauvaise-que-la-societe-sest.png\" \/>\n<meta name=\"author\" content=\"Julien\" \/>\n<meta name=\"twitter:card\" content=\"summary_large_image\" \/>\n<meta name=\"twitter:label1\" content=\"\u00c9crit par\" \/>\n\t<meta name=\"twitter:data1\" content=\"Julien\" \/>\n\t<meta name=\"twitter:label2\" content=\"Dur\u00e9e de lecture est.\" \/>\n\t<meta name=\"twitter:data2\" content=\"5 minutes\" \/>\n<script type=\"application\/ld+json\" class=\"yoast-schema-graph\">{\"@context\":\"https:\/\/schema.org\",\"@graph\":[{\"@type\":\"Article\",\"@id\":\"https:\/\/vieassociative.be\/actualites\/cette-annonce-technique-etait-si-mauvaise-que-la-societe-sest-excusee\/#article\",\"isPartOf\":{\"@id\":\"https:\/\/vieassociative.be\/actualites\/cette-annonce-technique-etait-si-mauvaise-que-la-societe-sest-excusee\/\"},\"author\":{\"name\":\"Julien\",\"@id\":\"https:\/\/vieassociative.be\/actualites\/#\/schema\/person\/b87ac4f82f9d4e7b7cec7395b679edc4\"},\"headline\":\"Cette annonce technique \u00e9tait si mauvaise que la soci\u00e9t\u00e9 s&rsquo;est excus\u00e9e\",\"datePublished\":\"2026-04-20T02:18:45+00:00\",\"dateModified\":\"2026-04-20T02:18:45+00:00\",\"mainEntityOfPage\":{\"@id\":\"https:\/\/vieassociative.be\/actualites\/cette-annonce-technique-etait-si-mauvaise-que-la-societe-sest-excusee\/\"},\"wordCount\":1043,\"publisher\":{\"@id\":\"https:\/\/vieassociative.be\/actualites\/#organization\"},\"image\":{\"@id\":\"https:\/\/vieassociative.be\/actualites\/cette-annonce-technique-etait-si-mauvaise-que-la-societe-sest-excusee\/#primaryimage\"},\"thumbnailUrl\":\"https:\/\/vieassociative.be\/actualites\/wp-content\/uploads\/2026\/04\/1776651527_Cette-annonce-technique-etait-si-mauvaise-que-la-societe-sest.png\",\"keywords\":[\"annonce\",\"cette\",\"\u00e9tait\",\"excus\u00e9e\",\"mauvaise\",\"sest\",\"soci\u00e9t\u00e9\",\"technique\"],\"articleSection\":[\"Technologie\"],\"inLanguage\":\"fr-BE\"},{\"@type\":\"WebPage\",\"@id\":\"https:\/\/vieassociative.be\/actualites\/cette-annonce-technique-etait-si-mauvaise-que-la-societe-sest-excusee\/\",\"url\":\"https:\/\/vieassociative.be\/actualites\/cette-annonce-technique-etait-si-mauvaise-que-la-societe-sest-excusee\/\",\"name\":\"Cette annonce technique \u00e9tait si mauvaise que la soci\u00e9t\u00e9 s'est excus\u00e9e | Vie Associative\",\"isPartOf\":{\"@id\":\"https:\/\/vieassociative.be\/actualites\/#website\"},\"primaryImageOfPage\":{\"@id\":\"https:\/\/vieassociative.be\/actualites\/cette-annonce-technique-etait-si-mauvaise-que-la-societe-sest-excusee\/#primaryimage\"},\"image\":{\"@id\":\"https:\/\/vieassociative.be\/actualites\/cette-annonce-technique-etait-si-mauvaise-que-la-societe-sest-excusee\/#primaryimage\"},\"thumbnailUrl\":\"https:\/\/vieassociative.be\/actualites\/wp-content\/uploads\/2026\/04\/1776651527_Cette-annonce-technique-etait-si-mauvaise-que-la-societe-sest.png\",\"datePublished\":\"2026-04-20T02:18:45+00:00\",\"dateModified\":\"2026-04-20T02:18:45+00:00\",\"breadcrumb\":{\"@id\":\"https:\/\/vieassociative.be\/actualites\/cette-annonce-technique-etait-si-mauvaise-que-la-societe-sest-excusee\/#breadcrumb\"},\"inLanguage\":\"fr-BE\",\"potentialAction\":[{\"@type\":\"ReadAction\",\"target\":[\"https:\/\/vieassociative.be\/actualites\/cette-annonce-technique-etait-si-mauvaise-que-la-societe-sest-excusee\/\"]}]},{\"@type\":\"ImageObject\",\"inLanguage\":\"fr-BE\",\"@id\":\"https:\/\/vieassociative.be\/actualites\/cette-annonce-technique-etait-si-mauvaise-que-la-societe-sest-excusee\/#primaryimage\",\"url\":\"https:\/\/vieassociative.be\/actualites\/wp-content\/uploads\/2026\/04\/1776651527_Cette-annonce-technique-etait-si-mauvaise-que-la-societe-sest.png\",\"contentUrl\":\"https:\/\/vieassociative.be\/actualites\/wp-content\/uploads\/2026\/04\/1776651527_Cette-annonce-technique-etait-si-mauvaise-que-la-societe-sest.png\",\"width\":1200,\"height\":675,\"caption\":\"Cette annonce technique \u00e9tait si mauvaise que la soci\u00e9t\u00e9 s'est excus\u00e9e\"},{\"@type\":\"BreadcrumbList\",\"@id\":\"https:\/\/vieassociative.be\/actualites\/cette-annonce-technique-etait-si-mauvaise-que-la-societe-sest-excusee\/#breadcrumb\",\"itemListElement\":[{\"@type\":\"ListItem\",\"position\":1,\"name\":\"Accueil\",\"item\":\"https:\/\/vieassociative.be\/actualites\/\"},{\"@type\":\"ListItem\",\"position\":2,\"name\":\"Cette annonce technique \u00e9tait si mauvaise que la soci\u00e9t\u00e9 s&rsquo;est excus\u00e9e\"}]},{\"@type\":\"WebSite\",\"@id\":\"https:\/\/vieassociative.be\/actualites\/#website\",\"url\":\"https:\/\/vieassociative.be\/actualites\/\",\"name\":\"Vie Associative\",\"description\":\"\",\"publisher\":{\"@id\":\"https:\/\/vieassociative.be\/actualites\/#organization\"},\"potentialAction\":[{\"@type\":\"SearchAction\",\"target\":{\"@type\":\"EntryPoint\",\"urlTemplate\":\"https:\/\/vieassociative.be\/actualites\/?s={search_term_string}\"},\"query-input\":{\"@type\":\"PropertyValueSpecification\",\"valueRequired\":true,\"valueName\":\"search_term_string\"}}],\"inLanguage\":\"fr-BE\"},{\"@type\":\"Organization\",\"@id\":\"https:\/\/vieassociative.be\/actualites\/#organization\",\"name\":\"Vie Associative\",\"url\":\"https:\/\/vieassociative.be\/actualites\/\",\"logo\":{\"@type\":\"ImageObject\",\"inLanguage\":\"fr-BE\",\"@id\":\"https:\/\/vieassociative.be\/actualites\/#\/schema\/logo\/image\/\",\"url\":\"https:\/\/vieassociative.be\/actualites\/wp-content\/uploads\/2024\/09\/cropped-vieassociative_favicon.ico.png\",\"contentUrl\":\"https:\/\/vieassociative.be\/actualites\/wp-content\/uploads\/2024\/09\/cropped-vieassociative_favicon.ico.png\",\"width\":512,\"height\":512,\"caption\":\"Vie Associative\"},\"image\":{\"@id\":\"https:\/\/vieassociative.be\/actualites\/#\/schema\/logo\/image\/\"}},{\"@type\":\"Person\",\"@id\":\"https:\/\/vieassociative.be\/actualites\/#\/schema\/person\/b87ac4f82f9d4e7b7cec7395b679edc4\",\"name\":\"Julien\",\"image\":{\"@type\":\"ImageObject\",\"inLanguage\":\"fr-BE\",\"@id\":\"https:\/\/vieassociative.be\/actualites\/#\/schema\/person\/image\/\",\"url\":\"https:\/\/vieassociative.be\/actualites\/wp-content\/uploads\/2024\/09\/vie-associative-1-150x150.jpg\",\"contentUrl\":\"https:\/\/vieassociative.be\/actualites\/wp-content\/uploads\/2024\/09\/vie-associative-1-150x150.jpg\",\"caption\":\"Julien\"},\"description\":\"Je suis Julien, r\u00e9dacteur pour Vie Associative. Passionn\u00e9 par le monde associatif depuis plus de 10 ans, j'ai \u00e0 c\u0153ur de partager des histoires inspirantes et de mettre en lumi\u00e8re les initiatives locales. Mon objectif est de sensibiliser et d'encourager l'engagement communautaire \u00e0 travers mes articles.\",\"sameAs\":[\"https:\/\/vieassociative.be\/\"]}]}<\/script>\n<!-- \/ Yoast SEO plugin. -->","yoast_head_json":{"title":"Cette annonce technique \u00e9tait si mauvaise que la soci\u00e9t\u00e9 s'est excus\u00e9e | Vie Associative","robots":{"index":"index","follow":"follow","max-snippet":"max-snippet:-1","max-image-preview":"max-image-preview:large","max-video-preview":"max-video-preview:-1"},"canonical":"https:\/\/vieassociative.be\/actualites\/cette-annonce-technique-etait-si-mauvaise-que-la-societe-sest-excusee\/","og_locale":"fr_FR","og_type":"article","og_title":"Cette annonce technique \u00e9tait si mauvaise que la soci\u00e9t\u00e9 s'est excus\u00e9e | Vie Associative","og_description":"Lorsque vous servez un march\u00e9 de niche comme les passionn\u00e9s de liseuses \u00e9lectroniques (le genre de personnes qui peuvent nommer cinq appareils \u00e0 encre \u00e9lectronique","og_url":"https:\/\/vieassociative.be\/actualites\/cette-annonce-technique-etait-si-mauvaise-que-la-societe-sest-excusee\/","og_site_name":"Vie Associative","article_published_time":"2026-04-20T02:18:45+00:00","og_image":[{"url":"https:\/\/vieassociative.be\/actualites\/wp-content\/uploads\/2026\/04\/Cette-annonce-technique-etait-si-mauvaise-que-la-societe-sest.png","type":"","width":"","height":""}],"author":"Julien","twitter_card":"summary_large_image","twitter_misc":{"\u00c9crit par":"Julien","Dur\u00e9e de lecture est.":"5 minutes"},"schema":{"@context":"https:\/\/schema.org","@graph":[{"@type":"Article","@id":"https:\/\/vieassociative.be\/actualites\/cette-annonce-technique-etait-si-mauvaise-que-la-societe-sest-excusee\/#article","isPartOf":{"@id":"https:\/\/vieassociative.be\/actualites\/cette-annonce-technique-etait-si-mauvaise-que-la-societe-sest-excusee\/"},"author":{"name":"Julien","@id":"https:\/\/vieassociative.be\/actualites\/#\/schema\/person\/b87ac4f82f9d4e7b7cec7395b679edc4"},"headline":"Cette annonce technique \u00e9tait si mauvaise que la soci\u00e9t\u00e9 s&rsquo;est excus\u00e9e","datePublished":"2026-04-20T02:18:45+00:00","dateModified":"2026-04-20T02:18:45+00:00","mainEntityOfPage":{"@id":"https:\/\/vieassociative.be\/actualites\/cette-annonce-technique-etait-si-mauvaise-que-la-societe-sest-excusee\/"},"wordCount":1043,"publisher":{"@id":"https:\/\/vieassociative.be\/actualites\/#organization"},"image":{"@id":"https:\/\/vieassociative.be\/actualites\/cette-annonce-technique-etait-si-mauvaise-que-la-societe-sest-excusee\/#primaryimage"},"thumbnailUrl":"https:\/\/vieassociative.be\/actualites\/wp-content\/uploads\/2026\/04\/1776651527_Cette-annonce-technique-etait-si-mauvaise-que-la-societe-sest.png","keywords":["annonce","cette","\u00e9tait","excus\u00e9e","mauvaise","sest","soci\u00e9t\u00e9","technique"],"articleSection":["Technologie"],"inLanguage":"fr-BE"},{"@type":"WebPage","@id":"https:\/\/vieassociative.be\/actualites\/cette-annonce-technique-etait-si-mauvaise-que-la-societe-sest-excusee\/","url":"https:\/\/vieassociative.be\/actualites\/cette-annonce-technique-etait-si-mauvaise-que-la-societe-sest-excusee\/","name":"Cette annonce technique \u00e9tait si mauvaise que la soci\u00e9t\u00e9 s'est excus\u00e9e | Vie Associative","isPartOf":{"@id":"https:\/\/vieassociative.be\/actualites\/#website"},"primaryImageOfPage":{"@id":"https:\/\/vieassociative.be\/actualites\/cette-annonce-technique-etait-si-mauvaise-que-la-societe-sest-excusee\/#primaryimage"},"image":{"@id":"https:\/\/vieassociative.be\/actualites\/cette-annonce-technique-etait-si-mauvaise-que-la-societe-sest-excusee\/#primaryimage"},"thumbnailUrl":"https:\/\/vieassociative.be\/actualites\/wp-content\/uploads\/2026\/04\/1776651527_Cette-annonce-technique-etait-si-mauvaise-que-la-societe-sest.png","datePublished":"2026-04-20T02:18:45+00:00","dateModified":"2026-04-20T02:18:45+00:00","breadcrumb":{"@id":"https:\/\/vieassociative.be\/actualites\/cette-annonce-technique-etait-si-mauvaise-que-la-societe-sest-excusee\/#breadcrumb"},"inLanguage":"fr-BE","potentialAction":[{"@type":"ReadAction","target":["https:\/\/vieassociative.be\/actualites\/cette-annonce-technique-etait-si-mauvaise-que-la-societe-sest-excusee\/"]}]},{"@type":"ImageObject","inLanguage":"fr-BE","@id":"https:\/\/vieassociative.be\/actualites\/cette-annonce-technique-etait-si-mauvaise-que-la-societe-sest-excusee\/#primaryimage","url":"https:\/\/vieassociative.be\/actualites\/wp-content\/uploads\/2026\/04\/1776651527_Cette-annonce-technique-etait-si-mauvaise-que-la-societe-sest.png","contentUrl":"https:\/\/vieassociative.be\/actualites\/wp-content\/uploads\/2026\/04\/1776651527_Cette-annonce-technique-etait-si-mauvaise-que-la-societe-sest.png","width":1200,"height":675,"caption":"Cette annonce technique \u00e9tait si mauvaise que la soci\u00e9t\u00e9 s'est excus\u00e9e"},{"@type":"BreadcrumbList","@id":"https:\/\/vieassociative.be\/actualites\/cette-annonce-technique-etait-si-mauvaise-que-la-societe-sest-excusee\/#breadcrumb","itemListElement":[{"@type":"ListItem","position":1,"name":"Accueil","item":"https:\/\/vieassociative.be\/actualites\/"},{"@type":"ListItem","position":2,"name":"Cette annonce technique \u00e9tait si mauvaise que la soci\u00e9t\u00e9 s&rsquo;est excus\u00e9e"}]},{"@type":"WebSite","@id":"https:\/\/vieassociative.be\/actualites\/#website","url":"https:\/\/vieassociative.be\/actualites\/","name":"Vie Associative","description":"","publisher":{"@id":"https:\/\/vieassociative.be\/actualites\/#organization"},"potentialAction":[{"@type":"SearchAction","target":{"@type":"EntryPoint","urlTemplate":"https:\/\/vieassociative.be\/actualites\/?s={search_term_string}"},"query-input":{"@type":"PropertyValueSpecification","valueRequired":true,"valueName":"search_term_string"}}],"inLanguage":"fr-BE"},{"@type":"Organization","@id":"https:\/\/vieassociative.be\/actualites\/#organization","name":"Vie Associative","url":"https:\/\/vieassociative.be\/actualites\/","logo":{"@type":"ImageObject","inLanguage":"fr-BE","@id":"https:\/\/vieassociative.be\/actualites\/#\/schema\/logo\/image\/","url":"https:\/\/vieassociative.be\/actualites\/wp-content\/uploads\/2024\/09\/cropped-vieassociative_favicon.ico.png","contentUrl":"https:\/\/vieassociative.be\/actualites\/wp-content\/uploads\/2024\/09\/cropped-vieassociative_favicon.ico.png","width":512,"height":512,"caption":"Vie Associative"},"image":{"@id":"https:\/\/vieassociative.be\/actualites\/#\/schema\/logo\/image\/"}},{"@type":"Person","@id":"https:\/\/vieassociative.be\/actualites\/#\/schema\/person\/b87ac4f82f9d4e7b7cec7395b679edc4","name":"Julien","image":{"@type":"ImageObject","inLanguage":"fr-BE","@id":"https:\/\/vieassociative.be\/actualites\/#\/schema\/person\/image\/","url":"https:\/\/vieassociative.be\/actualites\/wp-content\/uploads\/2024\/09\/vie-associative-1-150x150.jpg","contentUrl":"https:\/\/vieassociative.be\/actualites\/wp-content\/uploads\/2024\/09\/vie-associative-1-150x150.jpg","caption":"Julien"},"description":"Je suis Julien, r\u00e9dacteur pour Vie Associative. Passionn\u00e9 par le monde associatif depuis plus de 10 ans, j'ai \u00e0 c\u0153ur de partager des histoires inspirantes et de mettre en lumi\u00e8re les initiatives locales. Mon objectif est de sensibiliser et d'encourager l'engagement communautaire \u00e0 travers mes articles.","sameAs":["https:\/\/vieassociative.be\/"]}]}},"_links":{"self":[{"href":"https:\/\/vieassociative.be\/actualites\/wp-json\/wp\/v2\/posts\/13510"}],"collection":[{"href":"https:\/\/vieassociative.be\/actualites\/wp-json\/wp\/v2\/posts"}],"about":[{"href":"https:\/\/vieassociative.be\/actualites\/wp-json\/wp\/v2\/types\/post"}],"author":[{"embeddable":true,"href":"https:\/\/vieassociative.be\/actualites\/wp-json\/wp\/v2\/users\/1"}],"replies":[{"embeddable":true,"href":"https:\/\/vieassociative.be\/actualites\/wp-json\/wp\/v2\/comments?post=13510"}],"version-history":[{"count":0,"href":"https:\/\/vieassociative.be\/actualites\/wp-json\/wp\/v2\/posts\/13510\/revisions"}],"wp:featuredmedia":[{"embeddable":true,"href":"https:\/\/vieassociative.be\/actualites\/wp-json\/wp\/v2\/media\/13511"}],"wp:attachment":[{"href":"https:\/\/vieassociative.be\/actualites\/wp-json\/wp\/v2\/media?parent=13510"}],"wp:term":[{"taxonomy":"category","embeddable":true,"href":"https:\/\/vieassociative.be\/actualites\/wp-json\/wp\/v2\/categories?post=13510"},{"taxonomy":"post_tag","embeddable":true,"href":"https:\/\/vieassociative.be\/actualites\/wp-json\/wp\/v2\/tags?post=13510"}],"curies":[{"name":"wp","href":"https:\/\/api.w.org\/{rel}","templated":true}]}}