{"id":13506,"date":"2026-04-19T17:18:35","date_gmt":"2026-04-19T15:18:35","guid":{"rendered":"https:\/\/vieassociative.be\/actualites\/aliments-pour-bebes-contamines-par-du-mort-aux-rats-en-autriche-agence-tentative-de-chantage-contre-le-fabricant-hipp\/"},"modified":"2026-04-19T17:18:35","modified_gmt":"2026-04-19T15:18:35","slug":"aliments-pour-bebes-contamines-par-du-mort-aux-rats-en-autriche-agence-tentative-de-chantage-contre-le-fabricant-hipp","status":"publish","type":"post","link":"https:\/\/vieassociative.be\/actualites\/aliments-pour-bebes-contamines-par-du-mort-aux-rats-en-autriche-agence-tentative-de-chantage-contre-le-fabricant-hipp\/","title":{"rendered":"Aliments pour b\u00e9b\u00e9s contamin\u00e9s par du mort-aux-rats en Autriche \u2013 Agence : tentative de chantage contre le fabricant Hipp"},"content":{"rendered":"<p><strong>Un pot de nourriture pour b\u00e9b\u00e9 Hipp contamin\u00e9 par du mort-aux-rats a \u00e9t\u00e9 d\u00e9couvert en Autriche. Un client l&rsquo;a d\u00e9couvert et l&rsquo;a remis, \u00ab\u00a0il n&rsquo;y a pas eu de consommation\u00a0\u00bb, a d\u00e9clar\u00e9 samedi soir la police du Burgenland.<\/strong><\/p>\n<p><span id=\"more-438498\"><\/span>Elle a lanc\u00e9 un \u00ab avertissement urgent \u00e0 la population \u00bb. Les bocaux suspects ne doivent pas \u00eatre ouverts et remis \u00e0 la police. Selon l&rsquo;Agence autrichienne pour la sant\u00e9 et la s\u00e9curit\u00e9 alimentaire (Ages), il s&rsquo;agit d&rsquo;une tentative de chantage \u00e0 l&rsquo;encontre du fabricant d&rsquo;aliments pour b\u00e9b\u00e9s Hipp.<\/p>\n<p>Hipp avait d\u00e9j\u00e0 rappel\u00e9 vendredi soir sa gamme dans les supermarch\u00e9s Spar en Autriche. Un porte-parole de Hipp a parl\u00e9 d&rsquo;une \u00ab intervention criminelle externe \u00bb. \u00ab\u00a0Manger un tel verre peut mettre la vie en danger\u00a0\u00bb, pr\u00e9vient l&rsquo;entreprise familiale. Son origine remonte \u00e0 plus de 120 ans \u00e0 Pfaffenhofen en Bavi\u00e8re. Hipp Holding AG est d\u00e9sormais bas\u00e9e \u00e0 Sachseln, dans le canton suisse d&rsquo;Obwald.<\/p>\n<div id=\"attachment_438502\" class=\"wp-caption alignleft\" style=\"max-width: 300px\"><img fetchpriority=\"high\" decoding=\"async\" class=\"wp-image-438502 size-medium\" src=\"https:\/\/vieassociative.be\/actualites\/wp-content\/uploads\/2026\/04\/Aliments-pour-bebes-contamines-par-du-mort-aux-rats-en-Autriche-\u2013.jpg\" alt=\"\" width=\"300\" height=\"200\"><\/div>\n<p>Comme l&rsquo;a annonc\u00e9 la police autrichienne, une information est venue d&rsquo;Allemagne. Des verres contamin\u00e9s pourraient \u00eatre en circulation \u00e0 Eisenstadt, la capitale du Land du Burgenland, au sud-est de Vienne. \u00ab\u00a0Le contexte est une enqu\u00eate en cours en Allemagne\u00a0\u00bb, a d\u00e9clar\u00e9 la police. La mort-aux-rats a ensuite \u00e9t\u00e9 d\u00e9tect\u00e9e dans l&rsquo;apr\u00e8s-midi dans un pot Hipp de 190 grammes de \u00ab carottes aux pommes de terre \u00bb. Il est apparu dans la ville de Sch\u00fctzen am Gebirge (district d&rsquo;Eisenstadt-Environnement).<\/p>\n<p>Selon la police, les pots suspects peuvent \u00eatre identifi\u00e9s gr\u00e2ce \u00e0 un autocollant blanc avec un cercle rouge au fond du pot. Il est suspect si le couvercle est endommag\u00e9 et est d\u00e9j\u00e0 ouvert.<\/p>\n<p>Selon Ages, les ingr\u00e9dients actifs des mort-aux-rats peuvent entra\u00eener une r\u00e9duction de la capacit\u00e9 du sang \u00e0 coaguler. Les cons\u00e9quences possibles incluent des saignements des gencives, des saignements de nez, des ecchymoses ou du sang dans les selles. Si les parents remarquent de tels sympt\u00f4mes chez leurs enfants qui ont mang\u00e9 de la nourriture Hipp, ils doivent absolument consulter un m\u00e9decin.<\/p>\n<p><strong>\u2013 Des produits suspects dans d\u2019autres pays ?<\/strong> Il y avait une confusion quant \u00e0 savoir si les produits d&rsquo;autres pays \u00e9taient \u00e9galement concern\u00e9s. Ages a initialement parl\u00e9 de deux supermarch\u00e9s concern\u00e9s en R\u00e9publique tch\u00e8que, mais a ensuite supprim\u00e9 cette information de son site Internet et n&rsquo;a cit\u00e9 qu&rsquo;une seule succursale Spar concern\u00e9e \u00e0 Eisenstadt. La police du Burgenland avait alors indiqu\u00e9 que des lunettes suspectes avaient \u00e9galement \u00e9t\u00e9 saisies en R\u00e9publique tch\u00e8que et en Slovaquie. \u00ab\u00a0Les premiers tests en laboratoire ont r\u00e9v\u00e9l\u00e9 la pr\u00e9sence d&rsquo;un additif toxique dans ces produits\u00a0\u00bb, a-t-elle d\u00e9clar\u00e9.<\/p>\n<div id=\"attachment_438504\" class=\"wp-caption alignleft\" style=\"max-width: 300px\"><img decoding=\"async\" class=\"wp-image-438504 size-medium\" src=\"https:\/\/vieassociative.be\/actualites\/wp-content\/uploads\/2026\/04\/1776611915_662_Aliments-pour-bebes-contamines-par-du-mort-aux-rats-en-Autriche-\u2013.jpg\" alt=\"\" width=\"300\" height=\"200\"  ><\/div>\n<p>En Belgique, l&rsquo;Agence f\u00e9d\u00e9rale pour la s\u00e9curit\u00e9 de la cha\u00eene alimentaire (FASNK-AFSCA) a indiqu\u00e9 dimanche qu&rsquo;il y avait des suspicions de raticide dans les aliments pour b\u00e9b\u00e9s \u00ab Carotte et pomme de terre 190 g \u00bb de la marque HiPP. fait actuellement l&rsquo;objet d&rsquo;une enqu\u00eate en Autriche. Il s&rsquo;agissait d&rsquo;un acte malveillant et intentionnel et non d&rsquo;un probl\u00e8me li\u00e9 au processus de production du fabricant. Selon le FASNK, tout indique actuellement qu&rsquo;il s&rsquo;agit d&rsquo;un incident limit\u00e9 \u00e0 l&rsquo;Autriche.<\/p>\n<p>\u00ab\u00a0Rien n&rsquo;indique qu&rsquo;il y ait un probl\u00e8me avec les pots vendus en Belgique. L&rsquo;Afsca invite les parents ayant achet\u00e9 des aliments pour b\u00e9b\u00e9s en Autriche, en R\u00e9publique tch\u00e8que ou en Slovaquie, par exemple lors des derni\u00e8res vacances de P\u00e2ques, \u00e0 faire preuve d&rsquo;une extr\u00eame prudence et \u00e0 v\u00e9rifier attentivement les pots: v\u00e9rifiez l&rsquo;odeur, le clic \u00e0 l&rsquo;ouverture et assurez-vous qu&rsquo;il n&rsquo;y a pas d&rsquo;autocollant blanc avec un cercle rouge coll\u00e9 au fond du pot\u00a0\u00bb, a indiqu\u00e9 l&rsquo;agence.<\/p>\n<p>En Autriche, on recherche actuellement un deuxi\u00e8me pot de nourriture pour b\u00e9b\u00e9 Hipp qui pourrait avoir \u00e9t\u00e9 contamin\u00e9 par du mort-aux-rats. La police du Burgenland, au sud-est de Vienne, a d\u00e9couvert qu&rsquo;un autre verre aurait pu y circuler, a indiqu\u00e9 le porte-parole de la police.<\/p>\n<p>\u00ab\u00a0Il y a beaucoup de raisons de penser qu&rsquo;il n&rsquo;y a que ce deuxi\u00e8me verre\u00a0\u00bb, a d\u00e9clar\u00e9 le porte-parole de la police, Helmut Marban. Cela vient de sources tactiques criminelles \u2013 il n\u2019a pas voulu donner plus de d\u00e9tails. N\u00e9anmoins, de nouvelles manipulations ne peuvent \u00eatre exclues. Les pots peuvent \u00eatre reconnus au fait que le couvercle a \u00e9t\u00e9 alt\u00e9r\u00e9 et qu&rsquo;il doit y avoir un autocollant blanc avec un cercle rouge sous le fond du pot. (dpa\/cr\u00e9)<\/p>\n","protected":false},"excerpt":{"rendered":"<p>Un pot de nourriture pour b\u00e9b\u00e9 Hipp contamin\u00e9 par du mort-aux-rats a \u00e9t\u00e9 d\u00e9couvert en Autriche. Un client l&rsquo;a d\u00e9couvert et l&rsquo;a remis, \u00ab\u00a0il n&rsquo;y<\/p>\n","protected":false},"author":1,"featured_media":13507,"comment_status":"","ping_status":"","sticky":false,"template":"","format":"standard","meta":{"footnotes":""},"categories":[298],"tags":[10519,1344,4535,3084,10520,10517,796,5800,10521,10518,676,81,7155],"class_list":["post-13506","post","type-post","status-publish","format-standard","has-post-thumbnail","hentry","category-belgique","tag-agence","tag-aliments","tag-autriche","tag-bebes","tag-chantage","tag-contamines","tag-contre","tag-fabricant","tag-hipp","tag-mortauxrats","tag-par","tag-pour","tag-tentative","generate-columns","tablet-grid-50","mobile-grid-100","grid-parent","grid-33"],"yoast_head":"<!-- This site is optimized with the Yoast SEO plugin v24.0 - https:\/\/yoast.com\/wordpress\/plugins\/seo\/ -->\n<title>Aliments pour b\u00e9b\u00e9s contamin\u00e9s par du mort-aux-rats en Autriche \u2013 Agence : tentative de chantage contre le fabricant Hipp | Vie Associative<\/title>\n<meta name=\"robots\" content=\"index, follow, max-snippet:-1, max-image-preview:large, max-video-preview:-1\" \/>\n<link rel=\"canonical\" href=\"https:\/\/vieassociative.be\/actualites\/aliments-pour-bebes-contamines-par-du-mort-aux-rats-en-autriche-agence-tentative-de-chantage-contre-le-fabricant-hipp\/\" \/>\n<meta property=\"og:locale\" content=\"fr_FR\" \/>\n<meta property=\"og:type\" content=\"article\" \/>\n<meta property=\"og:title\" content=\"Aliments pour b\u00e9b\u00e9s contamin\u00e9s par du mort-aux-rats en Autriche \u2013 Agence : tentative de chantage contre le fabricant Hipp | Vie Associative\" \/>\n<meta property=\"og:description\" content=\"Un pot de nourriture pour b\u00e9b\u00e9 Hipp contamin\u00e9 par du mort-aux-rats a \u00e9t\u00e9 d\u00e9couvert en Autriche. Un client l&rsquo;a d\u00e9couvert et l&rsquo;a remis, \u00ab\u00a0il n&rsquo;y\" \/>\n<meta property=\"og:url\" content=\"https:\/\/vieassociative.be\/actualites\/aliments-pour-bebes-contamines-par-du-mort-aux-rats-en-autriche-agence-tentative-de-chantage-contre-le-fabricant-hipp\/\" \/>\n<meta property=\"og:site_name\" content=\"Vie Associative\" \/>\n<meta property=\"article:published_time\" content=\"2026-04-19T15:18:35+00:00\" \/>\n<meta property=\"og:image\" content=\"https:\/\/vieassociative.be\/actualites\/wp-content\/uploads\/2024\/09\/header_backgroundk-01-e1726694325946.png\" \/>\n\t<meta property=\"og:image:width\" content=\"279\" \/>\n\t<meta property=\"og:image:height\" content=\"92\" \/>\n\t<meta property=\"og:image:type\" content=\"image\/png\" \/>\n<meta name=\"author\" content=\"Julien\" \/>\n<meta name=\"twitter:card\" content=\"summary_large_image\" \/>\n<meta name=\"twitter:label1\" content=\"\u00c9crit par\" \/>\n\t<meta name=\"twitter:data1\" content=\"Julien\" \/>\n\t<meta name=\"twitter:label2\" content=\"Dur\u00e9e de lecture est.\" \/>\n\t<meta name=\"twitter:data2\" content=\"4 minutes\" \/>\n<script type=\"application\/ld+json\" class=\"yoast-schema-graph\">{\"@context\":\"https:\/\/schema.org\",\"@graph\":[{\"@type\":\"Article\",\"@id\":\"https:\/\/vieassociative.be\/actualites\/aliments-pour-bebes-contamines-par-du-mort-aux-rats-en-autriche-agence-tentative-de-chantage-contre-le-fabricant-hipp\/#article\",\"isPartOf\":{\"@id\":\"https:\/\/vieassociative.be\/actualites\/aliments-pour-bebes-contamines-par-du-mort-aux-rats-en-autriche-agence-tentative-de-chantage-contre-le-fabricant-hipp\/\"},\"author\":{\"name\":\"Julien\",\"@id\":\"https:\/\/vieassociative.be\/actualites\/#\/schema\/person\/b87ac4f82f9d4e7b7cec7395b679edc4\"},\"headline\":\"Aliments pour b\u00e9b\u00e9s contamin\u00e9s par du mort-aux-rats en Autriche \u2013 Agence : tentative de chantage contre le fabricant Hipp\",\"datePublished\":\"2026-04-19T15:18:35+00:00\",\"dateModified\":\"2026-04-19T15:18:35+00:00\",\"mainEntityOfPage\":{\"@id\":\"https:\/\/vieassociative.be\/actualites\/aliments-pour-bebes-contamines-par-du-mort-aux-rats-en-autriche-agence-tentative-de-chantage-contre-le-fabricant-hipp\/\"},\"wordCount\":800,\"publisher\":{\"@id\":\"https:\/\/vieassociative.be\/actualites\/#organization\"},\"image\":{\"@id\":\"https:\/\/vieassociative.be\/actualites\/aliments-pour-bebes-contamines-par-du-mort-aux-rats-en-autriche-agence-tentative-de-chantage-contre-le-fabricant-hipp\/#primaryimage\"},\"thumbnailUrl\":\"https:\/\/vieassociative.be\/actualites\/wp-content\/uploads\/2026\/04\/1776611916_Aliments-pour-bebes-contamines-par-du-mort-aux-rats-en-Autriche-\u2013.jpg\",\"keywords\":[\"Agence\",\"aliments\",\"Autriche\",\"b\u00e9b\u00e9s\",\"chantage\",\"contamin\u00e9s\",\"contre\",\"fabricant\",\"Hipp\",\"mortauxrats\",\"par\",\"pour\",\"tentative\"],\"articleSection\":[\"Belgique\"],\"inLanguage\":\"fr-BE\"},{\"@type\":\"WebPage\",\"@id\":\"https:\/\/vieassociative.be\/actualites\/aliments-pour-bebes-contamines-par-du-mort-aux-rats-en-autriche-agence-tentative-de-chantage-contre-le-fabricant-hipp\/\",\"url\":\"https:\/\/vieassociative.be\/actualites\/aliments-pour-bebes-contamines-par-du-mort-aux-rats-en-autriche-agence-tentative-de-chantage-contre-le-fabricant-hipp\/\",\"name\":\"Aliments pour b\u00e9b\u00e9s contamin\u00e9s par du mort-aux-rats en Autriche \u2013 Agence : tentative de chantage contre le fabricant Hipp | Vie Associative\",\"isPartOf\":{\"@id\":\"https:\/\/vieassociative.be\/actualites\/#website\"},\"primaryImageOfPage\":{\"@id\":\"https:\/\/vieassociative.be\/actualites\/aliments-pour-bebes-contamines-par-du-mort-aux-rats-en-autriche-agence-tentative-de-chantage-contre-le-fabricant-hipp\/#primaryimage\"},\"image\":{\"@id\":\"https:\/\/vieassociative.be\/actualites\/aliments-pour-bebes-contamines-par-du-mort-aux-rats-en-autriche-agence-tentative-de-chantage-contre-le-fabricant-hipp\/#primaryimage\"},\"thumbnailUrl\":\"https:\/\/vieassociative.be\/actualites\/wp-content\/uploads\/2026\/04\/1776611916_Aliments-pour-bebes-contamines-par-du-mort-aux-rats-en-Autriche-\u2013.jpg\",\"datePublished\":\"2026-04-19T15:18:35+00:00\",\"dateModified\":\"2026-04-19T15:18:35+00:00\",\"breadcrumb\":{\"@id\":\"https:\/\/vieassociative.be\/actualites\/aliments-pour-bebes-contamines-par-du-mort-aux-rats-en-autriche-agence-tentative-de-chantage-contre-le-fabricant-hipp\/#breadcrumb\"},\"inLanguage\":\"fr-BE\",\"potentialAction\":[{\"@type\":\"ReadAction\",\"target\":[\"https:\/\/vieassociative.be\/actualites\/aliments-pour-bebes-contamines-par-du-mort-aux-rats-en-autriche-agence-tentative-de-chantage-contre-le-fabricant-hipp\/\"]}]},{\"@type\":\"ImageObject\",\"inLanguage\":\"fr-BE\",\"@id\":\"https:\/\/vieassociative.be\/actualites\/aliments-pour-bebes-contamines-par-du-mort-aux-rats-en-autriche-agence-tentative-de-chantage-contre-le-fabricant-hipp\/#primaryimage\",\"url\":\"https:\/\/vieassociative.be\/actualites\/wp-content\/uploads\/2026\/04\/1776611916_Aliments-pour-bebes-contamines-par-du-mort-aux-rats-en-Autriche-\u2013.jpg\",\"contentUrl\":\"https:\/\/vieassociative.be\/actualites\/wp-content\/uploads\/2026\/04\/1776611916_Aliments-pour-bebes-contamines-par-du-mort-aux-rats-en-Autriche-\u2013.jpg\",\"width\":1200,\"height\":801,\"caption\":\"Aliments pour b\u00e9b\u00e9s contamin\u00e9s par du mort-aux-rats en Autriche \u2013 Agence : tentative de chantage contre le fabricant Hipp\"},{\"@type\":\"BreadcrumbList\",\"@id\":\"https:\/\/vieassociative.be\/actualites\/aliments-pour-bebes-contamines-par-du-mort-aux-rats-en-autriche-agence-tentative-de-chantage-contre-le-fabricant-hipp\/#breadcrumb\",\"itemListElement\":[{\"@type\":\"ListItem\",\"position\":1,\"name\":\"Accueil\",\"item\":\"https:\/\/vieassociative.be\/actualites\/\"},{\"@type\":\"ListItem\",\"position\":2,\"name\":\"Aliments pour b\u00e9b\u00e9s contamin\u00e9s par du mort-aux-rats en Autriche \u2013 Agence : tentative de chantage contre le fabricant Hipp\"}]},{\"@type\":\"WebSite\",\"@id\":\"https:\/\/vieassociative.be\/actualites\/#website\",\"url\":\"https:\/\/vieassociative.be\/actualites\/\",\"name\":\"Vie Associative\",\"description\":\"\",\"publisher\":{\"@id\":\"https:\/\/vieassociative.be\/actualites\/#organization\"},\"potentialAction\":[{\"@type\":\"SearchAction\",\"target\":{\"@type\":\"EntryPoint\",\"urlTemplate\":\"https:\/\/vieassociative.be\/actualites\/?s={search_term_string}\"},\"query-input\":{\"@type\":\"PropertyValueSpecification\",\"valueRequired\":true,\"valueName\":\"search_term_string\"}}],\"inLanguage\":\"fr-BE\"},{\"@type\":\"Organization\",\"@id\":\"https:\/\/vieassociative.be\/actualites\/#organization\",\"name\":\"Vie Associative\",\"url\":\"https:\/\/vieassociative.be\/actualites\/\",\"logo\":{\"@type\":\"ImageObject\",\"inLanguage\":\"fr-BE\",\"@id\":\"https:\/\/vieassociative.be\/actualites\/#\/schema\/logo\/image\/\",\"url\":\"https:\/\/vieassociative.be\/actualites\/wp-content\/uploads\/2024\/09\/cropped-vieassociative_favicon.ico.png\",\"contentUrl\":\"https:\/\/vieassociative.be\/actualites\/wp-content\/uploads\/2024\/09\/cropped-vieassociative_favicon.ico.png\",\"width\":512,\"height\":512,\"caption\":\"Vie Associative\"},\"image\":{\"@id\":\"https:\/\/vieassociative.be\/actualites\/#\/schema\/logo\/image\/\"}},{\"@type\":\"Person\",\"@id\":\"https:\/\/vieassociative.be\/actualites\/#\/schema\/person\/b87ac4f82f9d4e7b7cec7395b679edc4\",\"name\":\"Julien\",\"image\":{\"@type\":\"ImageObject\",\"inLanguage\":\"fr-BE\",\"@id\":\"https:\/\/vieassociative.be\/actualites\/#\/schema\/person\/image\/\",\"url\":\"https:\/\/vieassociative.be\/actualites\/wp-content\/uploads\/2024\/09\/vie-associative-1-150x150.jpg\",\"contentUrl\":\"https:\/\/vieassociative.be\/actualites\/wp-content\/uploads\/2024\/09\/vie-associative-1-150x150.jpg\",\"caption\":\"Julien\"},\"description\":\"Je suis Julien, r\u00e9dacteur pour Vie Associative. Passionn\u00e9 par le monde associatif depuis plus de 10 ans, j'ai \u00e0 c\u0153ur de partager des histoires inspirantes et de mettre en lumi\u00e8re les initiatives locales. Mon objectif est de sensibiliser et d'encourager l'engagement communautaire \u00e0 travers mes articles.\",\"sameAs\":[\"https:\/\/vieassociative.be\/\"]}]}<\/script>\n<!-- \/ Yoast SEO plugin. -->","yoast_head_json":{"title":"Aliments pour b\u00e9b\u00e9s contamin\u00e9s par du mort-aux-rats en Autriche \u2013 Agence : tentative de chantage contre le fabricant Hipp | Vie Associative","robots":{"index":"index","follow":"follow","max-snippet":"max-snippet:-1","max-image-preview":"max-image-preview:large","max-video-preview":"max-video-preview:-1"},"canonical":"https:\/\/vieassociative.be\/actualites\/aliments-pour-bebes-contamines-par-du-mort-aux-rats-en-autriche-agence-tentative-de-chantage-contre-le-fabricant-hipp\/","og_locale":"fr_FR","og_type":"article","og_title":"Aliments pour b\u00e9b\u00e9s contamin\u00e9s par du mort-aux-rats en Autriche \u2013 Agence : tentative de chantage contre le fabricant Hipp | Vie Associative","og_description":"Un pot de nourriture pour b\u00e9b\u00e9 Hipp contamin\u00e9 par du mort-aux-rats a \u00e9t\u00e9 d\u00e9couvert en Autriche. Un client l&rsquo;a d\u00e9couvert et l&rsquo;a remis, \u00ab\u00a0il n&rsquo;y","og_url":"https:\/\/vieassociative.be\/actualites\/aliments-pour-bebes-contamines-par-du-mort-aux-rats-en-autriche-agence-tentative-de-chantage-contre-le-fabricant-hipp\/","og_site_name":"Vie Associative","article_published_time":"2026-04-19T15:18:35+00:00","og_image":[{"width":279,"height":92,"url":"https:\/\/vieassociative.be\/actualites\/wp-content\/uploads\/2024\/09\/header_backgroundk-01-e1726694325946.png","type":"image\/png"}],"author":"Julien","twitter_card":"summary_large_image","twitter_misc":{"\u00c9crit par":"Julien","Dur\u00e9e de lecture est.":"4 minutes"},"schema":{"@context":"https:\/\/schema.org","@graph":[{"@type":"Article","@id":"https:\/\/vieassociative.be\/actualites\/aliments-pour-bebes-contamines-par-du-mort-aux-rats-en-autriche-agence-tentative-de-chantage-contre-le-fabricant-hipp\/#article","isPartOf":{"@id":"https:\/\/vieassociative.be\/actualites\/aliments-pour-bebes-contamines-par-du-mort-aux-rats-en-autriche-agence-tentative-de-chantage-contre-le-fabricant-hipp\/"},"author":{"name":"Julien","@id":"https:\/\/vieassociative.be\/actualites\/#\/schema\/person\/b87ac4f82f9d4e7b7cec7395b679edc4"},"headline":"Aliments pour b\u00e9b\u00e9s contamin\u00e9s par du mort-aux-rats en Autriche \u2013 Agence : tentative de chantage contre le fabricant Hipp","datePublished":"2026-04-19T15:18:35+00:00","dateModified":"2026-04-19T15:18:35+00:00","mainEntityOfPage":{"@id":"https:\/\/vieassociative.be\/actualites\/aliments-pour-bebes-contamines-par-du-mort-aux-rats-en-autriche-agence-tentative-de-chantage-contre-le-fabricant-hipp\/"},"wordCount":800,"publisher":{"@id":"https:\/\/vieassociative.be\/actualites\/#organization"},"image":{"@id":"https:\/\/vieassociative.be\/actualites\/aliments-pour-bebes-contamines-par-du-mort-aux-rats-en-autriche-agence-tentative-de-chantage-contre-le-fabricant-hipp\/#primaryimage"},"thumbnailUrl":"https:\/\/vieassociative.be\/actualites\/wp-content\/uploads\/2026\/04\/1776611916_Aliments-pour-bebes-contamines-par-du-mort-aux-rats-en-Autriche-\u2013.jpg","keywords":["Agence","aliments","Autriche","b\u00e9b\u00e9s","chantage","contamin\u00e9s","contre","fabricant","Hipp","mortauxrats","par","pour","tentative"],"articleSection":["Belgique"],"inLanguage":"fr-BE"},{"@type":"WebPage","@id":"https:\/\/vieassociative.be\/actualites\/aliments-pour-bebes-contamines-par-du-mort-aux-rats-en-autriche-agence-tentative-de-chantage-contre-le-fabricant-hipp\/","url":"https:\/\/vieassociative.be\/actualites\/aliments-pour-bebes-contamines-par-du-mort-aux-rats-en-autriche-agence-tentative-de-chantage-contre-le-fabricant-hipp\/","name":"Aliments pour b\u00e9b\u00e9s contamin\u00e9s par du mort-aux-rats en Autriche \u2013 Agence : tentative de chantage contre le fabricant Hipp | Vie Associative","isPartOf":{"@id":"https:\/\/vieassociative.be\/actualites\/#website"},"primaryImageOfPage":{"@id":"https:\/\/vieassociative.be\/actualites\/aliments-pour-bebes-contamines-par-du-mort-aux-rats-en-autriche-agence-tentative-de-chantage-contre-le-fabricant-hipp\/#primaryimage"},"image":{"@id":"https:\/\/vieassociative.be\/actualites\/aliments-pour-bebes-contamines-par-du-mort-aux-rats-en-autriche-agence-tentative-de-chantage-contre-le-fabricant-hipp\/#primaryimage"},"thumbnailUrl":"https:\/\/vieassociative.be\/actualites\/wp-content\/uploads\/2026\/04\/1776611916_Aliments-pour-bebes-contamines-par-du-mort-aux-rats-en-Autriche-\u2013.jpg","datePublished":"2026-04-19T15:18:35+00:00","dateModified":"2026-04-19T15:18:35+00:00","breadcrumb":{"@id":"https:\/\/vieassociative.be\/actualites\/aliments-pour-bebes-contamines-par-du-mort-aux-rats-en-autriche-agence-tentative-de-chantage-contre-le-fabricant-hipp\/#breadcrumb"},"inLanguage":"fr-BE","potentialAction":[{"@type":"ReadAction","target":["https:\/\/vieassociative.be\/actualites\/aliments-pour-bebes-contamines-par-du-mort-aux-rats-en-autriche-agence-tentative-de-chantage-contre-le-fabricant-hipp\/"]}]},{"@type":"ImageObject","inLanguage":"fr-BE","@id":"https:\/\/vieassociative.be\/actualites\/aliments-pour-bebes-contamines-par-du-mort-aux-rats-en-autriche-agence-tentative-de-chantage-contre-le-fabricant-hipp\/#primaryimage","url":"https:\/\/vieassociative.be\/actualites\/wp-content\/uploads\/2026\/04\/1776611916_Aliments-pour-bebes-contamines-par-du-mort-aux-rats-en-Autriche-\u2013.jpg","contentUrl":"https:\/\/vieassociative.be\/actualites\/wp-content\/uploads\/2026\/04\/1776611916_Aliments-pour-bebes-contamines-par-du-mort-aux-rats-en-Autriche-\u2013.jpg","width":1200,"height":801,"caption":"Aliments pour b\u00e9b\u00e9s contamin\u00e9s par du mort-aux-rats en Autriche \u2013 Agence : tentative de chantage contre le fabricant Hipp"},{"@type":"BreadcrumbList","@id":"https:\/\/vieassociative.be\/actualites\/aliments-pour-bebes-contamines-par-du-mort-aux-rats-en-autriche-agence-tentative-de-chantage-contre-le-fabricant-hipp\/#breadcrumb","itemListElement":[{"@type":"ListItem","position":1,"name":"Accueil","item":"https:\/\/vieassociative.be\/actualites\/"},{"@type":"ListItem","position":2,"name":"Aliments pour b\u00e9b\u00e9s contamin\u00e9s par du mort-aux-rats en Autriche \u2013 Agence : tentative de chantage contre le fabricant Hipp"}]},{"@type":"WebSite","@id":"https:\/\/vieassociative.be\/actualites\/#website","url":"https:\/\/vieassociative.be\/actualites\/","name":"Vie Associative","description":"","publisher":{"@id":"https:\/\/vieassociative.be\/actualites\/#organization"},"potentialAction":[{"@type":"SearchAction","target":{"@type":"EntryPoint","urlTemplate":"https:\/\/vieassociative.be\/actualites\/?s={search_term_string}"},"query-input":{"@type":"PropertyValueSpecification","valueRequired":true,"valueName":"search_term_string"}}],"inLanguage":"fr-BE"},{"@type":"Organization","@id":"https:\/\/vieassociative.be\/actualites\/#organization","name":"Vie Associative","url":"https:\/\/vieassociative.be\/actualites\/","logo":{"@type":"ImageObject","inLanguage":"fr-BE","@id":"https:\/\/vieassociative.be\/actualites\/#\/schema\/logo\/image\/","url":"https:\/\/vieassociative.be\/actualites\/wp-content\/uploads\/2024\/09\/cropped-vieassociative_favicon.ico.png","contentUrl":"https:\/\/vieassociative.be\/actualites\/wp-content\/uploads\/2024\/09\/cropped-vieassociative_favicon.ico.png","width":512,"height":512,"caption":"Vie Associative"},"image":{"@id":"https:\/\/vieassociative.be\/actualites\/#\/schema\/logo\/image\/"}},{"@type":"Person","@id":"https:\/\/vieassociative.be\/actualites\/#\/schema\/person\/b87ac4f82f9d4e7b7cec7395b679edc4","name":"Julien","image":{"@type":"ImageObject","inLanguage":"fr-BE","@id":"https:\/\/vieassociative.be\/actualites\/#\/schema\/person\/image\/","url":"https:\/\/vieassociative.be\/actualites\/wp-content\/uploads\/2024\/09\/vie-associative-1-150x150.jpg","contentUrl":"https:\/\/vieassociative.be\/actualites\/wp-content\/uploads\/2024\/09\/vie-associative-1-150x150.jpg","caption":"Julien"},"description":"Je suis Julien, r\u00e9dacteur pour Vie Associative. Passionn\u00e9 par le monde associatif depuis plus de 10 ans, j'ai \u00e0 c\u0153ur de partager des histoires inspirantes et de mettre en lumi\u00e8re les initiatives locales. Mon objectif est de sensibiliser et d'encourager l'engagement communautaire \u00e0 travers mes articles.","sameAs":["https:\/\/vieassociative.be\/"]}]}},"_links":{"self":[{"href":"https:\/\/vieassociative.be\/actualites\/wp-json\/wp\/v2\/posts\/13506"}],"collection":[{"href":"https:\/\/vieassociative.be\/actualites\/wp-json\/wp\/v2\/posts"}],"about":[{"href":"https:\/\/vieassociative.be\/actualites\/wp-json\/wp\/v2\/types\/post"}],"author":[{"embeddable":true,"href":"https:\/\/vieassociative.be\/actualites\/wp-json\/wp\/v2\/users\/1"}],"replies":[{"embeddable":true,"href":"https:\/\/vieassociative.be\/actualites\/wp-json\/wp\/v2\/comments?post=13506"}],"version-history":[{"count":0,"href":"https:\/\/vieassociative.be\/actualites\/wp-json\/wp\/v2\/posts\/13506\/revisions"}],"wp:featuredmedia":[{"embeddable":true,"href":"https:\/\/vieassociative.be\/actualites\/wp-json\/wp\/v2\/media\/13507"}],"wp:attachment":[{"href":"https:\/\/vieassociative.be\/actualites\/wp-json\/wp\/v2\/media?parent=13506"}],"wp:term":[{"taxonomy":"category","embeddable":true,"href":"https:\/\/vieassociative.be\/actualites\/wp-json\/wp\/v2\/categories?post=13506"},{"taxonomy":"post_tag","embeddable":true,"href":"https:\/\/vieassociative.be\/actualites\/wp-json\/wp\/v2\/tags?post=13506"}],"curies":[{"name":"wp","href":"https:\/\/api.w.org\/{rel}","templated":true}]}}