{"id":13492,"date":"2026-04-18T17:17:27","date_gmt":"2026-04-18T15:17:27","guid":{"rendered":"https:\/\/vieassociative.be\/actualites\/lagence-de-notation-moodys-a-abaisse-la-note-de-credit-de-la-belgique-pour-la-premiere-fois-en-15-ans-de-aa3-a-a1\/"},"modified":"2026-04-18T17:17:27","modified_gmt":"2026-04-18T15:17:27","slug":"lagence-de-notation-moodys-a-abaisse-la-note-de-credit-de-la-belgique-pour-la-premiere-fois-en-15-ans-de-aa3-a-a1","status":"publish","type":"post","link":"https:\/\/vieassociative.be\/actualites\/lagence-de-notation-moodys-a-abaisse-la-note-de-credit-de-la-belgique-pour-la-premiere-fois-en-15-ans-de-aa3-a-a1\/","title":{"rendered":"L&rsquo;agence de notation Moody&rsquo;s a abaiss\u00e9 la note de cr\u00e9dit de la Belgique pour la premi\u00e8re fois en 15 ans &#8211; de Aa3 \u00e0 A1"},"content":{"rendered":"<p><strong>L&rsquo;agence de notation Moody&rsquo;s a abaiss\u00e9 la note de cr\u00e9dit de la Belgique de Aa3 \u00e0 A1. C&rsquo;est la premi\u00e8re fois en 15 ans que Moody&rsquo;s d\u00e9cide de proc\u00e9der ainsi. Les raisons invoqu\u00e9es sont les inqui\u00e9tudes concernant la croissance \u00e9conomique, la d\u00e9t\u00e9rioration de la situation fiscale et l&rsquo;augmentation de la dette nationale.<\/strong><\/p>\n<p><span id=\"more-438487\"><\/span>L&rsquo;abaissement de la note de cr\u00e9dit de la Belgique par Moody&rsquo;s de Aa3 \u00e0 A1 marque en fait un changement notable, car une telle mesure a eu lieu pour la derni\u00e8re fois il y a une quinzaine d&rsquo;ann\u00e9es. M\u00eame si les deux notations se situent toujours dans la fourchette dite de la \u00ab classe moyenne sup\u00e9rieure \u00bb et que la Belgique est donc consid\u00e9r\u00e9e comme solvable, la d\u00e9gradation signale une \u00e9valuation accrue du risque de la part de l&rsquo;agence. Gr\u00e2ce \u00e0 cette d\u00e9gradation, l\u2019\u00c9tat pourra \u00e0 l\u2019avenir emprunter de l\u2019argent \u00e0 des conditions pires.<\/p>\n<p>Au c\u0153ur de cette justification se trouvent plusieurs d\u00e9fis structurels. D&rsquo;une part, Moody&rsquo;s souligne une croissance \u00e9conomique relativement faible en Belgique. L&rsquo;\u00e9conomie belge est fortement d\u00e9pendante des \u00e9volutions ext\u00e9rieures, notamment du commerce europ\u00e9en et mondial. Dans un environnement d&rsquo;activit\u00e9 \u00e9conomique atone \u2013 par exemple en raison de tensions g\u00e9opolitiques ou d&rsquo;un affaiblissement de l&rsquo;industrie dans d&rsquo;importants pays partenaires \u2013 la Belgique a du mal \u00e0 cro\u00eetre de mani\u00e8re dynamique.<\/p>\n<div id=\"attachment_432318\" class=\"wp-caption alignleft\" style=\"max-width: 300px\"><img fetchpriority=\"high\" decoding=\"async\" class=\"wp-image-432318 size-medium\" src=\"https:\/\/vieassociative.be\/actualites\/wp-content\/uploads\/2026\/04\/Lagence-de-notation-Moodys-a-abaisse-la-note-de-credit.jpg\" alt=\"\" width=\"300\" height=\"200\"><\/div>\n<p>\u00c0 cela s\u2019ajoute la situation budg\u00e9taire tendue. Moody&rsquo;s constate une d\u00e9t\u00e9rioration continue des finances publiques, qui se traduit par une augmentation des d\u00e9ficits. Les d\u00e9penses publiques \u2013 par exemple en mati\u00e8re de prestations sociales, de retraites et de services publics \u2013 augmentent depuis des ann\u00e9es plus rapidement que les recettes. Sur le plan politique, il est \u00e9galement difficile de mettre en \u0153uvre des r\u00e9formes de grande envergure car le pays poss\u00e8de des structures f\u00e9d\u00e9rales complexes et des coalitions gouvernementales souvent fragiles.<\/p>\n<p>Un facteur particuli\u00e8rement important est la dette nationale \u00e9lev\u00e9e et croissante. Au sein de la zone euro, la Belgique fait d\u00e9j\u00e0 partie des pays pr\u00e9sentant un niveau d\u2019endettement relativement \u00e9lev\u00e9 par rapport au produit int\u00e9rieur brut. Moody&rsquo;s s&rsquo;attend \u00e0 ce que ce ratio continue d&rsquo;augmenter dans les ann\u00e9es \u00e0 venir, limitant ainsi la flexibilit\u00e9 financi\u00e8re du gouvernement, notamment en temps de crise ou lorsque les taux d&rsquo;int\u00e9r\u00eat augmentent.<\/p>\n<p>Le d\u00e9classement ne signifie pas imm\u00e9diatement une crise, mais il peut avoir des cons\u00e9quences concr\u00e8tes. Cela pourrait augmenter les co\u00fbts de refinancement pour l\u2019\u00c9tat, dans la mesure o\u00f9 les investisseurs ont tendance \u00e0 exiger des taux d\u2019int\u00e9r\u00eat plus \u00e9lev\u00e9s avec des notations plus faibles. La d\u00e9cision envoie \u00e9galement un signal politique : la pression en faveur de r\u00e9formes et la n\u00e9cessit\u00e9 d\u2019une politique financi\u00e8re plus durable augmentent.<\/p>\n<div id=\"attachment_323240\" class=\"wp-caption alignleft\" style=\"max-width: 300px\"><img decoding=\"async\" class=\"wp-image-323240 size-medium\" src=\"https:\/\/vieassociative.be\/actualites\/wp-content\/uploads\/2024\/12\/La-coalition-de-lArizona-echouera-t-elle-a-cause-du-fauteur.jpeg\" alt=\"\" width=\"300\" height=\"200\"  ><\/div>\n<p>Avant d&rsquo;\u00e9ventuelles d\u00e9cisions de notation, le Premier ministre Bart De Wever (N-VA) avait soulign\u00e9 au Parlement que le gouvernement faisait tout ce qui \u00e9tait en son pouvoir pour \u00e9viter une d\u00e9gradation. Il a \u00e9voqu\u00e9 les r\u00e9formes qui ont \u00e9t\u00e9 introduites, par exemple dans les domaines des retraites et du ch\u00f4mage, et a clairement indiqu\u00e9 qu&rsquo;il faudrait du temps pour qu&rsquo;elles aient un impact. Mais dans le m\u00eame temps, il a adopt\u00e9 un ton inhabituellement s\u00e9rieux : sans efforts suppl\u00e9mentaires, la Belgique risquerait d&rsquo;\u00eatre \u00ab cibl\u00e9e par les march\u00e9s internationaux \u00bb et ce serait \u00ab une omission coupable \u00bb de ne pas agir maintenant.<\/p>\n<p>Les milieux gouvernementaux ont \u00e9galement d\u00e9clar\u00e9 que les r\u00e9formes pr\u00e9c\u00e9dentes \u00e9taient reconnues, mais qu&rsquo;elles n&rsquo;\u00e9taient en aucun cas suffisantes. Il s&rsquo;est d\u00e9clar\u00e9 \u00ab pleinement d\u00e9termin\u00e9 \u00bb \u00e0 am\u00e9liorer consid\u00e9rablement la situation budg\u00e9taire et \u00e0 prendre de nouvelles mesures.<\/p>\n<p>Dans ses derni\u00e8res d\u00e9clarations sur la situation budg\u00e9taire, le ministre du Budget Vincent Van Peteghem (CD&#038;V) d\u00e9crit la situation avec une franchise inhabituelle : les finances publiques belges sont \u00ab sous pression \u00bb et cette pression continuera de s&rsquo;accentuer dans les ann\u00e9es \u00e0 venir malgr\u00e9 les mesures d\u00e9j\u00e0 d\u00e9cid\u00e9es. Van Peteghem souligne plusieurs probl\u00e8mes structurels qui sont presque identiques aux arguments de Moody :<\/p>\n<ul>\n<li style=\"list-style-type: none;\">\n<ul>\n<li>des co\u00fbts croissants en raison du vieillissement de la population,<\/li>\n<li>d\u00e9penses d&rsquo;int\u00e9r\u00eat croissantes sur la dette nationale<\/li>\n<li>des revenus plus faibles que pr\u00e9vu<\/li>\n<li>un d\u00e9ficit budg\u00e9taire qui s&rsquo;aggrave<\/li>\n<\/ul>\n<\/li>\n<\/ul>\n<p>Le minist\u00e8re du Budget s\u2019attend \u00e0 un d\u00e9ficit d\u2019environ -3,8 pour cent du PIB pour 2026, alors que dans le m\u00eame temps, des milliards suppl\u00e9mentaires devraient \u00eatre \u00e9conomis\u00e9s ou compens\u00e9s. Sur le plan politique, Van Peteghem en tire une conclusion claire : la Belgique doit \u00ab maintenir le cap de la responsabilit\u00e9 budg\u00e9taire \u00bb et m\u00eame prendre des mesures structurelles suppl\u00e9mentaires. (cr\u00e9er)<\/p>\n","protected":false},"excerpt":{"rendered":"<p>L&rsquo;agence de notation Moody&rsquo;s a abaiss\u00e9 la note de cr\u00e9dit de la Belgique de Aa3 \u00e0 A1. C&rsquo;est la premi\u00e8re fois en 15 ans que<\/p>\n","protected":false},"author":1,"featured_media":13493,"comment_status":"","ping_status":"","sticky":false,"template":"","format":"standard","meta":{"footnotes":""},"categories":[298],"tags":[10512,10511,584,383,512,774,5316,10510,10509,5137,81,610],"class_list":["post-13492","post","type-post","status-publish","format-standard","has-post-thumbnail","hentry","category-belgique","tag-aa3","tag-abaisse","tag-ans","tag-belgique","tag-credit","tag-fois","tag-lagence","tag-moodys","tag-notation","tag-note","tag-pour","tag-premiere","generate-columns","tablet-grid-50","mobile-grid-100","grid-parent","grid-33"],"yoast_head":"<!-- This site is optimized with the Yoast SEO plugin v24.0 - https:\/\/yoast.com\/wordpress\/plugins\/seo\/ -->\n<title>L&#039;agence de notation Moody&#039;s a abaiss\u00e9 la note de cr\u00e9dit de la Belgique pour la premi\u00e8re fois en 15 ans - de Aa3 \u00e0 A1 | Vie Associative<\/title>\n<meta name=\"robots\" content=\"index, follow, max-snippet:-1, max-image-preview:large, max-video-preview:-1\" \/>\n<link rel=\"canonical\" href=\"https:\/\/vieassociative.be\/actualites\/lagence-de-notation-moodys-a-abaisse-la-note-de-credit-de-la-belgique-pour-la-premiere-fois-en-15-ans-de-aa3-a-a1\/\" \/>\n<meta property=\"og:locale\" content=\"fr_FR\" \/>\n<meta property=\"og:type\" content=\"article\" \/>\n<meta property=\"og:title\" content=\"L&#039;agence de notation Moody&#039;s a abaiss\u00e9 la note de cr\u00e9dit de la Belgique pour la premi\u00e8re fois en 15 ans - de Aa3 \u00e0 A1 | Vie Associative\" \/>\n<meta property=\"og:description\" content=\"L&rsquo;agence de notation Moody&rsquo;s a abaiss\u00e9 la note de cr\u00e9dit de la Belgique de Aa3 \u00e0 A1. C&rsquo;est la premi\u00e8re fois en 15 ans que\" \/>\n<meta property=\"og:url\" content=\"https:\/\/vieassociative.be\/actualites\/lagence-de-notation-moodys-a-abaisse-la-note-de-credit-de-la-belgique-pour-la-premiere-fois-en-15-ans-de-aa3-a-a1\/\" \/>\n<meta property=\"og:site_name\" content=\"Vie Associative\" \/>\n<meta property=\"article:published_time\" content=\"2026-04-18T15:17:27+00:00\" \/>\n<meta property=\"og:image\" content=\"https:\/\/vieassociative.be\/actualites\/wp-content\/uploads\/2024\/09\/header_backgroundk-01-e1726694325946.png\" \/>\n\t<meta property=\"og:image:width\" content=\"279\" \/>\n\t<meta property=\"og:image:height\" content=\"92\" \/>\n\t<meta property=\"og:image:type\" content=\"image\/png\" \/>\n<meta name=\"author\" content=\"Julien\" \/>\n<meta name=\"twitter:card\" content=\"summary_large_image\" \/>\n<meta name=\"twitter:label1\" content=\"\u00c9crit par\" \/>\n\t<meta name=\"twitter:data1\" content=\"Julien\" \/>\n\t<meta name=\"twitter:label2\" content=\"Dur\u00e9e de lecture est.\" \/>\n\t<meta name=\"twitter:data2\" content=\"4 minutes\" \/>\n<script type=\"application\/ld+json\" class=\"yoast-schema-graph\">{\"@context\":\"https:\/\/schema.org\",\"@graph\":[{\"@type\":\"Article\",\"@id\":\"https:\/\/vieassociative.be\/actualites\/lagence-de-notation-moodys-a-abaisse-la-note-de-credit-de-la-belgique-pour-la-premiere-fois-en-15-ans-de-aa3-a-a1\/#article\",\"isPartOf\":{\"@id\":\"https:\/\/vieassociative.be\/actualites\/lagence-de-notation-moodys-a-abaisse-la-note-de-credit-de-la-belgique-pour-la-premiere-fois-en-15-ans-de-aa3-a-a1\/\"},\"author\":{\"name\":\"Julien\",\"@id\":\"https:\/\/vieassociative.be\/actualites\/#\/schema\/person\/b87ac4f82f9d4e7b7cec7395b679edc4\"},\"headline\":\"L&rsquo;agence de notation Moody&rsquo;s a abaiss\u00e9 la note de cr\u00e9dit de la Belgique pour la premi\u00e8re fois en 15 ans &#8211; de Aa3 \u00e0 A1\",\"datePublished\":\"2026-04-18T15:17:27+00:00\",\"dateModified\":\"2026-04-18T15:17:27+00:00\",\"mainEntityOfPage\":{\"@id\":\"https:\/\/vieassociative.be\/actualites\/lagence-de-notation-moodys-a-abaisse-la-note-de-credit-de-la-belgique-pour-la-premiere-fois-en-15-ans-de-aa3-a-a1\/\"},\"wordCount\":860,\"publisher\":{\"@id\":\"https:\/\/vieassociative.be\/actualites\/#organization\"},\"image\":{\"@id\":\"https:\/\/vieassociative.be\/actualites\/lagence-de-notation-moodys-a-abaisse-la-note-de-credit-de-la-belgique-pour-la-premiere-fois-en-15-ans-de-aa3-a-a1\/#primaryimage\"},\"thumbnailUrl\":\"https:\/\/vieassociative.be\/actualites\/wp-content\/uploads\/2026\/04\/1776525448_Lagence-de-notation-Moodys-a-abaisse-la-note-de-credit.jpg\",\"keywords\":[\"Aa3\",\"abaiss\u00e9\",\"ans\",\"Belgique\",\"cr\u00e9dit\",\"fois\",\"lagence\",\"Moodys\",\"notation\",\"Note\",\"pour\",\"premi\u00e8re\"],\"articleSection\":[\"Belgique\"],\"inLanguage\":\"fr-BE\"},{\"@type\":\"WebPage\",\"@id\":\"https:\/\/vieassociative.be\/actualites\/lagence-de-notation-moodys-a-abaisse-la-note-de-credit-de-la-belgique-pour-la-premiere-fois-en-15-ans-de-aa3-a-a1\/\",\"url\":\"https:\/\/vieassociative.be\/actualites\/lagence-de-notation-moodys-a-abaisse-la-note-de-credit-de-la-belgique-pour-la-premiere-fois-en-15-ans-de-aa3-a-a1\/\",\"name\":\"L'agence de notation Moody's a abaiss\u00e9 la note de cr\u00e9dit de la Belgique pour la premi\u00e8re fois en 15 ans - de Aa3 \u00e0 A1 | Vie Associative\",\"isPartOf\":{\"@id\":\"https:\/\/vieassociative.be\/actualites\/#website\"},\"primaryImageOfPage\":{\"@id\":\"https:\/\/vieassociative.be\/actualites\/lagence-de-notation-moodys-a-abaisse-la-note-de-credit-de-la-belgique-pour-la-premiere-fois-en-15-ans-de-aa3-a-a1\/#primaryimage\"},\"image\":{\"@id\":\"https:\/\/vieassociative.be\/actualites\/lagence-de-notation-moodys-a-abaisse-la-note-de-credit-de-la-belgique-pour-la-premiere-fois-en-15-ans-de-aa3-a-a1\/#primaryimage\"},\"thumbnailUrl\":\"https:\/\/vieassociative.be\/actualites\/wp-content\/uploads\/2026\/04\/1776525448_Lagence-de-notation-Moodys-a-abaisse-la-note-de-credit.jpg\",\"datePublished\":\"2026-04-18T15:17:27+00:00\",\"dateModified\":\"2026-04-18T15:17:27+00:00\",\"breadcrumb\":{\"@id\":\"https:\/\/vieassociative.be\/actualites\/lagence-de-notation-moodys-a-abaisse-la-note-de-credit-de-la-belgique-pour-la-premiere-fois-en-15-ans-de-aa3-a-a1\/#breadcrumb\"},\"inLanguage\":\"fr-BE\",\"potentialAction\":[{\"@type\":\"ReadAction\",\"target\":[\"https:\/\/vieassociative.be\/actualites\/lagence-de-notation-moodys-a-abaisse-la-note-de-credit-de-la-belgique-pour-la-premiere-fois-en-15-ans-de-aa3-a-a1\/\"]}]},{\"@type\":\"ImageObject\",\"inLanguage\":\"fr-BE\",\"@id\":\"https:\/\/vieassociative.be\/actualites\/lagence-de-notation-moodys-a-abaisse-la-note-de-credit-de-la-belgique-pour-la-premiere-fois-en-15-ans-de-aa3-a-a1\/#primaryimage\",\"url\":\"https:\/\/vieassociative.be\/actualites\/wp-content\/uploads\/2026\/04\/1776525448_Lagence-de-notation-Moodys-a-abaisse-la-note-de-credit.jpg\",\"contentUrl\":\"https:\/\/vieassociative.be\/actualites\/wp-content\/uploads\/2026\/04\/1776525448_Lagence-de-notation-Moodys-a-abaisse-la-note-de-credit.jpg\",\"width\":1200,\"height\":633,\"caption\":\"L'agence de notation Moody's a abaiss\u00e9 la note de cr\u00e9dit de la Belgique pour la premi\u00e8re fois en 15 ans - de Aa3 \u00e0 A1\"},{\"@type\":\"BreadcrumbList\",\"@id\":\"https:\/\/vieassociative.be\/actualites\/lagence-de-notation-moodys-a-abaisse-la-note-de-credit-de-la-belgique-pour-la-premiere-fois-en-15-ans-de-aa3-a-a1\/#breadcrumb\",\"itemListElement\":[{\"@type\":\"ListItem\",\"position\":1,\"name\":\"Accueil\",\"item\":\"https:\/\/vieassociative.be\/actualites\/\"},{\"@type\":\"ListItem\",\"position\":2,\"name\":\"L&rsquo;agence de notation Moody&rsquo;s a abaiss\u00e9 la note de cr\u00e9dit de la Belgique pour la premi\u00e8re fois en 15 ans &#8211; de Aa3 \u00e0 A1\"}]},{\"@type\":\"WebSite\",\"@id\":\"https:\/\/vieassociative.be\/actualites\/#website\",\"url\":\"https:\/\/vieassociative.be\/actualites\/\",\"name\":\"Vie Associative\",\"description\":\"\",\"publisher\":{\"@id\":\"https:\/\/vieassociative.be\/actualites\/#organization\"},\"potentialAction\":[{\"@type\":\"SearchAction\",\"target\":{\"@type\":\"EntryPoint\",\"urlTemplate\":\"https:\/\/vieassociative.be\/actualites\/?s={search_term_string}\"},\"query-input\":{\"@type\":\"PropertyValueSpecification\",\"valueRequired\":true,\"valueName\":\"search_term_string\"}}],\"inLanguage\":\"fr-BE\"},{\"@type\":\"Organization\",\"@id\":\"https:\/\/vieassociative.be\/actualites\/#organization\",\"name\":\"Vie Associative\",\"url\":\"https:\/\/vieassociative.be\/actualites\/\",\"logo\":{\"@type\":\"ImageObject\",\"inLanguage\":\"fr-BE\",\"@id\":\"https:\/\/vieassociative.be\/actualites\/#\/schema\/logo\/image\/\",\"url\":\"https:\/\/vieassociative.be\/actualites\/wp-content\/uploads\/2024\/09\/cropped-vieassociative_favicon.ico.png\",\"contentUrl\":\"https:\/\/vieassociative.be\/actualites\/wp-content\/uploads\/2024\/09\/cropped-vieassociative_favicon.ico.png\",\"width\":512,\"height\":512,\"caption\":\"Vie Associative\"},\"image\":{\"@id\":\"https:\/\/vieassociative.be\/actualites\/#\/schema\/logo\/image\/\"}},{\"@type\":\"Person\",\"@id\":\"https:\/\/vieassociative.be\/actualites\/#\/schema\/person\/b87ac4f82f9d4e7b7cec7395b679edc4\",\"name\":\"Julien\",\"image\":{\"@type\":\"ImageObject\",\"inLanguage\":\"fr-BE\",\"@id\":\"https:\/\/vieassociative.be\/actualites\/#\/schema\/person\/image\/\",\"url\":\"https:\/\/vieassociative.be\/actualites\/wp-content\/uploads\/2024\/09\/vie-associative-1-150x150.jpg\",\"contentUrl\":\"https:\/\/vieassociative.be\/actualites\/wp-content\/uploads\/2024\/09\/vie-associative-1-150x150.jpg\",\"caption\":\"Julien\"},\"description\":\"Je suis Julien, r\u00e9dacteur pour Vie Associative. Passionn\u00e9 par le monde associatif depuis plus de 10 ans, j'ai \u00e0 c\u0153ur de partager des histoires inspirantes et de mettre en lumi\u00e8re les initiatives locales. Mon objectif est de sensibiliser et d'encourager l'engagement communautaire \u00e0 travers mes articles.\",\"sameAs\":[\"https:\/\/vieassociative.be\/\"]}]}<\/script>\n<!-- \/ Yoast SEO plugin. -->","yoast_head_json":{"title":"L'agence de notation Moody's a abaiss\u00e9 la note de cr\u00e9dit de la Belgique pour la premi\u00e8re fois en 15 ans - de Aa3 \u00e0 A1 | Vie Associative","robots":{"index":"index","follow":"follow","max-snippet":"max-snippet:-1","max-image-preview":"max-image-preview:large","max-video-preview":"max-video-preview:-1"},"canonical":"https:\/\/vieassociative.be\/actualites\/lagence-de-notation-moodys-a-abaisse-la-note-de-credit-de-la-belgique-pour-la-premiere-fois-en-15-ans-de-aa3-a-a1\/","og_locale":"fr_FR","og_type":"article","og_title":"L'agence de notation Moody's a abaiss\u00e9 la note de cr\u00e9dit de la Belgique pour la premi\u00e8re fois en 15 ans - de Aa3 \u00e0 A1 | Vie Associative","og_description":"L&rsquo;agence de notation Moody&rsquo;s a abaiss\u00e9 la note de cr\u00e9dit de la Belgique de Aa3 \u00e0 A1. C&rsquo;est la premi\u00e8re fois en 15 ans que","og_url":"https:\/\/vieassociative.be\/actualites\/lagence-de-notation-moodys-a-abaisse-la-note-de-credit-de-la-belgique-pour-la-premiere-fois-en-15-ans-de-aa3-a-a1\/","og_site_name":"Vie Associative","article_published_time":"2026-04-18T15:17:27+00:00","og_image":[{"width":279,"height":92,"url":"https:\/\/vieassociative.be\/actualites\/wp-content\/uploads\/2024\/09\/header_backgroundk-01-e1726694325946.png","type":"image\/png"}],"author":"Julien","twitter_card":"summary_large_image","twitter_misc":{"\u00c9crit par":"Julien","Dur\u00e9e de lecture est.":"4 minutes"},"schema":{"@context":"https:\/\/schema.org","@graph":[{"@type":"Article","@id":"https:\/\/vieassociative.be\/actualites\/lagence-de-notation-moodys-a-abaisse-la-note-de-credit-de-la-belgique-pour-la-premiere-fois-en-15-ans-de-aa3-a-a1\/#article","isPartOf":{"@id":"https:\/\/vieassociative.be\/actualites\/lagence-de-notation-moodys-a-abaisse-la-note-de-credit-de-la-belgique-pour-la-premiere-fois-en-15-ans-de-aa3-a-a1\/"},"author":{"name":"Julien","@id":"https:\/\/vieassociative.be\/actualites\/#\/schema\/person\/b87ac4f82f9d4e7b7cec7395b679edc4"},"headline":"L&rsquo;agence de notation Moody&rsquo;s a abaiss\u00e9 la note de cr\u00e9dit de la Belgique pour la premi\u00e8re fois en 15 ans &#8211; de Aa3 \u00e0 A1","datePublished":"2026-04-18T15:17:27+00:00","dateModified":"2026-04-18T15:17:27+00:00","mainEntityOfPage":{"@id":"https:\/\/vieassociative.be\/actualites\/lagence-de-notation-moodys-a-abaisse-la-note-de-credit-de-la-belgique-pour-la-premiere-fois-en-15-ans-de-aa3-a-a1\/"},"wordCount":860,"publisher":{"@id":"https:\/\/vieassociative.be\/actualites\/#organization"},"image":{"@id":"https:\/\/vieassociative.be\/actualites\/lagence-de-notation-moodys-a-abaisse-la-note-de-credit-de-la-belgique-pour-la-premiere-fois-en-15-ans-de-aa3-a-a1\/#primaryimage"},"thumbnailUrl":"https:\/\/vieassociative.be\/actualites\/wp-content\/uploads\/2026\/04\/1776525448_Lagence-de-notation-Moodys-a-abaisse-la-note-de-credit.jpg","keywords":["Aa3","abaiss\u00e9","ans","Belgique","cr\u00e9dit","fois","lagence","Moodys","notation","Note","pour","premi\u00e8re"],"articleSection":["Belgique"],"inLanguage":"fr-BE"},{"@type":"WebPage","@id":"https:\/\/vieassociative.be\/actualites\/lagence-de-notation-moodys-a-abaisse-la-note-de-credit-de-la-belgique-pour-la-premiere-fois-en-15-ans-de-aa3-a-a1\/","url":"https:\/\/vieassociative.be\/actualites\/lagence-de-notation-moodys-a-abaisse-la-note-de-credit-de-la-belgique-pour-la-premiere-fois-en-15-ans-de-aa3-a-a1\/","name":"L'agence de notation Moody's a abaiss\u00e9 la note de cr\u00e9dit de la Belgique pour la premi\u00e8re fois en 15 ans - de Aa3 \u00e0 A1 | Vie Associative","isPartOf":{"@id":"https:\/\/vieassociative.be\/actualites\/#website"},"primaryImageOfPage":{"@id":"https:\/\/vieassociative.be\/actualites\/lagence-de-notation-moodys-a-abaisse-la-note-de-credit-de-la-belgique-pour-la-premiere-fois-en-15-ans-de-aa3-a-a1\/#primaryimage"},"image":{"@id":"https:\/\/vieassociative.be\/actualites\/lagence-de-notation-moodys-a-abaisse-la-note-de-credit-de-la-belgique-pour-la-premiere-fois-en-15-ans-de-aa3-a-a1\/#primaryimage"},"thumbnailUrl":"https:\/\/vieassociative.be\/actualites\/wp-content\/uploads\/2026\/04\/1776525448_Lagence-de-notation-Moodys-a-abaisse-la-note-de-credit.jpg","datePublished":"2026-04-18T15:17:27+00:00","dateModified":"2026-04-18T15:17:27+00:00","breadcrumb":{"@id":"https:\/\/vieassociative.be\/actualites\/lagence-de-notation-moodys-a-abaisse-la-note-de-credit-de-la-belgique-pour-la-premiere-fois-en-15-ans-de-aa3-a-a1\/#breadcrumb"},"inLanguage":"fr-BE","potentialAction":[{"@type":"ReadAction","target":["https:\/\/vieassociative.be\/actualites\/lagence-de-notation-moodys-a-abaisse-la-note-de-credit-de-la-belgique-pour-la-premiere-fois-en-15-ans-de-aa3-a-a1\/"]}]},{"@type":"ImageObject","inLanguage":"fr-BE","@id":"https:\/\/vieassociative.be\/actualites\/lagence-de-notation-moodys-a-abaisse-la-note-de-credit-de-la-belgique-pour-la-premiere-fois-en-15-ans-de-aa3-a-a1\/#primaryimage","url":"https:\/\/vieassociative.be\/actualites\/wp-content\/uploads\/2026\/04\/1776525448_Lagence-de-notation-Moodys-a-abaisse-la-note-de-credit.jpg","contentUrl":"https:\/\/vieassociative.be\/actualites\/wp-content\/uploads\/2026\/04\/1776525448_Lagence-de-notation-Moodys-a-abaisse-la-note-de-credit.jpg","width":1200,"height":633,"caption":"L'agence de notation Moody's a abaiss\u00e9 la note de cr\u00e9dit de la Belgique pour la premi\u00e8re fois en 15 ans - de Aa3 \u00e0 A1"},{"@type":"BreadcrumbList","@id":"https:\/\/vieassociative.be\/actualites\/lagence-de-notation-moodys-a-abaisse-la-note-de-credit-de-la-belgique-pour-la-premiere-fois-en-15-ans-de-aa3-a-a1\/#breadcrumb","itemListElement":[{"@type":"ListItem","position":1,"name":"Accueil","item":"https:\/\/vieassociative.be\/actualites\/"},{"@type":"ListItem","position":2,"name":"L&rsquo;agence de notation Moody&rsquo;s a abaiss\u00e9 la note de cr\u00e9dit de la Belgique pour la premi\u00e8re fois en 15 ans &#8211; de Aa3 \u00e0 A1"}]},{"@type":"WebSite","@id":"https:\/\/vieassociative.be\/actualites\/#website","url":"https:\/\/vieassociative.be\/actualites\/","name":"Vie Associative","description":"","publisher":{"@id":"https:\/\/vieassociative.be\/actualites\/#organization"},"potentialAction":[{"@type":"SearchAction","target":{"@type":"EntryPoint","urlTemplate":"https:\/\/vieassociative.be\/actualites\/?s={search_term_string}"},"query-input":{"@type":"PropertyValueSpecification","valueRequired":true,"valueName":"search_term_string"}}],"inLanguage":"fr-BE"},{"@type":"Organization","@id":"https:\/\/vieassociative.be\/actualites\/#organization","name":"Vie Associative","url":"https:\/\/vieassociative.be\/actualites\/","logo":{"@type":"ImageObject","inLanguage":"fr-BE","@id":"https:\/\/vieassociative.be\/actualites\/#\/schema\/logo\/image\/","url":"https:\/\/vieassociative.be\/actualites\/wp-content\/uploads\/2024\/09\/cropped-vieassociative_favicon.ico.png","contentUrl":"https:\/\/vieassociative.be\/actualites\/wp-content\/uploads\/2024\/09\/cropped-vieassociative_favicon.ico.png","width":512,"height":512,"caption":"Vie Associative"},"image":{"@id":"https:\/\/vieassociative.be\/actualites\/#\/schema\/logo\/image\/"}},{"@type":"Person","@id":"https:\/\/vieassociative.be\/actualites\/#\/schema\/person\/b87ac4f82f9d4e7b7cec7395b679edc4","name":"Julien","image":{"@type":"ImageObject","inLanguage":"fr-BE","@id":"https:\/\/vieassociative.be\/actualites\/#\/schema\/person\/image\/","url":"https:\/\/vieassociative.be\/actualites\/wp-content\/uploads\/2024\/09\/vie-associative-1-150x150.jpg","contentUrl":"https:\/\/vieassociative.be\/actualites\/wp-content\/uploads\/2024\/09\/vie-associative-1-150x150.jpg","caption":"Julien"},"description":"Je suis Julien, r\u00e9dacteur pour Vie Associative. Passionn\u00e9 par le monde associatif depuis plus de 10 ans, j'ai \u00e0 c\u0153ur de partager des histoires inspirantes et de mettre en lumi\u00e8re les initiatives locales. Mon objectif est de sensibiliser et d'encourager l'engagement communautaire \u00e0 travers mes articles.","sameAs":["https:\/\/vieassociative.be\/"]}]}},"_links":{"self":[{"href":"https:\/\/vieassociative.be\/actualites\/wp-json\/wp\/v2\/posts\/13492"}],"collection":[{"href":"https:\/\/vieassociative.be\/actualites\/wp-json\/wp\/v2\/posts"}],"about":[{"href":"https:\/\/vieassociative.be\/actualites\/wp-json\/wp\/v2\/types\/post"}],"author":[{"embeddable":true,"href":"https:\/\/vieassociative.be\/actualites\/wp-json\/wp\/v2\/users\/1"}],"replies":[{"embeddable":true,"href":"https:\/\/vieassociative.be\/actualites\/wp-json\/wp\/v2\/comments?post=13492"}],"version-history":[{"count":0,"href":"https:\/\/vieassociative.be\/actualites\/wp-json\/wp\/v2\/posts\/13492\/revisions"}],"wp:featuredmedia":[{"embeddable":true,"href":"https:\/\/vieassociative.be\/actualites\/wp-json\/wp\/v2\/media\/13493"}],"wp:attachment":[{"href":"https:\/\/vieassociative.be\/actualites\/wp-json\/wp\/v2\/media?parent=13492"}],"wp:term":[{"taxonomy":"category","embeddable":true,"href":"https:\/\/vieassociative.be\/actualites\/wp-json\/wp\/v2\/categories?post=13492"},{"taxonomy":"post_tag","embeddable":true,"href":"https:\/\/vieassociative.be\/actualites\/wp-json\/wp\/v2\/tags?post=13492"}],"curies":[{"name":"wp","href":"https:\/\/api.w.org\/{rel}","templated":true}]}}