{"id":13490,"date":"2026-04-18T16:18:23","date_gmt":"2026-04-18T14:18:23","guid":{"rendered":"https:\/\/vieassociative.be\/actualites\/si-x-ne-fonctionne-pas-ce-nest-pas-seulement-vous\/"},"modified":"2026-04-18T16:18:23","modified_gmt":"2026-04-18T14:18:23","slug":"si-x-ne-fonctionne-pas-ce-nest-pas-seulement-vous","status":"publish","type":"post","link":"https:\/\/vieassociative.be\/actualites\/si-x-ne-fonctionne-pas-ce-nest-pas-seulement-vous\/","title":{"rendered":"Si X ne fonctionne pas, ce n&rsquo;est pas seulement vous"},"content":{"rendered":"<p>Si vous essayez d&rsquo;acc\u00e9der \u00e0 X un vendredi apr\u00e8s-midi (heure de l&rsquo;Est), vous risquez de vous heurter \u00e0 un barrage routier. C&rsquo;est ce qui m&rsquo;est arriv\u00e9 : je suis all\u00e9 rafra\u00eechir mon flux une derni\u00e8re fois avant de partir en week-end, mais j&rsquo;ai remarqu\u00e9 que rien ne se chargeait. En fait, le site a agi comme si j&rsquo;avais un tout nouveau compte et m&rsquo;a invit\u00e9 \u00e0 explorer les utilisateurs \u00e0 suivre. Mais chaque fois que je cliquais sur quelque chose, j&rsquo;obtenais simplement des erreurs. <\/p>\n<p>Je pensais que c&rsquo;\u00e9tait peut-\u00eatre de mon c\u00f4t\u00e9, car lorsque j&rsquo;ai v\u00e9rifi\u00e9 Downdetector, le site a d\u00e9clar\u00e9\u00a0: \u00ab\u00a0Les rapports des utilisateurs ne montrent aucun probl\u00e8me actuel avec X (Twitter).\u00a0\u00bb En effet, le graphique \u00e9tait plat, \u00e0 l\u2019exception d\u2019un petit pic plus t\u00f4t dans la journ\u00e9e. Mais les commentaires \u00e9taient remplis d&rsquo;utilisateurs parlant du dysfonctionnement du site, confirmant que je n&rsquo;\u00e9tais pas seul ici. (Divulgation\u00a0: ZiffDavis poss\u00e8de \u00e0 la fois Vie Associative et Downdetector.)<\/p>\n<p>X a connu de nombreux cas d&rsquo;indisponibilit\u00e9 similaires, donc, selon toute vraisemblance, le site sera bient\u00f4t de nouveau op\u00e9rationnel. (Il se pourrait m\u00eame que ce soit le cas au moment o\u00f9 vous lirez ceci.) Mais cela arrive au m\u00eame moment o\u00f9 le concurrent X, Bluesky, a connu des interruptions de service en raison d&rsquo;une attaque par d\u00e9ni de service distribu\u00e9 (DDoS). Cela pourrait \u00eatre une co\u00efncidence, mais dans le cas de Bluesky, le probl\u00e8me ne provenait pas d&rsquo;un bug, mais plut\u00f4t d&rsquo;un attaquant inondant les serveurs de Bluesky avec trop de trafic pour fonctionner.  <\/p>\n","protected":false},"excerpt":{"rendered":"<p>Si vous essayez d&rsquo;acc\u00e9der \u00e0 X un vendredi apr\u00e8s-midi (heure de l&rsquo;Est), vous risquez de vous heurter \u00e0 un barrage routier. C&rsquo;est ce qui m&rsquo;est<\/p>\n","protected":false},"author":1,"featured_media":13491,"comment_status":"","ping_status":"","sticky":false,"template":"","format":"standard","meta":{"footnotes":""},"categories":[13],"tags":[1686,1082,126,2583,4],"class_list":["post-13490","post","type-post","status-publish","format-standard","has-post-thumbnail","hentry","category-technologie","tag-fonctionne","tag-nest","tag-pas","tag-seulement","tag-vous","generate-columns","tablet-grid-50","mobile-grid-100","grid-parent","grid-33"],"yoast_head":"<!-- This site is optimized with the Yoast SEO plugin v24.0 - https:\/\/yoast.com\/wordpress\/plugins\/seo\/ -->\n<title>Si X ne fonctionne pas, ce n&#039;est pas seulement vous | Vie Associative<\/title>\n<meta name=\"robots\" content=\"index, follow, max-snippet:-1, max-image-preview:large, max-video-preview:-1\" \/>\n<link rel=\"canonical\" href=\"https:\/\/vieassociative.be\/actualites\/si-x-ne-fonctionne-pas-ce-nest-pas-seulement-vous\/\" \/>\n<meta property=\"og:locale\" content=\"fr_FR\" \/>\n<meta property=\"og:type\" content=\"article\" \/>\n<meta property=\"og:title\" content=\"Si X ne fonctionne pas, ce n&#039;est pas seulement vous | Vie Associative\" \/>\n<meta property=\"og:description\" content=\"Si vous essayez d&rsquo;acc\u00e9der \u00e0 X un vendredi apr\u00e8s-midi (heure de l&rsquo;Est), vous risquez de vous heurter \u00e0 un barrage routier. C&rsquo;est ce qui m&rsquo;est\" \/>\n<meta property=\"og:url\" content=\"https:\/\/vieassociative.be\/actualites\/si-x-ne-fonctionne-pas-ce-nest-pas-seulement-vous\/\" \/>\n<meta property=\"og:site_name\" content=\"Vie Associative\" \/>\n<meta property=\"article:published_time\" content=\"2026-04-18T14:18:23+00:00\" \/>\n<meta property=\"og:image\" content=\"https:\/\/vieassociative.be\/actualites\/wp-content\/uploads\/2024\/09\/header_backgroundk-01-e1726694325946.png\" \/>\n\t<meta property=\"og:image:width\" content=\"279\" \/>\n\t<meta property=\"og:image:height\" content=\"92\" \/>\n\t<meta property=\"og:image:type\" content=\"image\/png\" \/>\n<meta name=\"author\" content=\"Julien\" \/>\n<meta name=\"twitter:card\" content=\"summary_large_image\" \/>\n<meta name=\"twitter:label1\" content=\"\u00c9crit par\" \/>\n\t<meta name=\"twitter:data1\" content=\"Julien\" \/>\n\t<meta name=\"twitter:label2\" content=\"Dur\u00e9e de lecture est.\" \/>\n\t<meta name=\"twitter:data2\" content=\"1 minute\" \/>\n<script type=\"application\/ld+json\" class=\"yoast-schema-graph\">{\"@context\":\"https:\/\/schema.org\",\"@graph\":[{\"@type\":\"Article\",\"@id\":\"https:\/\/vieassociative.be\/actualites\/si-x-ne-fonctionne-pas-ce-nest-pas-seulement-vous\/#article\",\"isPartOf\":{\"@id\":\"https:\/\/vieassociative.be\/actualites\/si-x-ne-fonctionne-pas-ce-nest-pas-seulement-vous\/\"},\"author\":{\"name\":\"Julien\",\"@id\":\"https:\/\/vieassociative.be\/actualites\/#\/schema\/person\/b87ac4f82f9d4e7b7cec7395b679edc4\"},\"headline\":\"Si X ne fonctionne pas, ce n&rsquo;est pas seulement vous\",\"datePublished\":\"2026-04-18T14:18:23+00:00\",\"dateModified\":\"2026-04-18T14:18:23+00:00\",\"mainEntityOfPage\":{\"@id\":\"https:\/\/vieassociative.be\/actualites\/si-x-ne-fonctionne-pas-ce-nest-pas-seulement-vous\/\"},\"wordCount\":293,\"publisher\":{\"@id\":\"https:\/\/vieassociative.be\/actualites\/#organization\"},\"image\":{\"@id\":\"https:\/\/vieassociative.be\/actualites\/si-x-ne-fonctionne-pas-ce-nest-pas-seulement-vous\/#primaryimage\"},\"thumbnailUrl\":\"https:\/\/vieassociative.be\/actualites\/wp-content\/uploads\/2026\/04\/Si-X-ne-fonctionne-pas-ce-nest-pas-seulement-vous.jpg\",\"keywords\":[\"fonctionne\",\"nest\",\"pas\",\"seulement\",\"Vous\"],\"articleSection\":[\"Technologie\"],\"inLanguage\":\"fr-BE\"},{\"@type\":\"WebPage\",\"@id\":\"https:\/\/vieassociative.be\/actualites\/si-x-ne-fonctionne-pas-ce-nest-pas-seulement-vous\/\",\"url\":\"https:\/\/vieassociative.be\/actualites\/si-x-ne-fonctionne-pas-ce-nest-pas-seulement-vous\/\",\"name\":\"Si X ne fonctionne pas, ce n'est pas seulement vous | Vie Associative\",\"isPartOf\":{\"@id\":\"https:\/\/vieassociative.be\/actualites\/#website\"},\"primaryImageOfPage\":{\"@id\":\"https:\/\/vieassociative.be\/actualites\/si-x-ne-fonctionne-pas-ce-nest-pas-seulement-vous\/#primaryimage\"},\"image\":{\"@id\":\"https:\/\/vieassociative.be\/actualites\/si-x-ne-fonctionne-pas-ce-nest-pas-seulement-vous\/#primaryimage\"},\"thumbnailUrl\":\"https:\/\/vieassociative.be\/actualites\/wp-content\/uploads\/2026\/04\/Si-X-ne-fonctionne-pas-ce-nest-pas-seulement-vous.jpg\",\"datePublished\":\"2026-04-18T14:18:23+00:00\",\"dateModified\":\"2026-04-18T14:18:23+00:00\",\"breadcrumb\":{\"@id\":\"https:\/\/vieassociative.be\/actualites\/si-x-ne-fonctionne-pas-ce-nest-pas-seulement-vous\/#breadcrumb\"},\"inLanguage\":\"fr-BE\",\"potentialAction\":[{\"@type\":\"ReadAction\",\"target\":[\"https:\/\/vieassociative.be\/actualites\/si-x-ne-fonctionne-pas-ce-nest-pas-seulement-vous\/\"]}]},{\"@type\":\"ImageObject\",\"inLanguage\":\"fr-BE\",\"@id\":\"https:\/\/vieassociative.be\/actualites\/si-x-ne-fonctionne-pas-ce-nest-pas-seulement-vous\/#primaryimage\",\"url\":\"https:\/\/vieassociative.be\/actualites\/wp-content\/uploads\/2026\/04\/Si-X-ne-fonctionne-pas-ce-nest-pas-seulement-vous.jpg\",\"contentUrl\":\"https:\/\/vieassociative.be\/actualites\/wp-content\/uploads\/2026\/04\/Si-X-ne-fonctionne-pas-ce-nest-pas-seulement-vous.jpg\",\"width\":1200,\"height\":675,\"caption\":\"Si X ne fonctionne pas, ce n'est pas seulement vous\"},{\"@type\":\"BreadcrumbList\",\"@id\":\"https:\/\/vieassociative.be\/actualites\/si-x-ne-fonctionne-pas-ce-nest-pas-seulement-vous\/#breadcrumb\",\"itemListElement\":[{\"@type\":\"ListItem\",\"position\":1,\"name\":\"Accueil\",\"item\":\"https:\/\/vieassociative.be\/actualites\/\"},{\"@type\":\"ListItem\",\"position\":2,\"name\":\"Si X ne fonctionne pas, ce n&rsquo;est pas seulement vous\"}]},{\"@type\":\"WebSite\",\"@id\":\"https:\/\/vieassociative.be\/actualites\/#website\",\"url\":\"https:\/\/vieassociative.be\/actualites\/\",\"name\":\"Vie Associative\",\"description\":\"\",\"publisher\":{\"@id\":\"https:\/\/vieassociative.be\/actualites\/#organization\"},\"potentialAction\":[{\"@type\":\"SearchAction\",\"target\":{\"@type\":\"EntryPoint\",\"urlTemplate\":\"https:\/\/vieassociative.be\/actualites\/?s={search_term_string}\"},\"query-input\":{\"@type\":\"PropertyValueSpecification\",\"valueRequired\":true,\"valueName\":\"search_term_string\"}}],\"inLanguage\":\"fr-BE\"},{\"@type\":\"Organization\",\"@id\":\"https:\/\/vieassociative.be\/actualites\/#organization\",\"name\":\"Vie Associative\",\"url\":\"https:\/\/vieassociative.be\/actualites\/\",\"logo\":{\"@type\":\"ImageObject\",\"inLanguage\":\"fr-BE\",\"@id\":\"https:\/\/vieassociative.be\/actualites\/#\/schema\/logo\/image\/\",\"url\":\"https:\/\/vieassociative.be\/actualites\/wp-content\/uploads\/2024\/09\/cropped-vieassociative_favicon.ico.png\",\"contentUrl\":\"https:\/\/vieassociative.be\/actualites\/wp-content\/uploads\/2024\/09\/cropped-vieassociative_favicon.ico.png\",\"width\":512,\"height\":512,\"caption\":\"Vie Associative\"},\"image\":{\"@id\":\"https:\/\/vieassociative.be\/actualites\/#\/schema\/logo\/image\/\"}},{\"@type\":\"Person\",\"@id\":\"https:\/\/vieassociative.be\/actualites\/#\/schema\/person\/b87ac4f82f9d4e7b7cec7395b679edc4\",\"name\":\"Julien\",\"image\":{\"@type\":\"ImageObject\",\"inLanguage\":\"fr-BE\",\"@id\":\"https:\/\/vieassociative.be\/actualites\/#\/schema\/person\/image\/\",\"url\":\"https:\/\/vieassociative.be\/actualites\/wp-content\/uploads\/2024\/09\/vie-associative-1-150x150.jpg\",\"contentUrl\":\"https:\/\/vieassociative.be\/actualites\/wp-content\/uploads\/2024\/09\/vie-associative-1-150x150.jpg\",\"caption\":\"Julien\"},\"description\":\"Je suis Julien, r\u00e9dacteur pour Vie Associative. Passionn\u00e9 par le monde associatif depuis plus de 10 ans, j'ai \u00e0 c\u0153ur de partager des histoires inspirantes et de mettre en lumi\u00e8re les initiatives locales. Mon objectif est de sensibiliser et d'encourager l'engagement communautaire \u00e0 travers mes articles.\",\"sameAs\":[\"https:\/\/vieassociative.be\/\"]}]}<\/script>\n<!-- \/ Yoast SEO plugin. -->","yoast_head_json":{"title":"Si X ne fonctionne pas, ce n'est pas seulement vous | Vie Associative","robots":{"index":"index","follow":"follow","max-snippet":"max-snippet:-1","max-image-preview":"max-image-preview:large","max-video-preview":"max-video-preview:-1"},"canonical":"https:\/\/vieassociative.be\/actualites\/si-x-ne-fonctionne-pas-ce-nest-pas-seulement-vous\/","og_locale":"fr_FR","og_type":"article","og_title":"Si X ne fonctionne pas, ce n'est pas seulement vous | Vie Associative","og_description":"Si vous essayez d&rsquo;acc\u00e9der \u00e0 X un vendredi apr\u00e8s-midi (heure de l&rsquo;Est), vous risquez de vous heurter \u00e0 un barrage routier. C&rsquo;est ce qui m&rsquo;est","og_url":"https:\/\/vieassociative.be\/actualites\/si-x-ne-fonctionne-pas-ce-nest-pas-seulement-vous\/","og_site_name":"Vie Associative","article_published_time":"2026-04-18T14:18:23+00:00","og_image":[{"width":279,"height":92,"url":"https:\/\/vieassociative.be\/actualites\/wp-content\/uploads\/2024\/09\/header_backgroundk-01-e1726694325946.png","type":"image\/png"}],"author":"Julien","twitter_card":"summary_large_image","twitter_misc":{"\u00c9crit par":"Julien","Dur\u00e9e de lecture est.":"1 minute"},"schema":{"@context":"https:\/\/schema.org","@graph":[{"@type":"Article","@id":"https:\/\/vieassociative.be\/actualites\/si-x-ne-fonctionne-pas-ce-nest-pas-seulement-vous\/#article","isPartOf":{"@id":"https:\/\/vieassociative.be\/actualites\/si-x-ne-fonctionne-pas-ce-nest-pas-seulement-vous\/"},"author":{"name":"Julien","@id":"https:\/\/vieassociative.be\/actualites\/#\/schema\/person\/b87ac4f82f9d4e7b7cec7395b679edc4"},"headline":"Si X ne fonctionne pas, ce n&rsquo;est pas seulement vous","datePublished":"2026-04-18T14:18:23+00:00","dateModified":"2026-04-18T14:18:23+00:00","mainEntityOfPage":{"@id":"https:\/\/vieassociative.be\/actualites\/si-x-ne-fonctionne-pas-ce-nest-pas-seulement-vous\/"},"wordCount":293,"publisher":{"@id":"https:\/\/vieassociative.be\/actualites\/#organization"},"image":{"@id":"https:\/\/vieassociative.be\/actualites\/si-x-ne-fonctionne-pas-ce-nest-pas-seulement-vous\/#primaryimage"},"thumbnailUrl":"https:\/\/vieassociative.be\/actualites\/wp-content\/uploads\/2026\/04\/Si-X-ne-fonctionne-pas-ce-nest-pas-seulement-vous.jpg","keywords":["fonctionne","nest","pas","seulement","Vous"],"articleSection":["Technologie"],"inLanguage":"fr-BE"},{"@type":"WebPage","@id":"https:\/\/vieassociative.be\/actualites\/si-x-ne-fonctionne-pas-ce-nest-pas-seulement-vous\/","url":"https:\/\/vieassociative.be\/actualites\/si-x-ne-fonctionne-pas-ce-nest-pas-seulement-vous\/","name":"Si X ne fonctionne pas, ce n'est pas seulement vous | Vie Associative","isPartOf":{"@id":"https:\/\/vieassociative.be\/actualites\/#website"},"primaryImageOfPage":{"@id":"https:\/\/vieassociative.be\/actualites\/si-x-ne-fonctionne-pas-ce-nest-pas-seulement-vous\/#primaryimage"},"image":{"@id":"https:\/\/vieassociative.be\/actualites\/si-x-ne-fonctionne-pas-ce-nest-pas-seulement-vous\/#primaryimage"},"thumbnailUrl":"https:\/\/vieassociative.be\/actualites\/wp-content\/uploads\/2026\/04\/Si-X-ne-fonctionne-pas-ce-nest-pas-seulement-vous.jpg","datePublished":"2026-04-18T14:18:23+00:00","dateModified":"2026-04-18T14:18:23+00:00","breadcrumb":{"@id":"https:\/\/vieassociative.be\/actualites\/si-x-ne-fonctionne-pas-ce-nest-pas-seulement-vous\/#breadcrumb"},"inLanguage":"fr-BE","potentialAction":[{"@type":"ReadAction","target":["https:\/\/vieassociative.be\/actualites\/si-x-ne-fonctionne-pas-ce-nest-pas-seulement-vous\/"]}]},{"@type":"ImageObject","inLanguage":"fr-BE","@id":"https:\/\/vieassociative.be\/actualites\/si-x-ne-fonctionne-pas-ce-nest-pas-seulement-vous\/#primaryimage","url":"https:\/\/vieassociative.be\/actualites\/wp-content\/uploads\/2026\/04\/Si-X-ne-fonctionne-pas-ce-nest-pas-seulement-vous.jpg","contentUrl":"https:\/\/vieassociative.be\/actualites\/wp-content\/uploads\/2026\/04\/Si-X-ne-fonctionne-pas-ce-nest-pas-seulement-vous.jpg","width":1200,"height":675,"caption":"Si X ne fonctionne pas, ce n'est pas seulement vous"},{"@type":"BreadcrumbList","@id":"https:\/\/vieassociative.be\/actualites\/si-x-ne-fonctionne-pas-ce-nest-pas-seulement-vous\/#breadcrumb","itemListElement":[{"@type":"ListItem","position":1,"name":"Accueil","item":"https:\/\/vieassociative.be\/actualites\/"},{"@type":"ListItem","position":2,"name":"Si X ne fonctionne pas, ce n&rsquo;est pas seulement vous"}]},{"@type":"WebSite","@id":"https:\/\/vieassociative.be\/actualites\/#website","url":"https:\/\/vieassociative.be\/actualites\/","name":"Vie Associative","description":"","publisher":{"@id":"https:\/\/vieassociative.be\/actualites\/#organization"},"potentialAction":[{"@type":"SearchAction","target":{"@type":"EntryPoint","urlTemplate":"https:\/\/vieassociative.be\/actualites\/?s={search_term_string}"},"query-input":{"@type":"PropertyValueSpecification","valueRequired":true,"valueName":"search_term_string"}}],"inLanguage":"fr-BE"},{"@type":"Organization","@id":"https:\/\/vieassociative.be\/actualites\/#organization","name":"Vie Associative","url":"https:\/\/vieassociative.be\/actualites\/","logo":{"@type":"ImageObject","inLanguage":"fr-BE","@id":"https:\/\/vieassociative.be\/actualites\/#\/schema\/logo\/image\/","url":"https:\/\/vieassociative.be\/actualites\/wp-content\/uploads\/2024\/09\/cropped-vieassociative_favicon.ico.png","contentUrl":"https:\/\/vieassociative.be\/actualites\/wp-content\/uploads\/2024\/09\/cropped-vieassociative_favicon.ico.png","width":512,"height":512,"caption":"Vie Associative"},"image":{"@id":"https:\/\/vieassociative.be\/actualites\/#\/schema\/logo\/image\/"}},{"@type":"Person","@id":"https:\/\/vieassociative.be\/actualites\/#\/schema\/person\/b87ac4f82f9d4e7b7cec7395b679edc4","name":"Julien","image":{"@type":"ImageObject","inLanguage":"fr-BE","@id":"https:\/\/vieassociative.be\/actualites\/#\/schema\/person\/image\/","url":"https:\/\/vieassociative.be\/actualites\/wp-content\/uploads\/2024\/09\/vie-associative-1-150x150.jpg","contentUrl":"https:\/\/vieassociative.be\/actualites\/wp-content\/uploads\/2024\/09\/vie-associative-1-150x150.jpg","caption":"Julien"},"description":"Je suis Julien, r\u00e9dacteur pour Vie Associative. Passionn\u00e9 par le monde associatif depuis plus de 10 ans, j'ai \u00e0 c\u0153ur de partager des histoires inspirantes et de mettre en lumi\u00e8re les initiatives locales. Mon objectif est de sensibiliser et d'encourager l'engagement communautaire \u00e0 travers mes articles.","sameAs":["https:\/\/vieassociative.be\/"]}]}},"_links":{"self":[{"href":"https:\/\/vieassociative.be\/actualites\/wp-json\/wp\/v2\/posts\/13490"}],"collection":[{"href":"https:\/\/vieassociative.be\/actualites\/wp-json\/wp\/v2\/posts"}],"about":[{"href":"https:\/\/vieassociative.be\/actualites\/wp-json\/wp\/v2\/types\/post"}],"author":[{"embeddable":true,"href":"https:\/\/vieassociative.be\/actualites\/wp-json\/wp\/v2\/users\/1"}],"replies":[{"embeddable":true,"href":"https:\/\/vieassociative.be\/actualites\/wp-json\/wp\/v2\/comments?post=13490"}],"version-history":[{"count":0,"href":"https:\/\/vieassociative.be\/actualites\/wp-json\/wp\/v2\/posts\/13490\/revisions"}],"wp:featuredmedia":[{"embeddable":true,"href":"https:\/\/vieassociative.be\/actualites\/wp-json\/wp\/v2\/media\/13491"}],"wp:attachment":[{"href":"https:\/\/vieassociative.be\/actualites\/wp-json\/wp\/v2\/media?parent=13490"}],"wp:term":[{"taxonomy":"category","embeddable":true,"href":"https:\/\/vieassociative.be\/actualites\/wp-json\/wp\/v2\/categories?post=13490"},{"taxonomy":"post_tag","embeddable":true,"href":"https:\/\/vieassociative.be\/actualites\/wp-json\/wp\/v2\/tags?post=13490"}],"curies":[{"name":"wp","href":"https:\/\/api.w.org\/{rel}","templated":true}]}}