{"id":13486,"date":"2026-04-18T05:18:29","date_gmt":"2026-04-18T03:18:29","guid":{"rendered":"https:\/\/vieassociative.be\/actualites\/le-premier-ministre-oliver-paasch-reagit-avec-colere-au-questionneur-honorable-michael-balter\/"},"modified":"2026-04-18T05:18:29","modified_gmt":"2026-04-18T03:18:29","slug":"le-premier-ministre-oliver-paasch-reagit-avec-colere-au-questionneur-honorable-michael-balter","status":"publish","type":"post","link":"https:\/\/vieassociative.be\/actualites\/le-premier-ministre-oliver-paasch-reagit-avec-colere-au-questionneur-honorable-michael-balter\/","title":{"rendered":"Le Premier ministre Oliver Paasch r\u00e9agit avec col\u00e8re au \u00ab questionneur honorable \u00bb Michael Balter"},"content":{"rendered":"<p><strong>Il est bien connu que le Premier ministre Oliver Paasch (ProDG) et le porte-parole du groupe parlementaire Vivant, Michael Balter, ne sont pas amis et ne le seront probablement jamais. On remarque n\u00e9anmoins que Paasch r\u00e9agit de plus en plus avec irritation lorsque Balter lui pose une question \u00e9crite ou orale dans le cadre du \u00ab contr\u00f4le gouvernemental \u00bb mensuel.<\/strong><\/p>\n<p><span id=\"more-438478\"><\/span>Cela ressort clairement de la question \u00e9crite de Balter \u00e0 Paasch du 16 mars 2026 sur l&rsquo;\u00e9volution du nombre de faillites d&rsquo;entreprises au sein de la DG, \u00e0 laquelle Paasch a r\u00e9pondu le 16 avril 2026.<\/p>\n<p>Dans sa r\u00e9ponse, le Premier ministre s&rsquo;est adress\u00e9 au soi-disant \u00ab honorable questionneur \u00bb Balter et lui a clairement fait comprendre d\u00e8s le d\u00e9but qu&rsquo;il avait tort s&rsquo;il pensait que la politique \u00e9conomique et le d\u00e9veloppement \u00e9conomique relevaient de la comp\u00e9tence de la DG.<\/p>\n<div id=\"attachment_431498\" class=\"wp-caption alignleft\" style=\"max-width: 300px\"><img fetchpriority=\"high\" decoding=\"async\" class=\"wp-image-431498 size-medium\" src=\"https:\/\/vieassociative.be\/actualites\/wp-content\/uploads\/2025\/12\/Quand-Creutz-rappelle-Balter-a-lordre-interjection.jpg\" alt=\"\" width=\"300\" height=\"200\"  ><\/div>\n<p>Paasch r\u00e9agit de mani\u00e8re audible ou lisible avec irritation : \u00ab\u00a0La DG n&rsquo;est responsable ni de la politique \u00e9conomique ni du d\u00e9veloppement \u00e9conomique. Ce sont des domaines de comp\u00e9tence de la R\u00e9gion wallonne. Toutes les questions concernent les comp\u00e9tences de la R\u00e9gion wallonne. Je rappelle \u00e0 l&rsquo;interlocuteur que le gouvernement ne doit r\u00e9pondre qu&rsquo;aux questions qui rel\u00e8vent de son domaine de comp\u00e9tence. Je rappelle \u00e9galement \u00e0 l&rsquo;interlocuteur que le gouvernement n&rsquo;est pas oblig\u00e9 d&rsquo;effectuer des recherches que l&rsquo;interlocuteur peut faire lui-m\u00eame. Dans le cas pr\u00e9sent, presque toutes les informations demand\u00e9es sont disponibles gratuitement sur Internet. Le secr\u00e9tariat du groupe parlementaire de l&rsquo;auteur de la question aurait pu le constituer lui-m\u00eame. Le gouvernement n&rsquo;est pas tenu de le faire \u00e0 la place du secr\u00e9tariat du groupe parlementaire. Nous sommes n\u00e9anmoins pr\u00eats \u00e0 reprendre le travail du secr\u00e9tariat du groupe parlementaire Vivant. <\/p>\n<p>Paasch a r\u00e9cemment qualifi\u00e9 le porte-parole du groupe parlementaire Vivant de \u00ab professeur exp\u00e9riment\u00e9 \u00bb. (cr\u00e9er)<\/p>\n<p><em><strong>Vous trouverez ci-dessous les questions \u00e9crites du porte-parole du groupe parlementaire Vivant, Michael Balter, ainsi que les r\u00e9ponses du Premier ministre Oliver Paasch (ProDG) :<\/strong><\/em><\/p>\n<p><u>Question \u00e9crite n\u00b0 142 de Balter \u00e0 Paasch<\/u><\/p>\n","protected":false},"excerpt":{"rendered":"<p>Il est bien connu que le Premier ministre Oliver Paasch (ProDG) et le porte-parole du groupe parlementaire Vivant, Michael Balter, ne sont pas amis et<\/p>\n","protected":false},"author":1,"featured_media":13487,"comment_status":"","ping_status":"","sticky":false,"template":"","format":"standard","meta":{"footnotes":""},"categories":[298],"tags":[61,3527,2363,10508,3526,1245,3141,2553,443,10507,6507],"class_list":["post-13486","post","type-post","status-publish","format-standard","has-post-thumbnail","hentry","category-belgique","tag-avec","tag-balter","tag-colere","tag-honorable","tag-michael","tag-ministre","tag-oliver","tag-paasch","tag-premier","tag-questionneur","tag-reagit","generate-columns","tablet-grid-50","mobile-grid-100","grid-parent","grid-33"],"yoast_head":"<!-- This site is optimized with the Yoast SEO plugin v24.0 - https:\/\/yoast.com\/wordpress\/plugins\/seo\/ -->\n<title>Le Premier ministre Oliver Paasch r\u00e9agit avec col\u00e8re au \u00ab questionneur honorable \u00bb Michael Balter | Vie Associative<\/title>\n<meta name=\"robots\" content=\"index, follow, max-snippet:-1, max-image-preview:large, max-video-preview:-1\" \/>\n<link rel=\"canonical\" href=\"https:\/\/vieassociative.be\/actualites\/le-premier-ministre-oliver-paasch-reagit-avec-colere-au-questionneur-honorable-michael-balter\/\" \/>\n<meta property=\"og:locale\" content=\"fr_FR\" \/>\n<meta property=\"og:type\" content=\"article\" \/>\n<meta property=\"og:title\" content=\"Le Premier ministre Oliver Paasch r\u00e9agit avec col\u00e8re au \u00ab questionneur honorable \u00bb Michael Balter | Vie Associative\" \/>\n<meta property=\"og:description\" content=\"Il est bien connu que le Premier ministre Oliver Paasch (ProDG) et le porte-parole du groupe parlementaire Vivant, Michael Balter, ne sont pas amis et\" \/>\n<meta property=\"og:url\" content=\"https:\/\/vieassociative.be\/actualites\/le-premier-ministre-oliver-paasch-reagit-avec-colere-au-questionneur-honorable-michael-balter\/\" \/>\n<meta property=\"og:site_name\" content=\"Vie Associative\" \/>\n<meta property=\"article:published_time\" content=\"2026-04-18T03:18:29+00:00\" \/>\n<meta property=\"og:image\" content=\"https:\/\/vieassociative.be\/actualites\/wp-content\/uploads\/2024\/09\/header_backgroundk-01-e1726694325946.png\" \/>\n\t<meta property=\"og:image:width\" content=\"279\" \/>\n\t<meta property=\"og:image:height\" content=\"92\" \/>\n\t<meta property=\"og:image:type\" content=\"image\/png\" \/>\n<meta name=\"author\" content=\"Julien\" \/>\n<meta name=\"twitter:card\" content=\"summary_large_image\" \/>\n<meta name=\"twitter:label1\" content=\"\u00c9crit par\" \/>\n\t<meta name=\"twitter:data1\" content=\"Julien\" \/>\n\t<meta name=\"twitter:label2\" content=\"Dur\u00e9e de lecture est.\" \/>\n\t<meta name=\"twitter:data2\" content=\"2 minutes\" \/>\n<script type=\"application\/ld+json\" class=\"yoast-schema-graph\">{\"@context\":\"https:\/\/schema.org\",\"@graph\":[{\"@type\":\"Article\",\"@id\":\"https:\/\/vieassociative.be\/actualites\/le-premier-ministre-oliver-paasch-reagit-avec-colere-au-questionneur-honorable-michael-balter\/#article\",\"isPartOf\":{\"@id\":\"https:\/\/vieassociative.be\/actualites\/le-premier-ministre-oliver-paasch-reagit-avec-colere-au-questionneur-honorable-michael-balter\/\"},\"author\":{\"name\":\"Julien\",\"@id\":\"https:\/\/vieassociative.be\/actualites\/#\/schema\/person\/b87ac4f82f9d4e7b7cec7395b679edc4\"},\"headline\":\"Le Premier ministre Oliver Paasch r\u00e9agit avec col\u00e8re au \u00ab questionneur honorable \u00bb Michael Balter\",\"datePublished\":\"2026-04-18T03:18:29+00:00\",\"dateModified\":\"2026-04-18T03:18:29+00:00\",\"mainEntityOfPage\":{\"@id\":\"https:\/\/vieassociative.be\/actualites\/le-premier-ministre-oliver-paasch-reagit-avec-colere-au-questionneur-honorable-michael-balter\/\"},\"wordCount\":370,\"publisher\":{\"@id\":\"https:\/\/vieassociative.be\/actualites\/#organization\"},\"image\":{\"@id\":\"https:\/\/vieassociative.be\/actualites\/le-premier-ministre-oliver-paasch-reagit-avec-colere-au-questionneur-honorable-michael-balter\/#primaryimage\"},\"thumbnailUrl\":\"https:\/\/vieassociative.be\/actualites\/wp-content\/uploads\/2026\/04\/Le-Premier-ministre-Oliver-Paasch-reagit-avec-colere-au.jpg\",\"keywords\":[\"avec\",\"Balter\",\"col\u00e8re\",\"honorable\",\"Michael\",\"ministre\",\"Oliver\",\"Paasch\",\"premier\",\"questionneur\",\"r\u00e9agit\"],\"articleSection\":[\"Belgique\"],\"inLanguage\":\"fr-BE\"},{\"@type\":\"WebPage\",\"@id\":\"https:\/\/vieassociative.be\/actualites\/le-premier-ministre-oliver-paasch-reagit-avec-colere-au-questionneur-honorable-michael-balter\/\",\"url\":\"https:\/\/vieassociative.be\/actualites\/le-premier-ministre-oliver-paasch-reagit-avec-colere-au-questionneur-honorable-michael-balter\/\",\"name\":\"Le Premier ministre Oliver Paasch r\u00e9agit avec col\u00e8re au \u00ab questionneur honorable \u00bb Michael Balter | Vie Associative\",\"isPartOf\":{\"@id\":\"https:\/\/vieassociative.be\/actualites\/#website\"},\"primaryImageOfPage\":{\"@id\":\"https:\/\/vieassociative.be\/actualites\/le-premier-ministre-oliver-paasch-reagit-avec-colere-au-questionneur-honorable-michael-balter\/#primaryimage\"},\"image\":{\"@id\":\"https:\/\/vieassociative.be\/actualites\/le-premier-ministre-oliver-paasch-reagit-avec-colere-au-questionneur-honorable-michael-balter\/#primaryimage\"},\"thumbnailUrl\":\"https:\/\/vieassociative.be\/actualites\/wp-content\/uploads\/2026\/04\/Le-Premier-ministre-Oliver-Paasch-reagit-avec-colere-au.jpg\",\"datePublished\":\"2026-04-18T03:18:29+00:00\",\"dateModified\":\"2026-04-18T03:18:29+00:00\",\"breadcrumb\":{\"@id\":\"https:\/\/vieassociative.be\/actualites\/le-premier-ministre-oliver-paasch-reagit-avec-colere-au-questionneur-honorable-michael-balter\/#breadcrumb\"},\"inLanguage\":\"fr-BE\",\"potentialAction\":[{\"@type\":\"ReadAction\",\"target\":[\"https:\/\/vieassociative.be\/actualites\/le-premier-ministre-oliver-paasch-reagit-avec-colere-au-questionneur-honorable-michael-balter\/\"]}]},{\"@type\":\"ImageObject\",\"inLanguage\":\"fr-BE\",\"@id\":\"https:\/\/vieassociative.be\/actualites\/le-premier-ministre-oliver-paasch-reagit-avec-colere-au-questionneur-honorable-michael-balter\/#primaryimage\",\"url\":\"https:\/\/vieassociative.be\/actualites\/wp-content\/uploads\/2026\/04\/Le-Premier-ministre-Oliver-Paasch-reagit-avec-colere-au.jpg\",\"contentUrl\":\"https:\/\/vieassociative.be\/actualites\/wp-content\/uploads\/2026\/04\/Le-Premier-ministre-Oliver-Paasch-reagit-avec-colere-au.jpg\",\"width\":1300,\"height\":869,\"caption\":\"Le Premier ministre Oliver Paasch r\u00e9agit avec col\u00e8re au \u00ab questionneur honorable \u00bb Michael Balter\"},{\"@type\":\"BreadcrumbList\",\"@id\":\"https:\/\/vieassociative.be\/actualites\/le-premier-ministre-oliver-paasch-reagit-avec-colere-au-questionneur-honorable-michael-balter\/#breadcrumb\",\"itemListElement\":[{\"@type\":\"ListItem\",\"position\":1,\"name\":\"Accueil\",\"item\":\"https:\/\/vieassociative.be\/actualites\/\"},{\"@type\":\"ListItem\",\"position\":2,\"name\":\"Le Premier ministre Oliver Paasch r\u00e9agit avec col\u00e8re au \u00ab questionneur honorable \u00bb Michael Balter\"}]},{\"@type\":\"WebSite\",\"@id\":\"https:\/\/vieassociative.be\/actualites\/#website\",\"url\":\"https:\/\/vieassociative.be\/actualites\/\",\"name\":\"Vie Associative\",\"description\":\"\",\"publisher\":{\"@id\":\"https:\/\/vieassociative.be\/actualites\/#organization\"},\"potentialAction\":[{\"@type\":\"SearchAction\",\"target\":{\"@type\":\"EntryPoint\",\"urlTemplate\":\"https:\/\/vieassociative.be\/actualites\/?s={search_term_string}\"},\"query-input\":{\"@type\":\"PropertyValueSpecification\",\"valueRequired\":true,\"valueName\":\"search_term_string\"}}],\"inLanguage\":\"fr-BE\"},{\"@type\":\"Organization\",\"@id\":\"https:\/\/vieassociative.be\/actualites\/#organization\",\"name\":\"Vie Associative\",\"url\":\"https:\/\/vieassociative.be\/actualites\/\",\"logo\":{\"@type\":\"ImageObject\",\"inLanguage\":\"fr-BE\",\"@id\":\"https:\/\/vieassociative.be\/actualites\/#\/schema\/logo\/image\/\",\"url\":\"https:\/\/vieassociative.be\/actualites\/wp-content\/uploads\/2024\/09\/cropped-vieassociative_favicon.ico.png\",\"contentUrl\":\"https:\/\/vieassociative.be\/actualites\/wp-content\/uploads\/2024\/09\/cropped-vieassociative_favicon.ico.png\",\"width\":512,\"height\":512,\"caption\":\"Vie Associative\"},\"image\":{\"@id\":\"https:\/\/vieassociative.be\/actualites\/#\/schema\/logo\/image\/\"}},{\"@type\":\"Person\",\"@id\":\"https:\/\/vieassociative.be\/actualites\/#\/schema\/person\/b87ac4f82f9d4e7b7cec7395b679edc4\",\"name\":\"Julien\",\"image\":{\"@type\":\"ImageObject\",\"inLanguage\":\"fr-BE\",\"@id\":\"https:\/\/vieassociative.be\/actualites\/#\/schema\/person\/image\/\",\"url\":\"https:\/\/vieassociative.be\/actualites\/wp-content\/uploads\/2024\/09\/vie-associative-1-150x150.jpg\",\"contentUrl\":\"https:\/\/vieassociative.be\/actualites\/wp-content\/uploads\/2024\/09\/vie-associative-1-150x150.jpg\",\"caption\":\"Julien\"},\"description\":\"Je suis Julien, r\u00e9dacteur pour Vie Associative. Passionn\u00e9 par le monde associatif depuis plus de 10 ans, j'ai \u00e0 c\u0153ur de partager des histoires inspirantes et de mettre en lumi\u00e8re les initiatives locales. Mon objectif est de sensibiliser et d'encourager l'engagement communautaire \u00e0 travers mes articles.\",\"sameAs\":[\"https:\/\/vieassociative.be\/\"]}]}<\/script>\n<!-- \/ Yoast SEO plugin. -->","yoast_head_json":{"title":"Le Premier ministre Oliver Paasch r\u00e9agit avec col\u00e8re au \u00ab questionneur honorable \u00bb Michael Balter | Vie Associative","robots":{"index":"index","follow":"follow","max-snippet":"max-snippet:-1","max-image-preview":"max-image-preview:large","max-video-preview":"max-video-preview:-1"},"canonical":"https:\/\/vieassociative.be\/actualites\/le-premier-ministre-oliver-paasch-reagit-avec-colere-au-questionneur-honorable-michael-balter\/","og_locale":"fr_FR","og_type":"article","og_title":"Le Premier ministre Oliver Paasch r\u00e9agit avec col\u00e8re au \u00ab questionneur honorable \u00bb Michael Balter | Vie Associative","og_description":"Il est bien connu que le Premier ministre Oliver Paasch (ProDG) et le porte-parole du groupe parlementaire Vivant, Michael Balter, ne sont pas amis et","og_url":"https:\/\/vieassociative.be\/actualites\/le-premier-ministre-oliver-paasch-reagit-avec-colere-au-questionneur-honorable-michael-balter\/","og_site_name":"Vie Associative","article_published_time":"2026-04-18T03:18:29+00:00","og_image":[{"width":279,"height":92,"url":"https:\/\/vieassociative.be\/actualites\/wp-content\/uploads\/2024\/09\/header_backgroundk-01-e1726694325946.png","type":"image\/png"}],"author":"Julien","twitter_card":"summary_large_image","twitter_misc":{"\u00c9crit par":"Julien","Dur\u00e9e de lecture est.":"2 minutes"},"schema":{"@context":"https:\/\/schema.org","@graph":[{"@type":"Article","@id":"https:\/\/vieassociative.be\/actualites\/le-premier-ministre-oliver-paasch-reagit-avec-colere-au-questionneur-honorable-michael-balter\/#article","isPartOf":{"@id":"https:\/\/vieassociative.be\/actualites\/le-premier-ministre-oliver-paasch-reagit-avec-colere-au-questionneur-honorable-michael-balter\/"},"author":{"name":"Julien","@id":"https:\/\/vieassociative.be\/actualites\/#\/schema\/person\/b87ac4f82f9d4e7b7cec7395b679edc4"},"headline":"Le Premier ministre Oliver Paasch r\u00e9agit avec col\u00e8re au \u00ab questionneur honorable \u00bb Michael Balter","datePublished":"2026-04-18T03:18:29+00:00","dateModified":"2026-04-18T03:18:29+00:00","mainEntityOfPage":{"@id":"https:\/\/vieassociative.be\/actualites\/le-premier-ministre-oliver-paasch-reagit-avec-colere-au-questionneur-honorable-michael-balter\/"},"wordCount":370,"publisher":{"@id":"https:\/\/vieassociative.be\/actualites\/#organization"},"image":{"@id":"https:\/\/vieassociative.be\/actualites\/le-premier-ministre-oliver-paasch-reagit-avec-colere-au-questionneur-honorable-michael-balter\/#primaryimage"},"thumbnailUrl":"https:\/\/vieassociative.be\/actualites\/wp-content\/uploads\/2026\/04\/Le-Premier-ministre-Oliver-Paasch-reagit-avec-colere-au.jpg","keywords":["avec","Balter","col\u00e8re","honorable","Michael","ministre","Oliver","Paasch","premier","questionneur","r\u00e9agit"],"articleSection":["Belgique"],"inLanguage":"fr-BE"},{"@type":"WebPage","@id":"https:\/\/vieassociative.be\/actualites\/le-premier-ministre-oliver-paasch-reagit-avec-colere-au-questionneur-honorable-michael-balter\/","url":"https:\/\/vieassociative.be\/actualites\/le-premier-ministre-oliver-paasch-reagit-avec-colere-au-questionneur-honorable-michael-balter\/","name":"Le Premier ministre Oliver Paasch r\u00e9agit avec col\u00e8re au \u00ab questionneur honorable \u00bb Michael Balter | Vie Associative","isPartOf":{"@id":"https:\/\/vieassociative.be\/actualites\/#website"},"primaryImageOfPage":{"@id":"https:\/\/vieassociative.be\/actualites\/le-premier-ministre-oliver-paasch-reagit-avec-colere-au-questionneur-honorable-michael-balter\/#primaryimage"},"image":{"@id":"https:\/\/vieassociative.be\/actualites\/le-premier-ministre-oliver-paasch-reagit-avec-colere-au-questionneur-honorable-michael-balter\/#primaryimage"},"thumbnailUrl":"https:\/\/vieassociative.be\/actualites\/wp-content\/uploads\/2026\/04\/Le-Premier-ministre-Oliver-Paasch-reagit-avec-colere-au.jpg","datePublished":"2026-04-18T03:18:29+00:00","dateModified":"2026-04-18T03:18:29+00:00","breadcrumb":{"@id":"https:\/\/vieassociative.be\/actualites\/le-premier-ministre-oliver-paasch-reagit-avec-colere-au-questionneur-honorable-michael-balter\/#breadcrumb"},"inLanguage":"fr-BE","potentialAction":[{"@type":"ReadAction","target":["https:\/\/vieassociative.be\/actualites\/le-premier-ministre-oliver-paasch-reagit-avec-colere-au-questionneur-honorable-michael-balter\/"]}]},{"@type":"ImageObject","inLanguage":"fr-BE","@id":"https:\/\/vieassociative.be\/actualites\/le-premier-ministre-oliver-paasch-reagit-avec-colere-au-questionneur-honorable-michael-balter\/#primaryimage","url":"https:\/\/vieassociative.be\/actualites\/wp-content\/uploads\/2026\/04\/Le-Premier-ministre-Oliver-Paasch-reagit-avec-colere-au.jpg","contentUrl":"https:\/\/vieassociative.be\/actualites\/wp-content\/uploads\/2026\/04\/Le-Premier-ministre-Oliver-Paasch-reagit-avec-colere-au.jpg","width":1300,"height":869,"caption":"Le Premier ministre Oliver Paasch r\u00e9agit avec col\u00e8re au \u00ab questionneur honorable \u00bb Michael Balter"},{"@type":"BreadcrumbList","@id":"https:\/\/vieassociative.be\/actualites\/le-premier-ministre-oliver-paasch-reagit-avec-colere-au-questionneur-honorable-michael-balter\/#breadcrumb","itemListElement":[{"@type":"ListItem","position":1,"name":"Accueil","item":"https:\/\/vieassociative.be\/actualites\/"},{"@type":"ListItem","position":2,"name":"Le Premier ministre Oliver Paasch r\u00e9agit avec col\u00e8re au \u00ab questionneur honorable \u00bb Michael Balter"}]},{"@type":"WebSite","@id":"https:\/\/vieassociative.be\/actualites\/#website","url":"https:\/\/vieassociative.be\/actualites\/","name":"Vie Associative","description":"","publisher":{"@id":"https:\/\/vieassociative.be\/actualites\/#organization"},"potentialAction":[{"@type":"SearchAction","target":{"@type":"EntryPoint","urlTemplate":"https:\/\/vieassociative.be\/actualites\/?s={search_term_string}"},"query-input":{"@type":"PropertyValueSpecification","valueRequired":true,"valueName":"search_term_string"}}],"inLanguage":"fr-BE"},{"@type":"Organization","@id":"https:\/\/vieassociative.be\/actualites\/#organization","name":"Vie Associative","url":"https:\/\/vieassociative.be\/actualites\/","logo":{"@type":"ImageObject","inLanguage":"fr-BE","@id":"https:\/\/vieassociative.be\/actualites\/#\/schema\/logo\/image\/","url":"https:\/\/vieassociative.be\/actualites\/wp-content\/uploads\/2024\/09\/cropped-vieassociative_favicon.ico.png","contentUrl":"https:\/\/vieassociative.be\/actualites\/wp-content\/uploads\/2024\/09\/cropped-vieassociative_favicon.ico.png","width":512,"height":512,"caption":"Vie Associative"},"image":{"@id":"https:\/\/vieassociative.be\/actualites\/#\/schema\/logo\/image\/"}},{"@type":"Person","@id":"https:\/\/vieassociative.be\/actualites\/#\/schema\/person\/b87ac4f82f9d4e7b7cec7395b679edc4","name":"Julien","image":{"@type":"ImageObject","inLanguage":"fr-BE","@id":"https:\/\/vieassociative.be\/actualites\/#\/schema\/person\/image\/","url":"https:\/\/vieassociative.be\/actualites\/wp-content\/uploads\/2024\/09\/vie-associative-1-150x150.jpg","contentUrl":"https:\/\/vieassociative.be\/actualites\/wp-content\/uploads\/2024\/09\/vie-associative-1-150x150.jpg","caption":"Julien"},"description":"Je suis Julien, r\u00e9dacteur pour Vie Associative. Passionn\u00e9 par le monde associatif depuis plus de 10 ans, j'ai \u00e0 c\u0153ur de partager des histoires inspirantes et de mettre en lumi\u00e8re les initiatives locales. Mon objectif est de sensibiliser et d'encourager l'engagement communautaire \u00e0 travers mes articles.","sameAs":["https:\/\/vieassociative.be\/"]}]}},"_links":{"self":[{"href":"https:\/\/vieassociative.be\/actualites\/wp-json\/wp\/v2\/posts\/13486"}],"collection":[{"href":"https:\/\/vieassociative.be\/actualites\/wp-json\/wp\/v2\/posts"}],"about":[{"href":"https:\/\/vieassociative.be\/actualites\/wp-json\/wp\/v2\/types\/post"}],"author":[{"embeddable":true,"href":"https:\/\/vieassociative.be\/actualites\/wp-json\/wp\/v2\/users\/1"}],"replies":[{"embeddable":true,"href":"https:\/\/vieassociative.be\/actualites\/wp-json\/wp\/v2\/comments?post=13486"}],"version-history":[{"count":0,"href":"https:\/\/vieassociative.be\/actualites\/wp-json\/wp\/v2\/posts\/13486\/revisions"}],"wp:featuredmedia":[{"embeddable":true,"href":"https:\/\/vieassociative.be\/actualites\/wp-json\/wp\/v2\/media\/13487"}],"wp:attachment":[{"href":"https:\/\/vieassociative.be\/actualites\/wp-json\/wp\/v2\/media?parent=13486"}],"wp:term":[{"taxonomy":"category","embeddable":true,"href":"https:\/\/vieassociative.be\/actualites\/wp-json\/wp\/v2\/categories?post=13486"},{"taxonomy":"post_tag","embeddable":true,"href":"https:\/\/vieassociative.be\/actualites\/wp-json\/wp\/v2\/tags?post=13486"}],"curies":[{"name":"wp","href":"https:\/\/api.w.org\/{rel}","templated":true}]}}