{"id":13484,"date":"2026-04-18T04:17:22","date_gmt":"2026-04-18T02:17:22","guid":{"rendered":"https:\/\/vieassociative.be\/actualites\/ce-mini-ordinateur-de-bureau-hp-compact-est-actuellement-en-vente-pour-seulement-320\/"},"modified":"2026-04-18T04:17:22","modified_gmt":"2026-04-18T02:17:22","slug":"ce-mini-ordinateur-de-bureau-hp-compact-est-actuellement-en-vente-pour-seulement-320","status":"publish","type":"post","link":"https:\/\/vieassociative.be\/actualites\/ce-mini-ordinateur-de-bureau-hp-compact-est-actuellement-en-vente-pour-seulement-320\/","title":{"rendered":"Ce mini ordinateur de bureau HP compact est actuellement en vente pour seulement 320 $"},"content":{"rendered":"<p>Nous pouvons gagner une commission sur les liens sur cette page. Les prix et la disponibilit\u00e9 de l&rsquo;offre sont sujets \u00e0 changement apr\u00e8s la publication.<\/p>\n<p>Le HP EliteDesk 800 G6 2020 est actuellement en vente au prix de 319,99 $ chez StackSocial. Il s&rsquo;agit d&rsquo;une machine professionnelle compacte, pas d&rsquo;un PC moderne et performant, le mat\u00e9riel est donc en retard de quelques g\u00e9n\u00e9rations sur les syst\u00e8mes actuels. N\u00e9anmoins, pour un bureau \u00e0 domicile, un syst\u00e8me de sauvegarde ou un simple poste de travail, il couvre l&rsquo;essentiel sans demander beaucoup d&rsquo;argent au d\u00e9part. Vous obtenez une unit\u00e9 remise \u00e0 neuf certifi\u00e9e avec une note Grade A+, ce qui signifie une usure minimale et un ch\u00e2ssis propre. Il est \u00e9galement livr\u00e9 avec un clavier et une souris filaires de base, ainsi qu&rsquo;une garantie de 90 jours. Cette configuration est logique si vous avez besoin d&rsquo;un syst\u00e8me simple et pr\u00eat \u00e0 l&#8217;emploi sans d\u00e9penser beaucoup d&rsquo;argent, mais cela signifie \u00e9galement que vous achetez du mat\u00e9riel plus ancien avec un filet de s\u00e9curit\u00e9 plus court qu&rsquo;une nouvelle machine.<\/p>\n<p>Il a un format compact qui est facile \u00e0 placer sur un bureau ou m\u00eame \u00e0 monter derri\u00e8re un moniteur, et avec un peu plus de trois livres, il reste \u00e0 l&rsquo;\u00e9cart. Le c\u0153ur de ce syst\u00e8me est un Intel Core i5-10500T de 10e g\u00e9n\u00e9ration, un processeur \u00e0 six c\u0153urs con\u00e7u pour l&rsquo;efficacit\u00e9 plut\u00f4t que pour la puissance brute. Associ\u00e9 \u00e0 16 Go de RAM et \u00e0 un SSD de 512 Go, il g\u00e8re les t\u00e2ches quotidiennes telles que garder plusieurs onglets de navigateur ouverts, travailler dans des feuilles de calcul et basculer en douceur entre les applications. Les temps de d\u00e9marrage sont \u00e9galement rapides et les transferts de fichiers ne tra\u00eenent pas. Quant \u00e0 la connectivit\u00e9, vous disposez de plusieurs ports USB-A, d\u2019un port USB-C, DisplayPort et HDMI pour deux moniteurs et Ethernet pour une connexion filaire stable. De plus, il ex\u00e9cute Windows 11 Professionnel, vous avez donc acc\u00e8s \u00e0 des fonctionnalit\u00e9s professionnelles telles que BitLocker et le bureau \u00e0 distance.<\/p>\n<p>Cela dit, il est important de pr\u00e9ciser ce que cette machine n\u2019est pas. Il n&rsquo;est pas con\u00e7u pour les jeux et il aura du mal \u00e0 effectuer des t\u00e2ches cr\u00e9atives plus lourdes comme le montage vid\u00e9o ou le travail en 3D. Les graphiques int\u00e9gr\u00e9s conviennent au streaming et aux visuels de base, mais pas grand-chose au-del\u00e0. Le mat\u00e9riel est \u00e9galement en retard de quelques g\u00e9n\u00e9rations sur les syst\u00e8mes actuels, il ne vieillira donc pas aussi bien si vos besoins augmentent. Mais pour un bureau \u00e0 domicile, un syst\u00e8me de sauvegarde ou un simple poste de travail, il couvre l&rsquo;essentiel sans demander beaucoup d&rsquo;argent au d\u00e9part. Si c&rsquo;est tout ce dont vous avez besoin, ce HP reconditionn\u00e9 est un bon choix.<\/p>\n<div class=\" relative flex justify-center py-16 md:left-1\/2 md:w-(780px) md:max-w-max md:-translate-x-1\/2\">\n<div class=\"w-max text-center sm:text-left\">\n<div class=\"custom-gradient-background mb-6 rounded-md p-(2px) sm:rounded-tl-none\">\n<div class=\"flex flex-col rounded bg-white sm:rounded-tl-none\">\n                    <span class=\"-mt-4 block w-fit max-w-(calc(100%-1rem)) self-center bg-white px-3 text-center font-akshar text-xl font-medium capitalize text-gray-800 sm:max-w-(calc(100%-2.5rem)) sm:self-start sm:px-10 sm:text-left sm:text-2xl\">Nos meilleures offres technologiques approuv\u00e9es par les \u00e9diteurs en ce moment<\/span><\/p>\n<div class=\"flex flex-col gap-3 p-3 pb-4 text-sm sm:p-10 sm:pt-6 sm:text-justify sm:text-base\">\n<div>\n<p>    \u00c9couteurs sans fil Apple AirPods Pro 3 \u00e0 r\u00e9duction de bruit et fr\u00e9quence cardiaque<\/p>\n<p>                                <span class=\"text-black\"><br \/>\n                                    \u2014<br \/>\n                                    <span class=\"font-bold\">199,99\u00a0$<\/span><br \/>\n                                    <span class=\"!text-xs italic sm:!text-sm\"><\/p>\n<p>                                        (Prix catalogue 249,00 $)<br \/>\n                                    <\/span><br \/>\n                                <\/span>\n                            <\/div>\n<div>\n<p>    Apple iPad 11&Prime; 128 Go A16 WiFi Tablette (Bleu, 2025)<\/p>\n<p>                                <span class=\"text-black\"><br \/>\n                                    \u2014<br \/>\n                                    <span class=\"font-bold\">299,00\u00a0$<\/span><br \/>\n                                    <span class=\"!text-xs italic sm:!text-sm\"><\/p>\n<p>                                        (Prix catalogue 349,00 $)<br \/>\n                                    <\/span><br \/>\n                                <\/span>\n                            <\/div>\n<div>\n<p>    Apple Watch Series 11 (GPS, 42 mm, bracelet sport noir S\/M)<\/p>\n<p>                                <span class=\"text-black\"><br \/>\n                                    \u2014<br \/>\n                                    <span class=\"font-bold\">299,00\u00a0$<\/span><br \/>\n                                    <span class=\"!text-xs italic sm:!text-sm\"><\/p>\n<p>                                        (Prix catalogue 399,00 $)<br \/>\n                                    <\/span><br \/>\n                                <\/span>\n                            <\/div>\n<div>\n<p>    Lecteur de streaming Fire TV Stick 4K Plus avec t\u00e9l\u00e9commande (mod\u00e8le 2025)<\/p>\n<p>                                <span class=\"text-black\"><br \/>\n                                    \u2014<br \/>\n                                    <span class=\"font-bold\">29,99\u00a0$<\/span><br \/>\n                                    <span class=\"!text-xs italic sm:!text-sm\"><\/p>\n<p>                                        (Prix catalogue 49,99 $)<br \/>\n                                    <\/span><br \/>\n                                <\/span>\n                            <\/div>\n<div>\n<p>    Barre de son Amazon Fire TV<\/p>\n<p>                                <span class=\"text-black\"><br \/>\n                                    \u2014<br \/>\n                                    <span class=\"font-bold\">99,99\u00a0$<\/span><br \/>\n                                    <span class=\"!text-xs italic sm:!text-sm\"><\/p>\n<p>                                        (Prix catalogue 119,99 $)<br \/>\n                                    <\/span><br \/>\n                                <\/span>\n                            <\/div>\n<div>\n<p>    Sonnette vid\u00e9o sans fil Blink (mod\u00e8le le plus r\u00e9cent) + module de synchronisation<\/p>\n<p>                                <span class=\"text-black\"><br \/>\n                                    \u2014<br \/>\n                                    <span class=\"font-bold\">35,99\u00a0$<\/span><br \/>\n                                    <span class=\"!text-xs italic sm:!text-sm\"><\/p>\n<p>                                        (Prix catalogue 69,99 $)<br \/>\n                                    <\/span><br \/>\n                                <\/span>\n                            <\/div>\n<div>\n<p>    Ring Indoor Cam (2e g\u00e9n\u00e9ration, paquet de 2, blanc)<\/p>\n<p>                                <span class=\"text-black\"><br \/>\n                                    \u2014<br \/>\n                                    <span class=\"font-bold\">59,98\u00a0$<\/span><br \/>\n                                    <span class=\"!text-xs italic sm:!text-sm\"><\/p>\n<p>                                        (Prix catalogue 79,99 $)<br \/>\n                                    <\/span><br \/>\n                                <\/span>\n                            <\/div>\n<\/p><\/div>\n<\/p><\/div>\n<\/p><\/div>\n<div class=\"flex flex-col items-center justify-between text-black sm:flex-row sm:px-6\">\n                <span class=\"text-xs italic sm:ml-7 sm:text-sm\">Les offres sont s\u00e9lectionn\u00e9es par notre \u00e9quipe commerciale<\/span><\/p><\/div>\n<\/p><\/div>\n<\/p><\/div>\n","protected":false},"excerpt":{"rendered":"<p>Nous pouvons gagner une commission sur les liens sur cette page. Les prix et la disponibilit\u00e9 de l&rsquo;offre sont sujets \u00e0 changement apr\u00e8s la publication.<\/p>\n","protected":false},"author":1,"featured_media":13485,"comment_status":"","ping_status":"","sticky":false,"template":"","format":"standard","meta":{"footnotes":""},"categories":[13],"tags":[19,4737,10184,76,1529,169,81,2583,223],"class_list":["post-13484","post","type-post","status-publish","format-standard","has-post-thumbnail","hentry","category-technologie","tag-actuellement","tag-bureau","tag-compact","tag-est","tag-mini","tag-ordinateur","tag-pour","tag-seulement","tag-vente","generate-columns","tablet-grid-50","mobile-grid-100","grid-parent","grid-33"],"yoast_head":"<!-- This site is optimized with the Yoast SEO plugin v24.0 - https:\/\/yoast.com\/wordpress\/plugins\/seo\/ -->\n<title>Ce mini ordinateur de bureau HP compact est actuellement en vente pour seulement 320 $ | Vie Associative<\/title>\n<meta name=\"robots\" content=\"index, follow, max-snippet:-1, max-image-preview:large, max-video-preview:-1\" \/>\n<link rel=\"canonical\" href=\"https:\/\/vieassociative.be\/actualites\/ce-mini-ordinateur-de-bureau-hp-compact-est-actuellement-en-vente-pour-seulement-320\/\" \/>\n<meta property=\"og:locale\" content=\"fr_FR\" \/>\n<meta property=\"og:type\" content=\"article\" \/>\n<meta property=\"og:title\" content=\"Ce mini ordinateur de bureau HP compact est actuellement en vente pour seulement 320 $ | Vie Associative\" \/>\n<meta property=\"og:description\" content=\"Nous pouvons gagner une commission sur les liens sur cette page. Les prix et la disponibilit\u00e9 de l&rsquo;offre sont sujets \u00e0 changement apr\u00e8s la publication.\" \/>\n<meta property=\"og:url\" content=\"https:\/\/vieassociative.be\/actualites\/ce-mini-ordinateur-de-bureau-hp-compact-est-actuellement-en-vente-pour-seulement-320\/\" \/>\n<meta property=\"og:site_name\" content=\"Vie Associative\" \/>\n<meta property=\"article:published_time\" content=\"2026-04-18T02:17:22+00:00\" \/>\n<meta property=\"og:image\" content=\"https:\/\/vieassociative.be\/actualites\/wp-content\/uploads\/2024\/09\/header_backgroundk-01-e1726694325946.png\" \/>\n\t<meta property=\"og:image:width\" content=\"279\" \/>\n\t<meta property=\"og:image:height\" content=\"92\" \/>\n\t<meta property=\"og:image:type\" content=\"image\/png\" \/>\n<meta name=\"author\" content=\"Julien\" \/>\n<meta name=\"twitter:card\" content=\"summary_large_image\" \/>\n<meta name=\"twitter:label1\" content=\"\u00c9crit par\" \/>\n\t<meta name=\"twitter:data1\" content=\"Julien\" \/>\n\t<meta name=\"twitter:label2\" content=\"Dur\u00e9e de lecture est.\" \/>\n\t<meta name=\"twitter:data2\" content=\"3 minutes\" \/>\n<script type=\"application\/ld+json\" class=\"yoast-schema-graph\">{\"@context\":\"https:\/\/schema.org\",\"@graph\":[{\"@type\":\"Article\",\"@id\":\"https:\/\/vieassociative.be\/actualites\/ce-mini-ordinateur-de-bureau-hp-compact-est-actuellement-en-vente-pour-seulement-320\/#article\",\"isPartOf\":{\"@id\":\"https:\/\/vieassociative.be\/actualites\/ce-mini-ordinateur-de-bureau-hp-compact-est-actuellement-en-vente-pour-seulement-320\/\"},\"author\":{\"name\":\"Julien\",\"@id\":\"https:\/\/vieassociative.be\/actualites\/#\/schema\/person\/b87ac4f82f9d4e7b7cec7395b679edc4\"},\"headline\":\"Ce mini ordinateur de bureau HP compact est actuellement en vente pour seulement 320 $\",\"datePublished\":\"2026-04-18T02:17:22+00:00\",\"dateModified\":\"2026-04-18T02:17:22+00:00\",\"mainEntityOfPage\":{\"@id\":\"https:\/\/vieassociative.be\/actualites\/ce-mini-ordinateur-de-bureau-hp-compact-est-actuellement-en-vente-pour-seulement-320\/\"},\"wordCount\":623,\"publisher\":{\"@id\":\"https:\/\/vieassociative.be\/actualites\/#organization\"},\"image\":{\"@id\":\"https:\/\/vieassociative.be\/actualites\/ce-mini-ordinateur-de-bureau-hp-compact-est-actuellement-en-vente-pour-seulement-320\/#primaryimage\"},\"thumbnailUrl\":\"https:\/\/vieassociative.be\/actualites\/wp-content\/uploads\/2026\/04\/Ce-mini-ordinateur-de-bureau-HP-compact-est-actuellement-en.png\",\"keywords\":[\"actuellement\",\"bureau\",\"compact\",\"est\",\"Mini\",\"ordinateur\",\"pour\",\"seulement\",\"vente\"],\"articleSection\":[\"Technologie\"],\"inLanguage\":\"fr-BE\"},{\"@type\":\"WebPage\",\"@id\":\"https:\/\/vieassociative.be\/actualites\/ce-mini-ordinateur-de-bureau-hp-compact-est-actuellement-en-vente-pour-seulement-320\/\",\"url\":\"https:\/\/vieassociative.be\/actualites\/ce-mini-ordinateur-de-bureau-hp-compact-est-actuellement-en-vente-pour-seulement-320\/\",\"name\":\"Ce mini ordinateur de bureau HP compact est actuellement en vente pour seulement 320 $ | Vie Associative\",\"isPartOf\":{\"@id\":\"https:\/\/vieassociative.be\/actualites\/#website\"},\"primaryImageOfPage\":{\"@id\":\"https:\/\/vieassociative.be\/actualites\/ce-mini-ordinateur-de-bureau-hp-compact-est-actuellement-en-vente-pour-seulement-320\/#primaryimage\"},\"image\":{\"@id\":\"https:\/\/vieassociative.be\/actualites\/ce-mini-ordinateur-de-bureau-hp-compact-est-actuellement-en-vente-pour-seulement-320\/#primaryimage\"},\"thumbnailUrl\":\"https:\/\/vieassociative.be\/actualites\/wp-content\/uploads\/2026\/04\/Ce-mini-ordinateur-de-bureau-HP-compact-est-actuellement-en.png\",\"datePublished\":\"2026-04-18T02:17:22+00:00\",\"dateModified\":\"2026-04-18T02:17:22+00:00\",\"breadcrumb\":{\"@id\":\"https:\/\/vieassociative.be\/actualites\/ce-mini-ordinateur-de-bureau-hp-compact-est-actuellement-en-vente-pour-seulement-320\/#breadcrumb\"},\"inLanguage\":\"fr-BE\",\"potentialAction\":[{\"@type\":\"ReadAction\",\"target\":[\"https:\/\/vieassociative.be\/actualites\/ce-mini-ordinateur-de-bureau-hp-compact-est-actuellement-en-vente-pour-seulement-320\/\"]}]},{\"@type\":\"ImageObject\",\"inLanguage\":\"fr-BE\",\"@id\":\"https:\/\/vieassociative.be\/actualites\/ce-mini-ordinateur-de-bureau-hp-compact-est-actuellement-en-vente-pour-seulement-320\/#primaryimage\",\"url\":\"https:\/\/vieassociative.be\/actualites\/wp-content\/uploads\/2026\/04\/Ce-mini-ordinateur-de-bureau-HP-compact-est-actuellement-en.png\",\"contentUrl\":\"https:\/\/vieassociative.be\/actualites\/wp-content\/uploads\/2026\/04\/Ce-mini-ordinateur-de-bureau-HP-compact-est-actuellement-en.png\",\"width\":1200,\"height\":675,\"caption\":\"Ce mini ordinateur de bureau HP compact est actuellement en vente pour seulement 320 $\"},{\"@type\":\"BreadcrumbList\",\"@id\":\"https:\/\/vieassociative.be\/actualites\/ce-mini-ordinateur-de-bureau-hp-compact-est-actuellement-en-vente-pour-seulement-320\/#breadcrumb\",\"itemListElement\":[{\"@type\":\"ListItem\",\"position\":1,\"name\":\"Accueil\",\"item\":\"https:\/\/vieassociative.be\/actualites\/\"},{\"@type\":\"ListItem\",\"position\":2,\"name\":\"Ce mini ordinateur de bureau HP compact est actuellement en vente pour seulement 320 $\"}]},{\"@type\":\"WebSite\",\"@id\":\"https:\/\/vieassociative.be\/actualites\/#website\",\"url\":\"https:\/\/vieassociative.be\/actualites\/\",\"name\":\"Vie Associative\",\"description\":\"\",\"publisher\":{\"@id\":\"https:\/\/vieassociative.be\/actualites\/#organization\"},\"potentialAction\":[{\"@type\":\"SearchAction\",\"target\":{\"@type\":\"EntryPoint\",\"urlTemplate\":\"https:\/\/vieassociative.be\/actualites\/?s={search_term_string}\"},\"query-input\":{\"@type\":\"PropertyValueSpecification\",\"valueRequired\":true,\"valueName\":\"search_term_string\"}}],\"inLanguage\":\"fr-BE\"},{\"@type\":\"Organization\",\"@id\":\"https:\/\/vieassociative.be\/actualites\/#organization\",\"name\":\"Vie Associative\",\"url\":\"https:\/\/vieassociative.be\/actualites\/\",\"logo\":{\"@type\":\"ImageObject\",\"inLanguage\":\"fr-BE\",\"@id\":\"https:\/\/vieassociative.be\/actualites\/#\/schema\/logo\/image\/\",\"url\":\"https:\/\/vieassociative.be\/actualites\/wp-content\/uploads\/2024\/09\/cropped-vieassociative_favicon.ico.png\",\"contentUrl\":\"https:\/\/vieassociative.be\/actualites\/wp-content\/uploads\/2024\/09\/cropped-vieassociative_favicon.ico.png\",\"width\":512,\"height\":512,\"caption\":\"Vie Associative\"},\"image\":{\"@id\":\"https:\/\/vieassociative.be\/actualites\/#\/schema\/logo\/image\/\"}},{\"@type\":\"Person\",\"@id\":\"https:\/\/vieassociative.be\/actualites\/#\/schema\/person\/b87ac4f82f9d4e7b7cec7395b679edc4\",\"name\":\"Julien\",\"image\":{\"@type\":\"ImageObject\",\"inLanguage\":\"fr-BE\",\"@id\":\"https:\/\/vieassociative.be\/actualites\/#\/schema\/person\/image\/\",\"url\":\"https:\/\/vieassociative.be\/actualites\/wp-content\/uploads\/2024\/09\/vie-associative-1-150x150.jpg\",\"contentUrl\":\"https:\/\/vieassociative.be\/actualites\/wp-content\/uploads\/2024\/09\/vie-associative-1-150x150.jpg\",\"caption\":\"Julien\"},\"description\":\"Je suis Julien, r\u00e9dacteur pour Vie Associative. Passionn\u00e9 par le monde associatif depuis plus de 10 ans, j'ai \u00e0 c\u0153ur de partager des histoires inspirantes et de mettre en lumi\u00e8re les initiatives locales. Mon objectif est de sensibiliser et d'encourager l'engagement communautaire \u00e0 travers mes articles.\",\"sameAs\":[\"https:\/\/vieassociative.be\/\"]}]}<\/script>\n<!-- \/ Yoast SEO plugin. -->","yoast_head_json":{"title":"Ce mini ordinateur de bureau HP compact est actuellement en vente pour seulement 320 $ | Vie Associative","robots":{"index":"index","follow":"follow","max-snippet":"max-snippet:-1","max-image-preview":"max-image-preview:large","max-video-preview":"max-video-preview:-1"},"canonical":"https:\/\/vieassociative.be\/actualites\/ce-mini-ordinateur-de-bureau-hp-compact-est-actuellement-en-vente-pour-seulement-320\/","og_locale":"fr_FR","og_type":"article","og_title":"Ce mini ordinateur de bureau HP compact est actuellement en vente pour seulement 320 $ | Vie Associative","og_description":"Nous pouvons gagner une commission sur les liens sur cette page. Les prix et la disponibilit\u00e9 de l&rsquo;offre sont sujets \u00e0 changement apr\u00e8s la publication.","og_url":"https:\/\/vieassociative.be\/actualites\/ce-mini-ordinateur-de-bureau-hp-compact-est-actuellement-en-vente-pour-seulement-320\/","og_site_name":"Vie Associative","article_published_time":"2026-04-18T02:17:22+00:00","og_image":[{"width":279,"height":92,"url":"https:\/\/vieassociative.be\/actualites\/wp-content\/uploads\/2024\/09\/header_backgroundk-01-e1726694325946.png","type":"image\/png"}],"author":"Julien","twitter_card":"summary_large_image","twitter_misc":{"\u00c9crit par":"Julien","Dur\u00e9e de lecture est.":"3 minutes"},"schema":{"@context":"https:\/\/schema.org","@graph":[{"@type":"Article","@id":"https:\/\/vieassociative.be\/actualites\/ce-mini-ordinateur-de-bureau-hp-compact-est-actuellement-en-vente-pour-seulement-320\/#article","isPartOf":{"@id":"https:\/\/vieassociative.be\/actualites\/ce-mini-ordinateur-de-bureau-hp-compact-est-actuellement-en-vente-pour-seulement-320\/"},"author":{"name":"Julien","@id":"https:\/\/vieassociative.be\/actualites\/#\/schema\/person\/b87ac4f82f9d4e7b7cec7395b679edc4"},"headline":"Ce mini ordinateur de bureau HP compact est actuellement en vente pour seulement 320 $","datePublished":"2026-04-18T02:17:22+00:00","dateModified":"2026-04-18T02:17:22+00:00","mainEntityOfPage":{"@id":"https:\/\/vieassociative.be\/actualites\/ce-mini-ordinateur-de-bureau-hp-compact-est-actuellement-en-vente-pour-seulement-320\/"},"wordCount":623,"publisher":{"@id":"https:\/\/vieassociative.be\/actualites\/#organization"},"image":{"@id":"https:\/\/vieassociative.be\/actualites\/ce-mini-ordinateur-de-bureau-hp-compact-est-actuellement-en-vente-pour-seulement-320\/#primaryimage"},"thumbnailUrl":"https:\/\/vieassociative.be\/actualites\/wp-content\/uploads\/2026\/04\/Ce-mini-ordinateur-de-bureau-HP-compact-est-actuellement-en.png","keywords":["actuellement","bureau","compact","est","Mini","ordinateur","pour","seulement","vente"],"articleSection":["Technologie"],"inLanguage":"fr-BE"},{"@type":"WebPage","@id":"https:\/\/vieassociative.be\/actualites\/ce-mini-ordinateur-de-bureau-hp-compact-est-actuellement-en-vente-pour-seulement-320\/","url":"https:\/\/vieassociative.be\/actualites\/ce-mini-ordinateur-de-bureau-hp-compact-est-actuellement-en-vente-pour-seulement-320\/","name":"Ce mini ordinateur de bureau HP compact est actuellement en vente pour seulement 320 $ | Vie Associative","isPartOf":{"@id":"https:\/\/vieassociative.be\/actualites\/#website"},"primaryImageOfPage":{"@id":"https:\/\/vieassociative.be\/actualites\/ce-mini-ordinateur-de-bureau-hp-compact-est-actuellement-en-vente-pour-seulement-320\/#primaryimage"},"image":{"@id":"https:\/\/vieassociative.be\/actualites\/ce-mini-ordinateur-de-bureau-hp-compact-est-actuellement-en-vente-pour-seulement-320\/#primaryimage"},"thumbnailUrl":"https:\/\/vieassociative.be\/actualites\/wp-content\/uploads\/2026\/04\/Ce-mini-ordinateur-de-bureau-HP-compact-est-actuellement-en.png","datePublished":"2026-04-18T02:17:22+00:00","dateModified":"2026-04-18T02:17:22+00:00","breadcrumb":{"@id":"https:\/\/vieassociative.be\/actualites\/ce-mini-ordinateur-de-bureau-hp-compact-est-actuellement-en-vente-pour-seulement-320\/#breadcrumb"},"inLanguage":"fr-BE","potentialAction":[{"@type":"ReadAction","target":["https:\/\/vieassociative.be\/actualites\/ce-mini-ordinateur-de-bureau-hp-compact-est-actuellement-en-vente-pour-seulement-320\/"]}]},{"@type":"ImageObject","inLanguage":"fr-BE","@id":"https:\/\/vieassociative.be\/actualites\/ce-mini-ordinateur-de-bureau-hp-compact-est-actuellement-en-vente-pour-seulement-320\/#primaryimage","url":"https:\/\/vieassociative.be\/actualites\/wp-content\/uploads\/2026\/04\/Ce-mini-ordinateur-de-bureau-HP-compact-est-actuellement-en.png","contentUrl":"https:\/\/vieassociative.be\/actualites\/wp-content\/uploads\/2026\/04\/Ce-mini-ordinateur-de-bureau-HP-compact-est-actuellement-en.png","width":1200,"height":675,"caption":"Ce mini ordinateur de bureau HP compact est actuellement en vente pour seulement 320 $"},{"@type":"BreadcrumbList","@id":"https:\/\/vieassociative.be\/actualites\/ce-mini-ordinateur-de-bureau-hp-compact-est-actuellement-en-vente-pour-seulement-320\/#breadcrumb","itemListElement":[{"@type":"ListItem","position":1,"name":"Accueil","item":"https:\/\/vieassociative.be\/actualites\/"},{"@type":"ListItem","position":2,"name":"Ce mini ordinateur de bureau HP compact est actuellement en vente pour seulement 320 $"}]},{"@type":"WebSite","@id":"https:\/\/vieassociative.be\/actualites\/#website","url":"https:\/\/vieassociative.be\/actualites\/","name":"Vie Associative","description":"","publisher":{"@id":"https:\/\/vieassociative.be\/actualites\/#organization"},"potentialAction":[{"@type":"SearchAction","target":{"@type":"EntryPoint","urlTemplate":"https:\/\/vieassociative.be\/actualites\/?s={search_term_string}"},"query-input":{"@type":"PropertyValueSpecification","valueRequired":true,"valueName":"search_term_string"}}],"inLanguage":"fr-BE"},{"@type":"Organization","@id":"https:\/\/vieassociative.be\/actualites\/#organization","name":"Vie Associative","url":"https:\/\/vieassociative.be\/actualites\/","logo":{"@type":"ImageObject","inLanguage":"fr-BE","@id":"https:\/\/vieassociative.be\/actualites\/#\/schema\/logo\/image\/","url":"https:\/\/vieassociative.be\/actualites\/wp-content\/uploads\/2024\/09\/cropped-vieassociative_favicon.ico.png","contentUrl":"https:\/\/vieassociative.be\/actualites\/wp-content\/uploads\/2024\/09\/cropped-vieassociative_favicon.ico.png","width":512,"height":512,"caption":"Vie Associative"},"image":{"@id":"https:\/\/vieassociative.be\/actualites\/#\/schema\/logo\/image\/"}},{"@type":"Person","@id":"https:\/\/vieassociative.be\/actualites\/#\/schema\/person\/b87ac4f82f9d4e7b7cec7395b679edc4","name":"Julien","image":{"@type":"ImageObject","inLanguage":"fr-BE","@id":"https:\/\/vieassociative.be\/actualites\/#\/schema\/person\/image\/","url":"https:\/\/vieassociative.be\/actualites\/wp-content\/uploads\/2024\/09\/vie-associative-1-150x150.jpg","contentUrl":"https:\/\/vieassociative.be\/actualites\/wp-content\/uploads\/2024\/09\/vie-associative-1-150x150.jpg","caption":"Julien"},"description":"Je suis Julien, r\u00e9dacteur pour Vie Associative. Passionn\u00e9 par le monde associatif depuis plus de 10 ans, j'ai \u00e0 c\u0153ur de partager des histoires inspirantes et de mettre en lumi\u00e8re les initiatives locales. Mon objectif est de sensibiliser et d'encourager l'engagement communautaire \u00e0 travers mes articles.","sameAs":["https:\/\/vieassociative.be\/"]}]}},"_links":{"self":[{"href":"https:\/\/vieassociative.be\/actualites\/wp-json\/wp\/v2\/posts\/13484"}],"collection":[{"href":"https:\/\/vieassociative.be\/actualites\/wp-json\/wp\/v2\/posts"}],"about":[{"href":"https:\/\/vieassociative.be\/actualites\/wp-json\/wp\/v2\/types\/post"}],"author":[{"embeddable":true,"href":"https:\/\/vieassociative.be\/actualites\/wp-json\/wp\/v2\/users\/1"}],"replies":[{"embeddable":true,"href":"https:\/\/vieassociative.be\/actualites\/wp-json\/wp\/v2\/comments?post=13484"}],"version-history":[{"count":0,"href":"https:\/\/vieassociative.be\/actualites\/wp-json\/wp\/v2\/posts\/13484\/revisions"}],"wp:featuredmedia":[{"embeddable":true,"href":"https:\/\/vieassociative.be\/actualites\/wp-json\/wp\/v2\/media\/13485"}],"wp:attachment":[{"href":"https:\/\/vieassociative.be\/actualites\/wp-json\/wp\/v2\/media?parent=13484"}],"wp:term":[{"taxonomy":"category","embeddable":true,"href":"https:\/\/vieassociative.be\/actualites\/wp-json\/wp\/v2\/categories?post=13484"},{"taxonomy":"post_tag","embeddable":true,"href":"https:\/\/vieassociative.be\/actualites\/wp-json\/wp\/v2\/tags?post=13484"}],"curies":[{"name":"wp","href":"https:\/\/api.w.org\/{rel}","templated":true}]}}