{"id":13482,"date":"2026-04-17T23:17:30","date_gmt":"2026-04-17T21:17:30","guid":{"rendered":"https:\/\/vieassociative.be\/actualites\/defaite-12-a-liege-et-victoire-deisden-contre-les-francs-borains-las-eupen-nest-pas-a-juste-titre-dans-le-top-6\/"},"modified":"2026-04-17T23:17:30","modified_gmt":"2026-04-17T21:17:30","slug":"defaite-12-a-liege-et-victoire-deisden-contre-les-francs-borains-las-eupen-nest-pas-a-juste-titre-dans-le-top-6","status":"publish","type":"post","link":"https:\/\/vieassociative.be\/actualites\/defaite-12-a-liege-et-victoire-deisden-contre-les-francs-borains-las-eupen-nest-pas-a-juste-titre-dans-le-top-6\/","title":{"rendered":"D\u00e9faite 1:2 \u00e0 Li\u00e8ge et victoire d&rsquo;Eisden contre les Francs Borains : l&rsquo;AS Eupen n&rsquo;est pas \u00e0 juste titre dans le top 6"},"content":{"rendered":"<p><strong>L&rsquo;AS Eupen ne participera pas au tour de promotion. Les Noirs et Blancs se sont inclin\u00e9s 1-2 chez le FC Li\u00e8ge vendredi soir, tandis que le Patro Eisden s&rsquo;est facilement impos\u00e9 4-0 face aux Francs Borains. Cela signifie que l\u2019\u00e9quipe d\u2019Eupen a rat\u00e9 le top 6 \u2013 et ne m\u00e9ritait rien de plus.<\/strong><\/p>\n<p><span id=\"more-438481\"><\/span>Selon DAZN, les supporters de l&rsquo;AS Eupen ont parcouru la courte distance jusqu&rsquo;\u00e0 Rocourt \u00e0 bord de six bus. Les Noirs et Blancs devaient absolument gagner, mais m\u00eame une victoire ne suffirait pas pour acc\u00e9der au top 6. Il fallait plut\u00f4t esp\u00e9rer que leur concurrent Patro Eisden se tromperait face aux Francs Borains, menac\u00e9s de rel\u00e9gation.<\/p>\n<p>Pour ce match crucial, l&rsquo;entra\u00eeneur de l&rsquo;AS Bruno Pinheiro a fait confiance au m\u00eame onze de d\u00e9part que lors du match nul 3-3 contre le Beerschot. Daniel Kasper a donc eu la pr\u00e9f\u00e9rence sur Zakaria Atteri, qui a d\u00fb s&rsquo;asseoir sur le banc des rempla\u00e7ants contre son ancien club.<\/p>\n<div id=\"attachment_424501\" class=\"wp-caption alignleft\" style=\"max-width: 200px\"><img fetchpriority=\"high\" decoding=\"async\" class=\"wp-image-424501 size-medium\" src=\"https:\/\/vieassociative.be\/actualites\/wp-content\/uploads\/2026\/03\/LAS-Eupen-a-perdu-deux-avances-et-a-concede-legalisation.jpg\" alt=\"\" width=\"200\" height=\"300\"  ><\/div>\n<p>La formation de d\u00e9part des invit\u00e9s : Hiller \u2013 Zague, Paeshuyse, Plastun, Gavory \u2013 Keita, M\u00fcller, Bar\u00e8s, Caliskan, \u2013 Nuhu, Kasper.<\/p>\n<p>D\u00e8s le d\u00e9but, Eupen cherchait une voie \u00e0 suivre. De son c\u00f4t\u00e9, Eisden menait 1-0 d\u00e8s la premi\u00e8re minute gr\u00e2ce \u00e0 un but de l&rsquo;ancien joueur d&rsquo;Eupen Peeters face aux Francs Borains. A la 11e minute, Bar\u00e8s tombe au sol. Avait-il \u00e9t\u00e9 agress\u00e9 physiquement par Ruiz ? L&rsquo;arbitre a autoris\u00e9 la poursuite du jeu.<\/p>\n<p>Entre-temps, les h\u00f4tes avaient pris le contr\u00f4le du match et se sont montr\u00e9s dangereux \u00e0 plusieurs reprises devant le gardien de l\u2019AS Hiller. A la 18e minute, ce sont les visiteurs qui ont pris l&rsquo;avantage gr\u00e2ce \u00e0 Zague. Apr\u00e8s que Bustin ait gliss\u00e9, Caliskan a r\u00e9cup\u00e9r\u00e9 le ballon et a nourri Zague, qui, d&rsquo;un tir bien plac\u00e9, a donn\u00e9 le d\u00e9savantage au gardien Andr\u00e9.<\/p>\n<p>\u00c0 la 35e minute, M\u00fcller n&rsquo;a pu r\u00e9aliser qu&rsquo;\u00e0 demi-mot une contre-attaque rapide de l&rsquo;AS. On aurait pu faire plus avec cela. \u00c0 la 27e minute, Hiller a d\u00e9samorc\u00e9 un centre dangereux de Ruiz de l&rsquo;autre c\u00f4t\u00e9, qui s&rsquo;est av\u00e9r\u00e9 \u00eatre un tir au but.<\/p>\n<div id=\"attachment_418091\" class=\"wp-caption alignleft\" style=\"max-width: 300px\"><img decoding=\"async\" class=\"wp-image-418091 size-medium\" src=\"https:\/\/vieassociative.be\/actualites\/wp-content\/uploads\/2025\/08\/1754770661_504_2-0-Debut-de-la-victoire-pour-As-Eupen-contre-FC.jpg\" alt=\"\" width=\"300\" height=\"200\"><\/div>\n<p>L&rsquo;\u00e9galisation est intervenue \u00e0 la 31e minute. Apr\u00e8s un coup franc parfaitement ex\u00e9cut\u00e9 de Wasinski, Bustin, qui avait donn\u00e9 l&rsquo;avantage \u00e0 Eupen, a dirig\u00e9 le ballon dans le but de Hiller, 1-1.<\/p>\n<p>Peu apr\u00e8s l&rsquo;\u00e9galisation, Bar\u00e8s doit quitter le terrain bless\u00e9. Busquets a remplac\u00e9 les Suisses. \u00c0 la 41e minute, Lefebvre re\u00e7oit un carton jaune pour un coup dans la surface de r\u00e9paration d&rsquo;Eupen. Il s&rsquo;agit du cinqui\u00e8me carton jaune pour le joueur li\u00e9geois, c&rsquo;est pourquoi il est suspendu pour le premier match des \u00e9liminatoires de \u00ab Sang &#038; Marine \u00bb.<\/p>\n<p>Il y a eu des applaudissements \u00e0 la 43e minute. Au d\u00e9but, on ne savait pas trop pourquoi, mais ensuite est apparue sur le tableau d&rsquo;affichage qu&rsquo;il s&rsquo;agissait d&rsquo;un souvenir d&rsquo;un joueur de Pontisse victime d&rsquo;un arr\u00eat cardiaque lors d&rsquo;un match contre Fl\u00e9ron.<\/p>\n<p>Caliskan avait encore une chance de marquer dans les arr\u00eats de jeu. C&rsquo;\u00e9tait alors \u00e7a. 1:1 \u00e0 la mi-temps. Et \u00e0 Eisden, Patro menait toujours 1-0. Cela signifie qu&rsquo;aucune des deux conditions pour atteindre le top 6 n&rsquo;\u00e9tait remplie pour les invit\u00e9s.<\/p>\n<div id=\"attachment_432512\" class=\"wp-caption alignleft\" style=\"max-width: 300px\"><img decoding=\"async\" class=\"wp-image-432512 size-medium\" src=\"https:\/\/vieassociative.be\/actualites\/wp-content\/uploads\/2025\/12\/LAS-Eupen-decu-\u2013-22-contre-lOlympic-Charleroi.jpg\" alt=\"\" width=\"300\" height=\"200\"  ><\/div>\n<p>En d\u00e9but de seconde p\u00e9riode, l&rsquo;entra\u00eeneur de l&rsquo;AS Pinheiro faisait appel \u00e0 l&rsquo;ancien li\u00e9geois Atteri \u00e0 la place de Kasper. \u00c0 la 51e minute, Lefebvre a eu l&rsquo;occasion de donner l&rsquo;avantage aux h\u00f4tes pour la premi\u00e8re fois apr\u00e8s que Keita ait perdu le ballon, mais il n&rsquo;y est pas parvenu.<\/p>\n<p>Cependant, \u00e0 la 54e minute, le sort d&rsquo;AS semblait scell\u00e9, puisque Patro Eisden marquait 2-0 contre les Francs Borains lors du match parall\u00e8le. Cela signifiait que m\u00eame si Eupen gagnait, ils ne figureraient pas dans le top 6.<\/p>\n<p>\u00c0 la 57e minute, Ruiz donnait l&rsquo;avantage \u00e0 Li\u00e8ge 2-1 et Atteri redonnait l&rsquo;avantage \u00e0 Eupen \u00e0 la 61e minute. A la 68e minute, le rempla\u00e7ant Delaurier-Chautet et peu apr\u00e8s Plastun ont \u00e9galement failli porter le score \u00e0 2-1 pour les visiteurs.<\/p>\n<p>Plastun a d\u00fb quitter le terrain \u00e0 l&rsquo;AS Eupen. Kennedy est venu le chercher. Pendant ce temps, Eisden menait m\u00eame 4-0 face aux Francs Borains. Et \u00e0 la 78e minute, D&rsquo;Ostillo portait le score \u00e0 2-1 pour le FC Li\u00e8ge. Le fromage a d\u00e9finitivement \u00e9t\u00e9 mang\u00e9. L&rsquo;AS Eupen n&rsquo;a pas atteint son objectif de figurer dans le top 6 et ne participe pas, \u00e0 juste titre, aux barrages de promotion. (cr\u00e9er)<\/p>\n","protected":false},"excerpt":{"rendered":"<p>L&rsquo;AS Eupen ne participera pas au tour de promotion. Les Noirs et Blancs se sont inclin\u00e9s 1-2 chez le FC Li\u00e8ge vendredi soir, tandis que<\/p>\n","protected":false},"author":1,"featured_media":13483,"comment_status":"","ping_status":"","sticky":false,"template":"","format":"standard","meta":{"footnotes":""},"categories":[298],"tags":[3871,796,166,2350,10505,2329,3870,1499,2353,14,6554,1082,126,2504,3169,784],"class_list":["post-13482","post","type-post","status-publish","format-standard","has-post-thumbnail","hentry","category-belgique","tag-borains","tag-contre","tag-dans","tag-defaite","tag-deisden","tag-eupen","tag-francs","tag-juste","tag-las","tag-les","tag-liege","tag-nest","tag-pas","tag-titre","tag-top","tag-victoire","generate-columns","tablet-grid-50","mobile-grid-100","grid-parent","grid-33"],"yoast_head":"<!-- This site is optimized with the Yoast SEO plugin v24.0 - https:\/\/yoast.com\/wordpress\/plugins\/seo\/ -->\n<title>D\u00e9faite 1:2 \u00e0 Li\u00e8ge et victoire d&#039;Eisden contre les Francs Borains : l&#039;AS Eupen n&#039;est pas \u00e0 juste titre dans le top 6 | Vie Associative<\/title>\n<meta name=\"robots\" content=\"index, follow, max-snippet:-1, max-image-preview:large, max-video-preview:-1\" \/>\n<link rel=\"canonical\" href=\"https:\/\/vieassociative.be\/actualites\/defaite-12-a-liege-et-victoire-deisden-contre-les-francs-borains-las-eupen-nest-pas-a-juste-titre-dans-le-top-6\/\" \/>\n<meta property=\"og:locale\" content=\"fr_FR\" \/>\n<meta property=\"og:type\" content=\"article\" \/>\n<meta property=\"og:title\" content=\"D\u00e9faite 1:2 \u00e0 Li\u00e8ge et victoire d&#039;Eisden contre les Francs Borains : l&#039;AS Eupen n&#039;est pas \u00e0 juste titre dans le top 6 | Vie Associative\" \/>\n<meta property=\"og:description\" content=\"L&rsquo;AS Eupen ne participera pas au tour de promotion. Les Noirs et Blancs se sont inclin\u00e9s 1-2 chez le FC Li\u00e8ge vendredi soir, tandis que\" \/>\n<meta property=\"og:url\" content=\"https:\/\/vieassociative.be\/actualites\/defaite-12-a-liege-et-victoire-deisden-contre-les-francs-borains-las-eupen-nest-pas-a-juste-titre-dans-le-top-6\/\" \/>\n<meta property=\"og:site_name\" content=\"Vie Associative\" \/>\n<meta property=\"article:published_time\" content=\"2026-04-17T21:17:30+00:00\" \/>\n<meta property=\"og:image\" content=\"https:\/\/vieassociative.be\/actualites\/wp-content\/uploads\/2024\/09\/header_backgroundk-01-e1726694325946.png\" \/>\n\t<meta property=\"og:image:width\" content=\"279\" \/>\n\t<meta property=\"og:image:height\" content=\"92\" \/>\n\t<meta property=\"og:image:type\" content=\"image\/png\" \/>\n<meta name=\"author\" content=\"Julien\" \/>\n<meta name=\"twitter:card\" content=\"summary_large_image\" \/>\n<meta name=\"twitter:label1\" content=\"\u00c9crit par\" \/>\n\t<meta name=\"twitter:data1\" content=\"Julien\" \/>\n\t<meta name=\"twitter:label2\" content=\"Dur\u00e9e de lecture est.\" \/>\n\t<meta name=\"twitter:data2\" content=\"4 minutes\" \/>\n<script type=\"application\/ld+json\" class=\"yoast-schema-graph\">{\"@context\":\"https:\/\/schema.org\",\"@graph\":[{\"@type\":\"Article\",\"@id\":\"https:\/\/vieassociative.be\/actualites\/defaite-12-a-liege-et-victoire-deisden-contre-les-francs-borains-las-eupen-nest-pas-a-juste-titre-dans-le-top-6\/#article\",\"isPartOf\":{\"@id\":\"https:\/\/vieassociative.be\/actualites\/defaite-12-a-liege-et-victoire-deisden-contre-les-francs-borains-las-eupen-nest-pas-a-juste-titre-dans-le-top-6\/\"},\"author\":{\"name\":\"Julien\",\"@id\":\"https:\/\/vieassociative.be\/actualites\/#\/schema\/person\/b87ac4f82f9d4e7b7cec7395b679edc4\"},\"headline\":\"D\u00e9faite 1:2 \u00e0 Li\u00e8ge et victoire d&rsquo;Eisden contre les Francs Borains : l&rsquo;AS Eupen n&rsquo;est pas \u00e0 juste titre dans le top 6\",\"datePublished\":\"2026-04-17T21:17:30+00:00\",\"dateModified\":\"2026-04-17T21:17:30+00:00\",\"mainEntityOfPage\":{\"@id\":\"https:\/\/vieassociative.be\/actualites\/defaite-12-a-liege-et-victoire-deisden-contre-les-francs-borains-las-eupen-nest-pas-a-juste-titre-dans-le-top-6\/\"},\"wordCount\":816,\"publisher\":{\"@id\":\"https:\/\/vieassociative.be\/actualites\/#organization\"},\"image\":{\"@id\":\"https:\/\/vieassociative.be\/actualites\/defaite-12-a-liege-et-victoire-deisden-contre-les-francs-borains-las-eupen-nest-pas-a-juste-titre-dans-le-top-6\/#primaryimage\"},\"thumbnailUrl\":\"https:\/\/vieassociative.be\/actualites\/wp-content\/uploads\/2026\/04\/Defaite-12-a-Liege-et-victoire-dEisden-contre-les-Francs.jpg\",\"keywords\":[\"Borains\",\"contre\",\"dans\",\"D\u00e9faite\",\"dEisden\",\"Eupen\",\"Francs\",\"juste\",\"lAS\",\"Les\",\"Li\u00e8ge\",\"nest\",\"pas\",\"titre\",\"top\",\"victoire\"],\"articleSection\":[\"Belgique\"],\"inLanguage\":\"fr-BE\"},{\"@type\":\"WebPage\",\"@id\":\"https:\/\/vieassociative.be\/actualites\/defaite-12-a-liege-et-victoire-deisden-contre-les-francs-borains-las-eupen-nest-pas-a-juste-titre-dans-le-top-6\/\",\"url\":\"https:\/\/vieassociative.be\/actualites\/defaite-12-a-liege-et-victoire-deisden-contre-les-francs-borains-las-eupen-nest-pas-a-juste-titre-dans-le-top-6\/\",\"name\":\"D\u00e9faite 1:2 \u00e0 Li\u00e8ge et victoire d'Eisden contre les Francs Borains : l'AS Eupen n'est pas \u00e0 juste titre dans le top 6 | Vie Associative\",\"isPartOf\":{\"@id\":\"https:\/\/vieassociative.be\/actualites\/#website\"},\"primaryImageOfPage\":{\"@id\":\"https:\/\/vieassociative.be\/actualites\/defaite-12-a-liege-et-victoire-deisden-contre-les-francs-borains-las-eupen-nest-pas-a-juste-titre-dans-le-top-6\/#primaryimage\"},\"image\":{\"@id\":\"https:\/\/vieassociative.be\/actualites\/defaite-12-a-liege-et-victoire-deisden-contre-les-francs-borains-las-eupen-nest-pas-a-juste-titre-dans-le-top-6\/#primaryimage\"},\"thumbnailUrl\":\"https:\/\/vieassociative.be\/actualites\/wp-content\/uploads\/2026\/04\/Defaite-12-a-Liege-et-victoire-dEisden-contre-les-Francs.jpg\",\"datePublished\":\"2026-04-17T21:17:30+00:00\",\"dateModified\":\"2026-04-17T21:17:30+00:00\",\"breadcrumb\":{\"@id\":\"https:\/\/vieassociative.be\/actualites\/defaite-12-a-liege-et-victoire-deisden-contre-les-francs-borains-las-eupen-nest-pas-a-juste-titre-dans-le-top-6\/#breadcrumb\"},\"inLanguage\":\"fr-BE\",\"potentialAction\":[{\"@type\":\"ReadAction\",\"target\":[\"https:\/\/vieassociative.be\/actualites\/defaite-12-a-liege-et-victoire-deisden-contre-les-francs-borains-las-eupen-nest-pas-a-juste-titre-dans-le-top-6\/\"]}]},{\"@type\":\"ImageObject\",\"inLanguage\":\"fr-BE\",\"@id\":\"https:\/\/vieassociative.be\/actualites\/defaite-12-a-liege-et-victoire-deisden-contre-les-francs-borains-las-eupen-nest-pas-a-juste-titre-dans-le-top-6\/#primaryimage\",\"url\":\"https:\/\/vieassociative.be\/actualites\/wp-content\/uploads\/2026\/04\/Defaite-12-a-Liege-et-victoire-dEisden-contre-les-Francs.jpg\",\"contentUrl\":\"https:\/\/vieassociative.be\/actualites\/wp-content\/uploads\/2026\/04\/Defaite-12-a-Liege-et-victoire-dEisden-contre-les-Francs.jpg\",\"width\":1200,\"height\":813,\"caption\":\"D\u00e9faite 1:2 \u00e0 Li\u00e8ge et victoire d'Eisden contre les Francs Borains : l'AS Eupen n'est pas \u00e0 juste titre dans le top 6\"},{\"@type\":\"BreadcrumbList\",\"@id\":\"https:\/\/vieassociative.be\/actualites\/defaite-12-a-liege-et-victoire-deisden-contre-les-francs-borains-las-eupen-nest-pas-a-juste-titre-dans-le-top-6\/#breadcrumb\",\"itemListElement\":[{\"@type\":\"ListItem\",\"position\":1,\"name\":\"Accueil\",\"item\":\"https:\/\/vieassociative.be\/actualites\/\"},{\"@type\":\"ListItem\",\"position\":2,\"name\":\"D\u00e9faite 1:2 \u00e0 Li\u00e8ge et victoire d&rsquo;Eisden contre les Francs Borains : l&rsquo;AS Eupen n&rsquo;est pas \u00e0 juste titre dans le top 6\"}]},{\"@type\":\"WebSite\",\"@id\":\"https:\/\/vieassociative.be\/actualites\/#website\",\"url\":\"https:\/\/vieassociative.be\/actualites\/\",\"name\":\"Vie Associative\",\"description\":\"\",\"publisher\":{\"@id\":\"https:\/\/vieassociative.be\/actualites\/#organization\"},\"potentialAction\":[{\"@type\":\"SearchAction\",\"target\":{\"@type\":\"EntryPoint\",\"urlTemplate\":\"https:\/\/vieassociative.be\/actualites\/?s={search_term_string}\"},\"query-input\":{\"@type\":\"PropertyValueSpecification\",\"valueRequired\":true,\"valueName\":\"search_term_string\"}}],\"inLanguage\":\"fr-BE\"},{\"@type\":\"Organization\",\"@id\":\"https:\/\/vieassociative.be\/actualites\/#organization\",\"name\":\"Vie Associative\",\"url\":\"https:\/\/vieassociative.be\/actualites\/\",\"logo\":{\"@type\":\"ImageObject\",\"inLanguage\":\"fr-BE\",\"@id\":\"https:\/\/vieassociative.be\/actualites\/#\/schema\/logo\/image\/\",\"url\":\"https:\/\/vieassociative.be\/actualites\/wp-content\/uploads\/2024\/09\/cropped-vieassociative_favicon.ico.png\",\"contentUrl\":\"https:\/\/vieassociative.be\/actualites\/wp-content\/uploads\/2024\/09\/cropped-vieassociative_favicon.ico.png\",\"width\":512,\"height\":512,\"caption\":\"Vie Associative\"},\"image\":{\"@id\":\"https:\/\/vieassociative.be\/actualites\/#\/schema\/logo\/image\/\"}},{\"@type\":\"Person\",\"@id\":\"https:\/\/vieassociative.be\/actualites\/#\/schema\/person\/b87ac4f82f9d4e7b7cec7395b679edc4\",\"name\":\"Julien\",\"image\":{\"@type\":\"ImageObject\",\"inLanguage\":\"fr-BE\",\"@id\":\"https:\/\/vieassociative.be\/actualites\/#\/schema\/person\/image\/\",\"url\":\"https:\/\/vieassociative.be\/actualites\/wp-content\/uploads\/2024\/09\/vie-associative-1-150x150.jpg\",\"contentUrl\":\"https:\/\/vieassociative.be\/actualites\/wp-content\/uploads\/2024\/09\/vie-associative-1-150x150.jpg\",\"caption\":\"Julien\"},\"description\":\"Je suis Julien, r\u00e9dacteur pour Vie Associative. Passionn\u00e9 par le monde associatif depuis plus de 10 ans, j'ai \u00e0 c\u0153ur de partager des histoires inspirantes et de mettre en lumi\u00e8re les initiatives locales. Mon objectif est de sensibiliser et d'encourager l'engagement communautaire \u00e0 travers mes articles.\",\"sameAs\":[\"https:\/\/vieassociative.be\/\"]}]}<\/script>\n<!-- \/ Yoast SEO plugin. -->","yoast_head_json":{"title":"D\u00e9faite 1:2 \u00e0 Li\u00e8ge et victoire d'Eisden contre les Francs Borains : l'AS Eupen n'est pas \u00e0 juste titre dans le top 6 | Vie Associative","robots":{"index":"index","follow":"follow","max-snippet":"max-snippet:-1","max-image-preview":"max-image-preview:large","max-video-preview":"max-video-preview:-1"},"canonical":"https:\/\/vieassociative.be\/actualites\/defaite-12-a-liege-et-victoire-deisden-contre-les-francs-borains-las-eupen-nest-pas-a-juste-titre-dans-le-top-6\/","og_locale":"fr_FR","og_type":"article","og_title":"D\u00e9faite 1:2 \u00e0 Li\u00e8ge et victoire d'Eisden contre les Francs Borains : l'AS Eupen n'est pas \u00e0 juste titre dans le top 6 | Vie Associative","og_description":"L&rsquo;AS Eupen ne participera pas au tour de promotion. Les Noirs et Blancs se sont inclin\u00e9s 1-2 chez le FC Li\u00e8ge vendredi soir, tandis que","og_url":"https:\/\/vieassociative.be\/actualites\/defaite-12-a-liege-et-victoire-deisden-contre-les-francs-borains-las-eupen-nest-pas-a-juste-titre-dans-le-top-6\/","og_site_name":"Vie Associative","article_published_time":"2026-04-17T21:17:30+00:00","og_image":[{"width":279,"height":92,"url":"https:\/\/vieassociative.be\/actualites\/wp-content\/uploads\/2024\/09\/header_backgroundk-01-e1726694325946.png","type":"image\/png"}],"author":"Julien","twitter_card":"summary_large_image","twitter_misc":{"\u00c9crit par":"Julien","Dur\u00e9e de lecture est.":"4 minutes"},"schema":{"@context":"https:\/\/schema.org","@graph":[{"@type":"Article","@id":"https:\/\/vieassociative.be\/actualites\/defaite-12-a-liege-et-victoire-deisden-contre-les-francs-borains-las-eupen-nest-pas-a-juste-titre-dans-le-top-6\/#article","isPartOf":{"@id":"https:\/\/vieassociative.be\/actualites\/defaite-12-a-liege-et-victoire-deisden-contre-les-francs-borains-las-eupen-nest-pas-a-juste-titre-dans-le-top-6\/"},"author":{"name":"Julien","@id":"https:\/\/vieassociative.be\/actualites\/#\/schema\/person\/b87ac4f82f9d4e7b7cec7395b679edc4"},"headline":"D\u00e9faite 1:2 \u00e0 Li\u00e8ge et victoire d&rsquo;Eisden contre les Francs Borains : l&rsquo;AS Eupen n&rsquo;est pas \u00e0 juste titre dans le top 6","datePublished":"2026-04-17T21:17:30+00:00","dateModified":"2026-04-17T21:17:30+00:00","mainEntityOfPage":{"@id":"https:\/\/vieassociative.be\/actualites\/defaite-12-a-liege-et-victoire-deisden-contre-les-francs-borains-las-eupen-nest-pas-a-juste-titre-dans-le-top-6\/"},"wordCount":816,"publisher":{"@id":"https:\/\/vieassociative.be\/actualites\/#organization"},"image":{"@id":"https:\/\/vieassociative.be\/actualites\/defaite-12-a-liege-et-victoire-deisden-contre-les-francs-borains-las-eupen-nest-pas-a-juste-titre-dans-le-top-6\/#primaryimage"},"thumbnailUrl":"https:\/\/vieassociative.be\/actualites\/wp-content\/uploads\/2026\/04\/Defaite-12-a-Liege-et-victoire-dEisden-contre-les-Francs.jpg","keywords":["Borains","contre","dans","D\u00e9faite","dEisden","Eupen","Francs","juste","lAS","Les","Li\u00e8ge","nest","pas","titre","top","victoire"],"articleSection":["Belgique"],"inLanguage":"fr-BE"},{"@type":"WebPage","@id":"https:\/\/vieassociative.be\/actualites\/defaite-12-a-liege-et-victoire-deisden-contre-les-francs-borains-las-eupen-nest-pas-a-juste-titre-dans-le-top-6\/","url":"https:\/\/vieassociative.be\/actualites\/defaite-12-a-liege-et-victoire-deisden-contre-les-francs-borains-las-eupen-nest-pas-a-juste-titre-dans-le-top-6\/","name":"D\u00e9faite 1:2 \u00e0 Li\u00e8ge et victoire d'Eisden contre les Francs Borains : l'AS Eupen n'est pas \u00e0 juste titre dans le top 6 | Vie Associative","isPartOf":{"@id":"https:\/\/vieassociative.be\/actualites\/#website"},"primaryImageOfPage":{"@id":"https:\/\/vieassociative.be\/actualites\/defaite-12-a-liege-et-victoire-deisden-contre-les-francs-borains-las-eupen-nest-pas-a-juste-titre-dans-le-top-6\/#primaryimage"},"image":{"@id":"https:\/\/vieassociative.be\/actualites\/defaite-12-a-liege-et-victoire-deisden-contre-les-francs-borains-las-eupen-nest-pas-a-juste-titre-dans-le-top-6\/#primaryimage"},"thumbnailUrl":"https:\/\/vieassociative.be\/actualites\/wp-content\/uploads\/2026\/04\/Defaite-12-a-Liege-et-victoire-dEisden-contre-les-Francs.jpg","datePublished":"2026-04-17T21:17:30+00:00","dateModified":"2026-04-17T21:17:30+00:00","breadcrumb":{"@id":"https:\/\/vieassociative.be\/actualites\/defaite-12-a-liege-et-victoire-deisden-contre-les-francs-borains-las-eupen-nest-pas-a-juste-titre-dans-le-top-6\/#breadcrumb"},"inLanguage":"fr-BE","potentialAction":[{"@type":"ReadAction","target":["https:\/\/vieassociative.be\/actualites\/defaite-12-a-liege-et-victoire-deisden-contre-les-francs-borains-las-eupen-nest-pas-a-juste-titre-dans-le-top-6\/"]}]},{"@type":"ImageObject","inLanguage":"fr-BE","@id":"https:\/\/vieassociative.be\/actualites\/defaite-12-a-liege-et-victoire-deisden-contre-les-francs-borains-las-eupen-nest-pas-a-juste-titre-dans-le-top-6\/#primaryimage","url":"https:\/\/vieassociative.be\/actualites\/wp-content\/uploads\/2026\/04\/Defaite-12-a-Liege-et-victoire-dEisden-contre-les-Francs.jpg","contentUrl":"https:\/\/vieassociative.be\/actualites\/wp-content\/uploads\/2026\/04\/Defaite-12-a-Liege-et-victoire-dEisden-contre-les-Francs.jpg","width":1200,"height":813,"caption":"D\u00e9faite 1:2 \u00e0 Li\u00e8ge et victoire d'Eisden contre les Francs Borains : l'AS Eupen n'est pas \u00e0 juste titre dans le top 6"},{"@type":"BreadcrumbList","@id":"https:\/\/vieassociative.be\/actualites\/defaite-12-a-liege-et-victoire-deisden-contre-les-francs-borains-las-eupen-nest-pas-a-juste-titre-dans-le-top-6\/#breadcrumb","itemListElement":[{"@type":"ListItem","position":1,"name":"Accueil","item":"https:\/\/vieassociative.be\/actualites\/"},{"@type":"ListItem","position":2,"name":"D\u00e9faite 1:2 \u00e0 Li\u00e8ge et victoire d&rsquo;Eisden contre les Francs Borains : l&rsquo;AS Eupen n&rsquo;est pas \u00e0 juste titre dans le top 6"}]},{"@type":"WebSite","@id":"https:\/\/vieassociative.be\/actualites\/#website","url":"https:\/\/vieassociative.be\/actualites\/","name":"Vie Associative","description":"","publisher":{"@id":"https:\/\/vieassociative.be\/actualites\/#organization"},"potentialAction":[{"@type":"SearchAction","target":{"@type":"EntryPoint","urlTemplate":"https:\/\/vieassociative.be\/actualites\/?s={search_term_string}"},"query-input":{"@type":"PropertyValueSpecification","valueRequired":true,"valueName":"search_term_string"}}],"inLanguage":"fr-BE"},{"@type":"Organization","@id":"https:\/\/vieassociative.be\/actualites\/#organization","name":"Vie Associative","url":"https:\/\/vieassociative.be\/actualites\/","logo":{"@type":"ImageObject","inLanguage":"fr-BE","@id":"https:\/\/vieassociative.be\/actualites\/#\/schema\/logo\/image\/","url":"https:\/\/vieassociative.be\/actualites\/wp-content\/uploads\/2024\/09\/cropped-vieassociative_favicon.ico.png","contentUrl":"https:\/\/vieassociative.be\/actualites\/wp-content\/uploads\/2024\/09\/cropped-vieassociative_favicon.ico.png","width":512,"height":512,"caption":"Vie Associative"},"image":{"@id":"https:\/\/vieassociative.be\/actualites\/#\/schema\/logo\/image\/"}},{"@type":"Person","@id":"https:\/\/vieassociative.be\/actualites\/#\/schema\/person\/b87ac4f82f9d4e7b7cec7395b679edc4","name":"Julien","image":{"@type":"ImageObject","inLanguage":"fr-BE","@id":"https:\/\/vieassociative.be\/actualites\/#\/schema\/person\/image\/","url":"https:\/\/vieassociative.be\/actualites\/wp-content\/uploads\/2024\/09\/vie-associative-1-150x150.jpg","contentUrl":"https:\/\/vieassociative.be\/actualites\/wp-content\/uploads\/2024\/09\/vie-associative-1-150x150.jpg","caption":"Julien"},"description":"Je suis Julien, r\u00e9dacteur pour Vie Associative. Passionn\u00e9 par le monde associatif depuis plus de 10 ans, j'ai \u00e0 c\u0153ur de partager des histoires inspirantes et de mettre en lumi\u00e8re les initiatives locales. Mon objectif est de sensibiliser et d'encourager l'engagement communautaire \u00e0 travers mes articles.","sameAs":["https:\/\/vieassociative.be\/"]}]}},"_links":{"self":[{"href":"https:\/\/vieassociative.be\/actualites\/wp-json\/wp\/v2\/posts\/13482"}],"collection":[{"href":"https:\/\/vieassociative.be\/actualites\/wp-json\/wp\/v2\/posts"}],"about":[{"href":"https:\/\/vieassociative.be\/actualites\/wp-json\/wp\/v2\/types\/post"}],"author":[{"embeddable":true,"href":"https:\/\/vieassociative.be\/actualites\/wp-json\/wp\/v2\/users\/1"}],"replies":[{"embeddable":true,"href":"https:\/\/vieassociative.be\/actualites\/wp-json\/wp\/v2\/comments?post=13482"}],"version-history":[{"count":0,"href":"https:\/\/vieassociative.be\/actualites\/wp-json\/wp\/v2\/posts\/13482\/revisions"}],"wp:featuredmedia":[{"embeddable":true,"href":"https:\/\/vieassociative.be\/actualites\/wp-json\/wp\/v2\/media\/13483"}],"wp:attachment":[{"href":"https:\/\/vieassociative.be\/actualites\/wp-json\/wp\/v2\/media?parent=13482"}],"wp:term":[{"taxonomy":"category","embeddable":true,"href":"https:\/\/vieassociative.be\/actualites\/wp-json\/wp\/v2\/categories?post=13482"},{"taxonomy":"post_tag","embeddable":true,"href":"https:\/\/vieassociative.be\/actualites\/wp-json\/wp\/v2\/tags?post=13482"}],"curies":[{"name":"wp","href":"https:\/\/api.w.org\/{rel}","templated":true}]}}