{"id":13478,"date":"2026-04-17T17:17:22","date_gmt":"2026-04-17T15:17:22","guid":{"rendered":"https:\/\/vieassociative.be\/actualites\/derniere-journee-aujourdhui-las-eupen-doit-gagner-a-liege-et-esperer-un-faux-pas-deisden\/"},"modified":"2026-04-17T17:17:22","modified_gmt":"2026-04-17T15:17:22","slug":"derniere-journee-aujourdhui-las-eupen-doit-gagner-a-liege-et-esperer-un-faux-pas-deisden","status":"publish","type":"post","link":"https:\/\/vieassociative.be\/actualites\/derniere-journee-aujourdhui-las-eupen-doit-gagner-a-liege-et-esperer-un-faux-pas-deisden\/","title":{"rendered":"Derni\u00e8re journ\u00e9e aujourd&rsquo;hui : l&rsquo;AS Eupen doit gagner \u00e0 Li\u00e8ge et esp\u00e9rer un faux pas d&rsquo;Eisden"},"content":{"rendered":"<p><strong>Ce vendredi soir, il sera d\u00e9cid\u00e9 si la saison 2025\/2026 sera d\u00e9j\u00e0 termin\u00e9e pour l&rsquo;\u00e9quipe de football de deuxi\u00e8me division de l&rsquo;AS Eupen ou si elle se poursuivra en prolongation pour les noirs et blancs. Ils ont encore la chance de participer aux \u00e9liminatoires de promotion, mais ce n&rsquo;est pas seulement entre leurs mains.<\/strong><\/p>\n<p><span id=\"more-438469\"><\/span>L&rsquo;\u00e9quipe de l&rsquo;entra\u00eeneur Bruno Pinheiro re\u00e7oit le FC Li\u00e8ge (20h \/ en direct sur l&rsquo;application DAZN), qualifi\u00e9 il y a une semaine pour la phase de promotion. Il se pourrait donc que l&rsquo;\u00e9quipe li\u00e9geoise ne fournisse plus autant d&rsquo;efforts contre Eupen qu&rsquo;elle l&rsquo;aurait fait si ce match avait aussi \u00e9t\u00e9 d\u00e9cisif pour elle.<\/p>\n<div id=\"attachment_420811\" class=\"wp-caption alignleft\" style=\"max-width: 300px\"><img fetchpriority=\"high\" decoding=\"async\" class=\"wp-image-420811 size-medium\" src=\"https:\/\/vieassociative.be\/actualites\/wp-content\/uploads\/2026\/04\/Derniere-journee-aujourdhui-lAS-Eupen-doit-gagner-a-Liege.jpg\" alt=\"\" width=\"300\" height=\"200\"><\/div>\n<p>N\u00e9anmoins, une victoire \u00e0 Li\u00e8ge ne suffira pas forc\u00e9ment aux invit\u00e9s d&rsquo;Eupen, car m\u00eame dans ce cas, AS devra esp\u00e9rer que le Patro Eisden ne gagne pas sur son terrain face aux Francs Borains. Si Eupen (47 points &#8211; 12 victoires) fait match nul \u00e0 Li\u00e8ge et qu&rsquo;Eisden (48 points &#8211; 13 victoires) perd, Eisden et Eupen seraient \u00e0 \u00e9galit\u00e9 de points, mais le Limbourg serait en t\u00eate en raison du plus grand nombre de victoires.<\/p>\n<p>Lors des \u00e9liminatoires de promotion, la troisi\u00e8me place rencontre la sixi\u00e8me place et la quatri\u00e8me place rencontre la cinqui\u00e8me place.<\/p>\n<p>Heureusement pour AS, les Francs Borains, qui affrontent aujourd&rsquo;hui leur rival Patro Eisden, ont toujours pour objectif de se maintenir en championnat. \u00c9tant donn\u00e9 que les \u00e9quipes U23 d&rsquo;Anderlecht, Genk et Bruges ne peuvent en principe pas \u00eatre rel\u00e9gu\u00e9es \u00e0 moins que cela ne soit modifi\u00e9 par une d\u00e9cision de justice, trois \u00e9quipes sont menac\u00e9es de rel\u00e9gation dans la premi\u00e8re ligue amateur : le RWDM (36 points &#8211; joue \u00e0 Courtrai), le RFC Seraing (35 points &#8211; contre Beveren) et les Francs Borains (34 points &#8211; au Patro Eisden). Une de ces trois \u00e9quipes accompagnera la derni\u00e8re \u00e9quipe de l&rsquo;Olympique Charleroi en National 1. (cre)<\/p>\n<p><strong>Playoffs de promotion et rel\u00e9gation<\/strong><\/p>\n<p>Demi-finales des s\u00e9ries \u00e9liminatoires de la promotion de la Challenger Pro League (match aller)\u00a0:<br \/>\nJeudi 23 avril (20h30)<\/p>\n<p>Demi-finales Promotion Playoffs Challenger Pro League (match retour)\u00a0:<br \/>\nDimanche 26 avril (19h15)<\/p>\n<p>Finales des \u00e9liminatoires de la promotion Challenger Pro League (match aller)\u00a0:<br \/>\nSamedi 2 mai (20h)<\/p>\n<p>Finales des \u00e9liminatoires de la promotion Challenger Pro League (match retour)\u00a0:<br \/>\nSamedi 9 mai (18h15)<\/p>\n<p>Match de rel\u00e9gation rel\u00e9gation \/ promotion Jupiler Pro League (match aller) :<br \/>\nDimanche 17 mai (16h)<\/p>\n<p>Match de rel\u00e9gation rel\u00e9gation \/ promotion Jupiler Pro League (match retour) :<br \/>\nSamedi 23 mai (18h15)<\/p>\n","protected":false},"excerpt":{"rendered":"<p>Ce vendredi soir, il sera d\u00e9cid\u00e9 si la saison 2025\/2026 sera d\u00e9j\u00e0 termin\u00e9e pour l&rsquo;\u00e9quipe de football de deuxi\u00e8me division de l&rsquo;AS Eupen ou si<\/p>\n","protected":false},"author":1,"featured_media":13479,"comment_status":"","ping_status":"","sticky":false,"template":"","format":"standard","meta":{"footnotes":""},"categories":[298],"tags":[2330,10505,139,2552,5634,2329,2110,497,2877,2353,6554,126],"class_list":["post-13478","post","type-post","status-publish","format-standard","has-post-thumbnail","hentry","category-belgique","tag-aujourdhui","tag-deisden","tag-derniere","tag-doit","tag-esperer","tag-eupen","tag-faux","tag-gagner","tag-journee","tag-las","tag-liege","tag-pas","generate-columns","tablet-grid-50","mobile-grid-100","grid-parent","grid-33"],"yoast_head":"<!-- This site is optimized with the Yoast SEO plugin v24.0 - https:\/\/yoast.com\/wordpress\/plugins\/seo\/ -->\n<title>Derni\u00e8re journ\u00e9e aujourd&#039;hui : l&#039;AS Eupen doit gagner \u00e0 Li\u00e8ge et esp\u00e9rer un faux pas d&#039;Eisden | Vie Associative<\/title>\n<meta name=\"robots\" content=\"index, follow, max-snippet:-1, max-image-preview:large, max-video-preview:-1\" \/>\n<link rel=\"canonical\" href=\"https:\/\/vieassociative.be\/actualites\/derniere-journee-aujourdhui-las-eupen-doit-gagner-a-liege-et-esperer-un-faux-pas-deisden\/\" \/>\n<meta property=\"og:locale\" content=\"fr_FR\" \/>\n<meta property=\"og:type\" content=\"article\" \/>\n<meta property=\"og:title\" content=\"Derni\u00e8re journ\u00e9e aujourd&#039;hui : l&#039;AS Eupen doit gagner \u00e0 Li\u00e8ge et esp\u00e9rer un faux pas d&#039;Eisden | Vie Associative\" \/>\n<meta property=\"og:description\" content=\"Ce vendredi soir, il sera d\u00e9cid\u00e9 si la saison 2025\/2026 sera d\u00e9j\u00e0 termin\u00e9e pour l&rsquo;\u00e9quipe de football de deuxi\u00e8me division de l&rsquo;AS Eupen ou si\" \/>\n<meta property=\"og:url\" content=\"https:\/\/vieassociative.be\/actualites\/derniere-journee-aujourdhui-las-eupen-doit-gagner-a-liege-et-esperer-un-faux-pas-deisden\/\" \/>\n<meta property=\"og:site_name\" content=\"Vie Associative\" \/>\n<meta property=\"article:published_time\" content=\"2026-04-17T15:17:22+00:00\" \/>\n<meta property=\"og:image\" content=\"https:\/\/vieassociative.be\/actualites\/wp-content\/uploads\/2024\/09\/header_backgroundk-01-e1726694325946.png\" \/>\n\t<meta property=\"og:image:width\" content=\"279\" \/>\n\t<meta property=\"og:image:height\" content=\"92\" \/>\n\t<meta property=\"og:image:type\" content=\"image\/png\" \/>\n<meta name=\"author\" content=\"Julien\" \/>\n<meta name=\"twitter:card\" content=\"summary_large_image\" \/>\n<meta name=\"twitter:label1\" content=\"\u00c9crit par\" \/>\n\t<meta name=\"twitter:data1\" content=\"Julien\" \/>\n\t<meta name=\"twitter:label2\" content=\"Dur\u00e9e de lecture est.\" \/>\n\t<meta name=\"twitter:data2\" content=\"2 minutes\" \/>\n<script type=\"application\/ld+json\" class=\"yoast-schema-graph\">{\"@context\":\"https:\/\/schema.org\",\"@graph\":[{\"@type\":\"Article\",\"@id\":\"https:\/\/vieassociative.be\/actualites\/derniere-journee-aujourdhui-las-eupen-doit-gagner-a-liege-et-esperer-un-faux-pas-deisden\/#article\",\"isPartOf\":{\"@id\":\"https:\/\/vieassociative.be\/actualites\/derniere-journee-aujourdhui-las-eupen-doit-gagner-a-liege-et-esperer-un-faux-pas-deisden\/\"},\"author\":{\"name\":\"Julien\",\"@id\":\"https:\/\/vieassociative.be\/actualites\/#\/schema\/person\/b87ac4f82f9d4e7b7cec7395b679edc4\"},\"headline\":\"Derni\u00e8re journ\u00e9e aujourd&rsquo;hui : l&rsquo;AS Eupen doit gagner \u00e0 Li\u00e8ge et esp\u00e9rer un faux pas d&rsquo;Eisden\",\"datePublished\":\"2026-04-17T15:17:22+00:00\",\"dateModified\":\"2026-04-17T15:17:22+00:00\",\"mainEntityOfPage\":{\"@id\":\"https:\/\/vieassociative.be\/actualites\/derniere-journee-aujourdhui-las-eupen-doit-gagner-a-liege-et-esperer-un-faux-pas-deisden\/\"},\"wordCount\":449,\"publisher\":{\"@id\":\"https:\/\/vieassociative.be\/actualites\/#organization\"},\"image\":{\"@id\":\"https:\/\/vieassociative.be\/actualites\/derniere-journee-aujourdhui-las-eupen-doit-gagner-a-liege-et-esperer-un-faux-pas-deisden\/#primaryimage\"},\"thumbnailUrl\":\"https:\/\/vieassociative.be\/actualites\/wp-content\/uploads\/2026\/04\/1776439043_Derniere-journee-aujourdhui-lAS-Eupen-doit-gagner-a-Liege.jpg\",\"keywords\":[\"aujourdhui\",\"dEisden\",\"derni\u00e8re\",\"doit\",\"esp\u00e9rer\",\"Eupen\",\"faux\",\"gagner\",\"journ\u00e9e\",\"lAS\",\"Li\u00e8ge\",\"pas\"],\"articleSection\":[\"Belgique\"],\"inLanguage\":\"fr-BE\"},{\"@type\":\"WebPage\",\"@id\":\"https:\/\/vieassociative.be\/actualites\/derniere-journee-aujourdhui-las-eupen-doit-gagner-a-liege-et-esperer-un-faux-pas-deisden\/\",\"url\":\"https:\/\/vieassociative.be\/actualites\/derniere-journee-aujourdhui-las-eupen-doit-gagner-a-liege-et-esperer-un-faux-pas-deisden\/\",\"name\":\"Derni\u00e8re journ\u00e9e aujourd'hui : l'AS Eupen doit gagner \u00e0 Li\u00e8ge et esp\u00e9rer un faux pas d'Eisden | Vie Associative\",\"isPartOf\":{\"@id\":\"https:\/\/vieassociative.be\/actualites\/#website\"},\"primaryImageOfPage\":{\"@id\":\"https:\/\/vieassociative.be\/actualites\/derniere-journee-aujourdhui-las-eupen-doit-gagner-a-liege-et-esperer-un-faux-pas-deisden\/#primaryimage\"},\"image\":{\"@id\":\"https:\/\/vieassociative.be\/actualites\/derniere-journee-aujourdhui-las-eupen-doit-gagner-a-liege-et-esperer-un-faux-pas-deisden\/#primaryimage\"},\"thumbnailUrl\":\"https:\/\/vieassociative.be\/actualites\/wp-content\/uploads\/2026\/04\/1776439043_Derniere-journee-aujourdhui-lAS-Eupen-doit-gagner-a-Liege.jpg\",\"datePublished\":\"2026-04-17T15:17:22+00:00\",\"dateModified\":\"2026-04-17T15:17:22+00:00\",\"breadcrumb\":{\"@id\":\"https:\/\/vieassociative.be\/actualites\/derniere-journee-aujourdhui-las-eupen-doit-gagner-a-liege-et-esperer-un-faux-pas-deisden\/#breadcrumb\"},\"inLanguage\":\"fr-BE\",\"potentialAction\":[{\"@type\":\"ReadAction\",\"target\":[\"https:\/\/vieassociative.be\/actualites\/derniere-journee-aujourdhui-las-eupen-doit-gagner-a-liege-et-esperer-un-faux-pas-deisden\/\"]}]},{\"@type\":\"ImageObject\",\"inLanguage\":\"fr-BE\",\"@id\":\"https:\/\/vieassociative.be\/actualites\/derniere-journee-aujourdhui-las-eupen-doit-gagner-a-liege-et-esperer-un-faux-pas-deisden\/#primaryimage\",\"url\":\"https:\/\/vieassociative.be\/actualites\/wp-content\/uploads\/2026\/04\/1776439043_Derniere-journee-aujourdhui-lAS-Eupen-doit-gagner-a-Liege.jpg\",\"contentUrl\":\"https:\/\/vieassociative.be\/actualites\/wp-content\/uploads\/2026\/04\/1776439043_Derniere-journee-aujourdhui-lAS-Eupen-doit-gagner-a-Liege.jpg\",\"width\":1200,\"height\":800,\"caption\":\"Derni\u00e8re journ\u00e9e aujourd'hui : l'AS Eupen doit gagner \u00e0 Li\u00e8ge et esp\u00e9rer un faux pas d'Eisden\"},{\"@type\":\"BreadcrumbList\",\"@id\":\"https:\/\/vieassociative.be\/actualites\/derniere-journee-aujourdhui-las-eupen-doit-gagner-a-liege-et-esperer-un-faux-pas-deisden\/#breadcrumb\",\"itemListElement\":[{\"@type\":\"ListItem\",\"position\":1,\"name\":\"Accueil\",\"item\":\"https:\/\/vieassociative.be\/actualites\/\"},{\"@type\":\"ListItem\",\"position\":2,\"name\":\"Derni\u00e8re journ\u00e9e aujourd&rsquo;hui : l&rsquo;AS Eupen doit gagner \u00e0 Li\u00e8ge et esp\u00e9rer un faux pas d&rsquo;Eisden\"}]},{\"@type\":\"WebSite\",\"@id\":\"https:\/\/vieassociative.be\/actualites\/#website\",\"url\":\"https:\/\/vieassociative.be\/actualites\/\",\"name\":\"Vie Associative\",\"description\":\"\",\"publisher\":{\"@id\":\"https:\/\/vieassociative.be\/actualites\/#organization\"},\"potentialAction\":[{\"@type\":\"SearchAction\",\"target\":{\"@type\":\"EntryPoint\",\"urlTemplate\":\"https:\/\/vieassociative.be\/actualites\/?s={search_term_string}\"},\"query-input\":{\"@type\":\"PropertyValueSpecification\",\"valueRequired\":true,\"valueName\":\"search_term_string\"}}],\"inLanguage\":\"fr-BE\"},{\"@type\":\"Organization\",\"@id\":\"https:\/\/vieassociative.be\/actualites\/#organization\",\"name\":\"Vie Associative\",\"url\":\"https:\/\/vieassociative.be\/actualites\/\",\"logo\":{\"@type\":\"ImageObject\",\"inLanguage\":\"fr-BE\",\"@id\":\"https:\/\/vieassociative.be\/actualites\/#\/schema\/logo\/image\/\",\"url\":\"https:\/\/vieassociative.be\/actualites\/wp-content\/uploads\/2024\/09\/cropped-vieassociative_favicon.ico.png\",\"contentUrl\":\"https:\/\/vieassociative.be\/actualites\/wp-content\/uploads\/2024\/09\/cropped-vieassociative_favicon.ico.png\",\"width\":512,\"height\":512,\"caption\":\"Vie Associative\"},\"image\":{\"@id\":\"https:\/\/vieassociative.be\/actualites\/#\/schema\/logo\/image\/\"}},{\"@type\":\"Person\",\"@id\":\"https:\/\/vieassociative.be\/actualites\/#\/schema\/person\/b87ac4f82f9d4e7b7cec7395b679edc4\",\"name\":\"Julien\",\"image\":{\"@type\":\"ImageObject\",\"inLanguage\":\"fr-BE\",\"@id\":\"https:\/\/vieassociative.be\/actualites\/#\/schema\/person\/image\/\",\"url\":\"https:\/\/vieassociative.be\/actualites\/wp-content\/uploads\/2024\/09\/vie-associative-1-150x150.jpg\",\"contentUrl\":\"https:\/\/vieassociative.be\/actualites\/wp-content\/uploads\/2024\/09\/vie-associative-1-150x150.jpg\",\"caption\":\"Julien\"},\"description\":\"Je suis Julien, r\u00e9dacteur pour Vie Associative. Passionn\u00e9 par le monde associatif depuis plus de 10 ans, j'ai \u00e0 c\u0153ur de partager des histoires inspirantes et de mettre en lumi\u00e8re les initiatives locales. Mon objectif est de sensibiliser et d'encourager l'engagement communautaire \u00e0 travers mes articles.\",\"sameAs\":[\"https:\/\/vieassociative.be\/\"]}]}<\/script>\n<!-- \/ Yoast SEO plugin. -->","yoast_head_json":{"title":"Derni\u00e8re journ\u00e9e aujourd'hui : l'AS Eupen doit gagner \u00e0 Li\u00e8ge et esp\u00e9rer un faux pas d'Eisden | Vie Associative","robots":{"index":"index","follow":"follow","max-snippet":"max-snippet:-1","max-image-preview":"max-image-preview:large","max-video-preview":"max-video-preview:-1"},"canonical":"https:\/\/vieassociative.be\/actualites\/derniere-journee-aujourdhui-las-eupen-doit-gagner-a-liege-et-esperer-un-faux-pas-deisden\/","og_locale":"fr_FR","og_type":"article","og_title":"Derni\u00e8re journ\u00e9e aujourd'hui : l'AS Eupen doit gagner \u00e0 Li\u00e8ge et esp\u00e9rer un faux pas d'Eisden | Vie Associative","og_description":"Ce vendredi soir, il sera d\u00e9cid\u00e9 si la saison 2025\/2026 sera d\u00e9j\u00e0 termin\u00e9e pour l&rsquo;\u00e9quipe de football de deuxi\u00e8me division de l&rsquo;AS Eupen ou si","og_url":"https:\/\/vieassociative.be\/actualites\/derniere-journee-aujourdhui-las-eupen-doit-gagner-a-liege-et-esperer-un-faux-pas-deisden\/","og_site_name":"Vie Associative","article_published_time":"2026-04-17T15:17:22+00:00","og_image":[{"width":279,"height":92,"url":"https:\/\/vieassociative.be\/actualites\/wp-content\/uploads\/2024\/09\/header_backgroundk-01-e1726694325946.png","type":"image\/png"}],"author":"Julien","twitter_card":"summary_large_image","twitter_misc":{"\u00c9crit par":"Julien","Dur\u00e9e de lecture est.":"2 minutes"},"schema":{"@context":"https:\/\/schema.org","@graph":[{"@type":"Article","@id":"https:\/\/vieassociative.be\/actualites\/derniere-journee-aujourdhui-las-eupen-doit-gagner-a-liege-et-esperer-un-faux-pas-deisden\/#article","isPartOf":{"@id":"https:\/\/vieassociative.be\/actualites\/derniere-journee-aujourdhui-las-eupen-doit-gagner-a-liege-et-esperer-un-faux-pas-deisden\/"},"author":{"name":"Julien","@id":"https:\/\/vieassociative.be\/actualites\/#\/schema\/person\/b87ac4f82f9d4e7b7cec7395b679edc4"},"headline":"Derni\u00e8re journ\u00e9e aujourd&rsquo;hui : l&rsquo;AS Eupen doit gagner \u00e0 Li\u00e8ge et esp\u00e9rer un faux pas d&rsquo;Eisden","datePublished":"2026-04-17T15:17:22+00:00","dateModified":"2026-04-17T15:17:22+00:00","mainEntityOfPage":{"@id":"https:\/\/vieassociative.be\/actualites\/derniere-journee-aujourdhui-las-eupen-doit-gagner-a-liege-et-esperer-un-faux-pas-deisden\/"},"wordCount":449,"publisher":{"@id":"https:\/\/vieassociative.be\/actualites\/#organization"},"image":{"@id":"https:\/\/vieassociative.be\/actualites\/derniere-journee-aujourdhui-las-eupen-doit-gagner-a-liege-et-esperer-un-faux-pas-deisden\/#primaryimage"},"thumbnailUrl":"https:\/\/vieassociative.be\/actualites\/wp-content\/uploads\/2026\/04\/1776439043_Derniere-journee-aujourdhui-lAS-Eupen-doit-gagner-a-Liege.jpg","keywords":["aujourdhui","dEisden","derni\u00e8re","doit","esp\u00e9rer","Eupen","faux","gagner","journ\u00e9e","lAS","Li\u00e8ge","pas"],"articleSection":["Belgique"],"inLanguage":"fr-BE"},{"@type":"WebPage","@id":"https:\/\/vieassociative.be\/actualites\/derniere-journee-aujourdhui-las-eupen-doit-gagner-a-liege-et-esperer-un-faux-pas-deisden\/","url":"https:\/\/vieassociative.be\/actualites\/derniere-journee-aujourdhui-las-eupen-doit-gagner-a-liege-et-esperer-un-faux-pas-deisden\/","name":"Derni\u00e8re journ\u00e9e aujourd'hui : l'AS Eupen doit gagner \u00e0 Li\u00e8ge et esp\u00e9rer un faux pas d'Eisden | Vie Associative","isPartOf":{"@id":"https:\/\/vieassociative.be\/actualites\/#website"},"primaryImageOfPage":{"@id":"https:\/\/vieassociative.be\/actualites\/derniere-journee-aujourdhui-las-eupen-doit-gagner-a-liege-et-esperer-un-faux-pas-deisden\/#primaryimage"},"image":{"@id":"https:\/\/vieassociative.be\/actualites\/derniere-journee-aujourdhui-las-eupen-doit-gagner-a-liege-et-esperer-un-faux-pas-deisden\/#primaryimage"},"thumbnailUrl":"https:\/\/vieassociative.be\/actualites\/wp-content\/uploads\/2026\/04\/1776439043_Derniere-journee-aujourdhui-lAS-Eupen-doit-gagner-a-Liege.jpg","datePublished":"2026-04-17T15:17:22+00:00","dateModified":"2026-04-17T15:17:22+00:00","breadcrumb":{"@id":"https:\/\/vieassociative.be\/actualites\/derniere-journee-aujourdhui-las-eupen-doit-gagner-a-liege-et-esperer-un-faux-pas-deisden\/#breadcrumb"},"inLanguage":"fr-BE","potentialAction":[{"@type":"ReadAction","target":["https:\/\/vieassociative.be\/actualites\/derniere-journee-aujourdhui-las-eupen-doit-gagner-a-liege-et-esperer-un-faux-pas-deisden\/"]}]},{"@type":"ImageObject","inLanguage":"fr-BE","@id":"https:\/\/vieassociative.be\/actualites\/derniere-journee-aujourdhui-las-eupen-doit-gagner-a-liege-et-esperer-un-faux-pas-deisden\/#primaryimage","url":"https:\/\/vieassociative.be\/actualites\/wp-content\/uploads\/2026\/04\/1776439043_Derniere-journee-aujourdhui-lAS-Eupen-doit-gagner-a-Liege.jpg","contentUrl":"https:\/\/vieassociative.be\/actualites\/wp-content\/uploads\/2026\/04\/1776439043_Derniere-journee-aujourdhui-lAS-Eupen-doit-gagner-a-Liege.jpg","width":1200,"height":800,"caption":"Derni\u00e8re journ\u00e9e aujourd'hui : l'AS Eupen doit gagner \u00e0 Li\u00e8ge et esp\u00e9rer un faux pas d'Eisden"},{"@type":"BreadcrumbList","@id":"https:\/\/vieassociative.be\/actualites\/derniere-journee-aujourdhui-las-eupen-doit-gagner-a-liege-et-esperer-un-faux-pas-deisden\/#breadcrumb","itemListElement":[{"@type":"ListItem","position":1,"name":"Accueil","item":"https:\/\/vieassociative.be\/actualites\/"},{"@type":"ListItem","position":2,"name":"Derni\u00e8re journ\u00e9e aujourd&rsquo;hui : l&rsquo;AS Eupen doit gagner \u00e0 Li\u00e8ge et esp\u00e9rer un faux pas d&rsquo;Eisden"}]},{"@type":"WebSite","@id":"https:\/\/vieassociative.be\/actualites\/#website","url":"https:\/\/vieassociative.be\/actualites\/","name":"Vie Associative","description":"","publisher":{"@id":"https:\/\/vieassociative.be\/actualites\/#organization"},"potentialAction":[{"@type":"SearchAction","target":{"@type":"EntryPoint","urlTemplate":"https:\/\/vieassociative.be\/actualites\/?s={search_term_string}"},"query-input":{"@type":"PropertyValueSpecification","valueRequired":true,"valueName":"search_term_string"}}],"inLanguage":"fr-BE"},{"@type":"Organization","@id":"https:\/\/vieassociative.be\/actualites\/#organization","name":"Vie Associative","url":"https:\/\/vieassociative.be\/actualites\/","logo":{"@type":"ImageObject","inLanguage":"fr-BE","@id":"https:\/\/vieassociative.be\/actualites\/#\/schema\/logo\/image\/","url":"https:\/\/vieassociative.be\/actualites\/wp-content\/uploads\/2024\/09\/cropped-vieassociative_favicon.ico.png","contentUrl":"https:\/\/vieassociative.be\/actualites\/wp-content\/uploads\/2024\/09\/cropped-vieassociative_favicon.ico.png","width":512,"height":512,"caption":"Vie Associative"},"image":{"@id":"https:\/\/vieassociative.be\/actualites\/#\/schema\/logo\/image\/"}},{"@type":"Person","@id":"https:\/\/vieassociative.be\/actualites\/#\/schema\/person\/b87ac4f82f9d4e7b7cec7395b679edc4","name":"Julien","image":{"@type":"ImageObject","inLanguage":"fr-BE","@id":"https:\/\/vieassociative.be\/actualites\/#\/schema\/person\/image\/","url":"https:\/\/vieassociative.be\/actualites\/wp-content\/uploads\/2024\/09\/vie-associative-1-150x150.jpg","contentUrl":"https:\/\/vieassociative.be\/actualites\/wp-content\/uploads\/2024\/09\/vie-associative-1-150x150.jpg","caption":"Julien"},"description":"Je suis Julien, r\u00e9dacteur pour Vie Associative. Passionn\u00e9 par le monde associatif depuis plus de 10 ans, j'ai \u00e0 c\u0153ur de partager des histoires inspirantes et de mettre en lumi\u00e8re les initiatives locales. Mon objectif est de sensibiliser et d'encourager l'engagement communautaire \u00e0 travers mes articles.","sameAs":["https:\/\/vieassociative.be\/"]}]}},"_links":{"self":[{"href":"https:\/\/vieassociative.be\/actualites\/wp-json\/wp\/v2\/posts\/13478"}],"collection":[{"href":"https:\/\/vieassociative.be\/actualites\/wp-json\/wp\/v2\/posts"}],"about":[{"href":"https:\/\/vieassociative.be\/actualites\/wp-json\/wp\/v2\/types\/post"}],"author":[{"embeddable":true,"href":"https:\/\/vieassociative.be\/actualites\/wp-json\/wp\/v2\/users\/1"}],"replies":[{"embeddable":true,"href":"https:\/\/vieassociative.be\/actualites\/wp-json\/wp\/v2\/comments?post=13478"}],"version-history":[{"count":0,"href":"https:\/\/vieassociative.be\/actualites\/wp-json\/wp\/v2\/posts\/13478\/revisions"}],"wp:featuredmedia":[{"embeddable":true,"href":"https:\/\/vieassociative.be\/actualites\/wp-json\/wp\/v2\/media\/13479"}],"wp:attachment":[{"href":"https:\/\/vieassociative.be\/actualites\/wp-json\/wp\/v2\/media?parent=13478"}],"wp:term":[{"taxonomy":"category","embeddable":true,"href":"https:\/\/vieassociative.be\/actualites\/wp-json\/wp\/v2\/categories?post=13478"},{"taxonomy":"post_tag","embeddable":true,"href":"https:\/\/vieassociative.be\/actualites\/wp-json\/wp\/v2\/tags?post=13478"}],"curies":[{"name":"wp","href":"https:\/\/api.w.org\/{rel}","templated":true}]}}