{"id":13477,"date":"2026-04-17T16:18:03","date_gmt":"2026-04-17T14:18:03","guid":{"rendered":"https:\/\/vieassociative.be\/actualites\/cette-vente-flash-offre-un-abonnement-dun-an-a-bj-avec-des-reductions-sur-lessence-pour-seulement-15-des-maintenant\/"},"modified":"2026-04-17T16:18:03","modified_gmt":"2026-04-17T14:18:03","slug":"cette-vente-flash-offre-un-abonnement-dun-an-a-bj-avec-des-reductions-sur-lessence-pour-seulement-15-des-maintenant","status":"publish","type":"post","link":"https:\/\/vieassociative.be\/actualites\/cette-vente-flash-offre-un-abonnement-dun-an-a-bj-avec-des-reductions-sur-lessence-pour-seulement-15-des-maintenant\/","title":{"rendered":"Cette vente flash offre un abonnement d&rsquo;un an \u00e0 BJ avec des r\u00e9ductions sur l&rsquo;essence pour seulement 15\u00a0$ d\u00e8s maintenant"},"content":{"rendered":"<p>Nous pouvons gagner une commission sur les liens sur cette page. Les prix et la disponibilit\u00e9 de l&rsquo;offre sont sujets \u00e0 changement apr\u00e8s la publication.<\/p>\n<p>Le BJ&rsquo;s Wholesale Club ne se limite pas aux bouteilles de ketchup surdimensionn\u00e9es et aux paquets de papier toilette de 40 rouleaux, m\u00eame si vous les trouverez certainement aussi. Si vous envisagez de rejoindre un club de vente en gros, un abonnement d&rsquo;un an \u00e0 la carte de club avec BJ&rsquo;s Easy Renewal est actuellement en vente pour seulement 15 $ chez StackSocial au lieu des 60 $ habituels. Il n&rsquo;est disponible que pour les nouveaux membres et vous recevrez un code d&rsquo;\u00e9change pour activer l&rsquo;adh\u00e9sion directement via le site officiel de BJ. C&rsquo;est id\u00e9al si vous avez une grande famille, si vous r\u00eavez d&rsquo;un garde-manger bien garni ou si vous aimez simplement \u00e9conomiser sur l&rsquo;\u00e9picerie, l&rsquo;essence et les produits de premi\u00e8re n\u00e9cessit\u00e9.<\/p>\n<p>La valeur appara\u00eet assez rapidement, en particulier sur l&rsquo;essence : les clients b\u00e9n\u00e9ficient d&rsquo;une r\u00e9duction quotidienne de cinq cents par gallon, et ils b\u00e9n\u00e9ficient d&rsquo;une r\u00e9duction suppl\u00e9mentaire de 15 cents jusqu&rsquo;en avril, soit un total de 20 cents par gallon. BJ&rsquo;s revendique \u00e9galement jusqu&rsquo;\u00e0 25 % d&rsquo;\u00e9conomies par rapport aux \u00e9piceries ordinaires et couvre un large \u00e9ventail : produits, viande, charcuterie et produits de nettoyage, ainsi que technologie, jouets, v\u00eatements et m\u00eame meubles. Leurs avantages en mati\u00e8re de carburant pourraient cependant \u00eatre le v\u00e9ritable h\u00e9ros m\u00e9connu. Faites le plein chez BJ&rsquo;s Gas et vous pourrez b\u00e9n\u00e9ficier de r\u00e9ductions suppl\u00e9mentaires gr\u00e2ce au programme Fuel Saver, qui vous r\u00e9compense pour l&rsquo;achat d&rsquo;articles sp\u00e9cifiques en magasin. Et, si vous d\u00e9testez vous promener dans les all\u00e9es, l&rsquo;application propose un retrait en bordure de rue ou une livraison le jour m\u00eame dans certaines zones, et vous pouvez d\u00e9couper des coupons num\u00e9riques qui s&rsquo;appliquent automatiquement \u00e0 la caisse. Ce n&rsquo;est pas tape-\u00e0-l&rsquo;\u0153il, mais c&rsquo;est efficace.<\/p>\n<p>Le seul probl\u00e8me\u00a0: vous \u00eates automatiquement inscrit au programme Easy Renewal de BJ, ce qui signifie que le plein tarif vous sera factur\u00e9 \u00e0 la fin de votre abonnement \u00e0 prix r\u00e9duit. Vous pouvez annuler avant que cela n&rsquo;arrive, mais vous devrez garder une trace de la date de renouvellement ou d\u00e9finir un rappel pour ne pas l&rsquo;oublier. De plus, cette offre n&rsquo;est disponible que pour les nouveaux inscrits\u00a0; cela ne s&rsquo;applique pas aux membres existants ou r\u00e9cemment anciens. <\/p>\n<p>Si vous n&rsquo;avez jamais \u00e9t\u00e9 membre de BJ et que vous souhaitez tester le terrain sans payer le prix fort, cette offre vous offre un engagement assez faible. Et pour seulement 15 $, les \u00e9conomies pourraient couvrir cela en seulement une ou deux courses d&rsquo;\u00e9picerie.<\/p>\n<div class=\" relative flex justify-center py-16 md:left-1\/2 md:w-(780px) md:max-w-max md:-translate-x-1\/2\">\n<div class=\"w-max text-center sm:text-left\">\n<div class=\"custom-gradient-background mb-6 rounded-md p-(2px) sm:rounded-tl-none\">\n<div class=\"flex flex-col rounded bg-white sm:rounded-tl-none\">\n                    <span class=\"-mt-4 block w-fit max-w-(calc(100%-1rem)) self-center bg-white px-3 text-center font-akshar text-xl font-medium capitalize text-gray-800 sm:max-w-(calc(100%-2.5rem)) sm:self-start sm:px-10 sm:text-left sm:text-2xl\">Nos meilleures offres du Cyber \u200b\u200b\u200b\u200bMonday approuv\u00e9es par les \u00e9diteurs en ce moment<\/span><\/p>\n<div class=\"flex flex-col gap-3 p-3 pb-4 text-sm sm:p-10 sm:pt-6 sm:text-justify sm:text-base\">\n<div>\n<p>    \u00c9couteurs sans fil Apple AirPods Pro 3 \u00e0 r\u00e9duction de bruit et fr\u00e9quence cardiaque<\/p>\n<p>                                <span class=\"text-black\"><br \/>\n                                    \u2014<br \/>\n                                    <span class=\"font-bold\">199,99\u00a0$<\/span><br \/>\n                                    <span class=\"!text-xs italic sm:!text-sm\"><\/p>\n<p>                                        (Prix catalogue 249,00 $)<br \/>\n                                    <\/span><br \/>\n                                <\/span>\n                            <\/div>\n<div>\n<p>    Apple iPad 11&Prime; 128 Go A16 WiFi Tablette (Bleu, 2025)<\/p>\n<p>                                <span class=\"text-black\"><br \/>\n                                    \u2014<br \/>\n                                    <span class=\"font-bold\">299,00\u00a0$<\/span><br \/>\n                                    <span class=\"!text-xs italic sm:!text-sm\"><\/p>\n<p>                                        (Prix catalogue 349,00 $)<br \/>\n                                    <\/span><br \/>\n                                <\/span>\n                            <\/div>\n<div>\n<p>    Sony WH-1000XM5<\/p>\n<p>                                <span class=\"text-black\"><br \/>\n                                    \u2014<br \/>\n                                    <span class=\"font-bold\">248,00\u00a0$<\/span><br \/>\n                                    <span class=\"!text-xs italic sm:!text-sm\"><\/p>\n<p>                                        (Prix catalogue 399,99\u00a0$)<br \/>\n                                    <\/span><br \/>\n                                <\/span>\n                            <\/div>\n<div>\n<p>    Tablette Wi-Fi Samsung Galaxy Tab A9+ 10,9 po 64 Go (graphite)<\/p>\n<p>                                <span class=\"text-black\"><br \/>\n                                    \u2014<br \/>\n                                    <span class=\"font-bold\">159,99\u00a0$<\/span><br \/>\n                                    <span class=\"!text-xs italic sm:!text-sm\"><\/p>\n<p>                                        (Prix catalogue 219,99 $)<br \/>\n                                    <\/span><br \/>\n                                <\/span>\n                            <\/div>\n<div>\n<p>    Montre intelligente Apple Watch Series 11 (GPS 46 mm) avec bo\u00eetier en aluminium noir de jais et bracelet sport noir &#8211; M\/L. Score de sommeil, tracker d&rsquo;activit\u00e9, surveillance de la sant\u00e9, affichage permanent, r\u00e9sistant \u00e0 l&rsquo;eau<\/p>\n<p>                                <span class=\"text-black\"><br \/>\n                                    \u2014<br \/>\n                                    <span class=\"font-bold\">329,00\u00a0$<\/span><br \/>\n                                    <span class=\"!text-xs italic sm:!text-sm\"><\/p>\n<p>                                        (Prix catalogue 429,00 $)<br \/>\n                                    <\/span><br \/>\n                                <\/span>\n                            <\/div>\n<div>\n<p>    Kit de 3 cam\u00e9ras Blink Outdoor 4 1080p avec module de synchronisation<\/p>\n<p>                                <span class=\"text-black\"><br \/>\n                                    \u2014<br \/>\n                                    <span class=\"font-bold\">189,99\u00a0$<\/span><br \/>\n                                    <span class=\"!text-xs italic sm:!text-sm\"><\/p>\n<p>                                        (Prix catalogue 189,99 $)<br \/>\n                                    <\/span><br \/>\n                                <\/span>\n                            <\/div>\n<div>\n<p>    Cl\u00e9 Amazon Fire TV 4K Plus<\/p>\n<p>                                <span class=\"text-black\"><br \/>\n                                    \u2014<br \/>\n                                    <span class=\"font-bold\">49,99\u00a0$<\/span><br \/>\n                                    <span class=\"!text-xs italic sm:!text-sm\"><\/p>\n<p>                                        (Prix catalogue 49,99 $)<br \/>\n                                    <\/span><br \/>\n                                <\/span>\n                            <\/div>\n<\/p><\/div>\n<\/p><\/div>\n<\/p><\/div>\n<div class=\"flex flex-col items-center justify-between text-black sm:flex-row sm:px-6\">\n                <span class=\"text-xs italic sm:ml-7 sm:text-sm\">Les offres sont s\u00e9lectionn\u00e9es par notre \u00e9quipe commerciale<\/span><\/p><\/div>\n<\/p><\/div>\n<\/p><\/div>\n","protected":false},"excerpt":{"rendered":"<p>Nous pouvons gagner une commission sur les liens sur cette page. Les prix et la disponibilit\u00e9 de l&rsquo;offre sont sujets \u00e0 changement apr\u00e8s la publication.<\/p>\n","protected":false},"author":1,"featured_media":12981,"comment_status":"","ping_status":"","sticky":false,"template":"","format":"standard","meta":{"footnotes":""},"categories":[1],"tags":[228,61,206,29,354,9579,10504,233,50,81,9420,2583,33,223],"class_list":["post-13477","post","type-post","status-publish","format-standard","has-post-thumbnail","hentry","category-non-classe","tag-abonnement","tag-avec","tag-cette","tag-des","tag-dun","tag-flash","tag-lessence","tag-maintenant","tag-offre","tag-pour","tag-reductions","tag-seulement","tag-sur","tag-vente","generate-columns","tablet-grid-50","mobile-grid-100","grid-parent","grid-33"],"yoast_head":"<!-- This site is optimized with the Yoast SEO plugin v24.0 - https:\/\/yoast.com\/wordpress\/plugins\/seo\/ -->\n<title>Cette vente flash offre un abonnement d&#039;un an \u00e0 BJ avec des r\u00e9ductions sur l&#039;essence pour seulement 15\u00a0$ d\u00e8s maintenant | Vie Associative<\/title>\n<meta name=\"robots\" content=\"index, follow, max-snippet:-1, max-image-preview:large, max-video-preview:-1\" \/>\n<link rel=\"canonical\" href=\"https:\/\/vieassociative.be\/actualites\/cette-vente-flash-offre-un-abonnement-dun-an-a-bj-avec-des-reductions-sur-lessence-pour-seulement-15-des-maintenant\/\" \/>\n<meta property=\"og:locale\" content=\"fr_FR\" \/>\n<meta property=\"og:type\" content=\"article\" \/>\n<meta property=\"og:title\" content=\"Cette vente flash offre un abonnement d&#039;un an \u00e0 BJ avec des r\u00e9ductions sur l&#039;essence pour seulement 15\u00a0$ d\u00e8s maintenant | Vie Associative\" \/>\n<meta property=\"og:description\" content=\"Nous pouvons gagner une commission sur les liens sur cette page. Les prix et la disponibilit\u00e9 de l&rsquo;offre sont sujets \u00e0 changement apr\u00e8s la publication.\" \/>\n<meta property=\"og:url\" content=\"https:\/\/vieassociative.be\/actualites\/cette-vente-flash-offre-un-abonnement-dun-an-a-bj-avec-des-reductions-sur-lessence-pour-seulement-15-des-maintenant\/\" \/>\n<meta property=\"og:site_name\" content=\"Vie Associative\" \/>\n<meta property=\"article:published_time\" content=\"2026-04-17T14:18:03+00:00\" \/>\n<meta property=\"og:image\" content=\"https:\/\/vieassociative.be\/actualites\/wp-content\/uploads\/2024\/09\/header_backgroundk-01-e1726694325946.png\" \/>\n\t<meta property=\"og:image:width\" content=\"279\" \/>\n\t<meta property=\"og:image:height\" content=\"92\" \/>\n\t<meta property=\"og:image:type\" content=\"image\/png\" \/>\n<meta name=\"author\" content=\"Julien\" \/>\n<meta name=\"twitter:card\" content=\"summary_large_image\" \/>\n<meta name=\"twitter:label1\" content=\"\u00c9crit par\" \/>\n\t<meta name=\"twitter:data1\" content=\"Julien\" \/>\n\t<meta name=\"twitter:label2\" content=\"Dur\u00e9e de lecture est.\" \/>\n\t<meta name=\"twitter:data2\" content=\"3 minutes\" \/>\n<script type=\"application\/ld+json\" class=\"yoast-schema-graph\">{\"@context\":\"https:\/\/schema.org\",\"@graph\":[{\"@type\":\"Article\",\"@id\":\"https:\/\/vieassociative.be\/actualites\/cette-vente-flash-offre-un-abonnement-dun-an-a-bj-avec-des-reductions-sur-lessence-pour-seulement-15-des-maintenant\/#article\",\"isPartOf\":{\"@id\":\"https:\/\/vieassociative.be\/actualites\/cette-vente-flash-offre-un-abonnement-dun-an-a-bj-avec-des-reductions-sur-lessence-pour-seulement-15-des-maintenant\/\"},\"author\":{\"name\":\"Julien\",\"@id\":\"https:\/\/vieassociative.be\/actualites\/#\/schema\/person\/b87ac4f82f9d4e7b7cec7395b679edc4\"},\"headline\":\"Cette vente flash offre un abonnement d&rsquo;un an \u00e0 BJ avec des r\u00e9ductions sur l&rsquo;essence pour seulement 15\u00a0$ d\u00e8s maintenant\",\"datePublished\":\"2026-04-17T14:18:03+00:00\",\"dateModified\":\"2026-04-17T14:18:03+00:00\",\"mainEntityOfPage\":{\"@id\":\"https:\/\/vieassociative.be\/actualites\/cette-vente-flash-offre-un-abonnement-dun-an-a-bj-avec-des-reductions-sur-lessence-pour-seulement-15-des-maintenant\/\"},\"wordCount\":631,\"publisher\":{\"@id\":\"https:\/\/vieassociative.be\/actualites\/#organization\"},\"image\":{\"@id\":\"https:\/\/vieassociative.be\/actualites\/cette-vente-flash-offre-un-abonnement-dun-an-a-bj-avec-des-reductions-sur-lessence-pour-seulement-15-des-maintenant\/#primaryimage\"},\"thumbnailUrl\":\"https:\/\/vieassociative.be\/actualites\/wp-content\/uploads\/2026\/03\/Vous-pouvez-des-maintenant-obtenir-un-abonnement-dun-an-a.jpg\",\"keywords\":[\"abonnement\",\"avec\",\"cette\",\"Des\",\"dun\",\"Flash\",\"lessence\",\"maintenant\",\"offre\",\"pour\",\"r\u00e9ductions\",\"seulement\",\"sur\",\"vente\"],\"inLanguage\":\"fr-BE\"},{\"@type\":\"WebPage\",\"@id\":\"https:\/\/vieassociative.be\/actualites\/cette-vente-flash-offre-un-abonnement-dun-an-a-bj-avec-des-reductions-sur-lessence-pour-seulement-15-des-maintenant\/\",\"url\":\"https:\/\/vieassociative.be\/actualites\/cette-vente-flash-offre-un-abonnement-dun-an-a-bj-avec-des-reductions-sur-lessence-pour-seulement-15-des-maintenant\/\",\"name\":\"Cette vente flash offre un abonnement d'un an \u00e0 BJ avec des r\u00e9ductions sur l'essence pour seulement 15\u00a0$ d\u00e8s maintenant | Vie Associative\",\"isPartOf\":{\"@id\":\"https:\/\/vieassociative.be\/actualites\/#website\"},\"primaryImageOfPage\":{\"@id\":\"https:\/\/vieassociative.be\/actualites\/cette-vente-flash-offre-un-abonnement-dun-an-a-bj-avec-des-reductions-sur-lessence-pour-seulement-15-des-maintenant\/#primaryimage\"},\"image\":{\"@id\":\"https:\/\/vieassociative.be\/actualites\/cette-vente-flash-offre-un-abonnement-dun-an-a-bj-avec-des-reductions-sur-lessence-pour-seulement-15-des-maintenant\/#primaryimage\"},\"thumbnailUrl\":\"https:\/\/vieassociative.be\/actualites\/wp-content\/uploads\/2026\/03\/Vous-pouvez-des-maintenant-obtenir-un-abonnement-dun-an-a.jpg\",\"datePublished\":\"2026-04-17T14:18:03+00:00\",\"dateModified\":\"2026-04-17T14:18:03+00:00\",\"breadcrumb\":{\"@id\":\"https:\/\/vieassociative.be\/actualites\/cette-vente-flash-offre-un-abonnement-dun-an-a-bj-avec-des-reductions-sur-lessence-pour-seulement-15-des-maintenant\/#breadcrumb\"},\"inLanguage\":\"fr-BE\",\"potentialAction\":[{\"@type\":\"ReadAction\",\"target\":[\"https:\/\/vieassociative.be\/actualites\/cette-vente-flash-offre-un-abonnement-dun-an-a-bj-avec-des-reductions-sur-lessence-pour-seulement-15-des-maintenant\/\"]}]},{\"@type\":\"ImageObject\",\"inLanguage\":\"fr-BE\",\"@id\":\"https:\/\/vieassociative.be\/actualites\/cette-vente-flash-offre-un-abonnement-dun-an-a-bj-avec-des-reductions-sur-lessence-pour-seulement-15-des-maintenant\/#primaryimage\",\"url\":\"https:\/\/vieassociative.be\/actualites\/wp-content\/uploads\/2026\/03\/Vous-pouvez-des-maintenant-obtenir-un-abonnement-dun-an-a.jpg\",\"contentUrl\":\"https:\/\/vieassociative.be\/actualites\/wp-content\/uploads\/2026\/03\/Vous-pouvez-des-maintenant-obtenir-un-abonnement-dun-an-a.jpg\",\"width\":1200,\"height\":675,\"caption\":\"Vous pouvez d\u00e8s maintenant obtenir un abonnement d'un an \u00e0 BJ pour seulement 20\u00a0$\"},{\"@type\":\"BreadcrumbList\",\"@id\":\"https:\/\/vieassociative.be\/actualites\/cette-vente-flash-offre-un-abonnement-dun-an-a-bj-avec-des-reductions-sur-lessence-pour-seulement-15-des-maintenant\/#breadcrumb\",\"itemListElement\":[{\"@type\":\"ListItem\",\"position\":1,\"name\":\"Accueil\",\"item\":\"https:\/\/vieassociative.be\/actualites\/\"},{\"@type\":\"ListItem\",\"position\":2,\"name\":\"Cette vente flash offre un abonnement d&rsquo;un an \u00e0 BJ avec des r\u00e9ductions sur l&rsquo;essence pour seulement 15\u00a0$ d\u00e8s maintenant\"}]},{\"@type\":\"WebSite\",\"@id\":\"https:\/\/vieassociative.be\/actualites\/#website\",\"url\":\"https:\/\/vieassociative.be\/actualites\/\",\"name\":\"Vie Associative\",\"description\":\"\",\"publisher\":{\"@id\":\"https:\/\/vieassociative.be\/actualites\/#organization\"},\"potentialAction\":[{\"@type\":\"SearchAction\",\"target\":{\"@type\":\"EntryPoint\",\"urlTemplate\":\"https:\/\/vieassociative.be\/actualites\/?s={search_term_string}\"},\"query-input\":{\"@type\":\"PropertyValueSpecification\",\"valueRequired\":true,\"valueName\":\"search_term_string\"}}],\"inLanguage\":\"fr-BE\"},{\"@type\":\"Organization\",\"@id\":\"https:\/\/vieassociative.be\/actualites\/#organization\",\"name\":\"Vie Associative\",\"url\":\"https:\/\/vieassociative.be\/actualites\/\",\"logo\":{\"@type\":\"ImageObject\",\"inLanguage\":\"fr-BE\",\"@id\":\"https:\/\/vieassociative.be\/actualites\/#\/schema\/logo\/image\/\",\"url\":\"https:\/\/vieassociative.be\/actualites\/wp-content\/uploads\/2024\/09\/cropped-vieassociative_favicon.ico.png\",\"contentUrl\":\"https:\/\/vieassociative.be\/actualites\/wp-content\/uploads\/2024\/09\/cropped-vieassociative_favicon.ico.png\",\"width\":512,\"height\":512,\"caption\":\"Vie Associative\"},\"image\":{\"@id\":\"https:\/\/vieassociative.be\/actualites\/#\/schema\/logo\/image\/\"}},{\"@type\":\"Person\",\"@id\":\"https:\/\/vieassociative.be\/actualites\/#\/schema\/person\/b87ac4f82f9d4e7b7cec7395b679edc4\",\"name\":\"Julien\",\"image\":{\"@type\":\"ImageObject\",\"inLanguage\":\"fr-BE\",\"@id\":\"https:\/\/vieassociative.be\/actualites\/#\/schema\/person\/image\/\",\"url\":\"https:\/\/vieassociative.be\/actualites\/wp-content\/uploads\/2024\/09\/vie-associative-1-150x150.jpg\",\"contentUrl\":\"https:\/\/vieassociative.be\/actualites\/wp-content\/uploads\/2024\/09\/vie-associative-1-150x150.jpg\",\"caption\":\"Julien\"},\"description\":\"Je suis Julien, r\u00e9dacteur pour Vie Associative. Passionn\u00e9 par le monde associatif depuis plus de 10 ans, j'ai \u00e0 c\u0153ur de partager des histoires inspirantes et de mettre en lumi\u00e8re les initiatives locales. Mon objectif est de sensibiliser et d'encourager l'engagement communautaire \u00e0 travers mes articles.\",\"sameAs\":[\"https:\/\/vieassociative.be\/\"]}]}<\/script>\n<!-- \/ Yoast SEO plugin. -->","yoast_head_json":{"title":"Cette vente flash offre un abonnement d'un an \u00e0 BJ avec des r\u00e9ductions sur l'essence pour seulement 15\u00a0$ d\u00e8s maintenant | Vie Associative","robots":{"index":"index","follow":"follow","max-snippet":"max-snippet:-1","max-image-preview":"max-image-preview:large","max-video-preview":"max-video-preview:-1"},"canonical":"https:\/\/vieassociative.be\/actualites\/cette-vente-flash-offre-un-abonnement-dun-an-a-bj-avec-des-reductions-sur-lessence-pour-seulement-15-des-maintenant\/","og_locale":"fr_FR","og_type":"article","og_title":"Cette vente flash offre un abonnement d'un an \u00e0 BJ avec des r\u00e9ductions sur l'essence pour seulement 15\u00a0$ d\u00e8s maintenant | Vie Associative","og_description":"Nous pouvons gagner une commission sur les liens sur cette page. Les prix et la disponibilit\u00e9 de l&rsquo;offre sont sujets \u00e0 changement apr\u00e8s la publication.","og_url":"https:\/\/vieassociative.be\/actualites\/cette-vente-flash-offre-un-abonnement-dun-an-a-bj-avec-des-reductions-sur-lessence-pour-seulement-15-des-maintenant\/","og_site_name":"Vie Associative","article_published_time":"2026-04-17T14:18:03+00:00","og_image":[{"width":279,"height":92,"url":"https:\/\/vieassociative.be\/actualites\/wp-content\/uploads\/2024\/09\/header_backgroundk-01-e1726694325946.png","type":"image\/png"}],"author":"Julien","twitter_card":"summary_large_image","twitter_misc":{"\u00c9crit par":"Julien","Dur\u00e9e de lecture est.":"3 minutes"},"schema":{"@context":"https:\/\/schema.org","@graph":[{"@type":"Article","@id":"https:\/\/vieassociative.be\/actualites\/cette-vente-flash-offre-un-abonnement-dun-an-a-bj-avec-des-reductions-sur-lessence-pour-seulement-15-des-maintenant\/#article","isPartOf":{"@id":"https:\/\/vieassociative.be\/actualites\/cette-vente-flash-offre-un-abonnement-dun-an-a-bj-avec-des-reductions-sur-lessence-pour-seulement-15-des-maintenant\/"},"author":{"name":"Julien","@id":"https:\/\/vieassociative.be\/actualites\/#\/schema\/person\/b87ac4f82f9d4e7b7cec7395b679edc4"},"headline":"Cette vente flash offre un abonnement d&rsquo;un an \u00e0 BJ avec des r\u00e9ductions sur l&rsquo;essence pour seulement 15\u00a0$ d\u00e8s maintenant","datePublished":"2026-04-17T14:18:03+00:00","dateModified":"2026-04-17T14:18:03+00:00","mainEntityOfPage":{"@id":"https:\/\/vieassociative.be\/actualites\/cette-vente-flash-offre-un-abonnement-dun-an-a-bj-avec-des-reductions-sur-lessence-pour-seulement-15-des-maintenant\/"},"wordCount":631,"publisher":{"@id":"https:\/\/vieassociative.be\/actualites\/#organization"},"image":{"@id":"https:\/\/vieassociative.be\/actualites\/cette-vente-flash-offre-un-abonnement-dun-an-a-bj-avec-des-reductions-sur-lessence-pour-seulement-15-des-maintenant\/#primaryimage"},"thumbnailUrl":"https:\/\/vieassociative.be\/actualites\/wp-content\/uploads\/2026\/03\/Vous-pouvez-des-maintenant-obtenir-un-abonnement-dun-an-a.jpg","keywords":["abonnement","avec","cette","Des","dun","Flash","lessence","maintenant","offre","pour","r\u00e9ductions","seulement","sur","vente"],"inLanguage":"fr-BE"},{"@type":"WebPage","@id":"https:\/\/vieassociative.be\/actualites\/cette-vente-flash-offre-un-abonnement-dun-an-a-bj-avec-des-reductions-sur-lessence-pour-seulement-15-des-maintenant\/","url":"https:\/\/vieassociative.be\/actualites\/cette-vente-flash-offre-un-abonnement-dun-an-a-bj-avec-des-reductions-sur-lessence-pour-seulement-15-des-maintenant\/","name":"Cette vente flash offre un abonnement d'un an \u00e0 BJ avec des r\u00e9ductions sur l'essence pour seulement 15\u00a0$ d\u00e8s maintenant | Vie Associative","isPartOf":{"@id":"https:\/\/vieassociative.be\/actualites\/#website"},"primaryImageOfPage":{"@id":"https:\/\/vieassociative.be\/actualites\/cette-vente-flash-offre-un-abonnement-dun-an-a-bj-avec-des-reductions-sur-lessence-pour-seulement-15-des-maintenant\/#primaryimage"},"image":{"@id":"https:\/\/vieassociative.be\/actualites\/cette-vente-flash-offre-un-abonnement-dun-an-a-bj-avec-des-reductions-sur-lessence-pour-seulement-15-des-maintenant\/#primaryimage"},"thumbnailUrl":"https:\/\/vieassociative.be\/actualites\/wp-content\/uploads\/2026\/03\/Vous-pouvez-des-maintenant-obtenir-un-abonnement-dun-an-a.jpg","datePublished":"2026-04-17T14:18:03+00:00","dateModified":"2026-04-17T14:18:03+00:00","breadcrumb":{"@id":"https:\/\/vieassociative.be\/actualites\/cette-vente-flash-offre-un-abonnement-dun-an-a-bj-avec-des-reductions-sur-lessence-pour-seulement-15-des-maintenant\/#breadcrumb"},"inLanguage":"fr-BE","potentialAction":[{"@type":"ReadAction","target":["https:\/\/vieassociative.be\/actualites\/cette-vente-flash-offre-un-abonnement-dun-an-a-bj-avec-des-reductions-sur-lessence-pour-seulement-15-des-maintenant\/"]}]},{"@type":"ImageObject","inLanguage":"fr-BE","@id":"https:\/\/vieassociative.be\/actualites\/cette-vente-flash-offre-un-abonnement-dun-an-a-bj-avec-des-reductions-sur-lessence-pour-seulement-15-des-maintenant\/#primaryimage","url":"https:\/\/vieassociative.be\/actualites\/wp-content\/uploads\/2026\/03\/Vous-pouvez-des-maintenant-obtenir-un-abonnement-dun-an-a.jpg","contentUrl":"https:\/\/vieassociative.be\/actualites\/wp-content\/uploads\/2026\/03\/Vous-pouvez-des-maintenant-obtenir-un-abonnement-dun-an-a.jpg","width":1200,"height":675,"caption":"Vous pouvez d\u00e8s maintenant obtenir un abonnement d'un an \u00e0 BJ pour seulement 20\u00a0$"},{"@type":"BreadcrumbList","@id":"https:\/\/vieassociative.be\/actualites\/cette-vente-flash-offre-un-abonnement-dun-an-a-bj-avec-des-reductions-sur-lessence-pour-seulement-15-des-maintenant\/#breadcrumb","itemListElement":[{"@type":"ListItem","position":1,"name":"Accueil","item":"https:\/\/vieassociative.be\/actualites\/"},{"@type":"ListItem","position":2,"name":"Cette vente flash offre un abonnement d&rsquo;un an \u00e0 BJ avec des r\u00e9ductions sur l&rsquo;essence pour seulement 15\u00a0$ d\u00e8s maintenant"}]},{"@type":"WebSite","@id":"https:\/\/vieassociative.be\/actualites\/#website","url":"https:\/\/vieassociative.be\/actualites\/","name":"Vie Associative","description":"","publisher":{"@id":"https:\/\/vieassociative.be\/actualites\/#organization"},"potentialAction":[{"@type":"SearchAction","target":{"@type":"EntryPoint","urlTemplate":"https:\/\/vieassociative.be\/actualites\/?s={search_term_string}"},"query-input":{"@type":"PropertyValueSpecification","valueRequired":true,"valueName":"search_term_string"}}],"inLanguage":"fr-BE"},{"@type":"Organization","@id":"https:\/\/vieassociative.be\/actualites\/#organization","name":"Vie Associative","url":"https:\/\/vieassociative.be\/actualites\/","logo":{"@type":"ImageObject","inLanguage":"fr-BE","@id":"https:\/\/vieassociative.be\/actualites\/#\/schema\/logo\/image\/","url":"https:\/\/vieassociative.be\/actualites\/wp-content\/uploads\/2024\/09\/cropped-vieassociative_favicon.ico.png","contentUrl":"https:\/\/vieassociative.be\/actualites\/wp-content\/uploads\/2024\/09\/cropped-vieassociative_favicon.ico.png","width":512,"height":512,"caption":"Vie Associative"},"image":{"@id":"https:\/\/vieassociative.be\/actualites\/#\/schema\/logo\/image\/"}},{"@type":"Person","@id":"https:\/\/vieassociative.be\/actualites\/#\/schema\/person\/b87ac4f82f9d4e7b7cec7395b679edc4","name":"Julien","image":{"@type":"ImageObject","inLanguage":"fr-BE","@id":"https:\/\/vieassociative.be\/actualites\/#\/schema\/person\/image\/","url":"https:\/\/vieassociative.be\/actualites\/wp-content\/uploads\/2024\/09\/vie-associative-1-150x150.jpg","contentUrl":"https:\/\/vieassociative.be\/actualites\/wp-content\/uploads\/2024\/09\/vie-associative-1-150x150.jpg","caption":"Julien"},"description":"Je suis Julien, r\u00e9dacteur pour Vie Associative. Passionn\u00e9 par le monde associatif depuis plus de 10 ans, j'ai \u00e0 c\u0153ur de partager des histoires inspirantes et de mettre en lumi\u00e8re les initiatives locales. Mon objectif est de sensibiliser et d'encourager l'engagement communautaire \u00e0 travers mes articles.","sameAs":["https:\/\/vieassociative.be\/"]}]}},"_links":{"self":[{"href":"https:\/\/vieassociative.be\/actualites\/wp-json\/wp\/v2\/posts\/13477"}],"collection":[{"href":"https:\/\/vieassociative.be\/actualites\/wp-json\/wp\/v2\/posts"}],"about":[{"href":"https:\/\/vieassociative.be\/actualites\/wp-json\/wp\/v2\/types\/post"}],"author":[{"embeddable":true,"href":"https:\/\/vieassociative.be\/actualites\/wp-json\/wp\/v2\/users\/1"}],"replies":[{"embeddable":true,"href":"https:\/\/vieassociative.be\/actualites\/wp-json\/wp\/v2\/comments?post=13477"}],"version-history":[{"count":0,"href":"https:\/\/vieassociative.be\/actualites\/wp-json\/wp\/v2\/posts\/13477\/revisions"}],"wp:featuredmedia":[{"embeddable":true,"href":"https:\/\/vieassociative.be\/actualites\/wp-json\/wp\/v2\/media\/12981"}],"wp:attachment":[{"href":"https:\/\/vieassociative.be\/actualites\/wp-json\/wp\/v2\/media?parent=13477"}],"wp:term":[{"taxonomy":"category","embeddable":true,"href":"https:\/\/vieassociative.be\/actualites\/wp-json\/wp\/v2\/categories?post=13477"},{"taxonomy":"post_tag","embeddable":true,"href":"https:\/\/vieassociative.be\/actualites\/wp-json\/wp\/v2\/tags?post=13477"}],"curies":[{"name":"wp","href":"https:\/\/api.w.org\/{rel}","templated":true}]}}