{"id":13475,"date":"2026-04-17T11:18:46","date_gmt":"2026-04-17T09:18:46","guid":{"rendered":"https:\/\/vieassociative.be\/actualites\/le-pere-kompany-est-fier-de-son-fils-vincent-avec-une-echarpe-du-bayern-au-parlement-belge-a-bruxelles\/"},"modified":"2026-04-17T11:18:46","modified_gmt":"2026-04-17T09:18:46","slug":"le-pere-kompany-est-fier-de-son-fils-vincent-avec-une-echarpe-du-bayern-au-parlement-belge-a-bruxelles","status":"publish","type":"post","link":"https:\/\/vieassociative.be\/actualites\/le-pere-kompany-est-fier-de-son-fils-vincent-avec-une-echarpe-du-bayern-au-parlement-belge-a-bruxelles\/","title":{"rendered":"Le p\u00e8re Kompany est fier de son fils Vincent : avec une \u00e9charpe du Bayern au Parlement belge \u00e0 Bruxelles"},"content":{"rendered":"<p><strong>Une sc\u00e8ne \u00e9trange et assez amusante au Parlement belge. Pierre Kompany s&rsquo;est pr\u00e9sent\u00e9 jeudi \u00e0 la Chambre des d\u00e9put\u00e9s \u00e0 Bruxelles avec une \u00e9charpe du FC Bayern Munich autour du cou.<\/strong><\/p>\n<p><span id=\"more-438466\"><\/span>La veille, le champion d&rsquo;Allemagne du record, entra\u00een\u00e9 avec beaucoup de succ\u00e8s par son fils Vincent, avait acc\u00e9d\u00e9 aux demi-finales de la Ligue des champions aux d\u00e9pens du Real Madrid.<\/p>\n<p>Pierre Kompany est n\u00e9 il y a 78 ans dans ce qui \u00e9tait alors le Za\u00efre (aujourd&rsquo;hui R\u00e9publique d\u00e9mocratique du Congo). En 1975, il arrive en Belgique en tant que r\u00e9fugi\u00e9 politique. L\u00e0, il s&rsquo;est progressivement construit une nouvelle vie, travaillant, entre autres, comme chauffeur de taxi, \u00e9tudiant l&rsquo;ing\u00e9nierie et devenant de plus en plus actif politiquement.<\/p>\n<p>En 2018, Kompany est entr\u00e9 dans l&rsquo;histoire en \u00e9tant \u00e9lu premier bourgmestre noir de Belgique, dans la commune bruxelloise de Ganshoren. Depuis 2024, il est \u00e9galement membre de la Chambre des d\u00e9put\u00e9s f\u00e9d\u00e9rale en tant que membre du groupe des anciens d\u00e9mocrates-chr\u00e9tiens, qui se font d\u00e9sormais appeler Les Engag\u00e9s dans la partie francophone du pays. (cr\u00e9er)<\/p>\n<p><em><strong>Sur le sujet, voir aussi l&rsquo;article suivant sur l&rsquo;OD :<\/strong><\/em><\/p>\n<div class=\"responsive-embed widescreen\">\n<blockquote class=\"wp-embedded-content\" data-secret=\"BveRHU4DLT\">\n<p>\u00ab Kompanymania \u00bb \u00e0 Munich apr\u00e8s avoir atteint les demi-finales : le FC Bayern r\u00e9alisera-t-il le tripl\u00e9 ?<\/p>\n<\/blockquote>\n<p><iframe loading=\"lazy\" class=\"wp-embedded-content\" sandbox=\"allow-scripts\" security=\"restricted\" style=\"position: absolute; visibility: hidden;\" title=\"\u201e\u201eKompanymania\u201c in M\u00fcnchen nach dem Erreichen des Halbfinales: Schafft der FC Bayern das Triple?\u201c \u2013 Ostbelgien Direkt\" src=\"https:\/\/ostbelgiendirekt.be\/about:blank\" data-secret=\"BveRHU4DLT\" width=\"500\" height=\"282\" frameborder=\"0\" marginwidth=\"0\" marginheight=\"0\" scrolling=\"no\" data-rocket-lazyload=\"fitvidscompatible\" data-lazy-src=\"https:\/\/ostbelgiendirekt.be\/fc-bayern-steht-im-halbfinale-438449\/embed#?secret=pSc385E2jO#?secret=BveRHU4DLT\"><\/iframe><noscript><iframe class=\"wp-embedded-content\" sandbox=\"allow-scripts\" security=\"restricted\" style=\"position: absolute; visibility: hidden;\" title=\"\u201e\u201eKompanymania\u201c in M\u00fcnchen nach dem Erreichen des Halbfinales: Schafft der FC Bayern das Triple?\u201c \u2013 Ostbelgien Direkt\" src=\"https:\/\/ostbelgiendirekt.be\/fc-bayern-steht-im-halbfinale-438449\/embed#?secret=pSc385E2jO#?secret=BveRHU4DLT\" data-secret=\"BveRHU4DLT\" width=\"500\" height=\"282\" frameborder=\"0\" marginwidth=\"0\" marginheight=\"0\" scrolling=\"no\"><\/iframe><\/noscript><\/p>\n<\/div>\n","protected":false},"excerpt":{"rendered":"<p>Une sc\u00e8ne \u00e9trange et assez amusante au Parlement belge. Pierre Kompany s&rsquo;est pr\u00e9sent\u00e9 jeudi \u00e0 la Chambre des d\u00e9put\u00e9s \u00e0 Bruxelles avec une \u00e9charpe du<\/p>\n","protected":false},"author":1,"featured_media":13476,"comment_status":"","ping_status":"","sticky":false,"template":"","format":"standard","meta":{"footnotes":""},"categories":[298],"tags":[61,2298,410,455,10503,76,10502,2259,4024,2895,3065,800,110,4513],"class_list":["post-13475","post","type-post","status-publish","format-standard","has-post-thumbnail","hentry","category-belgique","tag-avec","tag-bayern","tag-belge","tag-bruxelles","tag-echarpe","tag-est","tag-fier","tag-fils","tag-kompany","tag-parlement","tag-pere","tag-son","tag-une","tag-vincent","generate-columns","tablet-grid-50","mobile-grid-100","grid-parent","grid-33"],"yoast_head":"<!-- This site is optimized with the Yoast SEO plugin v24.0 - https:\/\/yoast.com\/wordpress\/plugins\/seo\/ -->\n<title>Le p\u00e8re Kompany est fier de son fils Vincent : avec une \u00e9charpe du Bayern au Parlement belge \u00e0 Bruxelles | Vie Associative<\/title>\n<meta name=\"robots\" content=\"index, follow, max-snippet:-1, max-image-preview:large, max-video-preview:-1\" \/>\n<link rel=\"canonical\" href=\"https:\/\/vieassociative.be\/actualites\/le-pere-kompany-est-fier-de-son-fils-vincent-avec-une-echarpe-du-bayern-au-parlement-belge-a-bruxelles\/\" \/>\n<meta property=\"og:locale\" content=\"fr_FR\" \/>\n<meta property=\"og:type\" content=\"article\" \/>\n<meta property=\"og:title\" content=\"Le p\u00e8re Kompany est fier de son fils Vincent : avec une \u00e9charpe du Bayern au Parlement belge \u00e0 Bruxelles | Vie Associative\" \/>\n<meta property=\"og:description\" content=\"Une sc\u00e8ne \u00e9trange et assez amusante au Parlement belge. Pierre Kompany s&rsquo;est pr\u00e9sent\u00e9 jeudi \u00e0 la Chambre des d\u00e9put\u00e9s \u00e0 Bruxelles avec une \u00e9charpe du\" \/>\n<meta property=\"og:url\" content=\"https:\/\/vieassociative.be\/actualites\/le-pere-kompany-est-fier-de-son-fils-vincent-avec-une-echarpe-du-bayern-au-parlement-belge-a-bruxelles\/\" \/>\n<meta property=\"og:site_name\" content=\"Vie Associative\" \/>\n<meta property=\"article:published_time\" content=\"2026-04-17T09:18:46+00:00\" \/>\n<meta property=\"og:image\" content=\"https:\/\/vieassociative.be\/actualites\/wp-content\/uploads\/2024\/09\/header_backgroundk-01-e1726694325946.png\" \/>\n\t<meta property=\"og:image:width\" content=\"279\" \/>\n\t<meta property=\"og:image:height\" content=\"92\" \/>\n\t<meta property=\"og:image:type\" content=\"image\/png\" \/>\n<meta name=\"author\" content=\"Julien\" \/>\n<meta name=\"twitter:card\" content=\"summary_large_image\" \/>\n<meta name=\"twitter:label1\" content=\"\u00c9crit par\" \/>\n\t<meta name=\"twitter:data1\" content=\"Julien\" \/>\n\t<meta name=\"twitter:label2\" content=\"Dur\u00e9e de lecture est.\" \/>\n\t<meta name=\"twitter:data2\" content=\"1 minute\" \/>\n<script type=\"application\/ld+json\" class=\"yoast-schema-graph\">{\"@context\":\"https:\/\/schema.org\",\"@graph\":[{\"@type\":\"Article\",\"@id\":\"https:\/\/vieassociative.be\/actualites\/le-pere-kompany-est-fier-de-son-fils-vincent-avec-une-echarpe-du-bayern-au-parlement-belge-a-bruxelles\/#article\",\"isPartOf\":{\"@id\":\"https:\/\/vieassociative.be\/actualites\/le-pere-kompany-est-fier-de-son-fils-vincent-avec-une-echarpe-du-bayern-au-parlement-belge-a-bruxelles\/\"},\"author\":{\"name\":\"Julien\",\"@id\":\"https:\/\/vieassociative.be\/actualites\/#\/schema\/person\/b87ac4f82f9d4e7b7cec7395b679edc4\"},\"headline\":\"Le p\u00e8re Kompany est fier de son fils Vincent : avec une \u00e9charpe du Bayern au Parlement belge \u00e0 Bruxelles\",\"datePublished\":\"2026-04-17T09:18:46+00:00\",\"dateModified\":\"2026-04-17T09:18:46+00:00\",\"mainEntityOfPage\":{\"@id\":\"https:\/\/vieassociative.be\/actualites\/le-pere-kompany-est-fier-de-son-fils-vincent-avec-une-echarpe-du-bayern-au-parlement-belge-a-bruxelles\/\"},\"wordCount\":241,\"publisher\":{\"@id\":\"https:\/\/vieassociative.be\/actualites\/#organization\"},\"image\":{\"@id\":\"https:\/\/vieassociative.be\/actualites\/le-pere-kompany-est-fier-de-son-fils-vincent-avec-une-echarpe-du-bayern-au-parlement-belge-a-bruxelles\/#primaryimage\"},\"thumbnailUrl\":\"https:\/\/vieassociative.be\/actualites\/wp-content\/uploads\/2026\/04\/Le-pere-Kompany-est-fier-de-son-fils-Vincent.jpg\",\"keywords\":[\"avec\",\"Bayern\",\"belge\",\"Bruxelles\",\"\u00e9charpe\",\"est\",\"fier\",\"fils\",\"Kompany\",\"Parlement\",\"P\u00e8re\",\"son\",\"une\",\"Vincent\"],\"articleSection\":[\"Belgique\"],\"inLanguage\":\"fr-BE\"},{\"@type\":\"WebPage\",\"@id\":\"https:\/\/vieassociative.be\/actualites\/le-pere-kompany-est-fier-de-son-fils-vincent-avec-une-echarpe-du-bayern-au-parlement-belge-a-bruxelles\/\",\"url\":\"https:\/\/vieassociative.be\/actualites\/le-pere-kompany-est-fier-de-son-fils-vincent-avec-une-echarpe-du-bayern-au-parlement-belge-a-bruxelles\/\",\"name\":\"Le p\u00e8re Kompany est fier de son fils Vincent : avec une \u00e9charpe du Bayern au Parlement belge \u00e0 Bruxelles | Vie Associative\",\"isPartOf\":{\"@id\":\"https:\/\/vieassociative.be\/actualites\/#website\"},\"primaryImageOfPage\":{\"@id\":\"https:\/\/vieassociative.be\/actualites\/le-pere-kompany-est-fier-de-son-fils-vincent-avec-une-echarpe-du-bayern-au-parlement-belge-a-bruxelles\/#primaryimage\"},\"image\":{\"@id\":\"https:\/\/vieassociative.be\/actualites\/le-pere-kompany-est-fier-de-son-fils-vincent-avec-une-echarpe-du-bayern-au-parlement-belge-a-bruxelles\/#primaryimage\"},\"thumbnailUrl\":\"https:\/\/vieassociative.be\/actualites\/wp-content\/uploads\/2026\/04\/Le-pere-Kompany-est-fier-de-son-fils-Vincent.jpg\",\"datePublished\":\"2026-04-17T09:18:46+00:00\",\"dateModified\":\"2026-04-17T09:18:46+00:00\",\"breadcrumb\":{\"@id\":\"https:\/\/vieassociative.be\/actualites\/le-pere-kompany-est-fier-de-son-fils-vincent-avec-une-echarpe-du-bayern-au-parlement-belge-a-bruxelles\/#breadcrumb\"},\"inLanguage\":\"fr-BE\",\"potentialAction\":[{\"@type\":\"ReadAction\",\"target\":[\"https:\/\/vieassociative.be\/actualites\/le-pere-kompany-est-fier-de-son-fils-vincent-avec-une-echarpe-du-bayern-au-parlement-belge-a-bruxelles\/\"]}]},{\"@type\":\"ImageObject\",\"inLanguage\":\"fr-BE\",\"@id\":\"https:\/\/vieassociative.be\/actualites\/le-pere-kompany-est-fier-de-son-fils-vincent-avec-une-echarpe-du-bayern-au-parlement-belge-a-bruxelles\/#primaryimage\",\"url\":\"https:\/\/vieassociative.be\/actualites\/wp-content\/uploads\/2026\/04\/Le-pere-Kompany-est-fier-de-son-fils-Vincent.jpg\",\"contentUrl\":\"https:\/\/vieassociative.be\/actualites\/wp-content\/uploads\/2026\/04\/Le-pere-Kompany-est-fier-de-son-fils-Vincent.jpg\",\"width\":1200,\"height\":798,\"caption\":\"Le p\u00e8re Kompany est fier de son fils Vincent : avec une \u00e9charpe du Bayern au Parlement belge \u00e0 Bruxelles\"},{\"@type\":\"BreadcrumbList\",\"@id\":\"https:\/\/vieassociative.be\/actualites\/le-pere-kompany-est-fier-de-son-fils-vincent-avec-une-echarpe-du-bayern-au-parlement-belge-a-bruxelles\/#breadcrumb\",\"itemListElement\":[{\"@type\":\"ListItem\",\"position\":1,\"name\":\"Accueil\",\"item\":\"https:\/\/vieassociative.be\/actualites\/\"},{\"@type\":\"ListItem\",\"position\":2,\"name\":\"Le p\u00e8re Kompany est fier de son fils Vincent : avec une \u00e9charpe du Bayern au Parlement belge \u00e0 Bruxelles\"}]},{\"@type\":\"WebSite\",\"@id\":\"https:\/\/vieassociative.be\/actualites\/#website\",\"url\":\"https:\/\/vieassociative.be\/actualites\/\",\"name\":\"Vie Associative\",\"description\":\"\",\"publisher\":{\"@id\":\"https:\/\/vieassociative.be\/actualites\/#organization\"},\"potentialAction\":[{\"@type\":\"SearchAction\",\"target\":{\"@type\":\"EntryPoint\",\"urlTemplate\":\"https:\/\/vieassociative.be\/actualites\/?s={search_term_string}\"},\"query-input\":{\"@type\":\"PropertyValueSpecification\",\"valueRequired\":true,\"valueName\":\"search_term_string\"}}],\"inLanguage\":\"fr-BE\"},{\"@type\":\"Organization\",\"@id\":\"https:\/\/vieassociative.be\/actualites\/#organization\",\"name\":\"Vie Associative\",\"url\":\"https:\/\/vieassociative.be\/actualites\/\",\"logo\":{\"@type\":\"ImageObject\",\"inLanguage\":\"fr-BE\",\"@id\":\"https:\/\/vieassociative.be\/actualites\/#\/schema\/logo\/image\/\",\"url\":\"https:\/\/vieassociative.be\/actualites\/wp-content\/uploads\/2024\/09\/cropped-vieassociative_favicon.ico.png\",\"contentUrl\":\"https:\/\/vieassociative.be\/actualites\/wp-content\/uploads\/2024\/09\/cropped-vieassociative_favicon.ico.png\",\"width\":512,\"height\":512,\"caption\":\"Vie Associative\"},\"image\":{\"@id\":\"https:\/\/vieassociative.be\/actualites\/#\/schema\/logo\/image\/\"}},{\"@type\":\"Person\",\"@id\":\"https:\/\/vieassociative.be\/actualites\/#\/schema\/person\/b87ac4f82f9d4e7b7cec7395b679edc4\",\"name\":\"Julien\",\"image\":{\"@type\":\"ImageObject\",\"inLanguage\":\"fr-BE\",\"@id\":\"https:\/\/vieassociative.be\/actualites\/#\/schema\/person\/image\/\",\"url\":\"https:\/\/vieassociative.be\/actualites\/wp-content\/uploads\/2024\/09\/vie-associative-1-150x150.jpg\",\"contentUrl\":\"https:\/\/vieassociative.be\/actualites\/wp-content\/uploads\/2024\/09\/vie-associative-1-150x150.jpg\",\"caption\":\"Julien\"},\"description\":\"Je suis Julien, r\u00e9dacteur pour Vie Associative. Passionn\u00e9 par le monde associatif depuis plus de 10 ans, j'ai \u00e0 c\u0153ur de partager des histoires inspirantes et de mettre en lumi\u00e8re les initiatives locales. Mon objectif est de sensibiliser et d'encourager l'engagement communautaire \u00e0 travers mes articles.\",\"sameAs\":[\"https:\/\/vieassociative.be\/\"]}]}<\/script>\n<!-- \/ Yoast SEO plugin. -->","yoast_head_json":{"title":"Le p\u00e8re Kompany est fier de son fils Vincent : avec une \u00e9charpe du Bayern au Parlement belge \u00e0 Bruxelles | Vie Associative","robots":{"index":"index","follow":"follow","max-snippet":"max-snippet:-1","max-image-preview":"max-image-preview:large","max-video-preview":"max-video-preview:-1"},"canonical":"https:\/\/vieassociative.be\/actualites\/le-pere-kompany-est-fier-de-son-fils-vincent-avec-une-echarpe-du-bayern-au-parlement-belge-a-bruxelles\/","og_locale":"fr_FR","og_type":"article","og_title":"Le p\u00e8re Kompany est fier de son fils Vincent : avec une \u00e9charpe du Bayern au Parlement belge \u00e0 Bruxelles | Vie Associative","og_description":"Une sc\u00e8ne \u00e9trange et assez amusante au Parlement belge. Pierre Kompany s&rsquo;est pr\u00e9sent\u00e9 jeudi \u00e0 la Chambre des d\u00e9put\u00e9s \u00e0 Bruxelles avec une \u00e9charpe du","og_url":"https:\/\/vieassociative.be\/actualites\/le-pere-kompany-est-fier-de-son-fils-vincent-avec-une-echarpe-du-bayern-au-parlement-belge-a-bruxelles\/","og_site_name":"Vie Associative","article_published_time":"2026-04-17T09:18:46+00:00","og_image":[{"width":279,"height":92,"url":"https:\/\/vieassociative.be\/actualites\/wp-content\/uploads\/2024\/09\/header_backgroundk-01-e1726694325946.png","type":"image\/png"}],"author":"Julien","twitter_card":"summary_large_image","twitter_misc":{"\u00c9crit par":"Julien","Dur\u00e9e de lecture est.":"1 minute"},"schema":{"@context":"https:\/\/schema.org","@graph":[{"@type":"Article","@id":"https:\/\/vieassociative.be\/actualites\/le-pere-kompany-est-fier-de-son-fils-vincent-avec-une-echarpe-du-bayern-au-parlement-belge-a-bruxelles\/#article","isPartOf":{"@id":"https:\/\/vieassociative.be\/actualites\/le-pere-kompany-est-fier-de-son-fils-vincent-avec-une-echarpe-du-bayern-au-parlement-belge-a-bruxelles\/"},"author":{"name":"Julien","@id":"https:\/\/vieassociative.be\/actualites\/#\/schema\/person\/b87ac4f82f9d4e7b7cec7395b679edc4"},"headline":"Le p\u00e8re Kompany est fier de son fils Vincent : avec une \u00e9charpe du Bayern au Parlement belge \u00e0 Bruxelles","datePublished":"2026-04-17T09:18:46+00:00","dateModified":"2026-04-17T09:18:46+00:00","mainEntityOfPage":{"@id":"https:\/\/vieassociative.be\/actualites\/le-pere-kompany-est-fier-de-son-fils-vincent-avec-une-echarpe-du-bayern-au-parlement-belge-a-bruxelles\/"},"wordCount":241,"publisher":{"@id":"https:\/\/vieassociative.be\/actualites\/#organization"},"image":{"@id":"https:\/\/vieassociative.be\/actualites\/le-pere-kompany-est-fier-de-son-fils-vincent-avec-une-echarpe-du-bayern-au-parlement-belge-a-bruxelles\/#primaryimage"},"thumbnailUrl":"https:\/\/vieassociative.be\/actualites\/wp-content\/uploads\/2026\/04\/Le-pere-Kompany-est-fier-de-son-fils-Vincent.jpg","keywords":["avec","Bayern","belge","Bruxelles","\u00e9charpe","est","fier","fils","Kompany","Parlement","P\u00e8re","son","une","Vincent"],"articleSection":["Belgique"],"inLanguage":"fr-BE"},{"@type":"WebPage","@id":"https:\/\/vieassociative.be\/actualites\/le-pere-kompany-est-fier-de-son-fils-vincent-avec-une-echarpe-du-bayern-au-parlement-belge-a-bruxelles\/","url":"https:\/\/vieassociative.be\/actualites\/le-pere-kompany-est-fier-de-son-fils-vincent-avec-une-echarpe-du-bayern-au-parlement-belge-a-bruxelles\/","name":"Le p\u00e8re Kompany est fier de son fils Vincent : avec une \u00e9charpe du Bayern au Parlement belge \u00e0 Bruxelles | Vie Associative","isPartOf":{"@id":"https:\/\/vieassociative.be\/actualites\/#website"},"primaryImageOfPage":{"@id":"https:\/\/vieassociative.be\/actualites\/le-pere-kompany-est-fier-de-son-fils-vincent-avec-une-echarpe-du-bayern-au-parlement-belge-a-bruxelles\/#primaryimage"},"image":{"@id":"https:\/\/vieassociative.be\/actualites\/le-pere-kompany-est-fier-de-son-fils-vincent-avec-une-echarpe-du-bayern-au-parlement-belge-a-bruxelles\/#primaryimage"},"thumbnailUrl":"https:\/\/vieassociative.be\/actualites\/wp-content\/uploads\/2026\/04\/Le-pere-Kompany-est-fier-de-son-fils-Vincent.jpg","datePublished":"2026-04-17T09:18:46+00:00","dateModified":"2026-04-17T09:18:46+00:00","breadcrumb":{"@id":"https:\/\/vieassociative.be\/actualites\/le-pere-kompany-est-fier-de-son-fils-vincent-avec-une-echarpe-du-bayern-au-parlement-belge-a-bruxelles\/#breadcrumb"},"inLanguage":"fr-BE","potentialAction":[{"@type":"ReadAction","target":["https:\/\/vieassociative.be\/actualites\/le-pere-kompany-est-fier-de-son-fils-vincent-avec-une-echarpe-du-bayern-au-parlement-belge-a-bruxelles\/"]}]},{"@type":"ImageObject","inLanguage":"fr-BE","@id":"https:\/\/vieassociative.be\/actualites\/le-pere-kompany-est-fier-de-son-fils-vincent-avec-une-echarpe-du-bayern-au-parlement-belge-a-bruxelles\/#primaryimage","url":"https:\/\/vieassociative.be\/actualites\/wp-content\/uploads\/2026\/04\/Le-pere-Kompany-est-fier-de-son-fils-Vincent.jpg","contentUrl":"https:\/\/vieassociative.be\/actualites\/wp-content\/uploads\/2026\/04\/Le-pere-Kompany-est-fier-de-son-fils-Vincent.jpg","width":1200,"height":798,"caption":"Le p\u00e8re Kompany est fier de son fils Vincent : avec une \u00e9charpe du Bayern au Parlement belge \u00e0 Bruxelles"},{"@type":"BreadcrumbList","@id":"https:\/\/vieassociative.be\/actualites\/le-pere-kompany-est-fier-de-son-fils-vincent-avec-une-echarpe-du-bayern-au-parlement-belge-a-bruxelles\/#breadcrumb","itemListElement":[{"@type":"ListItem","position":1,"name":"Accueil","item":"https:\/\/vieassociative.be\/actualites\/"},{"@type":"ListItem","position":2,"name":"Le p\u00e8re Kompany est fier de son fils Vincent : avec une \u00e9charpe du Bayern au Parlement belge \u00e0 Bruxelles"}]},{"@type":"WebSite","@id":"https:\/\/vieassociative.be\/actualites\/#website","url":"https:\/\/vieassociative.be\/actualites\/","name":"Vie Associative","description":"","publisher":{"@id":"https:\/\/vieassociative.be\/actualites\/#organization"},"potentialAction":[{"@type":"SearchAction","target":{"@type":"EntryPoint","urlTemplate":"https:\/\/vieassociative.be\/actualites\/?s={search_term_string}"},"query-input":{"@type":"PropertyValueSpecification","valueRequired":true,"valueName":"search_term_string"}}],"inLanguage":"fr-BE"},{"@type":"Organization","@id":"https:\/\/vieassociative.be\/actualites\/#organization","name":"Vie Associative","url":"https:\/\/vieassociative.be\/actualites\/","logo":{"@type":"ImageObject","inLanguage":"fr-BE","@id":"https:\/\/vieassociative.be\/actualites\/#\/schema\/logo\/image\/","url":"https:\/\/vieassociative.be\/actualites\/wp-content\/uploads\/2024\/09\/cropped-vieassociative_favicon.ico.png","contentUrl":"https:\/\/vieassociative.be\/actualites\/wp-content\/uploads\/2024\/09\/cropped-vieassociative_favicon.ico.png","width":512,"height":512,"caption":"Vie Associative"},"image":{"@id":"https:\/\/vieassociative.be\/actualites\/#\/schema\/logo\/image\/"}},{"@type":"Person","@id":"https:\/\/vieassociative.be\/actualites\/#\/schema\/person\/b87ac4f82f9d4e7b7cec7395b679edc4","name":"Julien","image":{"@type":"ImageObject","inLanguage":"fr-BE","@id":"https:\/\/vieassociative.be\/actualites\/#\/schema\/person\/image\/","url":"https:\/\/vieassociative.be\/actualites\/wp-content\/uploads\/2024\/09\/vie-associative-1-150x150.jpg","contentUrl":"https:\/\/vieassociative.be\/actualites\/wp-content\/uploads\/2024\/09\/vie-associative-1-150x150.jpg","caption":"Julien"},"description":"Je suis Julien, r\u00e9dacteur pour Vie Associative. Passionn\u00e9 par le monde associatif depuis plus de 10 ans, j'ai \u00e0 c\u0153ur de partager des histoires inspirantes et de mettre en lumi\u00e8re les initiatives locales. Mon objectif est de sensibiliser et d'encourager l'engagement communautaire \u00e0 travers mes articles.","sameAs":["https:\/\/vieassociative.be\/"]}]}},"_links":{"self":[{"href":"https:\/\/vieassociative.be\/actualites\/wp-json\/wp\/v2\/posts\/13475"}],"collection":[{"href":"https:\/\/vieassociative.be\/actualites\/wp-json\/wp\/v2\/posts"}],"about":[{"href":"https:\/\/vieassociative.be\/actualites\/wp-json\/wp\/v2\/types\/post"}],"author":[{"embeddable":true,"href":"https:\/\/vieassociative.be\/actualites\/wp-json\/wp\/v2\/users\/1"}],"replies":[{"embeddable":true,"href":"https:\/\/vieassociative.be\/actualites\/wp-json\/wp\/v2\/comments?post=13475"}],"version-history":[{"count":0,"href":"https:\/\/vieassociative.be\/actualites\/wp-json\/wp\/v2\/posts\/13475\/revisions"}],"wp:featuredmedia":[{"embeddable":true,"href":"https:\/\/vieassociative.be\/actualites\/wp-json\/wp\/v2\/media\/13476"}],"wp:attachment":[{"href":"https:\/\/vieassociative.be\/actualites\/wp-json\/wp\/v2\/media?parent=13475"}],"wp:term":[{"taxonomy":"category","embeddable":true,"href":"https:\/\/vieassociative.be\/actualites\/wp-json\/wp\/v2\/categories?post=13475"},{"taxonomy":"post_tag","embeddable":true,"href":"https:\/\/vieassociative.be\/actualites\/wp-json\/wp\/v2\/tags?post=13475"}],"curies":[{"name":"wp","href":"https:\/\/api.w.org\/{rel}","templated":true}]}}