{"id":13472,"date":"2026-04-17T05:17:43","date_gmt":"2026-04-17T03:17:43","guid":{"rendered":"https:\/\/vieassociative.be\/actualites\/une-voiture-percute-un-systeme-de-ventilation-lors-dun-entrainement-de-conduite-sur-le-toit-dun-grand-magasin\/"},"modified":"2026-04-17T05:17:43","modified_gmt":"2026-04-17T03:17:43","slug":"une-voiture-percute-un-systeme-de-ventilation-lors-dun-entrainement-de-conduite-sur-le-toit-dun-grand-magasin","status":"publish","type":"post","link":"https:\/\/vieassociative.be\/actualites\/une-voiture-percute-un-systeme-de-ventilation-lors-dun-entrainement-de-conduite-sur-le-toit-dun-grand-magasin\/","title":{"rendered":"Une voiture percute un syst\u00e8me de ventilation lors d&rsquo;un entra\u00eenement de conduite sur le toit d&rsquo;un grand magasin"},"content":{"rendered":"<p><strong>La zone de police de Weser-G\u00f6hl a signal\u00e9 un accident dans son rapport du mercredi 15 avril.<\/strong><\/p>\n<p><span id=\"more-438427\"><\/span>Le 14 avril, les services de la zone de police Weser-G\u00f6hl ont \u00e9t\u00e9 appel\u00e9s sur le parking du toit d&rsquo;un grand magasin d&rsquo;Eupen, Herbesthaler Stra\u00dfe, \u00e0 14h03. parce qu&rsquo;une voiture avait percut\u00e9 la ventilation du toit.<\/p>\n<p>Sur place, il s&rsquo;av\u00e8re qu&rsquo;un jeune (15 ans) s&rsquo;entra\u00eenait \u00e0 conduire une voiture avec un adulte sur le toit du grand magasin. Elle a perdu le contr\u00f4le du v\u00e9hicule et a heurt\u00e9 le syst\u00e8me de ventilation. <\/p>\n<p>Les pompiers se rendent sur place pour v\u00e9rifier si la statique du b\u00e2timent a \u00e9t\u00e9 affect\u00e9e par l&rsquo;accident, ce qui n&rsquo;a pas \u00e9t\u00e9 le cas. Le conducteur a \u00e9t\u00e9 l\u00e9g\u00e8rement bless\u00e9 et transport\u00e9 \u00e0 l&rsquo;h\u00f4pital d&rsquo;Eupen. La voiture doit \u00eatre remorqu\u00e9e. Un v\u00e9lo stationn\u00e9 a \u00e9galement \u00e9t\u00e9 endommag\u00e9 dans l&rsquo;accident.<\/p>\n","protected":false},"excerpt":{"rendered":"<p>La zone de police de Weser-G\u00f6hl a signal\u00e9 un accident dans son rapport du mercredi 15 avril. Le 14 avril, les services de la zone<\/p>\n","protected":false},"author":1,"featured_media":13106,"comment_status":"","ping_status":"","sticky":false,"template":"","format":"standard","meta":{"footnotes":""},"categories":[298],"tags":[10501,354,1080,1119,353,769,3478,33,161,10204,110,10500,1229],"class_list":["post-13472","post","type-post","status-publish","format-standard","has-post-thumbnail","hentry","category-belgique","tag-conduite","tag-dun","tag-entrainement","tag-grand","tag-lors","tag-magasin","tag-percute","tag-sur","tag-systeme","tag-toit","tag-une","tag-ventilation","tag-voiture","generate-columns","tablet-grid-50","mobile-grid-100","grid-parent","grid-33"],"yoast_head":"<!-- This site is optimized with the Yoast SEO plugin v24.0 - https:\/\/yoast.com\/wordpress\/plugins\/seo\/ -->\n<title>Une voiture percute un syst\u00e8me de ventilation lors d&#039;un entra\u00eenement de conduite sur le toit d&#039;un grand magasin | Vie Associative<\/title>\n<meta name=\"robots\" content=\"index, follow, max-snippet:-1, max-image-preview:large, max-video-preview:-1\" \/>\n<link rel=\"canonical\" href=\"https:\/\/vieassociative.be\/actualites\/une-voiture-percute-un-systeme-de-ventilation-lors-dun-entrainement-de-conduite-sur-le-toit-dun-grand-magasin\/\" \/>\n<meta property=\"og:locale\" content=\"fr_FR\" \/>\n<meta property=\"og:type\" content=\"article\" \/>\n<meta property=\"og:title\" content=\"Une voiture percute un syst\u00e8me de ventilation lors d&#039;un entra\u00eenement de conduite sur le toit d&#039;un grand magasin | Vie Associative\" \/>\n<meta property=\"og:description\" content=\"La zone de police de Weser-G\u00f6hl a signal\u00e9 un accident dans son rapport du mercredi 15 avril. Le 14 avril, les services de la zone\" \/>\n<meta property=\"og:url\" content=\"https:\/\/vieassociative.be\/actualites\/une-voiture-percute-un-systeme-de-ventilation-lors-dun-entrainement-de-conduite-sur-le-toit-dun-grand-magasin\/\" \/>\n<meta property=\"og:site_name\" content=\"Vie Associative\" \/>\n<meta property=\"article:published_time\" content=\"2026-04-17T03:17:43+00:00\" \/>\n<meta property=\"og:image\" content=\"https:\/\/vieassociative.be\/actualites\/wp-content\/uploads\/2024\/09\/header_backgroundk-01-e1726694325946.png\" \/>\n\t<meta property=\"og:image:width\" content=\"279\" \/>\n\t<meta property=\"og:image:height\" content=\"92\" \/>\n\t<meta property=\"og:image:type\" content=\"image\/png\" \/>\n<meta name=\"author\" content=\"Julien\" \/>\n<meta name=\"twitter:card\" content=\"summary_large_image\" \/>\n<meta name=\"twitter:label1\" content=\"\u00c9crit par\" \/>\n\t<meta name=\"twitter:data1\" content=\"Julien\" \/>\n\t<meta name=\"twitter:label2\" content=\"Dur\u00e9e de lecture est.\" \/>\n\t<meta name=\"twitter:data2\" content=\"1 minute\" \/>\n<script type=\"application\/ld+json\" class=\"yoast-schema-graph\">{\"@context\":\"https:\/\/schema.org\",\"@graph\":[{\"@type\":\"Article\",\"@id\":\"https:\/\/vieassociative.be\/actualites\/une-voiture-percute-un-systeme-de-ventilation-lors-dun-entrainement-de-conduite-sur-le-toit-dun-grand-magasin\/#article\",\"isPartOf\":{\"@id\":\"https:\/\/vieassociative.be\/actualites\/une-voiture-percute-un-systeme-de-ventilation-lors-dun-entrainement-de-conduite-sur-le-toit-dun-grand-magasin\/\"},\"author\":{\"name\":\"Julien\",\"@id\":\"https:\/\/vieassociative.be\/actualites\/#\/schema\/person\/b87ac4f82f9d4e7b7cec7395b679edc4\"},\"headline\":\"Une voiture percute un syst\u00e8me de ventilation lors d&rsquo;un entra\u00eenement de conduite sur le toit d&rsquo;un grand magasin\",\"datePublished\":\"2026-04-17T03:17:43+00:00\",\"dateModified\":\"2026-04-17T03:17:43+00:00\",\"mainEntityOfPage\":{\"@id\":\"https:\/\/vieassociative.be\/actualites\/une-voiture-percute-un-systeme-de-ventilation-lors-dun-entrainement-de-conduite-sur-le-toit-dun-grand-magasin\/\"},\"wordCount\":183,\"publisher\":{\"@id\":\"https:\/\/vieassociative.be\/actualites\/#organization\"},\"image\":{\"@id\":\"https:\/\/vieassociative.be\/actualites\/une-voiture-percute-un-systeme-de-ventilation-lors-dun-entrainement-de-conduite-sur-le-toit-dun-grand-magasin\/#primaryimage\"},\"thumbnailUrl\":\"https:\/\/vieassociative.be\/actualites\/wp-content\/uploads\/2026\/03\/Kelmis-un-conducteur-rate-et-heurte-un-eleve-pilote.jpeg\",\"keywords\":[\"conduite\",\"dun\",\"entra\u00eenement\",\"grand\",\"lors\",\"magasin\",\"percute\",\"sur\",\"syst\u00e8me\",\"toit\",\"une\",\"ventilation\",\"voiture\"],\"articleSection\":[\"Belgique\"],\"inLanguage\":\"fr-BE\"},{\"@type\":\"WebPage\",\"@id\":\"https:\/\/vieassociative.be\/actualites\/une-voiture-percute-un-systeme-de-ventilation-lors-dun-entrainement-de-conduite-sur-le-toit-dun-grand-magasin\/\",\"url\":\"https:\/\/vieassociative.be\/actualites\/une-voiture-percute-un-systeme-de-ventilation-lors-dun-entrainement-de-conduite-sur-le-toit-dun-grand-magasin\/\",\"name\":\"Une voiture percute un syst\u00e8me de ventilation lors d'un entra\u00eenement de conduite sur le toit d'un grand magasin | Vie Associative\",\"isPartOf\":{\"@id\":\"https:\/\/vieassociative.be\/actualites\/#website\"},\"primaryImageOfPage\":{\"@id\":\"https:\/\/vieassociative.be\/actualites\/une-voiture-percute-un-systeme-de-ventilation-lors-dun-entrainement-de-conduite-sur-le-toit-dun-grand-magasin\/#primaryimage\"},\"image\":{\"@id\":\"https:\/\/vieassociative.be\/actualites\/une-voiture-percute-un-systeme-de-ventilation-lors-dun-entrainement-de-conduite-sur-le-toit-dun-grand-magasin\/#primaryimage\"},\"thumbnailUrl\":\"https:\/\/vieassociative.be\/actualites\/wp-content\/uploads\/2026\/03\/Kelmis-un-conducteur-rate-et-heurte-un-eleve-pilote.jpeg\",\"datePublished\":\"2026-04-17T03:17:43+00:00\",\"dateModified\":\"2026-04-17T03:17:43+00:00\",\"breadcrumb\":{\"@id\":\"https:\/\/vieassociative.be\/actualites\/une-voiture-percute-un-systeme-de-ventilation-lors-dun-entrainement-de-conduite-sur-le-toit-dun-grand-magasin\/#breadcrumb\"},\"inLanguage\":\"fr-BE\",\"potentialAction\":[{\"@type\":\"ReadAction\",\"target\":[\"https:\/\/vieassociative.be\/actualites\/une-voiture-percute-un-systeme-de-ventilation-lors-dun-entrainement-de-conduite-sur-le-toit-dun-grand-magasin\/\"]}]},{\"@type\":\"ImageObject\",\"inLanguage\":\"fr-BE\",\"@id\":\"https:\/\/vieassociative.be\/actualites\/une-voiture-percute-un-systeme-de-ventilation-lors-dun-entrainement-de-conduite-sur-le-toit-dun-grand-magasin\/#primaryimage\",\"url\":\"https:\/\/vieassociative.be\/actualites\/wp-content\/uploads\/2026\/03\/Kelmis-un-conducteur-rate-et-heurte-un-eleve-pilote.jpeg\",\"contentUrl\":\"https:\/\/vieassociative.be\/actualites\/wp-content\/uploads\/2026\/03\/Kelmis-un-conducteur-rate-et-heurte-un-eleve-pilote.jpeg\",\"width\":1200,\"height\":800,\"caption\":\"Kelmis\u00a0: un conducteur rate et heurte un \u00e9l\u00e8ve-pilote\"},{\"@type\":\"BreadcrumbList\",\"@id\":\"https:\/\/vieassociative.be\/actualites\/une-voiture-percute-un-systeme-de-ventilation-lors-dun-entrainement-de-conduite-sur-le-toit-dun-grand-magasin\/#breadcrumb\",\"itemListElement\":[{\"@type\":\"ListItem\",\"position\":1,\"name\":\"Accueil\",\"item\":\"https:\/\/vieassociative.be\/actualites\/\"},{\"@type\":\"ListItem\",\"position\":2,\"name\":\"Une voiture percute un syst\u00e8me de ventilation lors d&rsquo;un entra\u00eenement de conduite sur le toit d&rsquo;un grand magasin\"}]},{\"@type\":\"WebSite\",\"@id\":\"https:\/\/vieassociative.be\/actualites\/#website\",\"url\":\"https:\/\/vieassociative.be\/actualites\/\",\"name\":\"Vie Associative\",\"description\":\"\",\"publisher\":{\"@id\":\"https:\/\/vieassociative.be\/actualites\/#organization\"},\"potentialAction\":[{\"@type\":\"SearchAction\",\"target\":{\"@type\":\"EntryPoint\",\"urlTemplate\":\"https:\/\/vieassociative.be\/actualites\/?s={search_term_string}\"},\"query-input\":{\"@type\":\"PropertyValueSpecification\",\"valueRequired\":true,\"valueName\":\"search_term_string\"}}],\"inLanguage\":\"fr-BE\"},{\"@type\":\"Organization\",\"@id\":\"https:\/\/vieassociative.be\/actualites\/#organization\",\"name\":\"Vie Associative\",\"url\":\"https:\/\/vieassociative.be\/actualites\/\",\"logo\":{\"@type\":\"ImageObject\",\"inLanguage\":\"fr-BE\",\"@id\":\"https:\/\/vieassociative.be\/actualites\/#\/schema\/logo\/image\/\",\"url\":\"https:\/\/vieassociative.be\/actualites\/wp-content\/uploads\/2024\/09\/cropped-vieassociative_favicon.ico.png\",\"contentUrl\":\"https:\/\/vieassociative.be\/actualites\/wp-content\/uploads\/2024\/09\/cropped-vieassociative_favicon.ico.png\",\"width\":512,\"height\":512,\"caption\":\"Vie Associative\"},\"image\":{\"@id\":\"https:\/\/vieassociative.be\/actualites\/#\/schema\/logo\/image\/\"}},{\"@type\":\"Person\",\"@id\":\"https:\/\/vieassociative.be\/actualites\/#\/schema\/person\/b87ac4f82f9d4e7b7cec7395b679edc4\",\"name\":\"Julien\",\"image\":{\"@type\":\"ImageObject\",\"inLanguage\":\"fr-BE\",\"@id\":\"https:\/\/vieassociative.be\/actualites\/#\/schema\/person\/image\/\",\"url\":\"https:\/\/vieassociative.be\/actualites\/wp-content\/uploads\/2024\/09\/vie-associative-1-150x150.jpg\",\"contentUrl\":\"https:\/\/vieassociative.be\/actualites\/wp-content\/uploads\/2024\/09\/vie-associative-1-150x150.jpg\",\"caption\":\"Julien\"},\"description\":\"Je suis Julien, r\u00e9dacteur pour Vie Associative. Passionn\u00e9 par le monde associatif depuis plus de 10 ans, j'ai \u00e0 c\u0153ur de partager des histoires inspirantes et de mettre en lumi\u00e8re les initiatives locales. Mon objectif est de sensibiliser et d'encourager l'engagement communautaire \u00e0 travers mes articles.\",\"sameAs\":[\"https:\/\/vieassociative.be\/\"]}]}<\/script>\n<!-- \/ Yoast SEO plugin. -->","yoast_head_json":{"title":"Une voiture percute un syst\u00e8me de ventilation lors d'un entra\u00eenement de conduite sur le toit d'un grand magasin | Vie Associative","robots":{"index":"index","follow":"follow","max-snippet":"max-snippet:-1","max-image-preview":"max-image-preview:large","max-video-preview":"max-video-preview:-1"},"canonical":"https:\/\/vieassociative.be\/actualites\/une-voiture-percute-un-systeme-de-ventilation-lors-dun-entrainement-de-conduite-sur-le-toit-dun-grand-magasin\/","og_locale":"fr_FR","og_type":"article","og_title":"Une voiture percute un syst\u00e8me de ventilation lors d'un entra\u00eenement de conduite sur le toit d'un grand magasin | Vie Associative","og_description":"La zone de police de Weser-G\u00f6hl a signal\u00e9 un accident dans son rapport du mercredi 15 avril. Le 14 avril, les services de la zone","og_url":"https:\/\/vieassociative.be\/actualites\/une-voiture-percute-un-systeme-de-ventilation-lors-dun-entrainement-de-conduite-sur-le-toit-dun-grand-magasin\/","og_site_name":"Vie Associative","article_published_time":"2026-04-17T03:17:43+00:00","og_image":[{"width":279,"height":92,"url":"https:\/\/vieassociative.be\/actualites\/wp-content\/uploads\/2024\/09\/header_backgroundk-01-e1726694325946.png","type":"image\/png"}],"author":"Julien","twitter_card":"summary_large_image","twitter_misc":{"\u00c9crit par":"Julien","Dur\u00e9e de lecture est.":"1 minute"},"schema":{"@context":"https:\/\/schema.org","@graph":[{"@type":"Article","@id":"https:\/\/vieassociative.be\/actualites\/une-voiture-percute-un-systeme-de-ventilation-lors-dun-entrainement-de-conduite-sur-le-toit-dun-grand-magasin\/#article","isPartOf":{"@id":"https:\/\/vieassociative.be\/actualites\/une-voiture-percute-un-systeme-de-ventilation-lors-dun-entrainement-de-conduite-sur-le-toit-dun-grand-magasin\/"},"author":{"name":"Julien","@id":"https:\/\/vieassociative.be\/actualites\/#\/schema\/person\/b87ac4f82f9d4e7b7cec7395b679edc4"},"headline":"Une voiture percute un syst\u00e8me de ventilation lors d&rsquo;un entra\u00eenement de conduite sur le toit d&rsquo;un grand magasin","datePublished":"2026-04-17T03:17:43+00:00","dateModified":"2026-04-17T03:17:43+00:00","mainEntityOfPage":{"@id":"https:\/\/vieassociative.be\/actualites\/une-voiture-percute-un-systeme-de-ventilation-lors-dun-entrainement-de-conduite-sur-le-toit-dun-grand-magasin\/"},"wordCount":183,"publisher":{"@id":"https:\/\/vieassociative.be\/actualites\/#organization"},"image":{"@id":"https:\/\/vieassociative.be\/actualites\/une-voiture-percute-un-systeme-de-ventilation-lors-dun-entrainement-de-conduite-sur-le-toit-dun-grand-magasin\/#primaryimage"},"thumbnailUrl":"https:\/\/vieassociative.be\/actualites\/wp-content\/uploads\/2026\/03\/Kelmis-un-conducteur-rate-et-heurte-un-eleve-pilote.jpeg","keywords":["conduite","dun","entra\u00eenement","grand","lors","magasin","percute","sur","syst\u00e8me","toit","une","ventilation","voiture"],"articleSection":["Belgique"],"inLanguage":"fr-BE"},{"@type":"WebPage","@id":"https:\/\/vieassociative.be\/actualites\/une-voiture-percute-un-systeme-de-ventilation-lors-dun-entrainement-de-conduite-sur-le-toit-dun-grand-magasin\/","url":"https:\/\/vieassociative.be\/actualites\/une-voiture-percute-un-systeme-de-ventilation-lors-dun-entrainement-de-conduite-sur-le-toit-dun-grand-magasin\/","name":"Une voiture percute un syst\u00e8me de ventilation lors d'un entra\u00eenement de conduite sur le toit d'un grand magasin | Vie Associative","isPartOf":{"@id":"https:\/\/vieassociative.be\/actualites\/#website"},"primaryImageOfPage":{"@id":"https:\/\/vieassociative.be\/actualites\/une-voiture-percute-un-systeme-de-ventilation-lors-dun-entrainement-de-conduite-sur-le-toit-dun-grand-magasin\/#primaryimage"},"image":{"@id":"https:\/\/vieassociative.be\/actualites\/une-voiture-percute-un-systeme-de-ventilation-lors-dun-entrainement-de-conduite-sur-le-toit-dun-grand-magasin\/#primaryimage"},"thumbnailUrl":"https:\/\/vieassociative.be\/actualites\/wp-content\/uploads\/2026\/03\/Kelmis-un-conducteur-rate-et-heurte-un-eleve-pilote.jpeg","datePublished":"2026-04-17T03:17:43+00:00","dateModified":"2026-04-17T03:17:43+00:00","breadcrumb":{"@id":"https:\/\/vieassociative.be\/actualites\/une-voiture-percute-un-systeme-de-ventilation-lors-dun-entrainement-de-conduite-sur-le-toit-dun-grand-magasin\/#breadcrumb"},"inLanguage":"fr-BE","potentialAction":[{"@type":"ReadAction","target":["https:\/\/vieassociative.be\/actualites\/une-voiture-percute-un-systeme-de-ventilation-lors-dun-entrainement-de-conduite-sur-le-toit-dun-grand-magasin\/"]}]},{"@type":"ImageObject","inLanguage":"fr-BE","@id":"https:\/\/vieassociative.be\/actualites\/une-voiture-percute-un-systeme-de-ventilation-lors-dun-entrainement-de-conduite-sur-le-toit-dun-grand-magasin\/#primaryimage","url":"https:\/\/vieassociative.be\/actualites\/wp-content\/uploads\/2026\/03\/Kelmis-un-conducteur-rate-et-heurte-un-eleve-pilote.jpeg","contentUrl":"https:\/\/vieassociative.be\/actualites\/wp-content\/uploads\/2026\/03\/Kelmis-un-conducteur-rate-et-heurte-un-eleve-pilote.jpeg","width":1200,"height":800,"caption":"Kelmis\u00a0: un conducteur rate et heurte un \u00e9l\u00e8ve-pilote"},{"@type":"BreadcrumbList","@id":"https:\/\/vieassociative.be\/actualites\/une-voiture-percute-un-systeme-de-ventilation-lors-dun-entrainement-de-conduite-sur-le-toit-dun-grand-magasin\/#breadcrumb","itemListElement":[{"@type":"ListItem","position":1,"name":"Accueil","item":"https:\/\/vieassociative.be\/actualites\/"},{"@type":"ListItem","position":2,"name":"Une voiture percute un syst\u00e8me de ventilation lors d&rsquo;un entra\u00eenement de conduite sur le toit d&rsquo;un grand magasin"}]},{"@type":"WebSite","@id":"https:\/\/vieassociative.be\/actualites\/#website","url":"https:\/\/vieassociative.be\/actualites\/","name":"Vie Associative","description":"","publisher":{"@id":"https:\/\/vieassociative.be\/actualites\/#organization"},"potentialAction":[{"@type":"SearchAction","target":{"@type":"EntryPoint","urlTemplate":"https:\/\/vieassociative.be\/actualites\/?s={search_term_string}"},"query-input":{"@type":"PropertyValueSpecification","valueRequired":true,"valueName":"search_term_string"}}],"inLanguage":"fr-BE"},{"@type":"Organization","@id":"https:\/\/vieassociative.be\/actualites\/#organization","name":"Vie Associative","url":"https:\/\/vieassociative.be\/actualites\/","logo":{"@type":"ImageObject","inLanguage":"fr-BE","@id":"https:\/\/vieassociative.be\/actualites\/#\/schema\/logo\/image\/","url":"https:\/\/vieassociative.be\/actualites\/wp-content\/uploads\/2024\/09\/cropped-vieassociative_favicon.ico.png","contentUrl":"https:\/\/vieassociative.be\/actualites\/wp-content\/uploads\/2024\/09\/cropped-vieassociative_favicon.ico.png","width":512,"height":512,"caption":"Vie Associative"},"image":{"@id":"https:\/\/vieassociative.be\/actualites\/#\/schema\/logo\/image\/"}},{"@type":"Person","@id":"https:\/\/vieassociative.be\/actualites\/#\/schema\/person\/b87ac4f82f9d4e7b7cec7395b679edc4","name":"Julien","image":{"@type":"ImageObject","inLanguage":"fr-BE","@id":"https:\/\/vieassociative.be\/actualites\/#\/schema\/person\/image\/","url":"https:\/\/vieassociative.be\/actualites\/wp-content\/uploads\/2024\/09\/vie-associative-1-150x150.jpg","contentUrl":"https:\/\/vieassociative.be\/actualites\/wp-content\/uploads\/2024\/09\/vie-associative-1-150x150.jpg","caption":"Julien"},"description":"Je suis Julien, r\u00e9dacteur pour Vie Associative. Passionn\u00e9 par le monde associatif depuis plus de 10 ans, j'ai \u00e0 c\u0153ur de partager des histoires inspirantes et de mettre en lumi\u00e8re les initiatives locales. Mon objectif est de sensibiliser et d'encourager l'engagement communautaire \u00e0 travers mes articles.","sameAs":["https:\/\/vieassociative.be\/"]}]}},"_links":{"self":[{"href":"https:\/\/vieassociative.be\/actualites\/wp-json\/wp\/v2\/posts\/13472"}],"collection":[{"href":"https:\/\/vieassociative.be\/actualites\/wp-json\/wp\/v2\/posts"}],"about":[{"href":"https:\/\/vieassociative.be\/actualites\/wp-json\/wp\/v2\/types\/post"}],"author":[{"embeddable":true,"href":"https:\/\/vieassociative.be\/actualites\/wp-json\/wp\/v2\/users\/1"}],"replies":[{"embeddable":true,"href":"https:\/\/vieassociative.be\/actualites\/wp-json\/wp\/v2\/comments?post=13472"}],"version-history":[{"count":0,"href":"https:\/\/vieassociative.be\/actualites\/wp-json\/wp\/v2\/posts\/13472\/revisions"}],"wp:featuredmedia":[{"embeddable":true,"href":"https:\/\/vieassociative.be\/actualites\/wp-json\/wp\/v2\/media\/13106"}],"wp:attachment":[{"href":"https:\/\/vieassociative.be\/actualites\/wp-json\/wp\/v2\/media?parent=13472"}],"wp:term":[{"taxonomy":"category","embeddable":true,"href":"https:\/\/vieassociative.be\/actualites\/wp-json\/wp\/v2\/categories?post=13472"},{"taxonomy":"post_tag","embeddable":true,"href":"https:\/\/vieassociative.be\/actualites\/wp-json\/wp\/v2\/tags?post=13472"}],"curies":[{"name":"wp","href":"https:\/\/api.w.org\/{rel}","templated":true}]}}