{"id":13468,"date":"2026-04-16T23:17:36","date_gmt":"2026-04-16T21:17:36","guid":{"rendered":"https:\/\/vieassociative.be\/actualites\/le-bayern-respecte-t-il-le-specialiste-du-retour-du-real-madrid-vincent-kompany-comme-raymond-goethals-en-1993\/"},"modified":"2026-04-16T23:17:36","modified_gmt":"2026-04-16T21:17:36","slug":"le-bayern-respecte-t-il-le-specialiste-du-retour-du-real-madrid-vincent-kompany-comme-raymond-goethals-en-1993","status":"publish","type":"post","link":"https:\/\/vieassociative.be\/actualites\/le-bayern-respecte-t-il-le-specialiste-du-retour-du-real-madrid-vincent-kompany-comme-raymond-goethals-en-1993\/","title":{"rendered":"Le Bayern respecte-t-il le sp\u00e9cialiste du retour du Real Madrid \u2013 Vincent Kompany comme Raymond Goethals en 1993 ?"},"content":{"rendered":"<p><strong>Lorsque le FC Bayern Munich rencontre le Real Madrid ce soir \u00e0 l&rsquo;Allianz Arena (21h \/ en direct en Belgique sur RTL Club, vtm2 et pickx+sports), l&rsquo;enjeu est bien plus qu&rsquo;une simple place en demi-finale de la Ligue des champions. Il s&rsquo;agit d&rsquo;un duel entre deux g\u00e9ants europ\u00e9ens qui est synonyme de drame, de grandes \u00e9motions et de moments inoubliables depuis des d\u00e9cennies &#8211; et ce quart de finale retour promet exactement cela.<\/strong><\/p>\n<p><span id=\"more-438429\"><\/span>Avec la victoire 2-1 \u00e0 l&rsquo;aller au match aller, l&rsquo;\u00e9quipe munichoise s&rsquo;est plac\u00e9e dans une bonne position de d\u00e9part, mais \u00e0 Munich, nous le savons trop bien : aucune avance n&rsquo;est jamais vraiment s\u00fbre contre le Real Madrid. Les Royals ont gagn\u00e9 au fil des ann\u00e9es leur r\u00e9putation de sp\u00e9cialistes du come-back, et c&rsquo;est justement ce danger latent qui r\u00e9sonne avant le coup d&rsquo;envoi.<\/p>\n<p>L&rsquo;entra\u00eeneur du Bayern, Vincent Kompany, pourrait devenir le deuxi\u00e8me Belge \u00e0 remporter la Ligue des champions en tant qu&rsquo;entra\u00eeneur &#8211; apr\u00e8s Raymond Goethals, vainqueur avec l&rsquo;Olympique de Marseille en 1993. Mais Kompany ne pense pas aux records ni \u00e0 l&rsquo;histoire, mais plut\u00f4t \u00e0 la t\u00e2che qui l&rsquo;attend.<\/p>\n<div id=\"attachment_438285\" class=\"wp-caption alignleft\" style=\"max-width: 300px\"><img fetchpriority=\"high\" decoding=\"async\" class=\"wp-image-438285 size-medium\" src=\"https:\/\/vieassociative.be\/actualites\/wp-content\/uploads\/2026\/04\/Le-Bayern-respecte-t-il-le-specialiste-du-retour-du-Real-Madrid.jpg\" alt=\"\" width=\"300\" height=\"200\"><\/div>\n<p>\u00ab\u00a0Nous avons gagn\u00e9, mais nous devons encore tenir le coup\u00a0\u00bb, a-t-il soulign\u00e9 apr\u00e8s le match aller, pr\u00e9cisant qu&rsquo;il ne laissait aucune place \u00e0 l&rsquo;autosatisfaction. Avant le match retour, il \u00e9tait encore plus clair : \u00ab\u00a0Je sais que ce duel n&rsquo;est pas encore termin\u00e9.\u00a0\u00bb<\/p>\n<p>Ce m\u00e9lange de confiance en soi et de vigilance caract\u00e9rise l&rsquo;approche de Kompany. Il sait que son \u00e9quipe a gagn\u00e9 le respect au Bernabeu, mais aussi que c&rsquo;est pr\u00e9cis\u00e9ment dans de telles situations que le Real Madrid d\u00e9veloppe sa plus grande force. En interne, il a apparemment \u00e9galement pr\u00e9par\u00e9 son \u00e9quipe \u00e0 un \u00e9ventuel sc\u00e9nario dans lequel les Espagnols contre-attaquent, signe de sa clairvoyance strat\u00e9gique et de sa vision sobre du jeu.<\/p>\n<p>Sur le plan sportif, le Bayern devrait encore une fois s&rsquo;appuyer sur un pressing intensif et un jeu rapide sur les ailes pour mettre le Real sous pression d\u00e8s le d\u00e9but et l&#8217;emp\u00eacher de se lancer dans son propre jeu de combinaison. Dans le m\u00eame temps, la stabilit\u00e9 d\u00e9fensive sera cruciale, car la classe individuelle des Madril\u00e8nes peut capitaliser m\u00eame quelques occasions avec leurs attaquants ultra-rapides Kylian Mbapp\u00e9 et Vin\u00edcius Junior. C\u2019est exactement l\u00e0 que r\u00e9side le d\u00e9fi : garder le contr\u00f4le sans perdre sa propre puissance offensive.<\/p>\n<p>En revanche, le Real Madrid arrive avec la certitude qu&rsquo;un seul instant peut faire basculer tout le duel. La force mentale et l\u2019exp\u00e9rience dans de tels matchs \u00e0 \u00e9limination directe ne peuvent gu\u00e8re \u00eatre surestim\u00e9es. C&rsquo;est cette aura qui rend souvent les adversaires nerveux, m\u00eame lorsqu&rsquo;ils ont r\u00e9ellement l&rsquo;avantage.<\/p>\n<div id=\"attachment_438434\" class=\"wp-caption alignleft\" style=\"max-width: 300px\"><img decoding=\"async\" class=\"wp-image-438434 size-medium\" src=\"https:\/\/vieassociative.be\/actualites\/wp-content\/uploads\/2026\/04\/1776374256_279_Le-Bayern-respecte-t-il-le-specialiste-du-retour-du-Real-Madrid.jpg\" alt=\"\" width=\"300\" height=\"206\"  ><\/div>\n<p>L\u2019ambiance pourrait \u00e9galement jouer un r\u00f4le cl\u00e9. L\u2019Allianz Arena va br\u00fbler, les supporters munichois pousseront chaque action en avant et tenteront de donner le fameux \u00ab douzi\u00e8me homme \u00bb. Mais paradoxalement, ce sont pr\u00e9cis\u00e9ment ces soir\u00e9es o\u00f9 le Real Madrid se montre particuli\u00e8rement dangereux : grande sc\u00e8ne, pression maximale, impact maximal.<\/p>\n<p>Au final, ce match n&rsquo;est pas seulement une lutte pour les demi-finales, mais aussi une r\u00e9f\u00e9rence pour Vincent Kompany en tant qu&rsquo;entra\u00eeneur au plus haut niveau absolu.<\/p>\n<p>S\u2019il parvient \u00e0 trouver le juste \u00e9quilibre entre courage et contr\u00f4le, il pourrait non seulement continuer \u00e0 diriger le Bayern, mais aussi \u00e9crire un autre chapitre de l\u2019histoire des entra\u00eeneurs belges. S\u2019il \u00e9choue, ce serait probablement l\u2019une de ces am\u00e8res le\u00e7ons que presque tous les grands entra\u00eeneurs doivent traverser pour atteindre le sommet. Ou, comme Kompany lui-m\u00eame l\u2019a dit d\u2019un ton neutre : \u00ab Cela d\u00e9pend de tellement de choses. \u00bb C&rsquo;est exactement ce qui rend cette soir\u00e9e si sp\u00e9ciale \u2013 et si impr\u00e9visible.<\/p>\n<p>Avant le match retour d\u00e9cisif contre le Real Madrid, le FC Bayern est sous haute tension non seulement sur le plan sportif mais aussi sur le plan de la discipline. Quatre d\u00e9fenseurs r\u00e9guliers abordent la soir\u00e9e dans une situation d\u00e9licate : Manuel Neuer, Jonathan Tah, Dayot Upamecano et Konrad Laimer ne sont chacun qu&rsquo;\u00e0 un carton jaune d&rsquo;une suspension. Si l&rsquo;un d&rsquo;eux \u00e9tait averti et que le Bayern progressait en m\u00eame temps, il raterait la demi-finale aller contre le champion en titre, le Paris Saint-Germain &#8211; un sc\u00e9nario qui complique encore davantage une t\u00e2che d\u00e9j\u00e0 exigeante. (cr\u00e9\/dpa)<\/p>\n<p><em><strong>Sur le sujet, voir aussi l&rsquo;article suivant sur l&rsquo;OD :<\/strong><\/em><\/p>\n<div class=\"responsive-embed widescreen\">\n<blockquote class=\"wp-embedded-content\" data-secret=\"iG9Xu3FyAP\">\n<p>Le FC Bayern de Kompany am\u00e9liore le record de buts \u00e9tabli depuis 54 ans par Beckenbauer, Gerd M\u00fcller &#038; Co.<\/p>\n<\/blockquote>\n<p><iframe loading=\"lazy\" class=\"wp-embedded-content\" sandbox=\"allow-scripts\" security=\"restricted\" style=\"position: absolute; visibility: hidden;\" title=\"\u201eKompanys FC Bayern verbessert 54 Jahre alten Torrekord von Beckenbauer, Gerd M\u00fcller &amp; Co.\u201c \u2013 Ostbelgien Direkt\" src=\"https:\/\/ostbelgiendirekt.be\/about:blank\" data-secret=\"iG9Xu3FyAP\" width=\"500\" height=\"282\" frameborder=\"0\" marginwidth=\"0\" marginheight=\"0\" scrolling=\"no\" data-rocket-lazyload=\"fitvidscompatible\" data-lazy-src=\"https:\/\/ostbelgiendirekt.be\/bayern-bundesliga-torrekord-438359\/embed#?secret=QFHpEyhXGX#?secret=iG9Xu3FyAP\"><\/iframe><noscript><iframe class=\"wp-embedded-content\" sandbox=\"allow-scripts\" security=\"restricted\" style=\"position: absolute; visibility: hidden;\" title=\"\u201eKompanys FC Bayern verbessert 54 Jahre alten Torrekord von Beckenbauer, Gerd M\u00fcller &amp; Co.\u201c \u2013 Ostbelgien Direkt\" src=\"https:\/\/ostbelgiendirekt.be\/bayern-bundesliga-torrekord-438359\/embed#?secret=QFHpEyhXGX#?secret=iG9Xu3FyAP\" data-secret=\"iG9Xu3FyAP\" width=\"500\" height=\"282\" frameborder=\"0\" marginwidth=\"0\" marginheight=\"0\" scrolling=\"no\"><\/iframe><\/noscript><\/p>\n<\/div>\n","protected":false},"excerpt":{"rendered":"<p>Lorsque le FC Bayern Munich rencontre le Real Madrid ce soir \u00e0 l&rsquo;Allianz Arena (21h \/ en direct en Belgique sur RTL Club, vtm2 et<\/p>\n","protected":false},"author":1,"featured_media":13469,"comment_status":"","ping_status":"","sticky":false,"template":"","format":"standard","meta":{"footnotes":""},"categories":[298],"tags":[2298,1254,10499,4024,2301,10498,369,10497,787,611,4513],"class_list":["post-13468","post","type-post","status-publish","format-standard","has-post-thumbnail","hentry","category-belgique","tag-bayern","tag-comme","tag-goethals","tag-kompany","tag-madrid","tag-raymond","tag-real","tag-respectetil","tag-retour","tag-specialiste","tag-vincent","generate-columns","tablet-grid-50","mobile-grid-100","grid-parent","grid-33"],"yoast_head":"<!-- This site is optimized with the Yoast SEO plugin v24.0 - https:\/\/yoast.com\/wordpress\/plugins\/seo\/ -->\n<title>Le Bayern respecte-t-il le sp\u00e9cialiste du retour du Real Madrid \u2013 Vincent Kompany comme Raymond Goethals en 1993 ? | Vie Associative<\/title>\n<meta name=\"robots\" content=\"index, follow, max-snippet:-1, max-image-preview:large, max-video-preview:-1\" \/>\n<link rel=\"canonical\" href=\"https:\/\/vieassociative.be\/actualites\/le-bayern-respecte-t-il-le-specialiste-du-retour-du-real-madrid-vincent-kompany-comme-raymond-goethals-en-1993\/\" \/>\n<meta property=\"og:locale\" content=\"fr_FR\" \/>\n<meta property=\"og:type\" content=\"article\" \/>\n<meta property=\"og:title\" content=\"Le Bayern respecte-t-il le sp\u00e9cialiste du retour du Real Madrid \u2013 Vincent Kompany comme Raymond Goethals en 1993 ? | Vie Associative\" \/>\n<meta property=\"og:description\" content=\"Lorsque le FC Bayern Munich rencontre le Real Madrid ce soir \u00e0 l&rsquo;Allianz Arena (21h \/ en direct en Belgique sur RTL Club, vtm2 et\" \/>\n<meta property=\"og:url\" content=\"https:\/\/vieassociative.be\/actualites\/le-bayern-respecte-t-il-le-specialiste-du-retour-du-real-madrid-vincent-kompany-comme-raymond-goethals-en-1993\/\" \/>\n<meta property=\"og:site_name\" content=\"Vie Associative\" \/>\n<meta property=\"article:published_time\" content=\"2026-04-16T21:17:36+00:00\" \/>\n<meta property=\"og:image\" content=\"https:\/\/vieassociative.be\/actualites\/wp-content\/uploads\/2024\/09\/header_backgroundk-01-e1726694325946.png\" \/>\n\t<meta property=\"og:image:width\" content=\"279\" \/>\n\t<meta property=\"og:image:height\" content=\"92\" \/>\n\t<meta property=\"og:image:type\" content=\"image\/png\" \/>\n<meta name=\"author\" content=\"Julien\" \/>\n<meta name=\"twitter:card\" content=\"summary_large_image\" \/>\n<meta name=\"twitter:label1\" content=\"\u00c9crit par\" \/>\n\t<meta name=\"twitter:data1\" content=\"Julien\" \/>\n\t<meta name=\"twitter:label2\" content=\"Dur\u00e9e de lecture est.\" \/>\n\t<meta name=\"twitter:data2\" content=\"4 minutes\" \/>\n<script type=\"application\/ld+json\" class=\"yoast-schema-graph\">{\"@context\":\"https:\/\/schema.org\",\"@graph\":[{\"@type\":\"Article\",\"@id\":\"https:\/\/vieassociative.be\/actualites\/le-bayern-respecte-t-il-le-specialiste-du-retour-du-real-madrid-vincent-kompany-comme-raymond-goethals-en-1993\/#article\",\"isPartOf\":{\"@id\":\"https:\/\/vieassociative.be\/actualites\/le-bayern-respecte-t-il-le-specialiste-du-retour-du-real-madrid-vincent-kompany-comme-raymond-goethals-en-1993\/\"},\"author\":{\"name\":\"Julien\",\"@id\":\"https:\/\/vieassociative.be\/actualites\/#\/schema\/person\/b87ac4f82f9d4e7b7cec7395b679edc4\"},\"headline\":\"Le Bayern respecte-t-il le sp\u00e9cialiste du retour du Real Madrid \u2013 Vincent Kompany comme Raymond Goethals en 1993 ?\",\"datePublished\":\"2026-04-16T21:17:36+00:00\",\"dateModified\":\"2026-04-16T21:17:36+00:00\",\"mainEntityOfPage\":{\"@id\":\"https:\/\/vieassociative.be\/actualites\/le-bayern-respecte-t-il-le-specialiste-du-retour-du-real-madrid-vincent-kompany-comme-raymond-goethals-en-1993\/\"},\"wordCount\":836,\"publisher\":{\"@id\":\"https:\/\/vieassociative.be\/actualites\/#organization\"},\"image\":{\"@id\":\"https:\/\/vieassociative.be\/actualites\/le-bayern-respecte-t-il-le-specialiste-du-retour-du-real-madrid-vincent-kompany-comme-raymond-goethals-en-1993\/#primaryimage\"},\"thumbnailUrl\":\"https:\/\/vieassociative.be\/actualites\/wp-content\/uploads\/2026\/04\/1776374257_Le-Bayern-respecte-t-il-le-specialiste-du-retour-du-Real-Madrid.jpg\",\"keywords\":[\"Bayern\",\"comme\",\"Goethals\",\"Kompany\",\"Madrid\",\"Raymond\",\"Real\",\"respectetil\",\"retour\",\"sp\u00e9cialiste\",\"Vincent\"],\"articleSection\":[\"Belgique\"],\"inLanguage\":\"fr-BE\"},{\"@type\":\"WebPage\",\"@id\":\"https:\/\/vieassociative.be\/actualites\/le-bayern-respecte-t-il-le-specialiste-du-retour-du-real-madrid-vincent-kompany-comme-raymond-goethals-en-1993\/\",\"url\":\"https:\/\/vieassociative.be\/actualites\/le-bayern-respecte-t-il-le-specialiste-du-retour-du-real-madrid-vincent-kompany-comme-raymond-goethals-en-1993\/\",\"name\":\"Le Bayern respecte-t-il le sp\u00e9cialiste du retour du Real Madrid \u2013 Vincent Kompany comme Raymond Goethals en 1993 ? | Vie Associative\",\"isPartOf\":{\"@id\":\"https:\/\/vieassociative.be\/actualites\/#website\"},\"primaryImageOfPage\":{\"@id\":\"https:\/\/vieassociative.be\/actualites\/le-bayern-respecte-t-il-le-specialiste-du-retour-du-real-madrid-vincent-kompany-comme-raymond-goethals-en-1993\/#primaryimage\"},\"image\":{\"@id\":\"https:\/\/vieassociative.be\/actualites\/le-bayern-respecte-t-il-le-specialiste-du-retour-du-real-madrid-vincent-kompany-comme-raymond-goethals-en-1993\/#primaryimage\"},\"thumbnailUrl\":\"https:\/\/vieassociative.be\/actualites\/wp-content\/uploads\/2026\/04\/1776374257_Le-Bayern-respecte-t-il-le-specialiste-du-retour-du-Real-Madrid.jpg\",\"datePublished\":\"2026-04-16T21:17:36+00:00\",\"dateModified\":\"2026-04-16T21:17:36+00:00\",\"breadcrumb\":{\"@id\":\"https:\/\/vieassociative.be\/actualites\/le-bayern-respecte-t-il-le-specialiste-du-retour-du-real-madrid-vincent-kompany-comme-raymond-goethals-en-1993\/#breadcrumb\"},\"inLanguage\":\"fr-BE\",\"potentialAction\":[{\"@type\":\"ReadAction\",\"target\":[\"https:\/\/vieassociative.be\/actualites\/le-bayern-respecte-t-il-le-specialiste-du-retour-du-real-madrid-vincent-kompany-comme-raymond-goethals-en-1993\/\"]}]},{\"@type\":\"ImageObject\",\"inLanguage\":\"fr-BE\",\"@id\":\"https:\/\/vieassociative.be\/actualites\/le-bayern-respecte-t-il-le-specialiste-du-retour-du-real-madrid-vincent-kompany-comme-raymond-goethals-en-1993\/#primaryimage\",\"url\":\"https:\/\/vieassociative.be\/actualites\/wp-content\/uploads\/2026\/04\/1776374257_Le-Bayern-respecte-t-il-le-specialiste-du-retour-du-Real-Madrid.jpg\",\"contentUrl\":\"https:\/\/vieassociative.be\/actualites\/wp-content\/uploads\/2026\/04\/1776374257_Le-Bayern-respecte-t-il-le-specialiste-du-retour-du-Real-Madrid.jpg\",\"width\":1200,\"height\":876,\"caption\":\"Le Bayern respecte-t-il le sp\u00e9cialiste du retour du Real Madrid \u2013 Vincent Kompany comme Raymond Goethals en 1993 ?\"},{\"@type\":\"BreadcrumbList\",\"@id\":\"https:\/\/vieassociative.be\/actualites\/le-bayern-respecte-t-il-le-specialiste-du-retour-du-real-madrid-vincent-kompany-comme-raymond-goethals-en-1993\/#breadcrumb\",\"itemListElement\":[{\"@type\":\"ListItem\",\"position\":1,\"name\":\"Accueil\",\"item\":\"https:\/\/vieassociative.be\/actualites\/\"},{\"@type\":\"ListItem\",\"position\":2,\"name\":\"Le Bayern respecte-t-il le sp\u00e9cialiste du retour du Real Madrid \u2013 Vincent Kompany comme Raymond Goethals en 1993 ?\"}]},{\"@type\":\"WebSite\",\"@id\":\"https:\/\/vieassociative.be\/actualites\/#website\",\"url\":\"https:\/\/vieassociative.be\/actualites\/\",\"name\":\"Vie Associative\",\"description\":\"\",\"publisher\":{\"@id\":\"https:\/\/vieassociative.be\/actualites\/#organization\"},\"potentialAction\":[{\"@type\":\"SearchAction\",\"target\":{\"@type\":\"EntryPoint\",\"urlTemplate\":\"https:\/\/vieassociative.be\/actualites\/?s={search_term_string}\"},\"query-input\":{\"@type\":\"PropertyValueSpecification\",\"valueRequired\":true,\"valueName\":\"search_term_string\"}}],\"inLanguage\":\"fr-BE\"},{\"@type\":\"Organization\",\"@id\":\"https:\/\/vieassociative.be\/actualites\/#organization\",\"name\":\"Vie Associative\",\"url\":\"https:\/\/vieassociative.be\/actualites\/\",\"logo\":{\"@type\":\"ImageObject\",\"inLanguage\":\"fr-BE\",\"@id\":\"https:\/\/vieassociative.be\/actualites\/#\/schema\/logo\/image\/\",\"url\":\"https:\/\/vieassociative.be\/actualites\/wp-content\/uploads\/2024\/09\/cropped-vieassociative_favicon.ico.png\",\"contentUrl\":\"https:\/\/vieassociative.be\/actualites\/wp-content\/uploads\/2024\/09\/cropped-vieassociative_favicon.ico.png\",\"width\":512,\"height\":512,\"caption\":\"Vie Associative\"},\"image\":{\"@id\":\"https:\/\/vieassociative.be\/actualites\/#\/schema\/logo\/image\/\"}},{\"@type\":\"Person\",\"@id\":\"https:\/\/vieassociative.be\/actualites\/#\/schema\/person\/b87ac4f82f9d4e7b7cec7395b679edc4\",\"name\":\"Julien\",\"image\":{\"@type\":\"ImageObject\",\"inLanguage\":\"fr-BE\",\"@id\":\"https:\/\/vieassociative.be\/actualites\/#\/schema\/person\/image\/\",\"url\":\"https:\/\/vieassociative.be\/actualites\/wp-content\/uploads\/2024\/09\/vie-associative-1-150x150.jpg\",\"contentUrl\":\"https:\/\/vieassociative.be\/actualites\/wp-content\/uploads\/2024\/09\/vie-associative-1-150x150.jpg\",\"caption\":\"Julien\"},\"description\":\"Je suis Julien, r\u00e9dacteur pour Vie Associative. Passionn\u00e9 par le monde associatif depuis plus de 10 ans, j'ai \u00e0 c\u0153ur de partager des histoires inspirantes et de mettre en lumi\u00e8re les initiatives locales. Mon objectif est de sensibiliser et d'encourager l'engagement communautaire \u00e0 travers mes articles.\",\"sameAs\":[\"https:\/\/vieassociative.be\/\"]}]}<\/script>\n<!-- \/ Yoast SEO plugin. -->","yoast_head_json":{"title":"Le Bayern respecte-t-il le sp\u00e9cialiste du retour du Real Madrid \u2013 Vincent Kompany comme Raymond Goethals en 1993 ? | Vie Associative","robots":{"index":"index","follow":"follow","max-snippet":"max-snippet:-1","max-image-preview":"max-image-preview:large","max-video-preview":"max-video-preview:-1"},"canonical":"https:\/\/vieassociative.be\/actualites\/le-bayern-respecte-t-il-le-specialiste-du-retour-du-real-madrid-vincent-kompany-comme-raymond-goethals-en-1993\/","og_locale":"fr_FR","og_type":"article","og_title":"Le Bayern respecte-t-il le sp\u00e9cialiste du retour du Real Madrid \u2013 Vincent Kompany comme Raymond Goethals en 1993 ? | Vie Associative","og_description":"Lorsque le FC Bayern Munich rencontre le Real Madrid ce soir \u00e0 l&rsquo;Allianz Arena (21h \/ en direct en Belgique sur RTL Club, vtm2 et","og_url":"https:\/\/vieassociative.be\/actualites\/le-bayern-respecte-t-il-le-specialiste-du-retour-du-real-madrid-vincent-kompany-comme-raymond-goethals-en-1993\/","og_site_name":"Vie Associative","article_published_time":"2026-04-16T21:17:36+00:00","og_image":[{"width":279,"height":92,"url":"https:\/\/vieassociative.be\/actualites\/wp-content\/uploads\/2024\/09\/header_backgroundk-01-e1726694325946.png","type":"image\/png"}],"author":"Julien","twitter_card":"summary_large_image","twitter_misc":{"\u00c9crit par":"Julien","Dur\u00e9e de lecture est.":"4 minutes"},"schema":{"@context":"https:\/\/schema.org","@graph":[{"@type":"Article","@id":"https:\/\/vieassociative.be\/actualites\/le-bayern-respecte-t-il-le-specialiste-du-retour-du-real-madrid-vincent-kompany-comme-raymond-goethals-en-1993\/#article","isPartOf":{"@id":"https:\/\/vieassociative.be\/actualites\/le-bayern-respecte-t-il-le-specialiste-du-retour-du-real-madrid-vincent-kompany-comme-raymond-goethals-en-1993\/"},"author":{"name":"Julien","@id":"https:\/\/vieassociative.be\/actualites\/#\/schema\/person\/b87ac4f82f9d4e7b7cec7395b679edc4"},"headline":"Le Bayern respecte-t-il le sp\u00e9cialiste du retour du Real Madrid \u2013 Vincent Kompany comme Raymond Goethals en 1993 ?","datePublished":"2026-04-16T21:17:36+00:00","dateModified":"2026-04-16T21:17:36+00:00","mainEntityOfPage":{"@id":"https:\/\/vieassociative.be\/actualites\/le-bayern-respecte-t-il-le-specialiste-du-retour-du-real-madrid-vincent-kompany-comme-raymond-goethals-en-1993\/"},"wordCount":836,"publisher":{"@id":"https:\/\/vieassociative.be\/actualites\/#organization"},"image":{"@id":"https:\/\/vieassociative.be\/actualites\/le-bayern-respecte-t-il-le-specialiste-du-retour-du-real-madrid-vincent-kompany-comme-raymond-goethals-en-1993\/#primaryimage"},"thumbnailUrl":"https:\/\/vieassociative.be\/actualites\/wp-content\/uploads\/2026\/04\/1776374257_Le-Bayern-respecte-t-il-le-specialiste-du-retour-du-Real-Madrid.jpg","keywords":["Bayern","comme","Goethals","Kompany","Madrid","Raymond","Real","respectetil","retour","sp\u00e9cialiste","Vincent"],"articleSection":["Belgique"],"inLanguage":"fr-BE"},{"@type":"WebPage","@id":"https:\/\/vieassociative.be\/actualites\/le-bayern-respecte-t-il-le-specialiste-du-retour-du-real-madrid-vincent-kompany-comme-raymond-goethals-en-1993\/","url":"https:\/\/vieassociative.be\/actualites\/le-bayern-respecte-t-il-le-specialiste-du-retour-du-real-madrid-vincent-kompany-comme-raymond-goethals-en-1993\/","name":"Le Bayern respecte-t-il le sp\u00e9cialiste du retour du Real Madrid \u2013 Vincent Kompany comme Raymond Goethals en 1993 ? | Vie Associative","isPartOf":{"@id":"https:\/\/vieassociative.be\/actualites\/#website"},"primaryImageOfPage":{"@id":"https:\/\/vieassociative.be\/actualites\/le-bayern-respecte-t-il-le-specialiste-du-retour-du-real-madrid-vincent-kompany-comme-raymond-goethals-en-1993\/#primaryimage"},"image":{"@id":"https:\/\/vieassociative.be\/actualites\/le-bayern-respecte-t-il-le-specialiste-du-retour-du-real-madrid-vincent-kompany-comme-raymond-goethals-en-1993\/#primaryimage"},"thumbnailUrl":"https:\/\/vieassociative.be\/actualites\/wp-content\/uploads\/2026\/04\/1776374257_Le-Bayern-respecte-t-il-le-specialiste-du-retour-du-Real-Madrid.jpg","datePublished":"2026-04-16T21:17:36+00:00","dateModified":"2026-04-16T21:17:36+00:00","breadcrumb":{"@id":"https:\/\/vieassociative.be\/actualites\/le-bayern-respecte-t-il-le-specialiste-du-retour-du-real-madrid-vincent-kompany-comme-raymond-goethals-en-1993\/#breadcrumb"},"inLanguage":"fr-BE","potentialAction":[{"@type":"ReadAction","target":["https:\/\/vieassociative.be\/actualites\/le-bayern-respecte-t-il-le-specialiste-du-retour-du-real-madrid-vincent-kompany-comme-raymond-goethals-en-1993\/"]}]},{"@type":"ImageObject","inLanguage":"fr-BE","@id":"https:\/\/vieassociative.be\/actualites\/le-bayern-respecte-t-il-le-specialiste-du-retour-du-real-madrid-vincent-kompany-comme-raymond-goethals-en-1993\/#primaryimage","url":"https:\/\/vieassociative.be\/actualites\/wp-content\/uploads\/2026\/04\/1776374257_Le-Bayern-respecte-t-il-le-specialiste-du-retour-du-Real-Madrid.jpg","contentUrl":"https:\/\/vieassociative.be\/actualites\/wp-content\/uploads\/2026\/04\/1776374257_Le-Bayern-respecte-t-il-le-specialiste-du-retour-du-Real-Madrid.jpg","width":1200,"height":876,"caption":"Le Bayern respecte-t-il le sp\u00e9cialiste du retour du Real Madrid \u2013 Vincent Kompany comme Raymond Goethals en 1993 ?"},{"@type":"BreadcrumbList","@id":"https:\/\/vieassociative.be\/actualites\/le-bayern-respecte-t-il-le-specialiste-du-retour-du-real-madrid-vincent-kompany-comme-raymond-goethals-en-1993\/#breadcrumb","itemListElement":[{"@type":"ListItem","position":1,"name":"Accueil","item":"https:\/\/vieassociative.be\/actualites\/"},{"@type":"ListItem","position":2,"name":"Le Bayern respecte-t-il le sp\u00e9cialiste du retour du Real Madrid \u2013 Vincent Kompany comme Raymond Goethals en 1993 ?"}]},{"@type":"WebSite","@id":"https:\/\/vieassociative.be\/actualites\/#website","url":"https:\/\/vieassociative.be\/actualites\/","name":"Vie Associative","description":"","publisher":{"@id":"https:\/\/vieassociative.be\/actualites\/#organization"},"potentialAction":[{"@type":"SearchAction","target":{"@type":"EntryPoint","urlTemplate":"https:\/\/vieassociative.be\/actualites\/?s={search_term_string}"},"query-input":{"@type":"PropertyValueSpecification","valueRequired":true,"valueName":"search_term_string"}}],"inLanguage":"fr-BE"},{"@type":"Organization","@id":"https:\/\/vieassociative.be\/actualites\/#organization","name":"Vie Associative","url":"https:\/\/vieassociative.be\/actualites\/","logo":{"@type":"ImageObject","inLanguage":"fr-BE","@id":"https:\/\/vieassociative.be\/actualites\/#\/schema\/logo\/image\/","url":"https:\/\/vieassociative.be\/actualites\/wp-content\/uploads\/2024\/09\/cropped-vieassociative_favicon.ico.png","contentUrl":"https:\/\/vieassociative.be\/actualites\/wp-content\/uploads\/2024\/09\/cropped-vieassociative_favicon.ico.png","width":512,"height":512,"caption":"Vie Associative"},"image":{"@id":"https:\/\/vieassociative.be\/actualites\/#\/schema\/logo\/image\/"}},{"@type":"Person","@id":"https:\/\/vieassociative.be\/actualites\/#\/schema\/person\/b87ac4f82f9d4e7b7cec7395b679edc4","name":"Julien","image":{"@type":"ImageObject","inLanguage":"fr-BE","@id":"https:\/\/vieassociative.be\/actualites\/#\/schema\/person\/image\/","url":"https:\/\/vieassociative.be\/actualites\/wp-content\/uploads\/2024\/09\/vie-associative-1-150x150.jpg","contentUrl":"https:\/\/vieassociative.be\/actualites\/wp-content\/uploads\/2024\/09\/vie-associative-1-150x150.jpg","caption":"Julien"},"description":"Je suis Julien, r\u00e9dacteur pour Vie Associative. Passionn\u00e9 par le monde associatif depuis plus de 10 ans, j'ai \u00e0 c\u0153ur de partager des histoires inspirantes et de mettre en lumi\u00e8re les initiatives locales. Mon objectif est de sensibiliser et d'encourager l'engagement communautaire \u00e0 travers mes articles.","sameAs":["https:\/\/vieassociative.be\/"]}]}},"_links":{"self":[{"href":"https:\/\/vieassociative.be\/actualites\/wp-json\/wp\/v2\/posts\/13468"}],"collection":[{"href":"https:\/\/vieassociative.be\/actualites\/wp-json\/wp\/v2\/posts"}],"about":[{"href":"https:\/\/vieassociative.be\/actualites\/wp-json\/wp\/v2\/types\/post"}],"author":[{"embeddable":true,"href":"https:\/\/vieassociative.be\/actualites\/wp-json\/wp\/v2\/users\/1"}],"replies":[{"embeddable":true,"href":"https:\/\/vieassociative.be\/actualites\/wp-json\/wp\/v2\/comments?post=13468"}],"version-history":[{"count":0,"href":"https:\/\/vieassociative.be\/actualites\/wp-json\/wp\/v2\/posts\/13468\/revisions"}],"wp:featuredmedia":[{"embeddable":true,"href":"https:\/\/vieassociative.be\/actualites\/wp-json\/wp\/v2\/media\/13469"}],"wp:attachment":[{"href":"https:\/\/vieassociative.be\/actualites\/wp-json\/wp\/v2\/media?parent=13468"}],"wp:term":[{"taxonomy":"category","embeddable":true,"href":"https:\/\/vieassociative.be\/actualites\/wp-json\/wp\/v2\/categories?post=13468"},{"taxonomy":"post_tag","embeddable":true,"href":"https:\/\/vieassociative.be\/actualites\/wp-json\/wp\/v2\/tags?post=13468"}],"curies":[{"name":"wp","href":"https:\/\/api.w.org\/{rel}","templated":true}]}}