{"id":13464,"date":"2026-04-16T17:17:24","date_gmt":"2026-04-16T15:17:24","guid":{"rendered":"https:\/\/vieassociative.be\/actualites\/le-president-de-la-chambre-reclame-moins-de-deputes-cinquante-personnalites-fortes-suffiraient\/"},"modified":"2026-04-16T17:17:24","modified_gmt":"2026-04-16T15:17:24","slug":"le-president-de-la-chambre-reclame-moins-de-deputes-cinquante-personnalites-fortes-suffiraient","status":"publish","type":"post","link":"https:\/\/vieassociative.be\/actualites\/le-president-de-la-chambre-reclame-moins-de-deputes-cinquante-personnalites-fortes-suffiraient\/","title":{"rendered":"Le pr\u00e9sident de la Chambre r\u00e9clame moins de d\u00e9put\u00e9s : \u00ab Cinquante personnalit\u00e9s fortes suffiraient \u00bb"},"content":{"rendered":"<p><strong>Alors que le S\u00e9nat est sur le point d&rsquo;\u00eatre supprim\u00e9 en Belgique, le pr\u00e9sident de la Chambre, Peter De Roover (N-VA), estime qu&rsquo;il y a encore trop de repr\u00e9sentants \u00e0 la Chambre. Au lieu de 150 parlementaires, \u00ab cinquante personnalit\u00e9s fortes \u00bb suffiraient.<\/strong><\/p>\n<p><span id=\"more-438459\"><\/span>Comme le rapporte le quotidien \u00ab La Derni\u00e8re Heure \u00bb, De Roover consid\u00e8re qu&rsquo;une grande partie du travail parlementaire est inutile. Il regrette les co\u00fbts administratifs et financiers impliqu\u00e9s. Pour le pr\u00e9sident de la Chambre des d\u00e9put\u00e9s, une trop grande part du travail parlementaire pose plus de probl\u00e8mes qu&rsquo;il n&rsquo;est capable d&rsquo;en r\u00e9soudre.<\/p>\n<p>Selon le pr\u00e9sident du plus haut parlement du pays, 80 pour cent des projets de loi sont inutiles. \u00abSouvent, un homme politique se sent oblig\u00e9 d\u2019agir, m\u00eame si aucune action n\u2019est r\u00e9ellement n\u00e9cessaire\u00bb, a d\u00e9clar\u00e9 l\u2019ann\u00e9e derni\u00e8re le premier citoyen du pays \u00e0 la DH. Avant qu&rsquo;un \u00e9lu souhaite pr\u00e9senter une proposition l\u00e9gislative, il doit se poser quatre questions : \u00ab\u00a0Y a-t-il vraiment un probl\u00e8me ? La politique doit-elle intervenir ? La solution propos\u00e9e r\u00e9sout-elle r\u00e9ellement le probl\u00e8me ? Les cons\u00e9quences n\u00e9gatives de cette loi sont-elles acceptables ?\u00a0\u00bb<\/p>\n<div id=\"attachment_315547\" class=\"wp-caption alignleft\" style=\"max-width: 300px\"><img fetchpriority=\"high\" decoding=\"async\" class=\"wp-image-315547 size-medium\" src=\"https:\/\/vieassociative.be\/actualites\/wp-content\/uploads\/2026\/04\/Le-president-de-la-Chambre-reclame-moins-de-deputes.jpeg\" alt=\"\" width=\"300\" height=\"198\"><\/div>\n<p>Si la r\u00e9ponse \u00e0 ces quatre questions est \u00ab oui \u00bb, des mesures doivent \u00eatre prises, estime De Roover. Sinon, il vaut mieux ne rien faire. Pour le nationaliste flamand, cela permettrait de se concentrer plus s\u00e9rieusement sur les 20 pour cent d&rsquo;initiatives vraiment pertinentes et sur le contr\u00f4le du travail gouvernemental.<\/p>\n<p>S&rsquo;adressant au quotidien De Standaard ce week-end, le pr\u00e9sident a \u00e9voqu\u00e9 ceux qui utilisent l&rsquo;assembl\u00e9e comme lieu de tournage de leurs clips vid\u00e9o pour les r\u00e9seaux sociaux, ainsi que ceux qui ralentissent le travail des repr\u00e9sentants du peuple par le biais d&rsquo;obstruction syst\u00e9matique et d&rsquo;autres techniques. L\u2019obstruction syst\u00e9matique est une tactique parlementaire utilis\u00e9e par les d\u00e9put\u00e9s pour tenter de retarder ou d\u2019emp\u00eacher un vote en prolongeant artificiellement un d\u00e9bat. \u00ab\u00a0De nos jours, tout le monde veut se montrer sur les r\u00e9seaux sociaux et donner l&rsquo;impression qu&rsquo;il r\u00e9sout quelque chose, m\u00eame si ses propositions ne seront probablement jamais mises en \u0153uvre. Cela co\u00fbte une \u00e9norme quantit\u00e9 d&rsquo;\u00e9nergie qui pourrait \u00eatre mieux d\u00e9pens\u00e9e sur des questions plus importantes.\u00a0\u00bb<\/p>\n<p>On a demand\u00e9 \u00e0 De Roover quel \u00e9tait, selon lui, le nombre id\u00e9al de repr\u00e9sentants au Parlement : \u00ab\u00a0Une cinquantaine environ. Cinquante personnalit\u00e9s fortes et responsables\u00a0\u00bb, a-t-il r\u00e9pondu.<\/p>\n<p>Afin de r\u00e9aliser ce souhait, la constitution devrait \u00eatre r\u00e9vis\u00e9e et adopt\u00e9e \u00e0 la majorit\u00e9 des deux tiers des 150 d\u00e9put\u00e9s de la chambre. \u00ab\u00a0Il faudrait qu&rsquo;au moins 100 d\u00e9put\u00e9s soient d&rsquo;accord\u00a0\u00bb, estime Jean Faniel, directeur du CRISP, \u00e0 la DH. Ce qui est tr\u00e8s peu probable, car qui veut creuser sa propre tombe ? (cr\u00e9er)<\/p>\n<p><em><strong>Sur le sujet, voir aussi l&rsquo;article suivant sur l&rsquo;OD :<\/strong><\/em><\/p>\n<div class=\"responsive-embed widescreen\">\n<blockquote class=\"wp-embedded-content\" data-secret=\"B5iAqPKh65\">\n<p>Apr\u00e8s la suppression du S\u00e9nat : le DG a-t-il encore besoin d&rsquo;une repr\u00e9sentation garantie \u00e0 Bruxelles ?<\/p>\n<\/blockquote>\n<p><iframe loading=\"lazy\" class=\"wp-embedded-content\" sandbox=\"allow-scripts\" security=\"restricted\" style=\"position: absolute; visibility: hidden;\" title=\"\u201eNach der Abschaffung des Senats: Braucht die DG \u00fcberhaupt eine garantierte Vertretung in Br\u00fcssel?\u201c \u2013 Ostbelgien Direkt\" src=\"https:\/\/ostbelgiendirekt.be\/about:blank\" data-secret=\"B5iAqPKh65\" width=\"500\" height=\"282\" frameborder=\"0\" marginwidth=\"0\" marginheight=\"0\" scrolling=\"no\" data-rocket-lazyload=\"fitvidscompatible\" data-lazy-src=\"https:\/\/ostbelgiendirekt.be\/garantierte-vertretung-dg-438264\/embed#?secret=RXHElwLrVY#?secret=B5iAqPKh65\"><\/iframe><noscript><iframe class=\"wp-embedded-content\" sandbox=\"allow-scripts\" security=\"restricted\" style=\"position: absolute; visibility: hidden;\" title=\"\u201eNach der Abschaffung des Senats: Braucht die DG \u00fcberhaupt eine garantierte Vertretung in Br\u00fcssel?\u201c \u2013 Ostbelgien Direkt\" src=\"https:\/\/ostbelgiendirekt.be\/garantierte-vertretung-dg-438264\/embed#?secret=RXHElwLrVY#?secret=B5iAqPKh65\" data-secret=\"B5iAqPKh65\" width=\"500\" height=\"282\" frameborder=\"0\" marginwidth=\"0\" marginheight=\"0\" scrolling=\"no\"><\/iframe><\/noscript><\/p>\n<\/div>\n","protected":false},"excerpt":{"rendered":"<p>Alors que le S\u00e9nat est sur le point d&rsquo;\u00eatre supprim\u00e9 en Belgique, le pr\u00e9sident de la Chambre, Peter De Roover (N-VA), estime qu&rsquo;il y a<\/p>\n","protected":false},"author":1,"featured_media":13465,"comment_status":"","ping_status":"","sticky":false,"template":"","format":"standard","meta":{"footnotes":""},"categories":[298],"tags":[1014,10494,5966,10495,469,10111,3075,3495,10496],"class_list":["post-13464","post","type-post","status-publish","format-standard","has-post-thumbnail","hentry","category-belgique","tag-chambre","tag-cinquante","tag-deputes","tag-fortes","tag-moins","tag-personnalites","tag-president","tag-reclame","tag-suffiraient","generate-columns","tablet-grid-50","mobile-grid-100","grid-parent","grid-33"],"yoast_head":"<!-- This site is optimized with the Yoast SEO plugin v24.0 - https:\/\/yoast.com\/wordpress\/plugins\/seo\/ -->\n<title>Le pr\u00e9sident de la Chambre r\u00e9clame moins de d\u00e9put\u00e9s : \u00ab Cinquante personnalit\u00e9s fortes suffiraient \u00bb | Vie Associative<\/title>\n<meta name=\"robots\" content=\"index, follow, max-snippet:-1, max-image-preview:large, max-video-preview:-1\" \/>\n<link rel=\"canonical\" href=\"https:\/\/vieassociative.be\/actualites\/le-president-de-la-chambre-reclame-moins-de-deputes-cinquante-personnalites-fortes-suffiraient\/\" \/>\n<meta property=\"og:locale\" content=\"fr_FR\" \/>\n<meta property=\"og:type\" content=\"article\" \/>\n<meta property=\"og:title\" content=\"Le pr\u00e9sident de la Chambre r\u00e9clame moins de d\u00e9put\u00e9s : \u00ab Cinquante personnalit\u00e9s fortes suffiraient \u00bb | Vie Associative\" \/>\n<meta property=\"og:description\" content=\"Alors que le S\u00e9nat est sur le point d&rsquo;\u00eatre supprim\u00e9 en Belgique, le pr\u00e9sident de la Chambre, Peter De Roover (N-VA), estime qu&rsquo;il y a\" \/>\n<meta property=\"og:url\" content=\"https:\/\/vieassociative.be\/actualites\/le-president-de-la-chambre-reclame-moins-de-deputes-cinquante-personnalites-fortes-suffiraient\/\" \/>\n<meta property=\"og:site_name\" content=\"Vie Associative\" \/>\n<meta property=\"article:published_time\" content=\"2026-04-16T15:17:24+00:00\" \/>\n<meta property=\"og:image\" content=\"https:\/\/vieassociative.be\/actualites\/wp-content\/uploads\/2024\/09\/header_backgroundk-01-e1726694325946.png\" \/>\n\t<meta property=\"og:image:width\" content=\"279\" \/>\n\t<meta property=\"og:image:height\" content=\"92\" \/>\n\t<meta property=\"og:image:type\" content=\"image\/png\" \/>\n<meta name=\"author\" content=\"Julien\" \/>\n<meta name=\"twitter:card\" content=\"summary_large_image\" \/>\n<meta name=\"twitter:label1\" content=\"\u00c9crit par\" \/>\n\t<meta name=\"twitter:data1\" content=\"Julien\" \/>\n\t<meta name=\"twitter:label2\" content=\"Dur\u00e9e de lecture est.\" \/>\n\t<meta name=\"twitter:data2\" content=\"3 minutes\" \/>\n<script type=\"application\/ld+json\" class=\"yoast-schema-graph\">{\"@context\":\"https:\/\/schema.org\",\"@graph\":[{\"@type\":\"Article\",\"@id\":\"https:\/\/vieassociative.be\/actualites\/le-president-de-la-chambre-reclame-moins-de-deputes-cinquante-personnalites-fortes-suffiraient\/#article\",\"isPartOf\":{\"@id\":\"https:\/\/vieassociative.be\/actualites\/le-president-de-la-chambre-reclame-moins-de-deputes-cinquante-personnalites-fortes-suffiraient\/\"},\"author\":{\"name\":\"Julien\",\"@id\":\"https:\/\/vieassociative.be\/actualites\/#\/schema\/person\/b87ac4f82f9d4e7b7cec7395b679edc4\"},\"headline\":\"Le pr\u00e9sident de la Chambre r\u00e9clame moins de d\u00e9put\u00e9s : \u00ab Cinquante personnalit\u00e9s fortes suffiraient \u00bb\",\"datePublished\":\"2026-04-16T15:17:24+00:00\",\"dateModified\":\"2026-04-16T15:17:24+00:00\",\"mainEntityOfPage\":{\"@id\":\"https:\/\/vieassociative.be\/actualites\/le-president-de-la-chambre-reclame-moins-de-deputes-cinquante-personnalites-fortes-suffiraient\/\"},\"wordCount\":545,\"publisher\":{\"@id\":\"https:\/\/vieassociative.be\/actualites\/#organization\"},\"image\":{\"@id\":\"https:\/\/vieassociative.be\/actualites\/le-president-de-la-chambre-reclame-moins-de-deputes-cinquante-personnalites-fortes-suffiraient\/#primaryimage\"},\"thumbnailUrl\":\"https:\/\/vieassociative.be\/actualites\/wp-content\/uploads\/2026\/04\/Le-president-de-la-Chambre-reclame-moins-de-deputes.jpg\",\"keywords\":[\"chambre\",\"Cinquante\",\"d\u00e9put\u00e9s\",\"fortes\",\"moins\",\"personnalit\u00e9s\",\"pr\u00e9sident\",\"r\u00e9clame\",\"suffiraient\"],\"articleSection\":[\"Belgique\"],\"inLanguage\":\"fr-BE\"},{\"@type\":\"WebPage\",\"@id\":\"https:\/\/vieassociative.be\/actualites\/le-president-de-la-chambre-reclame-moins-de-deputes-cinquante-personnalites-fortes-suffiraient\/\",\"url\":\"https:\/\/vieassociative.be\/actualites\/le-president-de-la-chambre-reclame-moins-de-deputes-cinquante-personnalites-fortes-suffiraient\/\",\"name\":\"Le pr\u00e9sident de la Chambre r\u00e9clame moins de d\u00e9put\u00e9s : \u00ab Cinquante personnalit\u00e9s fortes suffiraient \u00bb | Vie Associative\",\"isPartOf\":{\"@id\":\"https:\/\/vieassociative.be\/actualites\/#website\"},\"primaryImageOfPage\":{\"@id\":\"https:\/\/vieassociative.be\/actualites\/le-president-de-la-chambre-reclame-moins-de-deputes-cinquante-personnalites-fortes-suffiraient\/#primaryimage\"},\"image\":{\"@id\":\"https:\/\/vieassociative.be\/actualites\/le-president-de-la-chambre-reclame-moins-de-deputes-cinquante-personnalites-fortes-suffiraient\/#primaryimage\"},\"thumbnailUrl\":\"https:\/\/vieassociative.be\/actualites\/wp-content\/uploads\/2026\/04\/Le-president-de-la-Chambre-reclame-moins-de-deputes.jpg\",\"datePublished\":\"2026-04-16T15:17:24+00:00\",\"dateModified\":\"2026-04-16T15:17:24+00:00\",\"breadcrumb\":{\"@id\":\"https:\/\/vieassociative.be\/actualites\/le-president-de-la-chambre-reclame-moins-de-deputes-cinquante-personnalites-fortes-suffiraient\/#breadcrumb\"},\"inLanguage\":\"fr-BE\",\"potentialAction\":[{\"@type\":\"ReadAction\",\"target\":[\"https:\/\/vieassociative.be\/actualites\/le-president-de-la-chambre-reclame-moins-de-deputes-cinquante-personnalites-fortes-suffiraient\/\"]}]},{\"@type\":\"ImageObject\",\"inLanguage\":\"fr-BE\",\"@id\":\"https:\/\/vieassociative.be\/actualites\/le-president-de-la-chambre-reclame-moins-de-deputes-cinquante-personnalites-fortes-suffiraient\/#primaryimage\",\"url\":\"https:\/\/vieassociative.be\/actualites\/wp-content\/uploads\/2026\/04\/Le-president-de-la-Chambre-reclame-moins-de-deputes.jpg\",\"contentUrl\":\"https:\/\/vieassociative.be\/actualites\/wp-content\/uploads\/2026\/04\/Le-president-de-la-Chambre-reclame-moins-de-deputes.jpg\",\"width\":1200,\"height\":800,\"caption\":\"Le pr\u00e9sident de la Chambre r\u00e9clame moins de d\u00e9put\u00e9s : \u00ab Cinquante personnalit\u00e9s fortes suffiraient \u00bb\"},{\"@type\":\"BreadcrumbList\",\"@id\":\"https:\/\/vieassociative.be\/actualites\/le-president-de-la-chambre-reclame-moins-de-deputes-cinquante-personnalites-fortes-suffiraient\/#breadcrumb\",\"itemListElement\":[{\"@type\":\"ListItem\",\"position\":1,\"name\":\"Accueil\",\"item\":\"https:\/\/vieassociative.be\/actualites\/\"},{\"@type\":\"ListItem\",\"position\":2,\"name\":\"Le pr\u00e9sident de la Chambre r\u00e9clame moins de d\u00e9put\u00e9s : \u00ab Cinquante personnalit\u00e9s fortes suffiraient \u00bb\"}]},{\"@type\":\"WebSite\",\"@id\":\"https:\/\/vieassociative.be\/actualites\/#website\",\"url\":\"https:\/\/vieassociative.be\/actualites\/\",\"name\":\"Vie Associative\",\"description\":\"\",\"publisher\":{\"@id\":\"https:\/\/vieassociative.be\/actualites\/#organization\"},\"potentialAction\":[{\"@type\":\"SearchAction\",\"target\":{\"@type\":\"EntryPoint\",\"urlTemplate\":\"https:\/\/vieassociative.be\/actualites\/?s={search_term_string}\"},\"query-input\":{\"@type\":\"PropertyValueSpecification\",\"valueRequired\":true,\"valueName\":\"search_term_string\"}}],\"inLanguage\":\"fr-BE\"},{\"@type\":\"Organization\",\"@id\":\"https:\/\/vieassociative.be\/actualites\/#organization\",\"name\":\"Vie Associative\",\"url\":\"https:\/\/vieassociative.be\/actualites\/\",\"logo\":{\"@type\":\"ImageObject\",\"inLanguage\":\"fr-BE\",\"@id\":\"https:\/\/vieassociative.be\/actualites\/#\/schema\/logo\/image\/\",\"url\":\"https:\/\/vieassociative.be\/actualites\/wp-content\/uploads\/2024\/09\/cropped-vieassociative_favicon.ico.png\",\"contentUrl\":\"https:\/\/vieassociative.be\/actualites\/wp-content\/uploads\/2024\/09\/cropped-vieassociative_favicon.ico.png\",\"width\":512,\"height\":512,\"caption\":\"Vie Associative\"},\"image\":{\"@id\":\"https:\/\/vieassociative.be\/actualites\/#\/schema\/logo\/image\/\"}},{\"@type\":\"Person\",\"@id\":\"https:\/\/vieassociative.be\/actualites\/#\/schema\/person\/b87ac4f82f9d4e7b7cec7395b679edc4\",\"name\":\"Julien\",\"image\":{\"@type\":\"ImageObject\",\"inLanguage\":\"fr-BE\",\"@id\":\"https:\/\/vieassociative.be\/actualites\/#\/schema\/person\/image\/\",\"url\":\"https:\/\/vieassociative.be\/actualites\/wp-content\/uploads\/2024\/09\/vie-associative-1-150x150.jpg\",\"contentUrl\":\"https:\/\/vieassociative.be\/actualites\/wp-content\/uploads\/2024\/09\/vie-associative-1-150x150.jpg\",\"caption\":\"Julien\"},\"description\":\"Je suis Julien, r\u00e9dacteur pour Vie Associative. Passionn\u00e9 par le monde associatif depuis plus de 10 ans, j'ai \u00e0 c\u0153ur de partager des histoires inspirantes et de mettre en lumi\u00e8re les initiatives locales. Mon objectif est de sensibiliser et d'encourager l'engagement communautaire \u00e0 travers mes articles.\",\"sameAs\":[\"https:\/\/vieassociative.be\/\"]}]}<\/script>\n<!-- \/ Yoast SEO plugin. -->","yoast_head_json":{"title":"Le pr\u00e9sident de la Chambre r\u00e9clame moins de d\u00e9put\u00e9s : \u00ab Cinquante personnalit\u00e9s fortes suffiraient \u00bb | Vie Associative","robots":{"index":"index","follow":"follow","max-snippet":"max-snippet:-1","max-image-preview":"max-image-preview:large","max-video-preview":"max-video-preview:-1"},"canonical":"https:\/\/vieassociative.be\/actualites\/le-president-de-la-chambre-reclame-moins-de-deputes-cinquante-personnalites-fortes-suffiraient\/","og_locale":"fr_FR","og_type":"article","og_title":"Le pr\u00e9sident de la Chambre r\u00e9clame moins de d\u00e9put\u00e9s : \u00ab Cinquante personnalit\u00e9s fortes suffiraient \u00bb | Vie Associative","og_description":"Alors que le S\u00e9nat est sur le point d&rsquo;\u00eatre supprim\u00e9 en Belgique, le pr\u00e9sident de la Chambre, Peter De Roover (N-VA), estime qu&rsquo;il y a","og_url":"https:\/\/vieassociative.be\/actualites\/le-president-de-la-chambre-reclame-moins-de-deputes-cinquante-personnalites-fortes-suffiraient\/","og_site_name":"Vie Associative","article_published_time":"2026-04-16T15:17:24+00:00","og_image":[{"width":279,"height":92,"url":"https:\/\/vieassociative.be\/actualites\/wp-content\/uploads\/2024\/09\/header_backgroundk-01-e1726694325946.png","type":"image\/png"}],"author":"Julien","twitter_card":"summary_large_image","twitter_misc":{"\u00c9crit par":"Julien","Dur\u00e9e de lecture est.":"3 minutes"},"schema":{"@context":"https:\/\/schema.org","@graph":[{"@type":"Article","@id":"https:\/\/vieassociative.be\/actualites\/le-president-de-la-chambre-reclame-moins-de-deputes-cinquante-personnalites-fortes-suffiraient\/#article","isPartOf":{"@id":"https:\/\/vieassociative.be\/actualites\/le-president-de-la-chambre-reclame-moins-de-deputes-cinquante-personnalites-fortes-suffiraient\/"},"author":{"name":"Julien","@id":"https:\/\/vieassociative.be\/actualites\/#\/schema\/person\/b87ac4f82f9d4e7b7cec7395b679edc4"},"headline":"Le pr\u00e9sident de la Chambre r\u00e9clame moins de d\u00e9put\u00e9s : \u00ab Cinquante personnalit\u00e9s fortes suffiraient \u00bb","datePublished":"2026-04-16T15:17:24+00:00","dateModified":"2026-04-16T15:17:24+00:00","mainEntityOfPage":{"@id":"https:\/\/vieassociative.be\/actualites\/le-president-de-la-chambre-reclame-moins-de-deputes-cinquante-personnalites-fortes-suffiraient\/"},"wordCount":545,"publisher":{"@id":"https:\/\/vieassociative.be\/actualites\/#organization"},"image":{"@id":"https:\/\/vieassociative.be\/actualites\/le-president-de-la-chambre-reclame-moins-de-deputes-cinquante-personnalites-fortes-suffiraient\/#primaryimage"},"thumbnailUrl":"https:\/\/vieassociative.be\/actualites\/wp-content\/uploads\/2026\/04\/Le-president-de-la-Chambre-reclame-moins-de-deputes.jpg","keywords":["chambre","Cinquante","d\u00e9put\u00e9s","fortes","moins","personnalit\u00e9s","pr\u00e9sident","r\u00e9clame","suffiraient"],"articleSection":["Belgique"],"inLanguage":"fr-BE"},{"@type":"WebPage","@id":"https:\/\/vieassociative.be\/actualites\/le-president-de-la-chambre-reclame-moins-de-deputes-cinquante-personnalites-fortes-suffiraient\/","url":"https:\/\/vieassociative.be\/actualites\/le-president-de-la-chambre-reclame-moins-de-deputes-cinquante-personnalites-fortes-suffiraient\/","name":"Le pr\u00e9sident de la Chambre r\u00e9clame moins de d\u00e9put\u00e9s : \u00ab Cinquante personnalit\u00e9s fortes suffiraient \u00bb | Vie Associative","isPartOf":{"@id":"https:\/\/vieassociative.be\/actualites\/#website"},"primaryImageOfPage":{"@id":"https:\/\/vieassociative.be\/actualites\/le-president-de-la-chambre-reclame-moins-de-deputes-cinquante-personnalites-fortes-suffiraient\/#primaryimage"},"image":{"@id":"https:\/\/vieassociative.be\/actualites\/le-president-de-la-chambre-reclame-moins-de-deputes-cinquante-personnalites-fortes-suffiraient\/#primaryimage"},"thumbnailUrl":"https:\/\/vieassociative.be\/actualites\/wp-content\/uploads\/2026\/04\/Le-president-de-la-Chambre-reclame-moins-de-deputes.jpg","datePublished":"2026-04-16T15:17:24+00:00","dateModified":"2026-04-16T15:17:24+00:00","breadcrumb":{"@id":"https:\/\/vieassociative.be\/actualites\/le-president-de-la-chambre-reclame-moins-de-deputes-cinquante-personnalites-fortes-suffiraient\/#breadcrumb"},"inLanguage":"fr-BE","potentialAction":[{"@type":"ReadAction","target":["https:\/\/vieassociative.be\/actualites\/le-president-de-la-chambre-reclame-moins-de-deputes-cinquante-personnalites-fortes-suffiraient\/"]}]},{"@type":"ImageObject","inLanguage":"fr-BE","@id":"https:\/\/vieassociative.be\/actualites\/le-president-de-la-chambre-reclame-moins-de-deputes-cinquante-personnalites-fortes-suffiraient\/#primaryimage","url":"https:\/\/vieassociative.be\/actualites\/wp-content\/uploads\/2026\/04\/Le-president-de-la-Chambre-reclame-moins-de-deputes.jpg","contentUrl":"https:\/\/vieassociative.be\/actualites\/wp-content\/uploads\/2026\/04\/Le-president-de-la-Chambre-reclame-moins-de-deputes.jpg","width":1200,"height":800,"caption":"Le pr\u00e9sident de la Chambre r\u00e9clame moins de d\u00e9put\u00e9s : \u00ab Cinquante personnalit\u00e9s fortes suffiraient \u00bb"},{"@type":"BreadcrumbList","@id":"https:\/\/vieassociative.be\/actualites\/le-president-de-la-chambre-reclame-moins-de-deputes-cinquante-personnalites-fortes-suffiraient\/#breadcrumb","itemListElement":[{"@type":"ListItem","position":1,"name":"Accueil","item":"https:\/\/vieassociative.be\/actualites\/"},{"@type":"ListItem","position":2,"name":"Le pr\u00e9sident de la Chambre r\u00e9clame moins de d\u00e9put\u00e9s : \u00ab Cinquante personnalit\u00e9s fortes suffiraient \u00bb"}]},{"@type":"WebSite","@id":"https:\/\/vieassociative.be\/actualites\/#website","url":"https:\/\/vieassociative.be\/actualites\/","name":"Vie Associative","description":"","publisher":{"@id":"https:\/\/vieassociative.be\/actualites\/#organization"},"potentialAction":[{"@type":"SearchAction","target":{"@type":"EntryPoint","urlTemplate":"https:\/\/vieassociative.be\/actualites\/?s={search_term_string}"},"query-input":{"@type":"PropertyValueSpecification","valueRequired":true,"valueName":"search_term_string"}}],"inLanguage":"fr-BE"},{"@type":"Organization","@id":"https:\/\/vieassociative.be\/actualites\/#organization","name":"Vie Associative","url":"https:\/\/vieassociative.be\/actualites\/","logo":{"@type":"ImageObject","inLanguage":"fr-BE","@id":"https:\/\/vieassociative.be\/actualites\/#\/schema\/logo\/image\/","url":"https:\/\/vieassociative.be\/actualites\/wp-content\/uploads\/2024\/09\/cropped-vieassociative_favicon.ico.png","contentUrl":"https:\/\/vieassociative.be\/actualites\/wp-content\/uploads\/2024\/09\/cropped-vieassociative_favicon.ico.png","width":512,"height":512,"caption":"Vie Associative"},"image":{"@id":"https:\/\/vieassociative.be\/actualites\/#\/schema\/logo\/image\/"}},{"@type":"Person","@id":"https:\/\/vieassociative.be\/actualites\/#\/schema\/person\/b87ac4f82f9d4e7b7cec7395b679edc4","name":"Julien","image":{"@type":"ImageObject","inLanguage":"fr-BE","@id":"https:\/\/vieassociative.be\/actualites\/#\/schema\/person\/image\/","url":"https:\/\/vieassociative.be\/actualites\/wp-content\/uploads\/2024\/09\/vie-associative-1-150x150.jpg","contentUrl":"https:\/\/vieassociative.be\/actualites\/wp-content\/uploads\/2024\/09\/vie-associative-1-150x150.jpg","caption":"Julien"},"description":"Je suis Julien, r\u00e9dacteur pour Vie Associative. Passionn\u00e9 par le monde associatif depuis plus de 10 ans, j'ai \u00e0 c\u0153ur de partager des histoires inspirantes et de mettre en lumi\u00e8re les initiatives locales. Mon objectif est de sensibiliser et d'encourager l'engagement communautaire \u00e0 travers mes articles.","sameAs":["https:\/\/vieassociative.be\/"]}]}},"_links":{"self":[{"href":"https:\/\/vieassociative.be\/actualites\/wp-json\/wp\/v2\/posts\/13464"}],"collection":[{"href":"https:\/\/vieassociative.be\/actualites\/wp-json\/wp\/v2\/posts"}],"about":[{"href":"https:\/\/vieassociative.be\/actualites\/wp-json\/wp\/v2\/types\/post"}],"author":[{"embeddable":true,"href":"https:\/\/vieassociative.be\/actualites\/wp-json\/wp\/v2\/users\/1"}],"replies":[{"embeddable":true,"href":"https:\/\/vieassociative.be\/actualites\/wp-json\/wp\/v2\/comments?post=13464"}],"version-history":[{"count":0,"href":"https:\/\/vieassociative.be\/actualites\/wp-json\/wp\/v2\/posts\/13464\/revisions"}],"wp:featuredmedia":[{"embeddable":true,"href":"https:\/\/vieassociative.be\/actualites\/wp-json\/wp\/v2\/media\/13465"}],"wp:attachment":[{"href":"https:\/\/vieassociative.be\/actualites\/wp-json\/wp\/v2\/media?parent=13464"}],"wp:term":[{"taxonomy":"category","embeddable":true,"href":"https:\/\/vieassociative.be\/actualites\/wp-json\/wp\/v2\/categories?post=13464"},{"taxonomy":"post_tag","embeddable":true,"href":"https:\/\/vieassociative.be\/actualites\/wp-json\/wp\/v2\/tags?post=13464"}],"curies":[{"name":"wp","href":"https:\/\/api.w.org\/{rel}","templated":true}]}}