{"id":13460,"date":"2026-04-16T11:17:39","date_gmt":"2026-04-16T09:17:39","guid":{"rendered":"https:\/\/vieassociative.be\/actualites\/quand-le-journal-ne-vient-plus-comment-la-greve-des-postes-accelere-la-sortie-du-papier\/"},"modified":"2026-04-16T11:17:39","modified_gmt":"2026-04-16T09:17:39","slug":"quand-le-journal-ne-vient-plus-comment-la-greve-des-postes-accelere-la-sortie-du-papier","status":"publish","type":"post","link":"https:\/\/vieassociative.be\/actualites\/quand-le-journal-ne-vient-plus-comment-la-greve-des-postes-accelere-la-sortie-du-papier\/","title":{"rendered":"Quand le journal ne vient plus : Comment la gr\u00e8ve des postes acc\u00e9l\u00e8re la sortie du papier"},"content":{"rendered":"<p><strong>La gr\u00e8ve actuelle des postes en Belgique pose des probl\u00e8mes tr\u00e8s pratiques \u00e0 de nombreux abonn\u00e9s aux journaux : le journal arrive en retard, voire pas du tout. Mais derri\u00e8re cette perturbation apparemment banale se cache une question bien plus fondamentale : avons-nous encore besoin de journaux imprim\u00e9s aujourd&rsquo;hui &#8211; ou le passage aux offres num\u00e9riques est-il attendu depuis longtemps ?<\/strong><\/p>\n<p><span id=\"more-438438\"><\/span>\u00c0 premi\u00e8re vue, la gr\u00e8ve des postes semble \u00eatre un probl\u00e8me purement logistique. En fait, une telle situation peut aller bien au-del\u00e0 de la simple livraison et devenir le catalyseur d&rsquo;un changement structurel en cours depuis des ann\u00e9es, \u00e0 savoir la transition des journaux imprim\u00e9s vers l&rsquo;offre num\u00e9rique.<\/p>\n<p>Les lecteurs, en particulier, qui re\u00e7oivent chaque jour leur journal &#8211; comme le Grenz-Echo &#8211; par la poste, d\u00e9couvrent soudain et concr\u00e8tement \u00e0 quel point l&rsquo;imprim\u00e9 d\u00e9pend du bon fonctionnement des cha\u00eenes d&rsquo;approvisionnement. Si celles-ci disparaissent, une alternative devient soudain non seulement envisageable, mais n\u00e9cessaire.<\/p>\n<div id=\"attachment_438442\" class=\"wp-caption alignleft\" style=\"max-width: 300px\"><img fetchpriority=\"high\" decoding=\"async\" class=\"wp-image-438442 size-medium\" src=\"https:\/\/vieassociative.be\/actualites\/wp-content\/uploads\/2026\/04\/Quand-le-journal-ne-vient-plus-Comment-la-greve.jpg\" alt=\"\" width=\"300\" height=\"200\"><\/div>\n<p>\u00c0 ce stade, une diff\u00e9rence fondamentale entre l&rsquo;imprim\u00e9 et l&rsquo;Internet appara\u00eet : alors que le journal imprim\u00e9 doit \u00eatre produit, transport\u00e9 et livr\u00e9, l&rsquo;\u00e9dition num\u00e9rique est disponible \u00e0 tout moment et quelles que soient les circonstances ext\u00e9rieures. Pour de nombreux abonn\u00e9s, cela peut \u00eatre un facteur d\u00e9cisif.<\/p>\n<p>Quiconque a pu lire facilement son journal en ligne le matin sans avoir recours au facteur commence in\u00e9vitablement \u00e0 se demander si l&rsquo;\u00e9dition imprim\u00e9e est encore n\u00e9cessaire.<\/p>\n<p>L&rsquo;\u00e9conomiste des m\u00e9dias Robert G. Picard a d\u00e9crit avec justesse ce m\u00e9canisme : \u00ab Les crises ou les perturbations dans les syst\u00e8mes existants acc\u00e9l\u00e8rent souvent les d\u00e9veloppements d\u00e9j\u00e0 en cours. Lorsque les utilisateurs sont oblig\u00e9s d&rsquo;essayer des alternatives, beaucoup d&rsquo;entre eux s&rsquo;y tiennent par la suite si ces alternatives sont plus pratiques ou plus efficaces. \u00bb<\/p>\n<p>N\u00e9anmoins, il serait trop facile de conclure que l\u2019imprim\u00e9 a fait son temps. Le journal imprim\u00e9 poss\u00e8de encore des qualit\u00e9s que les offres num\u00e9riques peuvent difficilement remplacer. <\/p>\n<\/p>\n<div id=\"attachment_9326\" class=\"wp-caption alignleft\" style=\"max-width: 300px\"><img decoding=\"async\" class=\"size-medium wp-image-9326\" src=\"https:\/\/vieassociative.be\/actualites\/wp-content\/uploads\/2026\/04\/Quand-le-journal-ne-vient-plus-Comment-la-greve.jpeg\" alt=\"Journaux4\" width=\"300\" height=\"200\"  ><\/div>\n<p>De nombreux lecteurs trouvent la lecture sur papier plus concentr\u00e9e et plus agr\u00e9able. Il n\u2019y a aucune distraction due aux notifications ou au contenu parall\u00e8le, ni un flot \u00e9crasant d\u2019informations. Le journal classique propose \u00e9galement une structure claire : les sujets sont pond\u00e9r\u00e9s, class\u00e9s et mis en contexte.<\/p>\n<p>Stephan Russ-Mohl, sp\u00e9cialiste des m\u00e9dias, l&rsquo;exprime ainsi : \u00ab\u00a0Le journal structure le monde pour ses lecteurs. Il propose non seulement des informations, mais aussi une pond\u00e9ration et une classification qui sont souvent fragment\u00e9es dans l&rsquo;espace num\u00e9rique.\u00a0\u00bb<\/p>\n<p>Il y a aussi le facteur habitude. Pour de nombreuses personnes, le journal fait partie d\u2019un rituel quotidien \u2013 il fait autant partie du petit-d\u00e9jeuner que le caf\u00e9. Ce rituel cr\u00e9e de la fid\u00e9lit\u00e9 et de la confiance, et les m\u00e9dias imprim\u00e9s en particulier jouissent souvent encore d\u2019une plus grande cr\u00e9dibilit\u00e9 que le contenu num\u00e9rique, qui est produit et distribu\u00e9 plus rapidement.<\/p>\n<p>D\u2019un autre c\u00f4t\u00e9, il existe de solides arguments en faveur de l\u2019\u00e9dition en ligne. L&rsquo;avantage le plus \u00e9vident est l&rsquo;actualit\u00e9 : les informations num\u00e9riques sont disponibles \u00e0 tout moment et sont constamment mises \u00e0 jour, tandis qu&rsquo;un journal imprim\u00e9 refl\u00e8te in\u00e9vitablement l&rsquo;\u00e9tat de la veille. L\u2019ind\u00e9pendance par rapport aux processus de livraison physique est \u00e9galement un facteur crucial \u2013 non seulement pendant les gr\u00e8ves, mais aussi dans la vie de tous les jours. Il existe \u00e9galement de nouvelles possibilit\u00e9s d&rsquo;utilisation : les articles peuvent \u00eatre recherch\u00e9s, enregistr\u00e9s ou partag\u00e9s sp\u00e9cifiquement et le contenu peut \u00eatre personnalis\u00e9.<\/p>\n<p>L&rsquo;\u00e9conomiste Julia Cag\u00e9 d\u00e9crit ce changement ainsi : \u00ab La distribution num\u00e9rique est non seulement plus efficace, mais elle permet \u00e9galement de nouvelles formes de relation entre les m\u00e9dias et le public. Les lecteurs deviennent des partisans directs du contenu journalistique, et non plus de simples acheteurs d&rsquo;un produit physique.<\/p>\n<div id=\"attachment_426208\" class=\"wp-caption alignleft\" style=\"max-width: 300px\"><img decoding=\"async\" class=\"size-medium wp-image-426208\" src=\"https:\/\/vieassociative.be\/actualites\/wp-content\/uploads\/2025\/10\/1759587494_297_Connaissances-surprenantes-la-navigation-sur-Internet-peut-contribuer-a-une.jpg\" alt=\"\" width=\"300\" height=\"200\"><\/div>\n<p>Un regard sur le secteur montre \u00e9galement que l\u2019abandon des produits imprim\u00e9s quotidiens a commenc\u00e9 depuis longtemps. Le quotidien berlinois (taz) a abandonn\u00e9 son \u00e9dition imprim\u00e9e en semaine et est publi\u00e9 exclusivement sous forme num\u00e9rique pendant la semaine ; seule une \u00e9dition du week-end est imprim\u00e9e. Cette d\u00e9cision est l\u2019expression d\u2019une \u00e9volution dans laquelle la hausse des co\u00fbts de production et l\u2019\u00e9volution des habitudes de lecture interagissent.<\/p>\n<p>La d\u00e9cision montre clairement que le passage au num\u00e9rique n\u2019est pas seulement une option th\u00e9orique, mais est d\u00e9j\u00e0 devenu une n\u00e9cessit\u00e9 pratique pour certains m\u00e9dias. Dans ce contexte, un d\u00e9clencheur externe tel qu&rsquo;une gr\u00e8ve des postes semble moins \u00eatre une exception qu&rsquo;une impulsion suppl\u00e9mentaire dans une direction que de nombreux \u00e9diteurs ont d\u00e9j\u00e0 prise.<\/p>\n<p>Un autre facteur de plus en plus important est le d\u00e9veloppement technologique. Des syst\u00e8mes comme ChatGPT et d\u2019autres formes d\u2019intelligence artificielle modifient d\u00e9j\u00e0 la production et la consommation d\u2019informations. Le contenu peut \u00eatre cr\u00e9\u00e9, analys\u00e9 et adapt\u00e9 plus rapidement aux int\u00e9r\u00eats individuels \u2013 des possibilit\u00e9s naturellement limit\u00e9es dans le secteur de l\u2019impression. Dans le m\u00eame temps, le besoin d\u2019informations fiables et v\u00e9rifi\u00e9es augmente, ce qui peut profiter aux marques de m\u00e9dias traditionnels.<\/p>\n<p>Dans ce contexte, la question se pose de savoir si une gr\u00e8ve des postes entra\u00eene r\u00e9ellement un comportement de changement permanent. La r\u00e9ponse est : pas n\u00e9cessairement, mais assez souvent. La consommation des m\u00e9dias est fortement influenc\u00e9e par les habitudes, et de nombreuses personnes s\u2019en tiennent \u00e0 des routines famili\u00e8res. Cependant, si cette routine est interrompue \u2013 par exemple par le manque de journaux \u2013 la volont\u00e9 d&rsquo;essayer des alternatives augmente.<\/p>\n<div id=\"attachment_101890\" class=\"wp-caption alignleft\" style=\"max-width: 300px\"><img loading=\"lazy\" decoding=\"async\" class=\"wp-image-101890 size-medium\" src=\"https:\/\/vieassociative.be\/actualites\/wp-content\/uploads\/2026\/04\/1776331059_672_Quand-le-journal-ne-vient-plus-Comment-la-greve.jpeg\" alt=\"\" width=\"300\" height=\"200\"  ><\/div>\n<p>Certains lecteurs reviendront probablement \u00e0 l&rsquo;\u00e9dition imprim\u00e9e une fois la gr\u00e8ve termin\u00e9e. Une autre partie, cependant, pourrait rester durablement dans la version num\u00e9rique, car elle s&rsquo;est av\u00e9r\u00e9e plus pratique au quotidien.<\/p>\n<p>En fin de compte, la gr\u00e8ve des postes montre en un mot ce qui caract\u00e9rise l\u2019\u00e9volution des m\u00e9dias dans leur ensemble : l\u2019imprim\u00e9 est physique, plus lent et plus susceptible d\u2019\u00eatre perturb\u00e9, tandis que les offres num\u00e9riques sont flexibles, disponibles \u00e0 tout moment et peuvent \u00eatre d\u00e9velopp\u00e9es technologiquement. Toutefois, le journal imprim\u00e9 ne dispara\u00eetra pas imm\u00e9diatement. Il continue de r\u00e9pondre aux besoins de vue d\u2019ensemble, de concentration et de rituel que de nombreux lecteurs appr\u00e9cient.<\/p>\n<p>Mais des \u00e9v\u00e9nements comme une gr\u00e8ve des postes peuvent acc\u00e9l\u00e9rer le changement. Ils obligent les alternatives non seulement \u00e0 \u00eatre envisag\u00e9es th\u00e9oriquement, mais \u00e9galement \u00e0 \u00eatre test\u00e9es dans la pratique. Et c&rsquo;est pr\u00e9cis\u00e9ment \u00e0 ce moment-l\u00e0 que beaucoup se rendent compte que le journal fonctionne \u00e9galement sans papier &#8211; et peut-\u00eatre m\u00eame mieux pour certains. (cr\u00e9er)<\/p>\n<p><em><strong>Sur le sujet, voir aussi l&rsquo;article suivant sur l&rsquo;OD :<\/strong><\/em><\/p>\n<div class=\"responsive-embed widescreen\">\n<blockquote class=\"wp-embedded-content\" data-secret=\"KXpkpyOcNh\">\n<p>La gr\u00e8ve des postes continue de s&rsquo;intensifier &#8211; Les syndicats veulent emp\u00eacher le plan de transformation de bpost<\/p>\n<\/blockquote>\n<p><iframe loading=\"lazy\" class=\"wp-embedded-content\" sandbox=\"allow-scripts\" security=\"restricted\" style=\"position: absolute; visibility: hidden;\" title=\"\u201ePoststreik spitzt sich weiter zu \u2013 Die Gewerkschaften wollen Transformationsplan von bpost verhindern\u201c \u2013 Ostbelgien Direkt\" src=\"https:\/\/ostbelgiendirekt.be\/about:blank\" data-secret=\"KXpkpyOcNh\" width=\"500\" height=\"282\" frameborder=\"0\" marginwidth=\"0\" marginheight=\"0\" scrolling=\"no\" data-rocket-lazyload=\"fitvidscompatible\" data-lazy-src=\"https:\/\/ostbelgiendirekt.be\/poststreik-spitzt-sich-zu-438424\/embed#?secret=nTb53cc2xg#?secret=KXpkpyOcNh\"><\/iframe><noscript><iframe class=\"wp-embedded-content\" sandbox=\"allow-scripts\" security=\"restricted\" style=\"position: absolute; visibility: hidden;\" title=\"\u201ePoststreik spitzt sich weiter zu \u2013 Die Gewerkschaften wollen Transformationsplan von bpost verhindern\u201c \u2013 Ostbelgien Direkt\" src=\"https:\/\/ostbelgiendirekt.be\/poststreik-spitzt-sich-zu-438424\/embed#?secret=nTb53cc2xg#?secret=KXpkpyOcNh\" data-secret=\"KXpkpyOcNh\" width=\"500\" height=\"282\" frameborder=\"0\" marginwidth=\"0\" marginheight=\"0\" scrolling=\"no\"><\/iframe><\/noscript><\/p>\n<\/div>\n","protected":false},"excerpt":{"rendered":"<p>La gr\u00e8ve actuelle des postes en Belgique pose des probl\u00e8mes tr\u00e8s pratiques \u00e0 de nombreux abonn\u00e9s aux journaux : le journal arrive en retard, voire<\/p>\n","protected":false},"author":1,"featured_media":13461,"comment_status":"","ping_status":"","sticky":false,"template":"","format":"standard","meta":{"footnotes":""},"categories":[298],"tags":[10493,44,29,3095,2533,854,10482,123,2471,1213],"class_list":["post-13460","post","type-post","status-publish","format-standard","has-post-thumbnail","hentry","category-belgique","tag-accelere","tag-comment","tag-des","tag-greve","tag-journal","tag-papier","tag-postes","tag-quand","tag-sortie","tag-vient","generate-columns","tablet-grid-50","mobile-grid-100","grid-parent","grid-33"],"yoast_head":"<!-- This site is optimized with the Yoast SEO plugin v24.0 - https:\/\/yoast.com\/wordpress\/plugins\/seo\/ -->\n<title>Quand le journal ne vient plus : Comment la gr\u00e8ve des postes acc\u00e9l\u00e8re la sortie du papier | Vie Associative<\/title>\n<meta name=\"robots\" content=\"index, follow, max-snippet:-1, max-image-preview:large, max-video-preview:-1\" \/>\n<link rel=\"canonical\" href=\"https:\/\/vieassociative.be\/actualites\/quand-le-journal-ne-vient-plus-comment-la-greve-des-postes-accelere-la-sortie-du-papier\/\" \/>\n<meta property=\"og:locale\" content=\"fr_FR\" \/>\n<meta property=\"og:type\" content=\"article\" \/>\n<meta property=\"og:title\" content=\"Quand le journal ne vient plus : Comment la gr\u00e8ve des postes acc\u00e9l\u00e8re la sortie du papier | Vie Associative\" \/>\n<meta property=\"og:description\" content=\"La gr\u00e8ve actuelle des postes en Belgique pose des probl\u00e8mes tr\u00e8s pratiques \u00e0 de nombreux abonn\u00e9s aux journaux : le journal arrive en retard, voire\" \/>\n<meta property=\"og:url\" content=\"https:\/\/vieassociative.be\/actualites\/quand-le-journal-ne-vient-plus-comment-la-greve-des-postes-accelere-la-sortie-du-papier\/\" \/>\n<meta property=\"og:site_name\" content=\"Vie Associative\" \/>\n<meta property=\"article:published_time\" content=\"2026-04-16T09:17:39+00:00\" \/>\n<meta property=\"og:image\" content=\"https:\/\/vieassociative.be\/actualites\/wp-content\/uploads\/2024\/09\/header_backgroundk-01-e1726694325946.png\" \/>\n\t<meta property=\"og:image:width\" content=\"279\" \/>\n\t<meta property=\"og:image:height\" content=\"92\" \/>\n\t<meta property=\"og:image:type\" content=\"image\/png\" \/>\n<meta name=\"author\" content=\"Julien\" \/>\n<meta name=\"twitter:card\" content=\"summary_large_image\" \/>\n<meta name=\"twitter:label1\" content=\"\u00c9crit par\" \/>\n\t<meta name=\"twitter:data1\" content=\"Julien\" \/>\n\t<meta name=\"twitter:label2\" content=\"Dur\u00e9e de lecture est.\" \/>\n\t<meta name=\"twitter:data2\" content=\"6 minutes\" \/>\n<script type=\"application\/ld+json\" class=\"yoast-schema-graph\">{\"@context\":\"https:\/\/schema.org\",\"@graph\":[{\"@type\":\"Article\",\"@id\":\"https:\/\/vieassociative.be\/actualites\/quand-le-journal-ne-vient-plus-comment-la-greve-des-postes-accelere-la-sortie-du-papier\/#article\",\"isPartOf\":{\"@id\":\"https:\/\/vieassociative.be\/actualites\/quand-le-journal-ne-vient-plus-comment-la-greve-des-postes-accelere-la-sortie-du-papier\/\"},\"author\":{\"name\":\"Julien\",\"@id\":\"https:\/\/vieassociative.be\/actualites\/#\/schema\/person\/b87ac4f82f9d4e7b7cec7395b679edc4\"},\"headline\":\"Quand le journal ne vient plus : Comment la gr\u00e8ve des postes acc\u00e9l\u00e8re la sortie du papier\",\"datePublished\":\"2026-04-16T09:17:39+00:00\",\"dateModified\":\"2026-04-16T09:17:39+00:00\",\"mainEntityOfPage\":{\"@id\":\"https:\/\/vieassociative.be\/actualites\/quand-le-journal-ne-vient-plus-comment-la-greve-des-postes-accelere-la-sortie-du-papier\/\"},\"wordCount\":1231,\"publisher\":{\"@id\":\"https:\/\/vieassociative.be\/actualites\/#organization\"},\"image\":{\"@id\":\"https:\/\/vieassociative.be\/actualites\/quand-le-journal-ne-vient-plus-comment-la-greve-des-postes-accelere-la-sortie-du-papier\/#primaryimage\"},\"thumbnailUrl\":\"https:\/\/vieassociative.be\/actualites\/wp-content\/uploads\/2026\/04\/1776331060_Quand-le-journal-ne-vient-plus-Comment-la-greve.jpg\",\"keywords\":[\"acc\u00e9l\u00e8re\",\"Comment\",\"Des\",\"gr\u00e8ve\",\"journal\",\"papier\",\"postes\",\"Quand\",\"Sortie\",\"vient\"],\"articleSection\":[\"Belgique\"],\"inLanguage\":\"fr-BE\"},{\"@type\":\"WebPage\",\"@id\":\"https:\/\/vieassociative.be\/actualites\/quand-le-journal-ne-vient-plus-comment-la-greve-des-postes-accelere-la-sortie-du-papier\/\",\"url\":\"https:\/\/vieassociative.be\/actualites\/quand-le-journal-ne-vient-plus-comment-la-greve-des-postes-accelere-la-sortie-du-papier\/\",\"name\":\"Quand le journal ne vient plus : Comment la gr\u00e8ve des postes acc\u00e9l\u00e8re la sortie du papier | Vie Associative\",\"isPartOf\":{\"@id\":\"https:\/\/vieassociative.be\/actualites\/#website\"},\"primaryImageOfPage\":{\"@id\":\"https:\/\/vieassociative.be\/actualites\/quand-le-journal-ne-vient-plus-comment-la-greve-des-postes-accelere-la-sortie-du-papier\/#primaryimage\"},\"image\":{\"@id\":\"https:\/\/vieassociative.be\/actualites\/quand-le-journal-ne-vient-plus-comment-la-greve-des-postes-accelere-la-sortie-du-papier\/#primaryimage\"},\"thumbnailUrl\":\"https:\/\/vieassociative.be\/actualites\/wp-content\/uploads\/2026\/04\/1776331060_Quand-le-journal-ne-vient-plus-Comment-la-greve.jpg\",\"datePublished\":\"2026-04-16T09:17:39+00:00\",\"dateModified\":\"2026-04-16T09:17:39+00:00\",\"breadcrumb\":{\"@id\":\"https:\/\/vieassociative.be\/actualites\/quand-le-journal-ne-vient-plus-comment-la-greve-des-postes-accelere-la-sortie-du-papier\/#breadcrumb\"},\"inLanguage\":\"fr-BE\",\"potentialAction\":[{\"@type\":\"ReadAction\",\"target\":[\"https:\/\/vieassociative.be\/actualites\/quand-le-journal-ne-vient-plus-comment-la-greve-des-postes-accelere-la-sortie-du-papier\/\"]}]},{\"@type\":\"ImageObject\",\"inLanguage\":\"fr-BE\",\"@id\":\"https:\/\/vieassociative.be\/actualites\/quand-le-journal-ne-vient-plus-comment-la-greve-des-postes-accelere-la-sortie-du-papier\/#primaryimage\",\"url\":\"https:\/\/vieassociative.be\/actualites\/wp-content\/uploads\/2026\/04\/1776331060_Quand-le-journal-ne-vient-plus-Comment-la-greve.jpg\",\"contentUrl\":\"https:\/\/vieassociative.be\/actualites\/wp-content\/uploads\/2026\/04\/1776331060_Quand-le-journal-ne-vient-plus-Comment-la-greve.jpg\",\"width\":1200,\"height\":1011,\"caption\":\"Quand le journal ne vient plus : Comment la gr\u00e8ve des postes acc\u00e9l\u00e8re la sortie du papier\"},{\"@type\":\"BreadcrumbList\",\"@id\":\"https:\/\/vieassociative.be\/actualites\/quand-le-journal-ne-vient-plus-comment-la-greve-des-postes-accelere-la-sortie-du-papier\/#breadcrumb\",\"itemListElement\":[{\"@type\":\"ListItem\",\"position\":1,\"name\":\"Accueil\",\"item\":\"https:\/\/vieassociative.be\/actualites\/\"},{\"@type\":\"ListItem\",\"position\":2,\"name\":\"Quand le journal ne vient plus : Comment la gr\u00e8ve des postes acc\u00e9l\u00e8re la sortie du papier\"}]},{\"@type\":\"WebSite\",\"@id\":\"https:\/\/vieassociative.be\/actualites\/#website\",\"url\":\"https:\/\/vieassociative.be\/actualites\/\",\"name\":\"Vie Associative\",\"description\":\"\",\"publisher\":{\"@id\":\"https:\/\/vieassociative.be\/actualites\/#organization\"},\"potentialAction\":[{\"@type\":\"SearchAction\",\"target\":{\"@type\":\"EntryPoint\",\"urlTemplate\":\"https:\/\/vieassociative.be\/actualites\/?s={search_term_string}\"},\"query-input\":{\"@type\":\"PropertyValueSpecification\",\"valueRequired\":true,\"valueName\":\"search_term_string\"}}],\"inLanguage\":\"fr-BE\"},{\"@type\":\"Organization\",\"@id\":\"https:\/\/vieassociative.be\/actualites\/#organization\",\"name\":\"Vie Associative\",\"url\":\"https:\/\/vieassociative.be\/actualites\/\",\"logo\":{\"@type\":\"ImageObject\",\"inLanguage\":\"fr-BE\",\"@id\":\"https:\/\/vieassociative.be\/actualites\/#\/schema\/logo\/image\/\",\"url\":\"https:\/\/vieassociative.be\/actualites\/wp-content\/uploads\/2024\/09\/cropped-vieassociative_favicon.ico.png\",\"contentUrl\":\"https:\/\/vieassociative.be\/actualites\/wp-content\/uploads\/2024\/09\/cropped-vieassociative_favicon.ico.png\",\"width\":512,\"height\":512,\"caption\":\"Vie Associative\"},\"image\":{\"@id\":\"https:\/\/vieassociative.be\/actualites\/#\/schema\/logo\/image\/\"}},{\"@type\":\"Person\",\"@id\":\"https:\/\/vieassociative.be\/actualites\/#\/schema\/person\/b87ac4f82f9d4e7b7cec7395b679edc4\",\"name\":\"Julien\",\"image\":{\"@type\":\"ImageObject\",\"inLanguage\":\"fr-BE\",\"@id\":\"https:\/\/vieassociative.be\/actualites\/#\/schema\/person\/image\/\",\"url\":\"https:\/\/vieassociative.be\/actualites\/wp-content\/uploads\/2024\/09\/vie-associative-1-150x150.jpg\",\"contentUrl\":\"https:\/\/vieassociative.be\/actualites\/wp-content\/uploads\/2024\/09\/vie-associative-1-150x150.jpg\",\"caption\":\"Julien\"},\"description\":\"Je suis Julien, r\u00e9dacteur pour Vie Associative. Passionn\u00e9 par le monde associatif depuis plus de 10 ans, j'ai \u00e0 c\u0153ur de partager des histoires inspirantes et de mettre en lumi\u00e8re les initiatives locales. Mon objectif est de sensibiliser et d'encourager l'engagement communautaire \u00e0 travers mes articles.\",\"sameAs\":[\"https:\/\/vieassociative.be\/\"]}]}<\/script>\n<!-- \/ Yoast SEO plugin. -->","yoast_head_json":{"title":"Quand le journal ne vient plus : Comment la gr\u00e8ve des postes acc\u00e9l\u00e8re la sortie du papier | Vie Associative","robots":{"index":"index","follow":"follow","max-snippet":"max-snippet:-1","max-image-preview":"max-image-preview:large","max-video-preview":"max-video-preview:-1"},"canonical":"https:\/\/vieassociative.be\/actualites\/quand-le-journal-ne-vient-plus-comment-la-greve-des-postes-accelere-la-sortie-du-papier\/","og_locale":"fr_FR","og_type":"article","og_title":"Quand le journal ne vient plus : Comment la gr\u00e8ve des postes acc\u00e9l\u00e8re la sortie du papier | Vie Associative","og_description":"La gr\u00e8ve actuelle des postes en Belgique pose des probl\u00e8mes tr\u00e8s pratiques \u00e0 de nombreux abonn\u00e9s aux journaux : le journal arrive en retard, voire","og_url":"https:\/\/vieassociative.be\/actualites\/quand-le-journal-ne-vient-plus-comment-la-greve-des-postes-accelere-la-sortie-du-papier\/","og_site_name":"Vie Associative","article_published_time":"2026-04-16T09:17:39+00:00","og_image":[{"width":279,"height":92,"url":"https:\/\/vieassociative.be\/actualites\/wp-content\/uploads\/2024\/09\/header_backgroundk-01-e1726694325946.png","type":"image\/png"}],"author":"Julien","twitter_card":"summary_large_image","twitter_misc":{"\u00c9crit par":"Julien","Dur\u00e9e de lecture est.":"6 minutes"},"schema":{"@context":"https:\/\/schema.org","@graph":[{"@type":"Article","@id":"https:\/\/vieassociative.be\/actualites\/quand-le-journal-ne-vient-plus-comment-la-greve-des-postes-accelere-la-sortie-du-papier\/#article","isPartOf":{"@id":"https:\/\/vieassociative.be\/actualites\/quand-le-journal-ne-vient-plus-comment-la-greve-des-postes-accelere-la-sortie-du-papier\/"},"author":{"name":"Julien","@id":"https:\/\/vieassociative.be\/actualites\/#\/schema\/person\/b87ac4f82f9d4e7b7cec7395b679edc4"},"headline":"Quand le journal ne vient plus : Comment la gr\u00e8ve des postes acc\u00e9l\u00e8re la sortie du papier","datePublished":"2026-04-16T09:17:39+00:00","dateModified":"2026-04-16T09:17:39+00:00","mainEntityOfPage":{"@id":"https:\/\/vieassociative.be\/actualites\/quand-le-journal-ne-vient-plus-comment-la-greve-des-postes-accelere-la-sortie-du-papier\/"},"wordCount":1231,"publisher":{"@id":"https:\/\/vieassociative.be\/actualites\/#organization"},"image":{"@id":"https:\/\/vieassociative.be\/actualites\/quand-le-journal-ne-vient-plus-comment-la-greve-des-postes-accelere-la-sortie-du-papier\/#primaryimage"},"thumbnailUrl":"https:\/\/vieassociative.be\/actualites\/wp-content\/uploads\/2026\/04\/1776331060_Quand-le-journal-ne-vient-plus-Comment-la-greve.jpg","keywords":["acc\u00e9l\u00e8re","Comment","Des","gr\u00e8ve","journal","papier","postes","Quand","Sortie","vient"],"articleSection":["Belgique"],"inLanguage":"fr-BE"},{"@type":"WebPage","@id":"https:\/\/vieassociative.be\/actualites\/quand-le-journal-ne-vient-plus-comment-la-greve-des-postes-accelere-la-sortie-du-papier\/","url":"https:\/\/vieassociative.be\/actualites\/quand-le-journal-ne-vient-plus-comment-la-greve-des-postes-accelere-la-sortie-du-papier\/","name":"Quand le journal ne vient plus : Comment la gr\u00e8ve des postes acc\u00e9l\u00e8re la sortie du papier | Vie Associative","isPartOf":{"@id":"https:\/\/vieassociative.be\/actualites\/#website"},"primaryImageOfPage":{"@id":"https:\/\/vieassociative.be\/actualites\/quand-le-journal-ne-vient-plus-comment-la-greve-des-postes-accelere-la-sortie-du-papier\/#primaryimage"},"image":{"@id":"https:\/\/vieassociative.be\/actualites\/quand-le-journal-ne-vient-plus-comment-la-greve-des-postes-accelere-la-sortie-du-papier\/#primaryimage"},"thumbnailUrl":"https:\/\/vieassociative.be\/actualites\/wp-content\/uploads\/2026\/04\/1776331060_Quand-le-journal-ne-vient-plus-Comment-la-greve.jpg","datePublished":"2026-04-16T09:17:39+00:00","dateModified":"2026-04-16T09:17:39+00:00","breadcrumb":{"@id":"https:\/\/vieassociative.be\/actualites\/quand-le-journal-ne-vient-plus-comment-la-greve-des-postes-accelere-la-sortie-du-papier\/#breadcrumb"},"inLanguage":"fr-BE","potentialAction":[{"@type":"ReadAction","target":["https:\/\/vieassociative.be\/actualites\/quand-le-journal-ne-vient-plus-comment-la-greve-des-postes-accelere-la-sortie-du-papier\/"]}]},{"@type":"ImageObject","inLanguage":"fr-BE","@id":"https:\/\/vieassociative.be\/actualites\/quand-le-journal-ne-vient-plus-comment-la-greve-des-postes-accelere-la-sortie-du-papier\/#primaryimage","url":"https:\/\/vieassociative.be\/actualites\/wp-content\/uploads\/2026\/04\/1776331060_Quand-le-journal-ne-vient-plus-Comment-la-greve.jpg","contentUrl":"https:\/\/vieassociative.be\/actualites\/wp-content\/uploads\/2026\/04\/1776331060_Quand-le-journal-ne-vient-plus-Comment-la-greve.jpg","width":1200,"height":1011,"caption":"Quand le journal ne vient plus : Comment la gr\u00e8ve des postes acc\u00e9l\u00e8re la sortie du papier"},{"@type":"BreadcrumbList","@id":"https:\/\/vieassociative.be\/actualites\/quand-le-journal-ne-vient-plus-comment-la-greve-des-postes-accelere-la-sortie-du-papier\/#breadcrumb","itemListElement":[{"@type":"ListItem","position":1,"name":"Accueil","item":"https:\/\/vieassociative.be\/actualites\/"},{"@type":"ListItem","position":2,"name":"Quand le journal ne vient plus : Comment la gr\u00e8ve des postes acc\u00e9l\u00e8re la sortie du papier"}]},{"@type":"WebSite","@id":"https:\/\/vieassociative.be\/actualites\/#website","url":"https:\/\/vieassociative.be\/actualites\/","name":"Vie Associative","description":"","publisher":{"@id":"https:\/\/vieassociative.be\/actualites\/#organization"},"potentialAction":[{"@type":"SearchAction","target":{"@type":"EntryPoint","urlTemplate":"https:\/\/vieassociative.be\/actualites\/?s={search_term_string}"},"query-input":{"@type":"PropertyValueSpecification","valueRequired":true,"valueName":"search_term_string"}}],"inLanguage":"fr-BE"},{"@type":"Organization","@id":"https:\/\/vieassociative.be\/actualites\/#organization","name":"Vie Associative","url":"https:\/\/vieassociative.be\/actualites\/","logo":{"@type":"ImageObject","inLanguage":"fr-BE","@id":"https:\/\/vieassociative.be\/actualites\/#\/schema\/logo\/image\/","url":"https:\/\/vieassociative.be\/actualites\/wp-content\/uploads\/2024\/09\/cropped-vieassociative_favicon.ico.png","contentUrl":"https:\/\/vieassociative.be\/actualites\/wp-content\/uploads\/2024\/09\/cropped-vieassociative_favicon.ico.png","width":512,"height":512,"caption":"Vie Associative"},"image":{"@id":"https:\/\/vieassociative.be\/actualites\/#\/schema\/logo\/image\/"}},{"@type":"Person","@id":"https:\/\/vieassociative.be\/actualites\/#\/schema\/person\/b87ac4f82f9d4e7b7cec7395b679edc4","name":"Julien","image":{"@type":"ImageObject","inLanguage":"fr-BE","@id":"https:\/\/vieassociative.be\/actualites\/#\/schema\/person\/image\/","url":"https:\/\/vieassociative.be\/actualites\/wp-content\/uploads\/2024\/09\/vie-associative-1-150x150.jpg","contentUrl":"https:\/\/vieassociative.be\/actualites\/wp-content\/uploads\/2024\/09\/vie-associative-1-150x150.jpg","caption":"Julien"},"description":"Je suis Julien, r\u00e9dacteur pour Vie Associative. Passionn\u00e9 par le monde associatif depuis plus de 10 ans, j'ai \u00e0 c\u0153ur de partager des histoires inspirantes et de mettre en lumi\u00e8re les initiatives locales. Mon objectif est de sensibiliser et d'encourager l'engagement communautaire \u00e0 travers mes articles.","sameAs":["https:\/\/vieassociative.be\/"]}]}},"_links":{"self":[{"href":"https:\/\/vieassociative.be\/actualites\/wp-json\/wp\/v2\/posts\/13460"}],"collection":[{"href":"https:\/\/vieassociative.be\/actualites\/wp-json\/wp\/v2\/posts"}],"about":[{"href":"https:\/\/vieassociative.be\/actualites\/wp-json\/wp\/v2\/types\/post"}],"author":[{"embeddable":true,"href":"https:\/\/vieassociative.be\/actualites\/wp-json\/wp\/v2\/users\/1"}],"replies":[{"embeddable":true,"href":"https:\/\/vieassociative.be\/actualites\/wp-json\/wp\/v2\/comments?post=13460"}],"version-history":[{"count":0,"href":"https:\/\/vieassociative.be\/actualites\/wp-json\/wp\/v2\/posts\/13460\/revisions"}],"wp:featuredmedia":[{"embeddable":true,"href":"https:\/\/vieassociative.be\/actualites\/wp-json\/wp\/v2\/media\/13461"}],"wp:attachment":[{"href":"https:\/\/vieassociative.be\/actualites\/wp-json\/wp\/v2\/media?parent=13460"}],"wp:term":[{"taxonomy":"category","embeddable":true,"href":"https:\/\/vieassociative.be\/actualites\/wp-json\/wp\/v2\/categories?post=13460"},{"taxonomy":"post_tag","embeddable":true,"href":"https:\/\/vieassociative.be\/actualites\/wp-json\/wp\/v2\/tags?post=13460"}],"curies":[{"name":"wp","href":"https:\/\/api.w.org\/{rel}","templated":true}]}}