{"id":13457,"date":"2026-04-16T05:17:38","date_gmt":"2026-04-16T03:17:38","guid":{"rendered":"https:\/\/vieassociative.be\/actualites\/la-police-met-fin-a-la-prise-dotages-a-eupen-les-auteurs-arretes\/"},"modified":"2026-04-16T05:17:38","modified_gmt":"2026-04-16T03:17:38","slug":"la-police-met-fin-a-la-prise-dotages-a-eupen-les-auteurs-arretes","status":"publish","type":"post","link":"https:\/\/vieassociative.be\/actualites\/la-police-met-fin-a-la-prise-dotages-a-eupen-les-auteurs-arretes\/","title":{"rendered":"La police met fin \u00e0 la prise d\u2019otages \u00e0 Eupen \u2013 les auteurs arr\u00eat\u00e9s"},"content":{"rendered":"<p><strong>Mercredi, une importante op\u00e9ration de police a eu lieu \u00e0 Eupen suite \u00e0 une prise d&rsquo;otages dans la Gospertstrasse.<\/strong><\/p>\n<p><span id=\"more-438445\"><\/span>La situation s&rsquo;est d\u00e9velopp\u00e9e dans l&rsquo;apr\u00e8s-midi et a \u00e9t\u00e9 jug\u00e9e grave par les autorit\u00e9s. C&rsquo;est pourquoi des forces sp\u00e9ciales ont \u00e9t\u00e9 d\u00e9ploy\u00e9es et la zone touch\u00e9e a \u00e9t\u00e9 boucl\u00e9e sur une vaste zone.<\/p>\n<p>Au cours de l&rsquo;op\u00e9ration, la police a r\u00e9ussi \u00e0 ma\u00eetriser la situation et \u00e0 mettre fin \u00e0 la prise d&rsquo;otages. Le danger imm\u00e9diat pour la population \u00e9tait ainsi \u00e9limin\u00e9.<\/p>\n<p>Tous les d\u00e9tails ne sont pas encore connus : on ne sait pas, entre autres, combien d&rsquo;otages ont \u00e9t\u00e9 impliqu\u00e9s, si des personnes ont \u00e9t\u00e9 bless\u00e9es et quel \u00e9tait le mobile de l&rsquo;auteur.<\/p>\n<p>Les autorit\u00e9s ont annonc\u00e9 qu&rsquo;elles publieraient des informations compl\u00e9mentaires d\u00e8s que des informations fiables seraient disponibles. (cr\u00e9er)<\/p>\n","protected":false},"excerpt":{"rendered":"<p>Mercredi, une importante op\u00e9ration de police a eu lieu \u00e0 Eupen suite \u00e0 une prise d&rsquo;otages dans la Gospertstrasse. La situation s&rsquo;est d\u00e9velopp\u00e9e dans l&rsquo;apr\u00e8s-midi<\/p>\n","protected":false},"author":1,"featured_media":2282,"comment_status":"","ping_status":"","sticky":false,"template":"","format":"standard","meta":{"footnotes":""},"categories":[298],"tags":[8491,7996,10492,2329,1908,14,3593,2741,3677],"class_list":["post-13457","post","type-post","status-publish","format-standard","has-post-thumbnail","hentry","category-belgique","tag-arretes","tag-auteurs","tag-dotages","tag-eupen","tag-fin","tag-les","tag-met","tag-police","tag-prise","generate-columns","tablet-grid-50","mobile-grid-100","grid-parent","grid-33"],"yoast_head":"<!-- This site is optimized with the Yoast SEO plugin v24.0 - https:\/\/yoast.com\/wordpress\/plugins\/seo\/ -->\n<title>La police met fin \u00e0 la prise d\u2019otages \u00e0 Eupen \u2013 les auteurs arr\u00eat\u00e9s | Vie Associative<\/title>\n<meta name=\"robots\" content=\"index, follow, max-snippet:-1, max-image-preview:large, max-video-preview:-1\" \/>\n<link rel=\"canonical\" href=\"https:\/\/vieassociative.be\/actualites\/la-police-met-fin-a-la-prise-dotages-a-eupen-les-auteurs-arretes\/\" \/>\n<meta property=\"og:locale\" content=\"fr_FR\" \/>\n<meta property=\"og:type\" content=\"article\" \/>\n<meta property=\"og:title\" content=\"La police met fin \u00e0 la prise d\u2019otages \u00e0 Eupen \u2013 les auteurs arr\u00eat\u00e9s | Vie Associative\" \/>\n<meta property=\"og:description\" content=\"Mercredi, une importante op\u00e9ration de police a eu lieu \u00e0 Eupen suite \u00e0 une prise d&rsquo;otages dans la Gospertstrasse. La situation s&rsquo;est d\u00e9velopp\u00e9e dans l&rsquo;apr\u00e8s-midi\" \/>\n<meta property=\"og:url\" content=\"https:\/\/vieassociative.be\/actualites\/la-police-met-fin-a-la-prise-dotages-a-eupen-les-auteurs-arretes\/\" \/>\n<meta property=\"og:site_name\" content=\"Vie Associative\" \/>\n<meta property=\"article:published_time\" content=\"2026-04-16T03:17:38+00:00\" \/>\n<meta property=\"og:image\" content=\"https:\/\/vieassociative.be\/actualites\/wp-content\/uploads\/2024\/09\/header_backgroundk-01-e1726694325946.png\" \/>\n\t<meta property=\"og:image:width\" content=\"279\" \/>\n\t<meta property=\"og:image:height\" content=\"92\" \/>\n\t<meta property=\"og:image:type\" content=\"image\/png\" \/>\n<meta name=\"author\" content=\"Julien\" \/>\n<meta name=\"twitter:card\" content=\"summary_large_image\" \/>\n<meta name=\"twitter:label1\" content=\"\u00c9crit par\" \/>\n\t<meta name=\"twitter:data1\" content=\"Julien\" \/>\n\t<meta name=\"twitter:label2\" content=\"Dur\u00e9e de lecture est.\" \/>\n\t<meta name=\"twitter:data2\" content=\"1 minute\" \/>\n<script type=\"application\/ld+json\" class=\"yoast-schema-graph\">{\"@context\":\"https:\/\/schema.org\",\"@graph\":[{\"@type\":\"Article\",\"@id\":\"https:\/\/vieassociative.be\/actualites\/la-police-met-fin-a-la-prise-dotages-a-eupen-les-auteurs-arretes\/#article\",\"isPartOf\":{\"@id\":\"https:\/\/vieassociative.be\/actualites\/la-police-met-fin-a-la-prise-dotages-a-eupen-les-auteurs-arretes\/\"},\"author\":{\"name\":\"Julien\",\"@id\":\"https:\/\/vieassociative.be\/actualites\/#\/schema\/person\/b87ac4f82f9d4e7b7cec7395b679edc4\"},\"headline\":\"La police met fin \u00e0 la prise d\u2019otages \u00e0 Eupen \u2013 les auteurs arr\u00eat\u00e9s\",\"datePublished\":\"2026-04-16T03:17:38+00:00\",\"dateModified\":\"2026-04-16T03:17:38+00:00\",\"mainEntityOfPage\":{\"@id\":\"https:\/\/vieassociative.be\/actualites\/la-police-met-fin-a-la-prise-dotages-a-eupen-les-auteurs-arretes\/\"},\"wordCount\":170,\"publisher\":{\"@id\":\"https:\/\/vieassociative.be\/actualites\/#organization\"},\"image\":{\"@id\":\"https:\/\/vieassociative.be\/actualites\/la-police-met-fin-a-la-prise-dotages-a-eupen-les-auteurs-arretes\/#primaryimage\"},\"thumbnailUrl\":\"https:\/\/vieassociative.be\/actualites\/wp-content\/uploads\/2024\/11\/Berloz-Un-enfant-de-quatre-ans-retrouve-mort-la.jpg\",\"keywords\":[\"arr\u00eat\u00e9s\",\"auteurs\",\"dotages\",\"Eupen\",\"fin\",\"Les\",\"met\",\"police\",\"prise\"],\"articleSection\":[\"Belgique\"],\"inLanguage\":\"fr-BE\"},{\"@type\":\"WebPage\",\"@id\":\"https:\/\/vieassociative.be\/actualites\/la-police-met-fin-a-la-prise-dotages-a-eupen-les-auteurs-arretes\/\",\"url\":\"https:\/\/vieassociative.be\/actualites\/la-police-met-fin-a-la-prise-dotages-a-eupen-les-auteurs-arretes\/\",\"name\":\"La police met fin \u00e0 la prise d\u2019otages \u00e0 Eupen \u2013 les auteurs arr\u00eat\u00e9s | Vie Associative\",\"isPartOf\":{\"@id\":\"https:\/\/vieassociative.be\/actualites\/#website\"},\"primaryImageOfPage\":{\"@id\":\"https:\/\/vieassociative.be\/actualites\/la-police-met-fin-a-la-prise-dotages-a-eupen-les-auteurs-arretes\/#primaryimage\"},\"image\":{\"@id\":\"https:\/\/vieassociative.be\/actualites\/la-police-met-fin-a-la-prise-dotages-a-eupen-les-auteurs-arretes\/#primaryimage\"},\"thumbnailUrl\":\"https:\/\/vieassociative.be\/actualites\/wp-content\/uploads\/2024\/11\/Berloz-Un-enfant-de-quatre-ans-retrouve-mort-la.jpg\",\"datePublished\":\"2026-04-16T03:17:38+00:00\",\"dateModified\":\"2026-04-16T03:17:38+00:00\",\"breadcrumb\":{\"@id\":\"https:\/\/vieassociative.be\/actualites\/la-police-met-fin-a-la-prise-dotages-a-eupen-les-auteurs-arretes\/#breadcrumb\"},\"inLanguage\":\"fr-BE\",\"potentialAction\":[{\"@type\":\"ReadAction\",\"target\":[\"https:\/\/vieassociative.be\/actualites\/la-police-met-fin-a-la-prise-dotages-a-eupen-les-auteurs-arretes\/\"]}]},{\"@type\":\"ImageObject\",\"inLanguage\":\"fr-BE\",\"@id\":\"https:\/\/vieassociative.be\/actualites\/la-police-met-fin-a-la-prise-dotages-a-eupen-les-auteurs-arretes\/#primaryimage\",\"url\":\"https:\/\/vieassociative.be\/actualites\/wp-content\/uploads\/2024\/11\/Berloz-Un-enfant-de-quatre-ans-retrouve-mort-la.jpg\",\"contentUrl\":\"https:\/\/vieassociative.be\/actualites\/wp-content\/uploads\/2024\/11\/Berloz-Un-enfant-de-quatre-ans-retrouve-mort-la.jpg\",\"width\":1200,\"height\":800,\"caption\":\"Berloz : Un enfant de quatre ans retrouv\u00e9 mort, la gorge tranch\u00e9e - parents en garde \u00e0 vue\"},{\"@type\":\"BreadcrumbList\",\"@id\":\"https:\/\/vieassociative.be\/actualites\/la-police-met-fin-a-la-prise-dotages-a-eupen-les-auteurs-arretes\/#breadcrumb\",\"itemListElement\":[{\"@type\":\"ListItem\",\"position\":1,\"name\":\"Accueil\",\"item\":\"https:\/\/vieassociative.be\/actualites\/\"},{\"@type\":\"ListItem\",\"position\":2,\"name\":\"La police met fin \u00e0 la prise d\u2019otages \u00e0 Eupen \u2013 les auteurs arr\u00eat\u00e9s\"}]},{\"@type\":\"WebSite\",\"@id\":\"https:\/\/vieassociative.be\/actualites\/#website\",\"url\":\"https:\/\/vieassociative.be\/actualites\/\",\"name\":\"Vie Associative\",\"description\":\"\",\"publisher\":{\"@id\":\"https:\/\/vieassociative.be\/actualites\/#organization\"},\"potentialAction\":[{\"@type\":\"SearchAction\",\"target\":{\"@type\":\"EntryPoint\",\"urlTemplate\":\"https:\/\/vieassociative.be\/actualites\/?s={search_term_string}\"},\"query-input\":{\"@type\":\"PropertyValueSpecification\",\"valueRequired\":true,\"valueName\":\"search_term_string\"}}],\"inLanguage\":\"fr-BE\"},{\"@type\":\"Organization\",\"@id\":\"https:\/\/vieassociative.be\/actualites\/#organization\",\"name\":\"Vie Associative\",\"url\":\"https:\/\/vieassociative.be\/actualites\/\",\"logo\":{\"@type\":\"ImageObject\",\"inLanguage\":\"fr-BE\",\"@id\":\"https:\/\/vieassociative.be\/actualites\/#\/schema\/logo\/image\/\",\"url\":\"https:\/\/vieassociative.be\/actualites\/wp-content\/uploads\/2024\/09\/cropped-vieassociative_favicon.ico.png\",\"contentUrl\":\"https:\/\/vieassociative.be\/actualites\/wp-content\/uploads\/2024\/09\/cropped-vieassociative_favicon.ico.png\",\"width\":512,\"height\":512,\"caption\":\"Vie Associative\"},\"image\":{\"@id\":\"https:\/\/vieassociative.be\/actualites\/#\/schema\/logo\/image\/\"}},{\"@type\":\"Person\",\"@id\":\"https:\/\/vieassociative.be\/actualites\/#\/schema\/person\/b87ac4f82f9d4e7b7cec7395b679edc4\",\"name\":\"Julien\",\"image\":{\"@type\":\"ImageObject\",\"inLanguage\":\"fr-BE\",\"@id\":\"https:\/\/vieassociative.be\/actualites\/#\/schema\/person\/image\/\",\"url\":\"https:\/\/vieassociative.be\/actualites\/wp-content\/uploads\/2024\/09\/vie-associative-1-150x150.jpg\",\"contentUrl\":\"https:\/\/vieassociative.be\/actualites\/wp-content\/uploads\/2024\/09\/vie-associative-1-150x150.jpg\",\"caption\":\"Julien\"},\"description\":\"Je suis Julien, r\u00e9dacteur pour Vie Associative. Passionn\u00e9 par le monde associatif depuis plus de 10 ans, j'ai \u00e0 c\u0153ur de partager des histoires inspirantes et de mettre en lumi\u00e8re les initiatives locales. Mon objectif est de sensibiliser et d'encourager l'engagement communautaire \u00e0 travers mes articles.\",\"sameAs\":[\"https:\/\/vieassociative.be\/\"]}]}<\/script>\n<!-- \/ Yoast SEO plugin. -->","yoast_head_json":{"title":"La police met fin \u00e0 la prise d\u2019otages \u00e0 Eupen \u2013 les auteurs arr\u00eat\u00e9s | Vie Associative","robots":{"index":"index","follow":"follow","max-snippet":"max-snippet:-1","max-image-preview":"max-image-preview:large","max-video-preview":"max-video-preview:-1"},"canonical":"https:\/\/vieassociative.be\/actualites\/la-police-met-fin-a-la-prise-dotages-a-eupen-les-auteurs-arretes\/","og_locale":"fr_FR","og_type":"article","og_title":"La police met fin \u00e0 la prise d\u2019otages \u00e0 Eupen \u2013 les auteurs arr\u00eat\u00e9s | Vie Associative","og_description":"Mercredi, une importante op\u00e9ration de police a eu lieu \u00e0 Eupen suite \u00e0 une prise d&rsquo;otages dans la Gospertstrasse. La situation s&rsquo;est d\u00e9velopp\u00e9e dans l&rsquo;apr\u00e8s-midi","og_url":"https:\/\/vieassociative.be\/actualites\/la-police-met-fin-a-la-prise-dotages-a-eupen-les-auteurs-arretes\/","og_site_name":"Vie Associative","article_published_time":"2026-04-16T03:17:38+00:00","og_image":[{"width":279,"height":92,"url":"https:\/\/vieassociative.be\/actualites\/wp-content\/uploads\/2024\/09\/header_backgroundk-01-e1726694325946.png","type":"image\/png"}],"author":"Julien","twitter_card":"summary_large_image","twitter_misc":{"\u00c9crit par":"Julien","Dur\u00e9e de lecture est.":"1 minute"},"schema":{"@context":"https:\/\/schema.org","@graph":[{"@type":"Article","@id":"https:\/\/vieassociative.be\/actualites\/la-police-met-fin-a-la-prise-dotages-a-eupen-les-auteurs-arretes\/#article","isPartOf":{"@id":"https:\/\/vieassociative.be\/actualites\/la-police-met-fin-a-la-prise-dotages-a-eupen-les-auteurs-arretes\/"},"author":{"name":"Julien","@id":"https:\/\/vieassociative.be\/actualites\/#\/schema\/person\/b87ac4f82f9d4e7b7cec7395b679edc4"},"headline":"La police met fin \u00e0 la prise d\u2019otages \u00e0 Eupen \u2013 les auteurs arr\u00eat\u00e9s","datePublished":"2026-04-16T03:17:38+00:00","dateModified":"2026-04-16T03:17:38+00:00","mainEntityOfPage":{"@id":"https:\/\/vieassociative.be\/actualites\/la-police-met-fin-a-la-prise-dotages-a-eupen-les-auteurs-arretes\/"},"wordCount":170,"publisher":{"@id":"https:\/\/vieassociative.be\/actualites\/#organization"},"image":{"@id":"https:\/\/vieassociative.be\/actualites\/la-police-met-fin-a-la-prise-dotages-a-eupen-les-auteurs-arretes\/#primaryimage"},"thumbnailUrl":"https:\/\/vieassociative.be\/actualites\/wp-content\/uploads\/2024\/11\/Berloz-Un-enfant-de-quatre-ans-retrouve-mort-la.jpg","keywords":["arr\u00eat\u00e9s","auteurs","dotages","Eupen","fin","Les","met","police","prise"],"articleSection":["Belgique"],"inLanguage":"fr-BE"},{"@type":"WebPage","@id":"https:\/\/vieassociative.be\/actualites\/la-police-met-fin-a-la-prise-dotages-a-eupen-les-auteurs-arretes\/","url":"https:\/\/vieassociative.be\/actualites\/la-police-met-fin-a-la-prise-dotages-a-eupen-les-auteurs-arretes\/","name":"La police met fin \u00e0 la prise d\u2019otages \u00e0 Eupen \u2013 les auteurs arr\u00eat\u00e9s | Vie Associative","isPartOf":{"@id":"https:\/\/vieassociative.be\/actualites\/#website"},"primaryImageOfPage":{"@id":"https:\/\/vieassociative.be\/actualites\/la-police-met-fin-a-la-prise-dotages-a-eupen-les-auteurs-arretes\/#primaryimage"},"image":{"@id":"https:\/\/vieassociative.be\/actualites\/la-police-met-fin-a-la-prise-dotages-a-eupen-les-auteurs-arretes\/#primaryimage"},"thumbnailUrl":"https:\/\/vieassociative.be\/actualites\/wp-content\/uploads\/2024\/11\/Berloz-Un-enfant-de-quatre-ans-retrouve-mort-la.jpg","datePublished":"2026-04-16T03:17:38+00:00","dateModified":"2026-04-16T03:17:38+00:00","breadcrumb":{"@id":"https:\/\/vieassociative.be\/actualites\/la-police-met-fin-a-la-prise-dotages-a-eupen-les-auteurs-arretes\/#breadcrumb"},"inLanguage":"fr-BE","potentialAction":[{"@type":"ReadAction","target":["https:\/\/vieassociative.be\/actualites\/la-police-met-fin-a-la-prise-dotages-a-eupen-les-auteurs-arretes\/"]}]},{"@type":"ImageObject","inLanguage":"fr-BE","@id":"https:\/\/vieassociative.be\/actualites\/la-police-met-fin-a-la-prise-dotages-a-eupen-les-auteurs-arretes\/#primaryimage","url":"https:\/\/vieassociative.be\/actualites\/wp-content\/uploads\/2024\/11\/Berloz-Un-enfant-de-quatre-ans-retrouve-mort-la.jpg","contentUrl":"https:\/\/vieassociative.be\/actualites\/wp-content\/uploads\/2024\/11\/Berloz-Un-enfant-de-quatre-ans-retrouve-mort-la.jpg","width":1200,"height":800,"caption":"Berloz : Un enfant de quatre ans retrouv\u00e9 mort, la gorge tranch\u00e9e - parents en garde \u00e0 vue"},{"@type":"BreadcrumbList","@id":"https:\/\/vieassociative.be\/actualites\/la-police-met-fin-a-la-prise-dotages-a-eupen-les-auteurs-arretes\/#breadcrumb","itemListElement":[{"@type":"ListItem","position":1,"name":"Accueil","item":"https:\/\/vieassociative.be\/actualites\/"},{"@type":"ListItem","position":2,"name":"La police met fin \u00e0 la prise d\u2019otages \u00e0 Eupen \u2013 les auteurs arr\u00eat\u00e9s"}]},{"@type":"WebSite","@id":"https:\/\/vieassociative.be\/actualites\/#website","url":"https:\/\/vieassociative.be\/actualites\/","name":"Vie Associative","description":"","publisher":{"@id":"https:\/\/vieassociative.be\/actualites\/#organization"},"potentialAction":[{"@type":"SearchAction","target":{"@type":"EntryPoint","urlTemplate":"https:\/\/vieassociative.be\/actualites\/?s={search_term_string}"},"query-input":{"@type":"PropertyValueSpecification","valueRequired":true,"valueName":"search_term_string"}}],"inLanguage":"fr-BE"},{"@type":"Organization","@id":"https:\/\/vieassociative.be\/actualites\/#organization","name":"Vie Associative","url":"https:\/\/vieassociative.be\/actualites\/","logo":{"@type":"ImageObject","inLanguage":"fr-BE","@id":"https:\/\/vieassociative.be\/actualites\/#\/schema\/logo\/image\/","url":"https:\/\/vieassociative.be\/actualites\/wp-content\/uploads\/2024\/09\/cropped-vieassociative_favicon.ico.png","contentUrl":"https:\/\/vieassociative.be\/actualites\/wp-content\/uploads\/2024\/09\/cropped-vieassociative_favicon.ico.png","width":512,"height":512,"caption":"Vie Associative"},"image":{"@id":"https:\/\/vieassociative.be\/actualites\/#\/schema\/logo\/image\/"}},{"@type":"Person","@id":"https:\/\/vieassociative.be\/actualites\/#\/schema\/person\/b87ac4f82f9d4e7b7cec7395b679edc4","name":"Julien","image":{"@type":"ImageObject","inLanguage":"fr-BE","@id":"https:\/\/vieassociative.be\/actualites\/#\/schema\/person\/image\/","url":"https:\/\/vieassociative.be\/actualites\/wp-content\/uploads\/2024\/09\/vie-associative-1-150x150.jpg","contentUrl":"https:\/\/vieassociative.be\/actualites\/wp-content\/uploads\/2024\/09\/vie-associative-1-150x150.jpg","caption":"Julien"},"description":"Je suis Julien, r\u00e9dacteur pour Vie Associative. Passionn\u00e9 par le monde associatif depuis plus de 10 ans, j'ai \u00e0 c\u0153ur de partager des histoires inspirantes et de mettre en lumi\u00e8re les initiatives locales. Mon objectif est de sensibiliser et d'encourager l'engagement communautaire \u00e0 travers mes articles.","sameAs":["https:\/\/vieassociative.be\/"]}]}},"_links":{"self":[{"href":"https:\/\/vieassociative.be\/actualites\/wp-json\/wp\/v2\/posts\/13457"}],"collection":[{"href":"https:\/\/vieassociative.be\/actualites\/wp-json\/wp\/v2\/posts"}],"about":[{"href":"https:\/\/vieassociative.be\/actualites\/wp-json\/wp\/v2\/types\/post"}],"author":[{"embeddable":true,"href":"https:\/\/vieassociative.be\/actualites\/wp-json\/wp\/v2\/users\/1"}],"replies":[{"embeddable":true,"href":"https:\/\/vieassociative.be\/actualites\/wp-json\/wp\/v2\/comments?post=13457"}],"version-history":[{"count":0,"href":"https:\/\/vieassociative.be\/actualites\/wp-json\/wp\/v2\/posts\/13457\/revisions"}],"wp:featuredmedia":[{"embeddable":true,"href":"https:\/\/vieassociative.be\/actualites\/wp-json\/wp\/v2\/media\/2282"}],"wp:attachment":[{"href":"https:\/\/vieassociative.be\/actualites\/wp-json\/wp\/v2\/media?parent=13457"}],"wp:term":[{"taxonomy":"category","embeddable":true,"href":"https:\/\/vieassociative.be\/actualites\/wp-json\/wp\/v2\/categories?post=13457"},{"taxonomy":"post_tag","embeddable":true,"href":"https:\/\/vieassociative.be\/actualites\/wp-json\/wp\/v2\/tags?post=13457"}],"curies":[{"name":"wp","href":"https:\/\/api.w.org\/{rel}","templated":true}]}}