{"id":13453,"date":"2026-04-15T23:18:09","date_gmt":"2026-04-15T21:18:09","guid":{"rendered":"https:\/\/vieassociative.be\/actualites\/quel-spectacle-le-fc-bayern-a-battu-le-real-madrid-4-3-et-a-rencontre-le-paris-saint-germain-en-demi-finale\/"},"modified":"2026-04-15T23:18:09","modified_gmt":"2026-04-15T21:18:09","slug":"quel-spectacle-le-fc-bayern-a-battu-le-real-madrid-4-3-et-a-rencontre-le-paris-saint-germain-en-demi-finale","status":"publish","type":"post","link":"https:\/\/vieassociative.be\/actualites\/quel-spectacle-le-fc-bayern-a-battu-le-real-madrid-4-3-et-a-rencontre-le-paris-saint-germain-en-demi-finale\/","title":{"rendered":"Quel spectacle ! Le FC Bayern a battu le Real Madrid 4-3 et a rencontr\u00e9 le Paris Saint-Germain en demi-finale"},"content":{"rendered":"<p><strong>Dans le duel g\u00e9ant avec le Real Madrid, le Bayern vacille longtemps &#8211; puis triomphe. Luis D\u00edaz et Michael Olise marquent dans la majorit\u00e9 pour porter le score \u00e0 4:3. Maintenant, c&rsquo;est contre Paris.<\/strong><\/p>\n<p><span id=\"more-438449\"><\/span>Un FC Bayern passionn\u00e9ment combatif a vaincu la mal\u00e9diction du Real gr\u00e2ce \u00e0 une double frappe tardive de Luis D\u00edaz et Michael Olise apr\u00e8s une m\u00e9ga erreur du gardien Manuel Neuer. Une semaine apr\u00e8s la grande victoire 2-1 en Espagne, l&rsquo;\u00e9quipe de Munich a longtemps h\u00e9sit\u00e9 lors d&rsquo;un match de football spectaculaire dans la bouillonnante Allianz Arena sur un score de 4:3 (2:3).<\/p>\n<p>Mais apr\u00e8s le carton jaune-rouge du rempla\u00e7ant Eduardo Camavinga, D\u00edaz a marqu\u00e9 de mani\u00e8re d\u00e9cisive \u00e0 la 89e minute et Olise dans les arr\u00eats de jeu. D\u00e9sormais, le point culminant de la demi-finale contre le champion en titre, le Paris Saint-Germain, aura lieu dans deux semaines. La saison en Europe se poursuit pour l&rsquo;\u00e9quipe munichoise. Et aussi la qu\u00eate du tripl\u00e9 pour l&rsquo;entra\u00eeneur Vincent Kompany et son ensemble longtemps imparfait.<\/p>\n<p>Avec les buts de la jeune star Arda G\u00fcler (1re\/29e minute) et de l&rsquo;attaquant vedette Kylian Mbapp\u00e9 (42e), le Real, vainqueur du record, a au moins indiqu\u00e9 qu&rsquo;il aurait pu r\u00e9aliser quelque chose de royal en Ligue des champions.<\/p>\n<p>Le Bayern, pouss\u00e9 en avant par les 75 000 spectateurs, a \u00e9galis\u00e9 \u00e0 deux reprises avec le premier but de premi\u00e8re classe d&rsquo;Aleksandar Pavlovic (6e) et le 50e but de Harry Kane de la saison (38e). Finalement, c&rsquo;\u00e9tait trop peu. Pour la cinqui\u00e8me fois cons\u00e9cutive, les champions allemands du record ont \u00e9t\u00e9 battus par le Real dans un duel \u00e0 \u00e9limination directe. Et comme lors de l&rsquo;\u00e9limination en demi-finale il y a deux ans, le capitaine Neuer a encore une fois jou\u00e9 un r\u00f4le d\u00e9cisif. Seulement cette fois au d\u00e9but.<\/p>\n<p>\u00ab\u00a0Non, non, non\u00a0\u00bb, Kompany \u00e9tait intervenu \u00e9nergiquement lorsqu&rsquo;un journaliste voulait l&rsquo;interroger sur son \u00e9ventuel adversaire en demi-finale, la veille du deuxi\u00e8me duel de g\u00e9ants avec le Real. Le Belge savait que Madrid en particulier peut toujours rebondir, m\u00eame apr\u00e8s une d\u00e9faite 2-1 au match aller.<\/p>\n<p><strong>\u2013 Nouvel abandon apr\u00e8s 35 secondes :<\/strong> Et c&rsquo;est comme \u00e7a que \u00e7a s&rsquo;est pass\u00e9. Le stade bouillonnait, l&rsquo;ambiance \u00e9tait g\u00e9niale et il n&rsquo;y avait pas de tests tactiques apr\u00e8s le coup d&rsquo;envoi. Car Neuer, 40 ans, le \u00ab\u00a0facteur X\u00a0\u00bb tant vant\u00e9 du succ\u00e8s du Bayern au Bernab\u00e9u, a connu un black-out total d\u00e8s la premi\u00e8re minute.<\/p>\n<p>Sans aucune pression adverse, le gardien record de l&rsquo;Allemagne a frapp\u00e9 le ballon de la main gauche directement sur le pied de G\u00fcler. Et le Turc de 21 ans a accept\u00e9 le cadeau avec gratitude et a marqu\u00e9 de plus de 30 m\u00e8tres dans le but vide. Quel d\u00e9but ! Quel rat\u00e9 de la part de Neuer !<\/p>\n<p>L&rsquo;\u00e9troite avance du Bayern d\u00e8s le premier match avait disparu. Et les choses ont continu\u00e9 rapidement. Le corner de Joshua Kimmich, la t\u00eate de Pavlovic &#8211; maintenant Andrej Lunin, le rempla\u00e7ant inapte de Thibaut Courtois bless\u00e9 dans le but des visiteurs, semblaient mauvais. L&rsquo;Ukrainien a rat\u00e9 la ligne.<\/p>\n<p>Le Bayern a avanc\u00e9 puissamment. Mais ils ont ouvert beaucoup trop d&rsquo;espaces \u00e0 l&rsquo;offensive royale avec les attaquants vedettes Mbapp\u00e9 et Vini Jr. Apr\u00e8s que Lunin ait brillamment bloqu\u00e9 un tir de Kimmich (27e), le temps r\u00e9el \u00e9tait de retour dans l&rsquo;ar\u00e8ne. Le noble technicien G\u00fcler a d\u00e9coch\u00e9 un coup franc haut dans le coin droit. Neuer avait la main. Mais ce tir \u00e9tait-il imparable ? \u00ab\u00a0Dans sa forme de la semaine derni\u00e8re, il l&rsquo;aurait conserv\u00e9\u00a0\u00bb, a d\u00e9clar\u00e9 Sami Khedira sur DAZN \u00e0 propos de son coll\u00e8gue champion du monde 2014 Neuer.<\/p>\n<p>L&rsquo;\u00e9quipe munichoise a \u00e9galement surmont\u00e9 un nouveau d\u00e9ficit. Dayot Upamecano, qui \u00e9tait souvent capable d&rsquo;arr\u00eater Vini Junior, est soudainement apparu devant et a servi Kane. Et l&rsquo;Anglais a montr\u00e9 sa capacit\u00e9 de but en marquant froidement dans le coin droit. Il s&rsquo;agissait du 50e but de Kane \u00e0 son 42e match de comp\u00e9tition de la saison.<\/p>\n<p><strong>\u2013 Mythe de la Royal Champions League :<\/strong> Mais il n\u2019y a eu ni souffle ni apaisement du jeu dans cette premi\u00e8re mi-temps. Vini Jr. encercle le ballon jusqu&rsquo;au sommet de la barre transversale (41e). Et moins de 60 secondes plus tard, le Br\u00e9silien a nourri Mbapp\u00e9, qui a su inscrire sans contestation dans la surface son 15e but de la saison en Ligue des Champions. Et puis il y a eu une pause.<\/p>\n<p>Refroidissez, collectez, r\u00e9alignez. \u00c0 ce stade, les signes laissaient pr\u00e9sager une extension. Le Bayern voulait forcer le score \u00e0 3-3 &#8211; et le Real attendait le moment d\u00e9cisif, la contre-attaque, la grande action offensive. Neuer rendait un peu la pareille \u00e0 son \u00e9quipe en d\u00e9samor\u00e7ant d&rsquo;un r\u00e9flexe de la main droite une frappe de Mbapp\u00e9 (55e). Le mythe de la Ligue des Champions que d\u00e9gage le Real \u00e9tait omnipr\u00e9sent dans le stade.<\/p>\n<p>Au bout d&rsquo;une heure, Jamal Musiala rempla\u00e7ait le p\u00e2le Serge Gnabry. Et le joueur de 23 ans a v\u00e9cu une grande sc\u00e8ne lors de son 50e match de Ligue des champions. L&rsquo;international a parfaitement servi Luis D\u00edaz, mais l&rsquo;ailier a g\u00e2ch\u00e9 fr\u00e9n\u00e9tiquement la belle occasion de porter le score \u00e0 3-3 dans la surface. Peu avant le coup de sifflet final, l&rsquo;attaquant a fait mieux et a sauv\u00e9 le FC Bayern avant qu&rsquo;Olise ne marque. (dpa)<\/p>\n","protected":false},"excerpt":{"rendered":"<p>Dans le duel g\u00e9ant avec le Real Madrid, le Bayern vacille longtemps &#8211; puis triomphe. Luis D\u00edaz et Michael Olise marquent dans la majorit\u00e9 pour<\/p>\n","protected":false},"author":1,"featured_media":13454,"comment_status":"","ping_status":"","sticky":false,"template":"","format":"standard","meta":{"footnotes":""},"categories":[298],"tags":[9125,2298,10490,2301,2447,794,369,1184,7124,5101],"class_list":["post-13453","post","type-post","status-publish","format-standard","has-post-thumbnail","hentry","category-belgique","tag-battu","tag-bayern","tag-demifinale","tag-madrid","tag-paris","tag-quel","tag-real","tag-rencontre","tag-saintgermain","tag-spectacle","generate-columns","tablet-grid-50","mobile-grid-100","grid-parent","grid-33"],"yoast_head":"<!-- This site is optimized with the Yoast SEO plugin v24.0 - https:\/\/yoast.com\/wordpress\/plugins\/seo\/ -->\n<title>Quel spectacle ! Le FC Bayern a battu le Real Madrid 4-3 et a rencontr\u00e9 le Paris Saint-Germain en demi-finale | Vie Associative<\/title>\n<meta name=\"robots\" content=\"index, follow, max-snippet:-1, max-image-preview:large, max-video-preview:-1\" \/>\n<link rel=\"canonical\" href=\"https:\/\/vieassociative.be\/actualites\/quel-spectacle-le-fc-bayern-a-battu-le-real-madrid-4-3-et-a-rencontre-le-paris-saint-germain-en-demi-finale\/\" \/>\n<meta property=\"og:locale\" content=\"fr_FR\" \/>\n<meta property=\"og:type\" content=\"article\" \/>\n<meta property=\"og:title\" content=\"Quel spectacle ! Le FC Bayern a battu le Real Madrid 4-3 et a rencontr\u00e9 le Paris Saint-Germain en demi-finale | Vie Associative\" \/>\n<meta property=\"og:description\" content=\"Dans le duel g\u00e9ant avec le Real Madrid, le Bayern vacille longtemps &#8211; puis triomphe. Luis D\u00edaz et Michael Olise marquent dans la majorit\u00e9 pour\" \/>\n<meta property=\"og:url\" content=\"https:\/\/vieassociative.be\/actualites\/quel-spectacle-le-fc-bayern-a-battu-le-real-madrid-4-3-et-a-rencontre-le-paris-saint-germain-en-demi-finale\/\" \/>\n<meta property=\"og:site_name\" content=\"Vie Associative\" \/>\n<meta property=\"article:published_time\" content=\"2026-04-15T21:18:09+00:00\" \/>\n<meta property=\"og:image\" content=\"https:\/\/vieassociative.be\/actualites\/wp-content\/uploads\/2024\/09\/header_backgroundk-01-e1726694325946.png\" \/>\n\t<meta property=\"og:image:width\" content=\"279\" \/>\n\t<meta property=\"og:image:height\" content=\"92\" \/>\n\t<meta property=\"og:image:type\" content=\"image\/png\" \/>\n<meta name=\"author\" content=\"Julien\" \/>\n<meta name=\"twitter:card\" content=\"summary_large_image\" \/>\n<meta name=\"twitter:label1\" content=\"\u00c9crit par\" \/>\n\t<meta name=\"twitter:data1\" content=\"Julien\" \/>\n\t<meta name=\"twitter:label2\" content=\"Dur\u00e9e de lecture est.\" \/>\n\t<meta name=\"twitter:data2\" content=\"5 minutes\" \/>\n<script type=\"application\/ld+json\" class=\"yoast-schema-graph\">{\"@context\":\"https:\/\/schema.org\",\"@graph\":[{\"@type\":\"Article\",\"@id\":\"https:\/\/vieassociative.be\/actualites\/quel-spectacle-le-fc-bayern-a-battu-le-real-madrid-4-3-et-a-rencontre-le-paris-saint-germain-en-demi-finale\/#article\",\"isPartOf\":{\"@id\":\"https:\/\/vieassociative.be\/actualites\/quel-spectacle-le-fc-bayern-a-battu-le-real-madrid-4-3-et-a-rencontre-le-paris-saint-germain-en-demi-finale\/\"},\"author\":{\"name\":\"Julien\",\"@id\":\"https:\/\/vieassociative.be\/actualites\/#\/schema\/person\/b87ac4f82f9d4e7b7cec7395b679edc4\"},\"headline\":\"Quel spectacle ! Le FC Bayern a battu le Real Madrid 4-3 et a rencontr\u00e9 le Paris Saint-Germain en demi-finale\",\"datePublished\":\"2026-04-15T21:18:09+00:00\",\"dateModified\":\"2026-04-15T21:18:09+00:00\",\"mainEntityOfPage\":{\"@id\":\"https:\/\/vieassociative.be\/actualites\/quel-spectacle-le-fc-bayern-a-battu-le-real-madrid-4-3-et-a-rencontre-le-paris-saint-germain-en-demi-finale\/\"},\"wordCount\":973,\"publisher\":{\"@id\":\"https:\/\/vieassociative.be\/actualites\/#organization\"},\"image\":{\"@id\":\"https:\/\/vieassociative.be\/actualites\/quel-spectacle-le-fc-bayern-a-battu-le-real-madrid-4-3-et-a-rencontre-le-paris-saint-germain-en-demi-finale\/#primaryimage\"},\"thumbnailUrl\":\"https:\/\/vieassociative.be\/actualites\/wp-content\/uploads\/2026\/04\/Quel-spectacle-Le-FC-Bayern-a-battu-le-Real.jpg\",\"keywords\":[\"battu\",\"Bayern\",\"demifinale\",\"Madrid\",\"Paris\",\"Quel\",\"Real\",\"rencontre\",\"SaintGermain\",\"Spectacle\"],\"articleSection\":[\"Belgique\"],\"inLanguage\":\"fr-BE\"},{\"@type\":\"WebPage\",\"@id\":\"https:\/\/vieassociative.be\/actualites\/quel-spectacle-le-fc-bayern-a-battu-le-real-madrid-4-3-et-a-rencontre-le-paris-saint-germain-en-demi-finale\/\",\"url\":\"https:\/\/vieassociative.be\/actualites\/quel-spectacle-le-fc-bayern-a-battu-le-real-madrid-4-3-et-a-rencontre-le-paris-saint-germain-en-demi-finale\/\",\"name\":\"Quel spectacle ! Le FC Bayern a battu le Real Madrid 4-3 et a rencontr\u00e9 le Paris Saint-Germain en demi-finale | Vie Associative\",\"isPartOf\":{\"@id\":\"https:\/\/vieassociative.be\/actualites\/#website\"},\"primaryImageOfPage\":{\"@id\":\"https:\/\/vieassociative.be\/actualites\/quel-spectacle-le-fc-bayern-a-battu-le-real-madrid-4-3-et-a-rencontre-le-paris-saint-germain-en-demi-finale\/#primaryimage\"},\"image\":{\"@id\":\"https:\/\/vieassociative.be\/actualites\/quel-spectacle-le-fc-bayern-a-battu-le-real-madrid-4-3-et-a-rencontre-le-paris-saint-germain-en-demi-finale\/#primaryimage\"},\"thumbnailUrl\":\"https:\/\/vieassociative.be\/actualites\/wp-content\/uploads\/2026\/04\/Quel-spectacle-Le-FC-Bayern-a-battu-le-Real.jpg\",\"datePublished\":\"2026-04-15T21:18:09+00:00\",\"dateModified\":\"2026-04-15T21:18:09+00:00\",\"breadcrumb\":{\"@id\":\"https:\/\/vieassociative.be\/actualites\/quel-spectacle-le-fc-bayern-a-battu-le-real-madrid-4-3-et-a-rencontre-le-paris-saint-germain-en-demi-finale\/#breadcrumb\"},\"inLanguage\":\"fr-BE\",\"potentialAction\":[{\"@type\":\"ReadAction\",\"target\":[\"https:\/\/vieassociative.be\/actualites\/quel-spectacle-le-fc-bayern-a-battu-le-real-madrid-4-3-et-a-rencontre-le-paris-saint-germain-en-demi-finale\/\"]}]},{\"@type\":\"ImageObject\",\"inLanguage\":\"fr-BE\",\"@id\":\"https:\/\/vieassociative.be\/actualites\/quel-spectacle-le-fc-bayern-a-battu-le-real-madrid-4-3-et-a-rencontre-le-paris-saint-germain-en-demi-finale\/#primaryimage\",\"url\":\"https:\/\/vieassociative.be\/actualites\/wp-content\/uploads\/2026\/04\/Quel-spectacle-Le-FC-Bayern-a-battu-le-Real.jpg\",\"contentUrl\":\"https:\/\/vieassociative.be\/actualites\/wp-content\/uploads\/2026\/04\/Quel-spectacle-Le-FC-Bayern-a-battu-le-Real.jpg\",\"width\":2560,\"height\":1707,\"caption\":\"Quel spectacle ! Le FC Bayern a battu le Real Madrid 4-3 et a rencontr\u00e9 le Paris Saint-Germain en demi-finale\"},{\"@type\":\"BreadcrumbList\",\"@id\":\"https:\/\/vieassociative.be\/actualites\/quel-spectacle-le-fc-bayern-a-battu-le-real-madrid-4-3-et-a-rencontre-le-paris-saint-germain-en-demi-finale\/#breadcrumb\",\"itemListElement\":[{\"@type\":\"ListItem\",\"position\":1,\"name\":\"Accueil\",\"item\":\"https:\/\/vieassociative.be\/actualites\/\"},{\"@type\":\"ListItem\",\"position\":2,\"name\":\"Quel spectacle ! Le FC Bayern a battu le Real Madrid 4-3 et a rencontr\u00e9 le Paris Saint-Germain en demi-finale\"}]},{\"@type\":\"WebSite\",\"@id\":\"https:\/\/vieassociative.be\/actualites\/#website\",\"url\":\"https:\/\/vieassociative.be\/actualites\/\",\"name\":\"Vie Associative\",\"description\":\"\",\"publisher\":{\"@id\":\"https:\/\/vieassociative.be\/actualites\/#organization\"},\"potentialAction\":[{\"@type\":\"SearchAction\",\"target\":{\"@type\":\"EntryPoint\",\"urlTemplate\":\"https:\/\/vieassociative.be\/actualites\/?s={search_term_string}\"},\"query-input\":{\"@type\":\"PropertyValueSpecification\",\"valueRequired\":true,\"valueName\":\"search_term_string\"}}],\"inLanguage\":\"fr-BE\"},{\"@type\":\"Organization\",\"@id\":\"https:\/\/vieassociative.be\/actualites\/#organization\",\"name\":\"Vie Associative\",\"url\":\"https:\/\/vieassociative.be\/actualites\/\",\"logo\":{\"@type\":\"ImageObject\",\"inLanguage\":\"fr-BE\",\"@id\":\"https:\/\/vieassociative.be\/actualites\/#\/schema\/logo\/image\/\",\"url\":\"https:\/\/vieassociative.be\/actualites\/wp-content\/uploads\/2024\/09\/cropped-vieassociative_favicon.ico.png\",\"contentUrl\":\"https:\/\/vieassociative.be\/actualites\/wp-content\/uploads\/2024\/09\/cropped-vieassociative_favicon.ico.png\",\"width\":512,\"height\":512,\"caption\":\"Vie Associative\"},\"image\":{\"@id\":\"https:\/\/vieassociative.be\/actualites\/#\/schema\/logo\/image\/\"}},{\"@type\":\"Person\",\"@id\":\"https:\/\/vieassociative.be\/actualites\/#\/schema\/person\/b87ac4f82f9d4e7b7cec7395b679edc4\",\"name\":\"Julien\",\"image\":{\"@type\":\"ImageObject\",\"inLanguage\":\"fr-BE\",\"@id\":\"https:\/\/vieassociative.be\/actualites\/#\/schema\/person\/image\/\",\"url\":\"https:\/\/vieassociative.be\/actualites\/wp-content\/uploads\/2024\/09\/vie-associative-1-150x150.jpg\",\"contentUrl\":\"https:\/\/vieassociative.be\/actualites\/wp-content\/uploads\/2024\/09\/vie-associative-1-150x150.jpg\",\"caption\":\"Julien\"},\"description\":\"Je suis Julien, r\u00e9dacteur pour Vie Associative. Passionn\u00e9 par le monde associatif depuis plus de 10 ans, j'ai \u00e0 c\u0153ur de partager des histoires inspirantes et de mettre en lumi\u00e8re les initiatives locales. Mon objectif est de sensibiliser et d'encourager l'engagement communautaire \u00e0 travers mes articles.\",\"sameAs\":[\"https:\/\/vieassociative.be\/\"]}]}<\/script>\n<!-- \/ Yoast SEO plugin. -->","yoast_head_json":{"title":"Quel spectacle ! Le FC Bayern a battu le Real Madrid 4-3 et a rencontr\u00e9 le Paris Saint-Germain en demi-finale | Vie Associative","robots":{"index":"index","follow":"follow","max-snippet":"max-snippet:-1","max-image-preview":"max-image-preview:large","max-video-preview":"max-video-preview:-1"},"canonical":"https:\/\/vieassociative.be\/actualites\/quel-spectacle-le-fc-bayern-a-battu-le-real-madrid-4-3-et-a-rencontre-le-paris-saint-germain-en-demi-finale\/","og_locale":"fr_FR","og_type":"article","og_title":"Quel spectacle ! Le FC Bayern a battu le Real Madrid 4-3 et a rencontr\u00e9 le Paris Saint-Germain en demi-finale | Vie Associative","og_description":"Dans le duel g\u00e9ant avec le Real Madrid, le Bayern vacille longtemps &#8211; puis triomphe. Luis D\u00edaz et Michael Olise marquent dans la majorit\u00e9 pour","og_url":"https:\/\/vieassociative.be\/actualites\/quel-spectacle-le-fc-bayern-a-battu-le-real-madrid-4-3-et-a-rencontre-le-paris-saint-germain-en-demi-finale\/","og_site_name":"Vie Associative","article_published_time":"2026-04-15T21:18:09+00:00","og_image":[{"width":279,"height":92,"url":"https:\/\/vieassociative.be\/actualites\/wp-content\/uploads\/2024\/09\/header_backgroundk-01-e1726694325946.png","type":"image\/png"}],"author":"Julien","twitter_card":"summary_large_image","twitter_misc":{"\u00c9crit par":"Julien","Dur\u00e9e de lecture est.":"5 minutes"},"schema":{"@context":"https:\/\/schema.org","@graph":[{"@type":"Article","@id":"https:\/\/vieassociative.be\/actualites\/quel-spectacle-le-fc-bayern-a-battu-le-real-madrid-4-3-et-a-rencontre-le-paris-saint-germain-en-demi-finale\/#article","isPartOf":{"@id":"https:\/\/vieassociative.be\/actualites\/quel-spectacle-le-fc-bayern-a-battu-le-real-madrid-4-3-et-a-rencontre-le-paris-saint-germain-en-demi-finale\/"},"author":{"name":"Julien","@id":"https:\/\/vieassociative.be\/actualites\/#\/schema\/person\/b87ac4f82f9d4e7b7cec7395b679edc4"},"headline":"Quel spectacle ! Le FC Bayern a battu le Real Madrid 4-3 et a rencontr\u00e9 le Paris Saint-Germain en demi-finale","datePublished":"2026-04-15T21:18:09+00:00","dateModified":"2026-04-15T21:18:09+00:00","mainEntityOfPage":{"@id":"https:\/\/vieassociative.be\/actualites\/quel-spectacle-le-fc-bayern-a-battu-le-real-madrid-4-3-et-a-rencontre-le-paris-saint-germain-en-demi-finale\/"},"wordCount":973,"publisher":{"@id":"https:\/\/vieassociative.be\/actualites\/#organization"},"image":{"@id":"https:\/\/vieassociative.be\/actualites\/quel-spectacle-le-fc-bayern-a-battu-le-real-madrid-4-3-et-a-rencontre-le-paris-saint-germain-en-demi-finale\/#primaryimage"},"thumbnailUrl":"https:\/\/vieassociative.be\/actualites\/wp-content\/uploads\/2026\/04\/Quel-spectacle-Le-FC-Bayern-a-battu-le-Real.jpg","keywords":["battu","Bayern","demifinale","Madrid","Paris","Quel","Real","rencontre","SaintGermain","Spectacle"],"articleSection":["Belgique"],"inLanguage":"fr-BE"},{"@type":"WebPage","@id":"https:\/\/vieassociative.be\/actualites\/quel-spectacle-le-fc-bayern-a-battu-le-real-madrid-4-3-et-a-rencontre-le-paris-saint-germain-en-demi-finale\/","url":"https:\/\/vieassociative.be\/actualites\/quel-spectacle-le-fc-bayern-a-battu-le-real-madrid-4-3-et-a-rencontre-le-paris-saint-germain-en-demi-finale\/","name":"Quel spectacle ! Le FC Bayern a battu le Real Madrid 4-3 et a rencontr\u00e9 le Paris Saint-Germain en demi-finale | Vie Associative","isPartOf":{"@id":"https:\/\/vieassociative.be\/actualites\/#website"},"primaryImageOfPage":{"@id":"https:\/\/vieassociative.be\/actualites\/quel-spectacle-le-fc-bayern-a-battu-le-real-madrid-4-3-et-a-rencontre-le-paris-saint-germain-en-demi-finale\/#primaryimage"},"image":{"@id":"https:\/\/vieassociative.be\/actualites\/quel-spectacle-le-fc-bayern-a-battu-le-real-madrid-4-3-et-a-rencontre-le-paris-saint-germain-en-demi-finale\/#primaryimage"},"thumbnailUrl":"https:\/\/vieassociative.be\/actualites\/wp-content\/uploads\/2026\/04\/Quel-spectacle-Le-FC-Bayern-a-battu-le-Real.jpg","datePublished":"2026-04-15T21:18:09+00:00","dateModified":"2026-04-15T21:18:09+00:00","breadcrumb":{"@id":"https:\/\/vieassociative.be\/actualites\/quel-spectacle-le-fc-bayern-a-battu-le-real-madrid-4-3-et-a-rencontre-le-paris-saint-germain-en-demi-finale\/#breadcrumb"},"inLanguage":"fr-BE","potentialAction":[{"@type":"ReadAction","target":["https:\/\/vieassociative.be\/actualites\/quel-spectacle-le-fc-bayern-a-battu-le-real-madrid-4-3-et-a-rencontre-le-paris-saint-germain-en-demi-finale\/"]}]},{"@type":"ImageObject","inLanguage":"fr-BE","@id":"https:\/\/vieassociative.be\/actualites\/quel-spectacle-le-fc-bayern-a-battu-le-real-madrid-4-3-et-a-rencontre-le-paris-saint-germain-en-demi-finale\/#primaryimage","url":"https:\/\/vieassociative.be\/actualites\/wp-content\/uploads\/2026\/04\/Quel-spectacle-Le-FC-Bayern-a-battu-le-Real.jpg","contentUrl":"https:\/\/vieassociative.be\/actualites\/wp-content\/uploads\/2026\/04\/Quel-spectacle-Le-FC-Bayern-a-battu-le-Real.jpg","width":2560,"height":1707,"caption":"Quel spectacle ! Le FC Bayern a battu le Real Madrid 4-3 et a rencontr\u00e9 le Paris Saint-Germain en demi-finale"},{"@type":"BreadcrumbList","@id":"https:\/\/vieassociative.be\/actualites\/quel-spectacle-le-fc-bayern-a-battu-le-real-madrid-4-3-et-a-rencontre-le-paris-saint-germain-en-demi-finale\/#breadcrumb","itemListElement":[{"@type":"ListItem","position":1,"name":"Accueil","item":"https:\/\/vieassociative.be\/actualites\/"},{"@type":"ListItem","position":2,"name":"Quel spectacle ! Le FC Bayern a battu le Real Madrid 4-3 et a rencontr\u00e9 le Paris Saint-Germain en demi-finale"}]},{"@type":"WebSite","@id":"https:\/\/vieassociative.be\/actualites\/#website","url":"https:\/\/vieassociative.be\/actualites\/","name":"Vie Associative","description":"","publisher":{"@id":"https:\/\/vieassociative.be\/actualites\/#organization"},"potentialAction":[{"@type":"SearchAction","target":{"@type":"EntryPoint","urlTemplate":"https:\/\/vieassociative.be\/actualites\/?s={search_term_string}"},"query-input":{"@type":"PropertyValueSpecification","valueRequired":true,"valueName":"search_term_string"}}],"inLanguage":"fr-BE"},{"@type":"Organization","@id":"https:\/\/vieassociative.be\/actualites\/#organization","name":"Vie Associative","url":"https:\/\/vieassociative.be\/actualites\/","logo":{"@type":"ImageObject","inLanguage":"fr-BE","@id":"https:\/\/vieassociative.be\/actualites\/#\/schema\/logo\/image\/","url":"https:\/\/vieassociative.be\/actualites\/wp-content\/uploads\/2024\/09\/cropped-vieassociative_favicon.ico.png","contentUrl":"https:\/\/vieassociative.be\/actualites\/wp-content\/uploads\/2024\/09\/cropped-vieassociative_favicon.ico.png","width":512,"height":512,"caption":"Vie Associative"},"image":{"@id":"https:\/\/vieassociative.be\/actualites\/#\/schema\/logo\/image\/"}},{"@type":"Person","@id":"https:\/\/vieassociative.be\/actualites\/#\/schema\/person\/b87ac4f82f9d4e7b7cec7395b679edc4","name":"Julien","image":{"@type":"ImageObject","inLanguage":"fr-BE","@id":"https:\/\/vieassociative.be\/actualites\/#\/schema\/person\/image\/","url":"https:\/\/vieassociative.be\/actualites\/wp-content\/uploads\/2024\/09\/vie-associative-1-150x150.jpg","contentUrl":"https:\/\/vieassociative.be\/actualites\/wp-content\/uploads\/2024\/09\/vie-associative-1-150x150.jpg","caption":"Julien"},"description":"Je suis Julien, r\u00e9dacteur pour Vie Associative. Passionn\u00e9 par le monde associatif depuis plus de 10 ans, j'ai \u00e0 c\u0153ur de partager des histoires inspirantes et de mettre en lumi\u00e8re les initiatives locales. Mon objectif est de sensibiliser et d'encourager l'engagement communautaire \u00e0 travers mes articles.","sameAs":["https:\/\/vieassociative.be\/"]}]}},"_links":{"self":[{"href":"https:\/\/vieassociative.be\/actualites\/wp-json\/wp\/v2\/posts\/13453"}],"collection":[{"href":"https:\/\/vieassociative.be\/actualites\/wp-json\/wp\/v2\/posts"}],"about":[{"href":"https:\/\/vieassociative.be\/actualites\/wp-json\/wp\/v2\/types\/post"}],"author":[{"embeddable":true,"href":"https:\/\/vieassociative.be\/actualites\/wp-json\/wp\/v2\/users\/1"}],"replies":[{"embeddable":true,"href":"https:\/\/vieassociative.be\/actualites\/wp-json\/wp\/v2\/comments?post=13453"}],"version-history":[{"count":0,"href":"https:\/\/vieassociative.be\/actualites\/wp-json\/wp\/v2\/posts\/13453\/revisions"}],"wp:featuredmedia":[{"embeddable":true,"href":"https:\/\/vieassociative.be\/actualites\/wp-json\/wp\/v2\/media\/13454"}],"wp:attachment":[{"href":"https:\/\/vieassociative.be\/actualites\/wp-json\/wp\/v2\/media?parent=13453"}],"wp:term":[{"taxonomy":"category","embeddable":true,"href":"https:\/\/vieassociative.be\/actualites\/wp-json\/wp\/v2\/categories?post=13453"},{"taxonomy":"post_tag","embeddable":true,"href":"https:\/\/vieassociative.be\/actualites\/wp-json\/wp\/v2\/tags?post=13453"}],"curies":[{"name":"wp","href":"https:\/\/api.w.org\/{rel}","templated":true}]}}