{"id":13449,"date":"2026-04-15T17:17:38","date_gmt":"2026-04-15T15:17:38","guid":{"rendered":"https:\/\/vieassociative.be\/actualites\/un-homme-de-94-ans-retrouve-mort-dans-un-puits-son-fils-arrete\/"},"modified":"2026-04-15T17:17:38","modified_gmt":"2026-04-15T15:17:38","slug":"un-homme-de-94-ans-retrouve-mort-dans-un-puits-son-fils-arrete","status":"publish","type":"post","link":"https:\/\/vieassociative.be\/actualites\/un-homme-de-94-ans-retrouve-mort-dans-un-puits-son-fils-arrete\/","title":{"rendered":"Un homme de 94 ans retrouv\u00e9 mort dans un puits \u2013 son fils arr\u00eat\u00e9"},"content":{"rendered":"<p><strong>D\u00e9but mars, une femme de 94 ans a \u00e9t\u00e9 retrouv\u00e9e morte dans son puits \u00e0 Montjoie. Une \u00e9quipe charg\u00e9e des meurtres commence \u00e0 enqu\u00eater et des semaines plus tard, elle a arr\u00eat\u00e9 son fils.<\/strong><\/p>\n<p><span id=\"more-438435\"><\/span>Apr\u00e8s qu&rsquo;une femme de 94 ans ait \u00e9t\u00e9 retrouv\u00e9e dans un puits de sa propri\u00e9t\u00e9 \u00e0 Monschau, la police a arr\u00eat\u00e9 son fils de 64 ans. Le parquet d&rsquo;Aix-la-Chapelle a annonc\u00e9 qu&rsquo;il \u00e9tait d\u00e9sormais d\u00e9tenu pour de fortes suspicions de meurtre.<\/p>\n<p>La femme a \u00e9t\u00e9 retrouv\u00e9e morte dans son puits du quartier H\u00f6fen de Monschau le 7 mars. Des soup\u00e7ons d&rsquo;homicide sont apparus sur les lieux du crime, confirm\u00e9s par une autopsie, selon le communiqu\u00e9. L&rsquo;enqu\u00eate men\u00e9e par une \u00e9quipe d&rsquo;assassins a finalement permis d&rsquo;identifier le fils. Aucun autre d\u00e9tail n\u2019a \u00e9t\u00e9 donn\u00e9 jusqu\u2019\u00e0 pr\u00e9sent\u00a0; l&rsquo;enqu\u00eate est en cours. (dpa)<\/p>\n","protected":false},"excerpt":{"rendered":"<p>D\u00e9but mars, une femme de 94 ans a \u00e9t\u00e9 retrouv\u00e9e morte dans son puits \u00e0 Montjoie. Une \u00e9quipe charg\u00e9e des meurtres commence \u00e0 enqu\u00eater et<\/p>\n","protected":false},"author":1,"featured_media":13450,"comment_status":"","ping_status":"","sticky":false,"template":"","format":"standard","meta":{"footnotes":""},"categories":[298],"tags":[584,3276,166,2259,4555,1717,10487,3031,800],"class_list":["post-13449","post","type-post","status-publish","format-standard","has-post-thumbnail","hentry","category-belgique","tag-ans","tag-arrete","tag-dans","tag-fils","tag-homme","tag-mort","tag-puits","tag-retrouve","tag-son","generate-columns","tablet-grid-50","mobile-grid-100","grid-parent","grid-33"],"yoast_head":"<!-- This site is optimized with the Yoast SEO plugin v24.0 - https:\/\/yoast.com\/wordpress\/plugins\/seo\/ -->\n<title>Un homme de 94 ans retrouv\u00e9 mort dans un puits \u2013 son fils arr\u00eat\u00e9 | Vie Associative<\/title>\n<meta name=\"robots\" content=\"index, follow, max-snippet:-1, max-image-preview:large, max-video-preview:-1\" \/>\n<link rel=\"canonical\" href=\"https:\/\/vieassociative.be\/actualites\/un-homme-de-94-ans-retrouve-mort-dans-un-puits-son-fils-arrete\/\" \/>\n<meta property=\"og:locale\" content=\"fr_FR\" \/>\n<meta property=\"og:type\" content=\"article\" \/>\n<meta property=\"og:title\" content=\"Un homme de 94 ans retrouv\u00e9 mort dans un puits \u2013 son fils arr\u00eat\u00e9 | Vie Associative\" \/>\n<meta property=\"og:description\" content=\"D\u00e9but mars, une femme de 94 ans a \u00e9t\u00e9 retrouv\u00e9e morte dans son puits \u00e0 Montjoie. Une \u00e9quipe charg\u00e9e des meurtres commence \u00e0 enqu\u00eater et\" \/>\n<meta property=\"og:url\" content=\"https:\/\/vieassociative.be\/actualites\/un-homme-de-94-ans-retrouve-mort-dans-un-puits-son-fils-arrete\/\" \/>\n<meta property=\"og:site_name\" content=\"Vie Associative\" \/>\n<meta property=\"article:published_time\" content=\"2026-04-15T15:17:38+00:00\" \/>\n<meta property=\"og:image\" content=\"https:\/\/vieassociative.be\/actualites\/wp-content\/uploads\/2024\/09\/header_backgroundk-01-e1726694325946.png\" \/>\n\t<meta property=\"og:image:width\" content=\"279\" \/>\n\t<meta property=\"og:image:height\" content=\"92\" \/>\n\t<meta property=\"og:image:type\" content=\"image\/png\" \/>\n<meta name=\"author\" content=\"Julien\" \/>\n<meta name=\"twitter:card\" content=\"summary_large_image\" \/>\n<meta name=\"twitter:label1\" content=\"\u00c9crit par\" \/>\n\t<meta name=\"twitter:data1\" content=\"Julien\" \/>\n\t<meta name=\"twitter:label2\" content=\"Dur\u00e9e de lecture est.\" \/>\n\t<meta name=\"twitter:data2\" content=\"1 minute\" \/>\n<script type=\"application\/ld+json\" class=\"yoast-schema-graph\">{\"@context\":\"https:\/\/schema.org\",\"@graph\":[{\"@type\":\"Article\",\"@id\":\"https:\/\/vieassociative.be\/actualites\/un-homme-de-94-ans-retrouve-mort-dans-un-puits-son-fils-arrete\/#article\",\"isPartOf\":{\"@id\":\"https:\/\/vieassociative.be\/actualites\/un-homme-de-94-ans-retrouve-mort-dans-un-puits-son-fils-arrete\/\"},\"author\":{\"name\":\"Julien\",\"@id\":\"https:\/\/vieassociative.be\/actualites\/#\/schema\/person\/b87ac4f82f9d4e7b7cec7395b679edc4\"},\"headline\":\"Un homme de 94 ans retrouv\u00e9 mort dans un puits \u2013 son fils arr\u00eat\u00e9\",\"datePublished\":\"2026-04-15T15:17:38+00:00\",\"dateModified\":\"2026-04-15T15:17:38+00:00\",\"mainEntityOfPage\":{\"@id\":\"https:\/\/vieassociative.be\/actualites\/un-homme-de-94-ans-retrouve-mort-dans-un-puits-son-fils-arrete\/\"},\"wordCount\":169,\"publisher\":{\"@id\":\"https:\/\/vieassociative.be\/actualites\/#organization\"},\"image\":{\"@id\":\"https:\/\/vieassociative.be\/actualites\/un-homme-de-94-ans-retrouve-mort-dans-un-puits-son-fils-arrete\/#primaryimage\"},\"thumbnailUrl\":\"https:\/\/vieassociative.be\/actualites\/wp-content\/uploads\/2026\/04\/Un-homme-de-94-ans-retrouve-mort-dans-un-puits.jpg\",\"keywords\":[\"ans\",\"arr\u00eate\",\"dans\",\"fils\",\"homme\",\"mort\",\"puits\",\"retrouv\u00e9\",\"son\"],\"articleSection\":[\"Belgique\"],\"inLanguage\":\"fr-BE\"},{\"@type\":\"WebPage\",\"@id\":\"https:\/\/vieassociative.be\/actualites\/un-homme-de-94-ans-retrouve-mort-dans-un-puits-son-fils-arrete\/\",\"url\":\"https:\/\/vieassociative.be\/actualites\/un-homme-de-94-ans-retrouve-mort-dans-un-puits-son-fils-arrete\/\",\"name\":\"Un homme de 94 ans retrouv\u00e9 mort dans un puits \u2013 son fils arr\u00eat\u00e9 | Vie Associative\",\"isPartOf\":{\"@id\":\"https:\/\/vieassociative.be\/actualites\/#website\"},\"primaryImageOfPage\":{\"@id\":\"https:\/\/vieassociative.be\/actualites\/un-homme-de-94-ans-retrouve-mort-dans-un-puits-son-fils-arrete\/#primaryimage\"},\"image\":{\"@id\":\"https:\/\/vieassociative.be\/actualites\/un-homme-de-94-ans-retrouve-mort-dans-un-puits-son-fils-arrete\/#primaryimage\"},\"thumbnailUrl\":\"https:\/\/vieassociative.be\/actualites\/wp-content\/uploads\/2026\/04\/Un-homme-de-94-ans-retrouve-mort-dans-un-puits.jpg\",\"datePublished\":\"2026-04-15T15:17:38+00:00\",\"dateModified\":\"2026-04-15T15:17:38+00:00\",\"breadcrumb\":{\"@id\":\"https:\/\/vieassociative.be\/actualites\/un-homme-de-94-ans-retrouve-mort-dans-un-puits-son-fils-arrete\/#breadcrumb\"},\"inLanguage\":\"fr-BE\",\"potentialAction\":[{\"@type\":\"ReadAction\",\"target\":[\"https:\/\/vieassociative.be\/actualites\/un-homme-de-94-ans-retrouve-mort-dans-un-puits-son-fils-arrete\/\"]}]},{\"@type\":\"ImageObject\",\"inLanguage\":\"fr-BE\",\"@id\":\"https:\/\/vieassociative.be\/actualites\/un-homme-de-94-ans-retrouve-mort-dans-un-puits-son-fils-arrete\/#primaryimage\",\"url\":\"https:\/\/vieassociative.be\/actualites\/wp-content\/uploads\/2026\/04\/Un-homme-de-94-ans-retrouve-mort-dans-un-puits.jpg\",\"contentUrl\":\"https:\/\/vieassociative.be\/actualites\/wp-content\/uploads\/2026\/04\/Un-homme-de-94-ans-retrouve-mort-dans-un-puits.jpg\",\"width\":1200,\"height\":736,\"caption\":\"Un homme de 94 ans retrouv\u00e9 mort dans un puits \u2013 son fils arr\u00eat\u00e9\"},{\"@type\":\"BreadcrumbList\",\"@id\":\"https:\/\/vieassociative.be\/actualites\/un-homme-de-94-ans-retrouve-mort-dans-un-puits-son-fils-arrete\/#breadcrumb\",\"itemListElement\":[{\"@type\":\"ListItem\",\"position\":1,\"name\":\"Accueil\",\"item\":\"https:\/\/vieassociative.be\/actualites\/\"},{\"@type\":\"ListItem\",\"position\":2,\"name\":\"Un homme de 94 ans retrouv\u00e9 mort dans un puits \u2013 son fils arr\u00eat\u00e9\"}]},{\"@type\":\"WebSite\",\"@id\":\"https:\/\/vieassociative.be\/actualites\/#website\",\"url\":\"https:\/\/vieassociative.be\/actualites\/\",\"name\":\"Vie Associative\",\"description\":\"\",\"publisher\":{\"@id\":\"https:\/\/vieassociative.be\/actualites\/#organization\"},\"potentialAction\":[{\"@type\":\"SearchAction\",\"target\":{\"@type\":\"EntryPoint\",\"urlTemplate\":\"https:\/\/vieassociative.be\/actualites\/?s={search_term_string}\"},\"query-input\":{\"@type\":\"PropertyValueSpecification\",\"valueRequired\":true,\"valueName\":\"search_term_string\"}}],\"inLanguage\":\"fr-BE\"},{\"@type\":\"Organization\",\"@id\":\"https:\/\/vieassociative.be\/actualites\/#organization\",\"name\":\"Vie Associative\",\"url\":\"https:\/\/vieassociative.be\/actualites\/\",\"logo\":{\"@type\":\"ImageObject\",\"inLanguage\":\"fr-BE\",\"@id\":\"https:\/\/vieassociative.be\/actualites\/#\/schema\/logo\/image\/\",\"url\":\"https:\/\/vieassociative.be\/actualites\/wp-content\/uploads\/2024\/09\/cropped-vieassociative_favicon.ico.png\",\"contentUrl\":\"https:\/\/vieassociative.be\/actualites\/wp-content\/uploads\/2024\/09\/cropped-vieassociative_favicon.ico.png\",\"width\":512,\"height\":512,\"caption\":\"Vie Associative\"},\"image\":{\"@id\":\"https:\/\/vieassociative.be\/actualites\/#\/schema\/logo\/image\/\"}},{\"@type\":\"Person\",\"@id\":\"https:\/\/vieassociative.be\/actualites\/#\/schema\/person\/b87ac4f82f9d4e7b7cec7395b679edc4\",\"name\":\"Julien\",\"image\":{\"@type\":\"ImageObject\",\"inLanguage\":\"fr-BE\",\"@id\":\"https:\/\/vieassociative.be\/actualites\/#\/schema\/person\/image\/\",\"url\":\"https:\/\/vieassociative.be\/actualites\/wp-content\/uploads\/2024\/09\/vie-associative-1-150x150.jpg\",\"contentUrl\":\"https:\/\/vieassociative.be\/actualites\/wp-content\/uploads\/2024\/09\/vie-associative-1-150x150.jpg\",\"caption\":\"Julien\"},\"description\":\"Je suis Julien, r\u00e9dacteur pour Vie Associative. Passionn\u00e9 par le monde associatif depuis plus de 10 ans, j'ai \u00e0 c\u0153ur de partager des histoires inspirantes et de mettre en lumi\u00e8re les initiatives locales. Mon objectif est de sensibiliser et d'encourager l'engagement communautaire \u00e0 travers mes articles.\",\"sameAs\":[\"https:\/\/vieassociative.be\/\"]}]}<\/script>\n<!-- \/ Yoast SEO plugin. -->","yoast_head_json":{"title":"Un homme de 94 ans retrouv\u00e9 mort dans un puits \u2013 son fils arr\u00eat\u00e9 | Vie Associative","robots":{"index":"index","follow":"follow","max-snippet":"max-snippet:-1","max-image-preview":"max-image-preview:large","max-video-preview":"max-video-preview:-1"},"canonical":"https:\/\/vieassociative.be\/actualites\/un-homme-de-94-ans-retrouve-mort-dans-un-puits-son-fils-arrete\/","og_locale":"fr_FR","og_type":"article","og_title":"Un homme de 94 ans retrouv\u00e9 mort dans un puits \u2013 son fils arr\u00eat\u00e9 | Vie Associative","og_description":"D\u00e9but mars, une femme de 94 ans a \u00e9t\u00e9 retrouv\u00e9e morte dans son puits \u00e0 Montjoie. Une \u00e9quipe charg\u00e9e des meurtres commence \u00e0 enqu\u00eater et","og_url":"https:\/\/vieassociative.be\/actualites\/un-homme-de-94-ans-retrouve-mort-dans-un-puits-son-fils-arrete\/","og_site_name":"Vie Associative","article_published_time":"2026-04-15T15:17:38+00:00","og_image":[{"width":279,"height":92,"url":"https:\/\/vieassociative.be\/actualites\/wp-content\/uploads\/2024\/09\/header_backgroundk-01-e1726694325946.png","type":"image\/png"}],"author":"Julien","twitter_card":"summary_large_image","twitter_misc":{"\u00c9crit par":"Julien","Dur\u00e9e de lecture est.":"1 minute"},"schema":{"@context":"https:\/\/schema.org","@graph":[{"@type":"Article","@id":"https:\/\/vieassociative.be\/actualites\/un-homme-de-94-ans-retrouve-mort-dans-un-puits-son-fils-arrete\/#article","isPartOf":{"@id":"https:\/\/vieassociative.be\/actualites\/un-homme-de-94-ans-retrouve-mort-dans-un-puits-son-fils-arrete\/"},"author":{"name":"Julien","@id":"https:\/\/vieassociative.be\/actualites\/#\/schema\/person\/b87ac4f82f9d4e7b7cec7395b679edc4"},"headline":"Un homme de 94 ans retrouv\u00e9 mort dans un puits \u2013 son fils arr\u00eat\u00e9","datePublished":"2026-04-15T15:17:38+00:00","dateModified":"2026-04-15T15:17:38+00:00","mainEntityOfPage":{"@id":"https:\/\/vieassociative.be\/actualites\/un-homme-de-94-ans-retrouve-mort-dans-un-puits-son-fils-arrete\/"},"wordCount":169,"publisher":{"@id":"https:\/\/vieassociative.be\/actualites\/#organization"},"image":{"@id":"https:\/\/vieassociative.be\/actualites\/un-homme-de-94-ans-retrouve-mort-dans-un-puits-son-fils-arrete\/#primaryimage"},"thumbnailUrl":"https:\/\/vieassociative.be\/actualites\/wp-content\/uploads\/2026\/04\/Un-homme-de-94-ans-retrouve-mort-dans-un-puits.jpg","keywords":["ans","arr\u00eate","dans","fils","homme","mort","puits","retrouv\u00e9","son"],"articleSection":["Belgique"],"inLanguage":"fr-BE"},{"@type":"WebPage","@id":"https:\/\/vieassociative.be\/actualites\/un-homme-de-94-ans-retrouve-mort-dans-un-puits-son-fils-arrete\/","url":"https:\/\/vieassociative.be\/actualites\/un-homme-de-94-ans-retrouve-mort-dans-un-puits-son-fils-arrete\/","name":"Un homme de 94 ans retrouv\u00e9 mort dans un puits \u2013 son fils arr\u00eat\u00e9 | Vie Associative","isPartOf":{"@id":"https:\/\/vieassociative.be\/actualites\/#website"},"primaryImageOfPage":{"@id":"https:\/\/vieassociative.be\/actualites\/un-homme-de-94-ans-retrouve-mort-dans-un-puits-son-fils-arrete\/#primaryimage"},"image":{"@id":"https:\/\/vieassociative.be\/actualites\/un-homme-de-94-ans-retrouve-mort-dans-un-puits-son-fils-arrete\/#primaryimage"},"thumbnailUrl":"https:\/\/vieassociative.be\/actualites\/wp-content\/uploads\/2026\/04\/Un-homme-de-94-ans-retrouve-mort-dans-un-puits.jpg","datePublished":"2026-04-15T15:17:38+00:00","dateModified":"2026-04-15T15:17:38+00:00","breadcrumb":{"@id":"https:\/\/vieassociative.be\/actualites\/un-homme-de-94-ans-retrouve-mort-dans-un-puits-son-fils-arrete\/#breadcrumb"},"inLanguage":"fr-BE","potentialAction":[{"@type":"ReadAction","target":["https:\/\/vieassociative.be\/actualites\/un-homme-de-94-ans-retrouve-mort-dans-un-puits-son-fils-arrete\/"]}]},{"@type":"ImageObject","inLanguage":"fr-BE","@id":"https:\/\/vieassociative.be\/actualites\/un-homme-de-94-ans-retrouve-mort-dans-un-puits-son-fils-arrete\/#primaryimage","url":"https:\/\/vieassociative.be\/actualites\/wp-content\/uploads\/2026\/04\/Un-homme-de-94-ans-retrouve-mort-dans-un-puits.jpg","contentUrl":"https:\/\/vieassociative.be\/actualites\/wp-content\/uploads\/2026\/04\/Un-homme-de-94-ans-retrouve-mort-dans-un-puits.jpg","width":1200,"height":736,"caption":"Un homme de 94 ans retrouv\u00e9 mort dans un puits \u2013 son fils arr\u00eat\u00e9"},{"@type":"BreadcrumbList","@id":"https:\/\/vieassociative.be\/actualites\/un-homme-de-94-ans-retrouve-mort-dans-un-puits-son-fils-arrete\/#breadcrumb","itemListElement":[{"@type":"ListItem","position":1,"name":"Accueil","item":"https:\/\/vieassociative.be\/actualites\/"},{"@type":"ListItem","position":2,"name":"Un homme de 94 ans retrouv\u00e9 mort dans un puits \u2013 son fils arr\u00eat\u00e9"}]},{"@type":"WebSite","@id":"https:\/\/vieassociative.be\/actualites\/#website","url":"https:\/\/vieassociative.be\/actualites\/","name":"Vie Associative","description":"","publisher":{"@id":"https:\/\/vieassociative.be\/actualites\/#organization"},"potentialAction":[{"@type":"SearchAction","target":{"@type":"EntryPoint","urlTemplate":"https:\/\/vieassociative.be\/actualites\/?s={search_term_string}"},"query-input":{"@type":"PropertyValueSpecification","valueRequired":true,"valueName":"search_term_string"}}],"inLanguage":"fr-BE"},{"@type":"Organization","@id":"https:\/\/vieassociative.be\/actualites\/#organization","name":"Vie Associative","url":"https:\/\/vieassociative.be\/actualites\/","logo":{"@type":"ImageObject","inLanguage":"fr-BE","@id":"https:\/\/vieassociative.be\/actualites\/#\/schema\/logo\/image\/","url":"https:\/\/vieassociative.be\/actualites\/wp-content\/uploads\/2024\/09\/cropped-vieassociative_favicon.ico.png","contentUrl":"https:\/\/vieassociative.be\/actualites\/wp-content\/uploads\/2024\/09\/cropped-vieassociative_favicon.ico.png","width":512,"height":512,"caption":"Vie Associative"},"image":{"@id":"https:\/\/vieassociative.be\/actualites\/#\/schema\/logo\/image\/"}},{"@type":"Person","@id":"https:\/\/vieassociative.be\/actualites\/#\/schema\/person\/b87ac4f82f9d4e7b7cec7395b679edc4","name":"Julien","image":{"@type":"ImageObject","inLanguage":"fr-BE","@id":"https:\/\/vieassociative.be\/actualites\/#\/schema\/person\/image\/","url":"https:\/\/vieassociative.be\/actualites\/wp-content\/uploads\/2024\/09\/vie-associative-1-150x150.jpg","contentUrl":"https:\/\/vieassociative.be\/actualites\/wp-content\/uploads\/2024\/09\/vie-associative-1-150x150.jpg","caption":"Julien"},"description":"Je suis Julien, r\u00e9dacteur pour Vie Associative. Passionn\u00e9 par le monde associatif depuis plus de 10 ans, j'ai \u00e0 c\u0153ur de partager des histoires inspirantes et de mettre en lumi\u00e8re les initiatives locales. Mon objectif est de sensibiliser et d'encourager l'engagement communautaire \u00e0 travers mes articles.","sameAs":["https:\/\/vieassociative.be\/"]}]}},"_links":{"self":[{"href":"https:\/\/vieassociative.be\/actualites\/wp-json\/wp\/v2\/posts\/13449"}],"collection":[{"href":"https:\/\/vieassociative.be\/actualites\/wp-json\/wp\/v2\/posts"}],"about":[{"href":"https:\/\/vieassociative.be\/actualites\/wp-json\/wp\/v2\/types\/post"}],"author":[{"embeddable":true,"href":"https:\/\/vieassociative.be\/actualites\/wp-json\/wp\/v2\/users\/1"}],"replies":[{"embeddable":true,"href":"https:\/\/vieassociative.be\/actualites\/wp-json\/wp\/v2\/comments?post=13449"}],"version-history":[{"count":0,"href":"https:\/\/vieassociative.be\/actualites\/wp-json\/wp\/v2\/posts\/13449\/revisions"}],"wp:featuredmedia":[{"embeddable":true,"href":"https:\/\/vieassociative.be\/actualites\/wp-json\/wp\/v2\/media\/13450"}],"wp:attachment":[{"href":"https:\/\/vieassociative.be\/actualites\/wp-json\/wp\/v2\/media?parent=13449"}],"wp:term":[{"taxonomy":"category","embeddable":true,"href":"https:\/\/vieassociative.be\/actualites\/wp-json\/wp\/v2\/categories?post=13449"},{"taxonomy":"post_tag","embeddable":true,"href":"https:\/\/vieassociative.be\/actualites\/wp-json\/wp\/v2\/tags?post=13449"}],"curies":[{"name":"wp","href":"https:\/\/api.w.org\/{rel}","templated":true}]}}