{"id":13447,"date":"2026-04-15T16:17:53","date_gmt":"2026-04-15T14:17:53","guid":{"rendered":"https:\/\/vieassociative.be\/actualites\/ce-que-les-gens-se-trompent-cette-semaine-la-mission-artemis-ii-etait-elle-fausse\/"},"modified":"2026-04-15T16:17:53","modified_gmt":"2026-04-15T14:17:53","slug":"ce-que-les-gens-se-trompent-cette-semaine-la-mission-artemis-ii-etait-elle-fausse","status":"publish","type":"post","link":"https:\/\/vieassociative.be\/actualites\/ce-que-les-gens-se-trompent-cette-semaine-la-mission-artemis-ii-etait-elle-fausse\/","title":{"rendered":"Ce que les gens se trompent cette semaine : la mission Artemis II \u00e9tait-elle fausse ?"},"content":{"rendered":"<p>La mission lunaire Artemis II a \u00e9t\u00e9 un plein succ\u00e8s. Son \u00e9quipage de quatre astronautes s&rsquo;est pos\u00e9 en toute s\u00e9curit\u00e9 sur Terre la semaine derni\u00e8re apr\u00e8s avoir voyag\u00e9 plus loin dans l&rsquo;espace que n&rsquo;importe quel humain avant eux. Comme la plupart des Am\u00e9ricains, j\u2019ai suivi la mission avec un sentiment d\u2019\u00e9merveillement et de fiert\u00e9 qui ne semblait pas \u00e0 sa place en 2026 \u2013 c\u2019\u00e9tait une v\u00e9ritable histoire en train de s\u2019\u00e9crire, et m\u00eame mon c\u0153ur noirci s\u2019est enfl\u00e9. Mais tout le monde n\u2019\u00e9tait pas excit\u00e9 ; certaines personnes ne le sont pas <em>achat<\/em> toute cette histoire de \u00ab\u00a0orbite autour de la lune\u00a0\u00bb et nous sommes convaincus que la mission n&rsquo;a jamais eu lieu. Tout le monde ment, les images et vid\u00e9os que nous avons vues sont fausses et les vols spatiaux n\u2019ont m\u00eame aucun sens.  <\/p>\n<p>J&rsquo;ai pass\u00e9 beaucoup de temps \u00e0 fouiller dans les nombreuses th\u00e9ories du complot en ligne entourant Artemis II, et il existe deux cat\u00e9gories approximatives. Le premier concerne les gens qui pinaillent les flux vid\u00e9o \u00e0 la recherche de \u00ab preuves \u00bb que la mission n\u2019\u00e9tait pas authentique. J&rsquo;aborderai certaines de ces th\u00e9ories plus tard, mais je voudrais d&rsquo;abord parler du type le plus int\u00e9ressant de scepticisme spatial, celui qui vient d&rsquo;un manque d&rsquo;imagination.<\/p>\n<h2 id=\"science-based-artemis-ii-conspiracy-theories\">Th\u00e9ories du complot Artemis II bas\u00e9es sur la science<\/h2>\n<p>Le scepticisme scientifique remet en question les sp\u00e9cificit\u00e9s de cette mission et du voyage spatial lui-m\u00eame avec le sentiment de \u00ab\u00a0cela ne pourrait pas <em>peut-\u00eatre<\/em> \u00eatre r\u00e9el.\u00a0\u00bb Et je comprends. L&rsquo;id\u00e9e que les gens, tout comme vous et moi, se sont attach\u00e9s \u00e0 une fus\u00e9e et ont d\u00e9pass\u00e9 ce foutu <em>lune,<\/em> puis ramen\u00e9 sain et sauf sur Terre est si impressionnant que cela peut para\u00eetre incroyable. J&rsquo;ai donc pris contact avec Joel Meyers, cosmologiste th\u00e9orique et professeur \u00e0 la Southern Methodist University, pour obtenir des r\u00e9ponses scientifiques et terre-\u00e0-terre sur le fonctionnement r\u00e9el des vols spatiaux. <\/p>\n<p>Mais commen\u00e7ons par mettre cela de c\u00f4t\u00e9\u00a0:<\/p>\n<p><strong>Stephen Johnson<\/strong>: La mission Artemis \u00e9tait-elle fausse ?<\/p>\n<p><strong>Jo\u00ebl Meyers :<\/strong> Absolument pas.<\/p>\n<p><strong>SJ<\/strong>: &#8230;C&rsquo;est le <em>officiel<\/em> doubler. Mais officieusement, juste entre vous et moi, c&rsquo;\u00e9tait faux, non ? <\/p>\n<p><strong>J.M.<\/strong>: Toujours non. Ce n\u2019\u00e9tait pas truqu\u00e9.<\/p>\n<p><strong>SJ<\/strong>: Ok, alors. <\/p>\n<h3>\u00ab\u00a0La trajectoire de la fus\u00e9e ram\u00e8nerait vers la Terre.\u00a0\u00bb<\/h3>\n<p>De nombreux th\u00e9oriciens du complot en ligne ont contest\u00e9 la trajectoire d\u2019Artemis. La fus\u00e9e n\u2019a pas tir\u00e9 directement vers la lune. Au lieu de cela, il semblait qu&rsquo;il retournait sur terre pour atterrir dans le Triangle des Bermudes\u00a0:<\/p>\n<blockquote class=\"tiktokEmbed tiktok-embed\" data-video-id=\"7626505887728930078\" style=\"max-width: 605px;min-width: 325px\">\n<section><\/section>\n<\/blockquote>\n<p>Selon Meyers, c&rsquo;est intentionnel. \u00ab\u00a0Les plus grands d\u00e9fis sont de sortir de l&rsquo;atmosph\u00e8re, puis de sortir du puits gravitationnel de la Terre\u00a0\u00bb, a-t-il d\u00e9clar\u00e9. \u00ab\u00a0Mais il ne va pas verticalement vers le haut, mais plut\u00f4t sur une trajectoire qui le met l\u00e9g\u00e8rement en orbite autour de la Terre.\u00a0\u00bb<\/p>\n<p>Pour mettre Orion en orbite terrestre, la NASA a choisi une trajectoire o\u00f9 la courbe de sa chute correspond \u00e0 la courbe de la Terre, de sorte que l&rsquo;engin tombe toujours vers la plan\u00e8te mais manque le sol. Pour atteindre la Lune, vous devez d\u2019abord orbiter autour de la Terre, puis \u00e9largir votre orbite jusqu\u2019\u00e0 ce que la Lune se trouve sur votre chemin. <\/p>\n<p>\u00ab\u00a0Monter tout droit, sur une trajectoire en ligne droite de la Terre \u00e0 la Lune, serait extr\u00eamement difficile. Cela consommerait beaucoup plus d&rsquo;\u00e9nergie, et il n&rsquo;y a aucune raison de le faire.\u00a0\u00bb dit Meyers.<\/p>\n<h3>\u00ab Comment pourraient-ils voir quoi que ce soit sur la \u00ab face cach\u00e9e \u00bb de la lune ? <\/h3>\n<div class=\"eloquent-imagery-image\">\n<div class=\"flex justify-center\">\n                    <img decoding=\"async\" class=\"border border-gray-100\" src=\"https:\/\/vieassociative.be\/actualites\/wp-content\/uploads\/2026\/04\/Ce-que-les-gens-se-trompent-cette-semaine-la.png\" alt=\"La face cach\u00e9e de la Lune\" width=\"2000\" height=\"1125\" loading=\"lazy\">\n            <\/div>\n<div class=\"mt-2 font-akshar\">\n                            <span class=\"image-caption block text-sm leading-4 tracking-wide text-(#1F2937)\"><\/span><br \/>\n                                        <span class=\"mt-1 block font-sans text-xs tracking-normal text-gray-600\">Cr\u00e9dit : NASA<\/span>\n                    <\/div>\n<\/p><\/div>\n<p>De nombreux internautes ont contest\u00e9 les superbes photos prises par les astronautes de la \u00ab face cach\u00e9e \u00bb de la Lune. \u00ab S&rsquo;il fait sombre, comment peuvent-ils le prendre en photo ? \u00bb les gens ont demand\u00e9. C\u2019est principalement un probl\u00e8me avec l\u2019expression \u00ab face cach\u00e9e de la lune \u00bb, et je bl\u00e2me Pink Floyd pour cela (et bien d\u2019autres choses.)<\/p>\n<p>\u00ab\u00a0Le m\u00eame c\u00f4t\u00e9 de la Lune fait toujours face \u00e0 la Terre, et nous appelons le c\u00f4t\u00e9 oppos\u00e9 de la Lune, plus techniquement, le <em>loin<\/em> \u00ab\u00a0Quand la face de la lune qui fait face \u00e0 la Terre est sombre, quand c&rsquo;est une nouvelle lune, cela signifie que l&rsquo;autre face de la lune, la face cach\u00e9e de la lune, est \u00e9clair\u00e9e. Du point de vue de l\u2019endroit o\u00f9 cette photo a \u00e9t\u00e9 prise, le soleil \u00e9tait juste derri\u00e8re le photographe, donc il \u00e9clairait la face cach\u00e9e de la lune. \u00bb<\/p>\n<p>\u00ab\u00a0Le fait que quelqu&rsquo;un soit l\u00e0-haut pour prendre une photo, avec la face cach\u00e9e de la lune \u00e9clair\u00e9e, prouve en fait qu&rsquo;il ne s&rsquo;agissait pas d&rsquo;un faux\u00a0\u00bb, a-t-il ajout\u00e9. <\/p>\n<h3>\u00ab\u00a0Comment la vitesse du navire pourrait-elle \u00eatre ralentie par seulement quelques parachutes ?\u00a0\u00bb<\/h3>\n<p>Le module d&rsquo;\u00e9quipage Orion d&rsquo;Artemis est revenu sur Terre \u00e0 une vitesse d&rsquo;environ 25 000 milles par heure. Ensuite, il a ralenti \u00e0 environ 20 mph pour un amerrissage avec seulement trois petits parachutes. Comment est-ce possible ? Selon Meyers, la majeure partie du ralentissement ne vient pas des parachutes. \u00ab\u00a0La tra\u00een\u00e9e, ou le passage \u00e0 travers l&rsquo;atmosph\u00e8re, ralentit consid\u00e9rablement le vaisseau\u00a0\u00bb, a d\u00e9clar\u00e9 Meyers. \u00ab\u00a0Ils ont travers\u00e9 des kilom\u00e8tres d&rsquo;atmosph\u00e8re qui ont br\u00fbl\u00e9 une grande partie de la vitesse au moment o\u00f9 les parachutes sont d\u00e9ploy\u00e9s&#8230; les parachutes ne sont d\u00e9ploy\u00e9s qu&rsquo;\u00e0 un stade ult\u00e9rieur pour ralentir la descente \u00e0 un degr\u00e9 qui permet aux humains d&rsquo;atterrir et d&rsquo;atterrir.\u00a0\u00bb<\/p>\n<h2 id=\"video-evidence-of-artemis-conspiracy-theories\">Preuve vid\u00e9o des th\u00e9ories du complot d&rsquo;Artemis<\/h2>\n<p>Une fois la science \u00e9cart\u00e9e, jetons un coup d\u2019\u0153il aux conspirations li\u00e9es aux s\u00e9quences vid\u00e9o. Il existe de nombreuses vid\u00e9os en ligne qui pr\u00e9sentent des d\u00e9tails sp\u00e9cifiques dans les images renvoy\u00e9es par la mission Artemis pour indiquer que cela ne s&rsquo;est pas produit. Mais tous font plus pour prouver que la mission \u00e9tait r\u00e9elle que pour la r\u00e9v\u00e9ler comme fausse. <\/p>\n<h3>\u00ab\u00a0Le sac de nourriture flotte dans l&rsquo;oreille de l&rsquo;astronaute.\u00a0\u00bb<\/h3>\n<blockquote class=\"tiktokEmbed tiktok-embed\" data-video-id=\"7626011334760566030\" style=\"max-width: 605px;min-width: 325px\">\n<section><\/section>\n<\/blockquote>\n<p>Dans la vid\u00e9o ci-dessus, vous pouvez voir ce qui ressemble \u00e0 un sac de nourriture \u00ab traversant \u00bb l\u2019oreille d\u2019un astronaute. \u00ab\u00a0Ne me dites pas que c&rsquo;est un probl\u00e8me ou un artefact\u00a0\u00bb, dit TikToker @knightfallenangel dans la vid\u00e9o. Je suis d\u00e9sol\u00e9, mais je <em>suis<\/em> lui disant qu&rsquo;il s&rsquo;agit d&rsquo;un artefact vid\u00e9o\u00a0: il s&rsquo;agit d&rsquo;un bruit de compression provoqu\u00e9 par une vid\u00e9o haute d\u00e9finition suffisamment petite pour \u00eatre transmise de l&rsquo;espace \u00e0 la Terre, puis envoy\u00e9e \u00e0 votre iPhone. Une vid\u00e9o d&rsquo;une clart\u00e9 cristalline serait une meilleure indication d&rsquo;une falsification, car elle n&rsquo;aurait pas besoin d&rsquo;aller aussi loin dans des circonstances aussi inhabituelles. <\/p>\n<h3>\u00ab\u00a0L&rsquo;\u00e9cran vert dispara\u00eet.\u00a0\u00bb<\/h3>\n<blockquote class=\"tiktokEmbed tiktok-embed\" data-video-id=\"7628018364459322638\" style=\"max-width: 605px;min-width: 325px\">\n<section><\/section>\n<\/blockquote>\n<p>La vid\u00e9o ci-dessus montre soi-disant l&rsquo;\u00e9cran vert \u00ab s&rsquo;\u00e9teignant \u00bb dans les images de la mission. La d\u00e9mystification est \u00e9galement contenue dans les images ici. Premi\u00e8rement, il s\u2019agit de la diffusion d\u2019une seule station, et non du flux de la NASA elle-m\u00eame. La m\u00eame interview sur d&rsquo;autres stations ne contient aucun bug. Meilleure explication de ce qui se passe ici\u00a0: la station locale utilise une sorte d&rsquo;\u00e9cran vert pour afficher ses graphiques en ligne. Ride, la mascotte en peluche de la mission, porte un chapeau de diff\u00e9rentes nuances de vert et de bleu. Lorsque la s\u00e9quence contient juste la bonne nuance de vert\/bleu, le flux local la remplace par les graphiques de la station. <\/p>\n<p>Si la s\u00e9quence source <em>\u00e9tait<\/em> \u00ab\u00a0tourn\u00e9 sur un \u00e9cran vert\u00a0\u00bb, vous verriez l&rsquo;arri\u00e8re-plan dans certaines parties du chapeau de Ride \u00e0 chaque fois que les parties vertes\/bleues du jouet apparaissaient sur le flux. (Ma propre th\u00e9orie du complot est que la NASA a choisi la couleur du chapeau de Ride comme preuve subtile qu&rsquo;il est <em>pas<\/em> <em>putain d&rsquo;\u00e9cran vert<\/em>.)<\/p>\n<h3>\u00ab\u00a0Pourquoi l&rsquo;iPad ne flotte-t-il pas\u00a0?\u00a0\u00bb <\/h3>\n<blockquote class=\"tiktokEmbed tiktok-embed\" data-video-id=\"7626572060298399006\" style=\"max-width: 605px;min-width: 325px\">\n<section><\/section>\n<\/blockquote>\n<p>L&rsquo;iPad sur cette photo ne flotte pas vraiment, mais je suppose qu&rsquo;il est maintenu en place avec du Velcro, sp\u00e9cialement con\u00e7u pour emp\u00eacher les objets de flotter pendant les missions spatiales. Cela pourrait aussi \u00eatre des aimants. <\/p>\n<p>Aussi : La photo qui accompagne souvent ces images et qui semble montrer des astronautes sur des fils dans un studio sur \u00e9cran vert est g\u00e9n\u00e9r\u00e9e par l\u2019IA. <\/p>\n<div class=\"eloquent-imagery-image\">\n<div class=\"flex justify-center\">\n                    <img decoding=\"async\" class=\"border border-gray-100\" src=\"https:\/\/vieassociative.be\/actualites\/wp-content\/uploads\/2026\/04\/Ce-que-les-gens-se-trompent-cette-semaine-la.jpg\" alt=\"fausse IA sur \u00e9cran vert\" width=\"602\" height=\"750\" loading=\"lazy\">\n            <\/div>\n<div class=\"mt-2 font-akshar\">\n                            <span class=\"image-caption block text-sm leading-4 tracking-wide text-(#1F2937)\"><\/span><br \/>\n                                        <span class=\"mt-1 block font-sans text-xs tracking-normal text-gray-600\">Cr\u00e9dit : @soycastro &#8211; TikTok<\/span>\n                    <\/div>\n<\/p><\/div>\n<p>Vous pouvez le constater gr\u00e2ce aux doigts suppl\u00e9mentaires, et ces fils noirs seraient visibles sur toutes les images sur \u00e9cran vert tourn\u00e9es dans ce studio. <\/p>\n<h3>\u00ab\u00a0Les cheveux de Christina Cook prouvent que la mission est fausse.\u00a0\u00bb<\/h3>\n<blockquote class=\"tiktokEmbed tiktok-embed\" data-video-id=\"7626405220788079902\" style=\"max-width: 605px;min-width: 325px\">\n<section><\/section>\n<\/blockquote>\n<p>Certaines personnes ont remarqu\u00e9 que l&rsquo;astronaute Christina Cook portait ses cheveux d\u00e9tach\u00e9s pendant la mission. Je ne sais pas en quoi cela prouve que les vid\u00e9os sont truqu\u00e9es, mais ses cheveux prouvent en fait que les images sont authentiques. Premi\u00e8rement, il y a la fa\u00e7on dont il sort de sa t\u00eate, car la gravit\u00e9 n&rsquo;agit pas dessus. Deuxi\u00e8mement, l\u2019\u00e9cran vert ne g\u00e8re pas bien les \u00e9l\u00e9ments translucides comme les cheveux, en particulier la lumi\u00e8re venant de derri\u00e8re. Ce que vous verriez, c&rsquo;est \u00ab\u00a0d\u00e9versement\u00a0\u00bb, une frange verte autour de sa t\u00eate. Dans l\u2019ensemble, les cheveux de Cook seraient un cauchemar pour les amateurs d\u2019effets sp\u00e9ciaux. La quantit\u00e9 de pr\u00e9cision CGI qu&rsquo;il faudrait pour animer parfaitement des \u00ab\u00a0cheveux en apesanteur\u00a0\u00bb tout en corrigeant le d\u00e9versement <em>pourrait<\/em> \u00eatre possible de r\u00e9ussir pendant quelques instants (si vous aviez une grande \u00e9quipe qui travaillait dessus et plusieurs millions de dollars), mais il y a <em>heures<\/em> de cette s\u00e9quence. Si c&rsquo;est <em>\u00e9tait<\/em> avec un \u00e9cran vert, quelqu&rsquo;un aurait simplement dit \u00e0 Cook de tirer ses cheveux en arri\u00e8re ou de porter un chapeau. <\/p>\n<h3>\u00ab\u00a0Cette vid\u00e9o de lancement montre les astronautes sortant de l&rsquo;engin sur une tyrolienne.\u00a0\u00bb<\/h3>\n<p>La NASA a choisi de lancer la mission Artemis II le 1er avril. <em>dire<\/em> la date a \u00e9t\u00e9 choisie en fonction de la m\u00e9canique orbitale, des exigences de la mission et des conditions m\u00e9t\u00e9orologiques et d&rsquo;\u00e9clairage, mais et s&rsquo;il s&rsquo;agissait d&rsquo;un signal subtil indiquant que l&rsquo;ensemble de la mission est un <em>une grosse blague ? <\/em>Blague ou pas, regardez ce d\u00e9tail des images de lancement de la NASA\u00a0: <\/p>\n<div class=\"eloquent-imagery-image\">\n<div class=\"flex justify-center\">\n                    <img decoding=\"async\" class=\"border border-gray-100\" src=\"https:\/\/vieassociative.be\/actualites\/wp-content\/uploads\/2026\/04\/1776262673_561_Ce-que-les-gens-se-trompent-cette-semaine-la.png\" alt=\"Art\u00e9mis 2 &quot;Tyrolienne&quot;\" width=\"2000\" height=\"1125\" loading=\"lazy\">\n            <\/div>\n<div class=\"mt-2 font-akshar\">\n                            <span class=\"image-caption block text-sm leading-4 tracking-wide text-(#1F2937)\"><\/span><br \/>\n                                        <span class=\"mt-1 block font-sans text-xs tracking-normal text-gray-600\">Cr\u00e9dit : NASA<\/span>\n                    <\/div>\n<\/p><\/div>\n<p>Le probl\u00e8me, ce sont ces pods. Juste avant le d\u00e9collage de la fus\u00e9e, les pods tirent dans l\u2019autre sens, comme vous pouvez le voir ici\u00a0: <\/p>\n<div class=\"mx-auto mt-8 w-full max-w-4xl aspect-video\">\n<div id=\"video-container-01KP8Q9ZB37KQ7NRHXVZ9PCSPN\"><\/div>\n<\/div>\n<p>\u00ab\u00a0Vous voyez ? Ce sont les astronautes qui ne partent pas en fus\u00e9e\u00a0\u00bb, ont conclu certains. Mais si la mission <em>\u00e9tait<\/em> truqu\u00e9, pourquoi auraient-ils amen\u00e9 les astronautes dans Orion en premier lieu ? Et pourquoi rendraient-ils leur \u00ab sortie \u00bb si \u00e9vidente ? Ce que vous voyez est en fait le syst\u00e8me d&rsquo;\u00e9vacuation d&rsquo;urgence Artemis, un m\u00e9canisme d&rsquo;\u00e9vacuation d&rsquo;urgence en cas de probl\u00e8mes sur la rampe de lancement. <\/p>\n<h2 id=\"science-belongs-to-everyone\">La science appartient \u00e0 tout le monde <\/h2>\n<p>L&rsquo;AEES n&rsquo;est qu&rsquo;un aspect d&rsquo;une mission qui a \u00e9t\u00e9 exhaustivement document\u00e9e. La NASA expose chaque d\u00e9tail. Il n\u2019y a pas beaucoup de secrets ici, ce qui rend la propagation de ces th\u00e9ories \u00e9tranges si perplexe. <\/p>\n<p>\u00ab\u00a0Les th\u00e9oriciens du complot ont une mentalit\u00e9 de groupe. Ils se consid\u00e8rent comme remettant en question l&rsquo;autorit\u00e9 et n&rsquo;acceptant pas ce qui leur est pr\u00e9sent\u00e9 par les &lsquo;m\u00e9dias grand public'\u00a0\u00bb, explique Meyers. \u00ab\u00a0Mais je trouve cela un peu d\u00e9routant en tant que scientifique, car contrairement \u00e0 beaucoup d&rsquo;autres sujets sur lesquels se d\u00e9veloppent les th\u00e9ories du complot, il n&rsquo;y a aucun sentiment d&rsquo;autorit\u00e9 dans le processus scientifique. C&rsquo;est pour tout le monde. Les d\u00e9couvertes que nous faisons en tant qu&rsquo;esp\u00e8ce humaine appartiennent \u00e0 l&rsquo;esp\u00e8ce enti\u00e8re.\u00a0\u00bb<\/p>\n<p>\u00ab\u00a0J&rsquo;esp\u00e8re que le fait de d\u00e9couvrir certaines donn\u00e9es scientifiques et certaines exp\u00e9riences que les astronautes peuvent r\u00e9aliser les aidera \u00e0 comprendre qu&rsquo;il s&rsquo;agit vraiment d&rsquo;une r\u00e9alisation humaine incroyable et que nous pouvons tous y participer. Ce n&rsquo;est pas une question de nous contre eux.\u00a0\u00bb<\/p>\n<p><script async src=\"\/\/www.tiktok.com\/embed.js\"><\/script><\/p>\n","protected":false},"excerpt":{"rendered":"<p>La mission lunaire Artemis II a \u00e9t\u00e9 un plein succ\u00e8s. Son \u00e9quipage de quatre astronautes s&rsquo;est pos\u00e9 en toute s\u00e9curit\u00e9 sur Terre la semaine derni\u00e8re<\/p>\n","protected":false},"author":1,"featured_media":13448,"comment_status":"","ping_status":"","sticky":false,"template":"","format":"standard","meta":{"footnotes":""},"categories":[36],"tags":[10404,206,10485,10486,1046,14,6918,1348,2469],"class_list":["post-13447","post","type-post","status-publish","format-standard","has-post-thumbnail","hentry","category-divertissement","tag-artemis","tag-cette","tag-etaitelle","tag-fausse","tag-gens","tag-les","tag-mission","tag-semaine","tag-trompent","generate-columns","tablet-grid-50","mobile-grid-100","grid-parent","grid-33"],"yoast_head":"<!-- This site is optimized with the Yoast SEO plugin v24.0 - https:\/\/yoast.com\/wordpress\/plugins\/seo\/ -->\n<title>Ce que les gens se trompent cette semaine : la mission Artemis II \u00e9tait-elle fausse ? | Vie Associative<\/title>\n<meta name=\"robots\" content=\"index, follow, max-snippet:-1, max-image-preview:large, max-video-preview:-1\" \/>\n<link rel=\"canonical\" href=\"https:\/\/vieassociative.be\/actualites\/ce-que-les-gens-se-trompent-cette-semaine-la-mission-artemis-ii-etait-elle-fausse\/\" \/>\n<meta property=\"og:locale\" content=\"fr_FR\" \/>\n<meta property=\"og:type\" content=\"article\" \/>\n<meta property=\"og:title\" content=\"Ce que les gens se trompent cette semaine : la mission Artemis II \u00e9tait-elle fausse ? | Vie Associative\" \/>\n<meta property=\"og:description\" content=\"La mission lunaire Artemis II a \u00e9t\u00e9 un plein succ\u00e8s. Son \u00e9quipage de quatre astronautes s&rsquo;est pos\u00e9 en toute s\u00e9curit\u00e9 sur Terre la semaine derni\u00e8re\" \/>\n<meta property=\"og:url\" content=\"https:\/\/vieassociative.be\/actualites\/ce-que-les-gens-se-trompent-cette-semaine-la-mission-artemis-ii-etait-elle-fausse\/\" \/>\n<meta property=\"og:site_name\" content=\"Vie Associative\" \/>\n<meta property=\"article:published_time\" content=\"2026-04-15T14:17:53+00:00\" \/>\n<meta property=\"og:image\" content=\"https:\/\/vieassociative.be\/actualites\/wp-content\/uploads\/2026\/04\/Ce-que-les-gens-se-trompent-cette-semaine-la.png\" \/>\n<meta name=\"author\" content=\"Julien\" \/>\n<meta name=\"twitter:card\" content=\"summary_large_image\" \/>\n<meta name=\"twitter:label1\" content=\"\u00c9crit par\" \/>\n\t<meta name=\"twitter:data1\" content=\"Julien\" \/>\n\t<meta name=\"twitter:label2\" content=\"Dur\u00e9e de lecture est.\" \/>\n\t<meta name=\"twitter:data2\" content=\"10 minutes\" \/>\n<script type=\"application\/ld+json\" class=\"yoast-schema-graph\">{\"@context\":\"https:\/\/schema.org\",\"@graph\":[{\"@type\":\"Article\",\"@id\":\"https:\/\/vieassociative.be\/actualites\/ce-que-les-gens-se-trompent-cette-semaine-la-mission-artemis-ii-etait-elle-fausse\/#article\",\"isPartOf\":{\"@id\":\"https:\/\/vieassociative.be\/actualites\/ce-que-les-gens-se-trompent-cette-semaine-la-mission-artemis-ii-etait-elle-fausse\/\"},\"author\":{\"name\":\"Julien\",\"@id\":\"https:\/\/vieassociative.be\/actualites\/#\/schema\/person\/b87ac4f82f9d4e7b7cec7395b679edc4\"},\"headline\":\"Ce que les gens se trompent cette semaine : la mission Artemis II \u00e9tait-elle fausse ?\",\"datePublished\":\"2026-04-15T14:17:53+00:00\",\"dateModified\":\"2026-04-15T14:17:53+00:00\",\"mainEntityOfPage\":{\"@id\":\"https:\/\/vieassociative.be\/actualites\/ce-que-les-gens-se-trompent-cette-semaine-la-mission-artemis-ii-etait-elle-fausse\/\"},\"wordCount\":2113,\"publisher\":{\"@id\":\"https:\/\/vieassociative.be\/actualites\/#organization\"},\"image\":{\"@id\":\"https:\/\/vieassociative.be\/actualites\/ce-que-les-gens-se-trompent-cette-semaine-la-mission-artemis-ii-etait-elle-fausse\/#primaryimage\"},\"thumbnailUrl\":\"https:\/\/vieassociative.be\/actualites\/wp-content\/uploads\/2026\/04\/1776262675_Ce-que-les-gens-se-trompent-cette-semaine-la.png\",\"keywords\":[\"Artemis\",\"cette\",\"\u00e9taitelle\",\"fausse\",\"gens\",\"Les\",\"Mission\",\"semaine\",\"trompent\"],\"articleSection\":[\"Divertissement\"],\"inLanguage\":\"fr-BE\"},{\"@type\":\"WebPage\",\"@id\":\"https:\/\/vieassociative.be\/actualites\/ce-que-les-gens-se-trompent-cette-semaine-la-mission-artemis-ii-etait-elle-fausse\/\",\"url\":\"https:\/\/vieassociative.be\/actualites\/ce-que-les-gens-se-trompent-cette-semaine-la-mission-artemis-ii-etait-elle-fausse\/\",\"name\":\"Ce que les gens se trompent cette semaine : la mission Artemis II \u00e9tait-elle fausse ? | Vie Associative\",\"isPartOf\":{\"@id\":\"https:\/\/vieassociative.be\/actualites\/#website\"},\"primaryImageOfPage\":{\"@id\":\"https:\/\/vieassociative.be\/actualites\/ce-que-les-gens-se-trompent-cette-semaine-la-mission-artemis-ii-etait-elle-fausse\/#primaryimage\"},\"image\":{\"@id\":\"https:\/\/vieassociative.be\/actualites\/ce-que-les-gens-se-trompent-cette-semaine-la-mission-artemis-ii-etait-elle-fausse\/#primaryimage\"},\"thumbnailUrl\":\"https:\/\/vieassociative.be\/actualites\/wp-content\/uploads\/2026\/04\/1776262675_Ce-que-les-gens-se-trompent-cette-semaine-la.png\",\"datePublished\":\"2026-04-15T14:17:53+00:00\",\"dateModified\":\"2026-04-15T14:17:53+00:00\",\"breadcrumb\":{\"@id\":\"https:\/\/vieassociative.be\/actualites\/ce-que-les-gens-se-trompent-cette-semaine-la-mission-artemis-ii-etait-elle-fausse\/#breadcrumb\"},\"inLanguage\":\"fr-BE\",\"potentialAction\":[{\"@type\":\"ReadAction\",\"target\":[\"https:\/\/vieassociative.be\/actualites\/ce-que-les-gens-se-trompent-cette-semaine-la-mission-artemis-ii-etait-elle-fausse\/\"]}]},{\"@type\":\"ImageObject\",\"inLanguage\":\"fr-BE\",\"@id\":\"https:\/\/vieassociative.be\/actualites\/ce-que-les-gens-se-trompent-cette-semaine-la-mission-artemis-ii-etait-elle-fausse\/#primaryimage\",\"url\":\"https:\/\/vieassociative.be\/actualites\/wp-content\/uploads\/2026\/04\/1776262675_Ce-que-les-gens-se-trompent-cette-semaine-la.png\",\"contentUrl\":\"https:\/\/vieassociative.be\/actualites\/wp-content\/uploads\/2026\/04\/1776262675_Ce-que-les-gens-se-trompent-cette-semaine-la.png\",\"width\":1200,\"height\":675,\"caption\":\"Ce que les gens se trompent cette semaine : la mission Artemis II \u00e9tait-elle fausse ?\"},{\"@type\":\"BreadcrumbList\",\"@id\":\"https:\/\/vieassociative.be\/actualites\/ce-que-les-gens-se-trompent-cette-semaine-la-mission-artemis-ii-etait-elle-fausse\/#breadcrumb\",\"itemListElement\":[{\"@type\":\"ListItem\",\"position\":1,\"name\":\"Accueil\",\"item\":\"https:\/\/vieassociative.be\/actualites\/\"},{\"@type\":\"ListItem\",\"position\":2,\"name\":\"Ce que les gens se trompent cette semaine : la mission Artemis II \u00e9tait-elle fausse ?\"}]},{\"@type\":\"WebSite\",\"@id\":\"https:\/\/vieassociative.be\/actualites\/#website\",\"url\":\"https:\/\/vieassociative.be\/actualites\/\",\"name\":\"Vie Associative\",\"description\":\"\",\"publisher\":{\"@id\":\"https:\/\/vieassociative.be\/actualites\/#organization\"},\"potentialAction\":[{\"@type\":\"SearchAction\",\"target\":{\"@type\":\"EntryPoint\",\"urlTemplate\":\"https:\/\/vieassociative.be\/actualites\/?s={search_term_string}\"},\"query-input\":{\"@type\":\"PropertyValueSpecification\",\"valueRequired\":true,\"valueName\":\"search_term_string\"}}],\"inLanguage\":\"fr-BE\"},{\"@type\":\"Organization\",\"@id\":\"https:\/\/vieassociative.be\/actualites\/#organization\",\"name\":\"Vie Associative\",\"url\":\"https:\/\/vieassociative.be\/actualites\/\",\"logo\":{\"@type\":\"ImageObject\",\"inLanguage\":\"fr-BE\",\"@id\":\"https:\/\/vieassociative.be\/actualites\/#\/schema\/logo\/image\/\",\"url\":\"https:\/\/vieassociative.be\/actualites\/wp-content\/uploads\/2024\/09\/cropped-vieassociative_favicon.ico.png\",\"contentUrl\":\"https:\/\/vieassociative.be\/actualites\/wp-content\/uploads\/2024\/09\/cropped-vieassociative_favicon.ico.png\",\"width\":512,\"height\":512,\"caption\":\"Vie Associative\"},\"image\":{\"@id\":\"https:\/\/vieassociative.be\/actualites\/#\/schema\/logo\/image\/\"}},{\"@type\":\"Person\",\"@id\":\"https:\/\/vieassociative.be\/actualites\/#\/schema\/person\/b87ac4f82f9d4e7b7cec7395b679edc4\",\"name\":\"Julien\",\"image\":{\"@type\":\"ImageObject\",\"inLanguage\":\"fr-BE\",\"@id\":\"https:\/\/vieassociative.be\/actualites\/#\/schema\/person\/image\/\",\"url\":\"https:\/\/vieassociative.be\/actualites\/wp-content\/uploads\/2024\/09\/vie-associative-1-150x150.jpg\",\"contentUrl\":\"https:\/\/vieassociative.be\/actualites\/wp-content\/uploads\/2024\/09\/vie-associative-1-150x150.jpg\",\"caption\":\"Julien\"},\"description\":\"Je suis Julien, r\u00e9dacteur pour Vie Associative. Passionn\u00e9 par le monde associatif depuis plus de 10 ans, j'ai \u00e0 c\u0153ur de partager des histoires inspirantes et de mettre en lumi\u00e8re les initiatives locales. Mon objectif est de sensibiliser et d'encourager l'engagement communautaire \u00e0 travers mes articles.\",\"sameAs\":[\"https:\/\/vieassociative.be\/\"]}]}<\/script>\n<!-- \/ Yoast SEO plugin. -->","yoast_head_json":{"title":"Ce que les gens se trompent cette semaine : la mission Artemis II \u00e9tait-elle fausse ? | Vie Associative","robots":{"index":"index","follow":"follow","max-snippet":"max-snippet:-1","max-image-preview":"max-image-preview:large","max-video-preview":"max-video-preview:-1"},"canonical":"https:\/\/vieassociative.be\/actualites\/ce-que-les-gens-se-trompent-cette-semaine-la-mission-artemis-ii-etait-elle-fausse\/","og_locale":"fr_FR","og_type":"article","og_title":"Ce que les gens se trompent cette semaine : la mission Artemis II \u00e9tait-elle fausse ? | Vie Associative","og_description":"La mission lunaire Artemis II a \u00e9t\u00e9 un plein succ\u00e8s. Son \u00e9quipage de quatre astronautes s&rsquo;est pos\u00e9 en toute s\u00e9curit\u00e9 sur Terre la semaine derni\u00e8re","og_url":"https:\/\/vieassociative.be\/actualites\/ce-que-les-gens-se-trompent-cette-semaine-la-mission-artemis-ii-etait-elle-fausse\/","og_site_name":"Vie Associative","article_published_time":"2026-04-15T14:17:53+00:00","og_image":[{"url":"https:\/\/vieassociative.be\/actualites\/wp-content\/uploads\/2026\/04\/Ce-que-les-gens-se-trompent-cette-semaine-la.png","type":"","width":"","height":""}],"author":"Julien","twitter_card":"summary_large_image","twitter_misc":{"\u00c9crit par":"Julien","Dur\u00e9e de lecture est.":"10 minutes"},"schema":{"@context":"https:\/\/schema.org","@graph":[{"@type":"Article","@id":"https:\/\/vieassociative.be\/actualites\/ce-que-les-gens-se-trompent-cette-semaine-la-mission-artemis-ii-etait-elle-fausse\/#article","isPartOf":{"@id":"https:\/\/vieassociative.be\/actualites\/ce-que-les-gens-se-trompent-cette-semaine-la-mission-artemis-ii-etait-elle-fausse\/"},"author":{"name":"Julien","@id":"https:\/\/vieassociative.be\/actualites\/#\/schema\/person\/b87ac4f82f9d4e7b7cec7395b679edc4"},"headline":"Ce que les gens se trompent cette semaine : la mission Artemis II \u00e9tait-elle fausse ?","datePublished":"2026-04-15T14:17:53+00:00","dateModified":"2026-04-15T14:17:53+00:00","mainEntityOfPage":{"@id":"https:\/\/vieassociative.be\/actualites\/ce-que-les-gens-se-trompent-cette-semaine-la-mission-artemis-ii-etait-elle-fausse\/"},"wordCount":2113,"publisher":{"@id":"https:\/\/vieassociative.be\/actualites\/#organization"},"image":{"@id":"https:\/\/vieassociative.be\/actualites\/ce-que-les-gens-se-trompent-cette-semaine-la-mission-artemis-ii-etait-elle-fausse\/#primaryimage"},"thumbnailUrl":"https:\/\/vieassociative.be\/actualites\/wp-content\/uploads\/2026\/04\/1776262675_Ce-que-les-gens-se-trompent-cette-semaine-la.png","keywords":["Artemis","cette","\u00e9taitelle","fausse","gens","Les","Mission","semaine","trompent"],"articleSection":["Divertissement"],"inLanguage":"fr-BE"},{"@type":"WebPage","@id":"https:\/\/vieassociative.be\/actualites\/ce-que-les-gens-se-trompent-cette-semaine-la-mission-artemis-ii-etait-elle-fausse\/","url":"https:\/\/vieassociative.be\/actualites\/ce-que-les-gens-se-trompent-cette-semaine-la-mission-artemis-ii-etait-elle-fausse\/","name":"Ce que les gens se trompent cette semaine : la mission Artemis II \u00e9tait-elle fausse ? | Vie Associative","isPartOf":{"@id":"https:\/\/vieassociative.be\/actualites\/#website"},"primaryImageOfPage":{"@id":"https:\/\/vieassociative.be\/actualites\/ce-que-les-gens-se-trompent-cette-semaine-la-mission-artemis-ii-etait-elle-fausse\/#primaryimage"},"image":{"@id":"https:\/\/vieassociative.be\/actualites\/ce-que-les-gens-se-trompent-cette-semaine-la-mission-artemis-ii-etait-elle-fausse\/#primaryimage"},"thumbnailUrl":"https:\/\/vieassociative.be\/actualites\/wp-content\/uploads\/2026\/04\/1776262675_Ce-que-les-gens-se-trompent-cette-semaine-la.png","datePublished":"2026-04-15T14:17:53+00:00","dateModified":"2026-04-15T14:17:53+00:00","breadcrumb":{"@id":"https:\/\/vieassociative.be\/actualites\/ce-que-les-gens-se-trompent-cette-semaine-la-mission-artemis-ii-etait-elle-fausse\/#breadcrumb"},"inLanguage":"fr-BE","potentialAction":[{"@type":"ReadAction","target":["https:\/\/vieassociative.be\/actualites\/ce-que-les-gens-se-trompent-cette-semaine-la-mission-artemis-ii-etait-elle-fausse\/"]}]},{"@type":"ImageObject","inLanguage":"fr-BE","@id":"https:\/\/vieassociative.be\/actualites\/ce-que-les-gens-se-trompent-cette-semaine-la-mission-artemis-ii-etait-elle-fausse\/#primaryimage","url":"https:\/\/vieassociative.be\/actualites\/wp-content\/uploads\/2026\/04\/1776262675_Ce-que-les-gens-se-trompent-cette-semaine-la.png","contentUrl":"https:\/\/vieassociative.be\/actualites\/wp-content\/uploads\/2026\/04\/1776262675_Ce-que-les-gens-se-trompent-cette-semaine-la.png","width":1200,"height":675,"caption":"Ce que les gens se trompent cette semaine : la mission Artemis II \u00e9tait-elle fausse ?"},{"@type":"BreadcrumbList","@id":"https:\/\/vieassociative.be\/actualites\/ce-que-les-gens-se-trompent-cette-semaine-la-mission-artemis-ii-etait-elle-fausse\/#breadcrumb","itemListElement":[{"@type":"ListItem","position":1,"name":"Accueil","item":"https:\/\/vieassociative.be\/actualites\/"},{"@type":"ListItem","position":2,"name":"Ce que les gens se trompent cette semaine : la mission Artemis II \u00e9tait-elle fausse ?"}]},{"@type":"WebSite","@id":"https:\/\/vieassociative.be\/actualites\/#website","url":"https:\/\/vieassociative.be\/actualites\/","name":"Vie Associative","description":"","publisher":{"@id":"https:\/\/vieassociative.be\/actualites\/#organization"},"potentialAction":[{"@type":"SearchAction","target":{"@type":"EntryPoint","urlTemplate":"https:\/\/vieassociative.be\/actualites\/?s={search_term_string}"},"query-input":{"@type":"PropertyValueSpecification","valueRequired":true,"valueName":"search_term_string"}}],"inLanguage":"fr-BE"},{"@type":"Organization","@id":"https:\/\/vieassociative.be\/actualites\/#organization","name":"Vie Associative","url":"https:\/\/vieassociative.be\/actualites\/","logo":{"@type":"ImageObject","inLanguage":"fr-BE","@id":"https:\/\/vieassociative.be\/actualites\/#\/schema\/logo\/image\/","url":"https:\/\/vieassociative.be\/actualites\/wp-content\/uploads\/2024\/09\/cropped-vieassociative_favicon.ico.png","contentUrl":"https:\/\/vieassociative.be\/actualites\/wp-content\/uploads\/2024\/09\/cropped-vieassociative_favicon.ico.png","width":512,"height":512,"caption":"Vie Associative"},"image":{"@id":"https:\/\/vieassociative.be\/actualites\/#\/schema\/logo\/image\/"}},{"@type":"Person","@id":"https:\/\/vieassociative.be\/actualites\/#\/schema\/person\/b87ac4f82f9d4e7b7cec7395b679edc4","name":"Julien","image":{"@type":"ImageObject","inLanguage":"fr-BE","@id":"https:\/\/vieassociative.be\/actualites\/#\/schema\/person\/image\/","url":"https:\/\/vieassociative.be\/actualites\/wp-content\/uploads\/2024\/09\/vie-associative-1-150x150.jpg","contentUrl":"https:\/\/vieassociative.be\/actualites\/wp-content\/uploads\/2024\/09\/vie-associative-1-150x150.jpg","caption":"Julien"},"description":"Je suis Julien, r\u00e9dacteur pour Vie Associative. Passionn\u00e9 par le monde associatif depuis plus de 10 ans, j'ai \u00e0 c\u0153ur de partager des histoires inspirantes et de mettre en lumi\u00e8re les initiatives locales. Mon objectif est de sensibiliser et d'encourager l'engagement communautaire \u00e0 travers mes articles.","sameAs":["https:\/\/vieassociative.be\/"]}]}},"_links":{"self":[{"href":"https:\/\/vieassociative.be\/actualites\/wp-json\/wp\/v2\/posts\/13447"}],"collection":[{"href":"https:\/\/vieassociative.be\/actualites\/wp-json\/wp\/v2\/posts"}],"about":[{"href":"https:\/\/vieassociative.be\/actualites\/wp-json\/wp\/v2\/types\/post"}],"author":[{"embeddable":true,"href":"https:\/\/vieassociative.be\/actualites\/wp-json\/wp\/v2\/users\/1"}],"replies":[{"embeddable":true,"href":"https:\/\/vieassociative.be\/actualites\/wp-json\/wp\/v2\/comments?post=13447"}],"version-history":[{"count":0,"href":"https:\/\/vieassociative.be\/actualites\/wp-json\/wp\/v2\/posts\/13447\/revisions"}],"wp:featuredmedia":[{"embeddable":true,"href":"https:\/\/vieassociative.be\/actualites\/wp-json\/wp\/v2\/media\/13448"}],"wp:attachment":[{"href":"https:\/\/vieassociative.be\/actualites\/wp-json\/wp\/v2\/media?parent=13447"}],"wp:term":[{"taxonomy":"category","embeddable":true,"href":"https:\/\/vieassociative.be\/actualites\/wp-json\/wp\/v2\/categories?post=13447"},{"taxonomy":"post_tag","embeddable":true,"href":"https:\/\/vieassociative.be\/actualites\/wp-json\/wp\/v2\/tags?post=13447"}],"curies":[{"name":"wp","href":"https:\/\/api.w.org\/{rel}","templated":true}]}}