{"id":13443,"date":"2026-04-15T04:18:24","date_gmt":"2026-04-15T02:18:24","guid":{"rendered":"https:\/\/vieassociative.be\/actualites\/un-abonnement-a-vie-a-babbel-est-actuellement-en-vente-avec-une-reduction-enorme\/"},"modified":"2026-04-15T04:18:24","modified_gmt":"2026-04-15T02:18:24","slug":"un-abonnement-a-vie-a-babbel-est-actuellement-en-vente-avec-une-reduction-enorme","status":"publish","type":"post","link":"https:\/\/vieassociative.be\/actualites\/un-abonnement-a-vie-a-babbel-est-actuellement-en-vente-avec-une-reduction-enorme\/","title":{"rendered":"Un abonnement \u00e0 vie \u00e0 Babbel est actuellement en vente avec une r\u00e9duction \u00e9norme"},"content":{"rendered":"<p>Nous pouvons gagner une commission sur les liens sur cette page. Les prix et la disponibilit\u00e9 de l&rsquo;offre sont sujets \u00e0 changement apr\u00e8s la publication.<\/p>\n<p>Pratiquer une nouvelle langue peut \u00eatre amusant, mais les applications linguistiques premium peuvent co\u00fbter cher. Babbel facilite la t\u00e2che avec des le\u00e7ons pratiques et concises con\u00e7ues pour une utilisation r\u00e9elle, se concentrant sur les conversations que vous auriez r\u00e9ellement : commander de la nourriture, discuter avec les habitants, demander votre chemin (lisez l&rsquo;examen approfondi de Babbel par PCMag pour en savoir plus) &#8211; et pour le moment, son abonnement \u00e0 vie est en vente au prix de 159 $ avec le code promotionnel LEARN. Il s&rsquo;agit d&rsquo;un paiement unique (pas de frais r\u00e9currents, pas de frais mensuels) pour un acc\u00e8s \u00e0 vie aux 14 langues (dont le fran\u00e7ais, l&rsquo;allemand, l&rsquo;italien et l&rsquo;espagnol), ce qui le rend moins cher que le forfait annuel habituel de Babbel \u00e0 300 $.<\/p>\n<p>Les cours de Babbel ne durent que 10 \u00e0 15 minutes, vous pouvez donc int\u00e9grer votre pratique lors d&rsquo;un trajet ou d&rsquo;une pause-caf\u00e9. Et, contrairement \u00e0 d&rsquo;autres applications d&rsquo;apprentissage des langues qui s&rsquo;appuient sur des exercices de vocabulaire r\u00e9p\u00e9titifs ou des exercices gamifi\u00e9s al\u00e9atoires, Babbel suit un programme structur\u00e9 et con\u00e7u par des linguistes dont la difficult\u00e9 augmente progressivement, afin que vous ne vous arr\u00eatiez pas apr\u00e8s les bases (ce qui lui vaut une place dans le tour d&rsquo;horizon des \u00ab Meilleures applications d&rsquo;apprentissage des langues pour 2026 \u00bb de PCMag). De plus, il ne s&rsquo;agit pas seulement d&rsquo;un apprentissage passif : vous b\u00e9n\u00e9ficiez d&rsquo;exercices d&rsquo;\u00e9criture, d&rsquo;expression orale et d&rsquo;\u00e9coute avec la technologie de reconnaissance vocale pour affiner votre prononciation, cr\u00e9ant ainsi une exp\u00e9rience beaucoup plus immersive. <\/p>\n<p>Bien s\u00fbr, le d\u00e9vouement est toujours la cl\u00e9, et aucune application ne vous permettra de parler couramment, mais si vous \u00eates pr\u00eat \u00e0 faire l&rsquo;effort, cette offre Babbel Black Friday vous offre un abonnement \u00e0 vie avec les outils n\u00e9cessaires pour r\u00e9ussir sans le fardeau des co\u00fbts permanents.<\/p>\n<div class=\" relative flex justify-center py-16 md:left-1\/2 md:w-(780px) md:max-w-max md:-translate-x-1\/2\">\n<div class=\"w-max text-center sm:text-left\">\n<div class=\"custom-gradient-background mb-6 rounded-md p-(2px) sm:rounded-tl-none\">\n<div class=\"flex flex-col rounded bg-white sm:rounded-tl-none\">\n                    <span class=\"-mt-4 block w-fit max-w-(calc(100%-1rem)) self-center bg-white px-3 text-center font-akshar text-xl font-medium capitalize text-gray-800 sm:max-w-(calc(100%-2.5rem)) sm:self-start sm:px-10 sm:text-left sm:text-2xl\">Nos meilleures offres du Cyber \u200b\u200b\u200b\u200bMonday approuv\u00e9es par les \u00e9diteurs en ce moment<\/span><\/p>\n<div class=\"flex flex-col gap-3 p-3 pb-4 text-sm sm:p-10 sm:pt-6 sm:text-justify sm:text-base\">\n<div>\n<p>    \u00c9couteurs sans fil Apple AirPods Pro 3 \u00e0 r\u00e9duction de bruit et fr\u00e9quence cardiaque<\/p>\n<p>                                <span class=\"text-black\"><br \/>\n                                    \u2014<br \/>\n                                    <span class=\"font-bold\">199,99\u00a0$<\/span><br \/>\n                                    <span class=\"!text-xs italic sm:!text-sm\"><\/p>\n<p>                                        (Prix catalogue 249,00 $)<br \/>\n                                    <\/span><br \/>\n                                <\/span>\n                            <\/div>\n<div>\n<p>    Apple iPad 11&Prime; 128 Go A16 WiFi Tablette (Bleu, 2025)<\/p>\n<p>                                <span class=\"text-black\"><br \/>\n                                    \u2014<br \/>\n                                    <span class=\"font-bold\">299,00\u00a0$<\/span><br \/>\n                                    <span class=\"!text-xs italic sm:!text-sm\"><\/p>\n<p>                                        (Prix catalogue 349,00 $)<br \/>\n                                    <\/span><br \/>\n                                <\/span>\n                            <\/div>\n<div>\n<p>    Sony WH-1000XM5<\/p>\n<p>                                <span class=\"text-black\"><br \/>\n                                    \u2014<br \/>\n                                    <span class=\"font-bold\">248,00\u00a0$<\/span><br \/>\n                                    <span class=\"!text-xs italic sm:!text-sm\"><\/p>\n<p>                                        (Prix catalogue 399,99\u00a0$)<br \/>\n                                    <\/span><br \/>\n                                <\/span>\n                            <\/div>\n<div>\n<p>    Tablette Wi-Fi Samsung Galaxy Tab A9+ 10,9 po 64 Go (graphite)<\/p>\n<p>                                <span class=\"text-black\"><br \/>\n                                    \u2014<br \/>\n                                    <span class=\"font-bold\">159,99\u00a0$<\/span><br \/>\n                                    <span class=\"!text-xs italic sm:!text-sm\"><\/p>\n<p>                                        (Prix catalogue 219,99 $)<br \/>\n                                    <\/span><br \/>\n                                <\/span>\n                            <\/div>\n<div>\n<p>    Montre intelligente Apple Watch Series 11 (GPS 46 mm) avec bo\u00eetier en aluminium noir de jais et bracelet sport noir &#8211; M\/L. Score de sommeil, tracker d&rsquo;activit\u00e9, surveillance de la sant\u00e9, affichage permanent, r\u00e9sistant \u00e0 l&rsquo;eau<\/p>\n<p>                                <span class=\"text-black\"><br \/>\n                                    \u2014<br \/>\n                                    <span class=\"font-bold\">329,00\u00a0$<\/span><br \/>\n                                    <span class=\"!text-xs italic sm:!text-sm\"><\/p>\n<p>                                        (Prix catalogue 429,00 $)<br \/>\n                                    <\/span><br \/>\n                                <\/span>\n                            <\/div>\n<div>\n<p>    Kit de 3 cam\u00e9ras Blink Outdoor 4 1080p avec module de synchronisation<\/p>\n<p>                                <span class=\"text-black\"><br \/>\n                                    \u2014<br \/>\n                                    <span class=\"font-bold\">189,99\u00a0$<\/span><br \/>\n                                    <span class=\"!text-xs italic sm:!text-sm\"><\/p>\n<p>                                        (Prix catalogue 189,99 $)<br \/>\n                                    <\/span><br \/>\n                                <\/span>\n                            <\/div>\n<div>\n<p>    Cl\u00e9 Amazon Fire TV 4K Plus<\/p>\n<p>                                <span class=\"text-black\"><br \/>\n                                    \u2014<br \/>\n                                    <span class=\"font-bold\">49,99\u00a0$<\/span><br \/>\n                                    <span class=\"!text-xs italic sm:!text-sm\"><\/p>\n<p>                                        (Prix catalogue 49,99 $)<br \/>\n                                    <\/span><br \/>\n                                <\/span>\n                            <\/div>\n<\/p><\/div>\n<\/p><\/div>\n<\/p><\/div>\n<div class=\"flex flex-col items-center justify-between text-black sm:flex-row sm:px-6\">\n                <span class=\"text-xs italic sm:ml-7 sm:text-sm\">Les offres sont s\u00e9lectionn\u00e9es par notre \u00e9quipe commerciale<\/span><\/p><\/div>\n<\/p><\/div>\n<\/p><\/div>\n","protected":false},"excerpt":{"rendered":"<p>Nous pouvons gagner une commission sur les liens sur cette page. Les prix et la disponibilit\u00e9 de l&rsquo;offre sont sujets \u00e0 changement apr\u00e8s la publication.<\/p>\n","protected":false},"author":1,"featured_media":13444,"comment_status":"","ping_status":"","sticky":false,"template":"","format":"standard","meta":{"footnotes":""},"categories":[13],"tags":[228,19,61,660,3334,76,308,110,223,58],"class_list":["post-13443","post","type-post","status-publish","format-standard","has-post-thumbnail","hentry","category-technologie","tag-abonnement","tag-actuellement","tag-avec","tag-babbel","tag-enorme","tag-est","tag-reduction","tag-une","tag-vente","tag-vie","generate-columns","tablet-grid-50","mobile-grid-100","grid-parent","grid-33"],"yoast_head":"<!-- This site is optimized with the Yoast SEO plugin v24.0 - https:\/\/yoast.com\/wordpress\/plugins\/seo\/ -->\n<title>Un abonnement \u00e0 vie \u00e0 Babbel est actuellement en vente avec une r\u00e9duction \u00e9norme | Vie Associative<\/title>\n<meta name=\"robots\" content=\"index, follow, max-snippet:-1, max-image-preview:large, max-video-preview:-1\" \/>\n<link rel=\"canonical\" href=\"https:\/\/vieassociative.be\/actualites\/un-abonnement-a-vie-a-babbel-est-actuellement-en-vente-avec-une-reduction-enorme\/\" \/>\n<meta property=\"og:locale\" content=\"fr_FR\" \/>\n<meta property=\"og:type\" content=\"article\" \/>\n<meta property=\"og:title\" content=\"Un abonnement \u00e0 vie \u00e0 Babbel est actuellement en vente avec une r\u00e9duction \u00e9norme | Vie Associative\" \/>\n<meta property=\"og:description\" content=\"Nous pouvons gagner une commission sur les liens sur cette page. Les prix et la disponibilit\u00e9 de l&rsquo;offre sont sujets \u00e0 changement apr\u00e8s la publication.\" \/>\n<meta property=\"og:url\" content=\"https:\/\/vieassociative.be\/actualites\/un-abonnement-a-vie-a-babbel-est-actuellement-en-vente-avec-une-reduction-enorme\/\" \/>\n<meta property=\"og:site_name\" content=\"Vie Associative\" \/>\n<meta property=\"article:published_time\" content=\"2026-04-15T02:18:24+00:00\" \/>\n<meta property=\"og:image\" content=\"https:\/\/vieassociative.be\/actualites\/wp-content\/uploads\/2024\/09\/header_backgroundk-01-e1726694325946.png\" \/>\n\t<meta property=\"og:image:width\" content=\"279\" \/>\n\t<meta property=\"og:image:height\" content=\"92\" \/>\n\t<meta property=\"og:image:type\" content=\"image\/png\" \/>\n<meta name=\"author\" content=\"Julien\" \/>\n<meta name=\"twitter:card\" content=\"summary_large_image\" \/>\n<meta name=\"twitter:label1\" content=\"\u00c9crit par\" \/>\n\t<meta name=\"twitter:data1\" content=\"Julien\" \/>\n\t<meta name=\"twitter:label2\" content=\"Dur\u00e9e de lecture est.\" \/>\n\t<meta name=\"twitter:data2\" content=\"2 minutes\" \/>\n<script type=\"application\/ld+json\" class=\"yoast-schema-graph\">{\"@context\":\"https:\/\/schema.org\",\"@graph\":[{\"@type\":\"Article\",\"@id\":\"https:\/\/vieassociative.be\/actualites\/un-abonnement-a-vie-a-babbel-est-actuellement-en-vente-avec-une-reduction-enorme\/#article\",\"isPartOf\":{\"@id\":\"https:\/\/vieassociative.be\/actualites\/un-abonnement-a-vie-a-babbel-est-actuellement-en-vente-avec-une-reduction-enorme\/\"},\"author\":{\"name\":\"Julien\",\"@id\":\"https:\/\/vieassociative.be\/actualites\/#\/schema\/person\/b87ac4f82f9d4e7b7cec7395b679edc4\"},\"headline\":\"Un abonnement \u00e0 vie \u00e0 Babbel est actuellement en vente avec une r\u00e9duction \u00e9norme\",\"datePublished\":\"2026-04-15T02:18:24+00:00\",\"dateModified\":\"2026-04-15T02:18:24+00:00\",\"mainEntityOfPage\":{\"@id\":\"https:\/\/vieassociative.be\/actualites\/un-abonnement-a-vie-a-babbel-est-actuellement-en-vente-avec-une-reduction-enorme\/\"},\"wordCount\":496,\"publisher\":{\"@id\":\"https:\/\/vieassociative.be\/actualites\/#organization\"},\"image\":{\"@id\":\"https:\/\/vieassociative.be\/actualites\/un-abonnement-a-vie-a-babbel-est-actuellement-en-vente-avec-une-reduction-enorme\/#primaryimage\"},\"thumbnailUrl\":\"https:\/\/vieassociative.be\/actualites\/wp-content\/uploads\/2026\/04\/Un-abonnement-a-vie-a-Babbel-est-actuellement-en-vente.jpg\",\"keywords\":[\"abonnement\",\"actuellement\",\"avec\",\"Babbel\",\"\u00e9norme\",\"est\",\"r\u00e9duction\",\"une\",\"vente\",\"vie\"],\"articleSection\":[\"Technologie\"],\"inLanguage\":\"fr-BE\"},{\"@type\":\"WebPage\",\"@id\":\"https:\/\/vieassociative.be\/actualites\/un-abonnement-a-vie-a-babbel-est-actuellement-en-vente-avec-une-reduction-enorme\/\",\"url\":\"https:\/\/vieassociative.be\/actualites\/un-abonnement-a-vie-a-babbel-est-actuellement-en-vente-avec-une-reduction-enorme\/\",\"name\":\"Un abonnement \u00e0 vie \u00e0 Babbel est actuellement en vente avec une r\u00e9duction \u00e9norme | Vie Associative\",\"isPartOf\":{\"@id\":\"https:\/\/vieassociative.be\/actualites\/#website\"},\"primaryImageOfPage\":{\"@id\":\"https:\/\/vieassociative.be\/actualites\/un-abonnement-a-vie-a-babbel-est-actuellement-en-vente-avec-une-reduction-enorme\/#primaryimage\"},\"image\":{\"@id\":\"https:\/\/vieassociative.be\/actualites\/un-abonnement-a-vie-a-babbel-est-actuellement-en-vente-avec-une-reduction-enorme\/#primaryimage\"},\"thumbnailUrl\":\"https:\/\/vieassociative.be\/actualites\/wp-content\/uploads\/2026\/04\/Un-abonnement-a-vie-a-Babbel-est-actuellement-en-vente.jpg\",\"datePublished\":\"2026-04-15T02:18:24+00:00\",\"dateModified\":\"2026-04-15T02:18:24+00:00\",\"breadcrumb\":{\"@id\":\"https:\/\/vieassociative.be\/actualites\/un-abonnement-a-vie-a-babbel-est-actuellement-en-vente-avec-une-reduction-enorme\/#breadcrumb\"},\"inLanguage\":\"fr-BE\",\"potentialAction\":[{\"@type\":\"ReadAction\",\"target\":[\"https:\/\/vieassociative.be\/actualites\/un-abonnement-a-vie-a-babbel-est-actuellement-en-vente-avec-une-reduction-enorme\/\"]}]},{\"@type\":\"ImageObject\",\"inLanguage\":\"fr-BE\",\"@id\":\"https:\/\/vieassociative.be\/actualites\/un-abonnement-a-vie-a-babbel-est-actuellement-en-vente-avec-une-reduction-enorme\/#primaryimage\",\"url\":\"https:\/\/vieassociative.be\/actualites\/wp-content\/uploads\/2026\/04\/Un-abonnement-a-vie-a-Babbel-est-actuellement-en-vente.jpg\",\"contentUrl\":\"https:\/\/vieassociative.be\/actualites\/wp-content\/uploads\/2026\/04\/Un-abonnement-a-vie-a-Babbel-est-actuellement-en-vente.jpg\",\"width\":1200,\"height\":675,\"caption\":\"Un abonnement \u00e0 vie \u00e0 Babbel est actuellement en vente avec une r\u00e9duction \u00e9norme\"},{\"@type\":\"BreadcrumbList\",\"@id\":\"https:\/\/vieassociative.be\/actualites\/un-abonnement-a-vie-a-babbel-est-actuellement-en-vente-avec-une-reduction-enorme\/#breadcrumb\",\"itemListElement\":[{\"@type\":\"ListItem\",\"position\":1,\"name\":\"Accueil\",\"item\":\"https:\/\/vieassociative.be\/actualites\/\"},{\"@type\":\"ListItem\",\"position\":2,\"name\":\"Un abonnement \u00e0 vie \u00e0 Babbel est actuellement en vente avec une r\u00e9duction \u00e9norme\"}]},{\"@type\":\"WebSite\",\"@id\":\"https:\/\/vieassociative.be\/actualites\/#website\",\"url\":\"https:\/\/vieassociative.be\/actualites\/\",\"name\":\"Vie Associative\",\"description\":\"\",\"publisher\":{\"@id\":\"https:\/\/vieassociative.be\/actualites\/#organization\"},\"potentialAction\":[{\"@type\":\"SearchAction\",\"target\":{\"@type\":\"EntryPoint\",\"urlTemplate\":\"https:\/\/vieassociative.be\/actualites\/?s={search_term_string}\"},\"query-input\":{\"@type\":\"PropertyValueSpecification\",\"valueRequired\":true,\"valueName\":\"search_term_string\"}}],\"inLanguage\":\"fr-BE\"},{\"@type\":\"Organization\",\"@id\":\"https:\/\/vieassociative.be\/actualites\/#organization\",\"name\":\"Vie Associative\",\"url\":\"https:\/\/vieassociative.be\/actualites\/\",\"logo\":{\"@type\":\"ImageObject\",\"inLanguage\":\"fr-BE\",\"@id\":\"https:\/\/vieassociative.be\/actualites\/#\/schema\/logo\/image\/\",\"url\":\"https:\/\/vieassociative.be\/actualites\/wp-content\/uploads\/2024\/09\/cropped-vieassociative_favicon.ico.png\",\"contentUrl\":\"https:\/\/vieassociative.be\/actualites\/wp-content\/uploads\/2024\/09\/cropped-vieassociative_favicon.ico.png\",\"width\":512,\"height\":512,\"caption\":\"Vie Associative\"},\"image\":{\"@id\":\"https:\/\/vieassociative.be\/actualites\/#\/schema\/logo\/image\/\"}},{\"@type\":\"Person\",\"@id\":\"https:\/\/vieassociative.be\/actualites\/#\/schema\/person\/b87ac4f82f9d4e7b7cec7395b679edc4\",\"name\":\"Julien\",\"image\":{\"@type\":\"ImageObject\",\"inLanguage\":\"fr-BE\",\"@id\":\"https:\/\/vieassociative.be\/actualites\/#\/schema\/person\/image\/\",\"url\":\"https:\/\/vieassociative.be\/actualites\/wp-content\/uploads\/2024\/09\/vie-associative-1-150x150.jpg\",\"contentUrl\":\"https:\/\/vieassociative.be\/actualites\/wp-content\/uploads\/2024\/09\/vie-associative-1-150x150.jpg\",\"caption\":\"Julien\"},\"description\":\"Je suis Julien, r\u00e9dacteur pour Vie Associative. Passionn\u00e9 par le monde associatif depuis plus de 10 ans, j'ai \u00e0 c\u0153ur de partager des histoires inspirantes et de mettre en lumi\u00e8re les initiatives locales. Mon objectif est de sensibiliser et d'encourager l'engagement communautaire \u00e0 travers mes articles.\",\"sameAs\":[\"https:\/\/vieassociative.be\/\"]}]}<\/script>\n<!-- \/ Yoast SEO plugin. -->","yoast_head_json":{"title":"Un abonnement \u00e0 vie \u00e0 Babbel est actuellement en vente avec une r\u00e9duction \u00e9norme | Vie Associative","robots":{"index":"index","follow":"follow","max-snippet":"max-snippet:-1","max-image-preview":"max-image-preview:large","max-video-preview":"max-video-preview:-1"},"canonical":"https:\/\/vieassociative.be\/actualites\/un-abonnement-a-vie-a-babbel-est-actuellement-en-vente-avec-une-reduction-enorme\/","og_locale":"fr_FR","og_type":"article","og_title":"Un abonnement \u00e0 vie \u00e0 Babbel est actuellement en vente avec une r\u00e9duction \u00e9norme | Vie Associative","og_description":"Nous pouvons gagner une commission sur les liens sur cette page. Les prix et la disponibilit\u00e9 de l&rsquo;offre sont sujets \u00e0 changement apr\u00e8s la publication.","og_url":"https:\/\/vieassociative.be\/actualites\/un-abonnement-a-vie-a-babbel-est-actuellement-en-vente-avec-une-reduction-enorme\/","og_site_name":"Vie Associative","article_published_time":"2026-04-15T02:18:24+00:00","og_image":[{"width":279,"height":92,"url":"https:\/\/vieassociative.be\/actualites\/wp-content\/uploads\/2024\/09\/header_backgroundk-01-e1726694325946.png","type":"image\/png"}],"author":"Julien","twitter_card":"summary_large_image","twitter_misc":{"\u00c9crit par":"Julien","Dur\u00e9e de lecture est.":"2 minutes"},"schema":{"@context":"https:\/\/schema.org","@graph":[{"@type":"Article","@id":"https:\/\/vieassociative.be\/actualites\/un-abonnement-a-vie-a-babbel-est-actuellement-en-vente-avec-une-reduction-enorme\/#article","isPartOf":{"@id":"https:\/\/vieassociative.be\/actualites\/un-abonnement-a-vie-a-babbel-est-actuellement-en-vente-avec-une-reduction-enorme\/"},"author":{"name":"Julien","@id":"https:\/\/vieassociative.be\/actualites\/#\/schema\/person\/b87ac4f82f9d4e7b7cec7395b679edc4"},"headline":"Un abonnement \u00e0 vie \u00e0 Babbel est actuellement en vente avec une r\u00e9duction \u00e9norme","datePublished":"2026-04-15T02:18:24+00:00","dateModified":"2026-04-15T02:18:24+00:00","mainEntityOfPage":{"@id":"https:\/\/vieassociative.be\/actualites\/un-abonnement-a-vie-a-babbel-est-actuellement-en-vente-avec-une-reduction-enorme\/"},"wordCount":496,"publisher":{"@id":"https:\/\/vieassociative.be\/actualites\/#organization"},"image":{"@id":"https:\/\/vieassociative.be\/actualites\/un-abonnement-a-vie-a-babbel-est-actuellement-en-vente-avec-une-reduction-enorme\/#primaryimage"},"thumbnailUrl":"https:\/\/vieassociative.be\/actualites\/wp-content\/uploads\/2026\/04\/Un-abonnement-a-vie-a-Babbel-est-actuellement-en-vente.jpg","keywords":["abonnement","actuellement","avec","Babbel","\u00e9norme","est","r\u00e9duction","une","vente","vie"],"articleSection":["Technologie"],"inLanguage":"fr-BE"},{"@type":"WebPage","@id":"https:\/\/vieassociative.be\/actualites\/un-abonnement-a-vie-a-babbel-est-actuellement-en-vente-avec-une-reduction-enorme\/","url":"https:\/\/vieassociative.be\/actualites\/un-abonnement-a-vie-a-babbel-est-actuellement-en-vente-avec-une-reduction-enorme\/","name":"Un abonnement \u00e0 vie \u00e0 Babbel est actuellement en vente avec une r\u00e9duction \u00e9norme | Vie Associative","isPartOf":{"@id":"https:\/\/vieassociative.be\/actualites\/#website"},"primaryImageOfPage":{"@id":"https:\/\/vieassociative.be\/actualites\/un-abonnement-a-vie-a-babbel-est-actuellement-en-vente-avec-une-reduction-enorme\/#primaryimage"},"image":{"@id":"https:\/\/vieassociative.be\/actualites\/un-abonnement-a-vie-a-babbel-est-actuellement-en-vente-avec-une-reduction-enorme\/#primaryimage"},"thumbnailUrl":"https:\/\/vieassociative.be\/actualites\/wp-content\/uploads\/2026\/04\/Un-abonnement-a-vie-a-Babbel-est-actuellement-en-vente.jpg","datePublished":"2026-04-15T02:18:24+00:00","dateModified":"2026-04-15T02:18:24+00:00","breadcrumb":{"@id":"https:\/\/vieassociative.be\/actualites\/un-abonnement-a-vie-a-babbel-est-actuellement-en-vente-avec-une-reduction-enorme\/#breadcrumb"},"inLanguage":"fr-BE","potentialAction":[{"@type":"ReadAction","target":["https:\/\/vieassociative.be\/actualites\/un-abonnement-a-vie-a-babbel-est-actuellement-en-vente-avec-une-reduction-enorme\/"]}]},{"@type":"ImageObject","inLanguage":"fr-BE","@id":"https:\/\/vieassociative.be\/actualites\/un-abonnement-a-vie-a-babbel-est-actuellement-en-vente-avec-une-reduction-enorme\/#primaryimage","url":"https:\/\/vieassociative.be\/actualites\/wp-content\/uploads\/2026\/04\/Un-abonnement-a-vie-a-Babbel-est-actuellement-en-vente.jpg","contentUrl":"https:\/\/vieassociative.be\/actualites\/wp-content\/uploads\/2026\/04\/Un-abonnement-a-vie-a-Babbel-est-actuellement-en-vente.jpg","width":1200,"height":675,"caption":"Un abonnement \u00e0 vie \u00e0 Babbel est actuellement en vente avec une r\u00e9duction \u00e9norme"},{"@type":"BreadcrumbList","@id":"https:\/\/vieassociative.be\/actualites\/un-abonnement-a-vie-a-babbel-est-actuellement-en-vente-avec-une-reduction-enorme\/#breadcrumb","itemListElement":[{"@type":"ListItem","position":1,"name":"Accueil","item":"https:\/\/vieassociative.be\/actualites\/"},{"@type":"ListItem","position":2,"name":"Un abonnement \u00e0 vie \u00e0 Babbel est actuellement en vente avec une r\u00e9duction \u00e9norme"}]},{"@type":"WebSite","@id":"https:\/\/vieassociative.be\/actualites\/#website","url":"https:\/\/vieassociative.be\/actualites\/","name":"Vie Associative","description":"","publisher":{"@id":"https:\/\/vieassociative.be\/actualites\/#organization"},"potentialAction":[{"@type":"SearchAction","target":{"@type":"EntryPoint","urlTemplate":"https:\/\/vieassociative.be\/actualites\/?s={search_term_string}"},"query-input":{"@type":"PropertyValueSpecification","valueRequired":true,"valueName":"search_term_string"}}],"inLanguage":"fr-BE"},{"@type":"Organization","@id":"https:\/\/vieassociative.be\/actualites\/#organization","name":"Vie Associative","url":"https:\/\/vieassociative.be\/actualites\/","logo":{"@type":"ImageObject","inLanguage":"fr-BE","@id":"https:\/\/vieassociative.be\/actualites\/#\/schema\/logo\/image\/","url":"https:\/\/vieassociative.be\/actualites\/wp-content\/uploads\/2024\/09\/cropped-vieassociative_favicon.ico.png","contentUrl":"https:\/\/vieassociative.be\/actualites\/wp-content\/uploads\/2024\/09\/cropped-vieassociative_favicon.ico.png","width":512,"height":512,"caption":"Vie Associative"},"image":{"@id":"https:\/\/vieassociative.be\/actualites\/#\/schema\/logo\/image\/"}},{"@type":"Person","@id":"https:\/\/vieassociative.be\/actualites\/#\/schema\/person\/b87ac4f82f9d4e7b7cec7395b679edc4","name":"Julien","image":{"@type":"ImageObject","inLanguage":"fr-BE","@id":"https:\/\/vieassociative.be\/actualites\/#\/schema\/person\/image\/","url":"https:\/\/vieassociative.be\/actualites\/wp-content\/uploads\/2024\/09\/vie-associative-1-150x150.jpg","contentUrl":"https:\/\/vieassociative.be\/actualites\/wp-content\/uploads\/2024\/09\/vie-associative-1-150x150.jpg","caption":"Julien"},"description":"Je suis Julien, r\u00e9dacteur pour Vie Associative. Passionn\u00e9 par le monde associatif depuis plus de 10 ans, j'ai \u00e0 c\u0153ur de partager des histoires inspirantes et de mettre en lumi\u00e8re les initiatives locales. Mon objectif est de sensibiliser et d'encourager l'engagement communautaire \u00e0 travers mes articles.","sameAs":["https:\/\/vieassociative.be\/"]}]}},"_links":{"self":[{"href":"https:\/\/vieassociative.be\/actualites\/wp-json\/wp\/v2\/posts\/13443"}],"collection":[{"href":"https:\/\/vieassociative.be\/actualites\/wp-json\/wp\/v2\/posts"}],"about":[{"href":"https:\/\/vieassociative.be\/actualites\/wp-json\/wp\/v2\/types\/post"}],"author":[{"embeddable":true,"href":"https:\/\/vieassociative.be\/actualites\/wp-json\/wp\/v2\/users\/1"}],"replies":[{"embeddable":true,"href":"https:\/\/vieassociative.be\/actualites\/wp-json\/wp\/v2\/comments?post=13443"}],"version-history":[{"count":0,"href":"https:\/\/vieassociative.be\/actualites\/wp-json\/wp\/v2\/posts\/13443\/revisions"}],"wp:featuredmedia":[{"embeddable":true,"href":"https:\/\/vieassociative.be\/actualites\/wp-json\/wp\/v2\/media\/13444"}],"wp:attachment":[{"href":"https:\/\/vieassociative.be\/actualites\/wp-json\/wp\/v2\/media?parent=13443"}],"wp:term":[{"taxonomy":"category","embeddable":true,"href":"https:\/\/vieassociative.be\/actualites\/wp-json\/wp\/v2\/categories?post=13443"},{"taxonomy":"post_tag","embeddable":true,"href":"https:\/\/vieassociative.be\/actualites\/wp-json\/wp\/v2\/tags?post=13443"}],"curies":[{"name":"wp","href":"https:\/\/api.w.org\/{rel}","templated":true}]}}